{"id":85712,"date":"2025-11-11T11:15:37","date_gmt":"2025-11-11T10:15:37","guid":{"rendered":"https:\/\/progettotouring.it\/radiotouring104\/?p=85712"},"modified":"2025-11-11T12:23:42","modified_gmt":"2025-11-11T11:23:42","slug":"incendiata-lauto-di-gabriele-labate-solidarieta-di-uilm-calabria","status":"publish","type":"post","link":"https:\/\/progettotouring.it\/radiotouring104\/2025\/11\/11\/incendiata-lauto-di-gabriele-labate-solidarieta-di-uilm-calabria\/","title":{"rendered":"Incendiata l&#8217;auto di Gabriele Labate: solidariet\u00e0 di Uilm Calabria"},"content":{"rendered":"<p class=\"gmail-p1\" style=\"margin: 0cm;margin-bottom: .0001pt;text-align: justify;background: white\"><span style=\"font-size: 14.0pt;font-family: 'Arial',sans-serif;color: #1a1a1a\">Solidariet\u00e0 a Gabriele Labate e impegno per il rinnovo del contratto dei metalmeccanici e la crescita delle Hitachi<\/span><\/p>\n<p class=\"gmail-p2\" style=\"margin: 0cm;margin-bottom: .0001pt;text-align: justify;background: white;min-height: 11px\"><span style=\"font-size: 14.0pt;font-family: 'Arial',sans-serif;color: #1a1a1a\">\u00a0<\/span><\/p>\n<p class=\"gmail-p1\" style=\"margin: 0cm;margin-bottom: .0001pt;text-align: justify;background: white\"><span style=\"font-size: 14.0pt;font-family: 'Arial',sans-serif;color: #1a1a1a\">La Uilm Calabria esprime piena solidariet\u00e0 a Gabriele Labate, Rsu Uilm alle Hitachi di Torre Lupo, vittima di un grave atto intimidatorio con l\u2019incendio della propria automobile. Nel corso di un incontro istituzionale, svoltosi presso la Camera sindacale della Uil di Reggio Calabria alla presenza del Segretario nazionale della Uilm, Bruno Cantonetti; del Segretario confederale della Uil, Santo Biondo e del Segretario generale della Uil reggina, Giuseppe Rizzo, la struttura regionale Uilm ha consegnato a Gabriele Labate un assegno simbolico, frutto di una raccolta di solidariet\u00e0 promossa tra lavoratori e delegati in tutta Italia, per contribuire a ristorare i danni materiali subiti e per testimoniare concretamente la vicinanza del sindacato.<span class=\"gmail-apple-converted-space\">\u00a0<\/span><\/span><\/p>\n<p class=\"gmail-p1\" style=\"margin: 0cm;margin-bottom: .0001pt;text-align: justify;background: white\"><span style=\"font-size: 14.0pt;font-family: 'Arial',sans-serif;color: #1a1a1a\">\u201cUn gesto concreto per un collega che ha subito un atto inaccettabile &#8211; ha detto Bruno Cantonetti, Segretario nazionale Uilm &#8211; e per noi la solidariet\u00e0 \u00e8 la risposta pi\u00f9 immediata e forte che possiamo dare a chi \u00e8 colpito per il proprio impegno sindacale\u201d.<span class=\"gmail-apple-converted-space\">\u00a0<\/span><\/span><\/p>\n<p class=\"gmail-p1\" style=\"margin: 0cm;margin-bottom: .0001pt;text-align: justify;background: white\"><span style=\"font-size: 14.0pt;font-family: 'Arial',sans-serif;color: #1a1a1a\">Santo Biondo, Segretario confederale Uil, ha aggiunto che la risposta collettiva deve essere fatta di solidariet\u00e0, denuncia e impegno per la legalit\u00e0. \u201cQuello compiuto contro Gabriele Labate &#8211; ha dichiarato Biondo &#8211; \u00e8 stato un gesto esecrabili e squallido, legato a dinamiche interne al mondo del lavoro. E\u2019 un atto che attenta alla vita lavorativa di ogni operaio dello stabilimento Hitachi di Reggio Calabria e non ha gettato scompiglio solo nella vita di Gabriele Labate\u201d.<\/span><\/p>\n<p class=\"gmail-p1\" style=\"margin: 0cm;margin-bottom: .0001pt;text-align: justify;background: white\"><span style=\"font-size: 14.0pt;font-family: 'Arial',sans-serif;color: #1a1a1a\">Anche i dirigenti regionali hanno ribadito la compattezza dell\u2019organizzazione. Antonio Laurendi, segretario generale della Uilm Calabria, ha sottolineato come \u201cdifendere Labate significa difendere la libert\u00e0 di rappresentanza e la dignit\u00e0 del lavoro\u201d.<span class=\"gmail-apple-converted-space\">\u00a0<\/span><\/span><\/p>\n<p class=\"gmail-p1\" style=\"margin: 0cm;margin-bottom: .0001pt;text-align: justify;background: white\"><span style=\"font-size: 14.0pt;font-family: 'Arial',sans-serif;color: #1a1a1a\">Nel contesto dell\u2019incontro la Uilm Calabria ha ribadito la massima attenzione e mobilitazione sul fronte del rinnovo del contratto nazionale dei metalmeccanici, le cui trattative con la parte datoriale riprenderanno il 13 e 14 novembre, e sulle strategie di sviluppo del sito produttivo Hitachi di Torre Lupo. Le questioni centrali indicate dagli organismi Uilm sono: la tutela del potere d\u2019acquisto dei salari, il rafforzamento delle tutele per la salute e la sicurezza nei luoghi di lavoro, l\u2019investimento in formazione e qualificazione professionale e misure per la stabilit\u00e0 occupazionale in un settore strategico per l\u2019economia regionale e nazionale.<\/span><\/p>\n<p class=\"gmail-p1\" style=\"margin: 0cm;margin-bottom: .0001pt;text-align: justify;background: white\"><span style=\"font-size: 14.0pt;font-family: 'Arial',sans-serif;color: #1a1a1a\">\u201cLa contrattazione collettiva resta il luogo in cui si costruiscono risposte concrete per i lavoratori &#8211; ha affermato Cantonetti &#8211; e noi chiediamo un contratto che non sia solo di facciata ma che riconosca diritti, salari e percorsi di crescita professionale per chi ogni giorno sostiene la produzione e lo sviluppo. La trattativa \u00e8 in salita ma non ci spaventano le difficolt\u00e0 che dovremo affrontare, noi siamo pronti a sostenere lo sforzo di un confronto duro per ottenere il rinnovo che abbiamo chiesto e se questo non dovesse realizzarsi siamo pronti a scendere in piazza\u201d.<\/span><\/p>\n<p class=\"gmail-p1\" style=\"margin: 0cm;margin-bottom: .0001pt;text-align: justify;background: white\"><span style=\"font-size: 14.0pt;font-family: 'Arial',sans-serif;color: #1a1a1a\">\u201cIl rinnovo del contratto nazionale &#8211; ha concluso il Segretario nazionale della Uilm, Bruno Cantonetti &#8211; \u00e8 la base per lo sviluppo di tutte le strategia industriali del futuro, di tutte le strutture Hitachi presenti in Italia, e noi siamo protagonisti di questa trattativa\u201d.<\/span><\/p>\n<p class=\"gmail-p2\" style=\"margin: 0cm;margin-bottom: .0001pt;text-align: justify;background: white;min-height: 11px\"><span style=\"font-size: 14.0pt;font-family: 'Arial',sans-serif;color: #1a1a1a\">\u00a0<\/span><\/p>\n<p class=\"gmail-p2\" style=\"margin: 0cm;margin-bottom: .0001pt;text-align: justify;background: white;min-height: 11px\"><span style=\"font-size: 14.0pt;font-family: 'Arial',sans-serif;color: #1a1a1a\">\u00a0<\/span><\/p>\n<p>&nbsp;<\/p>\n","protected":false},"excerpt":{"rendered":"<p>Solidariet\u00e0 a Gabriele Labate e impegno per il rinnovo del contratto dei metalmeccanici e la crescita delle Hitachi \u00a0 La Uilm Calabria esprime piena solidariet\u00e0 a Gabriele Labate, Rsu Uilm&hellip;<\/p>\n","protected":false},"author":5,"featured_media":85713,"comment_status":"closed","ping_status":"open","sticky":false,"template":"","format":"standard","meta":{"_jetpack_memberships_contains_paid_content":false,"footnotes":"","jetpack_publicize_message":"","jetpack_publicize_feature_enabled":true,"jetpack_social_post_already_shared":true,"jetpack_social_options":{"image_generator_settings":{"template":"highway","default_image_id":0,"font":"","enabled":false},"version":2}},"categories":[921,150,196,140],"tags":[6799,49087,40757,22398,49088,597,48765],"class_list":["post-85712","post","type-post","status-publish","format-standard","has-post-thumbnail","hentry","category-home","category-in-primo-piano","category-news","category-reggio-calabria","tag-atto-intimidatorio","tag-contratto-dei-metalmeccanici","tag-gabriele-labate","tag-incendio-auto","tag-rsu-uilm-alle-hitachi-di-torre-lupo","tag-solidarieta","tag-uilm-calabria"],"yoast_head":"<!-- This site is optimized with the Yoast SEO plugin v27.2 - https:\/\/yoast.com\/product\/yoast-seo-wordpress\/ -->\n<title>Incendiata l&#039;auto di Gabriele Labate: solidariet\u00e0 UILM Calabria<\/title>\n<meta name=\"description\" content=\"Nel corso di un incontro, svoltosi ala Camera sindacale Uil RC, discusso anche del rinnovo del contratto dei metalmeccanici\" \/>\n<meta name=\"robots\" content=\"index, follow, max-snippet:-1, max-image-preview:large, max-video-preview:-1\" \/>\n<link rel=\"canonical\" href=\"https:\/\/progettotouring.it\/radiotouring104\/2025\/11\/11\/incendiata-lauto-di-gabriele-labate-solidarieta-di-uilm-calabria\/\" \/>\n<meta property=\"og:locale\" content=\"it_IT\" \/>\n<meta property=\"og:type\" content=\"article\" \/>\n<meta property=\"og:title\" content=\"Incendiata l&#039;auto di Gabriele Labate: solidariet\u00e0 UILM Calabria\" \/>\n<meta property=\"og:description\" content=\"Nel corso di un incontro, svoltosi ala Camera sindacale Uil RC, discusso anche del rinnovo del contratto dei metalmeccanici\" \/>\n<meta property=\"og:url\" content=\"https:\/\/progettotouring.it\/radiotouring104\/2025\/11\/11\/incendiata-lauto-di-gabriele-labate-solidarieta-di-uilm-calabria\/\" \/>\n<meta property=\"og:site_name\" content=\"Radio Touring 104\" \/>\n<meta property=\"article:published_time\" content=\"2025-11-11T10:15:37+00:00\" \/>\n<meta property=\"article:modified_time\" content=\"2025-11-11T11:23:42+00:00\" \/>\n<meta property=\"og:image\" content=\"https:\/\/progettotouring.it\/radiotouring104\/wp-content\/uploads\/sites\/6\/2025\/11\/Uilm-Calabria-2.gif\" \/>\n\t<meta property=\"og:image:width\" content=\"807\" \/>\n\t<meta property=\"og:image:height\" content=\"405\" \/>\n\t<meta property=\"og:image:type\" content=\"image\/gif\" \/>\n<meta name=\"author\" content=\"redazione\" \/>\n<meta name=\"twitter:card\" content=\"summary_large_image\" \/>\n<meta name=\"twitter:label1\" content=\"Scritto da\" \/>\n\t<meta name=\"twitter:data1\" content=\"redazione\" \/>\n\t<meta name=\"twitter:label2\" content=\"Tempo di lettura stimato\" \/>\n\t<meta name=\"twitter:data2\" content=\"3 minuti\" \/>\n<script type=\"application\/ld+json\" class=\"yoast-schema-graph\">{\"@context\":\"https:\/\/schema.org\",\"@graph\":[{\"@type\":\"Article\",\"@id\":\"https:\/\/progettotouring.it\/radiotouring104\/2025\/11\/11\/incendiata-lauto-di-gabriele-labate-solidarieta-di-uilm-calabria\/#article\",\"isPartOf\":{\"@id\":\"https:\/\/progettotouring.it\/radiotouring104\/2025\/11\/11\/incendiata-lauto-di-gabriele-labate-solidarieta-di-uilm-calabria\/\"},\"author\":{\"name\":\"redazione\",\"@id\":\"https:\/\/progettotouring.it\/radiotouring104\/#\/schema\/person\/1b3eb3c07c47136bc44c785c543e635f\"},\"headline\":\"Incendiata l&#8217;auto di Gabriele Labate: solidariet\u00e0 di Uilm Calabria\",\"datePublished\":\"2025-11-11T10:15:37+00:00\",\"dateModified\":\"2025-11-11T11:23:42+00:00\",\"mainEntityOfPage\":{\"@id\":\"https:\/\/progettotouring.it\/radiotouring104\/2025\/11\/11\/incendiata-lauto-di-gabriele-labate-solidarieta-di-uilm-calabria\/\"},\"wordCount\":525,\"publisher\":{\"@id\":\"https:\/\/progettotouring.it\/radiotouring104\/#organization\"},\"image\":{\"@id\":\"https:\/\/progettotouring.it\/radiotouring104\/2025\/11\/11\/incendiata-lauto-di-gabriele-labate-solidarieta-di-uilm-calabria\/#primaryimage\"},\"thumbnailUrl\":\"https:\/\/progettotouring.it\/radiotouring104\/wp-content\/uploads\/sites\/6\/2025\/11\/Uilm-Calabria-2.gif\",\"keywords\":[\"Atto intimidatorio\",\"contratto dei metalmeccanici\",\"Gabriele Labate\",\"incendio auto\",\"Rsu Uilm alle Hitachi di Torre Lupo\",\"solidariet\u00e0\",\"Uilm Calabria\"],\"articleSection\":[\"Home\",\"In primo piano\",\"News\",\"Reggio Calabria\"],\"inLanguage\":\"it-IT\"},{\"@type\":\"WebPage\",\"@id\":\"https:\/\/progettotouring.it\/radiotouring104\/2025\/11\/11\/incendiata-lauto-di-gabriele-labate-solidarieta-di-uilm-calabria\/\",\"url\":\"https:\/\/progettotouring.it\/radiotouring104\/2025\/11\/11\/incendiata-lauto-di-gabriele-labate-solidarieta-di-uilm-calabria\/\",\"name\":\"Incendiata l'auto di Gabriele Labate: solidariet\u00e0 UILM Calabria\",\"isPartOf\":{\"@id\":\"https:\/\/progettotouring.it\/radiotouring104\/#website\"},\"primaryImageOfPage\":{\"@id\":\"https:\/\/progettotouring.it\/radiotouring104\/2025\/11\/11\/incendiata-lauto-di-gabriele-labate-solidarieta-di-uilm-calabria\/#primaryimage\"},\"image\":{\"@id\":\"https:\/\/progettotouring.it\/radiotouring104\/2025\/11\/11\/incendiata-lauto-di-gabriele-labate-solidarieta-di-uilm-calabria\/#primaryimage\"},\"thumbnailUrl\":\"https:\/\/progettotouring.it\/radiotouring104\/wp-content\/uploads\/sites\/6\/2025\/11\/Uilm-Calabria-2.gif\",\"datePublished\":\"2025-11-11T10:15:37+00:00\",\"dateModified\":\"2025-11-11T11:23:42+00:00\",\"description\":\"Nel corso di un incontro, svoltosi ala Camera sindacale Uil RC, discusso anche del rinnovo del contratto dei metalmeccanici\",\"breadcrumb\":{\"@id\":\"https:\/\/progettotouring.it\/radiotouring104\/2025\/11\/11\/incendiata-lauto-di-gabriele-labate-solidarieta-di-uilm-calabria\/#breadcrumb\"},\"inLanguage\":\"it-IT\",\"potentialAction\":[{\"@type\":\"ReadAction\",\"target\":[\"https:\/\/progettotouring.it\/radiotouring104\/2025\/11\/11\/incendiata-lauto-di-gabriele-labate-solidarieta-di-uilm-calabria\/\"]}]},{\"@type\":\"ImageObject\",\"inLanguage\":\"it-IT\",\"@id\":\"https:\/\/progettotouring.it\/radiotouring104\/2025\/11\/11\/incendiata-lauto-di-gabriele-labate-solidarieta-di-uilm-calabria\/#primaryimage\",\"url\":\"https:\/\/progettotouring.it\/radiotouring104\/wp-content\/uploads\/sites\/6\/2025\/11\/Uilm-Calabria-2.gif\",\"contentUrl\":\"https:\/\/progettotouring.it\/radiotouring104\/wp-content\/uploads\/sites\/6\/2025\/11\/Uilm-Calabria-2.gif\",\"width\":807,\"height\":405},{\"@type\":\"BreadcrumbList\",\"@id\":\"https:\/\/progettotouring.it\/radiotouring104\/2025\/11\/11\/incendiata-lauto-di-gabriele-labate-solidarieta-di-uilm-calabria\/#breadcrumb\",\"itemListElement\":[{\"@type\":\"ListItem\",\"position\":1,\"name\":\"Home\",\"item\":\"https:\/\/progettotouring.it\/radiotouring104\/\"},{\"@type\":\"ListItem\",\"position\":2,\"name\":\"Incendiata l&#8217;auto di Gabriele Labate: solidariet\u00e0 di Uilm Calabria\"}]},{\"@type\":\"WebSite\",\"@id\":\"https:\/\/progettotouring.it\/radiotouring104\/#website\",\"url\":\"https:\/\/progettotouring.it\/radiotouring104\/\",\"name\":\"Radio Touring 104\",\"description\":\"La prima radio Reggina\",\"publisher\":{\"@id\":\"https:\/\/progettotouring.it\/radiotouring104\/#organization\"},\"potentialAction\":[{\"@type\":\"SearchAction\",\"target\":{\"@type\":\"EntryPoint\",\"urlTemplate\":\"https:\/\/progettotouring.it\/radiotouring104\/?s={search_term_string}\"},\"query-input\":{\"@type\":\"PropertyValueSpecification\",\"valueRequired\":true,\"valueName\":\"search_term_string\"}}],\"inLanguage\":\"it-IT\"},{\"@type\":\"Organization\",\"@id\":\"https:\/\/progettotouring.it\/radiotouring104\/#organization\",\"name\":\"Radio Touring 104\",\"url\":\"https:\/\/progettotouring.it\/radiotouring104\/\",\"logo\":{\"@type\":\"ImageObject\",\"inLanguage\":\"it-IT\",\"@id\":\"https:\/\/progettotouring.it\/radiotouring104\/#\/schema\/logo\/image\/\",\"url\":\"https:\/\/progettotouring.it\/radiotouring104\/wp-content\/uploads\/sites\/6\/2022\/02\/cropped-logo-radio-touring-104.png\",\"contentUrl\":\"https:\/\/progettotouring.it\/radiotouring104\/wp-content\/uploads\/sites\/6\/2022\/02\/cropped-logo-radio-touring-104.png\",\"width\":377,\"height\":182,\"caption\":\"Radio Touring 104\"},\"image\":{\"@id\":\"https:\/\/progettotouring.it\/radiotouring104\/#\/schema\/logo\/image\/\"}},{\"@type\":\"Person\",\"@id\":\"https:\/\/progettotouring.it\/radiotouring104\/#\/schema\/person\/1b3eb3c07c47136bc44c785c543e635f\",\"name\":\"redazione\",\"image\":{\"@type\":\"ImageObject\",\"inLanguage\":\"it-IT\",\"@id\":\"https:\/\/secure.gravatar.com\/avatar\/0b31605b49f100769e8b624b3e05de1b73e1692e9568a352f60f53fd072e6e11?s=96&d=mm&r=g\",\"url\":\"https:\/\/secure.gravatar.com\/avatar\/0b31605b49f100769e8b624b3e05de1b73e1692e9568a352f60f53fd072e6e11?s=96&d=mm&r=g\",\"contentUrl\":\"https:\/\/secure.gravatar.com\/avatar\/0b31605b49f100769e8b624b3e05de1b73e1692e9568a352f60f53fd072e6e11?s=96&d=mm&r=g\",\"caption\":\"redazione\"},\"url\":\"https:\/\/progettotouring.it\/radiotouring104\/author\/redazione\/\"}]}<\/script>\n<!-- \/ Yoast SEO plugin. -->","yoast_head_json":{"title":"Incendiata l'auto di Gabriele Labate: solidariet\u00e0 UILM Calabria","description":"Nel corso di un incontro, svoltosi ala Camera sindacale Uil RC, discusso anche del rinnovo del contratto dei metalmeccanici","robots":{"index":"index","follow":"follow","max-snippet":"max-snippet:-1","max-image-preview":"max-image-preview:large","max-video-preview":"max-video-preview:-1"},"canonical":"https:\/\/progettotouring.it\/radiotouring104\/2025\/11\/11\/incendiata-lauto-di-gabriele-labate-solidarieta-di-uilm-calabria\/","og_locale":"it_IT","og_type":"article","og_title":"Incendiata l'auto di Gabriele Labate: solidariet\u00e0 UILM Calabria","og_description":"Nel corso di un incontro, svoltosi ala Camera sindacale Uil RC, discusso anche del rinnovo del contratto dei metalmeccanici","og_url":"https:\/\/progettotouring.it\/radiotouring104\/2025\/11\/11\/incendiata-lauto-di-gabriele-labate-solidarieta-di-uilm-calabria\/","og_site_name":"Radio Touring 104","article_published_time":"2025-11-11T10:15:37+00:00","article_modified_time":"2025-11-11T11:23:42+00:00","og_image":[{"width":807,"height":405,"url":"https:\/\/progettotouring.it\/radiotouring104\/wp-content\/uploads\/sites\/6\/2025\/11\/Uilm-Calabria-2.gif","type":"image\/gif"}],"author":"redazione","twitter_card":"summary_large_image","twitter_misc":{"Scritto da":"redazione","Tempo di lettura stimato":"3 minuti"},"schema":{"@context":"https:\/\/schema.org","@graph":[{"@type":"Article","@id":"https:\/\/progettotouring.it\/radiotouring104\/2025\/11\/11\/incendiata-lauto-di-gabriele-labate-solidarieta-di-uilm-calabria\/#article","isPartOf":{"@id":"https:\/\/progettotouring.it\/radiotouring104\/2025\/11\/11\/incendiata-lauto-di-gabriele-labate-solidarieta-di-uilm-calabria\/"},"author":{"name":"redazione","@id":"https:\/\/progettotouring.it\/radiotouring104\/#\/schema\/person\/1b3eb3c07c47136bc44c785c543e635f"},"headline":"Incendiata l&#8217;auto di Gabriele Labate: solidariet\u00e0 di Uilm Calabria","datePublished":"2025-11-11T10:15:37+00:00","dateModified":"2025-11-11T11:23:42+00:00","mainEntityOfPage":{"@id":"https:\/\/progettotouring.it\/radiotouring104\/2025\/11\/11\/incendiata-lauto-di-gabriele-labate-solidarieta-di-uilm-calabria\/"},"wordCount":525,"publisher":{"@id":"https:\/\/progettotouring.it\/radiotouring104\/#organization"},"image":{"@id":"https:\/\/progettotouring.it\/radiotouring104\/2025\/11\/11\/incendiata-lauto-di-gabriele-labate-solidarieta-di-uilm-calabria\/#primaryimage"},"thumbnailUrl":"https:\/\/progettotouring.it\/radiotouring104\/wp-content\/uploads\/sites\/6\/2025\/11\/Uilm-Calabria-2.gif","keywords":["Atto intimidatorio","contratto dei metalmeccanici","Gabriele Labate","incendio auto","Rsu Uilm alle Hitachi di Torre Lupo","solidariet\u00e0","Uilm Calabria"],"articleSection":["Home","In primo piano","News","Reggio Calabria"],"inLanguage":"it-IT"},{"@type":"WebPage","@id":"https:\/\/progettotouring.it\/radiotouring104\/2025\/11\/11\/incendiata-lauto-di-gabriele-labate-solidarieta-di-uilm-calabria\/","url":"https:\/\/progettotouring.it\/radiotouring104\/2025\/11\/11\/incendiata-lauto-di-gabriele-labate-solidarieta-di-uilm-calabria\/","name":"Incendiata l'auto di Gabriele Labate: solidariet\u00e0 UILM Calabria","isPartOf":{"@id":"https:\/\/progettotouring.it\/radiotouring104\/#website"},"primaryImageOfPage":{"@id":"https:\/\/progettotouring.it\/radiotouring104\/2025\/11\/11\/incendiata-lauto-di-gabriele-labate-solidarieta-di-uilm-calabria\/#primaryimage"},"image":{"@id":"https:\/\/progettotouring.it\/radiotouring104\/2025\/11\/11\/incendiata-lauto-di-gabriele-labate-solidarieta-di-uilm-calabria\/#primaryimage"},"thumbnailUrl":"https:\/\/progettotouring.it\/radiotouring104\/wp-content\/uploads\/sites\/6\/2025\/11\/Uilm-Calabria-2.gif","datePublished":"2025-11-11T10:15:37+00:00","dateModified":"2025-11-11T11:23:42+00:00","description":"Nel corso di un incontro, svoltosi ala Camera sindacale Uil RC, discusso anche del rinnovo del contratto dei metalmeccanici","breadcrumb":{"@id":"https:\/\/progettotouring.it\/radiotouring104\/2025\/11\/11\/incendiata-lauto-di-gabriele-labate-solidarieta-di-uilm-calabria\/#breadcrumb"},"inLanguage":"it-IT","potentialAction":[{"@type":"ReadAction","target":["https:\/\/progettotouring.it\/radiotouring104\/2025\/11\/11\/incendiata-lauto-di-gabriele-labate-solidarieta-di-uilm-calabria\/"]}]},{"@type":"ImageObject","inLanguage":"it-IT","@id":"https:\/\/progettotouring.it\/radiotouring104\/2025\/11\/11\/incendiata-lauto-di-gabriele-labate-solidarieta-di-uilm-calabria\/#primaryimage","url":"https:\/\/progettotouring.it\/radiotouring104\/wp-content\/uploads\/sites\/6\/2025\/11\/Uilm-Calabria-2.gif","contentUrl":"https:\/\/progettotouring.it\/radiotouring104\/wp-content\/uploads\/sites\/6\/2025\/11\/Uilm-Calabria-2.gif","width":807,"height":405},{"@type":"BreadcrumbList","@id":"https:\/\/progettotouring.it\/radiotouring104\/2025\/11\/11\/incendiata-lauto-di-gabriele-labate-solidarieta-di-uilm-calabria\/#breadcrumb","itemListElement":[{"@type":"ListItem","position":1,"name":"Home","item":"https:\/\/progettotouring.it\/radiotouring104\/"},{"@type":"ListItem","position":2,"name":"Incendiata l&#8217;auto di Gabriele Labate: solidariet\u00e0 di Uilm Calabria"}]},{"@type":"WebSite","@id":"https:\/\/progettotouring.it\/radiotouring104\/#website","url":"https:\/\/progettotouring.it\/radiotouring104\/","name":"Radio Touring 104","description":"La prima radio Reggina","publisher":{"@id":"https:\/\/progettotouring.it\/radiotouring104\/#organization"},"potentialAction":[{"@type":"SearchAction","target":{"@type":"EntryPoint","urlTemplate":"https:\/\/progettotouring.it\/radiotouring104\/?s={search_term_string}"},"query-input":{"@type":"PropertyValueSpecification","valueRequired":true,"valueName":"search_term_string"}}],"inLanguage":"it-IT"},{"@type":"Organization","@id":"https:\/\/progettotouring.it\/radiotouring104\/#organization","name":"Radio Touring 104","url":"https:\/\/progettotouring.it\/radiotouring104\/","logo":{"@type":"ImageObject","inLanguage":"it-IT","@id":"https:\/\/progettotouring.it\/radiotouring104\/#\/schema\/logo\/image\/","url":"https:\/\/progettotouring.it\/radiotouring104\/wp-content\/uploads\/sites\/6\/2022\/02\/cropped-logo-radio-touring-104.png","contentUrl":"https:\/\/progettotouring.it\/radiotouring104\/wp-content\/uploads\/sites\/6\/2022\/02\/cropped-logo-radio-touring-104.png","width":377,"height":182,"caption":"Radio Touring 104"},"image":{"@id":"https:\/\/progettotouring.it\/radiotouring104\/#\/schema\/logo\/image\/"}},{"@type":"Person","@id":"https:\/\/progettotouring.it\/radiotouring104\/#\/schema\/person\/1b3eb3c07c47136bc44c785c543e635f","name":"redazione","image":{"@type":"ImageObject","inLanguage":"it-IT","@id":"https:\/\/secure.gravatar.com\/avatar\/0b31605b49f100769e8b624b3e05de1b73e1692e9568a352f60f53fd072e6e11?s=96&d=mm&r=g","url":"https:\/\/secure.gravatar.com\/avatar\/0b31605b49f100769e8b624b3e05de1b73e1692e9568a352f60f53fd072e6e11?s=96&d=mm&r=g","contentUrl":"https:\/\/secure.gravatar.com\/avatar\/0b31605b49f100769e8b624b3e05de1b73e1692e9568a352f60f53fd072e6e11?s=96&d=mm&r=g","caption":"redazione"},"url":"https:\/\/progettotouring.it\/radiotouring104\/author\/redazione\/"}]}},"jetpack_publicize_connections":[],"jetpack_featured_media_url":"https:\/\/progettotouring.it\/radiotouring104\/wp-content\/uploads\/sites\/6\/2025\/11\/Uilm-Calabria-2.gif","jetpack_sharing_enabled":true,"_links":{"self":[{"href":"https:\/\/progettotouring.it\/radiotouring104\/wp-json\/wp\/v2\/posts\/85712","targetHints":{"allow":["GET"]}}],"collection":[{"href":"https:\/\/progettotouring.it\/radiotouring104\/wp-json\/wp\/v2\/posts"}],"about":[{"href":"https:\/\/progettotouring.it\/radiotouring104\/wp-json\/wp\/v2\/types\/post"}],"author":[{"embeddable":true,"href":"https:\/\/progettotouring.it\/radiotouring104\/wp-json\/wp\/v2\/users\/5"}],"replies":[{"embeddable":true,"href":"https:\/\/progettotouring.it\/radiotouring104\/wp-json\/wp\/v2\/comments?post=85712"}],"version-history":[{"count":1,"href":"https:\/\/progettotouring.it\/radiotouring104\/wp-json\/wp\/v2\/posts\/85712\/revisions"}],"predecessor-version":[{"id":85714,"href":"https:\/\/progettotouring.it\/radiotouring104\/wp-json\/wp\/v2\/posts\/85712\/revisions\/85714"}],"wp:featuredmedia":[{"embeddable":true,"href":"https:\/\/progettotouring.it\/radiotouring104\/wp-json\/wp\/v2\/media\/85713"}],"wp:attachment":[{"href":"https:\/\/progettotouring.it\/radiotouring104\/wp-json\/wp\/v2\/media?parent=85712"}],"wp:term":[{"taxonomy":"category","embeddable":true,"href":"https:\/\/progettotouring.it\/radiotouring104\/wp-json\/wp\/v2\/categories?post=85712"},{"taxonomy":"post_tag","embeddable":true,"href":"https:\/\/progettotouring.it\/radiotouring104\/wp-json\/wp\/v2\/tags?post=85712"}],"curies":[{"name":"wp","href":"https:\/\/api.w.org\/{rel}","templated":true}]}}