{"id":85976,"date":"2025-11-17T18:48:34","date_gmt":"2025-11-17T17:48:34","guid":{"rendered":"https:\/\/progettotouring.it\/radiotouring104\/?p=85976"},"modified":"2025-11-17T18:48:34","modified_gmt":"2025-11-17T17:48:34","slug":"palazzo-san-giorgio-il-saluto-del-sindaco-falcomata","status":"publish","type":"post","link":"https:\/\/progettotouring.it\/radiotouring104\/2025\/11\/17\/palazzo-san-giorgio-il-saluto-del-sindaco-falcomata\/","title":{"rendered":"Palazzo San Giorgio: il saluto del Sindaco Falcomat\u00e0"},"content":{"rendered":"<div class=\"h-100 d-flex flex-column container-fluid message-container no-dark-filter pe-3 detail\">\n<div class=\"row message-content\">\n<div class=\"col-12 h-100 d-flex flex-column overflow-y\">\n<div class=\"card\">\n<div class=\"card-body message-content-body pt-0 d-flex flex-column gap-4 margin-left\">\n<div class=\"message-content-body-text overflow-x-scroll\">\n<div class=\"message-content-text\">\n<div>\n<div class=\"xam_msg_class\">\n<div dir=\"ltr\">\n<p dir=\"ltr\">Il sindaco Giuseppe Falcomat\u00e0 ha salutato nel corso dell\u2019ultima seduta del civico consesso, convocata al primo punto all\u2019ordine del giorno per la contestazione dell&#8217;incompatibilit\u00e0 sopravvenuta al primo cittadino, dopo la proclamazione a consigliere regionale della Regione Calabria.<\/p>\n<p dir=\"ltr\">Dopo aver salutato il pubblico, i consiglieri, i funzionari e i dirigenti e dato il benvenuto ai nuovi assessori, il sindaco ha precisato: \u00ab<em>Comprenderete che questo \u00e8 un momento particolare. Vuole essere un saluto all\u2019aula, ma non un saluto alla citt\u00e0: quello lo far\u00f2 fuori da qui. \u00c8 un saluto istituzionale a cui tengo molto, in vista di un percorso nuovo e diverso che inizier\u00e0 tra qualche settimana. Un percorso frutto della volont\u00e0, dell\u2019idea e del coraggio di rimettersi in gioco per una causa, per una parte del campo ben determinata: rimettersi in gioco per la citt\u00e0, per la provincia, per la regione, senza pensare di avere rendite di posizione che possano consentire di svolgere un ruolo solo perch\u00e9 in passato se ne \u00e8 svolto un altro. Ho avuto l\u2019onore, pro tempore, di ricoprire un ruolo politico che i cittadini ci hanno affidato, e questo comporta la responsabilit\u00e0 di mettersi sempre in discussione, cercando di continuare a rappresentare una comunit\u00e0 sulla base della volont\u00e0 dei cittadini. La citt\u00e0 ha deciso di darmi fiducia, e questo per me \u00e8 motivo di grande orgoglio e responsabilit\u00e0: essere l\u2019unico reggino a rappresentare la citt\u00e0 in Consiglio regionale\u00bb.<\/em><\/p>\n<p dir=\"ltr\">Il sindaco, riferendosi alla discussione avvenuta in aula, ha commentato: \u00ab<em>A volte, nel corso del tempo, si rischia di trasformarsi e di perdere di vista il proprio ruolo, il proprio compito, il motivo per cui si \u00e8 qui. Ritrovarsi dalla stessa parte di ci\u00f2 che un tempo si combatteva \u00e8 un rischio che bisogna evitare, ricordando sempre le ragioni per cui ci si \u00e8 impegnati in politica\u00bb.<\/em><\/p>\n<p dir=\"ltr\"><em>\u00abQuesta \u00e8 un\u2019aula alla quale ho sempre cercato di trasmettere il massimo rispetto. Nella prima consiliatura abbiamo deciso di intitolarla a un grande sindaco, che non ha mai perso memoria del proprio ruolo: difensore dei cittadini, capace di prendere decisioni fondamentali nella storia recente, durante i moti di Reggio, e di condurre una battaglia che ha portato a un risultato che \u00e8 un unicum nella storia d&#8217;Italia, mantenendo a Reggio Calabria la sede del Consiglio regionale. E, come parlamentare, riusc\u00ec a far approvare la legge oggi nota come Decreto Reggio: molte delle opere realizzate negli anni \u201990, punti di riferimento della Reggio sociale e sportiva, sono frutto di quell\u2019impegno. Decidere di intitolare uno spazio a una persona significa dare vita e anima a quel luogo, e per questo non bisogna mai dimenticare di rispettare i luoghi e le persone cui sono dedicati\u00bb.<\/em><\/p>\n<p dir=\"ltr\">\u00a0\u00ab<em>Ho rivissuto i momenti che hanno caratterizzato questi anni, anche quelli da consigliere comunale. Quando si fa un bilancio, tornano alla mente i volti, le scene, come in un film, le voci dei dibattiti aperti alla partecipazione delle associazioni, delle categorie produttive e degli ordini professionali: un\u2019aula pregna di confronto politico. \u00c8 naturale, quindi, rivolgere un ringraziamento ai dirigenti, ai dipendenti, ai funzionari, al personale dello staff. Uno su tutti: Pierluigi D\u2019Apice. Per noi \u00e8 stato l\u2019esempio di una persona che non vive il pubblico impiego in maniera distaccata o come punto d\u2019arrivo, ma come opportunit\u00e0 per migliorare le condizioni dell\u2019Ente e della citt\u00e0. In questi anni ci ha ricordato quanto sia importante continuare a migliorarci e aggiornarci. Va il mio pensiero anche a tutti i dipendenti che in questi anni ci hanno lasciato. Ringrazio poi i consiglieri, anche quelli di minoranza: abbiamo vissuto vicende alterne, ma vi prego di considerare che vi ho sempre riconosciuto come avversari, non come nemici. \u00c8 un punto di demarcazione fondamentale. Ci si pu\u00f2 contrastare senza perdere il rispetto della persona, perch\u00e9 comunque siamo stati compagni di viaggio. Al netto delle differenze politiche e degli obiettivi futuri, c\u2019\u00e8 qualcosa che ci accomuna: l\u2019amore per la citt\u00e0. Credo che in quest\u2019aula non abbiamo soltanto svolto un ruolo istituzionale, ma abbiamo impegnato una parte importante della nostra vita per la citt\u00e0. E non \u00e8 cosa da poco. La vita \u00e8 cos\u00ec forte da attraversare i muri per farsi conoscere, e noi abbiamo cercato di portare la vita fuori dalle mura dell\u2019aula consiliare, per far conoscere all\u2019esterno, con le nostre sfumature, l\u2019attivit\u00e0 del Consiglio. Non so quanto fossimo pienamente consapevoli di questo. Possiamo e dobbiamo essere orgogliosi del tempo che abbiamo dedicato a servire la nostra citt\u00e0\u00bb.<\/em><\/p>\n<p dir=\"ltr\"><em>\u00abQuest\u2019Aula \u00e8 stata teatro di scontri e discussioni, momenti in cui ho sempre cercato un punto d\u2019incontro, una mediazione. La politica \u00e8 l\u2019arte della mediazione: trovare una sintesi tra due posizioni inizialmente distanti. Questo \u00e8 il senso autentico della mediazione; altrimenti si chiama in un altro modo. Ci sono modi, tempi e luoghi per esercitarla, ma se perdiamo il significato di mediazione, allora non c\u2019\u00e8 pi\u00f9 la politica, n\u00e9 il confronto. La ragione non sta sempre dalla parte del pi\u00f9 forte. Ed in questi anni anche quando la mediazione non si \u00e8 trovata, non sono mai mancati la democrazia e il confronto\u00bb.<\/em><\/p>\n<p dir=\"ltr\">\u00ab<em>Non sono un poeta, ma credo nella forza di un ideale, nella forza di un pensiero che possa guidare le azioni attraverso la convinzione. Non so parlare al cielo, ma sapete bene quante volte mi sia rivolto al cielo per chiedere un consiglio quando la strada sembrava pi\u00f9 buia. In questi anni ho avuto l\u2019onore di essere, per ben due volte, al timone della citt\u00e0. Da timoniere ho sempre pensato al bene dei naviganti, a farli approdare in un porto sicuro, senza mai smettere di remare, anche quando i venti fischiavano forte in direzione ostinata e contraria. Con pazienza certosina abbiamo tolto acqua, riparato le falle e traghettato la nave verso porti sicuri. E lo abbiamo fatto insieme. Vi ringrazio tutti, \u00e8 stato un viaggio bellissimo e per me \u00e8 stato un grande onore\u00bb.<\/em><\/p>\n<\/div>\n<\/div>\n<\/div>\n<\/div>\n<\/div>\n<\/div>\n<div class=\"card-footer message-content-footer pb-3 sticky-bottom z-3 margin-left\">\n<div class=\"aru-button-group\" role=\"group\">\n<div class=\"top-text\">\n<div class=\"aru-button__inner aru-button__inner--md\n\n               \"><\/p>\n<div class=\"aru-button__content aru-button__content--start\"><\/div>\n<\/div>\n<\/div>\n<div class=\"top-text\">\n<div class=\"aru-button__inner aru-button__inner--md\n\n               \"><\/p>\n<div class=\"aru-button__content aru-button__content--start\"><\/div>\n<\/div>\n<\/div>\n<div class=\"top-text\">\n<div class=\"aru-button__inner aru-button__inner--md\n\n               \"><\/p>\n<div class=\"aru-button__content aru-button__content--start\"><\/div>\n<\/div>\n<\/div>\n<\/div>\n<\/div>\n<\/div>\n<\/div>\n<\/div>\n<\/div>\n<div class=\"aru-sheet-modal\">\n<div id=\"sheet\" class=\"sheet\" aria-hidden=\"true\">\n<div class=\"contents\">\n<div class=\"header\">\n<div class=\"drag-bar\"><\/div>\n<div class=\"actions\">\n<div class=\"left\">\n<div class=\"top-text\">\n<div class=\"aru-button__inner aru-button__inner--md\n\n               \"><\/div>\n<\/div>\n<\/div>\n<div class=\"center\">\n<div class=\"modal-sheet-header\">\n<div><\/div>\n<\/div>\n<\/div>\n<div class=\"right\">\n<div class=\"top-text\">\n<div class=\"aru-button__inner aru-button__inner--md\n\n               \"><\/div>\n<\/div>\n<\/div>\n<\/div>\n<\/div>\n<div class=\"body\">\n<div class=\"sheet-start\">\n<div class=\"modal-sheet-body\">\n<div>\n<div class=\"action-group-body d-flex flex-column gap-1 justify-content-center align-content-center\">\n<div class=\"level-one\">\n<div class=\"aru-button-menu__noDropdown left w-100 \">\n<div class=\"top-text\">\n<div class=\"aru-button__inner aru-button__inner--md\n\n               \"><\/p>\n<div class=\"aru-button__content aru-button__content--start\"><\/div>\n<div class=\"\n          aru-button__content aru-button__content--center \n\n          \"><\/div>\n<\/div>\n<\/div>\n<\/div>\n<div class=\"aru-button-menu__noDropdown left w-100 \">\n<div class=\"top-text\">\n<div class=\"aru-button__inner aru-button__inner--md\n\n               \"><\/p>\n<div class=\"\n          aru-button__content aru-button__content--center \n\n          \"><\/div>\n<\/div>\n<\/div>\n<\/div>\n<div class=\"aru-button-menu__noDropdown left w-100 \">\n<div class=\"top-text\">\n<div class=\"aru-button__inner aru-button__inner--md\n\n               \"><\/p>\n<div class=\"\n          aru-button__content aru-button__content--center \n\n          \"><\/div>\n<\/div>\n<\/div>\n<\/div>\n<\/div>\n<\/div>\n<\/div>\n<\/div>\n<\/div>\n<\/div>\n<div class=\"footer\"><\/div>\n<\/div>\n<\/div>\n<\/div>\n<div class=\"as-split-gutter\" role=\"separator\"><\/div>\n","protected":false},"excerpt":{"rendered":"<p>Il sindaco Giuseppe Falcomat\u00e0 ha salutato nel corso dell\u2019ultima seduta del civico consesso, convocata al primo punto all\u2019ordine del giorno per la contestazione dell&#8217;incompatibilit\u00e0 sopravvenuta al primo cittadino, dopo la&hellip;<\/p>\n","protected":false},"author":19,"featured_media":85977,"comment_status":"closed","ping_status":"open","sticky":false,"template":"","format":"standard","meta":{"_jetpack_memberships_contains_paid_content":false,"footnotes":"","jetpack_publicize_message":"","jetpack_publicize_feature_enabled":true,"jetpack_social_post_already_shared":true,"jetpack_social_options":{"image_generator_settings":{"template":"highway","default_image_id":0,"font":"","enabled":false},"version":2}},"categories":[921,150,196,140],"tags":[],"class_list":["post-85976","post","type-post","status-publish","format-standard","has-post-thumbnail","hentry","category-home","category-in-primo-piano","category-news","category-reggio-calabria"],"yoast_head":"<!-- This site is optimized with the Yoast SEO plugin v27.2 - https:\/\/yoast.com\/product\/yoast-seo-wordpress\/ -->\n<title>Palazzo San Giorgio: il saluto del Sindaco Falcomat\u00e0 - Radio Touring 104<\/title>\n<meta name=\"description\" content=\"\u00abVi ringrazio tutti, \u00e8 stato un viaggio bellissimo e per me \u00e8 stato un grande onore\u00bb\" \/>\n<meta name=\"robots\" content=\"index, follow, max-snippet:-1, max-image-preview:large, max-video-preview:-1\" \/>\n<link rel=\"canonical\" href=\"https:\/\/progettotouring.it\/radiotouring104\/2025\/11\/17\/palazzo-san-giorgio-il-saluto-del-sindaco-falcomata\/\" \/>\n<meta property=\"og:locale\" content=\"it_IT\" \/>\n<meta property=\"og:type\" content=\"article\" \/>\n<meta property=\"og:title\" content=\"Palazzo San Giorgio: il saluto del Sindaco Falcomat\u00e0 - Radio Touring 104\" \/>\n<meta property=\"og:description\" content=\"\u00abVi ringrazio tutti, \u00e8 stato un viaggio bellissimo e per me \u00e8 stato un grande onore\u00bb\" \/>\n<meta property=\"og:url\" content=\"https:\/\/progettotouring.it\/radiotouring104\/2025\/11\/17\/palazzo-san-giorgio-il-saluto-del-sindaco-falcomata\/\" \/>\n<meta property=\"og:site_name\" content=\"Radio Touring 104\" \/>\n<meta property=\"article:published_time\" content=\"2025-11-17T17:48:34+00:00\" \/>\n<meta property=\"og:image\" content=\"https:\/\/progettotouring.it\/radiotouring104\/wp-content\/uploads\/sites\/6\/2025\/11\/IMMAGINI-X-SITO-2025-11-17T184658.209.jpg\" \/>\n\t<meta property=\"og:image:width\" content=\"2000\" \/>\n\t<meta property=\"og:image:height\" content=\"1545\" \/>\n\t<meta property=\"og:image:type\" content=\"image\/jpeg\" \/>\n<meta name=\"author\" content=\"S L\" \/>\n<meta name=\"twitter:card\" content=\"summary_large_image\" \/>\n<meta name=\"twitter:label1\" content=\"Scritto da\" \/>\n\t<meta name=\"twitter:data1\" content=\"S L\" \/>\n\t<meta name=\"twitter:label2\" content=\"Tempo di lettura stimato\" \/>\n\t<meta name=\"twitter:data2\" content=\"5 minuti\" \/>\n<script type=\"application\/ld+json\" class=\"yoast-schema-graph\">{\"@context\":\"https:\/\/schema.org\",\"@graph\":[{\"@type\":\"Article\",\"@id\":\"https:\/\/progettotouring.it\/radiotouring104\/2025\/11\/17\/palazzo-san-giorgio-il-saluto-del-sindaco-falcomata\/#article\",\"isPartOf\":{\"@id\":\"https:\/\/progettotouring.it\/radiotouring104\/2025\/11\/17\/palazzo-san-giorgio-il-saluto-del-sindaco-falcomata\/\"},\"author\":{\"name\":\"S L\",\"@id\":\"https:\/\/progettotouring.it\/radiotouring104\/#\/schema\/person\/b9f9c3730b0a78814c9b9f3bfc52c619\"},\"headline\":\"Palazzo San Giorgio: il saluto del Sindaco Falcomat\u00e0\",\"datePublished\":\"2025-11-17T17:48:34+00:00\",\"mainEntityOfPage\":{\"@id\":\"https:\/\/progettotouring.it\/radiotouring104\/2025\/11\/17\/palazzo-san-giorgio-il-saluto-del-sindaco-falcomata\/\"},\"wordCount\":975,\"publisher\":{\"@id\":\"https:\/\/progettotouring.it\/radiotouring104\/#organization\"},\"image\":{\"@id\":\"https:\/\/progettotouring.it\/radiotouring104\/2025\/11\/17\/palazzo-san-giorgio-il-saluto-del-sindaco-falcomata\/#primaryimage\"},\"thumbnailUrl\":\"https:\/\/progettotouring.it\/radiotouring104\/wp-content\/uploads\/sites\/6\/2025\/11\/IMMAGINI-X-SITO-2025-11-17T184658.209.jpg\",\"articleSection\":[\"Home\",\"In primo piano\",\"News\",\"Reggio Calabria\"],\"inLanguage\":\"it-IT\"},{\"@type\":\"WebPage\",\"@id\":\"https:\/\/progettotouring.it\/radiotouring104\/2025\/11\/17\/palazzo-san-giorgio-il-saluto-del-sindaco-falcomata\/\",\"url\":\"https:\/\/progettotouring.it\/radiotouring104\/2025\/11\/17\/palazzo-san-giorgio-il-saluto-del-sindaco-falcomata\/\",\"name\":\"Palazzo San Giorgio: il saluto del Sindaco Falcomat\u00e0 - Radio Touring 104\",\"isPartOf\":{\"@id\":\"https:\/\/progettotouring.it\/radiotouring104\/#website\"},\"primaryImageOfPage\":{\"@id\":\"https:\/\/progettotouring.it\/radiotouring104\/2025\/11\/17\/palazzo-san-giorgio-il-saluto-del-sindaco-falcomata\/#primaryimage\"},\"image\":{\"@id\":\"https:\/\/progettotouring.it\/radiotouring104\/2025\/11\/17\/palazzo-san-giorgio-il-saluto-del-sindaco-falcomata\/#primaryimage\"},\"thumbnailUrl\":\"https:\/\/progettotouring.it\/radiotouring104\/wp-content\/uploads\/sites\/6\/2025\/11\/IMMAGINI-X-SITO-2025-11-17T184658.209.jpg\",\"datePublished\":\"2025-11-17T17:48:34+00:00\",\"description\":\"\u00abVi ringrazio tutti, \u00e8 stato un viaggio bellissimo e per me \u00e8 stato un grande onore\u00bb\",\"breadcrumb\":{\"@id\":\"https:\/\/progettotouring.it\/radiotouring104\/2025\/11\/17\/palazzo-san-giorgio-il-saluto-del-sindaco-falcomata\/#breadcrumb\"},\"inLanguage\":\"it-IT\",\"potentialAction\":[{\"@type\":\"ReadAction\",\"target\":[\"https:\/\/progettotouring.it\/radiotouring104\/2025\/11\/17\/palazzo-san-giorgio-il-saluto-del-sindaco-falcomata\/\"]}]},{\"@type\":\"ImageObject\",\"inLanguage\":\"it-IT\",\"@id\":\"https:\/\/progettotouring.it\/radiotouring104\/2025\/11\/17\/palazzo-san-giorgio-il-saluto-del-sindaco-falcomata\/#primaryimage\",\"url\":\"https:\/\/progettotouring.it\/radiotouring104\/wp-content\/uploads\/sites\/6\/2025\/11\/IMMAGINI-X-SITO-2025-11-17T184658.209.jpg\",\"contentUrl\":\"https:\/\/progettotouring.it\/radiotouring104\/wp-content\/uploads\/sites\/6\/2025\/11\/IMMAGINI-X-SITO-2025-11-17T184658.209.jpg\",\"width\":2000,\"height\":1545},{\"@type\":\"BreadcrumbList\",\"@id\":\"https:\/\/progettotouring.it\/radiotouring104\/2025\/11\/17\/palazzo-san-giorgio-il-saluto-del-sindaco-falcomata\/#breadcrumb\",\"itemListElement\":[{\"@type\":\"ListItem\",\"position\":1,\"name\":\"Home\",\"item\":\"https:\/\/progettotouring.it\/radiotouring104\/\"},{\"@type\":\"ListItem\",\"position\":2,\"name\":\"Palazzo San Giorgio: il saluto del Sindaco Falcomat\u00e0\"}]},{\"@type\":\"WebSite\",\"@id\":\"https:\/\/progettotouring.it\/radiotouring104\/#website\",\"url\":\"https:\/\/progettotouring.it\/radiotouring104\/\",\"name\":\"Radio Touring 104\",\"description\":\"La prima radio Reggina\",\"publisher\":{\"@id\":\"https:\/\/progettotouring.it\/radiotouring104\/#organization\"},\"potentialAction\":[{\"@type\":\"SearchAction\",\"target\":{\"@type\":\"EntryPoint\",\"urlTemplate\":\"https:\/\/progettotouring.it\/radiotouring104\/?s={search_term_string}\"},\"query-input\":{\"@type\":\"PropertyValueSpecification\",\"valueRequired\":true,\"valueName\":\"search_term_string\"}}],\"inLanguage\":\"it-IT\"},{\"@type\":\"Organization\",\"@id\":\"https:\/\/progettotouring.it\/radiotouring104\/#organization\",\"name\":\"Radio Touring 104\",\"url\":\"https:\/\/progettotouring.it\/radiotouring104\/\",\"logo\":{\"@type\":\"ImageObject\",\"inLanguage\":\"it-IT\",\"@id\":\"https:\/\/progettotouring.it\/radiotouring104\/#\/schema\/logo\/image\/\",\"url\":\"https:\/\/progettotouring.it\/radiotouring104\/wp-content\/uploads\/sites\/6\/2022\/02\/cropped-logo-radio-touring-104.png\",\"contentUrl\":\"https:\/\/progettotouring.it\/radiotouring104\/wp-content\/uploads\/sites\/6\/2022\/02\/cropped-logo-radio-touring-104.png\",\"width\":377,\"height\":182,\"caption\":\"Radio Touring 104\"},\"image\":{\"@id\":\"https:\/\/progettotouring.it\/radiotouring104\/#\/schema\/logo\/image\/\"}},{\"@type\":\"Person\",\"@id\":\"https:\/\/progettotouring.it\/radiotouring104\/#\/schema\/person\/b9f9c3730b0a78814c9b9f3bfc52c619\",\"name\":\"S L\",\"image\":{\"@type\":\"ImageObject\",\"inLanguage\":\"it-IT\",\"@id\":\"https:\/\/secure.gravatar.com\/avatar\/652c51789d7030aaed9ff828331360502a68204fe6fb0831bc280515210e16d2?s=96&d=mm&r=g\",\"url\":\"https:\/\/secure.gravatar.com\/avatar\/652c51789d7030aaed9ff828331360502a68204fe6fb0831bc280515210e16d2?s=96&d=mm&r=g\",\"contentUrl\":\"https:\/\/secure.gravatar.com\/avatar\/652c51789d7030aaed9ff828331360502a68204fe6fb0831bc280515210e16d2?s=96&d=mm&r=g\",\"caption\":\"S L\"},\"url\":\"https:\/\/progettotouring.it\/radiotouring104\/author\/slibri\/\"}]}<\/script>\n<!-- \/ Yoast SEO plugin. -->","yoast_head_json":{"title":"Palazzo San Giorgio: il saluto del Sindaco Falcomat\u00e0 - Radio Touring 104","description":"\u00abVi ringrazio tutti, \u00e8 stato un viaggio bellissimo e per me \u00e8 stato un grande onore\u00bb","robots":{"index":"index","follow":"follow","max-snippet":"max-snippet:-1","max-image-preview":"max-image-preview:large","max-video-preview":"max-video-preview:-1"},"canonical":"https:\/\/progettotouring.it\/radiotouring104\/2025\/11\/17\/palazzo-san-giorgio-il-saluto-del-sindaco-falcomata\/","og_locale":"it_IT","og_type":"article","og_title":"Palazzo San Giorgio: il saluto del Sindaco Falcomat\u00e0 - Radio Touring 104","og_description":"\u00abVi ringrazio tutti, \u00e8 stato un viaggio bellissimo e per me \u00e8 stato un grande onore\u00bb","og_url":"https:\/\/progettotouring.it\/radiotouring104\/2025\/11\/17\/palazzo-san-giorgio-il-saluto-del-sindaco-falcomata\/","og_site_name":"Radio Touring 104","article_published_time":"2025-11-17T17:48:34+00:00","og_image":[{"width":2000,"height":1545,"url":"https:\/\/progettotouring.it\/radiotouring104\/wp-content\/uploads\/sites\/6\/2025\/11\/IMMAGINI-X-SITO-2025-11-17T184658.209.jpg","type":"image\/jpeg"}],"author":"S L","twitter_card":"summary_large_image","twitter_misc":{"Scritto da":"S L","Tempo di lettura stimato":"5 minuti"},"schema":{"@context":"https:\/\/schema.org","@graph":[{"@type":"Article","@id":"https:\/\/progettotouring.it\/radiotouring104\/2025\/11\/17\/palazzo-san-giorgio-il-saluto-del-sindaco-falcomata\/#article","isPartOf":{"@id":"https:\/\/progettotouring.it\/radiotouring104\/2025\/11\/17\/palazzo-san-giorgio-il-saluto-del-sindaco-falcomata\/"},"author":{"name":"S L","@id":"https:\/\/progettotouring.it\/radiotouring104\/#\/schema\/person\/b9f9c3730b0a78814c9b9f3bfc52c619"},"headline":"Palazzo San Giorgio: il saluto del Sindaco Falcomat\u00e0","datePublished":"2025-11-17T17:48:34+00:00","mainEntityOfPage":{"@id":"https:\/\/progettotouring.it\/radiotouring104\/2025\/11\/17\/palazzo-san-giorgio-il-saluto-del-sindaco-falcomata\/"},"wordCount":975,"publisher":{"@id":"https:\/\/progettotouring.it\/radiotouring104\/#organization"},"image":{"@id":"https:\/\/progettotouring.it\/radiotouring104\/2025\/11\/17\/palazzo-san-giorgio-il-saluto-del-sindaco-falcomata\/#primaryimage"},"thumbnailUrl":"https:\/\/progettotouring.it\/radiotouring104\/wp-content\/uploads\/sites\/6\/2025\/11\/IMMAGINI-X-SITO-2025-11-17T184658.209.jpg","articleSection":["Home","In primo piano","News","Reggio Calabria"],"inLanguage":"it-IT"},{"@type":"WebPage","@id":"https:\/\/progettotouring.it\/radiotouring104\/2025\/11\/17\/palazzo-san-giorgio-il-saluto-del-sindaco-falcomata\/","url":"https:\/\/progettotouring.it\/radiotouring104\/2025\/11\/17\/palazzo-san-giorgio-il-saluto-del-sindaco-falcomata\/","name":"Palazzo San Giorgio: il saluto del Sindaco Falcomat\u00e0 - Radio Touring 104","isPartOf":{"@id":"https:\/\/progettotouring.it\/radiotouring104\/#website"},"primaryImageOfPage":{"@id":"https:\/\/progettotouring.it\/radiotouring104\/2025\/11\/17\/palazzo-san-giorgio-il-saluto-del-sindaco-falcomata\/#primaryimage"},"image":{"@id":"https:\/\/progettotouring.it\/radiotouring104\/2025\/11\/17\/palazzo-san-giorgio-il-saluto-del-sindaco-falcomata\/#primaryimage"},"thumbnailUrl":"https:\/\/progettotouring.it\/radiotouring104\/wp-content\/uploads\/sites\/6\/2025\/11\/IMMAGINI-X-SITO-2025-11-17T184658.209.jpg","datePublished":"2025-11-17T17:48:34+00:00","description":"\u00abVi ringrazio tutti, \u00e8 stato un viaggio bellissimo e per me \u00e8 stato un grande onore\u00bb","breadcrumb":{"@id":"https:\/\/progettotouring.it\/radiotouring104\/2025\/11\/17\/palazzo-san-giorgio-il-saluto-del-sindaco-falcomata\/#breadcrumb"},"inLanguage":"it-IT","potentialAction":[{"@type":"ReadAction","target":["https:\/\/progettotouring.it\/radiotouring104\/2025\/11\/17\/palazzo-san-giorgio-il-saluto-del-sindaco-falcomata\/"]}]},{"@type":"ImageObject","inLanguage":"it-IT","@id":"https:\/\/progettotouring.it\/radiotouring104\/2025\/11\/17\/palazzo-san-giorgio-il-saluto-del-sindaco-falcomata\/#primaryimage","url":"https:\/\/progettotouring.it\/radiotouring104\/wp-content\/uploads\/sites\/6\/2025\/11\/IMMAGINI-X-SITO-2025-11-17T184658.209.jpg","contentUrl":"https:\/\/progettotouring.it\/radiotouring104\/wp-content\/uploads\/sites\/6\/2025\/11\/IMMAGINI-X-SITO-2025-11-17T184658.209.jpg","width":2000,"height":1545},{"@type":"BreadcrumbList","@id":"https:\/\/progettotouring.it\/radiotouring104\/2025\/11\/17\/palazzo-san-giorgio-il-saluto-del-sindaco-falcomata\/#breadcrumb","itemListElement":[{"@type":"ListItem","position":1,"name":"Home","item":"https:\/\/progettotouring.it\/radiotouring104\/"},{"@type":"ListItem","position":2,"name":"Palazzo San Giorgio: il saluto del Sindaco Falcomat\u00e0"}]},{"@type":"WebSite","@id":"https:\/\/progettotouring.it\/radiotouring104\/#website","url":"https:\/\/progettotouring.it\/radiotouring104\/","name":"Radio Touring 104","description":"La prima radio Reggina","publisher":{"@id":"https:\/\/progettotouring.it\/radiotouring104\/#organization"},"potentialAction":[{"@type":"SearchAction","target":{"@type":"EntryPoint","urlTemplate":"https:\/\/progettotouring.it\/radiotouring104\/?s={search_term_string}"},"query-input":{"@type":"PropertyValueSpecification","valueRequired":true,"valueName":"search_term_string"}}],"inLanguage":"it-IT"},{"@type":"Organization","@id":"https:\/\/progettotouring.it\/radiotouring104\/#organization","name":"Radio Touring 104","url":"https:\/\/progettotouring.it\/radiotouring104\/","logo":{"@type":"ImageObject","inLanguage":"it-IT","@id":"https:\/\/progettotouring.it\/radiotouring104\/#\/schema\/logo\/image\/","url":"https:\/\/progettotouring.it\/radiotouring104\/wp-content\/uploads\/sites\/6\/2022\/02\/cropped-logo-radio-touring-104.png","contentUrl":"https:\/\/progettotouring.it\/radiotouring104\/wp-content\/uploads\/sites\/6\/2022\/02\/cropped-logo-radio-touring-104.png","width":377,"height":182,"caption":"Radio Touring 104"},"image":{"@id":"https:\/\/progettotouring.it\/radiotouring104\/#\/schema\/logo\/image\/"}},{"@type":"Person","@id":"https:\/\/progettotouring.it\/radiotouring104\/#\/schema\/person\/b9f9c3730b0a78814c9b9f3bfc52c619","name":"S L","image":{"@type":"ImageObject","inLanguage":"it-IT","@id":"https:\/\/secure.gravatar.com\/avatar\/652c51789d7030aaed9ff828331360502a68204fe6fb0831bc280515210e16d2?s=96&d=mm&r=g","url":"https:\/\/secure.gravatar.com\/avatar\/652c51789d7030aaed9ff828331360502a68204fe6fb0831bc280515210e16d2?s=96&d=mm&r=g","contentUrl":"https:\/\/secure.gravatar.com\/avatar\/652c51789d7030aaed9ff828331360502a68204fe6fb0831bc280515210e16d2?s=96&d=mm&r=g","caption":"S L"},"url":"https:\/\/progettotouring.it\/radiotouring104\/author\/slibri\/"}]}},"jetpack_publicize_connections":[],"jetpack_featured_media_url":"https:\/\/progettotouring.it\/radiotouring104\/wp-content\/uploads\/sites\/6\/2025\/11\/IMMAGINI-X-SITO-2025-11-17T184658.209.jpg","jetpack_sharing_enabled":true,"_links":{"self":[{"href":"https:\/\/progettotouring.it\/radiotouring104\/wp-json\/wp\/v2\/posts\/85976","targetHints":{"allow":["GET"]}}],"collection":[{"href":"https:\/\/progettotouring.it\/radiotouring104\/wp-json\/wp\/v2\/posts"}],"about":[{"href":"https:\/\/progettotouring.it\/radiotouring104\/wp-json\/wp\/v2\/types\/post"}],"author":[{"embeddable":true,"href":"https:\/\/progettotouring.it\/radiotouring104\/wp-json\/wp\/v2\/users\/19"}],"replies":[{"embeddable":true,"href":"https:\/\/progettotouring.it\/radiotouring104\/wp-json\/wp\/v2\/comments?post=85976"}],"version-history":[{"count":1,"href":"https:\/\/progettotouring.it\/radiotouring104\/wp-json\/wp\/v2\/posts\/85976\/revisions"}],"predecessor-version":[{"id":85978,"href":"https:\/\/progettotouring.it\/radiotouring104\/wp-json\/wp\/v2\/posts\/85976\/revisions\/85978"}],"wp:featuredmedia":[{"embeddable":true,"href":"https:\/\/progettotouring.it\/radiotouring104\/wp-json\/wp\/v2\/media\/85977"}],"wp:attachment":[{"href":"https:\/\/progettotouring.it\/radiotouring104\/wp-json\/wp\/v2\/media?parent=85976"}],"wp:term":[{"taxonomy":"category","embeddable":true,"href":"https:\/\/progettotouring.it\/radiotouring104\/wp-json\/wp\/v2\/categories?post=85976"},{"taxonomy":"post_tag","embeddable":true,"href":"https:\/\/progettotouring.it\/radiotouring104\/wp-json\/wp\/v2\/tags?post=85976"}],"curies":[{"name":"wp","href":"https:\/\/api.w.org\/{rel}","templated":true}]}}