{"id":85982,"date":"2025-11-17T19:22:09","date_gmt":"2025-11-17T18:22:09","guid":{"rendered":"https:\/\/progettotouring.it\/radiotouring104\/?p=85982"},"modified":"2025-11-17T19:22:09","modified_gmt":"2025-11-17T18:22:09","slug":"consiglio-comunale-il-centrodestra-chiede-la-fine-della-consiliatura","status":"publish","type":"post","link":"https:\/\/progettotouring.it\/radiotouring104\/2025\/11\/17\/consiglio-comunale-il-centrodestra-chiede-la-fine-della-consiliatura\/","title":{"rendered":"Consiglio comunale: il Centrodestra chiede la fine della consiliatura"},"content":{"rendered":"<p>Nella seduta odierna del consiglio comunale si \u00e8 assistito ai duri interventi dei capigruppo del centrodestra a seguito del documento di sfiducia presentato da una parte della maggioranza.<\/p>\n<p>Per il consigliere Demetrio Marino, capogruppo di Fratelli d\u2019 Italia,: &#8220;<em>Questo documento del PD non \u00e8 solo simbolico, ma rappresenta la fine dell\u2019era Falcomat\u00e0. Avete fatto una cattiva figura. Se una decisione deve essere assunta, non si parli genericamente, ma si decida.&#8221;<\/em><\/p>\n<p>Armando Neri,\u00a0 consigliere della Lega, sottolinea come la citt\u00e0 sia bloccata dai giochi interni della maggioranza: <em>\u201cVoi litigate, ma la citt\u00e0 \u00e8 ferma. Chiudiamo questa stagione, evitiamo questa vergognosa messinscena. Noi siamo disponibilissimi a chiudere definitivamente questa stagione politica, che non ha pi\u00f9 nulla da dare. Facciamo un atto di coraggio, facciamolo insieme, mettiamo un punto. Questa consiliatura \u00e8 arrivata ai titoli di coda, per logoramento, e mi dispiace che il documento del PD non si concluda con quell\u2019atto di coraggio concreto.\u201d<\/em><\/p>\n<p>Federico Milia, capogruppo di Forza Italia, esorta la maggioranza ad abbandonare l&#8217;idea di semplici azzeramenti o rimpasti:<br \/>\n<em>&#8220;Siamo in linea con gli interventi dei capigruppo di FdI e Lega, ovviamente. Anzich\u00e9 chiedere ancora azzeramenti, a sei mesi dalle elezioni amministrative, si stacchi la spina definitivamente. Si prenda una decisione reale, basta giochi di potere, basta giochi di palazzo se si considera questo scontro concluso.\u201d<\/em><\/p>\n<p>Particolarmente incisivo il commento del consigliere Giuseppe De Biasi, che attacca frontalmente la maggioranza e il Partito Democratico:<br \/>\n&#8220;<em>Ma quali documenti, dovevate chiamarci e dire &#8216;ci dimettiamo&#8217;! Sindaco, la sua maggioranza la considera come un ufficio di collocamento. La verit\u00e0 \u00e8 che siete arrivati alla fine e che il PD non ha mai pensato al bene della citt\u00e0. Anzich\u00e9 consegnare il documento al Presidente, avreste dovuto chiamare la minoranza e dire: \u2018siamo in 7, dimettiamoci\u2019. E invece non lo farete, perch\u00e9 avete altri sei mesi in cui stare seduti sulle poltrone.\u201d<\/em><\/p>\n<p>&nbsp;<\/p>\n<p>&nbsp;<\/p>\n","protected":false},"excerpt":{"rendered":"<p>Nella seduta odierna del consiglio comunale si \u00e8 assistito ai duri interventi dei capigruppo del centrodestra a seguito del documento di sfiducia presentato da una parte della maggioranza. Per il&hellip;<\/p>\n","protected":false},"author":19,"featured_media":76727,"comment_status":"closed","ping_status":"open","sticky":false,"template":"","format":"standard","meta":{"_jetpack_memberships_contains_paid_content":false,"footnotes":"","jetpack_publicize_message":"","jetpack_publicize_feature_enabled":true,"jetpack_social_post_already_shared":true,"jetpack_social_options":{"image_generator_settings":{"template":"highway","default_image_id":0,"font":"","enabled":false},"version":2}},"categories":[921,150,196,140],"tags":[],"class_list":["post-85982","post","type-post","status-publish","format-standard","has-post-thumbnail","hentry","category-home","category-in-primo-piano","category-news","category-reggio-calabria"],"yoast_head":"<!-- This site is optimized with the Yoast SEO plugin v27.2 - https:\/\/yoast.com\/product\/yoast-seo-wordpress\/ -->\n<title>Consiglio comunale: il Centrodestra chiede la fine della consiliatura - Radio Touring 104<\/title>\n<meta name=\"description\" content=\"\u201cBasta messinscene, \u00e8 la fine dell\u2019era Falcomat\u00e0\u201d\" \/>\n<meta name=\"robots\" content=\"index, follow, max-snippet:-1, max-image-preview:large, max-video-preview:-1\" \/>\n<link rel=\"canonical\" href=\"https:\/\/progettotouring.it\/radiotouring104\/2025\/11\/17\/consiglio-comunale-il-centrodestra-chiede-la-fine-della-consiliatura\/\" \/>\n<meta property=\"og:locale\" content=\"it_IT\" \/>\n<meta property=\"og:type\" content=\"article\" \/>\n<meta property=\"og:title\" content=\"Consiglio comunale: il Centrodestra chiede la fine della consiliatura - Radio Touring 104\" \/>\n<meta property=\"og:description\" content=\"\u201cBasta messinscene, \u00e8 la fine dell\u2019era Falcomat\u00e0\u201d\" \/>\n<meta property=\"og:url\" content=\"https:\/\/progettotouring.it\/radiotouring104\/2025\/11\/17\/consiglio-comunale-il-centrodestra-chiede-la-fine-della-consiliatura\/\" \/>\n<meta property=\"og:site_name\" content=\"Radio Touring 104\" \/>\n<meta property=\"article:published_time\" content=\"2025-11-17T18:22:09+00:00\" \/>\n<meta property=\"og:image\" content=\"https:\/\/progettotouring.it\/radiotouring104\/wp-content\/uploads\/sites\/6\/2025\/06\/consiglieri-centrodestra.jpg\" \/>\n\t<meta property=\"og:image:width\" content=\"2000\" \/>\n\t<meta property=\"og:image:height\" content=\"1545\" \/>\n\t<meta property=\"og:image:type\" content=\"image\/jpeg\" \/>\n<meta name=\"author\" content=\"S L\" \/>\n<meta name=\"twitter:card\" content=\"summary_large_image\" \/>\n<meta name=\"twitter:label1\" content=\"Scritto da\" \/>\n\t<meta name=\"twitter:data1\" content=\"S L\" \/>\n\t<meta name=\"twitter:label2\" content=\"Tempo di lettura stimato\" \/>\n\t<meta name=\"twitter:data2\" content=\"2 minuti\" \/>\n<script type=\"application\/ld+json\" class=\"yoast-schema-graph\">{\"@context\":\"https:\/\/schema.org\",\"@graph\":[{\"@type\":\"Article\",\"@id\":\"https:\/\/progettotouring.it\/radiotouring104\/2025\/11\/17\/consiglio-comunale-il-centrodestra-chiede-la-fine-della-consiliatura\/#article\",\"isPartOf\":{\"@id\":\"https:\/\/progettotouring.it\/radiotouring104\/2025\/11\/17\/consiglio-comunale-il-centrodestra-chiede-la-fine-della-consiliatura\/\"},\"author\":{\"name\":\"S L\",\"@id\":\"https:\/\/progettotouring.it\/radiotouring104\/#\/schema\/person\/b9f9c3730b0a78814c9b9f3bfc52c619\"},\"headline\":\"Consiglio comunale: il Centrodestra chiede la fine della consiliatura\",\"datePublished\":\"2025-11-17T18:22:09+00:00\",\"mainEntityOfPage\":{\"@id\":\"https:\/\/progettotouring.it\/radiotouring104\/2025\/11\/17\/consiglio-comunale-il-centrodestra-chiede-la-fine-della-consiliatura\/\"},\"wordCount\":314,\"publisher\":{\"@id\":\"https:\/\/progettotouring.it\/radiotouring104\/#organization\"},\"image\":{\"@id\":\"https:\/\/progettotouring.it\/radiotouring104\/2025\/11\/17\/consiglio-comunale-il-centrodestra-chiede-la-fine-della-consiliatura\/#primaryimage\"},\"thumbnailUrl\":\"https:\/\/progettotouring.it\/radiotouring104\/wp-content\/uploads\/sites\/6\/2025\/06\/consiglieri-centrodestra.jpg\",\"articleSection\":[\"Home\",\"In primo piano\",\"News\",\"Reggio Calabria\"],\"inLanguage\":\"it-IT\"},{\"@type\":\"WebPage\",\"@id\":\"https:\/\/progettotouring.it\/radiotouring104\/2025\/11\/17\/consiglio-comunale-il-centrodestra-chiede-la-fine-della-consiliatura\/\",\"url\":\"https:\/\/progettotouring.it\/radiotouring104\/2025\/11\/17\/consiglio-comunale-il-centrodestra-chiede-la-fine-della-consiliatura\/\",\"name\":\"Consiglio comunale: il Centrodestra chiede la fine della consiliatura - Radio Touring 104\",\"isPartOf\":{\"@id\":\"https:\/\/progettotouring.it\/radiotouring104\/#website\"},\"primaryImageOfPage\":{\"@id\":\"https:\/\/progettotouring.it\/radiotouring104\/2025\/11\/17\/consiglio-comunale-il-centrodestra-chiede-la-fine-della-consiliatura\/#primaryimage\"},\"image\":{\"@id\":\"https:\/\/progettotouring.it\/radiotouring104\/2025\/11\/17\/consiglio-comunale-il-centrodestra-chiede-la-fine-della-consiliatura\/#primaryimage\"},\"thumbnailUrl\":\"https:\/\/progettotouring.it\/radiotouring104\/wp-content\/uploads\/sites\/6\/2025\/06\/consiglieri-centrodestra.jpg\",\"datePublished\":\"2025-11-17T18:22:09+00:00\",\"description\":\"\u201cBasta messinscene, \u00e8 la fine dell\u2019era Falcomat\u00e0\u201d\",\"breadcrumb\":{\"@id\":\"https:\/\/progettotouring.it\/radiotouring104\/2025\/11\/17\/consiglio-comunale-il-centrodestra-chiede-la-fine-della-consiliatura\/#breadcrumb\"},\"inLanguage\":\"it-IT\",\"potentialAction\":[{\"@type\":\"ReadAction\",\"target\":[\"https:\/\/progettotouring.it\/radiotouring104\/2025\/11\/17\/consiglio-comunale-il-centrodestra-chiede-la-fine-della-consiliatura\/\"]}]},{\"@type\":\"ImageObject\",\"inLanguage\":\"it-IT\",\"@id\":\"https:\/\/progettotouring.it\/radiotouring104\/2025\/11\/17\/consiglio-comunale-il-centrodestra-chiede-la-fine-della-consiliatura\/#primaryimage\",\"url\":\"https:\/\/progettotouring.it\/radiotouring104\/wp-content\/uploads\/sites\/6\/2025\/06\/consiglieri-centrodestra.jpg\",\"contentUrl\":\"https:\/\/progettotouring.it\/radiotouring104\/wp-content\/uploads\/sites\/6\/2025\/06\/consiglieri-centrodestra.jpg\",\"width\":2000,\"height\":1545},{\"@type\":\"BreadcrumbList\",\"@id\":\"https:\/\/progettotouring.it\/radiotouring104\/2025\/11\/17\/consiglio-comunale-il-centrodestra-chiede-la-fine-della-consiliatura\/#breadcrumb\",\"itemListElement\":[{\"@type\":\"ListItem\",\"position\":1,\"name\":\"Home\",\"item\":\"https:\/\/progettotouring.it\/radiotouring104\/\"},{\"@type\":\"ListItem\",\"position\":2,\"name\":\"Consiglio comunale: il Centrodestra chiede la fine della consiliatura\"}]},{\"@type\":\"WebSite\",\"@id\":\"https:\/\/progettotouring.it\/radiotouring104\/#website\",\"url\":\"https:\/\/progettotouring.it\/radiotouring104\/\",\"name\":\"Radio Touring 104\",\"description\":\"La prima radio Reggina\",\"publisher\":{\"@id\":\"https:\/\/progettotouring.it\/radiotouring104\/#organization\"},\"potentialAction\":[{\"@type\":\"SearchAction\",\"target\":{\"@type\":\"EntryPoint\",\"urlTemplate\":\"https:\/\/progettotouring.it\/radiotouring104\/?s={search_term_string}\"},\"query-input\":{\"@type\":\"PropertyValueSpecification\",\"valueRequired\":true,\"valueName\":\"search_term_string\"}}],\"inLanguage\":\"it-IT\"},{\"@type\":\"Organization\",\"@id\":\"https:\/\/progettotouring.it\/radiotouring104\/#organization\",\"name\":\"Radio Touring 104\",\"url\":\"https:\/\/progettotouring.it\/radiotouring104\/\",\"logo\":{\"@type\":\"ImageObject\",\"inLanguage\":\"it-IT\",\"@id\":\"https:\/\/progettotouring.it\/radiotouring104\/#\/schema\/logo\/image\/\",\"url\":\"https:\/\/progettotouring.it\/radiotouring104\/wp-content\/uploads\/sites\/6\/2022\/02\/cropped-logo-radio-touring-104.png\",\"contentUrl\":\"https:\/\/progettotouring.it\/radiotouring104\/wp-content\/uploads\/sites\/6\/2022\/02\/cropped-logo-radio-touring-104.png\",\"width\":377,\"height\":182,\"caption\":\"Radio Touring 104\"},\"image\":{\"@id\":\"https:\/\/progettotouring.it\/radiotouring104\/#\/schema\/logo\/image\/\"}},{\"@type\":\"Person\",\"@id\":\"https:\/\/progettotouring.it\/radiotouring104\/#\/schema\/person\/b9f9c3730b0a78814c9b9f3bfc52c619\",\"name\":\"S L\",\"image\":{\"@type\":\"ImageObject\",\"inLanguage\":\"it-IT\",\"@id\":\"https:\/\/secure.gravatar.com\/avatar\/652c51789d7030aaed9ff828331360502a68204fe6fb0831bc280515210e16d2?s=96&d=mm&r=g\",\"url\":\"https:\/\/secure.gravatar.com\/avatar\/652c51789d7030aaed9ff828331360502a68204fe6fb0831bc280515210e16d2?s=96&d=mm&r=g\",\"contentUrl\":\"https:\/\/secure.gravatar.com\/avatar\/652c51789d7030aaed9ff828331360502a68204fe6fb0831bc280515210e16d2?s=96&d=mm&r=g\",\"caption\":\"S L\"},\"url\":\"https:\/\/progettotouring.it\/radiotouring104\/author\/slibri\/\"}]}<\/script>\n<!-- \/ Yoast SEO plugin. -->","yoast_head_json":{"title":"Consiglio comunale: il Centrodestra chiede la fine della consiliatura - Radio Touring 104","description":"\u201cBasta messinscene, \u00e8 la fine dell\u2019era Falcomat\u00e0\u201d","robots":{"index":"index","follow":"follow","max-snippet":"max-snippet:-1","max-image-preview":"max-image-preview:large","max-video-preview":"max-video-preview:-1"},"canonical":"https:\/\/progettotouring.it\/radiotouring104\/2025\/11\/17\/consiglio-comunale-il-centrodestra-chiede-la-fine-della-consiliatura\/","og_locale":"it_IT","og_type":"article","og_title":"Consiglio comunale: il Centrodestra chiede la fine della consiliatura - Radio Touring 104","og_description":"\u201cBasta messinscene, \u00e8 la fine dell\u2019era Falcomat\u00e0\u201d","og_url":"https:\/\/progettotouring.it\/radiotouring104\/2025\/11\/17\/consiglio-comunale-il-centrodestra-chiede-la-fine-della-consiliatura\/","og_site_name":"Radio Touring 104","article_published_time":"2025-11-17T18:22:09+00:00","og_image":[{"width":2000,"height":1545,"url":"https:\/\/progettotouring.it\/radiotouring104\/wp-content\/uploads\/sites\/6\/2025\/06\/consiglieri-centrodestra.jpg","type":"image\/jpeg"}],"author":"S L","twitter_card":"summary_large_image","twitter_misc":{"Scritto da":"S L","Tempo di lettura stimato":"2 minuti"},"schema":{"@context":"https:\/\/schema.org","@graph":[{"@type":"Article","@id":"https:\/\/progettotouring.it\/radiotouring104\/2025\/11\/17\/consiglio-comunale-il-centrodestra-chiede-la-fine-della-consiliatura\/#article","isPartOf":{"@id":"https:\/\/progettotouring.it\/radiotouring104\/2025\/11\/17\/consiglio-comunale-il-centrodestra-chiede-la-fine-della-consiliatura\/"},"author":{"name":"S L","@id":"https:\/\/progettotouring.it\/radiotouring104\/#\/schema\/person\/b9f9c3730b0a78814c9b9f3bfc52c619"},"headline":"Consiglio comunale: il Centrodestra chiede la fine della consiliatura","datePublished":"2025-11-17T18:22:09+00:00","mainEntityOfPage":{"@id":"https:\/\/progettotouring.it\/radiotouring104\/2025\/11\/17\/consiglio-comunale-il-centrodestra-chiede-la-fine-della-consiliatura\/"},"wordCount":314,"publisher":{"@id":"https:\/\/progettotouring.it\/radiotouring104\/#organization"},"image":{"@id":"https:\/\/progettotouring.it\/radiotouring104\/2025\/11\/17\/consiglio-comunale-il-centrodestra-chiede-la-fine-della-consiliatura\/#primaryimage"},"thumbnailUrl":"https:\/\/progettotouring.it\/radiotouring104\/wp-content\/uploads\/sites\/6\/2025\/06\/consiglieri-centrodestra.jpg","articleSection":["Home","In primo piano","News","Reggio Calabria"],"inLanguage":"it-IT"},{"@type":"WebPage","@id":"https:\/\/progettotouring.it\/radiotouring104\/2025\/11\/17\/consiglio-comunale-il-centrodestra-chiede-la-fine-della-consiliatura\/","url":"https:\/\/progettotouring.it\/radiotouring104\/2025\/11\/17\/consiglio-comunale-il-centrodestra-chiede-la-fine-della-consiliatura\/","name":"Consiglio comunale: il Centrodestra chiede la fine della consiliatura - Radio Touring 104","isPartOf":{"@id":"https:\/\/progettotouring.it\/radiotouring104\/#website"},"primaryImageOfPage":{"@id":"https:\/\/progettotouring.it\/radiotouring104\/2025\/11\/17\/consiglio-comunale-il-centrodestra-chiede-la-fine-della-consiliatura\/#primaryimage"},"image":{"@id":"https:\/\/progettotouring.it\/radiotouring104\/2025\/11\/17\/consiglio-comunale-il-centrodestra-chiede-la-fine-della-consiliatura\/#primaryimage"},"thumbnailUrl":"https:\/\/progettotouring.it\/radiotouring104\/wp-content\/uploads\/sites\/6\/2025\/06\/consiglieri-centrodestra.jpg","datePublished":"2025-11-17T18:22:09+00:00","description":"\u201cBasta messinscene, \u00e8 la fine dell\u2019era Falcomat\u00e0\u201d","breadcrumb":{"@id":"https:\/\/progettotouring.it\/radiotouring104\/2025\/11\/17\/consiglio-comunale-il-centrodestra-chiede-la-fine-della-consiliatura\/#breadcrumb"},"inLanguage":"it-IT","potentialAction":[{"@type":"ReadAction","target":["https:\/\/progettotouring.it\/radiotouring104\/2025\/11\/17\/consiglio-comunale-il-centrodestra-chiede-la-fine-della-consiliatura\/"]}]},{"@type":"ImageObject","inLanguage":"it-IT","@id":"https:\/\/progettotouring.it\/radiotouring104\/2025\/11\/17\/consiglio-comunale-il-centrodestra-chiede-la-fine-della-consiliatura\/#primaryimage","url":"https:\/\/progettotouring.it\/radiotouring104\/wp-content\/uploads\/sites\/6\/2025\/06\/consiglieri-centrodestra.jpg","contentUrl":"https:\/\/progettotouring.it\/radiotouring104\/wp-content\/uploads\/sites\/6\/2025\/06\/consiglieri-centrodestra.jpg","width":2000,"height":1545},{"@type":"BreadcrumbList","@id":"https:\/\/progettotouring.it\/radiotouring104\/2025\/11\/17\/consiglio-comunale-il-centrodestra-chiede-la-fine-della-consiliatura\/#breadcrumb","itemListElement":[{"@type":"ListItem","position":1,"name":"Home","item":"https:\/\/progettotouring.it\/radiotouring104\/"},{"@type":"ListItem","position":2,"name":"Consiglio comunale: il Centrodestra chiede la fine della consiliatura"}]},{"@type":"WebSite","@id":"https:\/\/progettotouring.it\/radiotouring104\/#website","url":"https:\/\/progettotouring.it\/radiotouring104\/","name":"Radio Touring 104","description":"La prima radio Reggina","publisher":{"@id":"https:\/\/progettotouring.it\/radiotouring104\/#organization"},"potentialAction":[{"@type":"SearchAction","target":{"@type":"EntryPoint","urlTemplate":"https:\/\/progettotouring.it\/radiotouring104\/?s={search_term_string}"},"query-input":{"@type":"PropertyValueSpecification","valueRequired":true,"valueName":"search_term_string"}}],"inLanguage":"it-IT"},{"@type":"Organization","@id":"https:\/\/progettotouring.it\/radiotouring104\/#organization","name":"Radio Touring 104","url":"https:\/\/progettotouring.it\/radiotouring104\/","logo":{"@type":"ImageObject","inLanguage":"it-IT","@id":"https:\/\/progettotouring.it\/radiotouring104\/#\/schema\/logo\/image\/","url":"https:\/\/progettotouring.it\/radiotouring104\/wp-content\/uploads\/sites\/6\/2022\/02\/cropped-logo-radio-touring-104.png","contentUrl":"https:\/\/progettotouring.it\/radiotouring104\/wp-content\/uploads\/sites\/6\/2022\/02\/cropped-logo-radio-touring-104.png","width":377,"height":182,"caption":"Radio Touring 104"},"image":{"@id":"https:\/\/progettotouring.it\/radiotouring104\/#\/schema\/logo\/image\/"}},{"@type":"Person","@id":"https:\/\/progettotouring.it\/radiotouring104\/#\/schema\/person\/b9f9c3730b0a78814c9b9f3bfc52c619","name":"S L","image":{"@type":"ImageObject","inLanguage":"it-IT","@id":"https:\/\/secure.gravatar.com\/avatar\/652c51789d7030aaed9ff828331360502a68204fe6fb0831bc280515210e16d2?s=96&d=mm&r=g","url":"https:\/\/secure.gravatar.com\/avatar\/652c51789d7030aaed9ff828331360502a68204fe6fb0831bc280515210e16d2?s=96&d=mm&r=g","contentUrl":"https:\/\/secure.gravatar.com\/avatar\/652c51789d7030aaed9ff828331360502a68204fe6fb0831bc280515210e16d2?s=96&d=mm&r=g","caption":"S L"},"url":"https:\/\/progettotouring.it\/radiotouring104\/author\/slibri\/"}]}},"jetpack_publicize_connections":[],"jetpack_featured_media_url":"https:\/\/progettotouring.it\/radiotouring104\/wp-content\/uploads\/sites\/6\/2025\/06\/consiglieri-centrodestra.jpg","jetpack_sharing_enabled":true,"_links":{"self":[{"href":"https:\/\/progettotouring.it\/radiotouring104\/wp-json\/wp\/v2\/posts\/85982","targetHints":{"allow":["GET"]}}],"collection":[{"href":"https:\/\/progettotouring.it\/radiotouring104\/wp-json\/wp\/v2\/posts"}],"about":[{"href":"https:\/\/progettotouring.it\/radiotouring104\/wp-json\/wp\/v2\/types\/post"}],"author":[{"embeddable":true,"href":"https:\/\/progettotouring.it\/radiotouring104\/wp-json\/wp\/v2\/users\/19"}],"replies":[{"embeddable":true,"href":"https:\/\/progettotouring.it\/radiotouring104\/wp-json\/wp\/v2\/comments?post=85982"}],"version-history":[{"count":1,"href":"https:\/\/progettotouring.it\/radiotouring104\/wp-json\/wp\/v2\/posts\/85982\/revisions"}],"predecessor-version":[{"id":85983,"href":"https:\/\/progettotouring.it\/radiotouring104\/wp-json\/wp\/v2\/posts\/85982\/revisions\/85983"}],"wp:featuredmedia":[{"embeddable":true,"href":"https:\/\/progettotouring.it\/radiotouring104\/wp-json\/wp\/v2\/media\/76727"}],"wp:attachment":[{"href":"https:\/\/progettotouring.it\/radiotouring104\/wp-json\/wp\/v2\/media?parent=85982"}],"wp:term":[{"taxonomy":"category","embeddable":true,"href":"https:\/\/progettotouring.it\/radiotouring104\/wp-json\/wp\/v2\/categories?post=85982"},{"taxonomy":"post_tag","embeddable":true,"href":"https:\/\/progettotouring.it\/radiotouring104\/wp-json\/wp\/v2\/tags?post=85982"}],"curies":[{"name":"wp","href":"https:\/\/api.w.org\/{rel}","templated":true}]}}