{"id":85991,"date":"2025-11-17T20:58:07","date_gmt":"2025-11-17T19:58:07","guid":{"rendered":"https:\/\/progettotouring.it\/radiotouring104\/?p=85991"},"modified":"2025-11-17T20:58:07","modified_gmt":"2025-11-17T19:58:07","slug":"sinergia-tra-luniversita-mediterranea-e-lunione-italiana-dei-ciechi-e-degli-ipovedenti-reggina","status":"publish","type":"post","link":"https:\/\/progettotouring.it\/radiotouring104\/2025\/11\/17\/sinergia-tra-luniversita-mediterranea-e-lunione-italiana-dei-ciechi-e-degli-ipovedenti-reggina\/","title":{"rendered":"Sinergia tra l&#8217;Universit\u00e0 Mediterranea e l\u2019Unione Italiana dei Ciechi e degli Ipovedenti reggina"},"content":{"rendered":"<p style=\"font-weight: 400\">Un significativo tavolo di lavoro dal titolo:\u00a0<strong>&#8220;Istruzione e Lavoro: un Connubio Indissolubile&#8221;<\/strong>, si \u00e8 svolto presso la sede dell\u2019Unione Italiana dei Ciechi e degli Ipovedenti (UICI) \u2013 Sezione Territoriale di Reggio Calabria.<\/p>\n<p style=\"font-weight: 400\">L&#8217;iniziativa rientra nelle attivit\u00e0 promosse dall&#8217;UICI, grazie al contributo della Citt\u00e0 Metropolitana di Reggio Calabria, Settore 7 \u201c<em>Istruzione &#8211; Sport &#8211; Politiche Sociali\u201d<\/em>, in attuazione del protocollo d\u2019intesa sottoscritto con l\u2019Unione reggina.<\/p>\n<p style=\"font-weight: 400\">Sotto la guida della Dottoressa Sabrina Stuppino \u00e8 stata offerta la possibilit\u00e0 di sperimentare la tatto-esplorazione di alcune schede didattiche in rilievo, specificamente concepite per l&#8217;apprendimento.<\/p>\n<p style=\"font-weight: 400\">Di notevole interesse \u00e8 stata la relazione della Consigliera Carmela Petrelli, che ha arricchito il dibattito con una dimostrazione pratica sull&#8217;utilizzo delle tecnologie assistive impiegate dalle persone non vedenti nell&#8217;ambiente lavorativo. L&#8217;intervento ha messo in luce l&#8217;autonomia professionale conseguibile grazie a questi strumenti.<\/p>\n<p style=\"font-weight: 400\">L&#8217;evento ha visto la partecipazione attiva dell&#8217;Universit\u00e0 Mediterranea di Reggio Calabria, rappresentata da docenti e responsabili del Corso di Laurea in Design.<\/p>\n<p style=\"font-weight: 400\">L&#8217;Universit\u00e0 ha donato alla Presidente Francesca Marino il logo, un gesto simbolico di attenzione verso l&#8217;accessibilit\u00e0 e la fruizione tattile.<\/p>\n<p style=\"font-weight: 400\"><em>\u201cL\u2019istruzione e il lavoro sono due tematiche che ci stanno molto a cuore, in quanto entrambi se ben acquisiti portano una piena integrazione per chi ha una disabilit\u00e0 visiva. Oggi<\/em>\u00a0\u2013 ha sottolineato la Presidente dell\u2019UICI di Reggio Calabria, Marino &#8211;\u00a0<em>abbiamo in sala alcuni rappresentanti dell\u2019Universit\u00e0 Mediterranea di Reggio Calabria, che ci hanno consegnato il loro logo in 3d. Ovviamente ringrazio l\u2019Ateneo reggino per questo gesto, perch\u00e9 si sono dimostrati molto disponibili e particolarmente sensibili e aperti verso le disabilit\u00e0, in questo caso nei confronti di portatori di cecit\u00e0 assoluta. Si auspica\u00a0<\/em>\u2013 ha concluso la presidente &#8211;<em>\u00a0che questo progetto, che unisce innovazione didattica e inclusione, segua l&#8217;inizio di un percorso fertile, aprendo nuove strade di collaborazione e crescita formativa volte a un&#8217;istruzione che sia veramente per tutti\u201d.<\/em><\/p>\n<p style=\"font-weight: 400\">Non \u00e8 mancato il momento di prevenzione. L\u2019oculista dottoressa Annamaria Rosato ha illustrato ai presenti la \u201c<em>Carta della Salute dell&#8217;occhio\u201d<\/em>, soffermandosi in particolare sul glaucoma, una neuropatia degenerativa che, una volta instaurato il danno, risulta irreversibile. Per questo motivo ha ricordato a tutti il valore dei controlli regolari e della diagnosi precoce.<\/p>\n<p style=\"font-weight: 400\">A conferma dell\u2019impegno concreto nella prevenzione delle patologie oculari, l\u2019Unione Ciechi di Reggio Calabria ha nuovamente messo a disposizione il proprio gabinetto oculistico, consentendo ai cittadini di sottoporsi a visite oculistiche gratuite, eseguite dal dottor Michele Fiorentino.<\/p>\n","protected":false},"excerpt":{"rendered":"<p>Un significativo tavolo di lavoro dal titolo:\u00a0&#8220;Istruzione e Lavoro: un Connubio Indissolubile&#8221;, si \u00e8 svolto presso la sede dell\u2019Unione Italiana dei Ciechi e degli Ipovedenti (UICI) \u2013 Sezione Territoriale di&hellip;<\/p>\n","protected":false},"author":19,"featured_media":85992,"comment_status":"closed","ping_status":"open","sticky":false,"template":"","format":"standard","meta":{"_jetpack_memberships_contains_paid_content":false,"footnotes":"","jetpack_publicize_message":"","jetpack_publicize_feature_enabled":true,"jetpack_social_post_already_shared":true,"jetpack_social_options":{"image_generator_settings":{"template":"highway","default_image_id":0,"font":"","enabled":false},"version":2}},"categories":[921,196,140],"tags":[],"class_list":["post-85991","post","type-post","status-publish","format-standard","has-post-thumbnail","hentry","category-home","category-news","category-reggio-calabria"],"yoast_head":"<!-- This site is optimized with the Yoast SEO plugin v27.2 - https:\/\/yoast.com\/product\/yoast-seo-wordpress\/ -->\n<title>Sinergia tra l&#039;Universit\u00e0 Mediterranea e l\u2019Unione Italiana dei Ciechi e degli Ipovedenti reggina - Radio Touring 104<\/title>\n<meta name=\"description\" content=\"Istruzione e Lavoro: un Connubio Indissolubile&quot;: questo l&#039;argomento del tavolo di lavoro\" \/>\n<meta name=\"robots\" content=\"index, follow, max-snippet:-1, max-image-preview:large, max-video-preview:-1\" \/>\n<link rel=\"canonical\" href=\"https:\/\/progettotouring.it\/radiotouring104\/2025\/11\/17\/sinergia-tra-luniversita-mediterranea-e-lunione-italiana-dei-ciechi-e-degli-ipovedenti-reggina\/\" \/>\n<meta property=\"og:locale\" content=\"it_IT\" \/>\n<meta property=\"og:type\" content=\"article\" \/>\n<meta property=\"og:title\" content=\"Sinergia tra l&#039;Universit\u00e0 Mediterranea e l\u2019Unione Italiana dei Ciechi e degli Ipovedenti reggina - Radio Touring 104\" \/>\n<meta property=\"og:description\" content=\"Istruzione e Lavoro: un Connubio Indissolubile&quot;: questo l&#039;argomento del tavolo di lavoro\" \/>\n<meta property=\"og:url\" content=\"https:\/\/progettotouring.it\/radiotouring104\/2025\/11\/17\/sinergia-tra-luniversita-mediterranea-e-lunione-italiana-dei-ciechi-e-degli-ipovedenti-reggina\/\" \/>\n<meta property=\"og:site_name\" content=\"Radio Touring 104\" \/>\n<meta property=\"article:published_time\" content=\"2025-11-17T19:58:07+00:00\" \/>\n<meta property=\"og:image\" content=\"https:\/\/progettotouring.it\/radiotouring104\/wp-content\/uploads\/sites\/6\/2025\/11\/IMMAGINI-X-SITO-2025-11-17T205658.212.jpg\" \/>\n\t<meta property=\"og:image:width\" content=\"2000\" \/>\n\t<meta property=\"og:image:height\" content=\"1545\" \/>\n\t<meta property=\"og:image:type\" content=\"image\/jpeg\" \/>\n<meta name=\"author\" content=\"S L\" \/>\n<meta name=\"twitter:card\" content=\"summary_large_image\" \/>\n<meta name=\"twitter:label1\" content=\"Scritto da\" \/>\n\t<meta name=\"twitter:data1\" content=\"S L\" \/>\n\t<meta name=\"twitter:label2\" content=\"Tempo di lettura stimato\" \/>\n\t<meta name=\"twitter:data2\" content=\"2 minuti\" \/>\n<script type=\"application\/ld+json\" class=\"yoast-schema-graph\">{\"@context\":\"https:\/\/schema.org\",\"@graph\":[{\"@type\":\"Article\",\"@id\":\"https:\/\/progettotouring.it\/radiotouring104\/2025\/11\/17\/sinergia-tra-luniversita-mediterranea-e-lunione-italiana-dei-ciechi-e-degli-ipovedenti-reggina\/#article\",\"isPartOf\":{\"@id\":\"https:\/\/progettotouring.it\/radiotouring104\/2025\/11\/17\/sinergia-tra-luniversita-mediterranea-e-lunione-italiana-dei-ciechi-e-degli-ipovedenti-reggina\/\"},\"author\":{\"name\":\"S L\",\"@id\":\"https:\/\/progettotouring.it\/radiotouring104\/#\/schema\/person\/b9f9c3730b0a78814c9b9f3bfc52c619\"},\"headline\":\"Sinergia tra l&#8217;Universit\u00e0 Mediterranea e l\u2019Unione Italiana dei Ciechi e degli Ipovedenti reggina\",\"datePublished\":\"2025-11-17T19:58:07+00:00\",\"mainEntityOfPage\":{\"@id\":\"https:\/\/progettotouring.it\/radiotouring104\/2025\/11\/17\/sinergia-tra-luniversita-mediterranea-e-lunione-italiana-dei-ciechi-e-degli-ipovedenti-reggina\/\"},\"wordCount\":411,\"publisher\":{\"@id\":\"https:\/\/progettotouring.it\/radiotouring104\/#organization\"},\"image\":{\"@id\":\"https:\/\/progettotouring.it\/radiotouring104\/2025\/11\/17\/sinergia-tra-luniversita-mediterranea-e-lunione-italiana-dei-ciechi-e-degli-ipovedenti-reggina\/#primaryimage\"},\"thumbnailUrl\":\"https:\/\/progettotouring.it\/radiotouring104\/wp-content\/uploads\/sites\/6\/2025\/11\/IMMAGINI-X-SITO-2025-11-17T205658.212.jpg\",\"articleSection\":[\"Home\",\"News\",\"Reggio Calabria\"],\"inLanguage\":\"it-IT\"},{\"@type\":\"WebPage\",\"@id\":\"https:\/\/progettotouring.it\/radiotouring104\/2025\/11\/17\/sinergia-tra-luniversita-mediterranea-e-lunione-italiana-dei-ciechi-e-degli-ipovedenti-reggina\/\",\"url\":\"https:\/\/progettotouring.it\/radiotouring104\/2025\/11\/17\/sinergia-tra-luniversita-mediterranea-e-lunione-italiana-dei-ciechi-e-degli-ipovedenti-reggina\/\",\"name\":\"Sinergia tra l'Universit\u00e0 Mediterranea e l\u2019Unione Italiana dei Ciechi e degli Ipovedenti reggina - Radio Touring 104\",\"isPartOf\":{\"@id\":\"https:\/\/progettotouring.it\/radiotouring104\/#website\"},\"primaryImageOfPage\":{\"@id\":\"https:\/\/progettotouring.it\/radiotouring104\/2025\/11\/17\/sinergia-tra-luniversita-mediterranea-e-lunione-italiana-dei-ciechi-e-degli-ipovedenti-reggina\/#primaryimage\"},\"image\":{\"@id\":\"https:\/\/progettotouring.it\/radiotouring104\/2025\/11\/17\/sinergia-tra-luniversita-mediterranea-e-lunione-italiana-dei-ciechi-e-degli-ipovedenti-reggina\/#primaryimage\"},\"thumbnailUrl\":\"https:\/\/progettotouring.it\/radiotouring104\/wp-content\/uploads\/sites\/6\/2025\/11\/IMMAGINI-X-SITO-2025-11-17T205658.212.jpg\",\"datePublished\":\"2025-11-17T19:58:07+00:00\",\"description\":\"Istruzione e Lavoro: un Connubio Indissolubile\\\": questo l'argomento del tavolo di lavoro\",\"breadcrumb\":{\"@id\":\"https:\/\/progettotouring.it\/radiotouring104\/2025\/11\/17\/sinergia-tra-luniversita-mediterranea-e-lunione-italiana-dei-ciechi-e-degli-ipovedenti-reggina\/#breadcrumb\"},\"inLanguage\":\"it-IT\",\"potentialAction\":[{\"@type\":\"ReadAction\",\"target\":[\"https:\/\/progettotouring.it\/radiotouring104\/2025\/11\/17\/sinergia-tra-luniversita-mediterranea-e-lunione-italiana-dei-ciechi-e-degli-ipovedenti-reggina\/\"]}]},{\"@type\":\"ImageObject\",\"inLanguage\":\"it-IT\",\"@id\":\"https:\/\/progettotouring.it\/radiotouring104\/2025\/11\/17\/sinergia-tra-luniversita-mediterranea-e-lunione-italiana-dei-ciechi-e-degli-ipovedenti-reggina\/#primaryimage\",\"url\":\"https:\/\/progettotouring.it\/radiotouring104\/wp-content\/uploads\/sites\/6\/2025\/11\/IMMAGINI-X-SITO-2025-11-17T205658.212.jpg\",\"contentUrl\":\"https:\/\/progettotouring.it\/radiotouring104\/wp-content\/uploads\/sites\/6\/2025\/11\/IMMAGINI-X-SITO-2025-11-17T205658.212.jpg\",\"width\":2000,\"height\":1545},{\"@type\":\"BreadcrumbList\",\"@id\":\"https:\/\/progettotouring.it\/radiotouring104\/2025\/11\/17\/sinergia-tra-luniversita-mediterranea-e-lunione-italiana-dei-ciechi-e-degli-ipovedenti-reggina\/#breadcrumb\",\"itemListElement\":[{\"@type\":\"ListItem\",\"position\":1,\"name\":\"Home\",\"item\":\"https:\/\/progettotouring.it\/radiotouring104\/\"},{\"@type\":\"ListItem\",\"position\":2,\"name\":\"Sinergia tra l&#8217;Universit\u00e0 Mediterranea e l\u2019Unione Italiana dei Ciechi e degli Ipovedenti reggina\"}]},{\"@type\":\"WebSite\",\"@id\":\"https:\/\/progettotouring.it\/radiotouring104\/#website\",\"url\":\"https:\/\/progettotouring.it\/radiotouring104\/\",\"name\":\"Radio Touring 104\",\"description\":\"La prima radio Reggina\",\"publisher\":{\"@id\":\"https:\/\/progettotouring.it\/radiotouring104\/#organization\"},\"potentialAction\":[{\"@type\":\"SearchAction\",\"target\":{\"@type\":\"EntryPoint\",\"urlTemplate\":\"https:\/\/progettotouring.it\/radiotouring104\/?s={search_term_string}\"},\"query-input\":{\"@type\":\"PropertyValueSpecification\",\"valueRequired\":true,\"valueName\":\"search_term_string\"}}],\"inLanguage\":\"it-IT\"},{\"@type\":\"Organization\",\"@id\":\"https:\/\/progettotouring.it\/radiotouring104\/#organization\",\"name\":\"Radio Touring 104\",\"url\":\"https:\/\/progettotouring.it\/radiotouring104\/\",\"logo\":{\"@type\":\"ImageObject\",\"inLanguage\":\"it-IT\",\"@id\":\"https:\/\/progettotouring.it\/radiotouring104\/#\/schema\/logo\/image\/\",\"url\":\"https:\/\/progettotouring.it\/radiotouring104\/wp-content\/uploads\/sites\/6\/2022\/02\/cropped-logo-radio-touring-104.png\",\"contentUrl\":\"https:\/\/progettotouring.it\/radiotouring104\/wp-content\/uploads\/sites\/6\/2022\/02\/cropped-logo-radio-touring-104.png\",\"width\":377,\"height\":182,\"caption\":\"Radio Touring 104\"},\"image\":{\"@id\":\"https:\/\/progettotouring.it\/radiotouring104\/#\/schema\/logo\/image\/\"}},{\"@type\":\"Person\",\"@id\":\"https:\/\/progettotouring.it\/radiotouring104\/#\/schema\/person\/b9f9c3730b0a78814c9b9f3bfc52c619\",\"name\":\"S L\",\"image\":{\"@type\":\"ImageObject\",\"inLanguage\":\"it-IT\",\"@id\":\"https:\/\/secure.gravatar.com\/avatar\/652c51789d7030aaed9ff828331360502a68204fe6fb0831bc280515210e16d2?s=96&d=mm&r=g\",\"url\":\"https:\/\/secure.gravatar.com\/avatar\/652c51789d7030aaed9ff828331360502a68204fe6fb0831bc280515210e16d2?s=96&d=mm&r=g\",\"contentUrl\":\"https:\/\/secure.gravatar.com\/avatar\/652c51789d7030aaed9ff828331360502a68204fe6fb0831bc280515210e16d2?s=96&d=mm&r=g\",\"caption\":\"S L\"},\"url\":\"https:\/\/progettotouring.it\/radiotouring104\/author\/slibri\/\"}]}<\/script>\n<!-- \/ Yoast SEO plugin. -->","yoast_head_json":{"title":"Sinergia tra l'Universit\u00e0 Mediterranea e l\u2019Unione Italiana dei Ciechi e degli Ipovedenti reggina - Radio Touring 104","description":"Istruzione e Lavoro: un Connubio Indissolubile\": questo l'argomento del tavolo di lavoro","robots":{"index":"index","follow":"follow","max-snippet":"max-snippet:-1","max-image-preview":"max-image-preview:large","max-video-preview":"max-video-preview:-1"},"canonical":"https:\/\/progettotouring.it\/radiotouring104\/2025\/11\/17\/sinergia-tra-luniversita-mediterranea-e-lunione-italiana-dei-ciechi-e-degli-ipovedenti-reggina\/","og_locale":"it_IT","og_type":"article","og_title":"Sinergia tra l'Universit\u00e0 Mediterranea e l\u2019Unione Italiana dei Ciechi e degli Ipovedenti reggina - Radio Touring 104","og_description":"Istruzione e Lavoro: un Connubio Indissolubile\": questo l'argomento del tavolo di lavoro","og_url":"https:\/\/progettotouring.it\/radiotouring104\/2025\/11\/17\/sinergia-tra-luniversita-mediterranea-e-lunione-italiana-dei-ciechi-e-degli-ipovedenti-reggina\/","og_site_name":"Radio Touring 104","article_published_time":"2025-11-17T19:58:07+00:00","og_image":[{"width":2000,"height":1545,"url":"https:\/\/progettotouring.it\/radiotouring104\/wp-content\/uploads\/sites\/6\/2025\/11\/IMMAGINI-X-SITO-2025-11-17T205658.212.jpg","type":"image\/jpeg"}],"author":"S L","twitter_card":"summary_large_image","twitter_misc":{"Scritto da":"S L","Tempo di lettura stimato":"2 minuti"},"schema":{"@context":"https:\/\/schema.org","@graph":[{"@type":"Article","@id":"https:\/\/progettotouring.it\/radiotouring104\/2025\/11\/17\/sinergia-tra-luniversita-mediterranea-e-lunione-italiana-dei-ciechi-e-degli-ipovedenti-reggina\/#article","isPartOf":{"@id":"https:\/\/progettotouring.it\/radiotouring104\/2025\/11\/17\/sinergia-tra-luniversita-mediterranea-e-lunione-italiana-dei-ciechi-e-degli-ipovedenti-reggina\/"},"author":{"name":"S L","@id":"https:\/\/progettotouring.it\/radiotouring104\/#\/schema\/person\/b9f9c3730b0a78814c9b9f3bfc52c619"},"headline":"Sinergia tra l&#8217;Universit\u00e0 Mediterranea e l\u2019Unione Italiana dei Ciechi e degli Ipovedenti reggina","datePublished":"2025-11-17T19:58:07+00:00","mainEntityOfPage":{"@id":"https:\/\/progettotouring.it\/radiotouring104\/2025\/11\/17\/sinergia-tra-luniversita-mediterranea-e-lunione-italiana-dei-ciechi-e-degli-ipovedenti-reggina\/"},"wordCount":411,"publisher":{"@id":"https:\/\/progettotouring.it\/radiotouring104\/#organization"},"image":{"@id":"https:\/\/progettotouring.it\/radiotouring104\/2025\/11\/17\/sinergia-tra-luniversita-mediterranea-e-lunione-italiana-dei-ciechi-e-degli-ipovedenti-reggina\/#primaryimage"},"thumbnailUrl":"https:\/\/progettotouring.it\/radiotouring104\/wp-content\/uploads\/sites\/6\/2025\/11\/IMMAGINI-X-SITO-2025-11-17T205658.212.jpg","articleSection":["Home","News","Reggio Calabria"],"inLanguage":"it-IT"},{"@type":"WebPage","@id":"https:\/\/progettotouring.it\/radiotouring104\/2025\/11\/17\/sinergia-tra-luniversita-mediterranea-e-lunione-italiana-dei-ciechi-e-degli-ipovedenti-reggina\/","url":"https:\/\/progettotouring.it\/radiotouring104\/2025\/11\/17\/sinergia-tra-luniversita-mediterranea-e-lunione-italiana-dei-ciechi-e-degli-ipovedenti-reggina\/","name":"Sinergia tra l'Universit\u00e0 Mediterranea e l\u2019Unione Italiana dei Ciechi e degli Ipovedenti reggina - Radio Touring 104","isPartOf":{"@id":"https:\/\/progettotouring.it\/radiotouring104\/#website"},"primaryImageOfPage":{"@id":"https:\/\/progettotouring.it\/radiotouring104\/2025\/11\/17\/sinergia-tra-luniversita-mediterranea-e-lunione-italiana-dei-ciechi-e-degli-ipovedenti-reggina\/#primaryimage"},"image":{"@id":"https:\/\/progettotouring.it\/radiotouring104\/2025\/11\/17\/sinergia-tra-luniversita-mediterranea-e-lunione-italiana-dei-ciechi-e-degli-ipovedenti-reggina\/#primaryimage"},"thumbnailUrl":"https:\/\/progettotouring.it\/radiotouring104\/wp-content\/uploads\/sites\/6\/2025\/11\/IMMAGINI-X-SITO-2025-11-17T205658.212.jpg","datePublished":"2025-11-17T19:58:07+00:00","description":"Istruzione e Lavoro: un Connubio Indissolubile\": questo l'argomento del tavolo di lavoro","breadcrumb":{"@id":"https:\/\/progettotouring.it\/radiotouring104\/2025\/11\/17\/sinergia-tra-luniversita-mediterranea-e-lunione-italiana-dei-ciechi-e-degli-ipovedenti-reggina\/#breadcrumb"},"inLanguage":"it-IT","potentialAction":[{"@type":"ReadAction","target":["https:\/\/progettotouring.it\/radiotouring104\/2025\/11\/17\/sinergia-tra-luniversita-mediterranea-e-lunione-italiana-dei-ciechi-e-degli-ipovedenti-reggina\/"]}]},{"@type":"ImageObject","inLanguage":"it-IT","@id":"https:\/\/progettotouring.it\/radiotouring104\/2025\/11\/17\/sinergia-tra-luniversita-mediterranea-e-lunione-italiana-dei-ciechi-e-degli-ipovedenti-reggina\/#primaryimage","url":"https:\/\/progettotouring.it\/radiotouring104\/wp-content\/uploads\/sites\/6\/2025\/11\/IMMAGINI-X-SITO-2025-11-17T205658.212.jpg","contentUrl":"https:\/\/progettotouring.it\/radiotouring104\/wp-content\/uploads\/sites\/6\/2025\/11\/IMMAGINI-X-SITO-2025-11-17T205658.212.jpg","width":2000,"height":1545},{"@type":"BreadcrumbList","@id":"https:\/\/progettotouring.it\/radiotouring104\/2025\/11\/17\/sinergia-tra-luniversita-mediterranea-e-lunione-italiana-dei-ciechi-e-degli-ipovedenti-reggina\/#breadcrumb","itemListElement":[{"@type":"ListItem","position":1,"name":"Home","item":"https:\/\/progettotouring.it\/radiotouring104\/"},{"@type":"ListItem","position":2,"name":"Sinergia tra l&#8217;Universit\u00e0 Mediterranea e l\u2019Unione Italiana dei Ciechi e degli Ipovedenti reggina"}]},{"@type":"WebSite","@id":"https:\/\/progettotouring.it\/radiotouring104\/#website","url":"https:\/\/progettotouring.it\/radiotouring104\/","name":"Radio Touring 104","description":"La prima radio Reggina","publisher":{"@id":"https:\/\/progettotouring.it\/radiotouring104\/#organization"},"potentialAction":[{"@type":"SearchAction","target":{"@type":"EntryPoint","urlTemplate":"https:\/\/progettotouring.it\/radiotouring104\/?s={search_term_string}"},"query-input":{"@type":"PropertyValueSpecification","valueRequired":true,"valueName":"search_term_string"}}],"inLanguage":"it-IT"},{"@type":"Organization","@id":"https:\/\/progettotouring.it\/radiotouring104\/#organization","name":"Radio Touring 104","url":"https:\/\/progettotouring.it\/radiotouring104\/","logo":{"@type":"ImageObject","inLanguage":"it-IT","@id":"https:\/\/progettotouring.it\/radiotouring104\/#\/schema\/logo\/image\/","url":"https:\/\/progettotouring.it\/radiotouring104\/wp-content\/uploads\/sites\/6\/2022\/02\/cropped-logo-radio-touring-104.png","contentUrl":"https:\/\/progettotouring.it\/radiotouring104\/wp-content\/uploads\/sites\/6\/2022\/02\/cropped-logo-radio-touring-104.png","width":377,"height":182,"caption":"Radio Touring 104"},"image":{"@id":"https:\/\/progettotouring.it\/radiotouring104\/#\/schema\/logo\/image\/"}},{"@type":"Person","@id":"https:\/\/progettotouring.it\/radiotouring104\/#\/schema\/person\/b9f9c3730b0a78814c9b9f3bfc52c619","name":"S L","image":{"@type":"ImageObject","inLanguage":"it-IT","@id":"https:\/\/secure.gravatar.com\/avatar\/652c51789d7030aaed9ff828331360502a68204fe6fb0831bc280515210e16d2?s=96&d=mm&r=g","url":"https:\/\/secure.gravatar.com\/avatar\/652c51789d7030aaed9ff828331360502a68204fe6fb0831bc280515210e16d2?s=96&d=mm&r=g","contentUrl":"https:\/\/secure.gravatar.com\/avatar\/652c51789d7030aaed9ff828331360502a68204fe6fb0831bc280515210e16d2?s=96&d=mm&r=g","caption":"S L"},"url":"https:\/\/progettotouring.it\/radiotouring104\/author\/slibri\/"}]}},"jetpack_publicize_connections":[],"jetpack_featured_media_url":"https:\/\/progettotouring.it\/radiotouring104\/wp-content\/uploads\/sites\/6\/2025\/11\/IMMAGINI-X-SITO-2025-11-17T205658.212.jpg","jetpack_sharing_enabled":true,"_links":{"self":[{"href":"https:\/\/progettotouring.it\/radiotouring104\/wp-json\/wp\/v2\/posts\/85991","targetHints":{"allow":["GET"]}}],"collection":[{"href":"https:\/\/progettotouring.it\/radiotouring104\/wp-json\/wp\/v2\/posts"}],"about":[{"href":"https:\/\/progettotouring.it\/radiotouring104\/wp-json\/wp\/v2\/types\/post"}],"author":[{"embeddable":true,"href":"https:\/\/progettotouring.it\/radiotouring104\/wp-json\/wp\/v2\/users\/19"}],"replies":[{"embeddable":true,"href":"https:\/\/progettotouring.it\/radiotouring104\/wp-json\/wp\/v2\/comments?post=85991"}],"version-history":[{"count":1,"href":"https:\/\/progettotouring.it\/radiotouring104\/wp-json\/wp\/v2\/posts\/85991\/revisions"}],"predecessor-version":[{"id":85993,"href":"https:\/\/progettotouring.it\/radiotouring104\/wp-json\/wp\/v2\/posts\/85991\/revisions\/85993"}],"wp:featuredmedia":[{"embeddable":true,"href":"https:\/\/progettotouring.it\/radiotouring104\/wp-json\/wp\/v2\/media\/85992"}],"wp:attachment":[{"href":"https:\/\/progettotouring.it\/radiotouring104\/wp-json\/wp\/v2\/media?parent=85991"}],"wp:term":[{"taxonomy":"category","embeddable":true,"href":"https:\/\/progettotouring.it\/radiotouring104\/wp-json\/wp\/v2\/categories?post=85991"},{"taxonomy":"post_tag","embeddable":true,"href":"https:\/\/progettotouring.it\/radiotouring104\/wp-json\/wp\/v2\/tags?post=85991"}],"curies":[{"name":"wp","href":"https:\/\/api.w.org\/{rel}","templated":true}]}}