{"id":86022,"date":"2025-11-18T17:20:04","date_gmt":"2025-11-18T16:20:04","guid":{"rendered":"https:\/\/progettotouring.it\/radiotouring104\/?p=86022"},"modified":"2025-11-19T13:23:20","modified_gmt":"2025-11-19T12:23:20","slug":"reggio-dice-addio-a-paolo-vale-figura-di-grande-valore-umano-e-professionale","status":"publish","type":"post","link":"https:\/\/progettotouring.it\/radiotouring104\/2025\/11\/18\/reggio-dice-addio-a-paolo-vale-figura-di-grande-valore-umano-e-professionale\/","title":{"rendered":"Reggio dice addio a Paolo Vale \u00abFigura di grande valore umano e professionale\u00bb"},"content":{"rendered":"<p>\u00ab<em>Con Paolo Vale scompare anche un pezzo della storia di Reggio. Se ne va un alto esempio di laboriosit\u00e0, creativit\u00e0, dedizione e attaccamento al lavoro<\/em>\u00bb. Il sindaco Giuseppe Falcomat\u00e0 insieme all&#8217;amministrazione comunale commenta cos\u00ec la scomparsa del defunto Paolo Vale: \u00ab<em>Con lui scompare un pezzo della storia di Reggio<\/em>\u00bb.<\/p>\n<p>Un&#8217;attivit\u00e0, quella di Vale, portata avanti per decenni e tramandata ai figli, valorizzando l&#8217;identit\u00e0 della citt\u00e0 contribuendo a creare &#8220;<em>uno spazio di incontro e tradizione dove ogni reggino \u00e8 passato per trarre un ricordo degli eventi pi\u00f9 cari<\/em>&#8220;, come ricorda Falcomat\u00e0.<\/p>\n<p>&nbsp;<\/p>\n","protected":false},"excerpt":{"rendered":"<p>\u00abCon Paolo Vale scompare anche un pezzo della storia di Reggio. Se ne va un alto esempio di laboriosit\u00e0, creativit\u00e0, dedizione e attaccamento al lavoro\u00bb. Il sindaco Giuseppe Falcomat\u00e0 insieme&hellip;<\/p>\n","protected":false},"author":28,"featured_media":35534,"comment_status":"closed","ping_status":"open","sticky":false,"template":"","format":"standard","meta":{"_jetpack_memberships_contains_paid_content":false,"footnotes":"","jetpack_publicize_message":"","jetpack_publicize_feature_enabled":true,"jetpack_social_post_already_shared":true,"jetpack_social_options":{"image_generator_settings":{"template":"highway","default_image_id":0,"font":"","enabled":false},"version":2}},"categories":[921,196,140],"tags":[],"class_list":["post-86022","post","type-post","status-publish","format-standard","has-post-thumbnail","hentry","category-home","category-news","category-reggio-calabria"],"yoast_head":"<!-- This site is optimized with the Yoast SEO plugin v27.2 - https:\/\/yoast.com\/product\/yoast-seo-wordpress\/ -->\n<title>Reggio dice addio a Paolo Vale \u00abFigura di grande valore umano e professionale\u00bb - Radio Touring 104<\/title>\n<meta name=\"robots\" content=\"index, follow, max-snippet:-1, max-image-preview:large, max-video-preview:-1\" \/>\n<link rel=\"canonical\" href=\"https:\/\/progettotouring.it\/radiotouring104\/2025\/11\/18\/reggio-dice-addio-a-paolo-vale-figura-di-grande-valore-umano-e-professionale\/\" \/>\n<meta property=\"og:locale\" content=\"it_IT\" \/>\n<meta property=\"og:type\" content=\"article\" \/>\n<meta property=\"og:title\" content=\"Reggio dice addio a Paolo Vale \u00abFigura di grande valore umano e professionale\u00bb - Radio Touring 104\" \/>\n<meta property=\"og:description\" content=\"\u00abCon Paolo Vale scompare anche un pezzo della storia di Reggio. Se ne va un alto esempio di laboriosit\u00e0, creativit\u00e0, dedizione e attaccamento al lavoro\u00bb. Il sindaco Giuseppe Falcomat\u00e0 insieme&hellip;\" \/>\n<meta property=\"og:url\" content=\"https:\/\/progettotouring.it\/radiotouring104\/2025\/11\/18\/reggio-dice-addio-a-paolo-vale-figura-di-grande-valore-umano-e-professionale\/\" \/>\n<meta property=\"og:site_name\" content=\"Radio Touring 104\" \/>\n<meta property=\"article:published_time\" content=\"2025-11-18T16:20:04+00:00\" \/>\n<meta property=\"article:modified_time\" content=\"2025-11-19T12:23:20+00:00\" \/>\n<meta property=\"og:image\" content=\"https:\/\/progettotouring.it\/radiotouring104\/wp-content\/uploads\/sites\/6\/2023\/10\/Fiocco_nero-lutto-2-e1704219266702.jpg\" \/>\n\t<meta property=\"og:image:width\" content=\"401\" \/>\n\t<meta property=\"og:image:height\" content=\"234\" \/>\n\t<meta property=\"og:image:type\" content=\"image\/jpeg\" \/>\n<meta name=\"author\" content=\"Mattia Antonino Perina\" \/>\n<meta name=\"twitter:card\" content=\"summary_large_image\" \/>\n<meta name=\"twitter:label1\" content=\"Scritto da\" \/>\n\t<meta name=\"twitter:data1\" content=\"Mattia Antonino Perina\" \/>\n<script type=\"application\/ld+json\" class=\"yoast-schema-graph\">{\"@context\":\"https:\/\/schema.org\",\"@graph\":[{\"@type\":\"Article\",\"@id\":\"https:\/\/progettotouring.it\/radiotouring104\/2025\/11\/18\/reggio-dice-addio-a-paolo-vale-figura-di-grande-valore-umano-e-professionale\/#article\",\"isPartOf\":{\"@id\":\"https:\/\/progettotouring.it\/radiotouring104\/2025\/11\/18\/reggio-dice-addio-a-paolo-vale-figura-di-grande-valore-umano-e-professionale\/\"},\"author\":{\"name\":\"Mattia Antonino Perina\",\"@id\":\"https:\/\/progettotouring.it\/radiotouring104\/#\/schema\/person\/b0ab0133fecf75350f77192b39dc8425\"},\"headline\":\"Reggio dice addio a Paolo Vale \u00abFigura di grande valore umano e professionale\u00bb\",\"datePublished\":\"2025-11-18T16:20:04+00:00\",\"dateModified\":\"2025-11-19T12:23:20+00:00\",\"mainEntityOfPage\":{\"@id\":\"https:\/\/progettotouring.it\/radiotouring104\/2025\/11\/18\/reggio-dice-addio-a-paolo-vale-figura-di-grande-valore-umano-e-professionale\/\"},\"wordCount\":103,\"publisher\":{\"@id\":\"https:\/\/progettotouring.it\/radiotouring104\/#organization\"},\"image\":{\"@id\":\"https:\/\/progettotouring.it\/radiotouring104\/2025\/11\/18\/reggio-dice-addio-a-paolo-vale-figura-di-grande-valore-umano-e-professionale\/#primaryimage\"},\"thumbnailUrl\":\"https:\/\/progettotouring.it\/radiotouring104\/wp-content\/uploads\/sites\/6\/2023\/10\/Fiocco_nero-lutto-2-e1704219266702.jpg\",\"articleSection\":[\"Home\",\"News\",\"Reggio Calabria\"],\"inLanguage\":\"it-IT\"},{\"@type\":\"WebPage\",\"@id\":\"https:\/\/progettotouring.it\/radiotouring104\/2025\/11\/18\/reggio-dice-addio-a-paolo-vale-figura-di-grande-valore-umano-e-professionale\/\",\"url\":\"https:\/\/progettotouring.it\/radiotouring104\/2025\/11\/18\/reggio-dice-addio-a-paolo-vale-figura-di-grande-valore-umano-e-professionale\/\",\"name\":\"Reggio dice addio a Paolo Vale \u00abFigura di grande valore umano e professionale\u00bb - Radio Touring 104\",\"isPartOf\":{\"@id\":\"https:\/\/progettotouring.it\/radiotouring104\/#website\"},\"primaryImageOfPage\":{\"@id\":\"https:\/\/progettotouring.it\/radiotouring104\/2025\/11\/18\/reggio-dice-addio-a-paolo-vale-figura-di-grande-valore-umano-e-professionale\/#primaryimage\"},\"image\":{\"@id\":\"https:\/\/progettotouring.it\/radiotouring104\/2025\/11\/18\/reggio-dice-addio-a-paolo-vale-figura-di-grande-valore-umano-e-professionale\/#primaryimage\"},\"thumbnailUrl\":\"https:\/\/progettotouring.it\/radiotouring104\/wp-content\/uploads\/sites\/6\/2023\/10\/Fiocco_nero-lutto-2-e1704219266702.jpg\",\"datePublished\":\"2025-11-18T16:20:04+00:00\",\"dateModified\":\"2025-11-19T12:23:20+00:00\",\"breadcrumb\":{\"@id\":\"https:\/\/progettotouring.it\/radiotouring104\/2025\/11\/18\/reggio-dice-addio-a-paolo-vale-figura-di-grande-valore-umano-e-professionale\/#breadcrumb\"},\"inLanguage\":\"it-IT\",\"potentialAction\":[{\"@type\":\"ReadAction\",\"target\":[\"https:\/\/progettotouring.it\/radiotouring104\/2025\/11\/18\/reggio-dice-addio-a-paolo-vale-figura-di-grande-valore-umano-e-professionale\/\"]}]},{\"@type\":\"ImageObject\",\"inLanguage\":\"it-IT\",\"@id\":\"https:\/\/progettotouring.it\/radiotouring104\/2025\/11\/18\/reggio-dice-addio-a-paolo-vale-figura-di-grande-valore-umano-e-professionale\/#primaryimage\",\"url\":\"https:\/\/progettotouring.it\/radiotouring104\/wp-content\/uploads\/sites\/6\/2023\/10\/Fiocco_nero-lutto-2-e1704219266702.jpg\",\"contentUrl\":\"https:\/\/progettotouring.it\/radiotouring104\/wp-content\/uploads\/sites\/6\/2023\/10\/Fiocco_nero-lutto-2-e1704219266702.jpg\",\"width\":401,\"height\":234},{\"@type\":\"BreadcrumbList\",\"@id\":\"https:\/\/progettotouring.it\/radiotouring104\/2025\/11\/18\/reggio-dice-addio-a-paolo-vale-figura-di-grande-valore-umano-e-professionale\/#breadcrumb\",\"itemListElement\":[{\"@type\":\"ListItem\",\"position\":1,\"name\":\"Home\",\"item\":\"https:\/\/progettotouring.it\/radiotouring104\/\"},{\"@type\":\"ListItem\",\"position\":2,\"name\":\"Reggio dice addio a Paolo Vale \u00abFigura di grande valore umano e professionale\u00bb\"}]},{\"@type\":\"WebSite\",\"@id\":\"https:\/\/progettotouring.it\/radiotouring104\/#website\",\"url\":\"https:\/\/progettotouring.it\/radiotouring104\/\",\"name\":\"Radio Touring 104\",\"description\":\"La prima radio Reggina\",\"publisher\":{\"@id\":\"https:\/\/progettotouring.it\/radiotouring104\/#organization\"},\"potentialAction\":[{\"@type\":\"SearchAction\",\"target\":{\"@type\":\"EntryPoint\",\"urlTemplate\":\"https:\/\/progettotouring.it\/radiotouring104\/?s={search_term_string}\"},\"query-input\":{\"@type\":\"PropertyValueSpecification\",\"valueRequired\":true,\"valueName\":\"search_term_string\"}}],\"inLanguage\":\"it-IT\"},{\"@type\":\"Organization\",\"@id\":\"https:\/\/progettotouring.it\/radiotouring104\/#organization\",\"name\":\"Radio Touring 104\",\"url\":\"https:\/\/progettotouring.it\/radiotouring104\/\",\"logo\":{\"@type\":\"ImageObject\",\"inLanguage\":\"it-IT\",\"@id\":\"https:\/\/progettotouring.it\/radiotouring104\/#\/schema\/logo\/image\/\",\"url\":\"https:\/\/progettotouring.it\/radiotouring104\/wp-content\/uploads\/sites\/6\/2022\/02\/cropped-logo-radio-touring-104.png\",\"contentUrl\":\"https:\/\/progettotouring.it\/radiotouring104\/wp-content\/uploads\/sites\/6\/2022\/02\/cropped-logo-radio-touring-104.png\",\"width\":377,\"height\":182,\"caption\":\"Radio Touring 104\"},\"image\":{\"@id\":\"https:\/\/progettotouring.it\/radiotouring104\/#\/schema\/logo\/image\/\"}},{\"@type\":\"Person\",\"@id\":\"https:\/\/progettotouring.it\/radiotouring104\/#\/schema\/person\/b0ab0133fecf75350f77192b39dc8425\",\"name\":\"Mattia Antonino Perina\",\"image\":{\"@type\":\"ImageObject\",\"inLanguage\":\"it-IT\",\"@id\":\"https:\/\/secure.gravatar.com\/avatar\/fdde6c937c343f9b38ef5e40424e5b6af2d03190655ab7e91e426f5241081ef5?s=96&d=mm&r=g\",\"url\":\"https:\/\/secure.gravatar.com\/avatar\/fdde6c937c343f9b38ef5e40424e5b6af2d03190655ab7e91e426f5241081ef5?s=96&d=mm&r=g\",\"contentUrl\":\"https:\/\/secure.gravatar.com\/avatar\/fdde6c937c343f9b38ef5e40424e5b6af2d03190655ab7e91e426f5241081ef5?s=96&d=mm&r=g\",\"caption\":\"Mattia Antonino Perina\"},\"url\":\"https:\/\/progettotouring.it\/radiotouring104\/author\/mattia\/\"}]}<\/script>\n<!-- \/ Yoast SEO plugin. -->","yoast_head_json":{"title":"Reggio dice addio a Paolo Vale \u00abFigura di grande valore umano e professionale\u00bb - Radio Touring 104","robots":{"index":"index","follow":"follow","max-snippet":"max-snippet:-1","max-image-preview":"max-image-preview:large","max-video-preview":"max-video-preview:-1"},"canonical":"https:\/\/progettotouring.it\/radiotouring104\/2025\/11\/18\/reggio-dice-addio-a-paolo-vale-figura-di-grande-valore-umano-e-professionale\/","og_locale":"it_IT","og_type":"article","og_title":"Reggio dice addio a Paolo Vale \u00abFigura di grande valore umano e professionale\u00bb - Radio Touring 104","og_description":"\u00abCon Paolo Vale scompare anche un pezzo della storia di Reggio. Se ne va un alto esempio di laboriosit\u00e0, creativit\u00e0, dedizione e attaccamento al lavoro\u00bb. Il sindaco Giuseppe Falcomat\u00e0 insieme&hellip;","og_url":"https:\/\/progettotouring.it\/radiotouring104\/2025\/11\/18\/reggio-dice-addio-a-paolo-vale-figura-di-grande-valore-umano-e-professionale\/","og_site_name":"Radio Touring 104","article_published_time":"2025-11-18T16:20:04+00:00","article_modified_time":"2025-11-19T12:23:20+00:00","og_image":[{"width":401,"height":234,"url":"https:\/\/progettotouring.it\/radiotouring104\/wp-content\/uploads\/sites\/6\/2023\/10\/Fiocco_nero-lutto-2-e1704219266702.jpg","type":"image\/jpeg"}],"author":"Mattia Antonino Perina","twitter_card":"summary_large_image","twitter_misc":{"Scritto da":"Mattia Antonino Perina"},"schema":{"@context":"https:\/\/schema.org","@graph":[{"@type":"Article","@id":"https:\/\/progettotouring.it\/radiotouring104\/2025\/11\/18\/reggio-dice-addio-a-paolo-vale-figura-di-grande-valore-umano-e-professionale\/#article","isPartOf":{"@id":"https:\/\/progettotouring.it\/radiotouring104\/2025\/11\/18\/reggio-dice-addio-a-paolo-vale-figura-di-grande-valore-umano-e-professionale\/"},"author":{"name":"Mattia Antonino Perina","@id":"https:\/\/progettotouring.it\/radiotouring104\/#\/schema\/person\/b0ab0133fecf75350f77192b39dc8425"},"headline":"Reggio dice addio a Paolo Vale \u00abFigura di grande valore umano e professionale\u00bb","datePublished":"2025-11-18T16:20:04+00:00","dateModified":"2025-11-19T12:23:20+00:00","mainEntityOfPage":{"@id":"https:\/\/progettotouring.it\/radiotouring104\/2025\/11\/18\/reggio-dice-addio-a-paolo-vale-figura-di-grande-valore-umano-e-professionale\/"},"wordCount":103,"publisher":{"@id":"https:\/\/progettotouring.it\/radiotouring104\/#organization"},"image":{"@id":"https:\/\/progettotouring.it\/radiotouring104\/2025\/11\/18\/reggio-dice-addio-a-paolo-vale-figura-di-grande-valore-umano-e-professionale\/#primaryimage"},"thumbnailUrl":"https:\/\/progettotouring.it\/radiotouring104\/wp-content\/uploads\/sites\/6\/2023\/10\/Fiocco_nero-lutto-2-e1704219266702.jpg","articleSection":["Home","News","Reggio Calabria"],"inLanguage":"it-IT"},{"@type":"WebPage","@id":"https:\/\/progettotouring.it\/radiotouring104\/2025\/11\/18\/reggio-dice-addio-a-paolo-vale-figura-di-grande-valore-umano-e-professionale\/","url":"https:\/\/progettotouring.it\/radiotouring104\/2025\/11\/18\/reggio-dice-addio-a-paolo-vale-figura-di-grande-valore-umano-e-professionale\/","name":"Reggio dice addio a Paolo Vale \u00abFigura di grande valore umano e professionale\u00bb - Radio Touring 104","isPartOf":{"@id":"https:\/\/progettotouring.it\/radiotouring104\/#website"},"primaryImageOfPage":{"@id":"https:\/\/progettotouring.it\/radiotouring104\/2025\/11\/18\/reggio-dice-addio-a-paolo-vale-figura-di-grande-valore-umano-e-professionale\/#primaryimage"},"image":{"@id":"https:\/\/progettotouring.it\/radiotouring104\/2025\/11\/18\/reggio-dice-addio-a-paolo-vale-figura-di-grande-valore-umano-e-professionale\/#primaryimage"},"thumbnailUrl":"https:\/\/progettotouring.it\/radiotouring104\/wp-content\/uploads\/sites\/6\/2023\/10\/Fiocco_nero-lutto-2-e1704219266702.jpg","datePublished":"2025-11-18T16:20:04+00:00","dateModified":"2025-11-19T12:23:20+00:00","breadcrumb":{"@id":"https:\/\/progettotouring.it\/radiotouring104\/2025\/11\/18\/reggio-dice-addio-a-paolo-vale-figura-di-grande-valore-umano-e-professionale\/#breadcrumb"},"inLanguage":"it-IT","potentialAction":[{"@type":"ReadAction","target":["https:\/\/progettotouring.it\/radiotouring104\/2025\/11\/18\/reggio-dice-addio-a-paolo-vale-figura-di-grande-valore-umano-e-professionale\/"]}]},{"@type":"ImageObject","inLanguage":"it-IT","@id":"https:\/\/progettotouring.it\/radiotouring104\/2025\/11\/18\/reggio-dice-addio-a-paolo-vale-figura-di-grande-valore-umano-e-professionale\/#primaryimage","url":"https:\/\/progettotouring.it\/radiotouring104\/wp-content\/uploads\/sites\/6\/2023\/10\/Fiocco_nero-lutto-2-e1704219266702.jpg","contentUrl":"https:\/\/progettotouring.it\/radiotouring104\/wp-content\/uploads\/sites\/6\/2023\/10\/Fiocco_nero-lutto-2-e1704219266702.jpg","width":401,"height":234},{"@type":"BreadcrumbList","@id":"https:\/\/progettotouring.it\/radiotouring104\/2025\/11\/18\/reggio-dice-addio-a-paolo-vale-figura-di-grande-valore-umano-e-professionale\/#breadcrumb","itemListElement":[{"@type":"ListItem","position":1,"name":"Home","item":"https:\/\/progettotouring.it\/radiotouring104\/"},{"@type":"ListItem","position":2,"name":"Reggio dice addio a Paolo Vale \u00abFigura di grande valore umano e professionale\u00bb"}]},{"@type":"WebSite","@id":"https:\/\/progettotouring.it\/radiotouring104\/#website","url":"https:\/\/progettotouring.it\/radiotouring104\/","name":"Radio Touring 104","description":"La prima radio Reggina","publisher":{"@id":"https:\/\/progettotouring.it\/radiotouring104\/#organization"},"potentialAction":[{"@type":"SearchAction","target":{"@type":"EntryPoint","urlTemplate":"https:\/\/progettotouring.it\/radiotouring104\/?s={search_term_string}"},"query-input":{"@type":"PropertyValueSpecification","valueRequired":true,"valueName":"search_term_string"}}],"inLanguage":"it-IT"},{"@type":"Organization","@id":"https:\/\/progettotouring.it\/radiotouring104\/#organization","name":"Radio Touring 104","url":"https:\/\/progettotouring.it\/radiotouring104\/","logo":{"@type":"ImageObject","inLanguage":"it-IT","@id":"https:\/\/progettotouring.it\/radiotouring104\/#\/schema\/logo\/image\/","url":"https:\/\/progettotouring.it\/radiotouring104\/wp-content\/uploads\/sites\/6\/2022\/02\/cropped-logo-radio-touring-104.png","contentUrl":"https:\/\/progettotouring.it\/radiotouring104\/wp-content\/uploads\/sites\/6\/2022\/02\/cropped-logo-radio-touring-104.png","width":377,"height":182,"caption":"Radio Touring 104"},"image":{"@id":"https:\/\/progettotouring.it\/radiotouring104\/#\/schema\/logo\/image\/"}},{"@type":"Person","@id":"https:\/\/progettotouring.it\/radiotouring104\/#\/schema\/person\/b0ab0133fecf75350f77192b39dc8425","name":"Mattia Antonino Perina","image":{"@type":"ImageObject","inLanguage":"it-IT","@id":"https:\/\/secure.gravatar.com\/avatar\/fdde6c937c343f9b38ef5e40424e5b6af2d03190655ab7e91e426f5241081ef5?s=96&d=mm&r=g","url":"https:\/\/secure.gravatar.com\/avatar\/fdde6c937c343f9b38ef5e40424e5b6af2d03190655ab7e91e426f5241081ef5?s=96&d=mm&r=g","contentUrl":"https:\/\/secure.gravatar.com\/avatar\/fdde6c937c343f9b38ef5e40424e5b6af2d03190655ab7e91e426f5241081ef5?s=96&d=mm&r=g","caption":"Mattia Antonino Perina"},"url":"https:\/\/progettotouring.it\/radiotouring104\/author\/mattia\/"}]}},"jetpack_publicize_connections":[],"jetpack_featured_media_url":"https:\/\/progettotouring.it\/radiotouring104\/wp-content\/uploads\/sites\/6\/2023\/10\/Fiocco_nero-lutto-2-e1704219266702.jpg","jetpack_sharing_enabled":true,"_links":{"self":[{"href":"https:\/\/progettotouring.it\/radiotouring104\/wp-json\/wp\/v2\/posts\/86022","targetHints":{"allow":["GET"]}}],"collection":[{"href":"https:\/\/progettotouring.it\/radiotouring104\/wp-json\/wp\/v2\/posts"}],"about":[{"href":"https:\/\/progettotouring.it\/radiotouring104\/wp-json\/wp\/v2\/types\/post"}],"author":[{"embeddable":true,"href":"https:\/\/progettotouring.it\/radiotouring104\/wp-json\/wp\/v2\/users\/28"}],"replies":[{"embeddable":true,"href":"https:\/\/progettotouring.it\/radiotouring104\/wp-json\/wp\/v2\/comments?post=86022"}],"version-history":[{"count":3,"href":"https:\/\/progettotouring.it\/radiotouring104\/wp-json\/wp\/v2\/posts\/86022\/revisions"}],"predecessor-version":[{"id":86048,"href":"https:\/\/progettotouring.it\/radiotouring104\/wp-json\/wp\/v2\/posts\/86022\/revisions\/86048"}],"wp:featuredmedia":[{"embeddable":true,"href":"https:\/\/progettotouring.it\/radiotouring104\/wp-json\/wp\/v2\/media\/35534"}],"wp:attachment":[{"href":"https:\/\/progettotouring.it\/radiotouring104\/wp-json\/wp\/v2\/media?parent=86022"}],"wp:term":[{"taxonomy":"category","embeddable":true,"href":"https:\/\/progettotouring.it\/radiotouring104\/wp-json\/wp\/v2\/categories?post=86022"},{"taxonomy":"post_tag","embeddable":true,"href":"https:\/\/progettotouring.it\/radiotouring104\/wp-json\/wp\/v2\/tags?post=86022"}],"curies":[{"name":"wp","href":"https:\/\/api.w.org\/{rel}","templated":true}]}}