{"id":86051,"date":"2025-11-20T12:39:35","date_gmt":"2025-11-20T11:39:35","guid":{"rendered":"https:\/\/progettotouring.it\/radiotouring104\/?p=86051"},"modified":"2025-11-20T12:39:52","modified_gmt":"2025-11-20T11:39:52","slug":"celebrazioni-25-novembre-a-motta-voci-di-liberta-donne-parole-resistenza","status":"publish","type":"post","link":"https:\/\/progettotouring.it\/radiotouring104\/2025\/11\/20\/celebrazioni-25-novembre-a-motta-voci-di-liberta-donne-parole-resistenza\/","title":{"rendered":"Celebrazioni 25 novembre, a Motta \u201cVoci di libert\u00e0 &#8211; Donne, parole, resistenza\u201d"},"content":{"rendered":"<p style=\"text-align: justify;\">Alla vigilia della Giornata internazionale per l\u2019eliminazione della violenza contro le donne, l\u2019Amministrazione comunale di Motta San Giovanni, attraverso l\u2019Assessorato alla Pubblica Istruzione guidato da Sonia Malara, promuover\u00e0 l\u2019incontro dal titolo \u201cVoci di libert\u00e0 \u2013 Donne, parole, resistenza\u201d, un approfondimento dedicato al ruolo delle donne come custodi di libert\u00e0, di pace e di memoria.<\/p>\n<p style=\"text-align: justify;\">L\u2019evento, in programma nella sala del Consiglio comunale di Motta San Giovanni il 24 novembre alle ore 17:30, far\u00e0 parte della rassegna letteraria \u201cXenia Book Fair \u2013 Stagione invernale. Voci dell\u2019Est e del Caucaso\u201d, curata da Leonida Edizioni, una casa editrice che da anni porta sul territorio calabrese esperienze culturali di respiro internazionale.<\/p>\n<p style=\"text-align: justify;\">Ospite della serata sar\u00e0 la scrittrice ucraina Marina Vasyliuk, voce importante della letteratura contemporanea Est europea, la cui testimonianza intreccia arte, resistenza e speranza. Attraverso le sue parole, gli ospiti avranno l\u2019opportunit\u00e0 di compiere un viaggio simbolico ,nelle storie di donne che continuano a difendere la dignit\u00e0, la libert\u00e0 e la vita.<\/p>\n<p style=\"text-align: justify;\">L\u2019Amministrazione di Motta San Giovanni si impegner\u00e0 ad offrire alla provincia una riflessione geopolitica e culturale sui nuovi linguaggi della pace, riaffermando il valore della cultura come strumento utile a contrastare conflitti e disuguaglianze globali.<\/p>\n<p style=\"text-align: justify;\">La testimonianza delle donne diventer\u00e0 un messaggio di resistenza e di speranza per l\u2019attualit\u00e0, un invito a costruire un futuro fondato sul rispetto civico, sulla consapevolezza e sulla libert\u00e0 di ogni essere umano.<\/p>\n","protected":false},"excerpt":{"rendered":"<p>Alla vigilia della Giornata internazionale per l\u2019eliminazione della violenza contro le donne, l\u2019Amministrazione comunale di Motta San Giovanni, attraverso l\u2019Assessorato alla Pubblica Istruzione guidato da Sonia Malara, promuover\u00e0 l\u2019incontro dal&hellip;<\/p>\n","protected":false},"author":28,"featured_media":34470,"comment_status":"closed","ping_status":"open","sticky":false,"template":"","format":"standard","meta":{"_jetpack_memberships_contains_paid_content":false,"footnotes":"","jetpack_publicize_message":"","jetpack_publicize_feature_enabled":true,"jetpack_social_post_already_shared":true,"jetpack_social_options":{"image_generator_settings":{"template":"highway","default_image_id":0,"font":"","enabled":false},"version":2}},"categories":[145,921,196,140],"tags":[],"class_list":["post-86051","post","type-post","status-publish","format-standard","has-post-thumbnail","hentry","category-cultura","category-home","category-news","category-reggio-calabria"],"yoast_head":"<!-- This site is optimized with the Yoast SEO plugin v27.2 - https:\/\/yoast.com\/product\/yoast-seo-wordpress\/ -->\n<title>Celebrazioni 25 novembre, a Motta \u201cVoci di libert\u00e0 - Donne, parole, resistenza\u201d - Radio Touring 104<\/title>\n<meta name=\"robots\" content=\"index, follow, max-snippet:-1, max-image-preview:large, max-video-preview:-1\" \/>\n<link rel=\"canonical\" href=\"https:\/\/progettotouring.it\/radiotouring104\/2025\/11\/20\/celebrazioni-25-novembre-a-motta-voci-di-liberta-donne-parole-resistenza\/\" \/>\n<meta property=\"og:locale\" content=\"it_IT\" \/>\n<meta property=\"og:type\" content=\"article\" \/>\n<meta property=\"og:title\" content=\"Celebrazioni 25 novembre, a Motta \u201cVoci di libert\u00e0 - Donne, parole, resistenza\u201d - Radio Touring 104\" \/>\n<meta property=\"og:description\" content=\"Alla vigilia della Giornata internazionale per l\u2019eliminazione della violenza contro le donne, l\u2019Amministrazione comunale di Motta San Giovanni, attraverso l\u2019Assessorato alla Pubblica Istruzione guidato da Sonia Malara, promuover\u00e0 l\u2019incontro dal&hellip;\" \/>\n<meta property=\"og:url\" content=\"https:\/\/progettotouring.it\/radiotouring104\/2025\/11\/20\/celebrazioni-25-novembre-a-motta-voci-di-liberta-donne-parole-resistenza\/\" \/>\n<meta property=\"og:site_name\" content=\"Radio Touring 104\" \/>\n<meta property=\"article:published_time\" content=\"2025-11-20T11:39:35+00:00\" \/>\n<meta property=\"article:modified_time\" content=\"2025-11-20T11:39:52+00:00\" \/>\n<meta property=\"og:image\" content=\"https:\/\/progettotouring.it\/radiotouring104\/wp-content\/uploads\/sites\/6\/2023\/09\/municipio-Motta-San-Giovanni.jpg\" \/>\n\t<meta property=\"og:image:width\" content=\"2016\" \/>\n\t<meta property=\"og:image:height\" content=\"1512\" \/>\n\t<meta property=\"og:image:type\" content=\"image\/jpeg\" \/>\n<meta name=\"author\" content=\"Mattia Antonino Perina\" \/>\n<meta name=\"twitter:card\" content=\"summary_large_image\" \/>\n<meta name=\"twitter:label1\" content=\"Scritto da\" \/>\n\t<meta name=\"twitter:data1\" content=\"Mattia Antonino Perina\" \/>\n\t<meta name=\"twitter:label2\" content=\"Tempo di lettura stimato\" \/>\n\t<meta name=\"twitter:data2\" content=\"1 minuto\" \/>\n<script type=\"application\/ld+json\" class=\"yoast-schema-graph\">{\"@context\":\"https:\/\/schema.org\",\"@graph\":[{\"@type\":\"Article\",\"@id\":\"https:\/\/progettotouring.it\/radiotouring104\/2025\/11\/20\/celebrazioni-25-novembre-a-motta-voci-di-liberta-donne-parole-resistenza\/#article\",\"isPartOf\":{\"@id\":\"https:\/\/progettotouring.it\/radiotouring104\/2025\/11\/20\/celebrazioni-25-novembre-a-motta-voci-di-liberta-donne-parole-resistenza\/\"},\"author\":{\"name\":\"Mattia Antonino Perina\",\"@id\":\"https:\/\/progettotouring.it\/radiotouring104\/#\/schema\/person\/b0ab0133fecf75350f77192b39dc8425\"},\"headline\":\"Celebrazioni 25 novembre, a Motta \u201cVoci di libert\u00e0 &#8211; Donne, parole, resistenza\u201d\",\"datePublished\":\"2025-11-20T11:39:35+00:00\",\"dateModified\":\"2025-11-20T11:39:52+00:00\",\"mainEntityOfPage\":{\"@id\":\"https:\/\/progettotouring.it\/radiotouring104\/2025\/11\/20\/celebrazioni-25-novembre-a-motta-voci-di-liberta-donne-parole-resistenza\/\"},\"wordCount\":243,\"publisher\":{\"@id\":\"https:\/\/progettotouring.it\/radiotouring104\/#organization\"},\"image\":{\"@id\":\"https:\/\/progettotouring.it\/radiotouring104\/2025\/11\/20\/celebrazioni-25-novembre-a-motta-voci-di-liberta-donne-parole-resistenza\/#primaryimage\"},\"thumbnailUrl\":\"https:\/\/progettotouring.it\/radiotouring104\/wp-content\/uploads\/sites\/6\/2023\/09\/municipio-Motta-San-Giovanni.jpg\",\"articleSection\":[\"Cultura\",\"Home\",\"News\",\"Reggio Calabria\"],\"inLanguage\":\"it-IT\"},{\"@type\":\"WebPage\",\"@id\":\"https:\/\/progettotouring.it\/radiotouring104\/2025\/11\/20\/celebrazioni-25-novembre-a-motta-voci-di-liberta-donne-parole-resistenza\/\",\"url\":\"https:\/\/progettotouring.it\/radiotouring104\/2025\/11\/20\/celebrazioni-25-novembre-a-motta-voci-di-liberta-donne-parole-resistenza\/\",\"name\":\"Celebrazioni 25 novembre, a Motta \u201cVoci di libert\u00e0 - Donne, parole, resistenza\u201d - Radio Touring 104\",\"isPartOf\":{\"@id\":\"https:\/\/progettotouring.it\/radiotouring104\/#website\"},\"primaryImageOfPage\":{\"@id\":\"https:\/\/progettotouring.it\/radiotouring104\/2025\/11\/20\/celebrazioni-25-novembre-a-motta-voci-di-liberta-donne-parole-resistenza\/#primaryimage\"},\"image\":{\"@id\":\"https:\/\/progettotouring.it\/radiotouring104\/2025\/11\/20\/celebrazioni-25-novembre-a-motta-voci-di-liberta-donne-parole-resistenza\/#primaryimage\"},\"thumbnailUrl\":\"https:\/\/progettotouring.it\/radiotouring104\/wp-content\/uploads\/sites\/6\/2023\/09\/municipio-Motta-San-Giovanni.jpg\",\"datePublished\":\"2025-11-20T11:39:35+00:00\",\"dateModified\":\"2025-11-20T11:39:52+00:00\",\"breadcrumb\":{\"@id\":\"https:\/\/progettotouring.it\/radiotouring104\/2025\/11\/20\/celebrazioni-25-novembre-a-motta-voci-di-liberta-donne-parole-resistenza\/#breadcrumb\"},\"inLanguage\":\"it-IT\",\"potentialAction\":[{\"@type\":\"ReadAction\",\"target\":[\"https:\/\/progettotouring.it\/radiotouring104\/2025\/11\/20\/celebrazioni-25-novembre-a-motta-voci-di-liberta-donne-parole-resistenza\/\"]}]},{\"@type\":\"ImageObject\",\"inLanguage\":\"it-IT\",\"@id\":\"https:\/\/progettotouring.it\/radiotouring104\/2025\/11\/20\/celebrazioni-25-novembre-a-motta-voci-di-liberta-donne-parole-resistenza\/#primaryimage\",\"url\":\"https:\/\/progettotouring.it\/radiotouring104\/wp-content\/uploads\/sites\/6\/2023\/09\/municipio-Motta-San-Giovanni.jpg\",\"contentUrl\":\"https:\/\/progettotouring.it\/radiotouring104\/wp-content\/uploads\/sites\/6\/2023\/09\/municipio-Motta-San-Giovanni.jpg\",\"width\":2016,\"height\":1512},{\"@type\":\"BreadcrumbList\",\"@id\":\"https:\/\/progettotouring.it\/radiotouring104\/2025\/11\/20\/celebrazioni-25-novembre-a-motta-voci-di-liberta-donne-parole-resistenza\/#breadcrumb\",\"itemListElement\":[{\"@type\":\"ListItem\",\"position\":1,\"name\":\"Home\",\"item\":\"https:\/\/progettotouring.it\/radiotouring104\/\"},{\"@type\":\"ListItem\",\"position\":2,\"name\":\"Celebrazioni 25 novembre, a Motta \u201cVoci di libert\u00e0 &#8211; Donne, parole, resistenza\u201d\"}]},{\"@type\":\"WebSite\",\"@id\":\"https:\/\/progettotouring.it\/radiotouring104\/#website\",\"url\":\"https:\/\/progettotouring.it\/radiotouring104\/\",\"name\":\"Radio Touring 104\",\"description\":\"La prima radio Reggina\",\"publisher\":{\"@id\":\"https:\/\/progettotouring.it\/radiotouring104\/#organization\"},\"potentialAction\":[{\"@type\":\"SearchAction\",\"target\":{\"@type\":\"EntryPoint\",\"urlTemplate\":\"https:\/\/progettotouring.it\/radiotouring104\/?s={search_term_string}\"},\"query-input\":{\"@type\":\"PropertyValueSpecification\",\"valueRequired\":true,\"valueName\":\"search_term_string\"}}],\"inLanguage\":\"it-IT\"},{\"@type\":\"Organization\",\"@id\":\"https:\/\/progettotouring.it\/radiotouring104\/#organization\",\"name\":\"Radio Touring 104\",\"url\":\"https:\/\/progettotouring.it\/radiotouring104\/\",\"logo\":{\"@type\":\"ImageObject\",\"inLanguage\":\"it-IT\",\"@id\":\"https:\/\/progettotouring.it\/radiotouring104\/#\/schema\/logo\/image\/\",\"url\":\"https:\/\/progettotouring.it\/radiotouring104\/wp-content\/uploads\/sites\/6\/2022\/02\/cropped-logo-radio-touring-104.png\",\"contentUrl\":\"https:\/\/progettotouring.it\/radiotouring104\/wp-content\/uploads\/sites\/6\/2022\/02\/cropped-logo-radio-touring-104.png\",\"width\":377,\"height\":182,\"caption\":\"Radio Touring 104\"},\"image\":{\"@id\":\"https:\/\/progettotouring.it\/radiotouring104\/#\/schema\/logo\/image\/\"}},{\"@type\":\"Person\",\"@id\":\"https:\/\/progettotouring.it\/radiotouring104\/#\/schema\/person\/b0ab0133fecf75350f77192b39dc8425\",\"name\":\"Mattia Antonino Perina\",\"image\":{\"@type\":\"ImageObject\",\"inLanguage\":\"it-IT\",\"@id\":\"https:\/\/secure.gravatar.com\/avatar\/fdde6c937c343f9b38ef5e40424e5b6af2d03190655ab7e91e426f5241081ef5?s=96&d=mm&r=g\",\"url\":\"https:\/\/secure.gravatar.com\/avatar\/fdde6c937c343f9b38ef5e40424e5b6af2d03190655ab7e91e426f5241081ef5?s=96&d=mm&r=g\",\"contentUrl\":\"https:\/\/secure.gravatar.com\/avatar\/fdde6c937c343f9b38ef5e40424e5b6af2d03190655ab7e91e426f5241081ef5?s=96&d=mm&r=g\",\"caption\":\"Mattia Antonino Perina\"},\"url\":\"https:\/\/progettotouring.it\/radiotouring104\/author\/mattia\/\"}]}<\/script>\n<!-- \/ Yoast SEO plugin. -->","yoast_head_json":{"title":"Celebrazioni 25 novembre, a Motta \u201cVoci di libert\u00e0 - Donne, parole, resistenza\u201d - Radio Touring 104","robots":{"index":"index","follow":"follow","max-snippet":"max-snippet:-1","max-image-preview":"max-image-preview:large","max-video-preview":"max-video-preview:-1"},"canonical":"https:\/\/progettotouring.it\/radiotouring104\/2025\/11\/20\/celebrazioni-25-novembre-a-motta-voci-di-liberta-donne-parole-resistenza\/","og_locale":"it_IT","og_type":"article","og_title":"Celebrazioni 25 novembre, a Motta \u201cVoci di libert\u00e0 - Donne, parole, resistenza\u201d - Radio Touring 104","og_description":"Alla vigilia della Giornata internazionale per l\u2019eliminazione della violenza contro le donne, l\u2019Amministrazione comunale di Motta San Giovanni, attraverso l\u2019Assessorato alla Pubblica Istruzione guidato da Sonia Malara, promuover\u00e0 l\u2019incontro dal&hellip;","og_url":"https:\/\/progettotouring.it\/radiotouring104\/2025\/11\/20\/celebrazioni-25-novembre-a-motta-voci-di-liberta-donne-parole-resistenza\/","og_site_name":"Radio Touring 104","article_published_time":"2025-11-20T11:39:35+00:00","article_modified_time":"2025-11-20T11:39:52+00:00","og_image":[{"width":2016,"height":1512,"url":"https:\/\/progettotouring.it\/radiotouring104\/wp-content\/uploads\/sites\/6\/2023\/09\/municipio-Motta-San-Giovanni.jpg","type":"image\/jpeg"}],"author":"Mattia Antonino Perina","twitter_card":"summary_large_image","twitter_misc":{"Scritto da":"Mattia Antonino Perina","Tempo di lettura stimato":"1 minuto"},"schema":{"@context":"https:\/\/schema.org","@graph":[{"@type":"Article","@id":"https:\/\/progettotouring.it\/radiotouring104\/2025\/11\/20\/celebrazioni-25-novembre-a-motta-voci-di-liberta-donne-parole-resistenza\/#article","isPartOf":{"@id":"https:\/\/progettotouring.it\/radiotouring104\/2025\/11\/20\/celebrazioni-25-novembre-a-motta-voci-di-liberta-donne-parole-resistenza\/"},"author":{"name":"Mattia Antonino Perina","@id":"https:\/\/progettotouring.it\/radiotouring104\/#\/schema\/person\/b0ab0133fecf75350f77192b39dc8425"},"headline":"Celebrazioni 25 novembre, a Motta \u201cVoci di libert\u00e0 &#8211; Donne, parole, resistenza\u201d","datePublished":"2025-11-20T11:39:35+00:00","dateModified":"2025-11-20T11:39:52+00:00","mainEntityOfPage":{"@id":"https:\/\/progettotouring.it\/radiotouring104\/2025\/11\/20\/celebrazioni-25-novembre-a-motta-voci-di-liberta-donne-parole-resistenza\/"},"wordCount":243,"publisher":{"@id":"https:\/\/progettotouring.it\/radiotouring104\/#organization"},"image":{"@id":"https:\/\/progettotouring.it\/radiotouring104\/2025\/11\/20\/celebrazioni-25-novembre-a-motta-voci-di-liberta-donne-parole-resistenza\/#primaryimage"},"thumbnailUrl":"https:\/\/progettotouring.it\/radiotouring104\/wp-content\/uploads\/sites\/6\/2023\/09\/municipio-Motta-San-Giovanni.jpg","articleSection":["Cultura","Home","News","Reggio Calabria"],"inLanguage":"it-IT"},{"@type":"WebPage","@id":"https:\/\/progettotouring.it\/radiotouring104\/2025\/11\/20\/celebrazioni-25-novembre-a-motta-voci-di-liberta-donne-parole-resistenza\/","url":"https:\/\/progettotouring.it\/radiotouring104\/2025\/11\/20\/celebrazioni-25-novembre-a-motta-voci-di-liberta-donne-parole-resistenza\/","name":"Celebrazioni 25 novembre, a Motta \u201cVoci di libert\u00e0 - Donne, parole, resistenza\u201d - Radio Touring 104","isPartOf":{"@id":"https:\/\/progettotouring.it\/radiotouring104\/#website"},"primaryImageOfPage":{"@id":"https:\/\/progettotouring.it\/radiotouring104\/2025\/11\/20\/celebrazioni-25-novembre-a-motta-voci-di-liberta-donne-parole-resistenza\/#primaryimage"},"image":{"@id":"https:\/\/progettotouring.it\/radiotouring104\/2025\/11\/20\/celebrazioni-25-novembre-a-motta-voci-di-liberta-donne-parole-resistenza\/#primaryimage"},"thumbnailUrl":"https:\/\/progettotouring.it\/radiotouring104\/wp-content\/uploads\/sites\/6\/2023\/09\/municipio-Motta-San-Giovanni.jpg","datePublished":"2025-11-20T11:39:35+00:00","dateModified":"2025-11-20T11:39:52+00:00","breadcrumb":{"@id":"https:\/\/progettotouring.it\/radiotouring104\/2025\/11\/20\/celebrazioni-25-novembre-a-motta-voci-di-liberta-donne-parole-resistenza\/#breadcrumb"},"inLanguage":"it-IT","potentialAction":[{"@type":"ReadAction","target":["https:\/\/progettotouring.it\/radiotouring104\/2025\/11\/20\/celebrazioni-25-novembre-a-motta-voci-di-liberta-donne-parole-resistenza\/"]}]},{"@type":"ImageObject","inLanguage":"it-IT","@id":"https:\/\/progettotouring.it\/radiotouring104\/2025\/11\/20\/celebrazioni-25-novembre-a-motta-voci-di-liberta-donne-parole-resistenza\/#primaryimage","url":"https:\/\/progettotouring.it\/radiotouring104\/wp-content\/uploads\/sites\/6\/2023\/09\/municipio-Motta-San-Giovanni.jpg","contentUrl":"https:\/\/progettotouring.it\/radiotouring104\/wp-content\/uploads\/sites\/6\/2023\/09\/municipio-Motta-San-Giovanni.jpg","width":2016,"height":1512},{"@type":"BreadcrumbList","@id":"https:\/\/progettotouring.it\/radiotouring104\/2025\/11\/20\/celebrazioni-25-novembre-a-motta-voci-di-liberta-donne-parole-resistenza\/#breadcrumb","itemListElement":[{"@type":"ListItem","position":1,"name":"Home","item":"https:\/\/progettotouring.it\/radiotouring104\/"},{"@type":"ListItem","position":2,"name":"Celebrazioni 25 novembre, a Motta \u201cVoci di libert\u00e0 &#8211; Donne, parole, resistenza\u201d"}]},{"@type":"WebSite","@id":"https:\/\/progettotouring.it\/radiotouring104\/#website","url":"https:\/\/progettotouring.it\/radiotouring104\/","name":"Radio Touring 104","description":"La prima radio Reggina","publisher":{"@id":"https:\/\/progettotouring.it\/radiotouring104\/#organization"},"potentialAction":[{"@type":"SearchAction","target":{"@type":"EntryPoint","urlTemplate":"https:\/\/progettotouring.it\/radiotouring104\/?s={search_term_string}"},"query-input":{"@type":"PropertyValueSpecification","valueRequired":true,"valueName":"search_term_string"}}],"inLanguage":"it-IT"},{"@type":"Organization","@id":"https:\/\/progettotouring.it\/radiotouring104\/#organization","name":"Radio Touring 104","url":"https:\/\/progettotouring.it\/radiotouring104\/","logo":{"@type":"ImageObject","inLanguage":"it-IT","@id":"https:\/\/progettotouring.it\/radiotouring104\/#\/schema\/logo\/image\/","url":"https:\/\/progettotouring.it\/radiotouring104\/wp-content\/uploads\/sites\/6\/2022\/02\/cropped-logo-radio-touring-104.png","contentUrl":"https:\/\/progettotouring.it\/radiotouring104\/wp-content\/uploads\/sites\/6\/2022\/02\/cropped-logo-radio-touring-104.png","width":377,"height":182,"caption":"Radio Touring 104"},"image":{"@id":"https:\/\/progettotouring.it\/radiotouring104\/#\/schema\/logo\/image\/"}},{"@type":"Person","@id":"https:\/\/progettotouring.it\/radiotouring104\/#\/schema\/person\/b0ab0133fecf75350f77192b39dc8425","name":"Mattia Antonino Perina","image":{"@type":"ImageObject","inLanguage":"it-IT","@id":"https:\/\/secure.gravatar.com\/avatar\/fdde6c937c343f9b38ef5e40424e5b6af2d03190655ab7e91e426f5241081ef5?s=96&d=mm&r=g","url":"https:\/\/secure.gravatar.com\/avatar\/fdde6c937c343f9b38ef5e40424e5b6af2d03190655ab7e91e426f5241081ef5?s=96&d=mm&r=g","contentUrl":"https:\/\/secure.gravatar.com\/avatar\/fdde6c937c343f9b38ef5e40424e5b6af2d03190655ab7e91e426f5241081ef5?s=96&d=mm&r=g","caption":"Mattia Antonino Perina"},"url":"https:\/\/progettotouring.it\/radiotouring104\/author\/mattia\/"}]}},"jetpack_publicize_connections":[],"jetpack_featured_media_url":"https:\/\/progettotouring.it\/radiotouring104\/wp-content\/uploads\/sites\/6\/2023\/09\/municipio-Motta-San-Giovanni.jpg","jetpack_sharing_enabled":true,"_links":{"self":[{"href":"https:\/\/progettotouring.it\/radiotouring104\/wp-json\/wp\/v2\/posts\/86051","targetHints":{"allow":["GET"]}}],"collection":[{"href":"https:\/\/progettotouring.it\/radiotouring104\/wp-json\/wp\/v2\/posts"}],"about":[{"href":"https:\/\/progettotouring.it\/radiotouring104\/wp-json\/wp\/v2\/types\/post"}],"author":[{"embeddable":true,"href":"https:\/\/progettotouring.it\/radiotouring104\/wp-json\/wp\/v2\/users\/28"}],"replies":[{"embeddable":true,"href":"https:\/\/progettotouring.it\/radiotouring104\/wp-json\/wp\/v2\/comments?post=86051"}],"version-history":[{"count":5,"href":"https:\/\/progettotouring.it\/radiotouring104\/wp-json\/wp\/v2\/posts\/86051\/revisions"}],"predecessor-version":[{"id":86103,"href":"https:\/\/progettotouring.it\/radiotouring104\/wp-json\/wp\/v2\/posts\/86051\/revisions\/86103"}],"wp:featuredmedia":[{"embeddable":true,"href":"https:\/\/progettotouring.it\/radiotouring104\/wp-json\/wp\/v2\/media\/34470"}],"wp:attachment":[{"href":"https:\/\/progettotouring.it\/radiotouring104\/wp-json\/wp\/v2\/media?parent=86051"}],"wp:term":[{"taxonomy":"category","embeddable":true,"href":"https:\/\/progettotouring.it\/radiotouring104\/wp-json\/wp\/v2\/categories?post=86051"},{"taxonomy":"post_tag","embeddable":true,"href":"https:\/\/progettotouring.it\/radiotouring104\/wp-json\/wp\/v2\/tags?post=86051"}],"curies":[{"name":"wp","href":"https:\/\/api.w.org\/{rel}","templated":true}]}}