{"id":86070,"date":"2025-11-19T20:40:38","date_gmt":"2025-11-19T19:40:38","guid":{"rendered":"https:\/\/progettotouring.it\/radiotouring104\/?p=86070"},"modified":"2025-11-19T20:40:38","modified_gmt":"2025-11-19T19:40:38","slug":"reggio-si-riunisce-il-coordinamento-cittadino-dei-partiti-del-centrodestra","status":"publish","type":"post","link":"https:\/\/progettotouring.it\/radiotouring104\/2025\/11\/19\/reggio-si-riunisce-il-coordinamento-cittadino-dei-partiti-del-centrodestra\/","title":{"rendered":"Reggio: si riunisce il coordinamento cittadino dei partiti del centrodestra"},"content":{"rendered":"<p>Su proposta di Forza Italia, presso la sede del partito, si sono riuniti i coordinatori cittadini dei partiti reggini di Centro Destra: Ersilia Cedro per Fratelli d\u2019Italia, Antonino Maiolino per Forza Italia, Armando Neri per la Lega, Riccardo Occhipinti per l\u2019UdC, mentre per Noi Moderati si \u00e8 collegato da remoto il delegato Vito Pitaro.<\/p>\n<p>I rappresentanti della coalizione hanno inteso avviare un formale tavolo di concertazione in vista delle prossime, imminenti, elezioni comunali esprimendo una dichiarazione congiunta:<em> \u201c\u00c8 nostra intenzione condivisa costruire insieme un programma articolato da sottoporre alla Citt\u00e0. Unico obiettivo di questo tavolo \u00e8 gettare le basi in maniera sinergica di un programma elettorale serio e sostenibile <\/em><em>partendo dalle criticit\u00e0 da risolvere e allo stesso tempo dalle potenzialit\u00e0 che il nostro territorio offre. Apriremo il confronto anche ad associazioni del terzo settore, associazioni politiche culturali, ordini professionali, imprese, per un doveroso coinvolgimento che dia contributi contenutistici di valore, affinch\u00e9 anche grazie alla collaborazione con le realt\u00e0 del territorio possiamo arricchire il programma politico del Centro Destra di Reggio Calabria.\u201d<\/em><\/p>\n<p><em>\u201cQuesto \u00e8 solo l\u2019inizio. Si \u00e8 trattato del primo di una serie di fondamentali incontri <\/em><em>che serviranno ad unire le idee e sviluppare al meglio le proposte, creando un programma univoco, che sia efficace e sostenibile. Partiamo da una base condivisa e ben ancorata a determinate priorit\u00e0: servizi primari, decoro urbano, politiche giovanili; aspetti che con l\u2019attuale Amministrazione hanno rappresentato costantemente un deficit. Intendiamo offrire ai reggini la miglior proposta elettorale che ci sia mai stata. Reggio non merita smacchi come quelli subiti dal peggior sindaco della storia. La Sinistra ha distrutto il futuro di Reggio, a noi l\u2019arduo (ma possibile) compito di ricostruirlo.\u201d<\/em><\/p>\n","protected":false},"excerpt":{"rendered":"<p>Su proposta di Forza Italia, presso la sede del partito, si sono riuniti i coordinatori cittadini dei partiti reggini di Centro Destra: Ersilia Cedro per Fratelli d\u2019Italia, Antonino Maiolino per&hellip;<\/p>\n","protected":false},"author":19,"featured_media":86071,"comment_status":"closed","ping_status":"open","sticky":false,"template":"","format":"standard","meta":{"_jetpack_memberships_contains_paid_content":false,"footnotes":"","jetpack_publicize_message":"","jetpack_publicize_feature_enabled":true,"jetpack_social_post_already_shared":true,"jetpack_social_options":{"image_generator_settings":{"template":"highway","default_image_id":0,"font":"","enabled":false},"version":2}},"categories":[921,196,140],"tags":[],"class_list":["post-86070","post","type-post","status-publish","format-standard","has-post-thumbnail","hentry","category-home","category-news","category-reggio-calabria"],"yoast_head":"<!-- This site is optimized with the Yoast SEO plugin v27.2 - https:\/\/yoast.com\/product\/yoast-seo-wordpress\/ -->\n<title>Reggio: si riunisce il coordinamento cittadino dei partiti del centrodestra - Radio Touring 104<\/title>\n<meta name=\"description\" content=\"&quot;Questo \u00e8 solo l\u2019inizio. Si \u00e8 trattato del primo di una serie di fondamentali incontri che serviranno ad unire le idee e sviluppare al meglio le proposte&quot;\" \/>\n<meta name=\"robots\" content=\"index, follow, max-snippet:-1, max-image-preview:large, max-video-preview:-1\" \/>\n<link rel=\"canonical\" href=\"https:\/\/progettotouring.it\/radiotouring104\/2025\/11\/19\/reggio-si-riunisce-il-coordinamento-cittadino-dei-partiti-del-centrodestra\/\" \/>\n<meta property=\"og:locale\" content=\"it_IT\" \/>\n<meta property=\"og:type\" content=\"article\" \/>\n<meta property=\"og:title\" content=\"Reggio: si riunisce il coordinamento cittadino dei partiti del centrodestra - Radio Touring 104\" \/>\n<meta property=\"og:description\" content=\"&quot;Questo \u00e8 solo l\u2019inizio. Si \u00e8 trattato del primo di una serie di fondamentali incontri che serviranno ad unire le idee e sviluppare al meglio le proposte&quot;\" \/>\n<meta property=\"og:url\" content=\"https:\/\/progettotouring.it\/radiotouring104\/2025\/11\/19\/reggio-si-riunisce-il-coordinamento-cittadino-dei-partiti-del-centrodestra\/\" \/>\n<meta property=\"og:site_name\" content=\"Radio Touring 104\" \/>\n<meta property=\"article:published_time\" content=\"2025-11-19T19:40:38+00:00\" \/>\n<meta property=\"og:image\" content=\"https:\/\/progettotouring.it\/radiotouring104\/wp-content\/uploads\/sites\/6\/2025\/11\/IMMAGINI-X-SITO-2025-11-19T203933.165.jpg\" \/>\n\t<meta property=\"og:image:width\" content=\"2000\" \/>\n\t<meta property=\"og:image:height\" content=\"1545\" \/>\n\t<meta property=\"og:image:type\" content=\"image\/jpeg\" \/>\n<meta name=\"author\" content=\"S L\" \/>\n<meta name=\"twitter:card\" content=\"summary_large_image\" \/>\n<meta name=\"twitter:label1\" content=\"Scritto da\" \/>\n\t<meta name=\"twitter:data1\" content=\"S L\" \/>\n\t<meta name=\"twitter:label2\" content=\"Tempo di lettura stimato\" \/>\n\t<meta name=\"twitter:data2\" content=\"1 minuto\" \/>\n<script type=\"application\/ld+json\" class=\"yoast-schema-graph\">{\"@context\":\"https:\/\/schema.org\",\"@graph\":[{\"@type\":\"Article\",\"@id\":\"https:\/\/progettotouring.it\/radiotouring104\/2025\/11\/19\/reggio-si-riunisce-il-coordinamento-cittadino-dei-partiti-del-centrodestra\/#article\",\"isPartOf\":{\"@id\":\"https:\/\/progettotouring.it\/radiotouring104\/2025\/11\/19\/reggio-si-riunisce-il-coordinamento-cittadino-dei-partiti-del-centrodestra\/\"},\"author\":{\"name\":\"S L\",\"@id\":\"https:\/\/progettotouring.it\/radiotouring104\/#\/schema\/person\/b9f9c3730b0a78814c9b9f3bfc52c619\"},\"headline\":\"Reggio: si riunisce il coordinamento cittadino dei partiti del centrodestra\",\"datePublished\":\"2025-11-19T19:40:38+00:00\",\"mainEntityOfPage\":{\"@id\":\"https:\/\/progettotouring.it\/radiotouring104\/2025\/11\/19\/reggio-si-riunisce-il-coordinamento-cittadino-dei-partiti-del-centrodestra\/\"},\"wordCount\":285,\"publisher\":{\"@id\":\"https:\/\/progettotouring.it\/radiotouring104\/#organization\"},\"image\":{\"@id\":\"https:\/\/progettotouring.it\/radiotouring104\/2025\/11\/19\/reggio-si-riunisce-il-coordinamento-cittadino-dei-partiti-del-centrodestra\/#primaryimage\"},\"thumbnailUrl\":\"https:\/\/progettotouring.it\/radiotouring104\/wp-content\/uploads\/sites\/6\/2025\/11\/IMMAGINI-X-SITO-2025-11-19T203933.165.jpg\",\"articleSection\":[\"Home\",\"News\",\"Reggio Calabria\"],\"inLanguage\":\"it-IT\"},{\"@type\":\"WebPage\",\"@id\":\"https:\/\/progettotouring.it\/radiotouring104\/2025\/11\/19\/reggio-si-riunisce-il-coordinamento-cittadino-dei-partiti-del-centrodestra\/\",\"url\":\"https:\/\/progettotouring.it\/radiotouring104\/2025\/11\/19\/reggio-si-riunisce-il-coordinamento-cittadino-dei-partiti-del-centrodestra\/\",\"name\":\"Reggio: si riunisce il coordinamento cittadino dei partiti del centrodestra - Radio Touring 104\",\"isPartOf\":{\"@id\":\"https:\/\/progettotouring.it\/radiotouring104\/#website\"},\"primaryImageOfPage\":{\"@id\":\"https:\/\/progettotouring.it\/radiotouring104\/2025\/11\/19\/reggio-si-riunisce-il-coordinamento-cittadino-dei-partiti-del-centrodestra\/#primaryimage\"},\"image\":{\"@id\":\"https:\/\/progettotouring.it\/radiotouring104\/2025\/11\/19\/reggio-si-riunisce-il-coordinamento-cittadino-dei-partiti-del-centrodestra\/#primaryimage\"},\"thumbnailUrl\":\"https:\/\/progettotouring.it\/radiotouring104\/wp-content\/uploads\/sites\/6\/2025\/11\/IMMAGINI-X-SITO-2025-11-19T203933.165.jpg\",\"datePublished\":\"2025-11-19T19:40:38+00:00\",\"description\":\"\\\"Questo \u00e8 solo l\u2019inizio. Si \u00e8 trattato del primo di una serie di fondamentali incontri che serviranno ad unire le idee e sviluppare al meglio le proposte\\\"\",\"breadcrumb\":{\"@id\":\"https:\/\/progettotouring.it\/radiotouring104\/2025\/11\/19\/reggio-si-riunisce-il-coordinamento-cittadino-dei-partiti-del-centrodestra\/#breadcrumb\"},\"inLanguage\":\"it-IT\",\"potentialAction\":[{\"@type\":\"ReadAction\",\"target\":[\"https:\/\/progettotouring.it\/radiotouring104\/2025\/11\/19\/reggio-si-riunisce-il-coordinamento-cittadino-dei-partiti-del-centrodestra\/\"]}]},{\"@type\":\"ImageObject\",\"inLanguage\":\"it-IT\",\"@id\":\"https:\/\/progettotouring.it\/radiotouring104\/2025\/11\/19\/reggio-si-riunisce-il-coordinamento-cittadino-dei-partiti-del-centrodestra\/#primaryimage\",\"url\":\"https:\/\/progettotouring.it\/radiotouring104\/wp-content\/uploads\/sites\/6\/2025\/11\/IMMAGINI-X-SITO-2025-11-19T203933.165.jpg\",\"contentUrl\":\"https:\/\/progettotouring.it\/radiotouring104\/wp-content\/uploads\/sites\/6\/2025\/11\/IMMAGINI-X-SITO-2025-11-19T203933.165.jpg\",\"width\":2000,\"height\":1545},{\"@type\":\"BreadcrumbList\",\"@id\":\"https:\/\/progettotouring.it\/radiotouring104\/2025\/11\/19\/reggio-si-riunisce-il-coordinamento-cittadino-dei-partiti-del-centrodestra\/#breadcrumb\",\"itemListElement\":[{\"@type\":\"ListItem\",\"position\":1,\"name\":\"Home\",\"item\":\"https:\/\/progettotouring.it\/radiotouring104\/\"},{\"@type\":\"ListItem\",\"position\":2,\"name\":\"Reggio: si riunisce il coordinamento cittadino dei partiti del centrodestra\"}]},{\"@type\":\"WebSite\",\"@id\":\"https:\/\/progettotouring.it\/radiotouring104\/#website\",\"url\":\"https:\/\/progettotouring.it\/radiotouring104\/\",\"name\":\"Radio Touring 104\",\"description\":\"La prima radio Reggina\",\"publisher\":{\"@id\":\"https:\/\/progettotouring.it\/radiotouring104\/#organization\"},\"potentialAction\":[{\"@type\":\"SearchAction\",\"target\":{\"@type\":\"EntryPoint\",\"urlTemplate\":\"https:\/\/progettotouring.it\/radiotouring104\/?s={search_term_string}\"},\"query-input\":{\"@type\":\"PropertyValueSpecification\",\"valueRequired\":true,\"valueName\":\"search_term_string\"}}],\"inLanguage\":\"it-IT\"},{\"@type\":\"Organization\",\"@id\":\"https:\/\/progettotouring.it\/radiotouring104\/#organization\",\"name\":\"Radio Touring 104\",\"url\":\"https:\/\/progettotouring.it\/radiotouring104\/\",\"logo\":{\"@type\":\"ImageObject\",\"inLanguage\":\"it-IT\",\"@id\":\"https:\/\/progettotouring.it\/radiotouring104\/#\/schema\/logo\/image\/\",\"url\":\"https:\/\/progettotouring.it\/radiotouring104\/wp-content\/uploads\/sites\/6\/2022\/02\/cropped-logo-radio-touring-104.png\",\"contentUrl\":\"https:\/\/progettotouring.it\/radiotouring104\/wp-content\/uploads\/sites\/6\/2022\/02\/cropped-logo-radio-touring-104.png\",\"width\":377,\"height\":182,\"caption\":\"Radio Touring 104\"},\"image\":{\"@id\":\"https:\/\/progettotouring.it\/radiotouring104\/#\/schema\/logo\/image\/\"}},{\"@type\":\"Person\",\"@id\":\"https:\/\/progettotouring.it\/radiotouring104\/#\/schema\/person\/b9f9c3730b0a78814c9b9f3bfc52c619\",\"name\":\"S L\",\"image\":{\"@type\":\"ImageObject\",\"inLanguage\":\"it-IT\",\"@id\":\"https:\/\/secure.gravatar.com\/avatar\/652c51789d7030aaed9ff828331360502a68204fe6fb0831bc280515210e16d2?s=96&d=mm&r=g\",\"url\":\"https:\/\/secure.gravatar.com\/avatar\/652c51789d7030aaed9ff828331360502a68204fe6fb0831bc280515210e16d2?s=96&d=mm&r=g\",\"contentUrl\":\"https:\/\/secure.gravatar.com\/avatar\/652c51789d7030aaed9ff828331360502a68204fe6fb0831bc280515210e16d2?s=96&d=mm&r=g\",\"caption\":\"S L\"},\"url\":\"https:\/\/progettotouring.it\/radiotouring104\/author\/slibri\/\"}]}<\/script>\n<!-- \/ Yoast SEO plugin. -->","yoast_head_json":{"title":"Reggio: si riunisce il coordinamento cittadino dei partiti del centrodestra - Radio Touring 104","description":"\"Questo \u00e8 solo l\u2019inizio. Si \u00e8 trattato del primo di una serie di fondamentali incontri che serviranno ad unire le idee e sviluppare al meglio le proposte\"","robots":{"index":"index","follow":"follow","max-snippet":"max-snippet:-1","max-image-preview":"max-image-preview:large","max-video-preview":"max-video-preview:-1"},"canonical":"https:\/\/progettotouring.it\/radiotouring104\/2025\/11\/19\/reggio-si-riunisce-il-coordinamento-cittadino-dei-partiti-del-centrodestra\/","og_locale":"it_IT","og_type":"article","og_title":"Reggio: si riunisce il coordinamento cittadino dei partiti del centrodestra - Radio Touring 104","og_description":"\"Questo \u00e8 solo l\u2019inizio. Si \u00e8 trattato del primo di una serie di fondamentali incontri che serviranno ad unire le idee e sviluppare al meglio le proposte\"","og_url":"https:\/\/progettotouring.it\/radiotouring104\/2025\/11\/19\/reggio-si-riunisce-il-coordinamento-cittadino-dei-partiti-del-centrodestra\/","og_site_name":"Radio Touring 104","article_published_time":"2025-11-19T19:40:38+00:00","og_image":[{"width":2000,"height":1545,"url":"https:\/\/progettotouring.it\/radiotouring104\/wp-content\/uploads\/sites\/6\/2025\/11\/IMMAGINI-X-SITO-2025-11-19T203933.165.jpg","type":"image\/jpeg"}],"author":"S L","twitter_card":"summary_large_image","twitter_misc":{"Scritto da":"S L","Tempo di lettura stimato":"1 minuto"},"schema":{"@context":"https:\/\/schema.org","@graph":[{"@type":"Article","@id":"https:\/\/progettotouring.it\/radiotouring104\/2025\/11\/19\/reggio-si-riunisce-il-coordinamento-cittadino-dei-partiti-del-centrodestra\/#article","isPartOf":{"@id":"https:\/\/progettotouring.it\/radiotouring104\/2025\/11\/19\/reggio-si-riunisce-il-coordinamento-cittadino-dei-partiti-del-centrodestra\/"},"author":{"name":"S L","@id":"https:\/\/progettotouring.it\/radiotouring104\/#\/schema\/person\/b9f9c3730b0a78814c9b9f3bfc52c619"},"headline":"Reggio: si riunisce il coordinamento cittadino dei partiti del centrodestra","datePublished":"2025-11-19T19:40:38+00:00","mainEntityOfPage":{"@id":"https:\/\/progettotouring.it\/radiotouring104\/2025\/11\/19\/reggio-si-riunisce-il-coordinamento-cittadino-dei-partiti-del-centrodestra\/"},"wordCount":285,"publisher":{"@id":"https:\/\/progettotouring.it\/radiotouring104\/#organization"},"image":{"@id":"https:\/\/progettotouring.it\/radiotouring104\/2025\/11\/19\/reggio-si-riunisce-il-coordinamento-cittadino-dei-partiti-del-centrodestra\/#primaryimage"},"thumbnailUrl":"https:\/\/progettotouring.it\/radiotouring104\/wp-content\/uploads\/sites\/6\/2025\/11\/IMMAGINI-X-SITO-2025-11-19T203933.165.jpg","articleSection":["Home","News","Reggio Calabria"],"inLanguage":"it-IT"},{"@type":"WebPage","@id":"https:\/\/progettotouring.it\/radiotouring104\/2025\/11\/19\/reggio-si-riunisce-il-coordinamento-cittadino-dei-partiti-del-centrodestra\/","url":"https:\/\/progettotouring.it\/radiotouring104\/2025\/11\/19\/reggio-si-riunisce-il-coordinamento-cittadino-dei-partiti-del-centrodestra\/","name":"Reggio: si riunisce il coordinamento cittadino dei partiti del centrodestra - Radio Touring 104","isPartOf":{"@id":"https:\/\/progettotouring.it\/radiotouring104\/#website"},"primaryImageOfPage":{"@id":"https:\/\/progettotouring.it\/radiotouring104\/2025\/11\/19\/reggio-si-riunisce-il-coordinamento-cittadino-dei-partiti-del-centrodestra\/#primaryimage"},"image":{"@id":"https:\/\/progettotouring.it\/radiotouring104\/2025\/11\/19\/reggio-si-riunisce-il-coordinamento-cittadino-dei-partiti-del-centrodestra\/#primaryimage"},"thumbnailUrl":"https:\/\/progettotouring.it\/radiotouring104\/wp-content\/uploads\/sites\/6\/2025\/11\/IMMAGINI-X-SITO-2025-11-19T203933.165.jpg","datePublished":"2025-11-19T19:40:38+00:00","description":"\"Questo \u00e8 solo l\u2019inizio. Si \u00e8 trattato del primo di una serie di fondamentali incontri che serviranno ad unire le idee e sviluppare al meglio le proposte\"","breadcrumb":{"@id":"https:\/\/progettotouring.it\/radiotouring104\/2025\/11\/19\/reggio-si-riunisce-il-coordinamento-cittadino-dei-partiti-del-centrodestra\/#breadcrumb"},"inLanguage":"it-IT","potentialAction":[{"@type":"ReadAction","target":["https:\/\/progettotouring.it\/radiotouring104\/2025\/11\/19\/reggio-si-riunisce-il-coordinamento-cittadino-dei-partiti-del-centrodestra\/"]}]},{"@type":"ImageObject","inLanguage":"it-IT","@id":"https:\/\/progettotouring.it\/radiotouring104\/2025\/11\/19\/reggio-si-riunisce-il-coordinamento-cittadino-dei-partiti-del-centrodestra\/#primaryimage","url":"https:\/\/progettotouring.it\/radiotouring104\/wp-content\/uploads\/sites\/6\/2025\/11\/IMMAGINI-X-SITO-2025-11-19T203933.165.jpg","contentUrl":"https:\/\/progettotouring.it\/radiotouring104\/wp-content\/uploads\/sites\/6\/2025\/11\/IMMAGINI-X-SITO-2025-11-19T203933.165.jpg","width":2000,"height":1545},{"@type":"BreadcrumbList","@id":"https:\/\/progettotouring.it\/radiotouring104\/2025\/11\/19\/reggio-si-riunisce-il-coordinamento-cittadino-dei-partiti-del-centrodestra\/#breadcrumb","itemListElement":[{"@type":"ListItem","position":1,"name":"Home","item":"https:\/\/progettotouring.it\/radiotouring104\/"},{"@type":"ListItem","position":2,"name":"Reggio: si riunisce il coordinamento cittadino dei partiti del centrodestra"}]},{"@type":"WebSite","@id":"https:\/\/progettotouring.it\/radiotouring104\/#website","url":"https:\/\/progettotouring.it\/radiotouring104\/","name":"Radio Touring 104","description":"La prima radio Reggina","publisher":{"@id":"https:\/\/progettotouring.it\/radiotouring104\/#organization"},"potentialAction":[{"@type":"SearchAction","target":{"@type":"EntryPoint","urlTemplate":"https:\/\/progettotouring.it\/radiotouring104\/?s={search_term_string}"},"query-input":{"@type":"PropertyValueSpecification","valueRequired":true,"valueName":"search_term_string"}}],"inLanguage":"it-IT"},{"@type":"Organization","@id":"https:\/\/progettotouring.it\/radiotouring104\/#organization","name":"Radio Touring 104","url":"https:\/\/progettotouring.it\/radiotouring104\/","logo":{"@type":"ImageObject","inLanguage":"it-IT","@id":"https:\/\/progettotouring.it\/radiotouring104\/#\/schema\/logo\/image\/","url":"https:\/\/progettotouring.it\/radiotouring104\/wp-content\/uploads\/sites\/6\/2022\/02\/cropped-logo-radio-touring-104.png","contentUrl":"https:\/\/progettotouring.it\/radiotouring104\/wp-content\/uploads\/sites\/6\/2022\/02\/cropped-logo-radio-touring-104.png","width":377,"height":182,"caption":"Radio Touring 104"},"image":{"@id":"https:\/\/progettotouring.it\/radiotouring104\/#\/schema\/logo\/image\/"}},{"@type":"Person","@id":"https:\/\/progettotouring.it\/radiotouring104\/#\/schema\/person\/b9f9c3730b0a78814c9b9f3bfc52c619","name":"S L","image":{"@type":"ImageObject","inLanguage":"it-IT","@id":"https:\/\/secure.gravatar.com\/avatar\/652c51789d7030aaed9ff828331360502a68204fe6fb0831bc280515210e16d2?s=96&d=mm&r=g","url":"https:\/\/secure.gravatar.com\/avatar\/652c51789d7030aaed9ff828331360502a68204fe6fb0831bc280515210e16d2?s=96&d=mm&r=g","contentUrl":"https:\/\/secure.gravatar.com\/avatar\/652c51789d7030aaed9ff828331360502a68204fe6fb0831bc280515210e16d2?s=96&d=mm&r=g","caption":"S L"},"url":"https:\/\/progettotouring.it\/radiotouring104\/author\/slibri\/"}]}},"jetpack_publicize_connections":[],"jetpack_featured_media_url":"https:\/\/progettotouring.it\/radiotouring104\/wp-content\/uploads\/sites\/6\/2025\/11\/IMMAGINI-X-SITO-2025-11-19T203933.165.jpg","jetpack_sharing_enabled":true,"_links":{"self":[{"href":"https:\/\/progettotouring.it\/radiotouring104\/wp-json\/wp\/v2\/posts\/86070","targetHints":{"allow":["GET"]}}],"collection":[{"href":"https:\/\/progettotouring.it\/radiotouring104\/wp-json\/wp\/v2\/posts"}],"about":[{"href":"https:\/\/progettotouring.it\/radiotouring104\/wp-json\/wp\/v2\/types\/post"}],"author":[{"embeddable":true,"href":"https:\/\/progettotouring.it\/radiotouring104\/wp-json\/wp\/v2\/users\/19"}],"replies":[{"embeddable":true,"href":"https:\/\/progettotouring.it\/radiotouring104\/wp-json\/wp\/v2\/comments?post=86070"}],"version-history":[{"count":1,"href":"https:\/\/progettotouring.it\/radiotouring104\/wp-json\/wp\/v2\/posts\/86070\/revisions"}],"predecessor-version":[{"id":86072,"href":"https:\/\/progettotouring.it\/radiotouring104\/wp-json\/wp\/v2\/posts\/86070\/revisions\/86072"}],"wp:featuredmedia":[{"embeddable":true,"href":"https:\/\/progettotouring.it\/radiotouring104\/wp-json\/wp\/v2\/media\/86071"}],"wp:attachment":[{"href":"https:\/\/progettotouring.it\/radiotouring104\/wp-json\/wp\/v2\/media?parent=86070"}],"wp:term":[{"taxonomy":"category","embeddable":true,"href":"https:\/\/progettotouring.it\/radiotouring104\/wp-json\/wp\/v2\/categories?post=86070"},{"taxonomy":"post_tag","embeddable":true,"href":"https:\/\/progettotouring.it\/radiotouring104\/wp-json\/wp\/v2\/tags?post=86070"}],"curies":[{"name":"wp","href":"https:\/\/api.w.org\/{rel}","templated":true}]}}