{"id":86073,"date":"2025-11-19T20:56:40","date_gmt":"2025-11-19T19:56:40","guid":{"rendered":"https:\/\/progettotouring.it\/radiotouring104\/?p=86073"},"modified":"2025-11-19T20:56:40","modified_gmt":"2025-11-19T19:56:40","slug":"reggio-la-redel-completa-le-infrastrutture-elettriche-atam","status":"publish","type":"post","link":"https:\/\/progettotouring.it\/radiotouring104\/2025\/11\/19\/reggio-la-redel-completa-le-infrastrutture-elettriche-atam\/","title":{"rendered":"Reggio: la Redel completa le infrastrutture elettriche Atam"},"content":{"rendered":"<div id=\"penci-post-gallery__68976\" class=\"penci-post-gallery-container single-slider column-3\" data-height=\"150\" data-margin=\"3\"><div class=\"penci-owl-carousel penci-owl-carousel-slider penci-nav-visible\" data-auto=\"true\" data-lazy=\"true\"><figure><a class=\"penci-gallery-ite item-gallery-single-slider item-link-relative\" href=\"https:\/\/progettotouring.it\/radiotouring104\/wp-content\/uploads\/sites\/6\/2025\/11\/Foro-Boario-Botteghelle-Atam-Reggio-Calabria-Redel-1.jpg\"><span class=\"penci-isotope-padding\" style=\"padding-bottom:56.23931624%;\"><\/span><img decoding=\"async\" src=\"https:\/\/progettotouring.it\/radiotouring104\/wp-content\/uploads\/sites\/6\/2025\/11\/Foro-Boario-Botteghelle-Atam-Reggio-Calabria-Redel-1-1170x658.jpg\" alt=\"\" title=\"Foro Boario Botteghelle Atam Reggio Calabria Redel (1)\"><\/a><\/figure><figure><a class=\"penci-gallery-ite item-gallery-single-slider item-link-relative\" href=\"https:\/\/progettotouring.it\/radiotouring104\/wp-content\/uploads\/sites\/6\/2025\/11\/Foro-Boario-Botteghelle-Atam-Reggio-Calabria-Redel-2.jpg\"><span class=\"penci-isotope-padding\" style=\"padding-bottom:56.23931624%;\"><\/span><img decoding=\"async\" src=\"https:\/\/progettotouring.it\/radiotouring104\/wp-content\/uploads\/sites\/6\/2025\/11\/Foro-Boario-Botteghelle-Atam-Reggio-Calabria-Redel-2-1170x658.jpg\" alt=\"\" title=\"Foro Boario Botteghelle Atam Reggio Calabria Redel (2)\"><\/a><\/figure><figure><a class=\"penci-gallery-ite item-gallery-single-slider item-link-relative\" href=\"https:\/\/progettotouring.it\/radiotouring104\/wp-content\/uploads\/sites\/6\/2025\/11\/Foro-Boario-Botteghelle-Atam-Reggio-Calabria-Redel-3.jpg\"><span class=\"penci-isotope-padding\" style=\"padding-bottom:56.23931624%;\"><\/span><img decoding=\"async\" src=\"https:\/\/progettotouring.it\/radiotouring104\/wp-content\/uploads\/sites\/6\/2025\/11\/Foro-Boario-Botteghelle-Atam-Reggio-Calabria-Redel-3-1170x658.jpg\" alt=\"\" title=\"Foro Boario Botteghelle Atam Reggio Calabria Redel (3)\"><\/a><\/figure><figure><a class=\"penci-gallery-ite item-gallery-single-slider item-link-relative\" href=\"https:\/\/progettotouring.it\/radiotouring104\/wp-content\/uploads\/sites\/6\/2025\/11\/Foro-Boario-Botteghelle-Atam-Reggio-Calabria-Redel-4.jpg\"><span class=\"penci-isotope-padding\" style=\"padding-bottom:56.23931624%;\"><\/span><img decoding=\"async\" src=\"https:\/\/progettotouring.it\/radiotouring104\/wp-content\/uploads\/sites\/6\/2025\/11\/Foro-Boario-Botteghelle-Atam-Reggio-Calabria-Redel-4-1170x658.jpg\" alt=\"\" title=\"Foro Boario Botteghelle Atam Reggio Calabria Redel (4)\"><\/a><\/figure><figure><a class=\"penci-gallery-ite item-gallery-single-slider item-link-relative\" href=\"https:\/\/progettotouring.it\/radiotouring104\/wp-content\/uploads\/sites\/6\/2025\/11\/Foro-Boario-Botteghelle-Atam-Reggio-Calabria-Redel-5.jpg\"><span class=\"penci-isotope-padding\" style=\"padding-bottom:56.23931624%;\"><\/span><img decoding=\"async\" src=\"https:\/\/progettotouring.it\/radiotouring104\/wp-content\/uploads\/sites\/6\/2025\/11\/Foro-Boario-Botteghelle-Atam-Reggio-Calabria-Redel-5-1170x658.jpg\" alt=\"\" title=\"Foro Boario Botteghelle Atam Reggio Calabria Redel (5)\"><\/a><\/figure><\/div><\/div>\n<p>&nbsp;<\/p>\n<p>&nbsp;<\/p>\n<p>La <em>Redel<\/em> ha ufficialmente concluso gli interventi infrastrutturali per la ricarica dei nuovi autobus elettrici Atam, segnando un passaggio storico per la mobilit\u00e0 sostenibile della citt\u00e0 di Reggio Calabria.<\/p>\n<p>L\u2019intervento rientra nel pi\u00f9 ampio programma finanziato con fondi PNRR destinati alla transizione ecologica del trasporto pubblico locale.<\/p>\n<p><strong>A partire dal 19 novembre, Reggio Calabria inaugurer\u00e0 il nuovo hub operativo, aprendo ufficialmente la strada alla circolazione dei nuovi autobus elettrici<\/strong>.<\/p>\n<p>L\u2019intervento \u00e8 consistito, tra l&#8217;altro, nella realizzazione di:<\/p>\n<ul>\n<li><strong>67 colonnine di ricarica per autobus elettrici<\/strong><\/li>\n<li><strong>2 impianti fotovoltaici da 100 kW ciascuno<\/strong><\/li>\n<li><strong>3.000 mq di nuova pavimentazione industriale<\/strong><\/li>\n<li><strong>750 mq di nuovi marciapiedi<\/strong><\/li>\n<li><strong>3.645 m\u00b3 di edifici demoliti<\/strong><\/li>\n<\/ul>\n<p>Gli impianti fotovoltaici alimenteranno fino al <strong>20% del fabbisogno energetico<\/strong> delle strutture operative, contribuendo in modo tangibile alla riduzione delle emissioni e dei consumi.<\/p>\n<p>Ecco le dichiarazioni del management societario:<\/p>\n<p><strong>Demetrio Barreca, Presidente Redel:<\/strong> \u201c<em>La transizione ecologica non si annuncia, si realizza. Quello completato \u00e8 un sistema complesso, funzionante e gi\u00e0 pronto a servire la comunit\u00e0. \u00c8 la prova che, quando visione, competenza e organizzazione lavorano insieme, si possono raggiungere risultati concreti e misurabili.\u201d<\/em><\/p>\n<p><strong>Umberto Barreca, CEO Redel: <\/strong>\u201c<em>Questo progetto non \u00e8 solo un\u2019opera infrastrutturale.\u00a0 \u00c8 un investimento nella qualit\u00e0 della vita, nella modernizzazione della citt\u00e0 e mobilit\u00e0 che Reggio Calabria merita. Abbiamo lavorato rispettando tempi rigorosi e standard elevati, contribuendo a costruire un modello di mobilit\u00e0 che guarda avanti. Quest\u2019opera si aggiunge ad altri interventi gi\u00e0 realizzati a Cremona, Rovigo, Trento e Torino, consolidando il ruolo di Redel come player nazionale nella realizzazione di infrastrutture per la mobilit\u00e0 sostenibile.<\/em><\/p>\n<p>&nbsp;<\/p>\n","protected":false},"excerpt":{"rendered":"<p>&nbsp; &nbsp; La Redel ha ufficialmente concluso gli interventi infrastrutturali per la ricarica dei nuovi autobus elettrici Atam, segnando un passaggio storico per la mobilit\u00e0 sostenibile della citt\u00e0 di Reggio&hellip;<\/p>\n","protected":false},"author":19,"featured_media":86079,"comment_status":"closed","ping_status":"open","sticky":false,"template":"","format":"standard","meta":{"_jetpack_memberships_contains_paid_content":false,"footnotes":"","jetpack_publicize_message":"","jetpack_publicize_feature_enabled":true,"jetpack_social_post_already_shared":true,"jetpack_social_options":{"image_generator_settings":{"template":"highway","default_image_id":0,"font":"","enabled":false},"version":2}},"categories":[921,196,140],"tags":[],"class_list":["post-86073","post","type-post","status-publish","format-standard","has-post-thumbnail","hentry","category-home","category-news","category-reggio-calabria"],"yoast_head":"<!-- This site is optimized with the Yoast SEO plugin v27.2 - https:\/\/yoast.com\/product\/yoast-seo-wordpress\/ -->\n<title>Reggio: la Redel completa le infrastrutture elettriche Atam - Radio Touring 104<\/title>\n<meta name=\"description\" content=\"Da oggi in circolazione i nuovi autobus elettrici\" \/>\n<meta name=\"robots\" content=\"index, follow, max-snippet:-1, max-image-preview:large, max-video-preview:-1\" \/>\n<link rel=\"canonical\" href=\"https:\/\/progettotouring.it\/radiotouring104\/2025\/11\/19\/reggio-la-redel-completa-le-infrastrutture-elettriche-atam\/\" \/>\n<meta property=\"og:locale\" content=\"it_IT\" \/>\n<meta property=\"og:type\" content=\"article\" \/>\n<meta property=\"og:title\" content=\"Reggio: la Redel completa le infrastrutture elettriche Atam - Radio Touring 104\" \/>\n<meta property=\"og:description\" content=\"Da oggi in circolazione i nuovi autobus elettrici\" \/>\n<meta property=\"og:url\" content=\"https:\/\/progettotouring.it\/radiotouring104\/2025\/11\/19\/reggio-la-redel-completa-le-infrastrutture-elettriche-atam\/\" \/>\n<meta property=\"og:site_name\" content=\"Radio Touring 104\" \/>\n<meta property=\"article:published_time\" content=\"2025-11-19T19:56:40+00:00\" \/>\n<meta property=\"og:image\" content=\"https:\/\/progettotouring.it\/radiotouring104\/wp-content\/uploads\/sites\/6\/2025\/11\/IMMAGINI-X-SITO-2025-11-19T205537.345.jpg\" \/>\n\t<meta property=\"og:image:width\" content=\"2000\" \/>\n\t<meta property=\"og:image:height\" content=\"1545\" \/>\n\t<meta property=\"og:image:type\" content=\"image\/jpeg\" \/>\n<meta name=\"author\" content=\"S L\" \/>\n<meta name=\"twitter:card\" content=\"summary_large_image\" \/>\n<meta name=\"twitter:label1\" content=\"Scritto da\" \/>\n\t<meta name=\"twitter:data1\" content=\"S L\" \/>\n\t<meta name=\"twitter:label2\" content=\"Tempo di lettura stimato\" \/>\n\t<meta name=\"twitter:data2\" content=\"1 minuto\" \/>\n<script type=\"application\/ld+json\" class=\"yoast-schema-graph\">{\"@context\":\"https:\/\/schema.org\",\"@graph\":[{\"@type\":\"Article\",\"@id\":\"https:\/\/progettotouring.it\/radiotouring104\/2025\/11\/19\/reggio-la-redel-completa-le-infrastrutture-elettriche-atam\/#article\",\"isPartOf\":{\"@id\":\"https:\/\/progettotouring.it\/radiotouring104\/2025\/11\/19\/reggio-la-redel-completa-le-infrastrutture-elettriche-atam\/\"},\"author\":{\"name\":\"S L\",\"@id\":\"https:\/\/progettotouring.it\/radiotouring104\/#\/schema\/person\/b9f9c3730b0a78814c9b9f3bfc52c619\"},\"headline\":\"Reggio: la Redel completa le infrastrutture elettriche Atam\",\"datePublished\":\"2025-11-19T19:56:40+00:00\",\"mainEntityOfPage\":{\"@id\":\"https:\/\/progettotouring.it\/radiotouring104\/2025\/11\/19\/reggio-la-redel-completa-le-infrastrutture-elettriche-atam\/\"},\"wordCount\":266,\"publisher\":{\"@id\":\"https:\/\/progettotouring.it\/radiotouring104\/#organization\"},\"image\":{\"@id\":\"https:\/\/progettotouring.it\/radiotouring104\/2025\/11\/19\/reggio-la-redel-completa-le-infrastrutture-elettriche-atam\/#primaryimage\"},\"thumbnailUrl\":\"https:\/\/progettotouring.it\/radiotouring104\/wp-content\/uploads\/sites\/6\/2025\/11\/IMMAGINI-X-SITO-2025-11-19T205537.345.jpg\",\"articleSection\":[\"Home\",\"News\",\"Reggio Calabria\"],\"inLanguage\":\"it-IT\"},{\"@type\":\"WebPage\",\"@id\":\"https:\/\/progettotouring.it\/radiotouring104\/2025\/11\/19\/reggio-la-redel-completa-le-infrastrutture-elettriche-atam\/\",\"url\":\"https:\/\/progettotouring.it\/radiotouring104\/2025\/11\/19\/reggio-la-redel-completa-le-infrastrutture-elettriche-atam\/\",\"name\":\"Reggio: la Redel completa le infrastrutture elettriche Atam - Radio Touring 104\",\"isPartOf\":{\"@id\":\"https:\/\/progettotouring.it\/radiotouring104\/#website\"},\"primaryImageOfPage\":{\"@id\":\"https:\/\/progettotouring.it\/radiotouring104\/2025\/11\/19\/reggio-la-redel-completa-le-infrastrutture-elettriche-atam\/#primaryimage\"},\"image\":{\"@id\":\"https:\/\/progettotouring.it\/radiotouring104\/2025\/11\/19\/reggio-la-redel-completa-le-infrastrutture-elettriche-atam\/#primaryimage\"},\"thumbnailUrl\":\"https:\/\/progettotouring.it\/radiotouring104\/wp-content\/uploads\/sites\/6\/2025\/11\/IMMAGINI-X-SITO-2025-11-19T205537.345.jpg\",\"datePublished\":\"2025-11-19T19:56:40+00:00\",\"description\":\"Da oggi in circolazione i nuovi autobus elettrici\",\"breadcrumb\":{\"@id\":\"https:\/\/progettotouring.it\/radiotouring104\/2025\/11\/19\/reggio-la-redel-completa-le-infrastrutture-elettriche-atam\/#breadcrumb\"},\"inLanguage\":\"it-IT\",\"potentialAction\":[{\"@type\":\"ReadAction\",\"target\":[\"https:\/\/progettotouring.it\/radiotouring104\/2025\/11\/19\/reggio-la-redel-completa-le-infrastrutture-elettriche-atam\/\"]}]},{\"@type\":\"ImageObject\",\"inLanguage\":\"it-IT\",\"@id\":\"https:\/\/progettotouring.it\/radiotouring104\/2025\/11\/19\/reggio-la-redel-completa-le-infrastrutture-elettriche-atam\/#primaryimage\",\"url\":\"https:\/\/progettotouring.it\/radiotouring104\/wp-content\/uploads\/sites\/6\/2025\/11\/IMMAGINI-X-SITO-2025-11-19T205537.345.jpg\",\"contentUrl\":\"https:\/\/progettotouring.it\/radiotouring104\/wp-content\/uploads\/sites\/6\/2025\/11\/IMMAGINI-X-SITO-2025-11-19T205537.345.jpg\",\"width\":2000,\"height\":1545},{\"@type\":\"BreadcrumbList\",\"@id\":\"https:\/\/progettotouring.it\/radiotouring104\/2025\/11\/19\/reggio-la-redel-completa-le-infrastrutture-elettriche-atam\/#breadcrumb\",\"itemListElement\":[{\"@type\":\"ListItem\",\"position\":1,\"name\":\"Home\",\"item\":\"https:\/\/progettotouring.it\/radiotouring104\/\"},{\"@type\":\"ListItem\",\"position\":2,\"name\":\"Reggio: la Redel completa le infrastrutture elettriche Atam\"}]},{\"@type\":\"WebSite\",\"@id\":\"https:\/\/progettotouring.it\/radiotouring104\/#website\",\"url\":\"https:\/\/progettotouring.it\/radiotouring104\/\",\"name\":\"Radio Touring 104\",\"description\":\"La prima radio Reggina\",\"publisher\":{\"@id\":\"https:\/\/progettotouring.it\/radiotouring104\/#organization\"},\"potentialAction\":[{\"@type\":\"SearchAction\",\"target\":{\"@type\":\"EntryPoint\",\"urlTemplate\":\"https:\/\/progettotouring.it\/radiotouring104\/?s={search_term_string}\"},\"query-input\":{\"@type\":\"PropertyValueSpecification\",\"valueRequired\":true,\"valueName\":\"search_term_string\"}}],\"inLanguage\":\"it-IT\"},{\"@type\":\"Organization\",\"@id\":\"https:\/\/progettotouring.it\/radiotouring104\/#organization\",\"name\":\"Radio Touring 104\",\"url\":\"https:\/\/progettotouring.it\/radiotouring104\/\",\"logo\":{\"@type\":\"ImageObject\",\"inLanguage\":\"it-IT\",\"@id\":\"https:\/\/progettotouring.it\/radiotouring104\/#\/schema\/logo\/image\/\",\"url\":\"https:\/\/progettotouring.it\/radiotouring104\/wp-content\/uploads\/sites\/6\/2022\/02\/cropped-logo-radio-touring-104.png\",\"contentUrl\":\"https:\/\/progettotouring.it\/radiotouring104\/wp-content\/uploads\/sites\/6\/2022\/02\/cropped-logo-radio-touring-104.png\",\"width\":377,\"height\":182,\"caption\":\"Radio Touring 104\"},\"image\":{\"@id\":\"https:\/\/progettotouring.it\/radiotouring104\/#\/schema\/logo\/image\/\"}},{\"@type\":\"Person\",\"@id\":\"https:\/\/progettotouring.it\/radiotouring104\/#\/schema\/person\/b9f9c3730b0a78814c9b9f3bfc52c619\",\"name\":\"S L\",\"image\":{\"@type\":\"ImageObject\",\"inLanguage\":\"it-IT\",\"@id\":\"https:\/\/secure.gravatar.com\/avatar\/652c51789d7030aaed9ff828331360502a68204fe6fb0831bc280515210e16d2?s=96&d=mm&r=g\",\"url\":\"https:\/\/secure.gravatar.com\/avatar\/652c51789d7030aaed9ff828331360502a68204fe6fb0831bc280515210e16d2?s=96&d=mm&r=g\",\"contentUrl\":\"https:\/\/secure.gravatar.com\/avatar\/652c51789d7030aaed9ff828331360502a68204fe6fb0831bc280515210e16d2?s=96&d=mm&r=g\",\"caption\":\"S L\"},\"url\":\"https:\/\/progettotouring.it\/radiotouring104\/author\/slibri\/\"}]}<\/script>\n<!-- \/ Yoast SEO plugin. -->","yoast_head_json":{"title":"Reggio: la Redel completa le infrastrutture elettriche Atam - Radio Touring 104","description":"Da oggi in circolazione i nuovi autobus elettrici","robots":{"index":"index","follow":"follow","max-snippet":"max-snippet:-1","max-image-preview":"max-image-preview:large","max-video-preview":"max-video-preview:-1"},"canonical":"https:\/\/progettotouring.it\/radiotouring104\/2025\/11\/19\/reggio-la-redel-completa-le-infrastrutture-elettriche-atam\/","og_locale":"it_IT","og_type":"article","og_title":"Reggio: la Redel completa le infrastrutture elettriche Atam - Radio Touring 104","og_description":"Da oggi in circolazione i nuovi autobus elettrici","og_url":"https:\/\/progettotouring.it\/radiotouring104\/2025\/11\/19\/reggio-la-redel-completa-le-infrastrutture-elettriche-atam\/","og_site_name":"Radio Touring 104","article_published_time":"2025-11-19T19:56:40+00:00","og_image":[{"width":2000,"height":1545,"url":"https:\/\/progettotouring.it\/radiotouring104\/wp-content\/uploads\/sites\/6\/2025\/11\/IMMAGINI-X-SITO-2025-11-19T205537.345.jpg","type":"image\/jpeg"}],"author":"S L","twitter_card":"summary_large_image","twitter_misc":{"Scritto da":"S L","Tempo di lettura stimato":"1 minuto"},"schema":{"@context":"https:\/\/schema.org","@graph":[{"@type":"Article","@id":"https:\/\/progettotouring.it\/radiotouring104\/2025\/11\/19\/reggio-la-redel-completa-le-infrastrutture-elettriche-atam\/#article","isPartOf":{"@id":"https:\/\/progettotouring.it\/radiotouring104\/2025\/11\/19\/reggio-la-redel-completa-le-infrastrutture-elettriche-atam\/"},"author":{"name":"S L","@id":"https:\/\/progettotouring.it\/radiotouring104\/#\/schema\/person\/b9f9c3730b0a78814c9b9f3bfc52c619"},"headline":"Reggio: la Redel completa le infrastrutture elettriche Atam","datePublished":"2025-11-19T19:56:40+00:00","mainEntityOfPage":{"@id":"https:\/\/progettotouring.it\/radiotouring104\/2025\/11\/19\/reggio-la-redel-completa-le-infrastrutture-elettriche-atam\/"},"wordCount":266,"publisher":{"@id":"https:\/\/progettotouring.it\/radiotouring104\/#organization"},"image":{"@id":"https:\/\/progettotouring.it\/radiotouring104\/2025\/11\/19\/reggio-la-redel-completa-le-infrastrutture-elettriche-atam\/#primaryimage"},"thumbnailUrl":"https:\/\/progettotouring.it\/radiotouring104\/wp-content\/uploads\/sites\/6\/2025\/11\/IMMAGINI-X-SITO-2025-11-19T205537.345.jpg","articleSection":["Home","News","Reggio Calabria"],"inLanguage":"it-IT"},{"@type":"WebPage","@id":"https:\/\/progettotouring.it\/radiotouring104\/2025\/11\/19\/reggio-la-redel-completa-le-infrastrutture-elettriche-atam\/","url":"https:\/\/progettotouring.it\/radiotouring104\/2025\/11\/19\/reggio-la-redel-completa-le-infrastrutture-elettriche-atam\/","name":"Reggio: la Redel completa le infrastrutture elettriche Atam - Radio Touring 104","isPartOf":{"@id":"https:\/\/progettotouring.it\/radiotouring104\/#website"},"primaryImageOfPage":{"@id":"https:\/\/progettotouring.it\/radiotouring104\/2025\/11\/19\/reggio-la-redel-completa-le-infrastrutture-elettriche-atam\/#primaryimage"},"image":{"@id":"https:\/\/progettotouring.it\/radiotouring104\/2025\/11\/19\/reggio-la-redel-completa-le-infrastrutture-elettriche-atam\/#primaryimage"},"thumbnailUrl":"https:\/\/progettotouring.it\/radiotouring104\/wp-content\/uploads\/sites\/6\/2025\/11\/IMMAGINI-X-SITO-2025-11-19T205537.345.jpg","datePublished":"2025-11-19T19:56:40+00:00","description":"Da oggi in circolazione i nuovi autobus elettrici","breadcrumb":{"@id":"https:\/\/progettotouring.it\/radiotouring104\/2025\/11\/19\/reggio-la-redel-completa-le-infrastrutture-elettriche-atam\/#breadcrumb"},"inLanguage":"it-IT","potentialAction":[{"@type":"ReadAction","target":["https:\/\/progettotouring.it\/radiotouring104\/2025\/11\/19\/reggio-la-redel-completa-le-infrastrutture-elettriche-atam\/"]}]},{"@type":"ImageObject","inLanguage":"it-IT","@id":"https:\/\/progettotouring.it\/radiotouring104\/2025\/11\/19\/reggio-la-redel-completa-le-infrastrutture-elettriche-atam\/#primaryimage","url":"https:\/\/progettotouring.it\/radiotouring104\/wp-content\/uploads\/sites\/6\/2025\/11\/IMMAGINI-X-SITO-2025-11-19T205537.345.jpg","contentUrl":"https:\/\/progettotouring.it\/radiotouring104\/wp-content\/uploads\/sites\/6\/2025\/11\/IMMAGINI-X-SITO-2025-11-19T205537.345.jpg","width":2000,"height":1545},{"@type":"BreadcrumbList","@id":"https:\/\/progettotouring.it\/radiotouring104\/2025\/11\/19\/reggio-la-redel-completa-le-infrastrutture-elettriche-atam\/#breadcrumb","itemListElement":[{"@type":"ListItem","position":1,"name":"Home","item":"https:\/\/progettotouring.it\/radiotouring104\/"},{"@type":"ListItem","position":2,"name":"Reggio: la Redel completa le infrastrutture elettriche Atam"}]},{"@type":"WebSite","@id":"https:\/\/progettotouring.it\/radiotouring104\/#website","url":"https:\/\/progettotouring.it\/radiotouring104\/","name":"Radio Touring 104","description":"La prima radio Reggina","publisher":{"@id":"https:\/\/progettotouring.it\/radiotouring104\/#organization"},"potentialAction":[{"@type":"SearchAction","target":{"@type":"EntryPoint","urlTemplate":"https:\/\/progettotouring.it\/radiotouring104\/?s={search_term_string}"},"query-input":{"@type":"PropertyValueSpecification","valueRequired":true,"valueName":"search_term_string"}}],"inLanguage":"it-IT"},{"@type":"Organization","@id":"https:\/\/progettotouring.it\/radiotouring104\/#organization","name":"Radio Touring 104","url":"https:\/\/progettotouring.it\/radiotouring104\/","logo":{"@type":"ImageObject","inLanguage":"it-IT","@id":"https:\/\/progettotouring.it\/radiotouring104\/#\/schema\/logo\/image\/","url":"https:\/\/progettotouring.it\/radiotouring104\/wp-content\/uploads\/sites\/6\/2022\/02\/cropped-logo-radio-touring-104.png","contentUrl":"https:\/\/progettotouring.it\/radiotouring104\/wp-content\/uploads\/sites\/6\/2022\/02\/cropped-logo-radio-touring-104.png","width":377,"height":182,"caption":"Radio Touring 104"},"image":{"@id":"https:\/\/progettotouring.it\/radiotouring104\/#\/schema\/logo\/image\/"}},{"@type":"Person","@id":"https:\/\/progettotouring.it\/radiotouring104\/#\/schema\/person\/b9f9c3730b0a78814c9b9f3bfc52c619","name":"S L","image":{"@type":"ImageObject","inLanguage":"it-IT","@id":"https:\/\/secure.gravatar.com\/avatar\/652c51789d7030aaed9ff828331360502a68204fe6fb0831bc280515210e16d2?s=96&d=mm&r=g","url":"https:\/\/secure.gravatar.com\/avatar\/652c51789d7030aaed9ff828331360502a68204fe6fb0831bc280515210e16d2?s=96&d=mm&r=g","contentUrl":"https:\/\/secure.gravatar.com\/avatar\/652c51789d7030aaed9ff828331360502a68204fe6fb0831bc280515210e16d2?s=96&d=mm&r=g","caption":"S L"},"url":"https:\/\/progettotouring.it\/radiotouring104\/author\/slibri\/"}]}},"jetpack_publicize_connections":[],"jetpack_featured_media_url":"https:\/\/progettotouring.it\/radiotouring104\/wp-content\/uploads\/sites\/6\/2025\/11\/IMMAGINI-X-SITO-2025-11-19T205537.345.jpg","jetpack_sharing_enabled":true,"_links":{"self":[{"href":"https:\/\/progettotouring.it\/radiotouring104\/wp-json\/wp\/v2\/posts\/86073","targetHints":{"allow":["GET"]}}],"collection":[{"href":"https:\/\/progettotouring.it\/radiotouring104\/wp-json\/wp\/v2\/posts"}],"about":[{"href":"https:\/\/progettotouring.it\/radiotouring104\/wp-json\/wp\/v2\/types\/post"}],"author":[{"embeddable":true,"href":"https:\/\/progettotouring.it\/radiotouring104\/wp-json\/wp\/v2\/users\/19"}],"replies":[{"embeddable":true,"href":"https:\/\/progettotouring.it\/radiotouring104\/wp-json\/wp\/v2\/comments?post=86073"}],"version-history":[{"count":1,"href":"https:\/\/progettotouring.it\/radiotouring104\/wp-json\/wp\/v2\/posts\/86073\/revisions"}],"predecessor-version":[{"id":86080,"href":"https:\/\/progettotouring.it\/radiotouring104\/wp-json\/wp\/v2\/posts\/86073\/revisions\/86080"}],"wp:featuredmedia":[{"embeddable":true,"href":"https:\/\/progettotouring.it\/radiotouring104\/wp-json\/wp\/v2\/media\/86079"}],"wp:attachment":[{"href":"https:\/\/progettotouring.it\/radiotouring104\/wp-json\/wp\/v2\/media?parent=86073"}],"wp:term":[{"taxonomy":"category","embeddable":true,"href":"https:\/\/progettotouring.it\/radiotouring104\/wp-json\/wp\/v2\/categories?post=86073"},{"taxonomy":"post_tag","embeddable":true,"href":"https:\/\/progettotouring.it\/radiotouring104\/wp-json\/wp\/v2\/tags?post=86073"}],"curies":[{"name":"wp","href":"https:\/\/api.w.org\/{rel}","templated":true}]}}