{"id":86081,"date":"2025-11-19T21:15:12","date_gmt":"2025-11-19T20:15:12","guid":{"rendered":"https:\/\/progettotouring.it\/radiotouring104\/?p=86081"},"modified":"2025-11-19T21:15:12","modified_gmt":"2025-11-19T20:15:12","slug":"atam-inaugurata-la-struttura-di-ricarica-per-gli-autobus-elettrici","status":"publish","type":"post","link":"https:\/\/progettotouring.it\/radiotouring104\/2025\/11\/19\/atam-inaugurata-la-struttura-di-ricarica-per-gli-autobus-elettrici\/","title":{"rendered":"ATAM: inaugurata la struttura di ricarica per gli autobus elettrici"},"content":{"rendered":"<p>Le misure del PNRR, utilizzate per il rinnovo delle flotte del trasporto pubblico locale, hanno consentito l\u2019acquisizione, da parte di Atam, di 66 bus elettrici, circa la met\u00e0 dell\u2019attuale parco mezzi,\u00a0 e la realizzazione dell\u2019infrastruttura di ricarica (67 colonnine e due impianti fotovoltaici da 100 kw ciascuno) che \u00e8 stata oggi inaugurata presso la sede dell\u2019azienda municipale dei trasporti.<\/p>\n<p>L\u2019opera, dell\u2019importo di 6,4 milioni di euro, \u00e8 stata completata in 9 mesi e rientra nell\u2019intervento complessivo di circa 46 milioni di euro che \u00e8 stato dcompletato con quasi un anno di anticipo rispetto alla scadenza prevista per giugno 2026.<\/p>\n<p>A illustrarne i dettagli, nel corso della cerimonia tenutasi a Foro Boario, sono stati il Rup Peter Battaglia, Umberto Barreca,\u00a0 amministratore dell\u2019azienda Redel e Giuseppe Basile, amministratore delegato di Atam.<\/p>\n<p>L\u2019assessore comunale alla Mobilit\u00e0, Domenico Battaglia, ha ricordato come \u00ab<em>un\u2019azienda che \u00e8 stata risanata e ricostruita dall\u2019Amministrazione comunale\u00bb<\/em> si trovi oggi a concretizzare <em>\u00abuno dei progetti di mobilit\u00e0 sostenibile pi\u00f9 importanti in Italia\u00bb.<\/em><\/p>\n<p>A mettere in risalto il lavoro compiuto dagli uffici comunali, reso possibile anche grazie ai nuovi innesti in organico, \u00e8 stato l\u2019assessore alla Programmazione Carmelo Romeo: <em>\u00abSi tratta di un altro dei tanti interventi<\/em>\u00a0 <em>programmati sempre nella direzione di rendere Reggio Calabria una citt\u00e0 europea al passo coi tempi. Abbiamo dimostrato di saperlo fare bene\u00bb.<\/em><\/p>\n<p>Per il sindaco Giuseppe Falcomat\u00e0 \u00abu<em>n simile risultato pu\u00f2 essere solo frutto di un grande gioco di squadra\u00bb<\/em>. Ma la cosa pi\u00f9 importante per il primo cittadino \u00e8 che l\u2019intervento \u00ab<em>migliora la qualit\u00e0 del servizio offerto e dunque ha un impatto sulla quotidianit\u00e0 di tanti cittadini che fruiscono del trasporto pubblico e magari ne aumenter\u00e0 l&#8217;utilizzo\u00bb<\/em>. Adesso, ha concluso Falcomat\u00e0, \u00ab<em>abbiamo bisogno di un servizio di trasporto pubblico regionale che sia all&#8217;altezza di Atam, perch\u00e9 abbiamo invertito il paradigma per cui eravamo visti come esempio negativo\u00bb<\/em>. Dunque questi risultati \u00ab<em>impongono di lavorare su altri livelli istituzionali<\/em> \u2013 ha concluso Falcomat\u00e0 \u2013<\/p>\n<div id=\"penci-post-gallery__14210\" class=\"penci-post-gallery-container single-slider column-3\" data-height=\"150\" data-margin=\"3\"><div class=\"penci-owl-carousel penci-owl-carousel-slider penci-nav-visible\" data-auto=\"true\" data-lazy=\"true\"><figure><a class=\"penci-gallery-ite item-gallery-single-slider item-link-relative\" href=\"https:\/\/progettotouring.it\/radiotouring104\/wp-content\/uploads\/sites\/6\/2025\/11\/Inaugurazione-Foro-Boario-19-novembre-2025-6.jpeg\"><span class=\"penci-isotope-padding\" style=\"padding-bottom:56.23931624%;\"><\/span><img decoding=\"async\" src=\"https:\/\/progettotouring.it\/radiotouring104\/wp-content\/uploads\/sites\/6\/2025\/11\/Inaugurazione-Foro-Boario-19-novembre-2025-6-1170x658.jpeg\" alt=\"\" title=\"Inaugurazione Foro Boario 19 novembre 2025 (6)\"><\/a><\/figure><figure><a class=\"penci-gallery-ite item-gallery-single-slider item-link-relative\" href=\"https:\/\/progettotouring.it\/radiotouring104\/wp-content\/uploads\/sites\/6\/2025\/11\/Inaugurazione-Foro-Boario-19-novembre-2025-5-1.jpeg\"><span class=\"penci-isotope-padding\" style=\"padding-bottom:56.23931624%;\"><\/span><img decoding=\"async\" src=\"https:\/\/progettotouring.it\/radiotouring104\/wp-content\/uploads\/sites\/6\/2025\/11\/Inaugurazione-Foro-Boario-19-novembre-2025-5-1-1170x658.jpeg\" alt=\"\" title=\"Inaugurazione Foro Boario 19 novembre 2025 (5) (1)\"><\/a><\/figure><figure><a class=\"penci-gallery-ite item-gallery-single-slider item-link-relative\" href=\"https:\/\/progettotouring.it\/radiotouring104\/wp-content\/uploads\/sites\/6\/2025\/11\/Inaugurazione-Foro-Boario-19-novembre-2025-1.jpeg\"><span class=\"penci-isotope-padding\" style=\"padding-bottom:56.23931624%;\"><\/span><img decoding=\"async\" src=\"https:\/\/progettotouring.it\/radiotouring104\/wp-content\/uploads\/sites\/6\/2025\/11\/Inaugurazione-Foro-Boario-19-novembre-2025-1-1170x658.jpeg\" alt=\"\" title=\"Inaugurazione Foro Boario 19 novembre 2025 (1)\"><\/a><\/figure><figure><a class=\"penci-gallery-ite item-gallery-single-slider item-link-relative\" href=\"https:\/\/progettotouring.it\/radiotouring104\/wp-content\/uploads\/sites\/6\/2025\/11\/Inaugurazione-Foro-Boario-19-novembre-2025-2.jpeg\"><span class=\"penci-isotope-padding\" style=\"padding-bottom:45.04273504%;\"><\/span><img decoding=\"async\" src=\"https:\/\/progettotouring.it\/radiotouring104\/wp-content\/uploads\/sites\/6\/2025\/11\/Inaugurazione-Foro-Boario-19-novembre-2025-2-1170x527.jpeg\" alt=\"\" title=\"Inaugurazione Foro Boario 19 novembre 2025 (2)\"><\/a><\/figure><figure><a class=\"penci-gallery-ite item-gallery-single-slider item-link-relative\" href=\"https:\/\/progettotouring.it\/radiotouring104\/wp-content\/uploads\/sites\/6\/2025\/11\/Inaugurazione-Foro-Boario-19-novembre-2025-3.jpeg\"><span class=\"penci-isotope-padding\" style=\"padding-bottom:56.23931624%;\"><\/span><img decoding=\"async\" src=\"https:\/\/progettotouring.it\/radiotouring104\/wp-content\/uploads\/sites\/6\/2025\/11\/Inaugurazione-Foro-Boario-19-novembre-2025-3-1170x658.jpeg\" alt=\"\" title=\"Inaugurazione Foro Boario 19 novembre 2025 (3)\"><\/a><\/figure><figure><a class=\"penci-gallery-ite item-gallery-single-slider item-link-relative\" href=\"https:\/\/progettotouring.it\/radiotouring104\/wp-content\/uploads\/sites\/6\/2025\/11\/Inaugurazione-Foro-Boario-19-novembre-2025-5.jpeg\"><span class=\"penci-isotope-padding\" style=\"padding-bottom:56.23931624%;\"><\/span><img decoding=\"async\" src=\"https:\/\/progettotouring.it\/radiotouring104\/wp-content\/uploads\/sites\/6\/2025\/11\/Inaugurazione-Foro-Boario-19-novembre-2025-5-1170x658.jpeg\" alt=\"\" title=\"Inaugurazione Foro Boario 19 novembre 2025 (5)\"><\/a><\/figure><\/div><\/div>\n<p><span style=\"font-weight: 400\">&#8212;<\/span><\/p>\n","protected":false},"excerpt":{"rendered":"<p>Le misure del PNRR, utilizzate per il rinnovo delle flotte del trasporto pubblico locale, hanno consentito l\u2019acquisizione, da parte di Atam, di 66 bus elettrici, circa la met\u00e0 dell\u2019attuale parco&hellip;<\/p>\n","protected":false},"author":19,"featured_media":86082,"comment_status":"closed","ping_status":"open","sticky":false,"template":"","format":"standard","meta":{"_jetpack_memberships_contains_paid_content":false,"footnotes":"","jetpack_publicize_message":"","jetpack_publicize_feature_enabled":true,"jetpack_social_post_already_shared":true,"jetpack_social_options":{"image_generator_settings":{"template":"highway","default_image_id":0,"font":"","enabled":false},"version":2}},"categories":[921,150,196,140],"tags":[],"class_list":["post-86081","post","type-post","status-publish","format-standard","has-post-thumbnail","hentry","category-home","category-in-primo-piano","category-news","category-reggio-calabria"],"yoast_head":"<!-- This site is optimized with the Yoast SEO plugin v27.2 - https:\/\/yoast.com\/product\/yoast-seo-wordpress\/ -->\n<title>ATAM: inaugurata la struttura di ricarica per gli autobus elettrici - Radio Touring 104<\/title>\n<meta name=\"description\" content=\"Realizzate 67 colonnine di ricarica e due impianti fotovoltaici da 100 kw ciascuno presso la sede di via Foro Boario\" \/>\n<meta name=\"robots\" content=\"index, follow, max-snippet:-1, max-image-preview:large, max-video-preview:-1\" \/>\n<link rel=\"canonical\" href=\"https:\/\/progettotouring.it\/radiotouring104\/2025\/11\/19\/atam-inaugurata-la-struttura-di-ricarica-per-gli-autobus-elettrici\/\" \/>\n<meta property=\"og:locale\" content=\"it_IT\" \/>\n<meta property=\"og:type\" content=\"article\" \/>\n<meta property=\"og:title\" content=\"ATAM: inaugurata la struttura di ricarica per gli autobus elettrici - Radio Touring 104\" \/>\n<meta property=\"og:description\" content=\"Realizzate 67 colonnine di ricarica e due impianti fotovoltaici da 100 kw ciascuno presso la sede di via Foro Boario\" \/>\n<meta property=\"og:url\" content=\"https:\/\/progettotouring.it\/radiotouring104\/2025\/11\/19\/atam-inaugurata-la-struttura-di-ricarica-per-gli-autobus-elettrici\/\" \/>\n<meta property=\"og:site_name\" content=\"Radio Touring 104\" \/>\n<meta property=\"article:published_time\" content=\"2025-11-19T20:15:12+00:00\" \/>\n<meta property=\"og:image\" content=\"https:\/\/progettotouring.it\/radiotouring104\/wp-content\/uploads\/sites\/6\/2025\/11\/IMMAGINI-X-SITO-2025-11-19T211106.703.jpg\" \/>\n\t<meta property=\"og:image:width\" content=\"2000\" \/>\n\t<meta property=\"og:image:height\" content=\"1545\" \/>\n\t<meta property=\"og:image:type\" content=\"image\/jpeg\" \/>\n<meta name=\"author\" content=\"S L\" \/>\n<meta name=\"twitter:card\" content=\"summary_large_image\" \/>\n<meta name=\"twitter:label1\" content=\"Scritto da\" \/>\n\t<meta name=\"twitter:data1\" content=\"S L\" \/>\n\t<meta name=\"twitter:label2\" content=\"Tempo di lettura stimato\" \/>\n\t<meta name=\"twitter:data2\" content=\"2 minuti\" \/>\n<script type=\"application\/ld+json\" class=\"yoast-schema-graph\">{\"@context\":\"https:\/\/schema.org\",\"@graph\":[{\"@type\":\"Article\",\"@id\":\"https:\/\/progettotouring.it\/radiotouring104\/2025\/11\/19\/atam-inaugurata-la-struttura-di-ricarica-per-gli-autobus-elettrici\/#article\",\"isPartOf\":{\"@id\":\"https:\/\/progettotouring.it\/radiotouring104\/2025\/11\/19\/atam-inaugurata-la-struttura-di-ricarica-per-gli-autobus-elettrici\/\"},\"author\":{\"name\":\"S L\",\"@id\":\"https:\/\/progettotouring.it\/radiotouring104\/#\/schema\/person\/b9f9c3730b0a78814c9b9f3bfc52c619\"},\"headline\":\"ATAM: inaugurata la struttura di ricarica per gli autobus elettrici\",\"datePublished\":\"2025-11-19T20:15:12+00:00\",\"mainEntityOfPage\":{\"@id\":\"https:\/\/progettotouring.it\/radiotouring104\/2025\/11\/19\/atam-inaugurata-la-struttura-di-ricarica-per-gli-autobus-elettrici\/\"},\"wordCount\":334,\"publisher\":{\"@id\":\"https:\/\/progettotouring.it\/radiotouring104\/#organization\"},\"image\":{\"@id\":\"https:\/\/progettotouring.it\/radiotouring104\/2025\/11\/19\/atam-inaugurata-la-struttura-di-ricarica-per-gli-autobus-elettrici\/#primaryimage\"},\"thumbnailUrl\":\"https:\/\/progettotouring.it\/radiotouring104\/wp-content\/uploads\/sites\/6\/2025\/11\/IMMAGINI-X-SITO-2025-11-19T211106.703.jpg\",\"articleSection\":[\"Home\",\"In primo piano\",\"News\",\"Reggio Calabria\"],\"inLanguage\":\"it-IT\"},{\"@type\":\"WebPage\",\"@id\":\"https:\/\/progettotouring.it\/radiotouring104\/2025\/11\/19\/atam-inaugurata-la-struttura-di-ricarica-per-gli-autobus-elettrici\/\",\"url\":\"https:\/\/progettotouring.it\/radiotouring104\/2025\/11\/19\/atam-inaugurata-la-struttura-di-ricarica-per-gli-autobus-elettrici\/\",\"name\":\"ATAM: inaugurata la struttura di ricarica per gli autobus elettrici - Radio Touring 104\",\"isPartOf\":{\"@id\":\"https:\/\/progettotouring.it\/radiotouring104\/#website\"},\"primaryImageOfPage\":{\"@id\":\"https:\/\/progettotouring.it\/radiotouring104\/2025\/11\/19\/atam-inaugurata-la-struttura-di-ricarica-per-gli-autobus-elettrici\/#primaryimage\"},\"image\":{\"@id\":\"https:\/\/progettotouring.it\/radiotouring104\/2025\/11\/19\/atam-inaugurata-la-struttura-di-ricarica-per-gli-autobus-elettrici\/#primaryimage\"},\"thumbnailUrl\":\"https:\/\/progettotouring.it\/radiotouring104\/wp-content\/uploads\/sites\/6\/2025\/11\/IMMAGINI-X-SITO-2025-11-19T211106.703.jpg\",\"datePublished\":\"2025-11-19T20:15:12+00:00\",\"description\":\"Realizzate 67 colonnine di ricarica e due impianti fotovoltaici da 100 kw ciascuno presso la sede di via Foro Boario\",\"breadcrumb\":{\"@id\":\"https:\/\/progettotouring.it\/radiotouring104\/2025\/11\/19\/atam-inaugurata-la-struttura-di-ricarica-per-gli-autobus-elettrici\/#breadcrumb\"},\"inLanguage\":\"it-IT\",\"potentialAction\":[{\"@type\":\"ReadAction\",\"target\":[\"https:\/\/progettotouring.it\/radiotouring104\/2025\/11\/19\/atam-inaugurata-la-struttura-di-ricarica-per-gli-autobus-elettrici\/\"]}]},{\"@type\":\"ImageObject\",\"inLanguage\":\"it-IT\",\"@id\":\"https:\/\/progettotouring.it\/radiotouring104\/2025\/11\/19\/atam-inaugurata-la-struttura-di-ricarica-per-gli-autobus-elettrici\/#primaryimage\",\"url\":\"https:\/\/progettotouring.it\/radiotouring104\/wp-content\/uploads\/sites\/6\/2025\/11\/IMMAGINI-X-SITO-2025-11-19T211106.703.jpg\",\"contentUrl\":\"https:\/\/progettotouring.it\/radiotouring104\/wp-content\/uploads\/sites\/6\/2025\/11\/IMMAGINI-X-SITO-2025-11-19T211106.703.jpg\",\"width\":2000,\"height\":1545},{\"@type\":\"BreadcrumbList\",\"@id\":\"https:\/\/progettotouring.it\/radiotouring104\/2025\/11\/19\/atam-inaugurata-la-struttura-di-ricarica-per-gli-autobus-elettrici\/#breadcrumb\",\"itemListElement\":[{\"@type\":\"ListItem\",\"position\":1,\"name\":\"Home\",\"item\":\"https:\/\/progettotouring.it\/radiotouring104\/\"},{\"@type\":\"ListItem\",\"position\":2,\"name\":\"ATAM: inaugurata la struttura di ricarica per gli autobus elettrici\"}]},{\"@type\":\"WebSite\",\"@id\":\"https:\/\/progettotouring.it\/radiotouring104\/#website\",\"url\":\"https:\/\/progettotouring.it\/radiotouring104\/\",\"name\":\"Radio Touring 104\",\"description\":\"La prima radio Reggina\",\"publisher\":{\"@id\":\"https:\/\/progettotouring.it\/radiotouring104\/#organization\"},\"potentialAction\":[{\"@type\":\"SearchAction\",\"target\":{\"@type\":\"EntryPoint\",\"urlTemplate\":\"https:\/\/progettotouring.it\/radiotouring104\/?s={search_term_string}\"},\"query-input\":{\"@type\":\"PropertyValueSpecification\",\"valueRequired\":true,\"valueName\":\"search_term_string\"}}],\"inLanguage\":\"it-IT\"},{\"@type\":\"Organization\",\"@id\":\"https:\/\/progettotouring.it\/radiotouring104\/#organization\",\"name\":\"Radio Touring 104\",\"url\":\"https:\/\/progettotouring.it\/radiotouring104\/\",\"logo\":{\"@type\":\"ImageObject\",\"inLanguage\":\"it-IT\",\"@id\":\"https:\/\/progettotouring.it\/radiotouring104\/#\/schema\/logo\/image\/\",\"url\":\"https:\/\/progettotouring.it\/radiotouring104\/wp-content\/uploads\/sites\/6\/2022\/02\/cropped-logo-radio-touring-104.png\",\"contentUrl\":\"https:\/\/progettotouring.it\/radiotouring104\/wp-content\/uploads\/sites\/6\/2022\/02\/cropped-logo-radio-touring-104.png\",\"width\":377,\"height\":182,\"caption\":\"Radio Touring 104\"},\"image\":{\"@id\":\"https:\/\/progettotouring.it\/radiotouring104\/#\/schema\/logo\/image\/\"}},{\"@type\":\"Person\",\"@id\":\"https:\/\/progettotouring.it\/radiotouring104\/#\/schema\/person\/b9f9c3730b0a78814c9b9f3bfc52c619\",\"name\":\"S L\",\"image\":{\"@type\":\"ImageObject\",\"inLanguage\":\"it-IT\",\"@id\":\"https:\/\/secure.gravatar.com\/avatar\/652c51789d7030aaed9ff828331360502a68204fe6fb0831bc280515210e16d2?s=96&d=mm&r=g\",\"url\":\"https:\/\/secure.gravatar.com\/avatar\/652c51789d7030aaed9ff828331360502a68204fe6fb0831bc280515210e16d2?s=96&d=mm&r=g\",\"contentUrl\":\"https:\/\/secure.gravatar.com\/avatar\/652c51789d7030aaed9ff828331360502a68204fe6fb0831bc280515210e16d2?s=96&d=mm&r=g\",\"caption\":\"S L\"},\"url\":\"https:\/\/progettotouring.it\/radiotouring104\/author\/slibri\/\"}]}<\/script>\n<!-- \/ Yoast SEO plugin. -->","yoast_head_json":{"title":"ATAM: inaugurata la struttura di ricarica per gli autobus elettrici - Radio Touring 104","description":"Realizzate 67 colonnine di ricarica e due impianti fotovoltaici da 100 kw ciascuno presso la sede di via Foro Boario","robots":{"index":"index","follow":"follow","max-snippet":"max-snippet:-1","max-image-preview":"max-image-preview:large","max-video-preview":"max-video-preview:-1"},"canonical":"https:\/\/progettotouring.it\/radiotouring104\/2025\/11\/19\/atam-inaugurata-la-struttura-di-ricarica-per-gli-autobus-elettrici\/","og_locale":"it_IT","og_type":"article","og_title":"ATAM: inaugurata la struttura di ricarica per gli autobus elettrici - Radio Touring 104","og_description":"Realizzate 67 colonnine di ricarica e due impianti fotovoltaici da 100 kw ciascuno presso la sede di via Foro Boario","og_url":"https:\/\/progettotouring.it\/radiotouring104\/2025\/11\/19\/atam-inaugurata-la-struttura-di-ricarica-per-gli-autobus-elettrici\/","og_site_name":"Radio Touring 104","article_published_time":"2025-11-19T20:15:12+00:00","og_image":[{"width":2000,"height":1545,"url":"https:\/\/progettotouring.it\/radiotouring104\/wp-content\/uploads\/sites\/6\/2025\/11\/IMMAGINI-X-SITO-2025-11-19T211106.703.jpg","type":"image\/jpeg"}],"author":"S L","twitter_card":"summary_large_image","twitter_misc":{"Scritto da":"S L","Tempo di lettura stimato":"2 minuti"},"schema":{"@context":"https:\/\/schema.org","@graph":[{"@type":"Article","@id":"https:\/\/progettotouring.it\/radiotouring104\/2025\/11\/19\/atam-inaugurata-la-struttura-di-ricarica-per-gli-autobus-elettrici\/#article","isPartOf":{"@id":"https:\/\/progettotouring.it\/radiotouring104\/2025\/11\/19\/atam-inaugurata-la-struttura-di-ricarica-per-gli-autobus-elettrici\/"},"author":{"name":"S L","@id":"https:\/\/progettotouring.it\/radiotouring104\/#\/schema\/person\/b9f9c3730b0a78814c9b9f3bfc52c619"},"headline":"ATAM: inaugurata la struttura di ricarica per gli autobus elettrici","datePublished":"2025-11-19T20:15:12+00:00","mainEntityOfPage":{"@id":"https:\/\/progettotouring.it\/radiotouring104\/2025\/11\/19\/atam-inaugurata-la-struttura-di-ricarica-per-gli-autobus-elettrici\/"},"wordCount":334,"publisher":{"@id":"https:\/\/progettotouring.it\/radiotouring104\/#organization"},"image":{"@id":"https:\/\/progettotouring.it\/radiotouring104\/2025\/11\/19\/atam-inaugurata-la-struttura-di-ricarica-per-gli-autobus-elettrici\/#primaryimage"},"thumbnailUrl":"https:\/\/progettotouring.it\/radiotouring104\/wp-content\/uploads\/sites\/6\/2025\/11\/IMMAGINI-X-SITO-2025-11-19T211106.703.jpg","articleSection":["Home","In primo piano","News","Reggio Calabria"],"inLanguage":"it-IT"},{"@type":"WebPage","@id":"https:\/\/progettotouring.it\/radiotouring104\/2025\/11\/19\/atam-inaugurata-la-struttura-di-ricarica-per-gli-autobus-elettrici\/","url":"https:\/\/progettotouring.it\/radiotouring104\/2025\/11\/19\/atam-inaugurata-la-struttura-di-ricarica-per-gli-autobus-elettrici\/","name":"ATAM: inaugurata la struttura di ricarica per gli autobus elettrici - Radio Touring 104","isPartOf":{"@id":"https:\/\/progettotouring.it\/radiotouring104\/#website"},"primaryImageOfPage":{"@id":"https:\/\/progettotouring.it\/radiotouring104\/2025\/11\/19\/atam-inaugurata-la-struttura-di-ricarica-per-gli-autobus-elettrici\/#primaryimage"},"image":{"@id":"https:\/\/progettotouring.it\/radiotouring104\/2025\/11\/19\/atam-inaugurata-la-struttura-di-ricarica-per-gli-autobus-elettrici\/#primaryimage"},"thumbnailUrl":"https:\/\/progettotouring.it\/radiotouring104\/wp-content\/uploads\/sites\/6\/2025\/11\/IMMAGINI-X-SITO-2025-11-19T211106.703.jpg","datePublished":"2025-11-19T20:15:12+00:00","description":"Realizzate 67 colonnine di ricarica e due impianti fotovoltaici da 100 kw ciascuno presso la sede di via Foro Boario","breadcrumb":{"@id":"https:\/\/progettotouring.it\/radiotouring104\/2025\/11\/19\/atam-inaugurata-la-struttura-di-ricarica-per-gli-autobus-elettrici\/#breadcrumb"},"inLanguage":"it-IT","potentialAction":[{"@type":"ReadAction","target":["https:\/\/progettotouring.it\/radiotouring104\/2025\/11\/19\/atam-inaugurata-la-struttura-di-ricarica-per-gli-autobus-elettrici\/"]}]},{"@type":"ImageObject","inLanguage":"it-IT","@id":"https:\/\/progettotouring.it\/radiotouring104\/2025\/11\/19\/atam-inaugurata-la-struttura-di-ricarica-per-gli-autobus-elettrici\/#primaryimage","url":"https:\/\/progettotouring.it\/radiotouring104\/wp-content\/uploads\/sites\/6\/2025\/11\/IMMAGINI-X-SITO-2025-11-19T211106.703.jpg","contentUrl":"https:\/\/progettotouring.it\/radiotouring104\/wp-content\/uploads\/sites\/6\/2025\/11\/IMMAGINI-X-SITO-2025-11-19T211106.703.jpg","width":2000,"height":1545},{"@type":"BreadcrumbList","@id":"https:\/\/progettotouring.it\/radiotouring104\/2025\/11\/19\/atam-inaugurata-la-struttura-di-ricarica-per-gli-autobus-elettrici\/#breadcrumb","itemListElement":[{"@type":"ListItem","position":1,"name":"Home","item":"https:\/\/progettotouring.it\/radiotouring104\/"},{"@type":"ListItem","position":2,"name":"ATAM: inaugurata la struttura di ricarica per gli autobus elettrici"}]},{"@type":"WebSite","@id":"https:\/\/progettotouring.it\/radiotouring104\/#website","url":"https:\/\/progettotouring.it\/radiotouring104\/","name":"Radio Touring 104","description":"La prima radio Reggina","publisher":{"@id":"https:\/\/progettotouring.it\/radiotouring104\/#organization"},"potentialAction":[{"@type":"SearchAction","target":{"@type":"EntryPoint","urlTemplate":"https:\/\/progettotouring.it\/radiotouring104\/?s={search_term_string}"},"query-input":{"@type":"PropertyValueSpecification","valueRequired":true,"valueName":"search_term_string"}}],"inLanguage":"it-IT"},{"@type":"Organization","@id":"https:\/\/progettotouring.it\/radiotouring104\/#organization","name":"Radio Touring 104","url":"https:\/\/progettotouring.it\/radiotouring104\/","logo":{"@type":"ImageObject","inLanguage":"it-IT","@id":"https:\/\/progettotouring.it\/radiotouring104\/#\/schema\/logo\/image\/","url":"https:\/\/progettotouring.it\/radiotouring104\/wp-content\/uploads\/sites\/6\/2022\/02\/cropped-logo-radio-touring-104.png","contentUrl":"https:\/\/progettotouring.it\/radiotouring104\/wp-content\/uploads\/sites\/6\/2022\/02\/cropped-logo-radio-touring-104.png","width":377,"height":182,"caption":"Radio Touring 104"},"image":{"@id":"https:\/\/progettotouring.it\/radiotouring104\/#\/schema\/logo\/image\/"}},{"@type":"Person","@id":"https:\/\/progettotouring.it\/radiotouring104\/#\/schema\/person\/b9f9c3730b0a78814c9b9f3bfc52c619","name":"S L","image":{"@type":"ImageObject","inLanguage":"it-IT","@id":"https:\/\/secure.gravatar.com\/avatar\/652c51789d7030aaed9ff828331360502a68204fe6fb0831bc280515210e16d2?s=96&d=mm&r=g","url":"https:\/\/secure.gravatar.com\/avatar\/652c51789d7030aaed9ff828331360502a68204fe6fb0831bc280515210e16d2?s=96&d=mm&r=g","contentUrl":"https:\/\/secure.gravatar.com\/avatar\/652c51789d7030aaed9ff828331360502a68204fe6fb0831bc280515210e16d2?s=96&d=mm&r=g","caption":"S L"},"url":"https:\/\/progettotouring.it\/radiotouring104\/author\/slibri\/"}]}},"jetpack_publicize_connections":[],"jetpack_featured_media_url":"https:\/\/progettotouring.it\/radiotouring104\/wp-content\/uploads\/sites\/6\/2025\/11\/IMMAGINI-X-SITO-2025-11-19T211106.703.jpg","jetpack_sharing_enabled":true,"_links":{"self":[{"href":"https:\/\/progettotouring.it\/radiotouring104\/wp-json\/wp\/v2\/posts\/86081","targetHints":{"allow":["GET"]}}],"collection":[{"href":"https:\/\/progettotouring.it\/radiotouring104\/wp-json\/wp\/v2\/posts"}],"about":[{"href":"https:\/\/progettotouring.it\/radiotouring104\/wp-json\/wp\/v2\/types\/post"}],"author":[{"embeddable":true,"href":"https:\/\/progettotouring.it\/radiotouring104\/wp-json\/wp\/v2\/users\/19"}],"replies":[{"embeddable":true,"href":"https:\/\/progettotouring.it\/radiotouring104\/wp-json\/wp\/v2\/comments?post=86081"}],"version-history":[{"count":1,"href":"https:\/\/progettotouring.it\/radiotouring104\/wp-json\/wp\/v2\/posts\/86081\/revisions"}],"predecessor-version":[{"id":86091,"href":"https:\/\/progettotouring.it\/radiotouring104\/wp-json\/wp\/v2\/posts\/86081\/revisions\/86091"}],"wp:featuredmedia":[{"embeddable":true,"href":"https:\/\/progettotouring.it\/radiotouring104\/wp-json\/wp\/v2\/media\/86082"}],"wp:attachment":[{"href":"https:\/\/progettotouring.it\/radiotouring104\/wp-json\/wp\/v2\/media?parent=86081"}],"wp:term":[{"taxonomy":"category","embeddable":true,"href":"https:\/\/progettotouring.it\/radiotouring104\/wp-json\/wp\/v2\/categories?post=86081"},{"taxonomy":"post_tag","embeddable":true,"href":"https:\/\/progettotouring.it\/radiotouring104\/wp-json\/wp\/v2\/tags?post=86081"}],"curies":[{"name":"wp","href":"https:\/\/api.w.org\/{rel}","templated":true}]}}