{"id":86098,"date":"2025-11-19T22:32:17","date_gmt":"2025-11-19T21:32:17","guid":{"rendered":"https:\/\/progettotouring.it\/radiotouring104\/?p=86098"},"modified":"2025-11-19T22:32:17","modified_gmt":"2025-11-19T21:32:17","slug":"giuseppe-falcomata-incontra-paolo-piacenza-neo-presidente-dellautorita-di-sistema-portuale-dei-mari-tirreno-meridionale-e-ionio","status":"publish","type":"post","link":"https:\/\/progettotouring.it\/radiotouring104\/2025\/11\/19\/giuseppe-falcomata-incontra-paolo-piacenza-neo-presidente-dellautorita-di-sistema-portuale-dei-mari-tirreno-meridionale-e-ionio\/","title":{"rendered":"Giuseppe Falcomat\u00e0 incontra Paolo Piacenza, neo Presidente dell\u2019Autorit\u00e0 di Sistema Portuale dei Mari Tirreno Meridionale e Ionio"},"content":{"rendered":"<div class=\"h-100 d-flex flex-column container-fluid message-container no-dark-filter pe-3 detail\">\n<div class=\"row message-content\">\n<div class=\"col-12 h-100 d-flex flex-column overflow-y\">\n<div class=\"card\">\n<div class=\"card-body message-content-body pt-0 d-flex flex-column gap-4 margin-left\">\n<div class=\"message-content-body-text\">\n<div class=\"message-content-text\">\n<div>\n<div class=\"xam_msg_class\">\n<div dir=\"ltr\">\n<p dir=\"ltr\">Il sindaco Giuseppe Falcomat\u00e0, insieme al vicesindaco Paolo Brunetti e all\u2019assessore alla Mobilit\u00e0 Domenico Battaglia, ha ricevuto a Palazzo San Giorgio l\u2019avvocato Paolo Piacenza, recentemente nominato Presidente dell\u2019Autorit\u00e0 di Sistema Portuale dei Mari Tirreno Meridionale e Ionio. La nomina, conferita dal Ministro delle Infrastrutture e dei Trasporti, giunge dopo il periodo in cui Piacenza ha guidato l\u2019Ente in qualit\u00e0 di Commissario Straordinario a partire dal 31 luglio 2025. Nel corso dell\u2019incontro Falcomat\u00e0 ha rivolto al presidente Piacenza le congratulazioni per l\u2019incarico, evidenziando \u00abl<em>a centralit\u00e0 di questa designazione per il futuro del porto di Gioia Tauro e per l\u2019intero sistema economico della Regione Calabria. Siamo convinti che la sua competenza sar\u00e0 fondamentali per affrontare le sfide future e cogliere le opportunit\u00e0 di crescita e sviluppo per il nostro territorio\u00bb.<\/em><\/p>\n<p dir=\"ltr\">Il proficuo e cordiale colloquio ha permesso di approfondire diversi temi strategici per il porto che insiste sul territorio metropolitano di Reggio Calabria, considerato uno degli scali pi\u00f9 importanti d\u2019Europa. Tra gli argomenti affrontati: le prospettive del transhipment, la valorizzazione del retroporto e delle aree che possono ospitare grandi investimenti, il ruolo strategico del porto per l\u2019intera provincia, caratterizzata dalla presenza di due Autorit\u00e0 di Sistema, quella dello Stretto e quella di Gioia Tauro, la necessit\u00e0 di rafforzare sinergie istituzionali per cogliere appieno le opportunit\u00e0 attualmente disponibili.<\/p>\n<p dir=\"ltr\">\u00ab<em>Siamo certi<\/em> \u2013 ha concluso il sindaco \u2013 <em>che solo attraverso una collaborazione stabile e costruttiva tra istituzioni sar\u00e0 possibile consolidare e sviluppare le potenzialit\u00e0 del nostro porto, generando ricadute positive per tutta la comunit\u00e0 reggina e calabrese\u00bb.<\/em><\/p>\n<\/div>\n<\/div>\n<\/div>\n<\/div>\n<\/div>\n<\/div>\n<div class=\"card-footer message-content-footer pb-3 sticky-bottom z-3 margin-left\">\n<div class=\"aru-button-group\" role=\"group\">\n<div class=\"top-text\">\n<div class=\"aru-button__inner aru-button__inner--md\n\n               \"><\/p>\n<div class=\"aru-button__content aru-button__content--start\"><\/div>\n<\/div>\n<\/div>\n<div class=\"top-text\">\n<div class=\"aru-button__inner aru-button__inner--md\n\n               \"><\/p>\n<div class=\"aru-button__content aru-button__content--start\"><\/div>\n<\/div>\n<\/div>\n<div class=\"top-text\">\n<div class=\"aru-button__inner aru-button__inner--md\n\n               \"><\/p>\n<div class=\"aru-button__content aru-button__content--start\"><\/div>\n<\/div>\n<\/div>\n<\/div>\n<\/div>\n<\/div>\n<\/div>\n<\/div>\n<\/div>\n<div class=\"aru-sheet-modal\">\n<div id=\"sheet\" class=\"sheet\" aria-hidden=\"true\">\n<div class=\"contents\">\n<div class=\"header\">\n<div class=\"drag-bar\"><\/div>\n<div class=\"actions\">\n<div class=\"left\">\n<div class=\"top-text\">\n<div class=\"aru-button__inner aru-button__inner--md\n\n               \"><\/div>\n<\/div>\n<\/div>\n<div class=\"center\">\n<div class=\"modal-sheet-header\">\n<div><\/div>\n<\/div>\n<\/div>\n<div class=\"right\">\n<div class=\"top-text\">\n<div class=\"aru-button__inner aru-button__inner--md\n\n               \"><\/div>\n<\/div>\n<\/div>\n<\/div>\n<\/div>\n<div class=\"body\">\n<div class=\"sheet-start\">\n<div class=\"modal-sheet-body\">\n<div>\n<div class=\"action-group-body d-flex flex-column gap-1 justify-content-center align-content-center\">\n<div class=\"level-one\">\n<div class=\"aru-button-menu__noDropdown left w-100 \">\n<div class=\"top-text\">\n<div class=\"aru-button__inner aru-button__inner--md\n\n               \"><\/p>\n<div class=\"aru-button__content aru-button__content--start\"><\/div>\n<div class=\"\n          aru-button__content aru-button__content--center \n\n          \"><\/div>\n<\/div>\n<\/div>\n<\/div>\n<div class=\"aru-button-menu__noDropdown left w-100 \">\n<div class=\"top-text\">\n<div class=\"aru-button__inner aru-button__inner--md\n\n               \"><\/p>\n<div class=\"\n          aru-button__content aru-button__content--center \n\n          \"><\/div>\n<\/div>\n<\/div>\n<\/div>\n<div class=\"aru-button-menu__noDropdown left w-100 \">\n<div class=\"top-text\">\n<div class=\"aru-button__inner aru-button__inner--md\n\n               \"><\/p>\n<div class=\"\n          aru-button__content aru-button__content--center \n\n          \"><\/div>\n<\/div>\n<\/div>\n<\/div>\n<\/div>\n<\/div>\n<\/div>\n<\/div>\n<\/div>\n<\/div>\n<div class=\"footer\"><\/div>\n<\/div>\n<\/div>\n<\/div>\n<div class=\"as-split-gutter\" role=\"separator\"><\/div>\n","protected":false},"excerpt":{"rendered":"<p>Il sindaco Giuseppe Falcomat\u00e0, insieme al vicesindaco Paolo Brunetti e all\u2019assessore alla Mobilit\u00e0 Domenico Battaglia, ha ricevuto a Palazzo San Giorgio l\u2019avvocato Paolo Piacenza, recentemente nominato Presidente dell\u2019Autorit\u00e0 di Sistema&hellip;<\/p>\n","protected":false},"author":19,"featured_media":86099,"comment_status":"closed","ping_status":"open","sticky":false,"template":"","format":"standard","meta":{"_jetpack_memberships_contains_paid_content":false,"footnotes":"","jetpack_publicize_message":"","jetpack_publicize_feature_enabled":true,"jetpack_social_post_already_shared":true,"jetpack_social_options":{"image_generator_settings":{"template":"highway","default_image_id":0,"font":"","enabled":false},"version":2}},"categories":[921,196,140],"tags":[],"class_list":["post-86098","post","type-post","status-publish","format-standard","has-post-thumbnail","hentry","category-home","category-news","category-reggio-calabria"],"yoast_head":"<!-- This site is optimized with the Yoast SEO plugin v27.2 - https:\/\/yoast.com\/product\/yoast-seo-wordpress\/ -->\n<title>Giuseppe Falcomat\u00e0 incontra Paolo Piacenza, neo Presidente dell\u2019Autorit\u00e0 di Sistema Portuale dei Mari Tirreno Meridionale e Ionio - Radio Touring 104<\/title>\n<meta name=\"description\" content=\"\u00abSiamo certi che solo attraverso una collaborazione costruttiva tra istituzioni sar\u00e0 possibile consolidare e sviluppare le potenzialit\u00e0 del nostro porto, generando ricadute positive per tutta la comunit\u00e0 reggina e calabrese\u00bb\" \/>\n<meta name=\"robots\" content=\"index, follow, max-snippet:-1, max-image-preview:large, max-video-preview:-1\" \/>\n<link rel=\"canonical\" href=\"https:\/\/progettotouring.it\/radiotouring104\/2025\/11\/19\/giuseppe-falcomata-incontra-paolo-piacenza-neo-presidente-dellautorita-di-sistema-portuale-dei-mari-tirreno-meridionale-e-ionio\/\" \/>\n<meta property=\"og:locale\" content=\"it_IT\" \/>\n<meta property=\"og:type\" content=\"article\" \/>\n<meta property=\"og:title\" content=\"Giuseppe Falcomat\u00e0 incontra Paolo Piacenza, neo Presidente dell\u2019Autorit\u00e0 di Sistema Portuale dei Mari Tirreno Meridionale e Ionio - Radio Touring 104\" \/>\n<meta property=\"og:description\" content=\"\u00abSiamo certi che solo attraverso una collaborazione costruttiva tra istituzioni sar\u00e0 possibile consolidare e sviluppare le potenzialit\u00e0 del nostro porto, generando ricadute positive per tutta la comunit\u00e0 reggina e calabrese\u00bb\" \/>\n<meta property=\"og:url\" content=\"https:\/\/progettotouring.it\/radiotouring104\/2025\/11\/19\/giuseppe-falcomata-incontra-paolo-piacenza-neo-presidente-dellautorita-di-sistema-portuale-dei-mari-tirreno-meridionale-e-ionio\/\" \/>\n<meta property=\"og:site_name\" content=\"Radio Touring 104\" \/>\n<meta property=\"article:published_time\" content=\"2025-11-19T21:32:17+00:00\" \/>\n<meta property=\"og:image\" content=\"https:\/\/progettotouring.it\/radiotouring104\/wp-content\/uploads\/sites\/6\/2025\/11\/IMMAGINI-X-SITO-2025-11-19T223013.925.jpg\" \/>\n\t<meta property=\"og:image:width\" content=\"2000\" \/>\n\t<meta property=\"og:image:height\" content=\"1545\" \/>\n\t<meta property=\"og:image:type\" content=\"image\/jpeg\" \/>\n<meta name=\"author\" content=\"S L\" \/>\n<meta name=\"twitter:card\" content=\"summary_large_image\" \/>\n<meta name=\"twitter:label1\" content=\"Scritto da\" \/>\n\t<meta name=\"twitter:data1\" content=\"S L\" \/>\n\t<meta name=\"twitter:label2\" content=\"Tempo di lettura stimato\" \/>\n\t<meta name=\"twitter:data2\" content=\"1 minuto\" \/>\n<script type=\"application\/ld+json\" class=\"yoast-schema-graph\">{\"@context\":\"https:\/\/schema.org\",\"@graph\":[{\"@type\":\"Article\",\"@id\":\"https:\/\/progettotouring.it\/radiotouring104\/2025\/11\/19\/giuseppe-falcomata-incontra-paolo-piacenza-neo-presidente-dellautorita-di-sistema-portuale-dei-mari-tirreno-meridionale-e-ionio\/#article\",\"isPartOf\":{\"@id\":\"https:\/\/progettotouring.it\/radiotouring104\/2025\/11\/19\/giuseppe-falcomata-incontra-paolo-piacenza-neo-presidente-dellautorita-di-sistema-portuale-dei-mari-tirreno-meridionale-e-ionio\/\"},\"author\":{\"name\":\"S L\",\"@id\":\"https:\/\/progettotouring.it\/radiotouring104\/#\/schema\/person\/b9f9c3730b0a78814c9b9f3bfc52c619\"},\"headline\":\"Giuseppe Falcomat\u00e0 incontra Paolo Piacenza, neo Presidente dell\u2019Autorit\u00e0 di Sistema Portuale dei Mari Tirreno Meridionale e Ionio\",\"datePublished\":\"2025-11-19T21:32:17+00:00\",\"mainEntityOfPage\":{\"@id\":\"https:\/\/progettotouring.it\/radiotouring104\/2025\/11\/19\/giuseppe-falcomata-incontra-paolo-piacenza-neo-presidente-dellautorita-di-sistema-portuale-dei-mari-tirreno-meridionale-e-ionio\/\"},\"wordCount\":276,\"publisher\":{\"@id\":\"https:\/\/progettotouring.it\/radiotouring104\/#organization\"},\"image\":{\"@id\":\"https:\/\/progettotouring.it\/radiotouring104\/2025\/11\/19\/giuseppe-falcomata-incontra-paolo-piacenza-neo-presidente-dellautorita-di-sistema-portuale-dei-mari-tirreno-meridionale-e-ionio\/#primaryimage\"},\"thumbnailUrl\":\"https:\/\/progettotouring.it\/radiotouring104\/wp-content\/uploads\/sites\/6\/2025\/11\/IMMAGINI-X-SITO-2025-11-19T223013.925.jpg\",\"articleSection\":[\"Home\",\"News\",\"Reggio Calabria\"],\"inLanguage\":\"it-IT\"},{\"@type\":\"WebPage\",\"@id\":\"https:\/\/progettotouring.it\/radiotouring104\/2025\/11\/19\/giuseppe-falcomata-incontra-paolo-piacenza-neo-presidente-dellautorita-di-sistema-portuale-dei-mari-tirreno-meridionale-e-ionio\/\",\"url\":\"https:\/\/progettotouring.it\/radiotouring104\/2025\/11\/19\/giuseppe-falcomata-incontra-paolo-piacenza-neo-presidente-dellautorita-di-sistema-portuale-dei-mari-tirreno-meridionale-e-ionio\/\",\"name\":\"Giuseppe Falcomat\u00e0 incontra Paolo Piacenza, neo Presidente dell\u2019Autorit\u00e0 di Sistema Portuale dei Mari Tirreno Meridionale e Ionio - Radio Touring 104\",\"isPartOf\":{\"@id\":\"https:\/\/progettotouring.it\/radiotouring104\/#website\"},\"primaryImageOfPage\":{\"@id\":\"https:\/\/progettotouring.it\/radiotouring104\/2025\/11\/19\/giuseppe-falcomata-incontra-paolo-piacenza-neo-presidente-dellautorita-di-sistema-portuale-dei-mari-tirreno-meridionale-e-ionio\/#primaryimage\"},\"image\":{\"@id\":\"https:\/\/progettotouring.it\/radiotouring104\/2025\/11\/19\/giuseppe-falcomata-incontra-paolo-piacenza-neo-presidente-dellautorita-di-sistema-portuale-dei-mari-tirreno-meridionale-e-ionio\/#primaryimage\"},\"thumbnailUrl\":\"https:\/\/progettotouring.it\/radiotouring104\/wp-content\/uploads\/sites\/6\/2025\/11\/IMMAGINI-X-SITO-2025-11-19T223013.925.jpg\",\"datePublished\":\"2025-11-19T21:32:17+00:00\",\"description\":\"\u00abSiamo certi che solo attraverso una collaborazione costruttiva tra istituzioni sar\u00e0 possibile consolidare e sviluppare le potenzialit\u00e0 del nostro porto, generando ricadute positive per tutta la comunit\u00e0 reggina e calabrese\u00bb\",\"breadcrumb\":{\"@id\":\"https:\/\/progettotouring.it\/radiotouring104\/2025\/11\/19\/giuseppe-falcomata-incontra-paolo-piacenza-neo-presidente-dellautorita-di-sistema-portuale-dei-mari-tirreno-meridionale-e-ionio\/#breadcrumb\"},\"inLanguage\":\"it-IT\",\"potentialAction\":[{\"@type\":\"ReadAction\",\"target\":[\"https:\/\/progettotouring.it\/radiotouring104\/2025\/11\/19\/giuseppe-falcomata-incontra-paolo-piacenza-neo-presidente-dellautorita-di-sistema-portuale-dei-mari-tirreno-meridionale-e-ionio\/\"]}]},{\"@type\":\"ImageObject\",\"inLanguage\":\"it-IT\",\"@id\":\"https:\/\/progettotouring.it\/radiotouring104\/2025\/11\/19\/giuseppe-falcomata-incontra-paolo-piacenza-neo-presidente-dellautorita-di-sistema-portuale-dei-mari-tirreno-meridionale-e-ionio\/#primaryimage\",\"url\":\"https:\/\/progettotouring.it\/radiotouring104\/wp-content\/uploads\/sites\/6\/2025\/11\/IMMAGINI-X-SITO-2025-11-19T223013.925.jpg\",\"contentUrl\":\"https:\/\/progettotouring.it\/radiotouring104\/wp-content\/uploads\/sites\/6\/2025\/11\/IMMAGINI-X-SITO-2025-11-19T223013.925.jpg\",\"width\":2000,\"height\":1545},{\"@type\":\"BreadcrumbList\",\"@id\":\"https:\/\/progettotouring.it\/radiotouring104\/2025\/11\/19\/giuseppe-falcomata-incontra-paolo-piacenza-neo-presidente-dellautorita-di-sistema-portuale-dei-mari-tirreno-meridionale-e-ionio\/#breadcrumb\",\"itemListElement\":[{\"@type\":\"ListItem\",\"position\":1,\"name\":\"Home\",\"item\":\"https:\/\/progettotouring.it\/radiotouring104\/\"},{\"@type\":\"ListItem\",\"position\":2,\"name\":\"Giuseppe Falcomat\u00e0 incontra Paolo Piacenza, neo Presidente dell\u2019Autorit\u00e0 di Sistema Portuale dei Mari Tirreno Meridionale e Ionio\"}]},{\"@type\":\"WebSite\",\"@id\":\"https:\/\/progettotouring.it\/radiotouring104\/#website\",\"url\":\"https:\/\/progettotouring.it\/radiotouring104\/\",\"name\":\"Radio Touring 104\",\"description\":\"La prima radio Reggina\",\"publisher\":{\"@id\":\"https:\/\/progettotouring.it\/radiotouring104\/#organization\"},\"potentialAction\":[{\"@type\":\"SearchAction\",\"target\":{\"@type\":\"EntryPoint\",\"urlTemplate\":\"https:\/\/progettotouring.it\/radiotouring104\/?s={search_term_string}\"},\"query-input\":{\"@type\":\"PropertyValueSpecification\",\"valueRequired\":true,\"valueName\":\"search_term_string\"}}],\"inLanguage\":\"it-IT\"},{\"@type\":\"Organization\",\"@id\":\"https:\/\/progettotouring.it\/radiotouring104\/#organization\",\"name\":\"Radio Touring 104\",\"url\":\"https:\/\/progettotouring.it\/radiotouring104\/\",\"logo\":{\"@type\":\"ImageObject\",\"inLanguage\":\"it-IT\",\"@id\":\"https:\/\/progettotouring.it\/radiotouring104\/#\/schema\/logo\/image\/\",\"url\":\"https:\/\/progettotouring.it\/radiotouring104\/wp-content\/uploads\/sites\/6\/2022\/02\/cropped-logo-radio-touring-104.png\",\"contentUrl\":\"https:\/\/progettotouring.it\/radiotouring104\/wp-content\/uploads\/sites\/6\/2022\/02\/cropped-logo-radio-touring-104.png\",\"width\":377,\"height\":182,\"caption\":\"Radio Touring 104\"},\"image\":{\"@id\":\"https:\/\/progettotouring.it\/radiotouring104\/#\/schema\/logo\/image\/\"}},{\"@type\":\"Person\",\"@id\":\"https:\/\/progettotouring.it\/radiotouring104\/#\/schema\/person\/b9f9c3730b0a78814c9b9f3bfc52c619\",\"name\":\"S L\",\"image\":{\"@type\":\"ImageObject\",\"inLanguage\":\"it-IT\",\"@id\":\"https:\/\/secure.gravatar.com\/avatar\/652c51789d7030aaed9ff828331360502a68204fe6fb0831bc280515210e16d2?s=96&d=mm&r=g\",\"url\":\"https:\/\/secure.gravatar.com\/avatar\/652c51789d7030aaed9ff828331360502a68204fe6fb0831bc280515210e16d2?s=96&d=mm&r=g\",\"contentUrl\":\"https:\/\/secure.gravatar.com\/avatar\/652c51789d7030aaed9ff828331360502a68204fe6fb0831bc280515210e16d2?s=96&d=mm&r=g\",\"caption\":\"S L\"},\"url\":\"https:\/\/progettotouring.it\/radiotouring104\/author\/slibri\/\"}]}<\/script>\n<!-- \/ Yoast SEO plugin. -->","yoast_head_json":{"title":"Giuseppe Falcomat\u00e0 incontra Paolo Piacenza, neo Presidente dell\u2019Autorit\u00e0 di Sistema Portuale dei Mari Tirreno Meridionale e Ionio - Radio Touring 104","description":"\u00abSiamo certi che solo attraverso una collaborazione costruttiva tra istituzioni sar\u00e0 possibile consolidare e sviluppare le potenzialit\u00e0 del nostro porto, generando ricadute positive per tutta la comunit\u00e0 reggina e calabrese\u00bb","robots":{"index":"index","follow":"follow","max-snippet":"max-snippet:-1","max-image-preview":"max-image-preview:large","max-video-preview":"max-video-preview:-1"},"canonical":"https:\/\/progettotouring.it\/radiotouring104\/2025\/11\/19\/giuseppe-falcomata-incontra-paolo-piacenza-neo-presidente-dellautorita-di-sistema-portuale-dei-mari-tirreno-meridionale-e-ionio\/","og_locale":"it_IT","og_type":"article","og_title":"Giuseppe Falcomat\u00e0 incontra Paolo Piacenza, neo Presidente dell\u2019Autorit\u00e0 di Sistema Portuale dei Mari Tirreno Meridionale e Ionio - Radio Touring 104","og_description":"\u00abSiamo certi che solo attraverso una collaborazione costruttiva tra istituzioni sar\u00e0 possibile consolidare e sviluppare le potenzialit\u00e0 del nostro porto, generando ricadute positive per tutta la comunit\u00e0 reggina e calabrese\u00bb","og_url":"https:\/\/progettotouring.it\/radiotouring104\/2025\/11\/19\/giuseppe-falcomata-incontra-paolo-piacenza-neo-presidente-dellautorita-di-sistema-portuale-dei-mari-tirreno-meridionale-e-ionio\/","og_site_name":"Radio Touring 104","article_published_time":"2025-11-19T21:32:17+00:00","og_image":[{"width":2000,"height":1545,"url":"https:\/\/progettotouring.it\/radiotouring104\/wp-content\/uploads\/sites\/6\/2025\/11\/IMMAGINI-X-SITO-2025-11-19T223013.925.jpg","type":"image\/jpeg"}],"author":"S L","twitter_card":"summary_large_image","twitter_misc":{"Scritto da":"S L","Tempo di lettura stimato":"1 minuto"},"schema":{"@context":"https:\/\/schema.org","@graph":[{"@type":"Article","@id":"https:\/\/progettotouring.it\/radiotouring104\/2025\/11\/19\/giuseppe-falcomata-incontra-paolo-piacenza-neo-presidente-dellautorita-di-sistema-portuale-dei-mari-tirreno-meridionale-e-ionio\/#article","isPartOf":{"@id":"https:\/\/progettotouring.it\/radiotouring104\/2025\/11\/19\/giuseppe-falcomata-incontra-paolo-piacenza-neo-presidente-dellautorita-di-sistema-portuale-dei-mari-tirreno-meridionale-e-ionio\/"},"author":{"name":"S L","@id":"https:\/\/progettotouring.it\/radiotouring104\/#\/schema\/person\/b9f9c3730b0a78814c9b9f3bfc52c619"},"headline":"Giuseppe Falcomat\u00e0 incontra Paolo Piacenza, neo Presidente dell\u2019Autorit\u00e0 di Sistema Portuale dei Mari Tirreno Meridionale e Ionio","datePublished":"2025-11-19T21:32:17+00:00","mainEntityOfPage":{"@id":"https:\/\/progettotouring.it\/radiotouring104\/2025\/11\/19\/giuseppe-falcomata-incontra-paolo-piacenza-neo-presidente-dellautorita-di-sistema-portuale-dei-mari-tirreno-meridionale-e-ionio\/"},"wordCount":276,"publisher":{"@id":"https:\/\/progettotouring.it\/radiotouring104\/#organization"},"image":{"@id":"https:\/\/progettotouring.it\/radiotouring104\/2025\/11\/19\/giuseppe-falcomata-incontra-paolo-piacenza-neo-presidente-dellautorita-di-sistema-portuale-dei-mari-tirreno-meridionale-e-ionio\/#primaryimage"},"thumbnailUrl":"https:\/\/progettotouring.it\/radiotouring104\/wp-content\/uploads\/sites\/6\/2025\/11\/IMMAGINI-X-SITO-2025-11-19T223013.925.jpg","articleSection":["Home","News","Reggio Calabria"],"inLanguage":"it-IT"},{"@type":"WebPage","@id":"https:\/\/progettotouring.it\/radiotouring104\/2025\/11\/19\/giuseppe-falcomata-incontra-paolo-piacenza-neo-presidente-dellautorita-di-sistema-portuale-dei-mari-tirreno-meridionale-e-ionio\/","url":"https:\/\/progettotouring.it\/radiotouring104\/2025\/11\/19\/giuseppe-falcomata-incontra-paolo-piacenza-neo-presidente-dellautorita-di-sistema-portuale-dei-mari-tirreno-meridionale-e-ionio\/","name":"Giuseppe Falcomat\u00e0 incontra Paolo Piacenza, neo Presidente dell\u2019Autorit\u00e0 di Sistema Portuale dei Mari Tirreno Meridionale e Ionio - Radio Touring 104","isPartOf":{"@id":"https:\/\/progettotouring.it\/radiotouring104\/#website"},"primaryImageOfPage":{"@id":"https:\/\/progettotouring.it\/radiotouring104\/2025\/11\/19\/giuseppe-falcomata-incontra-paolo-piacenza-neo-presidente-dellautorita-di-sistema-portuale-dei-mari-tirreno-meridionale-e-ionio\/#primaryimage"},"image":{"@id":"https:\/\/progettotouring.it\/radiotouring104\/2025\/11\/19\/giuseppe-falcomata-incontra-paolo-piacenza-neo-presidente-dellautorita-di-sistema-portuale-dei-mari-tirreno-meridionale-e-ionio\/#primaryimage"},"thumbnailUrl":"https:\/\/progettotouring.it\/radiotouring104\/wp-content\/uploads\/sites\/6\/2025\/11\/IMMAGINI-X-SITO-2025-11-19T223013.925.jpg","datePublished":"2025-11-19T21:32:17+00:00","description":"\u00abSiamo certi che solo attraverso una collaborazione costruttiva tra istituzioni sar\u00e0 possibile consolidare e sviluppare le potenzialit\u00e0 del nostro porto, generando ricadute positive per tutta la comunit\u00e0 reggina e calabrese\u00bb","breadcrumb":{"@id":"https:\/\/progettotouring.it\/radiotouring104\/2025\/11\/19\/giuseppe-falcomata-incontra-paolo-piacenza-neo-presidente-dellautorita-di-sistema-portuale-dei-mari-tirreno-meridionale-e-ionio\/#breadcrumb"},"inLanguage":"it-IT","potentialAction":[{"@type":"ReadAction","target":["https:\/\/progettotouring.it\/radiotouring104\/2025\/11\/19\/giuseppe-falcomata-incontra-paolo-piacenza-neo-presidente-dellautorita-di-sistema-portuale-dei-mari-tirreno-meridionale-e-ionio\/"]}]},{"@type":"ImageObject","inLanguage":"it-IT","@id":"https:\/\/progettotouring.it\/radiotouring104\/2025\/11\/19\/giuseppe-falcomata-incontra-paolo-piacenza-neo-presidente-dellautorita-di-sistema-portuale-dei-mari-tirreno-meridionale-e-ionio\/#primaryimage","url":"https:\/\/progettotouring.it\/radiotouring104\/wp-content\/uploads\/sites\/6\/2025\/11\/IMMAGINI-X-SITO-2025-11-19T223013.925.jpg","contentUrl":"https:\/\/progettotouring.it\/radiotouring104\/wp-content\/uploads\/sites\/6\/2025\/11\/IMMAGINI-X-SITO-2025-11-19T223013.925.jpg","width":2000,"height":1545},{"@type":"BreadcrumbList","@id":"https:\/\/progettotouring.it\/radiotouring104\/2025\/11\/19\/giuseppe-falcomata-incontra-paolo-piacenza-neo-presidente-dellautorita-di-sistema-portuale-dei-mari-tirreno-meridionale-e-ionio\/#breadcrumb","itemListElement":[{"@type":"ListItem","position":1,"name":"Home","item":"https:\/\/progettotouring.it\/radiotouring104\/"},{"@type":"ListItem","position":2,"name":"Giuseppe Falcomat\u00e0 incontra Paolo Piacenza, neo Presidente dell\u2019Autorit\u00e0 di Sistema Portuale dei Mari Tirreno Meridionale e Ionio"}]},{"@type":"WebSite","@id":"https:\/\/progettotouring.it\/radiotouring104\/#website","url":"https:\/\/progettotouring.it\/radiotouring104\/","name":"Radio Touring 104","description":"La prima radio Reggina","publisher":{"@id":"https:\/\/progettotouring.it\/radiotouring104\/#organization"},"potentialAction":[{"@type":"SearchAction","target":{"@type":"EntryPoint","urlTemplate":"https:\/\/progettotouring.it\/radiotouring104\/?s={search_term_string}"},"query-input":{"@type":"PropertyValueSpecification","valueRequired":true,"valueName":"search_term_string"}}],"inLanguage":"it-IT"},{"@type":"Organization","@id":"https:\/\/progettotouring.it\/radiotouring104\/#organization","name":"Radio Touring 104","url":"https:\/\/progettotouring.it\/radiotouring104\/","logo":{"@type":"ImageObject","inLanguage":"it-IT","@id":"https:\/\/progettotouring.it\/radiotouring104\/#\/schema\/logo\/image\/","url":"https:\/\/progettotouring.it\/radiotouring104\/wp-content\/uploads\/sites\/6\/2022\/02\/cropped-logo-radio-touring-104.png","contentUrl":"https:\/\/progettotouring.it\/radiotouring104\/wp-content\/uploads\/sites\/6\/2022\/02\/cropped-logo-radio-touring-104.png","width":377,"height":182,"caption":"Radio Touring 104"},"image":{"@id":"https:\/\/progettotouring.it\/radiotouring104\/#\/schema\/logo\/image\/"}},{"@type":"Person","@id":"https:\/\/progettotouring.it\/radiotouring104\/#\/schema\/person\/b9f9c3730b0a78814c9b9f3bfc52c619","name":"S L","image":{"@type":"ImageObject","inLanguage":"it-IT","@id":"https:\/\/secure.gravatar.com\/avatar\/652c51789d7030aaed9ff828331360502a68204fe6fb0831bc280515210e16d2?s=96&d=mm&r=g","url":"https:\/\/secure.gravatar.com\/avatar\/652c51789d7030aaed9ff828331360502a68204fe6fb0831bc280515210e16d2?s=96&d=mm&r=g","contentUrl":"https:\/\/secure.gravatar.com\/avatar\/652c51789d7030aaed9ff828331360502a68204fe6fb0831bc280515210e16d2?s=96&d=mm&r=g","caption":"S L"},"url":"https:\/\/progettotouring.it\/radiotouring104\/author\/slibri\/"}]}},"jetpack_publicize_connections":[],"jetpack_featured_media_url":"https:\/\/progettotouring.it\/radiotouring104\/wp-content\/uploads\/sites\/6\/2025\/11\/IMMAGINI-X-SITO-2025-11-19T223013.925.jpg","jetpack_sharing_enabled":true,"_links":{"self":[{"href":"https:\/\/progettotouring.it\/radiotouring104\/wp-json\/wp\/v2\/posts\/86098","targetHints":{"allow":["GET"]}}],"collection":[{"href":"https:\/\/progettotouring.it\/radiotouring104\/wp-json\/wp\/v2\/posts"}],"about":[{"href":"https:\/\/progettotouring.it\/radiotouring104\/wp-json\/wp\/v2\/types\/post"}],"author":[{"embeddable":true,"href":"https:\/\/progettotouring.it\/radiotouring104\/wp-json\/wp\/v2\/users\/19"}],"replies":[{"embeddable":true,"href":"https:\/\/progettotouring.it\/radiotouring104\/wp-json\/wp\/v2\/comments?post=86098"}],"version-history":[{"count":1,"href":"https:\/\/progettotouring.it\/radiotouring104\/wp-json\/wp\/v2\/posts\/86098\/revisions"}],"predecessor-version":[{"id":86100,"href":"https:\/\/progettotouring.it\/radiotouring104\/wp-json\/wp\/v2\/posts\/86098\/revisions\/86100"}],"wp:featuredmedia":[{"embeddable":true,"href":"https:\/\/progettotouring.it\/radiotouring104\/wp-json\/wp\/v2\/media\/86099"}],"wp:attachment":[{"href":"https:\/\/progettotouring.it\/radiotouring104\/wp-json\/wp\/v2\/media?parent=86098"}],"wp:term":[{"taxonomy":"category","embeddable":true,"href":"https:\/\/progettotouring.it\/radiotouring104\/wp-json\/wp\/v2\/categories?post=86098"},{"taxonomy":"post_tag","embeddable":true,"href":"https:\/\/progettotouring.it\/radiotouring104\/wp-json\/wp\/v2\/tags?post=86098"}],"curies":[{"name":"wp","href":"https:\/\/api.w.org\/{rel}","templated":true}]}}