{"id":86130,"date":"2025-11-20T17:14:24","date_gmt":"2025-11-20T16:14:24","guid":{"rendered":"https:\/\/progettotouring.it\/radiotouring104\/?p=86130"},"modified":"2025-11-20T17:14:24","modified_gmt":"2025-11-20T16:14:24","slug":"giornata-dellinfanzia-il-comune-di-reggio-rinnova-il-suo-impegno-solenne-nella-promozione-e-tutela-dei-diritti-dei-piu-giovani","status":"publish","type":"post","link":"https:\/\/progettotouring.it\/radiotouring104\/2025\/11\/20\/giornata-dellinfanzia-il-comune-di-reggio-rinnova-il-suo-impegno-solenne-nella-promozione-e-tutela-dei-diritti-dei-piu-giovani\/","title":{"rendered":"Giornata dell\u2019Infanzia: il Comune di Reggio rinnova il suo impegno solenne nella promozione e tutela dei diritti dei pi\u00f9 giovani"},"content":{"rendered":"<p style=\"font-weight: 400\">Oggi, 20 novembre, ricorre la Giornata Mondiale dell&#8217;Infanzia e dell&#8217;Adolescenza e il Comune di Reggio Calabria rinnova il suo impegno solenne nella promozione e tutela dei diritti dei pi\u00f9 giovani.<\/p>\n<p style=\"font-weight: 400\">Lucia Nucera,\u00a0 Assessore alle Politiche Sociali,\u00a0 ha voluto evidenziare la centralit\u00e0 dei bambini e degli adolescenti nell&#8217;agenda amministrativa e sociale della citt\u00e0:<\/p>\n<p style=\"font-weight: 400\">\u201c<em>Oggi non celebriamo una ricorrenza ma ribadiamo un principio fondamentale: i diritti di ogni bambino e adolescente non sono un&#8217;opzione ma un imperativo etico e sociale. Il 20 novembre \u00e8 un momento per riflettere sull&#8217;importanza di garantire la piena attuazione di ogni articolo della Convenzione: dal diritto alla salute e all&#8217;istruzione, al diritto al gioco;\u00a0alla protezione dalla violenza e alla partecipazione attiva\u201d.<\/em><\/p>\n<p style=\"font-weight: 400\"><em>\u201cCome comunit\u00e0 abbiamo il dovere di assicurare che Reggio Calabria sia un luogo dove i sogni dei nostri ragazzi possano crescere forti e liberi da disuguaglianze. Stiamo lavorando per potenziare i servizi sociali, sostenendo le famiglie in difficolt\u00e0 e creando spazi inclusivi dove ogni giovane voce possa essere ascoltata\u201d.<\/em><\/p>\n<p style=\"font-weight: 400\"><em>&#8220;Investire sui nostri ragazzi significa costruire le fondamenta solide del futuro della nostra citt\u00e0&#8221;.<\/em><\/p>\n<p style=\"font-weight: 400\">Come gesto simbolico di adesione alla campagna globale &#8220;Go Blue&#8221; di ANCI e UNICEF\u00a0, la facciata storica di Palazzo San Giorgio sar\u00e0 illuminata di blu a partire da questa sera e lo rimarr\u00e0 fino a domenica.<\/p>\n<p style=\"font-weight: 400\">L&#8217;obiettivo \u00e8 porre l&#8217;attenzione della comunit\u00e0 sull&#8217;importanza fondamentale di proteggere e promuovere i diritti di tutti i bambini e gli adolescenti.<\/p>\n<p style=\"font-weight: 400\">&#8220;<em>Ogni bambino e adolescente ha il diritto inalienabile di essere ascoltato, protetto e messo nelle condizioni di realizzare appieno il proprio potenziale. Reggio Calabria lavora quotidianamente per garantire che i diritti sanciti dalla Convenzione, come il diritto alla salute, all&#8217;istruzione, al gioco e alla partecipazione non restino solo parole su un documento ma si traducano in azioni concrete. Dobbiamo assicurare a tutti un futuro libero da disuguaglianze e violenze. Investire sull&#8217;infanzia \u00e8 investire sul futuro della nostra citt\u00e0\u201d.<\/em><\/p>\n<p style=\"font-weight: 400\"><em>\u201cIl livello di civilt\u00e0 di una qualsiasi comunit\u00e0,<\/em>\u00a0ha dichiarato il sindaco Falcomat\u00e0, <em>si misura dalla sua attenzione alle fasce deboli o fragili. In tal senso, in occasione della Giornata dell\u2019Infanzia e dell\u2019Adolescenza, vogliamo dare un segnale che non sia solo simbolico. Perch\u00e9 il nostro settore delle Politiche sociali \u00e8 impegnato da tempo ad attuare strategie di ascolto e prossimit\u00e0 per far sentire concretamente la vicinanza del Comune ai bambini, agli adolescenti ed alle famiglie. Sono convinto che la nostra azione amministrativa debba continuare in questa direzione, in uno spirito di piena collaborazione con la scuola e tutta la comunit\u00e0 educante\u201d.<\/em><\/p>\n","protected":false},"excerpt":{"rendered":"<p>Oggi, 20 novembre, ricorre la Giornata Mondiale dell&#8217;Infanzia e dell&#8217;Adolescenza e il Comune di Reggio Calabria rinnova il suo impegno solenne nella promozione e tutela dei diritti dei pi\u00f9 giovani.&hellip;<\/p>\n","protected":false},"author":19,"featured_media":86131,"comment_status":"closed","ping_status":"open","sticky":false,"template":"","format":"standard","meta":{"_jetpack_memberships_contains_paid_content":false,"footnotes":"","jetpack_publicize_message":"","jetpack_publicize_feature_enabled":true,"jetpack_social_post_already_shared":true,"jetpack_social_options":{"image_generator_settings":{"template":"highway","default_image_id":0,"font":"","enabled":false},"version":2}},"categories":[921,196,140],"tags":[],"class_list":["post-86130","post","type-post","status-publish","format-standard","has-post-thumbnail","hentry","category-home","category-news","category-reggio-calabria"],"yoast_head":"<!-- This site is optimized with the Yoast SEO plugin v27.2 - https:\/\/yoast.com\/product\/yoast-seo-wordpress\/ -->\n<title>Giornata dell\u2019Infanzia: il Comune di Reggio rinnova il suo impegno solenne nella promozione e tutela dei diritti dei pi\u00f9 giovani - Radio Touring 104<\/title>\n<meta name=\"description\" content=\"Simbolicamente la facciata storica di Palazzo San Giorgio sar\u00e0 illuminata di blu a partire da questa sera e lo rimarr\u00e0 fino a domenica\" \/>\n<meta name=\"robots\" content=\"index, follow, max-snippet:-1, max-image-preview:large, max-video-preview:-1\" \/>\n<link rel=\"canonical\" href=\"https:\/\/progettotouring.it\/radiotouring104\/2025\/11\/20\/giornata-dellinfanzia-il-comune-di-reggio-rinnova-il-suo-impegno-solenne-nella-promozione-e-tutela-dei-diritti-dei-piu-giovani\/\" \/>\n<meta property=\"og:locale\" content=\"it_IT\" \/>\n<meta property=\"og:type\" content=\"article\" \/>\n<meta property=\"og:title\" content=\"Giornata dell\u2019Infanzia: il Comune di Reggio rinnova il suo impegno solenne nella promozione e tutela dei diritti dei pi\u00f9 giovani - Radio Touring 104\" \/>\n<meta property=\"og:description\" content=\"Simbolicamente la facciata storica di Palazzo San Giorgio sar\u00e0 illuminata di blu a partire da questa sera e lo rimarr\u00e0 fino a domenica\" \/>\n<meta property=\"og:url\" content=\"https:\/\/progettotouring.it\/radiotouring104\/2025\/11\/20\/giornata-dellinfanzia-il-comune-di-reggio-rinnova-il-suo-impegno-solenne-nella-promozione-e-tutela-dei-diritti-dei-piu-giovani\/\" \/>\n<meta property=\"og:site_name\" content=\"Radio Touring 104\" \/>\n<meta property=\"article:published_time\" content=\"2025-11-20T16:14:24+00:00\" \/>\n<meta property=\"og:image\" content=\"https:\/\/progettotouring.it\/radiotouring104\/wp-content\/uploads\/sites\/6\/2025\/11\/IMMAGINI-X-SITO-2025-11-20T171310.314.jpg\" \/>\n\t<meta property=\"og:image:width\" content=\"2000\" \/>\n\t<meta property=\"og:image:height\" content=\"1545\" \/>\n\t<meta property=\"og:image:type\" content=\"image\/jpeg\" \/>\n<meta name=\"author\" content=\"S L\" \/>\n<meta name=\"twitter:card\" content=\"summary_large_image\" \/>\n<meta name=\"twitter:label1\" content=\"Scritto da\" \/>\n\t<meta name=\"twitter:data1\" content=\"S L\" \/>\n\t<meta name=\"twitter:label2\" content=\"Tempo di lettura stimato\" \/>\n\t<meta name=\"twitter:data2\" content=\"2 minuti\" \/>\n<script type=\"application\/ld+json\" class=\"yoast-schema-graph\">{\"@context\":\"https:\/\/schema.org\",\"@graph\":[{\"@type\":\"Article\",\"@id\":\"https:\/\/progettotouring.it\/radiotouring104\/2025\/11\/20\/giornata-dellinfanzia-il-comune-di-reggio-rinnova-il-suo-impegno-solenne-nella-promozione-e-tutela-dei-diritti-dei-piu-giovani\/#article\",\"isPartOf\":{\"@id\":\"https:\/\/progettotouring.it\/radiotouring104\/2025\/11\/20\/giornata-dellinfanzia-il-comune-di-reggio-rinnova-il-suo-impegno-solenne-nella-promozione-e-tutela-dei-diritti-dei-piu-giovani\/\"},\"author\":{\"name\":\"S L\",\"@id\":\"https:\/\/progettotouring.it\/radiotouring104\/#\/schema\/person\/b9f9c3730b0a78814c9b9f3bfc52c619\"},\"headline\":\"Giornata dell\u2019Infanzia: il Comune di Reggio rinnova il suo impegno solenne nella promozione e tutela dei diritti dei pi\u00f9 giovani\",\"datePublished\":\"2025-11-20T16:14:24+00:00\",\"mainEntityOfPage\":{\"@id\":\"https:\/\/progettotouring.it\/radiotouring104\/2025\/11\/20\/giornata-dellinfanzia-il-comune-di-reggio-rinnova-il-suo-impegno-solenne-nella-promozione-e-tutela-dei-diritti-dei-piu-giovani\/\"},\"wordCount\":431,\"publisher\":{\"@id\":\"https:\/\/progettotouring.it\/radiotouring104\/#organization\"},\"image\":{\"@id\":\"https:\/\/progettotouring.it\/radiotouring104\/2025\/11\/20\/giornata-dellinfanzia-il-comune-di-reggio-rinnova-il-suo-impegno-solenne-nella-promozione-e-tutela-dei-diritti-dei-piu-giovani\/#primaryimage\"},\"thumbnailUrl\":\"https:\/\/progettotouring.it\/radiotouring104\/wp-content\/uploads\/sites\/6\/2025\/11\/IMMAGINI-X-SITO-2025-11-20T171310.314.jpg\",\"articleSection\":[\"Home\",\"News\",\"Reggio Calabria\"],\"inLanguage\":\"it-IT\"},{\"@type\":\"WebPage\",\"@id\":\"https:\/\/progettotouring.it\/radiotouring104\/2025\/11\/20\/giornata-dellinfanzia-il-comune-di-reggio-rinnova-il-suo-impegno-solenne-nella-promozione-e-tutela-dei-diritti-dei-piu-giovani\/\",\"url\":\"https:\/\/progettotouring.it\/radiotouring104\/2025\/11\/20\/giornata-dellinfanzia-il-comune-di-reggio-rinnova-il-suo-impegno-solenne-nella-promozione-e-tutela-dei-diritti-dei-piu-giovani\/\",\"name\":\"Giornata dell\u2019Infanzia: il Comune di Reggio rinnova il suo impegno solenne nella promozione e tutela dei diritti dei pi\u00f9 giovani - Radio Touring 104\",\"isPartOf\":{\"@id\":\"https:\/\/progettotouring.it\/radiotouring104\/#website\"},\"primaryImageOfPage\":{\"@id\":\"https:\/\/progettotouring.it\/radiotouring104\/2025\/11\/20\/giornata-dellinfanzia-il-comune-di-reggio-rinnova-il-suo-impegno-solenne-nella-promozione-e-tutela-dei-diritti-dei-piu-giovani\/#primaryimage\"},\"image\":{\"@id\":\"https:\/\/progettotouring.it\/radiotouring104\/2025\/11\/20\/giornata-dellinfanzia-il-comune-di-reggio-rinnova-il-suo-impegno-solenne-nella-promozione-e-tutela-dei-diritti-dei-piu-giovani\/#primaryimage\"},\"thumbnailUrl\":\"https:\/\/progettotouring.it\/radiotouring104\/wp-content\/uploads\/sites\/6\/2025\/11\/IMMAGINI-X-SITO-2025-11-20T171310.314.jpg\",\"datePublished\":\"2025-11-20T16:14:24+00:00\",\"description\":\"Simbolicamente la facciata storica di Palazzo San Giorgio sar\u00e0 illuminata di blu a partire da questa sera e lo rimarr\u00e0 fino a domenica\",\"breadcrumb\":{\"@id\":\"https:\/\/progettotouring.it\/radiotouring104\/2025\/11\/20\/giornata-dellinfanzia-il-comune-di-reggio-rinnova-il-suo-impegno-solenne-nella-promozione-e-tutela-dei-diritti-dei-piu-giovani\/#breadcrumb\"},\"inLanguage\":\"it-IT\",\"potentialAction\":[{\"@type\":\"ReadAction\",\"target\":[\"https:\/\/progettotouring.it\/radiotouring104\/2025\/11\/20\/giornata-dellinfanzia-il-comune-di-reggio-rinnova-il-suo-impegno-solenne-nella-promozione-e-tutela-dei-diritti-dei-piu-giovani\/\"]}]},{\"@type\":\"ImageObject\",\"inLanguage\":\"it-IT\",\"@id\":\"https:\/\/progettotouring.it\/radiotouring104\/2025\/11\/20\/giornata-dellinfanzia-il-comune-di-reggio-rinnova-il-suo-impegno-solenne-nella-promozione-e-tutela-dei-diritti-dei-piu-giovani\/#primaryimage\",\"url\":\"https:\/\/progettotouring.it\/radiotouring104\/wp-content\/uploads\/sites\/6\/2025\/11\/IMMAGINI-X-SITO-2025-11-20T171310.314.jpg\",\"contentUrl\":\"https:\/\/progettotouring.it\/radiotouring104\/wp-content\/uploads\/sites\/6\/2025\/11\/IMMAGINI-X-SITO-2025-11-20T171310.314.jpg\",\"width\":2000,\"height\":1545},{\"@type\":\"BreadcrumbList\",\"@id\":\"https:\/\/progettotouring.it\/radiotouring104\/2025\/11\/20\/giornata-dellinfanzia-il-comune-di-reggio-rinnova-il-suo-impegno-solenne-nella-promozione-e-tutela-dei-diritti-dei-piu-giovani\/#breadcrumb\",\"itemListElement\":[{\"@type\":\"ListItem\",\"position\":1,\"name\":\"Home\",\"item\":\"https:\/\/progettotouring.it\/radiotouring104\/\"},{\"@type\":\"ListItem\",\"position\":2,\"name\":\"Giornata dell\u2019Infanzia: il Comune di Reggio rinnova il suo impegno solenne nella promozione e tutela dei diritti dei pi\u00f9 giovani\"}]},{\"@type\":\"WebSite\",\"@id\":\"https:\/\/progettotouring.it\/radiotouring104\/#website\",\"url\":\"https:\/\/progettotouring.it\/radiotouring104\/\",\"name\":\"Radio Touring 104\",\"description\":\"La prima radio Reggina\",\"publisher\":{\"@id\":\"https:\/\/progettotouring.it\/radiotouring104\/#organization\"},\"potentialAction\":[{\"@type\":\"SearchAction\",\"target\":{\"@type\":\"EntryPoint\",\"urlTemplate\":\"https:\/\/progettotouring.it\/radiotouring104\/?s={search_term_string}\"},\"query-input\":{\"@type\":\"PropertyValueSpecification\",\"valueRequired\":true,\"valueName\":\"search_term_string\"}}],\"inLanguage\":\"it-IT\"},{\"@type\":\"Organization\",\"@id\":\"https:\/\/progettotouring.it\/radiotouring104\/#organization\",\"name\":\"Radio Touring 104\",\"url\":\"https:\/\/progettotouring.it\/radiotouring104\/\",\"logo\":{\"@type\":\"ImageObject\",\"inLanguage\":\"it-IT\",\"@id\":\"https:\/\/progettotouring.it\/radiotouring104\/#\/schema\/logo\/image\/\",\"url\":\"https:\/\/progettotouring.it\/radiotouring104\/wp-content\/uploads\/sites\/6\/2022\/02\/cropped-logo-radio-touring-104.png\",\"contentUrl\":\"https:\/\/progettotouring.it\/radiotouring104\/wp-content\/uploads\/sites\/6\/2022\/02\/cropped-logo-radio-touring-104.png\",\"width\":377,\"height\":182,\"caption\":\"Radio Touring 104\"},\"image\":{\"@id\":\"https:\/\/progettotouring.it\/radiotouring104\/#\/schema\/logo\/image\/\"}},{\"@type\":\"Person\",\"@id\":\"https:\/\/progettotouring.it\/radiotouring104\/#\/schema\/person\/b9f9c3730b0a78814c9b9f3bfc52c619\",\"name\":\"S L\",\"image\":{\"@type\":\"ImageObject\",\"inLanguage\":\"it-IT\",\"@id\":\"https:\/\/secure.gravatar.com\/avatar\/652c51789d7030aaed9ff828331360502a68204fe6fb0831bc280515210e16d2?s=96&d=mm&r=g\",\"url\":\"https:\/\/secure.gravatar.com\/avatar\/652c51789d7030aaed9ff828331360502a68204fe6fb0831bc280515210e16d2?s=96&d=mm&r=g\",\"contentUrl\":\"https:\/\/secure.gravatar.com\/avatar\/652c51789d7030aaed9ff828331360502a68204fe6fb0831bc280515210e16d2?s=96&d=mm&r=g\",\"caption\":\"S L\"},\"url\":\"https:\/\/progettotouring.it\/radiotouring104\/author\/slibri\/\"}]}<\/script>\n<!-- \/ Yoast SEO plugin. -->","yoast_head_json":{"title":"Giornata dell\u2019Infanzia: il Comune di Reggio rinnova il suo impegno solenne nella promozione e tutela dei diritti dei pi\u00f9 giovani - Radio Touring 104","description":"Simbolicamente la facciata storica di Palazzo San Giorgio sar\u00e0 illuminata di blu a partire da questa sera e lo rimarr\u00e0 fino a domenica","robots":{"index":"index","follow":"follow","max-snippet":"max-snippet:-1","max-image-preview":"max-image-preview:large","max-video-preview":"max-video-preview:-1"},"canonical":"https:\/\/progettotouring.it\/radiotouring104\/2025\/11\/20\/giornata-dellinfanzia-il-comune-di-reggio-rinnova-il-suo-impegno-solenne-nella-promozione-e-tutela-dei-diritti-dei-piu-giovani\/","og_locale":"it_IT","og_type":"article","og_title":"Giornata dell\u2019Infanzia: il Comune di Reggio rinnova il suo impegno solenne nella promozione e tutela dei diritti dei pi\u00f9 giovani - Radio Touring 104","og_description":"Simbolicamente la facciata storica di Palazzo San Giorgio sar\u00e0 illuminata di blu a partire da questa sera e lo rimarr\u00e0 fino a domenica","og_url":"https:\/\/progettotouring.it\/radiotouring104\/2025\/11\/20\/giornata-dellinfanzia-il-comune-di-reggio-rinnova-il-suo-impegno-solenne-nella-promozione-e-tutela-dei-diritti-dei-piu-giovani\/","og_site_name":"Radio Touring 104","article_published_time":"2025-11-20T16:14:24+00:00","og_image":[{"width":2000,"height":1545,"url":"https:\/\/progettotouring.it\/radiotouring104\/wp-content\/uploads\/sites\/6\/2025\/11\/IMMAGINI-X-SITO-2025-11-20T171310.314.jpg","type":"image\/jpeg"}],"author":"S L","twitter_card":"summary_large_image","twitter_misc":{"Scritto da":"S L","Tempo di lettura stimato":"2 minuti"},"schema":{"@context":"https:\/\/schema.org","@graph":[{"@type":"Article","@id":"https:\/\/progettotouring.it\/radiotouring104\/2025\/11\/20\/giornata-dellinfanzia-il-comune-di-reggio-rinnova-il-suo-impegno-solenne-nella-promozione-e-tutela-dei-diritti-dei-piu-giovani\/#article","isPartOf":{"@id":"https:\/\/progettotouring.it\/radiotouring104\/2025\/11\/20\/giornata-dellinfanzia-il-comune-di-reggio-rinnova-il-suo-impegno-solenne-nella-promozione-e-tutela-dei-diritti-dei-piu-giovani\/"},"author":{"name":"S L","@id":"https:\/\/progettotouring.it\/radiotouring104\/#\/schema\/person\/b9f9c3730b0a78814c9b9f3bfc52c619"},"headline":"Giornata dell\u2019Infanzia: il Comune di Reggio rinnova il suo impegno solenne nella promozione e tutela dei diritti dei pi\u00f9 giovani","datePublished":"2025-11-20T16:14:24+00:00","mainEntityOfPage":{"@id":"https:\/\/progettotouring.it\/radiotouring104\/2025\/11\/20\/giornata-dellinfanzia-il-comune-di-reggio-rinnova-il-suo-impegno-solenne-nella-promozione-e-tutela-dei-diritti-dei-piu-giovani\/"},"wordCount":431,"publisher":{"@id":"https:\/\/progettotouring.it\/radiotouring104\/#organization"},"image":{"@id":"https:\/\/progettotouring.it\/radiotouring104\/2025\/11\/20\/giornata-dellinfanzia-il-comune-di-reggio-rinnova-il-suo-impegno-solenne-nella-promozione-e-tutela-dei-diritti-dei-piu-giovani\/#primaryimage"},"thumbnailUrl":"https:\/\/progettotouring.it\/radiotouring104\/wp-content\/uploads\/sites\/6\/2025\/11\/IMMAGINI-X-SITO-2025-11-20T171310.314.jpg","articleSection":["Home","News","Reggio Calabria"],"inLanguage":"it-IT"},{"@type":"WebPage","@id":"https:\/\/progettotouring.it\/radiotouring104\/2025\/11\/20\/giornata-dellinfanzia-il-comune-di-reggio-rinnova-il-suo-impegno-solenne-nella-promozione-e-tutela-dei-diritti-dei-piu-giovani\/","url":"https:\/\/progettotouring.it\/radiotouring104\/2025\/11\/20\/giornata-dellinfanzia-il-comune-di-reggio-rinnova-il-suo-impegno-solenne-nella-promozione-e-tutela-dei-diritti-dei-piu-giovani\/","name":"Giornata dell\u2019Infanzia: il Comune di Reggio rinnova il suo impegno solenne nella promozione e tutela dei diritti dei pi\u00f9 giovani - Radio Touring 104","isPartOf":{"@id":"https:\/\/progettotouring.it\/radiotouring104\/#website"},"primaryImageOfPage":{"@id":"https:\/\/progettotouring.it\/radiotouring104\/2025\/11\/20\/giornata-dellinfanzia-il-comune-di-reggio-rinnova-il-suo-impegno-solenne-nella-promozione-e-tutela-dei-diritti-dei-piu-giovani\/#primaryimage"},"image":{"@id":"https:\/\/progettotouring.it\/radiotouring104\/2025\/11\/20\/giornata-dellinfanzia-il-comune-di-reggio-rinnova-il-suo-impegno-solenne-nella-promozione-e-tutela-dei-diritti-dei-piu-giovani\/#primaryimage"},"thumbnailUrl":"https:\/\/progettotouring.it\/radiotouring104\/wp-content\/uploads\/sites\/6\/2025\/11\/IMMAGINI-X-SITO-2025-11-20T171310.314.jpg","datePublished":"2025-11-20T16:14:24+00:00","description":"Simbolicamente la facciata storica di Palazzo San Giorgio sar\u00e0 illuminata di blu a partire da questa sera e lo rimarr\u00e0 fino a domenica","breadcrumb":{"@id":"https:\/\/progettotouring.it\/radiotouring104\/2025\/11\/20\/giornata-dellinfanzia-il-comune-di-reggio-rinnova-il-suo-impegno-solenne-nella-promozione-e-tutela-dei-diritti-dei-piu-giovani\/#breadcrumb"},"inLanguage":"it-IT","potentialAction":[{"@type":"ReadAction","target":["https:\/\/progettotouring.it\/radiotouring104\/2025\/11\/20\/giornata-dellinfanzia-il-comune-di-reggio-rinnova-il-suo-impegno-solenne-nella-promozione-e-tutela-dei-diritti-dei-piu-giovani\/"]}]},{"@type":"ImageObject","inLanguage":"it-IT","@id":"https:\/\/progettotouring.it\/radiotouring104\/2025\/11\/20\/giornata-dellinfanzia-il-comune-di-reggio-rinnova-il-suo-impegno-solenne-nella-promozione-e-tutela-dei-diritti-dei-piu-giovani\/#primaryimage","url":"https:\/\/progettotouring.it\/radiotouring104\/wp-content\/uploads\/sites\/6\/2025\/11\/IMMAGINI-X-SITO-2025-11-20T171310.314.jpg","contentUrl":"https:\/\/progettotouring.it\/radiotouring104\/wp-content\/uploads\/sites\/6\/2025\/11\/IMMAGINI-X-SITO-2025-11-20T171310.314.jpg","width":2000,"height":1545},{"@type":"BreadcrumbList","@id":"https:\/\/progettotouring.it\/radiotouring104\/2025\/11\/20\/giornata-dellinfanzia-il-comune-di-reggio-rinnova-il-suo-impegno-solenne-nella-promozione-e-tutela-dei-diritti-dei-piu-giovani\/#breadcrumb","itemListElement":[{"@type":"ListItem","position":1,"name":"Home","item":"https:\/\/progettotouring.it\/radiotouring104\/"},{"@type":"ListItem","position":2,"name":"Giornata dell\u2019Infanzia: il Comune di Reggio rinnova il suo impegno solenne nella promozione e tutela dei diritti dei pi\u00f9 giovani"}]},{"@type":"WebSite","@id":"https:\/\/progettotouring.it\/radiotouring104\/#website","url":"https:\/\/progettotouring.it\/radiotouring104\/","name":"Radio Touring 104","description":"La prima radio Reggina","publisher":{"@id":"https:\/\/progettotouring.it\/radiotouring104\/#organization"},"potentialAction":[{"@type":"SearchAction","target":{"@type":"EntryPoint","urlTemplate":"https:\/\/progettotouring.it\/radiotouring104\/?s={search_term_string}"},"query-input":{"@type":"PropertyValueSpecification","valueRequired":true,"valueName":"search_term_string"}}],"inLanguage":"it-IT"},{"@type":"Organization","@id":"https:\/\/progettotouring.it\/radiotouring104\/#organization","name":"Radio Touring 104","url":"https:\/\/progettotouring.it\/radiotouring104\/","logo":{"@type":"ImageObject","inLanguage":"it-IT","@id":"https:\/\/progettotouring.it\/radiotouring104\/#\/schema\/logo\/image\/","url":"https:\/\/progettotouring.it\/radiotouring104\/wp-content\/uploads\/sites\/6\/2022\/02\/cropped-logo-radio-touring-104.png","contentUrl":"https:\/\/progettotouring.it\/radiotouring104\/wp-content\/uploads\/sites\/6\/2022\/02\/cropped-logo-radio-touring-104.png","width":377,"height":182,"caption":"Radio Touring 104"},"image":{"@id":"https:\/\/progettotouring.it\/radiotouring104\/#\/schema\/logo\/image\/"}},{"@type":"Person","@id":"https:\/\/progettotouring.it\/radiotouring104\/#\/schema\/person\/b9f9c3730b0a78814c9b9f3bfc52c619","name":"S L","image":{"@type":"ImageObject","inLanguage":"it-IT","@id":"https:\/\/secure.gravatar.com\/avatar\/652c51789d7030aaed9ff828331360502a68204fe6fb0831bc280515210e16d2?s=96&d=mm&r=g","url":"https:\/\/secure.gravatar.com\/avatar\/652c51789d7030aaed9ff828331360502a68204fe6fb0831bc280515210e16d2?s=96&d=mm&r=g","contentUrl":"https:\/\/secure.gravatar.com\/avatar\/652c51789d7030aaed9ff828331360502a68204fe6fb0831bc280515210e16d2?s=96&d=mm&r=g","caption":"S L"},"url":"https:\/\/progettotouring.it\/radiotouring104\/author\/slibri\/"}]}},"jetpack_publicize_connections":[],"jetpack_featured_media_url":"https:\/\/progettotouring.it\/radiotouring104\/wp-content\/uploads\/sites\/6\/2025\/11\/IMMAGINI-X-SITO-2025-11-20T171310.314.jpg","jetpack_sharing_enabled":true,"_links":{"self":[{"href":"https:\/\/progettotouring.it\/radiotouring104\/wp-json\/wp\/v2\/posts\/86130","targetHints":{"allow":["GET"]}}],"collection":[{"href":"https:\/\/progettotouring.it\/radiotouring104\/wp-json\/wp\/v2\/posts"}],"about":[{"href":"https:\/\/progettotouring.it\/radiotouring104\/wp-json\/wp\/v2\/types\/post"}],"author":[{"embeddable":true,"href":"https:\/\/progettotouring.it\/radiotouring104\/wp-json\/wp\/v2\/users\/19"}],"replies":[{"embeddable":true,"href":"https:\/\/progettotouring.it\/radiotouring104\/wp-json\/wp\/v2\/comments?post=86130"}],"version-history":[{"count":1,"href":"https:\/\/progettotouring.it\/radiotouring104\/wp-json\/wp\/v2\/posts\/86130\/revisions"}],"predecessor-version":[{"id":86132,"href":"https:\/\/progettotouring.it\/radiotouring104\/wp-json\/wp\/v2\/posts\/86130\/revisions\/86132"}],"wp:featuredmedia":[{"embeddable":true,"href":"https:\/\/progettotouring.it\/radiotouring104\/wp-json\/wp\/v2\/media\/86131"}],"wp:attachment":[{"href":"https:\/\/progettotouring.it\/radiotouring104\/wp-json\/wp\/v2\/media?parent=86130"}],"wp:term":[{"taxonomy":"category","embeddable":true,"href":"https:\/\/progettotouring.it\/radiotouring104\/wp-json\/wp\/v2\/categories?post=86130"},{"taxonomy":"post_tag","embeddable":true,"href":"https:\/\/progettotouring.it\/radiotouring104\/wp-json\/wp\/v2\/tags?post=86130"}],"curies":[{"name":"wp","href":"https:\/\/api.w.org\/{rel}","templated":true}]}}