{"id":86133,"date":"2025-11-20T17:21:42","date_gmt":"2025-11-20T16:21:42","guid":{"rendered":"https:\/\/progettotouring.it\/radiotouring104\/?p=86133"},"modified":"2025-11-20T17:21:42","modified_gmt":"2025-11-20T16:21:42","slug":"il-cordoglio-del-sindaco-falcomata-per-la-scomparsa-di-mimmo-morace","status":"publish","type":"post","link":"https:\/\/progettotouring.it\/radiotouring104\/2025\/11\/20\/il-cordoglio-del-sindaco-falcomata-per-la-scomparsa-di-mimmo-morace\/","title":{"rendered":"Il cordoglio del sindaco Falcomat\u00e0 per la scomparsa di Mimmo Morace"},"content":{"rendered":"<p><em>\u00abSe ne va un giornalista gentile, una penna sapiente, un reggino doc che ha saputo raccontare alcune tra pagine pi\u00f9 belle dello sport italiano. Mimmo Morace \u00e8 stato il perfetto esempio di chi, pur affermandosi fuori citt\u00e0, ha sempre mantenuto un radicamento viscerale col territorio d\u2019origine\u00bb<\/em>. Cos\u00ec il sindaco Giuseppe Falcomat\u00e0 ricorda dell\u2019ex direttore del Corriere dello Sport-Stadio, del Guerin Sportivo e del Domani della Calabria morto ieri sera.<br \/>\n\u00ab<em>Con passione e dedizione<\/em> &#8211;\u00a0 continua Falcomat\u00e0 &#8211; <em>ha attraversato tutte le fasi della professione, partendo da corrispondente fino a raggiungere le vette di alcune delle redazioni pi\u00f9 importanti del Paese. Un vero e proprio mentore per molti giovani che, col suo impegno, ha portato in alto il nome della citt\u00e0. Mancher\u00e0 a tutta la comunit\u00e0 che lo ha, da sempre, stimato ed apprezzato per il garbo, la correttezza e la professionalit\u00e0, caratteristiche che hanno rappresentato il marchio distintivo di tutta la sua carriera\u00bb.<\/em><br \/>\n<em>\u00abAlla famiglia, agli amici, a chi ha conosciuto e voluto bene Mimmo<\/em> &#8211; conclude &#8211; <em>arrivi il cordoglio pi\u00f9 sentito mio personale, dell&#8217;amministrazione comunale e dell\u2019intera citt\u00e0 di Reggio Calabria\u00bb.<\/em><\/p>\n","protected":false},"excerpt":{"rendered":"<p>\u00abSe ne va un giornalista gentile, una penna sapiente, un reggino doc che ha saputo raccontare alcune tra pagine pi\u00f9 belle dello sport italiano. Mimmo Morace \u00e8 stato il perfetto&hellip;<\/p>\n","protected":false},"author":19,"featured_media":86135,"comment_status":"closed","ping_status":"open","sticky":false,"template":"","format":"standard","meta":{"_jetpack_memberships_contains_paid_content":false,"footnotes":"","jetpack_publicize_message":"","jetpack_publicize_feature_enabled":true,"jetpack_social_post_already_shared":true,"jetpack_social_options":{"image_generator_settings":{"template":"highway","default_image_id":0,"font":"","enabled":false},"version":2}},"categories":[921,196,140],"tags":[],"class_list":["post-86133","post","type-post","status-publish","format-standard","has-post-thumbnail","hentry","category-home","category-news","category-reggio-calabria"],"yoast_head":"<!-- This site is optimized with the Yoast SEO plugin v27.2 - https:\/\/yoast.com\/product\/yoast-seo-wordpress\/ -->\n<title>Il cordoglio del sindaco Falcomat\u00e0 per la scomparsa di Mimmo Morace - Radio Touring 104<\/title>\n<meta name=\"description\" content=\"\u00abMorace, giornalista gentile che ha profondamente amato Reggio\u00bb\" \/>\n<meta name=\"robots\" content=\"index, follow, max-snippet:-1, max-image-preview:large, max-video-preview:-1\" \/>\n<link rel=\"canonical\" href=\"https:\/\/progettotouring.it\/radiotouring104\/2025\/11\/20\/il-cordoglio-del-sindaco-falcomata-per-la-scomparsa-di-mimmo-morace\/\" \/>\n<meta property=\"og:locale\" content=\"it_IT\" \/>\n<meta property=\"og:type\" content=\"article\" \/>\n<meta property=\"og:title\" content=\"Il cordoglio del sindaco Falcomat\u00e0 per la scomparsa di Mimmo Morace - Radio Touring 104\" \/>\n<meta property=\"og:description\" content=\"\u00abMorace, giornalista gentile che ha profondamente amato Reggio\u00bb\" \/>\n<meta property=\"og:url\" content=\"https:\/\/progettotouring.it\/radiotouring104\/2025\/11\/20\/il-cordoglio-del-sindaco-falcomata-per-la-scomparsa-di-mimmo-morace\/\" \/>\n<meta property=\"og:site_name\" content=\"Radio Touring 104\" \/>\n<meta property=\"article:published_time\" content=\"2025-11-20T16:21:42+00:00\" \/>\n<meta property=\"og:image\" content=\"https:\/\/progettotouring.it\/radiotouring104\/wp-content\/uploads\/sites\/6\/2025\/11\/IMMAGINI-X-SITO-2025-11-20T172046.648.jpg\" \/>\n\t<meta property=\"og:image:width\" content=\"2000\" \/>\n\t<meta property=\"og:image:height\" content=\"1545\" \/>\n\t<meta property=\"og:image:type\" content=\"image\/jpeg\" \/>\n<meta name=\"author\" content=\"S L\" \/>\n<meta name=\"twitter:card\" content=\"summary_large_image\" \/>\n<meta name=\"twitter:label1\" content=\"Scritto da\" \/>\n\t<meta name=\"twitter:data1\" content=\"S L\" \/>\n\t<meta name=\"twitter:label2\" content=\"Tempo di lettura stimato\" \/>\n\t<meta name=\"twitter:data2\" content=\"1 minuto\" \/>\n<script type=\"application\/ld+json\" class=\"yoast-schema-graph\">{\"@context\":\"https:\/\/schema.org\",\"@graph\":[{\"@type\":\"Article\",\"@id\":\"https:\/\/progettotouring.it\/radiotouring104\/2025\/11\/20\/il-cordoglio-del-sindaco-falcomata-per-la-scomparsa-di-mimmo-morace\/#article\",\"isPartOf\":{\"@id\":\"https:\/\/progettotouring.it\/radiotouring104\/2025\/11\/20\/il-cordoglio-del-sindaco-falcomata-per-la-scomparsa-di-mimmo-morace\/\"},\"author\":{\"name\":\"S L\",\"@id\":\"https:\/\/progettotouring.it\/radiotouring104\/#\/schema\/person\/b9f9c3730b0a78814c9b9f3bfc52c619\"},\"headline\":\"Il cordoglio del sindaco Falcomat\u00e0 per la scomparsa di Mimmo Morace\",\"datePublished\":\"2025-11-20T16:21:42+00:00\",\"mainEntityOfPage\":{\"@id\":\"https:\/\/progettotouring.it\/radiotouring104\/2025\/11\/20\/il-cordoglio-del-sindaco-falcomata-per-la-scomparsa-di-mimmo-morace\/\"},\"wordCount\":196,\"publisher\":{\"@id\":\"https:\/\/progettotouring.it\/radiotouring104\/#organization\"},\"image\":{\"@id\":\"https:\/\/progettotouring.it\/radiotouring104\/2025\/11\/20\/il-cordoglio-del-sindaco-falcomata-per-la-scomparsa-di-mimmo-morace\/#primaryimage\"},\"thumbnailUrl\":\"https:\/\/progettotouring.it\/radiotouring104\/wp-content\/uploads\/sites\/6\/2025\/11\/IMMAGINI-X-SITO-2025-11-20T172046.648.jpg\",\"articleSection\":[\"Home\",\"News\",\"Reggio Calabria\"],\"inLanguage\":\"it-IT\"},{\"@type\":\"WebPage\",\"@id\":\"https:\/\/progettotouring.it\/radiotouring104\/2025\/11\/20\/il-cordoglio-del-sindaco-falcomata-per-la-scomparsa-di-mimmo-morace\/\",\"url\":\"https:\/\/progettotouring.it\/radiotouring104\/2025\/11\/20\/il-cordoglio-del-sindaco-falcomata-per-la-scomparsa-di-mimmo-morace\/\",\"name\":\"Il cordoglio del sindaco Falcomat\u00e0 per la scomparsa di Mimmo Morace - Radio Touring 104\",\"isPartOf\":{\"@id\":\"https:\/\/progettotouring.it\/radiotouring104\/#website\"},\"primaryImageOfPage\":{\"@id\":\"https:\/\/progettotouring.it\/radiotouring104\/2025\/11\/20\/il-cordoglio-del-sindaco-falcomata-per-la-scomparsa-di-mimmo-morace\/#primaryimage\"},\"image\":{\"@id\":\"https:\/\/progettotouring.it\/radiotouring104\/2025\/11\/20\/il-cordoglio-del-sindaco-falcomata-per-la-scomparsa-di-mimmo-morace\/#primaryimage\"},\"thumbnailUrl\":\"https:\/\/progettotouring.it\/radiotouring104\/wp-content\/uploads\/sites\/6\/2025\/11\/IMMAGINI-X-SITO-2025-11-20T172046.648.jpg\",\"datePublished\":\"2025-11-20T16:21:42+00:00\",\"description\":\"\u00abMorace, giornalista gentile che ha profondamente amato Reggio\u00bb\",\"breadcrumb\":{\"@id\":\"https:\/\/progettotouring.it\/radiotouring104\/2025\/11\/20\/il-cordoglio-del-sindaco-falcomata-per-la-scomparsa-di-mimmo-morace\/#breadcrumb\"},\"inLanguage\":\"it-IT\",\"potentialAction\":[{\"@type\":\"ReadAction\",\"target\":[\"https:\/\/progettotouring.it\/radiotouring104\/2025\/11\/20\/il-cordoglio-del-sindaco-falcomata-per-la-scomparsa-di-mimmo-morace\/\"]}]},{\"@type\":\"ImageObject\",\"inLanguage\":\"it-IT\",\"@id\":\"https:\/\/progettotouring.it\/radiotouring104\/2025\/11\/20\/il-cordoglio-del-sindaco-falcomata-per-la-scomparsa-di-mimmo-morace\/#primaryimage\",\"url\":\"https:\/\/progettotouring.it\/radiotouring104\/wp-content\/uploads\/sites\/6\/2025\/11\/IMMAGINI-X-SITO-2025-11-20T172046.648.jpg\",\"contentUrl\":\"https:\/\/progettotouring.it\/radiotouring104\/wp-content\/uploads\/sites\/6\/2025\/11\/IMMAGINI-X-SITO-2025-11-20T172046.648.jpg\",\"width\":2000,\"height\":1545},{\"@type\":\"BreadcrumbList\",\"@id\":\"https:\/\/progettotouring.it\/radiotouring104\/2025\/11\/20\/il-cordoglio-del-sindaco-falcomata-per-la-scomparsa-di-mimmo-morace\/#breadcrumb\",\"itemListElement\":[{\"@type\":\"ListItem\",\"position\":1,\"name\":\"Home\",\"item\":\"https:\/\/progettotouring.it\/radiotouring104\/\"},{\"@type\":\"ListItem\",\"position\":2,\"name\":\"Il cordoglio del sindaco Falcomat\u00e0 per la scomparsa di Mimmo Morace\"}]},{\"@type\":\"WebSite\",\"@id\":\"https:\/\/progettotouring.it\/radiotouring104\/#website\",\"url\":\"https:\/\/progettotouring.it\/radiotouring104\/\",\"name\":\"Radio Touring 104\",\"description\":\"La prima radio Reggina\",\"publisher\":{\"@id\":\"https:\/\/progettotouring.it\/radiotouring104\/#organization\"},\"potentialAction\":[{\"@type\":\"SearchAction\",\"target\":{\"@type\":\"EntryPoint\",\"urlTemplate\":\"https:\/\/progettotouring.it\/radiotouring104\/?s={search_term_string}\"},\"query-input\":{\"@type\":\"PropertyValueSpecification\",\"valueRequired\":true,\"valueName\":\"search_term_string\"}}],\"inLanguage\":\"it-IT\"},{\"@type\":\"Organization\",\"@id\":\"https:\/\/progettotouring.it\/radiotouring104\/#organization\",\"name\":\"Radio Touring 104\",\"url\":\"https:\/\/progettotouring.it\/radiotouring104\/\",\"logo\":{\"@type\":\"ImageObject\",\"inLanguage\":\"it-IT\",\"@id\":\"https:\/\/progettotouring.it\/radiotouring104\/#\/schema\/logo\/image\/\",\"url\":\"https:\/\/progettotouring.it\/radiotouring104\/wp-content\/uploads\/sites\/6\/2022\/02\/cropped-logo-radio-touring-104.png\",\"contentUrl\":\"https:\/\/progettotouring.it\/radiotouring104\/wp-content\/uploads\/sites\/6\/2022\/02\/cropped-logo-radio-touring-104.png\",\"width\":377,\"height\":182,\"caption\":\"Radio Touring 104\"},\"image\":{\"@id\":\"https:\/\/progettotouring.it\/radiotouring104\/#\/schema\/logo\/image\/\"}},{\"@type\":\"Person\",\"@id\":\"https:\/\/progettotouring.it\/radiotouring104\/#\/schema\/person\/b9f9c3730b0a78814c9b9f3bfc52c619\",\"name\":\"S L\",\"image\":{\"@type\":\"ImageObject\",\"inLanguage\":\"it-IT\",\"@id\":\"https:\/\/secure.gravatar.com\/avatar\/652c51789d7030aaed9ff828331360502a68204fe6fb0831bc280515210e16d2?s=96&d=mm&r=g\",\"url\":\"https:\/\/secure.gravatar.com\/avatar\/652c51789d7030aaed9ff828331360502a68204fe6fb0831bc280515210e16d2?s=96&d=mm&r=g\",\"contentUrl\":\"https:\/\/secure.gravatar.com\/avatar\/652c51789d7030aaed9ff828331360502a68204fe6fb0831bc280515210e16d2?s=96&d=mm&r=g\",\"caption\":\"S L\"},\"url\":\"https:\/\/progettotouring.it\/radiotouring104\/author\/slibri\/\"}]}<\/script>\n<!-- \/ Yoast SEO plugin. -->","yoast_head_json":{"title":"Il cordoglio del sindaco Falcomat\u00e0 per la scomparsa di Mimmo Morace - Radio Touring 104","description":"\u00abMorace, giornalista gentile che ha profondamente amato Reggio\u00bb","robots":{"index":"index","follow":"follow","max-snippet":"max-snippet:-1","max-image-preview":"max-image-preview:large","max-video-preview":"max-video-preview:-1"},"canonical":"https:\/\/progettotouring.it\/radiotouring104\/2025\/11\/20\/il-cordoglio-del-sindaco-falcomata-per-la-scomparsa-di-mimmo-morace\/","og_locale":"it_IT","og_type":"article","og_title":"Il cordoglio del sindaco Falcomat\u00e0 per la scomparsa di Mimmo Morace - Radio Touring 104","og_description":"\u00abMorace, giornalista gentile che ha profondamente amato Reggio\u00bb","og_url":"https:\/\/progettotouring.it\/radiotouring104\/2025\/11\/20\/il-cordoglio-del-sindaco-falcomata-per-la-scomparsa-di-mimmo-morace\/","og_site_name":"Radio Touring 104","article_published_time":"2025-11-20T16:21:42+00:00","og_image":[{"width":2000,"height":1545,"url":"https:\/\/progettotouring.it\/radiotouring104\/wp-content\/uploads\/sites\/6\/2025\/11\/IMMAGINI-X-SITO-2025-11-20T172046.648.jpg","type":"image\/jpeg"}],"author":"S L","twitter_card":"summary_large_image","twitter_misc":{"Scritto da":"S L","Tempo di lettura stimato":"1 minuto"},"schema":{"@context":"https:\/\/schema.org","@graph":[{"@type":"Article","@id":"https:\/\/progettotouring.it\/radiotouring104\/2025\/11\/20\/il-cordoglio-del-sindaco-falcomata-per-la-scomparsa-di-mimmo-morace\/#article","isPartOf":{"@id":"https:\/\/progettotouring.it\/radiotouring104\/2025\/11\/20\/il-cordoglio-del-sindaco-falcomata-per-la-scomparsa-di-mimmo-morace\/"},"author":{"name":"S L","@id":"https:\/\/progettotouring.it\/radiotouring104\/#\/schema\/person\/b9f9c3730b0a78814c9b9f3bfc52c619"},"headline":"Il cordoglio del sindaco Falcomat\u00e0 per la scomparsa di Mimmo Morace","datePublished":"2025-11-20T16:21:42+00:00","mainEntityOfPage":{"@id":"https:\/\/progettotouring.it\/radiotouring104\/2025\/11\/20\/il-cordoglio-del-sindaco-falcomata-per-la-scomparsa-di-mimmo-morace\/"},"wordCount":196,"publisher":{"@id":"https:\/\/progettotouring.it\/radiotouring104\/#organization"},"image":{"@id":"https:\/\/progettotouring.it\/radiotouring104\/2025\/11\/20\/il-cordoglio-del-sindaco-falcomata-per-la-scomparsa-di-mimmo-morace\/#primaryimage"},"thumbnailUrl":"https:\/\/progettotouring.it\/radiotouring104\/wp-content\/uploads\/sites\/6\/2025\/11\/IMMAGINI-X-SITO-2025-11-20T172046.648.jpg","articleSection":["Home","News","Reggio Calabria"],"inLanguage":"it-IT"},{"@type":"WebPage","@id":"https:\/\/progettotouring.it\/radiotouring104\/2025\/11\/20\/il-cordoglio-del-sindaco-falcomata-per-la-scomparsa-di-mimmo-morace\/","url":"https:\/\/progettotouring.it\/radiotouring104\/2025\/11\/20\/il-cordoglio-del-sindaco-falcomata-per-la-scomparsa-di-mimmo-morace\/","name":"Il cordoglio del sindaco Falcomat\u00e0 per la scomparsa di Mimmo Morace - Radio Touring 104","isPartOf":{"@id":"https:\/\/progettotouring.it\/radiotouring104\/#website"},"primaryImageOfPage":{"@id":"https:\/\/progettotouring.it\/radiotouring104\/2025\/11\/20\/il-cordoglio-del-sindaco-falcomata-per-la-scomparsa-di-mimmo-morace\/#primaryimage"},"image":{"@id":"https:\/\/progettotouring.it\/radiotouring104\/2025\/11\/20\/il-cordoglio-del-sindaco-falcomata-per-la-scomparsa-di-mimmo-morace\/#primaryimage"},"thumbnailUrl":"https:\/\/progettotouring.it\/radiotouring104\/wp-content\/uploads\/sites\/6\/2025\/11\/IMMAGINI-X-SITO-2025-11-20T172046.648.jpg","datePublished":"2025-11-20T16:21:42+00:00","description":"\u00abMorace, giornalista gentile che ha profondamente amato Reggio\u00bb","breadcrumb":{"@id":"https:\/\/progettotouring.it\/radiotouring104\/2025\/11\/20\/il-cordoglio-del-sindaco-falcomata-per-la-scomparsa-di-mimmo-morace\/#breadcrumb"},"inLanguage":"it-IT","potentialAction":[{"@type":"ReadAction","target":["https:\/\/progettotouring.it\/radiotouring104\/2025\/11\/20\/il-cordoglio-del-sindaco-falcomata-per-la-scomparsa-di-mimmo-morace\/"]}]},{"@type":"ImageObject","inLanguage":"it-IT","@id":"https:\/\/progettotouring.it\/radiotouring104\/2025\/11\/20\/il-cordoglio-del-sindaco-falcomata-per-la-scomparsa-di-mimmo-morace\/#primaryimage","url":"https:\/\/progettotouring.it\/radiotouring104\/wp-content\/uploads\/sites\/6\/2025\/11\/IMMAGINI-X-SITO-2025-11-20T172046.648.jpg","contentUrl":"https:\/\/progettotouring.it\/radiotouring104\/wp-content\/uploads\/sites\/6\/2025\/11\/IMMAGINI-X-SITO-2025-11-20T172046.648.jpg","width":2000,"height":1545},{"@type":"BreadcrumbList","@id":"https:\/\/progettotouring.it\/radiotouring104\/2025\/11\/20\/il-cordoglio-del-sindaco-falcomata-per-la-scomparsa-di-mimmo-morace\/#breadcrumb","itemListElement":[{"@type":"ListItem","position":1,"name":"Home","item":"https:\/\/progettotouring.it\/radiotouring104\/"},{"@type":"ListItem","position":2,"name":"Il cordoglio del sindaco Falcomat\u00e0 per la scomparsa di Mimmo Morace"}]},{"@type":"WebSite","@id":"https:\/\/progettotouring.it\/radiotouring104\/#website","url":"https:\/\/progettotouring.it\/radiotouring104\/","name":"Radio Touring 104","description":"La prima radio Reggina","publisher":{"@id":"https:\/\/progettotouring.it\/radiotouring104\/#organization"},"potentialAction":[{"@type":"SearchAction","target":{"@type":"EntryPoint","urlTemplate":"https:\/\/progettotouring.it\/radiotouring104\/?s={search_term_string}"},"query-input":{"@type":"PropertyValueSpecification","valueRequired":true,"valueName":"search_term_string"}}],"inLanguage":"it-IT"},{"@type":"Organization","@id":"https:\/\/progettotouring.it\/radiotouring104\/#organization","name":"Radio Touring 104","url":"https:\/\/progettotouring.it\/radiotouring104\/","logo":{"@type":"ImageObject","inLanguage":"it-IT","@id":"https:\/\/progettotouring.it\/radiotouring104\/#\/schema\/logo\/image\/","url":"https:\/\/progettotouring.it\/radiotouring104\/wp-content\/uploads\/sites\/6\/2022\/02\/cropped-logo-radio-touring-104.png","contentUrl":"https:\/\/progettotouring.it\/radiotouring104\/wp-content\/uploads\/sites\/6\/2022\/02\/cropped-logo-radio-touring-104.png","width":377,"height":182,"caption":"Radio Touring 104"},"image":{"@id":"https:\/\/progettotouring.it\/radiotouring104\/#\/schema\/logo\/image\/"}},{"@type":"Person","@id":"https:\/\/progettotouring.it\/radiotouring104\/#\/schema\/person\/b9f9c3730b0a78814c9b9f3bfc52c619","name":"S L","image":{"@type":"ImageObject","inLanguage":"it-IT","@id":"https:\/\/secure.gravatar.com\/avatar\/652c51789d7030aaed9ff828331360502a68204fe6fb0831bc280515210e16d2?s=96&d=mm&r=g","url":"https:\/\/secure.gravatar.com\/avatar\/652c51789d7030aaed9ff828331360502a68204fe6fb0831bc280515210e16d2?s=96&d=mm&r=g","contentUrl":"https:\/\/secure.gravatar.com\/avatar\/652c51789d7030aaed9ff828331360502a68204fe6fb0831bc280515210e16d2?s=96&d=mm&r=g","caption":"S L"},"url":"https:\/\/progettotouring.it\/radiotouring104\/author\/slibri\/"}]}},"jetpack_publicize_connections":[],"jetpack_featured_media_url":"https:\/\/progettotouring.it\/radiotouring104\/wp-content\/uploads\/sites\/6\/2025\/11\/IMMAGINI-X-SITO-2025-11-20T172046.648.jpg","jetpack_sharing_enabled":true,"_links":{"self":[{"href":"https:\/\/progettotouring.it\/radiotouring104\/wp-json\/wp\/v2\/posts\/86133","targetHints":{"allow":["GET"]}}],"collection":[{"href":"https:\/\/progettotouring.it\/radiotouring104\/wp-json\/wp\/v2\/posts"}],"about":[{"href":"https:\/\/progettotouring.it\/radiotouring104\/wp-json\/wp\/v2\/types\/post"}],"author":[{"embeddable":true,"href":"https:\/\/progettotouring.it\/radiotouring104\/wp-json\/wp\/v2\/users\/19"}],"replies":[{"embeddable":true,"href":"https:\/\/progettotouring.it\/radiotouring104\/wp-json\/wp\/v2\/comments?post=86133"}],"version-history":[{"count":1,"href":"https:\/\/progettotouring.it\/radiotouring104\/wp-json\/wp\/v2\/posts\/86133\/revisions"}],"predecessor-version":[{"id":86136,"href":"https:\/\/progettotouring.it\/radiotouring104\/wp-json\/wp\/v2\/posts\/86133\/revisions\/86136"}],"wp:featuredmedia":[{"embeddable":true,"href":"https:\/\/progettotouring.it\/radiotouring104\/wp-json\/wp\/v2\/media\/86135"}],"wp:attachment":[{"href":"https:\/\/progettotouring.it\/radiotouring104\/wp-json\/wp\/v2\/media?parent=86133"}],"wp:term":[{"taxonomy":"category","embeddable":true,"href":"https:\/\/progettotouring.it\/radiotouring104\/wp-json\/wp\/v2\/categories?post=86133"},{"taxonomy":"post_tag","embeddable":true,"href":"https:\/\/progettotouring.it\/radiotouring104\/wp-json\/wp\/v2\/tags?post=86133"}],"curies":[{"name":"wp","href":"https:\/\/api.w.org\/{rel}","templated":true}]}}