{"id":86262,"date":"2025-11-22T23:04:19","date_gmt":"2025-11-22T22:04:19","guid":{"rendered":"https:\/\/progettotouring.it\/radiotouring104\/?p=86262"},"modified":"2025-11-22T23:04:19","modified_gmt":"2025-11-22T22:04:19","slug":"confesercenti-presentato-il-documento-strategico-visione-reggio-2030","status":"publish","type":"post","link":"https:\/\/progettotouring.it\/radiotouring104\/2025\/11\/22\/confesercenti-presentato-il-documento-strategico-visione-reggio-2030\/","title":{"rendered":"Confesercenti: presentato il documento strategico &#8220;Visione Reggio 2030&#8221;"},"content":{"rendered":"<p dir=\"ltr\"><em>\u201cSiamo lieti che questo documento sia stato portato all\u2019attenzione delle Istituzioni e dell&#8217;intera comunit\u00e0 da parte di Confesercenti e del suo presidente Claudio Aloisio. Arriva a valle di un percorso di condivisione che da sempre in questi anni abbiamo portato avanti, sia con il Comune che con la Citt\u00e0 metropolitana. La visione e la condivisione di quello che sar\u00e0 lo sviluppo della nostra area metropolitana nei prossimi anni \u00e8 un tema che riguarda tutti. Il ragionamento non possiamo affrontarlo autonomamente o a compartimenti stagni. Questa \u00e8 la grande intuizione di questo documento che cristallizza\u00a0 le politiche che noi abbiamo portato avanti in questi anni, con un approccio che vuole andare oltre rispetto ai diversi settori\u201d<\/em>. Cos\u00ec il sindaco metropolitano e di Reggio Calabria, Giuseppe Falcomat\u00e0, intervenendo alla Camera di commercio reggina, alla presentazione del documento strategico \u2018<em>Visione Reggio 2030\u2019<\/em> elaborato da Confesercenti, e rivolto allo sviluppo della Citt\u00e0 e dell\u2019Area metropolitana. Presente all&#8217;iniziativa anche il nuovo assessore comunale alle Attivit\u00e0 produttive, Alex Tripodi che ha \u201c<em>ringraziato Confesercenti per il contributo offerto, ritenendolo strategico e utile per la costruzione della citt\u00e0 dei prossimi anni\u201d. \u201cHo sempre ritenuto utile<\/em> \u2013 ha aggiunto \u2013 <em>l\u2019apertura nei confronti delle associazioni di categoria. Per un Ente pubblico le ritengo prioritarie. Le sinergie sono necessarie perch\u00e9 gran parte delle difficolt\u00e0 nascono spesso dalla scarsa collaborazione\u201d. \u201cIn questa direzione \u2013 <\/em>ha precisato Tripodi<em> \u2013 intendiamo costituire una Consulta delle associazioni di categoria che possa partire anche dalla base del documento strategico 2030. Abbiamo apprezzato e condividiamo questo percorso che \u2013 <\/em>ha concluso Tripodi<em> &#8211; potr\u00e0 essere sicuramente utile per proseguire il nostro cammino istituzionale nei prossimi mesi e per il futuro, a fianco dei cittadini e delle associazioni di categoria\u201d.<\/em><\/p>\n","protected":false},"excerpt":{"rendered":"<p>\u201cSiamo lieti che questo documento sia stato portato all\u2019attenzione delle Istituzioni e dell&#8217;intera comunit\u00e0 da parte di Confesercenti e del suo presidente Claudio Aloisio. Arriva a valle di un percorso&hellip;<\/p>\n","protected":false},"author":19,"featured_media":86263,"comment_status":"closed","ping_status":"open","sticky":false,"template":"","format":"standard","meta":{"_jetpack_memberships_contains_paid_content":false,"footnotes":"","jetpack_publicize_message":"","jetpack_publicize_feature_enabled":true,"jetpack_social_post_already_shared":true,"jetpack_social_options":{"image_generator_settings":{"template":"highway","default_image_id":0,"font":"","enabled":false},"version":2}},"categories":[921,196,140],"tags":[],"class_list":["post-86262","post","type-post","status-publish","format-standard","has-post-thumbnail","hentry","category-home","category-news","category-reggio-calabria"],"yoast_head":"<!-- This site is optimized with the Yoast SEO plugin v27.2 - https:\/\/yoast.com\/product\/yoast-seo-wordpress\/ -->\n<title>Confesercenti: presentato il documento strategico &quot;Visione Reggio 2030&quot; - Radio Touring 104<\/title>\n<meta name=\"description\" content=\"Alex Tripodi: &quot;Utile l\u2019apertura nei confronti delle associazioni di categoria&quot;\" \/>\n<meta name=\"robots\" content=\"index, follow, max-snippet:-1, max-image-preview:large, max-video-preview:-1\" \/>\n<link rel=\"canonical\" href=\"https:\/\/progettotouring.it\/radiotouring104\/2025\/11\/22\/confesercenti-presentato-il-documento-strategico-visione-reggio-2030\/\" \/>\n<meta property=\"og:locale\" content=\"it_IT\" \/>\n<meta property=\"og:type\" content=\"article\" \/>\n<meta property=\"og:title\" content=\"Confesercenti: presentato il documento strategico &quot;Visione Reggio 2030&quot; - Radio Touring 104\" \/>\n<meta property=\"og:description\" content=\"Alex Tripodi: &quot;Utile l\u2019apertura nei confronti delle associazioni di categoria&quot;\" \/>\n<meta property=\"og:url\" content=\"https:\/\/progettotouring.it\/radiotouring104\/2025\/11\/22\/confesercenti-presentato-il-documento-strategico-visione-reggio-2030\/\" \/>\n<meta property=\"og:site_name\" content=\"Radio Touring 104\" \/>\n<meta property=\"article:published_time\" content=\"2025-11-22T22:04:19+00:00\" \/>\n<meta property=\"og:image\" content=\"https:\/\/progettotouring.it\/radiotouring104\/wp-content\/uploads\/sites\/6\/2025\/11\/falcomata-confesercenti.jpeg\" \/>\n\t<meta property=\"og:image:width\" content=\"1280\" \/>\n\t<meta property=\"og:image:height\" content=\"853\" \/>\n\t<meta property=\"og:image:type\" content=\"image\/jpeg\" \/>\n<meta name=\"author\" content=\"S L\" \/>\n<meta name=\"twitter:card\" content=\"summary_large_image\" \/>\n<meta name=\"twitter:label1\" content=\"Scritto da\" \/>\n\t<meta name=\"twitter:data1\" content=\"S L\" \/>\n\t<meta name=\"twitter:label2\" content=\"Tempo di lettura stimato\" \/>\n\t<meta name=\"twitter:data2\" content=\"1 minuto\" \/>\n<script type=\"application\/ld+json\" class=\"yoast-schema-graph\">{\"@context\":\"https:\/\/schema.org\",\"@graph\":[{\"@type\":\"Article\",\"@id\":\"https:\/\/progettotouring.it\/radiotouring104\/2025\/11\/22\/confesercenti-presentato-il-documento-strategico-visione-reggio-2030\/#article\",\"isPartOf\":{\"@id\":\"https:\/\/progettotouring.it\/radiotouring104\/2025\/11\/22\/confesercenti-presentato-il-documento-strategico-visione-reggio-2030\/\"},\"author\":{\"name\":\"S L\",\"@id\":\"https:\/\/progettotouring.it\/radiotouring104\/#\/schema\/person\/b9f9c3730b0a78814c9b9f3bfc52c619\"},\"headline\":\"Confesercenti: presentato il documento strategico &#8220;Visione Reggio 2030&#8221;\",\"datePublished\":\"2025-11-22T22:04:19+00:00\",\"mainEntityOfPage\":{\"@id\":\"https:\/\/progettotouring.it\/radiotouring104\/2025\/11\/22\/confesercenti-presentato-il-documento-strategico-visione-reggio-2030\/\"},\"wordCount\":284,\"publisher\":{\"@id\":\"https:\/\/progettotouring.it\/radiotouring104\/#organization\"},\"image\":{\"@id\":\"https:\/\/progettotouring.it\/radiotouring104\/2025\/11\/22\/confesercenti-presentato-il-documento-strategico-visione-reggio-2030\/#primaryimage\"},\"thumbnailUrl\":\"https:\/\/progettotouring.it\/radiotouring104\/wp-content\/uploads\/sites\/6\/2025\/11\/falcomata-confesercenti.jpeg\",\"articleSection\":[\"Home\",\"News\",\"Reggio Calabria\"],\"inLanguage\":\"it-IT\"},{\"@type\":\"WebPage\",\"@id\":\"https:\/\/progettotouring.it\/radiotouring104\/2025\/11\/22\/confesercenti-presentato-il-documento-strategico-visione-reggio-2030\/\",\"url\":\"https:\/\/progettotouring.it\/radiotouring104\/2025\/11\/22\/confesercenti-presentato-il-documento-strategico-visione-reggio-2030\/\",\"name\":\"Confesercenti: presentato il documento strategico \\\"Visione Reggio 2030\\\" - Radio Touring 104\",\"isPartOf\":{\"@id\":\"https:\/\/progettotouring.it\/radiotouring104\/#website\"},\"primaryImageOfPage\":{\"@id\":\"https:\/\/progettotouring.it\/radiotouring104\/2025\/11\/22\/confesercenti-presentato-il-documento-strategico-visione-reggio-2030\/#primaryimage\"},\"image\":{\"@id\":\"https:\/\/progettotouring.it\/radiotouring104\/2025\/11\/22\/confesercenti-presentato-il-documento-strategico-visione-reggio-2030\/#primaryimage\"},\"thumbnailUrl\":\"https:\/\/progettotouring.it\/radiotouring104\/wp-content\/uploads\/sites\/6\/2025\/11\/falcomata-confesercenti.jpeg\",\"datePublished\":\"2025-11-22T22:04:19+00:00\",\"description\":\"Alex Tripodi: \\\"Utile l\u2019apertura nei confronti delle associazioni di categoria\\\"\",\"breadcrumb\":{\"@id\":\"https:\/\/progettotouring.it\/radiotouring104\/2025\/11\/22\/confesercenti-presentato-il-documento-strategico-visione-reggio-2030\/#breadcrumb\"},\"inLanguage\":\"it-IT\",\"potentialAction\":[{\"@type\":\"ReadAction\",\"target\":[\"https:\/\/progettotouring.it\/radiotouring104\/2025\/11\/22\/confesercenti-presentato-il-documento-strategico-visione-reggio-2030\/\"]}]},{\"@type\":\"ImageObject\",\"inLanguage\":\"it-IT\",\"@id\":\"https:\/\/progettotouring.it\/radiotouring104\/2025\/11\/22\/confesercenti-presentato-il-documento-strategico-visione-reggio-2030\/#primaryimage\",\"url\":\"https:\/\/progettotouring.it\/radiotouring104\/wp-content\/uploads\/sites\/6\/2025\/11\/falcomata-confesercenti.jpeg\",\"contentUrl\":\"https:\/\/progettotouring.it\/radiotouring104\/wp-content\/uploads\/sites\/6\/2025\/11\/falcomata-confesercenti.jpeg\",\"width\":1280,\"height\":853},{\"@type\":\"BreadcrumbList\",\"@id\":\"https:\/\/progettotouring.it\/radiotouring104\/2025\/11\/22\/confesercenti-presentato-il-documento-strategico-visione-reggio-2030\/#breadcrumb\",\"itemListElement\":[{\"@type\":\"ListItem\",\"position\":1,\"name\":\"Home\",\"item\":\"https:\/\/progettotouring.it\/radiotouring104\/\"},{\"@type\":\"ListItem\",\"position\":2,\"name\":\"Confesercenti: presentato il documento strategico &#8220;Visione Reggio 2030&#8221;\"}]},{\"@type\":\"WebSite\",\"@id\":\"https:\/\/progettotouring.it\/radiotouring104\/#website\",\"url\":\"https:\/\/progettotouring.it\/radiotouring104\/\",\"name\":\"Radio Touring 104\",\"description\":\"La prima radio Reggina\",\"publisher\":{\"@id\":\"https:\/\/progettotouring.it\/radiotouring104\/#organization\"},\"potentialAction\":[{\"@type\":\"SearchAction\",\"target\":{\"@type\":\"EntryPoint\",\"urlTemplate\":\"https:\/\/progettotouring.it\/radiotouring104\/?s={search_term_string}\"},\"query-input\":{\"@type\":\"PropertyValueSpecification\",\"valueRequired\":true,\"valueName\":\"search_term_string\"}}],\"inLanguage\":\"it-IT\"},{\"@type\":\"Organization\",\"@id\":\"https:\/\/progettotouring.it\/radiotouring104\/#organization\",\"name\":\"Radio Touring 104\",\"url\":\"https:\/\/progettotouring.it\/radiotouring104\/\",\"logo\":{\"@type\":\"ImageObject\",\"inLanguage\":\"it-IT\",\"@id\":\"https:\/\/progettotouring.it\/radiotouring104\/#\/schema\/logo\/image\/\",\"url\":\"https:\/\/progettotouring.it\/radiotouring104\/wp-content\/uploads\/sites\/6\/2022\/02\/cropped-logo-radio-touring-104.png\",\"contentUrl\":\"https:\/\/progettotouring.it\/radiotouring104\/wp-content\/uploads\/sites\/6\/2022\/02\/cropped-logo-radio-touring-104.png\",\"width\":377,\"height\":182,\"caption\":\"Radio Touring 104\"},\"image\":{\"@id\":\"https:\/\/progettotouring.it\/radiotouring104\/#\/schema\/logo\/image\/\"}},{\"@type\":\"Person\",\"@id\":\"https:\/\/progettotouring.it\/radiotouring104\/#\/schema\/person\/b9f9c3730b0a78814c9b9f3bfc52c619\",\"name\":\"S L\",\"image\":{\"@type\":\"ImageObject\",\"inLanguage\":\"it-IT\",\"@id\":\"https:\/\/secure.gravatar.com\/avatar\/652c51789d7030aaed9ff828331360502a68204fe6fb0831bc280515210e16d2?s=96&d=mm&r=g\",\"url\":\"https:\/\/secure.gravatar.com\/avatar\/652c51789d7030aaed9ff828331360502a68204fe6fb0831bc280515210e16d2?s=96&d=mm&r=g\",\"contentUrl\":\"https:\/\/secure.gravatar.com\/avatar\/652c51789d7030aaed9ff828331360502a68204fe6fb0831bc280515210e16d2?s=96&d=mm&r=g\",\"caption\":\"S L\"},\"url\":\"https:\/\/progettotouring.it\/radiotouring104\/author\/slibri\/\"}]}<\/script>\n<!-- \/ Yoast SEO plugin. -->","yoast_head_json":{"title":"Confesercenti: presentato il documento strategico \"Visione Reggio 2030\" - Radio Touring 104","description":"Alex Tripodi: \"Utile l\u2019apertura nei confronti delle associazioni di categoria\"","robots":{"index":"index","follow":"follow","max-snippet":"max-snippet:-1","max-image-preview":"max-image-preview:large","max-video-preview":"max-video-preview:-1"},"canonical":"https:\/\/progettotouring.it\/radiotouring104\/2025\/11\/22\/confesercenti-presentato-il-documento-strategico-visione-reggio-2030\/","og_locale":"it_IT","og_type":"article","og_title":"Confesercenti: presentato il documento strategico \"Visione Reggio 2030\" - Radio Touring 104","og_description":"Alex Tripodi: \"Utile l\u2019apertura nei confronti delle associazioni di categoria\"","og_url":"https:\/\/progettotouring.it\/radiotouring104\/2025\/11\/22\/confesercenti-presentato-il-documento-strategico-visione-reggio-2030\/","og_site_name":"Radio Touring 104","article_published_time":"2025-11-22T22:04:19+00:00","og_image":[{"width":1280,"height":853,"url":"https:\/\/progettotouring.it\/radiotouring104\/wp-content\/uploads\/sites\/6\/2025\/11\/falcomata-confesercenti.jpeg","type":"image\/jpeg"}],"author":"S L","twitter_card":"summary_large_image","twitter_misc":{"Scritto da":"S L","Tempo di lettura stimato":"1 minuto"},"schema":{"@context":"https:\/\/schema.org","@graph":[{"@type":"Article","@id":"https:\/\/progettotouring.it\/radiotouring104\/2025\/11\/22\/confesercenti-presentato-il-documento-strategico-visione-reggio-2030\/#article","isPartOf":{"@id":"https:\/\/progettotouring.it\/radiotouring104\/2025\/11\/22\/confesercenti-presentato-il-documento-strategico-visione-reggio-2030\/"},"author":{"name":"S L","@id":"https:\/\/progettotouring.it\/radiotouring104\/#\/schema\/person\/b9f9c3730b0a78814c9b9f3bfc52c619"},"headline":"Confesercenti: presentato il documento strategico &#8220;Visione Reggio 2030&#8221;","datePublished":"2025-11-22T22:04:19+00:00","mainEntityOfPage":{"@id":"https:\/\/progettotouring.it\/radiotouring104\/2025\/11\/22\/confesercenti-presentato-il-documento-strategico-visione-reggio-2030\/"},"wordCount":284,"publisher":{"@id":"https:\/\/progettotouring.it\/radiotouring104\/#organization"},"image":{"@id":"https:\/\/progettotouring.it\/radiotouring104\/2025\/11\/22\/confesercenti-presentato-il-documento-strategico-visione-reggio-2030\/#primaryimage"},"thumbnailUrl":"https:\/\/progettotouring.it\/radiotouring104\/wp-content\/uploads\/sites\/6\/2025\/11\/falcomata-confesercenti.jpeg","articleSection":["Home","News","Reggio Calabria"],"inLanguage":"it-IT"},{"@type":"WebPage","@id":"https:\/\/progettotouring.it\/radiotouring104\/2025\/11\/22\/confesercenti-presentato-il-documento-strategico-visione-reggio-2030\/","url":"https:\/\/progettotouring.it\/radiotouring104\/2025\/11\/22\/confesercenti-presentato-il-documento-strategico-visione-reggio-2030\/","name":"Confesercenti: presentato il documento strategico \"Visione Reggio 2030\" - Radio Touring 104","isPartOf":{"@id":"https:\/\/progettotouring.it\/radiotouring104\/#website"},"primaryImageOfPage":{"@id":"https:\/\/progettotouring.it\/radiotouring104\/2025\/11\/22\/confesercenti-presentato-il-documento-strategico-visione-reggio-2030\/#primaryimage"},"image":{"@id":"https:\/\/progettotouring.it\/radiotouring104\/2025\/11\/22\/confesercenti-presentato-il-documento-strategico-visione-reggio-2030\/#primaryimage"},"thumbnailUrl":"https:\/\/progettotouring.it\/radiotouring104\/wp-content\/uploads\/sites\/6\/2025\/11\/falcomata-confesercenti.jpeg","datePublished":"2025-11-22T22:04:19+00:00","description":"Alex Tripodi: \"Utile l\u2019apertura nei confronti delle associazioni di categoria\"","breadcrumb":{"@id":"https:\/\/progettotouring.it\/radiotouring104\/2025\/11\/22\/confesercenti-presentato-il-documento-strategico-visione-reggio-2030\/#breadcrumb"},"inLanguage":"it-IT","potentialAction":[{"@type":"ReadAction","target":["https:\/\/progettotouring.it\/radiotouring104\/2025\/11\/22\/confesercenti-presentato-il-documento-strategico-visione-reggio-2030\/"]}]},{"@type":"ImageObject","inLanguage":"it-IT","@id":"https:\/\/progettotouring.it\/radiotouring104\/2025\/11\/22\/confesercenti-presentato-il-documento-strategico-visione-reggio-2030\/#primaryimage","url":"https:\/\/progettotouring.it\/radiotouring104\/wp-content\/uploads\/sites\/6\/2025\/11\/falcomata-confesercenti.jpeg","contentUrl":"https:\/\/progettotouring.it\/radiotouring104\/wp-content\/uploads\/sites\/6\/2025\/11\/falcomata-confesercenti.jpeg","width":1280,"height":853},{"@type":"BreadcrumbList","@id":"https:\/\/progettotouring.it\/radiotouring104\/2025\/11\/22\/confesercenti-presentato-il-documento-strategico-visione-reggio-2030\/#breadcrumb","itemListElement":[{"@type":"ListItem","position":1,"name":"Home","item":"https:\/\/progettotouring.it\/radiotouring104\/"},{"@type":"ListItem","position":2,"name":"Confesercenti: presentato il documento strategico &#8220;Visione Reggio 2030&#8221;"}]},{"@type":"WebSite","@id":"https:\/\/progettotouring.it\/radiotouring104\/#website","url":"https:\/\/progettotouring.it\/radiotouring104\/","name":"Radio Touring 104","description":"La prima radio Reggina","publisher":{"@id":"https:\/\/progettotouring.it\/radiotouring104\/#organization"},"potentialAction":[{"@type":"SearchAction","target":{"@type":"EntryPoint","urlTemplate":"https:\/\/progettotouring.it\/radiotouring104\/?s={search_term_string}"},"query-input":{"@type":"PropertyValueSpecification","valueRequired":true,"valueName":"search_term_string"}}],"inLanguage":"it-IT"},{"@type":"Organization","@id":"https:\/\/progettotouring.it\/radiotouring104\/#organization","name":"Radio Touring 104","url":"https:\/\/progettotouring.it\/radiotouring104\/","logo":{"@type":"ImageObject","inLanguage":"it-IT","@id":"https:\/\/progettotouring.it\/radiotouring104\/#\/schema\/logo\/image\/","url":"https:\/\/progettotouring.it\/radiotouring104\/wp-content\/uploads\/sites\/6\/2022\/02\/cropped-logo-radio-touring-104.png","contentUrl":"https:\/\/progettotouring.it\/radiotouring104\/wp-content\/uploads\/sites\/6\/2022\/02\/cropped-logo-radio-touring-104.png","width":377,"height":182,"caption":"Radio Touring 104"},"image":{"@id":"https:\/\/progettotouring.it\/radiotouring104\/#\/schema\/logo\/image\/"}},{"@type":"Person","@id":"https:\/\/progettotouring.it\/radiotouring104\/#\/schema\/person\/b9f9c3730b0a78814c9b9f3bfc52c619","name":"S L","image":{"@type":"ImageObject","inLanguage":"it-IT","@id":"https:\/\/secure.gravatar.com\/avatar\/652c51789d7030aaed9ff828331360502a68204fe6fb0831bc280515210e16d2?s=96&d=mm&r=g","url":"https:\/\/secure.gravatar.com\/avatar\/652c51789d7030aaed9ff828331360502a68204fe6fb0831bc280515210e16d2?s=96&d=mm&r=g","contentUrl":"https:\/\/secure.gravatar.com\/avatar\/652c51789d7030aaed9ff828331360502a68204fe6fb0831bc280515210e16d2?s=96&d=mm&r=g","caption":"S L"},"url":"https:\/\/progettotouring.it\/radiotouring104\/author\/slibri\/"}]}},"jetpack_publicize_connections":[],"jetpack_featured_media_url":"https:\/\/progettotouring.it\/radiotouring104\/wp-content\/uploads\/sites\/6\/2025\/11\/falcomata-confesercenti.jpeg","jetpack_sharing_enabled":true,"_links":{"self":[{"href":"https:\/\/progettotouring.it\/radiotouring104\/wp-json\/wp\/v2\/posts\/86262","targetHints":{"allow":["GET"]}}],"collection":[{"href":"https:\/\/progettotouring.it\/radiotouring104\/wp-json\/wp\/v2\/posts"}],"about":[{"href":"https:\/\/progettotouring.it\/radiotouring104\/wp-json\/wp\/v2\/types\/post"}],"author":[{"embeddable":true,"href":"https:\/\/progettotouring.it\/radiotouring104\/wp-json\/wp\/v2\/users\/19"}],"replies":[{"embeddable":true,"href":"https:\/\/progettotouring.it\/radiotouring104\/wp-json\/wp\/v2\/comments?post=86262"}],"version-history":[{"count":1,"href":"https:\/\/progettotouring.it\/radiotouring104\/wp-json\/wp\/v2\/posts\/86262\/revisions"}],"predecessor-version":[{"id":86264,"href":"https:\/\/progettotouring.it\/radiotouring104\/wp-json\/wp\/v2\/posts\/86262\/revisions\/86264"}],"wp:featuredmedia":[{"embeddable":true,"href":"https:\/\/progettotouring.it\/radiotouring104\/wp-json\/wp\/v2\/media\/86263"}],"wp:attachment":[{"href":"https:\/\/progettotouring.it\/radiotouring104\/wp-json\/wp\/v2\/media?parent=86262"}],"wp:term":[{"taxonomy":"category","embeddable":true,"href":"https:\/\/progettotouring.it\/radiotouring104\/wp-json\/wp\/v2\/categories?post=86262"},{"taxonomy":"post_tag","embeddable":true,"href":"https:\/\/progettotouring.it\/radiotouring104\/wp-json\/wp\/v2\/tags?post=86262"}],"curies":[{"name":"wp","href":"https:\/\/api.w.org\/{rel}","templated":true}]}}