{"id":86311,"date":"2025-11-24T18:02:12","date_gmt":"2025-11-24T17:02:12","guid":{"rendered":"https:\/\/progettotouring.it\/radiotouring104\/?p=86311"},"modified":"2025-11-24T18:17:02","modified_gmt":"2025-11-24T17:17:02","slug":"distretto-demozioni-il-22-novembre-inaugurato-il-percorso-con-la-prima-visita-guidata","status":"publish","type":"post","link":"https:\/\/progettotouring.it\/radiotouring104\/2025\/11\/24\/distretto-demozioni-il-22-novembre-inaugurato-il-percorso-con-la-prima-visita-guidata\/","title":{"rendered":"DiStretto d\u2019Emozioni: il 22 novembre inaugurato il percorso con la prima visita guidata"},"content":{"rendered":"<p>Sabato 22 novembre \u00e8 avvenuta la prima visita tra gli\u00a0itinerari turistico-culturali di <strong>DiStretto d\u2019Emozioni<\/strong>, il progetto costituito da eventi, laboratori, spettacoli e percorsi dedicati alla citt\u00e0.<br \/>\nCi si \u00e8 concentrati sul centro storico tra monumenti, memorie e luoghi che raccontano la storia millenaria del territorio.<\/p>\n<p>Hanno partecipato cittadini e turisti provenienti da diverse parti d\u2019Italia insieme all\u2019assessora alla Cultura <strong>Mary Caracciolo<\/strong>, al team degli organizzatori e alla Responsabile Unico del Procedimento, <strong>Daniela Neri<\/strong>.<\/p>\n<p>A guidare il gruppo, la voce esperta di <strong>Tommaso Misiano<\/strong>, guida turistica, che ha condotto i presenti in una passeggiata pensata \u201c<em>per guardare Reggio Calabria con occhi diversi\u201d<\/em>.<\/p>\n<p>L\u2019itinerario inaugurale, della durata di circa un\u2019ora e mezza,\u00a0 \u00e8 partito dalla Pinacoteca Civica, per poi toccare cinque luoghi fondamentali del patrimonio urbano:<\/p>\n<ul>\n<li>Teatro \u201cFrancesco Cilea\u201d<\/li>\n<li>Castello Aragonese<\/li>\n<li>Terme romane sul Lungomare<\/li>\n<li>Ipogeo di Piazza Italia<\/li>\n<li>Odeion di via XXIV Maggio<\/li>\n<\/ul>\n<p>Un vero tour urbano a piedi, gratuito, che, come hanno spiegato gli organizzatori, \u201c<em>ha l\u2019obiettivo di sperimentare una modalit\u00e0 diversa di comunicazione turistica, dinamica e attiva, capace di valorizzare il patrimonio culturale e di stimolare nuove relazioni intorno ai luoghi\u201d.<\/em><\/p>\n<p>Tommaso Misiano ha accolto i partecipanti spiegando che spesso <em>\u201csono gli stessi reggini a conoscere poco la propria citt\u00e0\u201d<\/em>. Ha sottolineato quindi che \u201c<em>il primo turista \u00e8 il cittadino, il quale deve conoscere casa propria, solo cos\u00ec la pu\u00f2 amare e presentare. Oggi sar\u00e0 l\u2019occasione per far vedere Reggio Calabria in modo diverso\u201d.<\/em><\/p>\n<p><em>\u201cReggio \u00e8 una delle citt\u00e0 pi\u00f9 antiche d\u2019Italia, ma poco rimane in superficie perch\u00e9 pi\u00f9 volte distrutta e ricostruita. Si \u00e8 sempre costruito sopra: ogni scavo rivela una storia.\u201d<\/em><\/p>\n<p>Le visite guidate proseguiranno nelle seguenti date (suscettibili di variazioni per condizioni meteo):<\/p>\n<ul>\n<li>7 dicembre 2025 \u2013 ore 16.30<\/li>\n<li>20 dicembre 2025 \u2013 ore 16.30<\/li>\n<li>10 gennaio 2026 \u2013 ore 16.30<\/li>\n<li>24 gennaio 2026 \u2013 ore 16.30<\/li>\n<li>7 febbraio 2026 \u2013 ore 16.30<\/li>\n<\/ul>\n<p>&nbsp;<\/p>\n","protected":false},"excerpt":{"rendered":"<p>Sabato 22 novembre \u00e8 avvenuta la prima visita tra gli\u00a0itinerari turistico-culturali di DiStretto d\u2019Emozioni, il progetto costituito da eventi, laboratori, spettacoli e percorsi dedicati alla citt\u00e0. Ci si \u00e8 concentrati&hellip;<\/p>\n","protected":false},"author":19,"featured_media":86318,"comment_status":"closed","ping_status":"open","sticky":false,"template":"","format":"standard","meta":{"_jetpack_memberships_contains_paid_content":false,"footnotes":"","jetpack_publicize_message":"","jetpack_publicize_feature_enabled":true,"jetpack_social_post_already_shared":true,"jetpack_social_options":{"image_generator_settings":{"template":"highway","default_image_id":0,"font":"","enabled":false},"version":2}},"categories":[145,921,196,140],"tags":[],"class_list":["post-86311","post","type-post","status-publish","format-standard","has-post-thumbnail","hentry","category-cultura","category-home","category-news","category-reggio-calabria"],"yoast_head":"<!-- This site is optimized with the Yoast SEO plugin v27.2 - https:\/\/yoast.com\/product\/yoast-seo-wordpress\/ -->\n<title>DiStretto d\u2019Emozioni: il 22 novembre inaugurato il percorso con la prima visita guidata - Radio Touring 104<\/title>\n<meta name=\"description\" content=\"Tommaso Misiano ha guidato il gruppo di cittadini e turisti nel centro storico cittadino\" \/>\n<meta name=\"robots\" content=\"index, follow, max-snippet:-1, max-image-preview:large, max-video-preview:-1\" \/>\n<link rel=\"canonical\" href=\"https:\/\/progettotouring.it\/radiotouring104\/2025\/11\/24\/distretto-demozioni-il-22-novembre-inaugurato-il-percorso-con-la-prima-visita-guidata\/\" \/>\n<meta property=\"og:locale\" content=\"it_IT\" \/>\n<meta property=\"og:type\" content=\"article\" \/>\n<meta property=\"og:title\" content=\"DiStretto d\u2019Emozioni: il 22 novembre inaugurato il percorso con la prima visita guidata - Radio Touring 104\" \/>\n<meta property=\"og:description\" content=\"Tommaso Misiano ha guidato il gruppo di cittadini e turisti nel centro storico cittadino\" \/>\n<meta property=\"og:url\" content=\"https:\/\/progettotouring.it\/radiotouring104\/2025\/11\/24\/distretto-demozioni-il-22-novembre-inaugurato-il-percorso-con-la-prima-visita-guidata\/\" \/>\n<meta property=\"og:site_name\" content=\"Radio Touring 104\" \/>\n<meta property=\"article:published_time\" content=\"2025-11-24T17:02:12+00:00\" \/>\n<meta property=\"article:modified_time\" content=\"2025-11-24T17:17:02+00:00\" \/>\n<meta property=\"og:image\" content=\"https:\/\/progettotouring.it\/radiotouring104\/wp-content\/uploads\/sites\/6\/2025\/11\/IMMAGINI-X-SITO-2025-11-24T181333.402.jpg\" \/>\n\t<meta property=\"og:image:width\" content=\"2000\" \/>\n\t<meta property=\"og:image:height\" content=\"1545\" \/>\n\t<meta property=\"og:image:type\" content=\"image\/jpeg\" \/>\n<meta name=\"author\" content=\"S L\" \/>\n<meta name=\"twitter:card\" content=\"summary_large_image\" \/>\n<meta name=\"twitter:label1\" content=\"Scritto da\" \/>\n\t<meta name=\"twitter:data1\" content=\"S L\" \/>\n\t<meta name=\"twitter:label2\" content=\"Tempo di lettura stimato\" \/>\n\t<meta name=\"twitter:data2\" content=\"1 minuto\" \/>\n<script type=\"application\/ld+json\" class=\"yoast-schema-graph\">{\"@context\":\"https:\/\/schema.org\",\"@graph\":[{\"@type\":\"Article\",\"@id\":\"https:\/\/progettotouring.it\/radiotouring104\/2025\/11\/24\/distretto-demozioni-il-22-novembre-inaugurato-il-percorso-con-la-prima-visita-guidata\/#article\",\"isPartOf\":{\"@id\":\"https:\/\/progettotouring.it\/radiotouring104\/2025\/11\/24\/distretto-demozioni-il-22-novembre-inaugurato-il-percorso-con-la-prima-visita-guidata\/\"},\"author\":{\"name\":\"S L\",\"@id\":\"https:\/\/progettotouring.it\/radiotouring104\/#\/schema\/person\/b9f9c3730b0a78814c9b9f3bfc52c619\"},\"headline\":\"DiStretto d\u2019Emozioni: il 22 novembre inaugurato il percorso con la prima visita guidata\",\"datePublished\":\"2025-11-24T17:02:12+00:00\",\"dateModified\":\"2025-11-24T17:17:02+00:00\",\"mainEntityOfPage\":{\"@id\":\"https:\/\/progettotouring.it\/radiotouring104\/2025\/11\/24\/distretto-demozioni-il-22-novembre-inaugurato-il-percorso-con-la-prima-visita-guidata\/\"},\"wordCount\":303,\"publisher\":{\"@id\":\"https:\/\/progettotouring.it\/radiotouring104\/#organization\"},\"image\":{\"@id\":\"https:\/\/progettotouring.it\/radiotouring104\/2025\/11\/24\/distretto-demozioni-il-22-novembre-inaugurato-il-percorso-con-la-prima-visita-guidata\/#primaryimage\"},\"thumbnailUrl\":\"https:\/\/progettotouring.it\/radiotouring104\/wp-content\/uploads\/sites\/6\/2025\/11\/IMMAGINI-X-SITO-2025-11-24T181333.402.jpg\",\"articleSection\":[\"Cultura\",\"Home\",\"News\",\"Reggio Calabria\"],\"inLanguage\":\"it-IT\"},{\"@type\":\"WebPage\",\"@id\":\"https:\/\/progettotouring.it\/radiotouring104\/2025\/11\/24\/distretto-demozioni-il-22-novembre-inaugurato-il-percorso-con-la-prima-visita-guidata\/\",\"url\":\"https:\/\/progettotouring.it\/radiotouring104\/2025\/11\/24\/distretto-demozioni-il-22-novembre-inaugurato-il-percorso-con-la-prima-visita-guidata\/\",\"name\":\"DiStretto d\u2019Emozioni: il 22 novembre inaugurato il percorso con la prima visita guidata - Radio Touring 104\",\"isPartOf\":{\"@id\":\"https:\/\/progettotouring.it\/radiotouring104\/#website\"},\"primaryImageOfPage\":{\"@id\":\"https:\/\/progettotouring.it\/radiotouring104\/2025\/11\/24\/distretto-demozioni-il-22-novembre-inaugurato-il-percorso-con-la-prima-visita-guidata\/#primaryimage\"},\"image\":{\"@id\":\"https:\/\/progettotouring.it\/radiotouring104\/2025\/11\/24\/distretto-demozioni-il-22-novembre-inaugurato-il-percorso-con-la-prima-visita-guidata\/#primaryimage\"},\"thumbnailUrl\":\"https:\/\/progettotouring.it\/radiotouring104\/wp-content\/uploads\/sites\/6\/2025\/11\/IMMAGINI-X-SITO-2025-11-24T181333.402.jpg\",\"datePublished\":\"2025-11-24T17:02:12+00:00\",\"dateModified\":\"2025-11-24T17:17:02+00:00\",\"description\":\"Tommaso Misiano ha guidato il gruppo di cittadini e turisti nel centro storico cittadino\",\"breadcrumb\":{\"@id\":\"https:\/\/progettotouring.it\/radiotouring104\/2025\/11\/24\/distretto-demozioni-il-22-novembre-inaugurato-il-percorso-con-la-prima-visita-guidata\/#breadcrumb\"},\"inLanguage\":\"it-IT\",\"potentialAction\":[{\"@type\":\"ReadAction\",\"target\":[\"https:\/\/progettotouring.it\/radiotouring104\/2025\/11\/24\/distretto-demozioni-il-22-novembre-inaugurato-il-percorso-con-la-prima-visita-guidata\/\"]}]},{\"@type\":\"ImageObject\",\"inLanguage\":\"it-IT\",\"@id\":\"https:\/\/progettotouring.it\/radiotouring104\/2025\/11\/24\/distretto-demozioni-il-22-novembre-inaugurato-il-percorso-con-la-prima-visita-guidata\/#primaryimage\",\"url\":\"https:\/\/progettotouring.it\/radiotouring104\/wp-content\/uploads\/sites\/6\/2025\/11\/IMMAGINI-X-SITO-2025-11-24T181333.402.jpg\",\"contentUrl\":\"https:\/\/progettotouring.it\/radiotouring104\/wp-content\/uploads\/sites\/6\/2025\/11\/IMMAGINI-X-SITO-2025-11-24T181333.402.jpg\",\"width\":2000,\"height\":1545},{\"@type\":\"BreadcrumbList\",\"@id\":\"https:\/\/progettotouring.it\/radiotouring104\/2025\/11\/24\/distretto-demozioni-il-22-novembre-inaugurato-il-percorso-con-la-prima-visita-guidata\/#breadcrumb\",\"itemListElement\":[{\"@type\":\"ListItem\",\"position\":1,\"name\":\"Home\",\"item\":\"https:\/\/progettotouring.it\/radiotouring104\/\"},{\"@type\":\"ListItem\",\"position\":2,\"name\":\"DiStretto d\u2019Emozioni: il 22 novembre inaugurato il percorso con la prima visita guidata\"}]},{\"@type\":\"WebSite\",\"@id\":\"https:\/\/progettotouring.it\/radiotouring104\/#website\",\"url\":\"https:\/\/progettotouring.it\/radiotouring104\/\",\"name\":\"Radio Touring 104\",\"description\":\"La prima radio Reggina\",\"publisher\":{\"@id\":\"https:\/\/progettotouring.it\/radiotouring104\/#organization\"},\"potentialAction\":[{\"@type\":\"SearchAction\",\"target\":{\"@type\":\"EntryPoint\",\"urlTemplate\":\"https:\/\/progettotouring.it\/radiotouring104\/?s={search_term_string}\"},\"query-input\":{\"@type\":\"PropertyValueSpecification\",\"valueRequired\":true,\"valueName\":\"search_term_string\"}}],\"inLanguage\":\"it-IT\"},{\"@type\":\"Organization\",\"@id\":\"https:\/\/progettotouring.it\/radiotouring104\/#organization\",\"name\":\"Radio Touring 104\",\"url\":\"https:\/\/progettotouring.it\/radiotouring104\/\",\"logo\":{\"@type\":\"ImageObject\",\"inLanguage\":\"it-IT\",\"@id\":\"https:\/\/progettotouring.it\/radiotouring104\/#\/schema\/logo\/image\/\",\"url\":\"https:\/\/progettotouring.it\/radiotouring104\/wp-content\/uploads\/sites\/6\/2022\/02\/cropped-logo-radio-touring-104.png\",\"contentUrl\":\"https:\/\/progettotouring.it\/radiotouring104\/wp-content\/uploads\/sites\/6\/2022\/02\/cropped-logo-radio-touring-104.png\",\"width\":377,\"height\":182,\"caption\":\"Radio Touring 104\"},\"image\":{\"@id\":\"https:\/\/progettotouring.it\/radiotouring104\/#\/schema\/logo\/image\/\"}},{\"@type\":\"Person\",\"@id\":\"https:\/\/progettotouring.it\/radiotouring104\/#\/schema\/person\/b9f9c3730b0a78814c9b9f3bfc52c619\",\"name\":\"S L\",\"image\":{\"@type\":\"ImageObject\",\"inLanguage\":\"it-IT\",\"@id\":\"https:\/\/secure.gravatar.com\/avatar\/652c51789d7030aaed9ff828331360502a68204fe6fb0831bc280515210e16d2?s=96&d=mm&r=g\",\"url\":\"https:\/\/secure.gravatar.com\/avatar\/652c51789d7030aaed9ff828331360502a68204fe6fb0831bc280515210e16d2?s=96&d=mm&r=g\",\"contentUrl\":\"https:\/\/secure.gravatar.com\/avatar\/652c51789d7030aaed9ff828331360502a68204fe6fb0831bc280515210e16d2?s=96&d=mm&r=g\",\"caption\":\"S L\"},\"url\":\"https:\/\/progettotouring.it\/radiotouring104\/author\/slibri\/\"}]}<\/script>\n<!-- \/ Yoast SEO plugin. -->","yoast_head_json":{"title":"DiStretto d\u2019Emozioni: il 22 novembre inaugurato il percorso con la prima visita guidata - Radio Touring 104","description":"Tommaso Misiano ha guidato il gruppo di cittadini e turisti nel centro storico cittadino","robots":{"index":"index","follow":"follow","max-snippet":"max-snippet:-1","max-image-preview":"max-image-preview:large","max-video-preview":"max-video-preview:-1"},"canonical":"https:\/\/progettotouring.it\/radiotouring104\/2025\/11\/24\/distretto-demozioni-il-22-novembre-inaugurato-il-percorso-con-la-prima-visita-guidata\/","og_locale":"it_IT","og_type":"article","og_title":"DiStretto d\u2019Emozioni: il 22 novembre inaugurato il percorso con la prima visita guidata - Radio Touring 104","og_description":"Tommaso Misiano ha guidato il gruppo di cittadini e turisti nel centro storico cittadino","og_url":"https:\/\/progettotouring.it\/radiotouring104\/2025\/11\/24\/distretto-demozioni-il-22-novembre-inaugurato-il-percorso-con-la-prima-visita-guidata\/","og_site_name":"Radio Touring 104","article_published_time":"2025-11-24T17:02:12+00:00","article_modified_time":"2025-11-24T17:17:02+00:00","og_image":[{"width":2000,"height":1545,"url":"https:\/\/progettotouring.it\/radiotouring104\/wp-content\/uploads\/sites\/6\/2025\/11\/IMMAGINI-X-SITO-2025-11-24T181333.402.jpg","type":"image\/jpeg"}],"author":"S L","twitter_card":"summary_large_image","twitter_misc":{"Scritto da":"S L","Tempo di lettura stimato":"1 minuto"},"schema":{"@context":"https:\/\/schema.org","@graph":[{"@type":"Article","@id":"https:\/\/progettotouring.it\/radiotouring104\/2025\/11\/24\/distretto-demozioni-il-22-novembre-inaugurato-il-percorso-con-la-prima-visita-guidata\/#article","isPartOf":{"@id":"https:\/\/progettotouring.it\/radiotouring104\/2025\/11\/24\/distretto-demozioni-il-22-novembre-inaugurato-il-percorso-con-la-prima-visita-guidata\/"},"author":{"name":"S L","@id":"https:\/\/progettotouring.it\/radiotouring104\/#\/schema\/person\/b9f9c3730b0a78814c9b9f3bfc52c619"},"headline":"DiStretto d\u2019Emozioni: il 22 novembre inaugurato il percorso con la prima visita guidata","datePublished":"2025-11-24T17:02:12+00:00","dateModified":"2025-11-24T17:17:02+00:00","mainEntityOfPage":{"@id":"https:\/\/progettotouring.it\/radiotouring104\/2025\/11\/24\/distretto-demozioni-il-22-novembre-inaugurato-il-percorso-con-la-prima-visita-guidata\/"},"wordCount":303,"publisher":{"@id":"https:\/\/progettotouring.it\/radiotouring104\/#organization"},"image":{"@id":"https:\/\/progettotouring.it\/radiotouring104\/2025\/11\/24\/distretto-demozioni-il-22-novembre-inaugurato-il-percorso-con-la-prima-visita-guidata\/#primaryimage"},"thumbnailUrl":"https:\/\/progettotouring.it\/radiotouring104\/wp-content\/uploads\/sites\/6\/2025\/11\/IMMAGINI-X-SITO-2025-11-24T181333.402.jpg","articleSection":["Cultura","Home","News","Reggio Calabria"],"inLanguage":"it-IT"},{"@type":"WebPage","@id":"https:\/\/progettotouring.it\/radiotouring104\/2025\/11\/24\/distretto-demozioni-il-22-novembre-inaugurato-il-percorso-con-la-prima-visita-guidata\/","url":"https:\/\/progettotouring.it\/radiotouring104\/2025\/11\/24\/distretto-demozioni-il-22-novembre-inaugurato-il-percorso-con-la-prima-visita-guidata\/","name":"DiStretto d\u2019Emozioni: il 22 novembre inaugurato il percorso con la prima visita guidata - Radio Touring 104","isPartOf":{"@id":"https:\/\/progettotouring.it\/radiotouring104\/#website"},"primaryImageOfPage":{"@id":"https:\/\/progettotouring.it\/radiotouring104\/2025\/11\/24\/distretto-demozioni-il-22-novembre-inaugurato-il-percorso-con-la-prima-visita-guidata\/#primaryimage"},"image":{"@id":"https:\/\/progettotouring.it\/radiotouring104\/2025\/11\/24\/distretto-demozioni-il-22-novembre-inaugurato-il-percorso-con-la-prima-visita-guidata\/#primaryimage"},"thumbnailUrl":"https:\/\/progettotouring.it\/radiotouring104\/wp-content\/uploads\/sites\/6\/2025\/11\/IMMAGINI-X-SITO-2025-11-24T181333.402.jpg","datePublished":"2025-11-24T17:02:12+00:00","dateModified":"2025-11-24T17:17:02+00:00","description":"Tommaso Misiano ha guidato il gruppo di cittadini e turisti nel centro storico cittadino","breadcrumb":{"@id":"https:\/\/progettotouring.it\/radiotouring104\/2025\/11\/24\/distretto-demozioni-il-22-novembre-inaugurato-il-percorso-con-la-prima-visita-guidata\/#breadcrumb"},"inLanguage":"it-IT","potentialAction":[{"@type":"ReadAction","target":["https:\/\/progettotouring.it\/radiotouring104\/2025\/11\/24\/distretto-demozioni-il-22-novembre-inaugurato-il-percorso-con-la-prima-visita-guidata\/"]}]},{"@type":"ImageObject","inLanguage":"it-IT","@id":"https:\/\/progettotouring.it\/radiotouring104\/2025\/11\/24\/distretto-demozioni-il-22-novembre-inaugurato-il-percorso-con-la-prima-visita-guidata\/#primaryimage","url":"https:\/\/progettotouring.it\/radiotouring104\/wp-content\/uploads\/sites\/6\/2025\/11\/IMMAGINI-X-SITO-2025-11-24T181333.402.jpg","contentUrl":"https:\/\/progettotouring.it\/radiotouring104\/wp-content\/uploads\/sites\/6\/2025\/11\/IMMAGINI-X-SITO-2025-11-24T181333.402.jpg","width":2000,"height":1545},{"@type":"BreadcrumbList","@id":"https:\/\/progettotouring.it\/radiotouring104\/2025\/11\/24\/distretto-demozioni-il-22-novembre-inaugurato-il-percorso-con-la-prima-visita-guidata\/#breadcrumb","itemListElement":[{"@type":"ListItem","position":1,"name":"Home","item":"https:\/\/progettotouring.it\/radiotouring104\/"},{"@type":"ListItem","position":2,"name":"DiStretto d\u2019Emozioni: il 22 novembre inaugurato il percorso con la prima visita guidata"}]},{"@type":"WebSite","@id":"https:\/\/progettotouring.it\/radiotouring104\/#website","url":"https:\/\/progettotouring.it\/radiotouring104\/","name":"Radio Touring 104","description":"La prima radio Reggina","publisher":{"@id":"https:\/\/progettotouring.it\/radiotouring104\/#organization"},"potentialAction":[{"@type":"SearchAction","target":{"@type":"EntryPoint","urlTemplate":"https:\/\/progettotouring.it\/radiotouring104\/?s={search_term_string}"},"query-input":{"@type":"PropertyValueSpecification","valueRequired":true,"valueName":"search_term_string"}}],"inLanguage":"it-IT"},{"@type":"Organization","@id":"https:\/\/progettotouring.it\/radiotouring104\/#organization","name":"Radio Touring 104","url":"https:\/\/progettotouring.it\/radiotouring104\/","logo":{"@type":"ImageObject","inLanguage":"it-IT","@id":"https:\/\/progettotouring.it\/radiotouring104\/#\/schema\/logo\/image\/","url":"https:\/\/progettotouring.it\/radiotouring104\/wp-content\/uploads\/sites\/6\/2022\/02\/cropped-logo-radio-touring-104.png","contentUrl":"https:\/\/progettotouring.it\/radiotouring104\/wp-content\/uploads\/sites\/6\/2022\/02\/cropped-logo-radio-touring-104.png","width":377,"height":182,"caption":"Radio Touring 104"},"image":{"@id":"https:\/\/progettotouring.it\/radiotouring104\/#\/schema\/logo\/image\/"}},{"@type":"Person","@id":"https:\/\/progettotouring.it\/radiotouring104\/#\/schema\/person\/b9f9c3730b0a78814c9b9f3bfc52c619","name":"S L","image":{"@type":"ImageObject","inLanguage":"it-IT","@id":"https:\/\/secure.gravatar.com\/avatar\/652c51789d7030aaed9ff828331360502a68204fe6fb0831bc280515210e16d2?s=96&d=mm&r=g","url":"https:\/\/secure.gravatar.com\/avatar\/652c51789d7030aaed9ff828331360502a68204fe6fb0831bc280515210e16d2?s=96&d=mm&r=g","contentUrl":"https:\/\/secure.gravatar.com\/avatar\/652c51789d7030aaed9ff828331360502a68204fe6fb0831bc280515210e16d2?s=96&d=mm&r=g","caption":"S L"},"url":"https:\/\/progettotouring.it\/radiotouring104\/author\/slibri\/"}]}},"jetpack_publicize_connections":[],"jetpack_featured_media_url":"https:\/\/progettotouring.it\/radiotouring104\/wp-content\/uploads\/sites\/6\/2025\/11\/IMMAGINI-X-SITO-2025-11-24T181333.402.jpg","jetpack_sharing_enabled":true,"_links":{"self":[{"href":"https:\/\/progettotouring.it\/radiotouring104\/wp-json\/wp\/v2\/posts\/86311","targetHints":{"allow":["GET"]}}],"collection":[{"href":"https:\/\/progettotouring.it\/radiotouring104\/wp-json\/wp\/v2\/posts"}],"about":[{"href":"https:\/\/progettotouring.it\/radiotouring104\/wp-json\/wp\/v2\/types\/post"}],"author":[{"embeddable":true,"href":"https:\/\/progettotouring.it\/radiotouring104\/wp-json\/wp\/v2\/users\/19"}],"replies":[{"embeddable":true,"href":"https:\/\/progettotouring.it\/radiotouring104\/wp-json\/wp\/v2\/comments?post=86311"}],"version-history":[{"count":1,"href":"https:\/\/progettotouring.it\/radiotouring104\/wp-json\/wp\/v2\/posts\/86311\/revisions"}],"predecessor-version":[{"id":86313,"href":"https:\/\/progettotouring.it\/radiotouring104\/wp-json\/wp\/v2\/posts\/86311\/revisions\/86313"}],"wp:featuredmedia":[{"embeddable":true,"href":"https:\/\/progettotouring.it\/radiotouring104\/wp-json\/wp\/v2\/media\/86318"}],"wp:attachment":[{"href":"https:\/\/progettotouring.it\/radiotouring104\/wp-json\/wp\/v2\/media?parent=86311"}],"wp:term":[{"taxonomy":"category","embeddable":true,"href":"https:\/\/progettotouring.it\/radiotouring104\/wp-json\/wp\/v2\/categories?post=86311"},{"taxonomy":"post_tag","embeddable":true,"href":"https:\/\/progettotouring.it\/radiotouring104\/wp-json\/wp\/v2\/tags?post=86311"}],"curies":[{"name":"wp","href":"https:\/\/api.w.org\/{rel}","templated":true}]}}