{"id":86388,"date":"2025-11-26T15:27:27","date_gmt":"2025-11-26T14:27:27","guid":{"rendered":"https:\/\/progettotouring.it\/radiotouring104\/?p=86388"},"modified":"2025-11-28T15:31:37","modified_gmt":"2025-11-28T14:31:37","slug":"il-coraggio-di-dire-no-scuole-e-istituzioni-unite-nella-lotta-alla-violenza-sulle-donne","status":"publish","type":"post","link":"https:\/\/progettotouring.it\/radiotouring104\/2025\/11\/26\/il-coraggio-di-dire-no-scuole-e-istituzioni-unite-nella-lotta-alla-violenza-sulle-donne\/","title":{"rendered":"\u201cIl coraggio di dire NO\u201d: scuole e istituzioni unite nella lotta alla violenza sulle donne"},"content":{"rendered":"<p style=\"font-weight: 400\">L\u2019iniziativa \u00e8 stata curata dalle <strong>neo-assessore Mary Caracciolo ed Annamaria Curatola<\/strong>, per <strong>Pubblica Istruzione<\/strong>. Presenti anche <strong>la consigliera di parit\u00e0 Paola Carbone<\/strong> e il <strong>sindaco Giuseppe Falcomat\u00e0<\/strong>, insieme agli autori della video-performance <strong>&#8220;<em>Il coraggio di dire NO<\/em><\/strong>&#8220;, realizzata al <strong>Teatro Cilea<\/strong> per sensibilizzare sul tema della violenza di genere.<\/p>\n<p style=\"font-weight: 400\">Il progetto non si limiter\u00e0 al 25 novembre, ma proseguir\u00e0 fino all\u20198 marzo, coinvolgendo gli studenti delle scuole medie. Tra le attivit\u00e0 previste ci sono visite alla Biblioteca comunale con la consultazione di testi sulla storia della donna in Calabria e la produzione di elaborati da parte degli studenti. &#8220;La non violenza passa dalla cultura: attraverso azioni e sentimenti. Le parole chiave sono rispetto e tolleranza&#8221;, ha continuato<strong> la\u00a0consigliera Paola Carbone<\/strong>.<\/p>\n<p style=\"font-weight: 400\"><strong>Il sindaco Falcomat\u00e0<\/strong> ha evidenziato l\u2019importanza della giornata: &#8220;Quella del 25 novembre \u00e8 sempre stata una giornata importante nella nostra citt\u00e0. Si \u00e8 sempre cercato di coinvolgere tutte le realt\u00e0 per renderla un momento di riflessione a 360 gradi, coinvolgendo cittadini e scuole. La citt\u00e0 di <strong>Reggio Calabria<\/strong> non si rassegna al fatto che la violenza sulle donne sia qualcosa di normale. Siamo molto d\u2019accordo sulla necessit\u00e0 di percorsi di educazione sesso-affettiva nelle scuole. Questa \u00e8 una battaglia prima di tutto culturale, e la citt\u00e0 anche quest\u2019anno sta cercando di fare la propria parte&#8221;, ha concluso il sindaco.<\/p>\n","protected":false},"excerpt":{"rendered":"<p>L\u2019iniziativa \u00e8 stata curata dalle neo-assessore Mary Caracciolo ed Annamaria Curatola, per Pubblica Istruzione. Presenti anche la consigliera di parit\u00e0 Paola Carbone e il sindaco Giuseppe Falcomat\u00e0, insieme agli autori&hellip;<\/p>\n","protected":false},"author":28,"featured_media":86407,"comment_status":"closed","ping_status":"open","sticky":false,"template":"","format":"standard","meta":{"_jetpack_memberships_contains_paid_content":false,"footnotes":"","jetpack_publicize_message":"","jetpack_publicize_feature_enabled":true,"jetpack_social_post_already_shared":false,"jetpack_social_options":{"image_generator_settings":{"template":"highway","default_image_id":0,"font":"","enabled":false},"version":2}},"categories":[921,196],"tags":[],"class_list":["post-86388","post","type-post","status-publish","format-standard","has-post-thumbnail","hentry","category-home","category-news"],"yoast_head":"<!-- This site is optimized with the Yoast SEO plugin v27.2 - https:\/\/yoast.com\/product\/yoast-seo-wordpress\/ -->\n<title>\u201cIl coraggio di dire NO\u201d: scuole e istituzioni unite nella lotta alla violenza sulle donne - Radio Touring 104<\/title>\n<meta name=\"robots\" content=\"index, follow, max-snippet:-1, max-image-preview:large, max-video-preview:-1\" \/>\n<link rel=\"canonical\" href=\"https:\/\/progettotouring.it\/radiotouring104\/2025\/11\/26\/il-coraggio-di-dire-no-scuole-e-istituzioni-unite-nella-lotta-alla-violenza-sulle-donne\/\" \/>\n<meta property=\"og:locale\" content=\"it_IT\" \/>\n<meta property=\"og:type\" content=\"article\" \/>\n<meta property=\"og:title\" content=\"\u201cIl coraggio di dire NO\u201d: scuole e istituzioni unite nella lotta alla violenza sulle donne - Radio Touring 104\" \/>\n<meta property=\"og:description\" content=\"L\u2019iniziativa \u00e8 stata curata dalle neo-assessore Mary Caracciolo ed Annamaria Curatola, per Pubblica Istruzione. Presenti anche la consigliera di parit\u00e0 Paola Carbone e il sindaco Giuseppe Falcomat\u00e0, insieme agli autori&hellip;\" \/>\n<meta property=\"og:url\" content=\"https:\/\/progettotouring.it\/radiotouring104\/2025\/11\/26\/il-coraggio-di-dire-no-scuole-e-istituzioni-unite-nella-lotta-alla-violenza-sulle-donne\/\" \/>\n<meta property=\"og:site_name\" content=\"Radio Touring 104\" \/>\n<meta property=\"article:published_time\" content=\"2025-11-26T14:27:27+00:00\" \/>\n<meta property=\"article:modified_time\" content=\"2025-11-28T14:31:37+00:00\" \/>\n<meta property=\"og:image\" content=\"https:\/\/progettotouring.it\/radiotouring104\/wp-content\/uploads\/sites\/6\/2025\/11\/25bis.jpeg\" \/>\n\t<meta property=\"og:image:width\" content=\"1280\" \/>\n\t<meta property=\"og:image:height\" content=\"853\" \/>\n\t<meta property=\"og:image:type\" content=\"image\/jpeg\" \/>\n<meta name=\"author\" content=\"Mattia Antonino Perina\" \/>\n<meta name=\"twitter:card\" content=\"summary_large_image\" \/>\n<meta name=\"twitter:label1\" content=\"Scritto da\" \/>\n\t<meta name=\"twitter:data1\" content=\"Mattia Antonino Perina\" \/>\n\t<meta name=\"twitter:label2\" content=\"Tempo di lettura stimato\" \/>\n\t<meta name=\"twitter:data2\" content=\"1 minuto\" \/>\n<script type=\"application\/ld+json\" class=\"yoast-schema-graph\">{\"@context\":\"https:\/\/schema.org\",\"@graph\":[{\"@type\":\"Article\",\"@id\":\"https:\/\/progettotouring.it\/radiotouring104\/2025\/11\/26\/il-coraggio-di-dire-no-scuole-e-istituzioni-unite-nella-lotta-alla-violenza-sulle-donne\/#article\",\"isPartOf\":{\"@id\":\"https:\/\/progettotouring.it\/radiotouring104\/2025\/11\/26\/il-coraggio-di-dire-no-scuole-e-istituzioni-unite-nella-lotta-alla-violenza-sulle-donne\/\"},\"author\":{\"name\":\"Mattia Antonino Perina\",\"@id\":\"https:\/\/progettotouring.it\/radiotouring104\/#\/schema\/person\/b0ab0133fecf75350f77192b39dc8425\"},\"headline\":\"\u201cIl coraggio di dire NO\u201d: scuole e istituzioni unite nella lotta alla violenza sulle donne\",\"datePublished\":\"2025-11-26T14:27:27+00:00\",\"dateModified\":\"2025-11-28T14:31:37+00:00\",\"mainEntityOfPage\":{\"@id\":\"https:\/\/progettotouring.it\/radiotouring104\/2025\/11\/26\/il-coraggio-di-dire-no-scuole-e-istituzioni-unite-nella-lotta-alla-violenza-sulle-donne\/\"},\"wordCount\":231,\"publisher\":{\"@id\":\"https:\/\/progettotouring.it\/radiotouring104\/#organization\"},\"image\":{\"@id\":\"https:\/\/progettotouring.it\/radiotouring104\/2025\/11\/26\/il-coraggio-di-dire-no-scuole-e-istituzioni-unite-nella-lotta-alla-violenza-sulle-donne\/#primaryimage\"},\"thumbnailUrl\":\"https:\/\/progettotouring.it\/radiotouring104\/wp-content\/uploads\/sites\/6\/2025\/11\/25bis.jpeg\",\"articleSection\":[\"Home\",\"News\"],\"inLanguage\":\"it-IT\"},{\"@type\":\"WebPage\",\"@id\":\"https:\/\/progettotouring.it\/radiotouring104\/2025\/11\/26\/il-coraggio-di-dire-no-scuole-e-istituzioni-unite-nella-lotta-alla-violenza-sulle-donne\/\",\"url\":\"https:\/\/progettotouring.it\/radiotouring104\/2025\/11\/26\/il-coraggio-di-dire-no-scuole-e-istituzioni-unite-nella-lotta-alla-violenza-sulle-donne\/\",\"name\":\"\u201cIl coraggio di dire NO\u201d: scuole e istituzioni unite nella lotta alla violenza sulle donne - Radio Touring 104\",\"isPartOf\":{\"@id\":\"https:\/\/progettotouring.it\/radiotouring104\/#website\"},\"primaryImageOfPage\":{\"@id\":\"https:\/\/progettotouring.it\/radiotouring104\/2025\/11\/26\/il-coraggio-di-dire-no-scuole-e-istituzioni-unite-nella-lotta-alla-violenza-sulle-donne\/#primaryimage\"},\"image\":{\"@id\":\"https:\/\/progettotouring.it\/radiotouring104\/2025\/11\/26\/il-coraggio-di-dire-no-scuole-e-istituzioni-unite-nella-lotta-alla-violenza-sulle-donne\/#primaryimage\"},\"thumbnailUrl\":\"https:\/\/progettotouring.it\/radiotouring104\/wp-content\/uploads\/sites\/6\/2025\/11\/25bis.jpeg\",\"datePublished\":\"2025-11-26T14:27:27+00:00\",\"dateModified\":\"2025-11-28T14:31:37+00:00\",\"breadcrumb\":{\"@id\":\"https:\/\/progettotouring.it\/radiotouring104\/2025\/11\/26\/il-coraggio-di-dire-no-scuole-e-istituzioni-unite-nella-lotta-alla-violenza-sulle-donne\/#breadcrumb\"},\"inLanguage\":\"it-IT\",\"potentialAction\":[{\"@type\":\"ReadAction\",\"target\":[\"https:\/\/progettotouring.it\/radiotouring104\/2025\/11\/26\/il-coraggio-di-dire-no-scuole-e-istituzioni-unite-nella-lotta-alla-violenza-sulle-donne\/\"]}]},{\"@type\":\"ImageObject\",\"inLanguage\":\"it-IT\",\"@id\":\"https:\/\/progettotouring.it\/radiotouring104\/2025\/11\/26\/il-coraggio-di-dire-no-scuole-e-istituzioni-unite-nella-lotta-alla-violenza-sulle-donne\/#primaryimage\",\"url\":\"https:\/\/progettotouring.it\/radiotouring104\/wp-content\/uploads\/sites\/6\/2025\/11\/25bis.jpeg\",\"contentUrl\":\"https:\/\/progettotouring.it\/radiotouring104\/wp-content\/uploads\/sites\/6\/2025\/11\/25bis.jpeg\",\"width\":1280,\"height\":853},{\"@type\":\"BreadcrumbList\",\"@id\":\"https:\/\/progettotouring.it\/radiotouring104\/2025\/11\/26\/il-coraggio-di-dire-no-scuole-e-istituzioni-unite-nella-lotta-alla-violenza-sulle-donne\/#breadcrumb\",\"itemListElement\":[{\"@type\":\"ListItem\",\"position\":1,\"name\":\"Home\",\"item\":\"https:\/\/progettotouring.it\/radiotouring104\/\"},{\"@type\":\"ListItem\",\"position\":2,\"name\":\"\u201cIl coraggio di dire NO\u201d: scuole e istituzioni unite nella lotta alla violenza sulle donne\"}]},{\"@type\":\"WebSite\",\"@id\":\"https:\/\/progettotouring.it\/radiotouring104\/#website\",\"url\":\"https:\/\/progettotouring.it\/radiotouring104\/\",\"name\":\"Radio Touring 104\",\"description\":\"La prima radio Reggina\",\"publisher\":{\"@id\":\"https:\/\/progettotouring.it\/radiotouring104\/#organization\"},\"potentialAction\":[{\"@type\":\"SearchAction\",\"target\":{\"@type\":\"EntryPoint\",\"urlTemplate\":\"https:\/\/progettotouring.it\/radiotouring104\/?s={search_term_string}\"},\"query-input\":{\"@type\":\"PropertyValueSpecification\",\"valueRequired\":true,\"valueName\":\"search_term_string\"}}],\"inLanguage\":\"it-IT\"},{\"@type\":\"Organization\",\"@id\":\"https:\/\/progettotouring.it\/radiotouring104\/#organization\",\"name\":\"Radio Touring 104\",\"url\":\"https:\/\/progettotouring.it\/radiotouring104\/\",\"logo\":{\"@type\":\"ImageObject\",\"inLanguage\":\"it-IT\",\"@id\":\"https:\/\/progettotouring.it\/radiotouring104\/#\/schema\/logo\/image\/\",\"url\":\"https:\/\/progettotouring.it\/radiotouring104\/wp-content\/uploads\/sites\/6\/2022\/02\/cropped-logo-radio-touring-104.png\",\"contentUrl\":\"https:\/\/progettotouring.it\/radiotouring104\/wp-content\/uploads\/sites\/6\/2022\/02\/cropped-logo-radio-touring-104.png\",\"width\":377,\"height\":182,\"caption\":\"Radio Touring 104\"},\"image\":{\"@id\":\"https:\/\/progettotouring.it\/radiotouring104\/#\/schema\/logo\/image\/\"}},{\"@type\":\"Person\",\"@id\":\"https:\/\/progettotouring.it\/radiotouring104\/#\/schema\/person\/b0ab0133fecf75350f77192b39dc8425\",\"name\":\"Mattia Antonino Perina\",\"image\":{\"@type\":\"ImageObject\",\"inLanguage\":\"it-IT\",\"@id\":\"https:\/\/secure.gravatar.com\/avatar\/fdde6c937c343f9b38ef5e40424e5b6af2d03190655ab7e91e426f5241081ef5?s=96&d=mm&r=g\",\"url\":\"https:\/\/secure.gravatar.com\/avatar\/fdde6c937c343f9b38ef5e40424e5b6af2d03190655ab7e91e426f5241081ef5?s=96&d=mm&r=g\",\"contentUrl\":\"https:\/\/secure.gravatar.com\/avatar\/fdde6c937c343f9b38ef5e40424e5b6af2d03190655ab7e91e426f5241081ef5?s=96&d=mm&r=g\",\"caption\":\"Mattia Antonino Perina\"},\"url\":\"https:\/\/progettotouring.it\/radiotouring104\/author\/mattia\/\"}]}<\/script>\n<!-- \/ Yoast SEO plugin. -->","yoast_head_json":{"title":"\u201cIl coraggio di dire NO\u201d: scuole e istituzioni unite nella lotta alla violenza sulle donne - Radio Touring 104","robots":{"index":"index","follow":"follow","max-snippet":"max-snippet:-1","max-image-preview":"max-image-preview:large","max-video-preview":"max-video-preview:-1"},"canonical":"https:\/\/progettotouring.it\/radiotouring104\/2025\/11\/26\/il-coraggio-di-dire-no-scuole-e-istituzioni-unite-nella-lotta-alla-violenza-sulle-donne\/","og_locale":"it_IT","og_type":"article","og_title":"\u201cIl coraggio di dire NO\u201d: scuole e istituzioni unite nella lotta alla violenza sulle donne - Radio Touring 104","og_description":"L\u2019iniziativa \u00e8 stata curata dalle neo-assessore Mary Caracciolo ed Annamaria Curatola, per Pubblica Istruzione. Presenti anche la consigliera di parit\u00e0 Paola Carbone e il sindaco Giuseppe Falcomat\u00e0, insieme agli autori&hellip;","og_url":"https:\/\/progettotouring.it\/radiotouring104\/2025\/11\/26\/il-coraggio-di-dire-no-scuole-e-istituzioni-unite-nella-lotta-alla-violenza-sulle-donne\/","og_site_name":"Radio Touring 104","article_published_time":"2025-11-26T14:27:27+00:00","article_modified_time":"2025-11-28T14:31:37+00:00","og_image":[{"width":1280,"height":853,"url":"https:\/\/progettotouring.it\/radiotouring104\/wp-content\/uploads\/sites\/6\/2025\/11\/25bis.jpeg","type":"image\/jpeg"}],"author":"Mattia Antonino Perina","twitter_card":"summary_large_image","twitter_misc":{"Scritto da":"Mattia Antonino Perina","Tempo di lettura stimato":"1 minuto"},"schema":{"@context":"https:\/\/schema.org","@graph":[{"@type":"Article","@id":"https:\/\/progettotouring.it\/radiotouring104\/2025\/11\/26\/il-coraggio-di-dire-no-scuole-e-istituzioni-unite-nella-lotta-alla-violenza-sulle-donne\/#article","isPartOf":{"@id":"https:\/\/progettotouring.it\/radiotouring104\/2025\/11\/26\/il-coraggio-di-dire-no-scuole-e-istituzioni-unite-nella-lotta-alla-violenza-sulle-donne\/"},"author":{"name":"Mattia Antonino Perina","@id":"https:\/\/progettotouring.it\/radiotouring104\/#\/schema\/person\/b0ab0133fecf75350f77192b39dc8425"},"headline":"\u201cIl coraggio di dire NO\u201d: scuole e istituzioni unite nella lotta alla violenza sulle donne","datePublished":"2025-11-26T14:27:27+00:00","dateModified":"2025-11-28T14:31:37+00:00","mainEntityOfPage":{"@id":"https:\/\/progettotouring.it\/radiotouring104\/2025\/11\/26\/il-coraggio-di-dire-no-scuole-e-istituzioni-unite-nella-lotta-alla-violenza-sulle-donne\/"},"wordCount":231,"publisher":{"@id":"https:\/\/progettotouring.it\/radiotouring104\/#organization"},"image":{"@id":"https:\/\/progettotouring.it\/radiotouring104\/2025\/11\/26\/il-coraggio-di-dire-no-scuole-e-istituzioni-unite-nella-lotta-alla-violenza-sulle-donne\/#primaryimage"},"thumbnailUrl":"https:\/\/progettotouring.it\/radiotouring104\/wp-content\/uploads\/sites\/6\/2025\/11\/25bis.jpeg","articleSection":["Home","News"],"inLanguage":"it-IT"},{"@type":"WebPage","@id":"https:\/\/progettotouring.it\/radiotouring104\/2025\/11\/26\/il-coraggio-di-dire-no-scuole-e-istituzioni-unite-nella-lotta-alla-violenza-sulle-donne\/","url":"https:\/\/progettotouring.it\/radiotouring104\/2025\/11\/26\/il-coraggio-di-dire-no-scuole-e-istituzioni-unite-nella-lotta-alla-violenza-sulle-donne\/","name":"\u201cIl coraggio di dire NO\u201d: scuole e istituzioni unite nella lotta alla violenza sulle donne - Radio Touring 104","isPartOf":{"@id":"https:\/\/progettotouring.it\/radiotouring104\/#website"},"primaryImageOfPage":{"@id":"https:\/\/progettotouring.it\/radiotouring104\/2025\/11\/26\/il-coraggio-di-dire-no-scuole-e-istituzioni-unite-nella-lotta-alla-violenza-sulle-donne\/#primaryimage"},"image":{"@id":"https:\/\/progettotouring.it\/radiotouring104\/2025\/11\/26\/il-coraggio-di-dire-no-scuole-e-istituzioni-unite-nella-lotta-alla-violenza-sulle-donne\/#primaryimage"},"thumbnailUrl":"https:\/\/progettotouring.it\/radiotouring104\/wp-content\/uploads\/sites\/6\/2025\/11\/25bis.jpeg","datePublished":"2025-11-26T14:27:27+00:00","dateModified":"2025-11-28T14:31:37+00:00","breadcrumb":{"@id":"https:\/\/progettotouring.it\/radiotouring104\/2025\/11\/26\/il-coraggio-di-dire-no-scuole-e-istituzioni-unite-nella-lotta-alla-violenza-sulle-donne\/#breadcrumb"},"inLanguage":"it-IT","potentialAction":[{"@type":"ReadAction","target":["https:\/\/progettotouring.it\/radiotouring104\/2025\/11\/26\/il-coraggio-di-dire-no-scuole-e-istituzioni-unite-nella-lotta-alla-violenza-sulle-donne\/"]}]},{"@type":"ImageObject","inLanguage":"it-IT","@id":"https:\/\/progettotouring.it\/radiotouring104\/2025\/11\/26\/il-coraggio-di-dire-no-scuole-e-istituzioni-unite-nella-lotta-alla-violenza-sulle-donne\/#primaryimage","url":"https:\/\/progettotouring.it\/radiotouring104\/wp-content\/uploads\/sites\/6\/2025\/11\/25bis.jpeg","contentUrl":"https:\/\/progettotouring.it\/radiotouring104\/wp-content\/uploads\/sites\/6\/2025\/11\/25bis.jpeg","width":1280,"height":853},{"@type":"BreadcrumbList","@id":"https:\/\/progettotouring.it\/radiotouring104\/2025\/11\/26\/il-coraggio-di-dire-no-scuole-e-istituzioni-unite-nella-lotta-alla-violenza-sulle-donne\/#breadcrumb","itemListElement":[{"@type":"ListItem","position":1,"name":"Home","item":"https:\/\/progettotouring.it\/radiotouring104\/"},{"@type":"ListItem","position":2,"name":"\u201cIl coraggio di dire NO\u201d: scuole e istituzioni unite nella lotta alla violenza sulle donne"}]},{"@type":"WebSite","@id":"https:\/\/progettotouring.it\/radiotouring104\/#website","url":"https:\/\/progettotouring.it\/radiotouring104\/","name":"Radio Touring 104","description":"La prima radio Reggina","publisher":{"@id":"https:\/\/progettotouring.it\/radiotouring104\/#organization"},"potentialAction":[{"@type":"SearchAction","target":{"@type":"EntryPoint","urlTemplate":"https:\/\/progettotouring.it\/radiotouring104\/?s={search_term_string}"},"query-input":{"@type":"PropertyValueSpecification","valueRequired":true,"valueName":"search_term_string"}}],"inLanguage":"it-IT"},{"@type":"Organization","@id":"https:\/\/progettotouring.it\/radiotouring104\/#organization","name":"Radio Touring 104","url":"https:\/\/progettotouring.it\/radiotouring104\/","logo":{"@type":"ImageObject","inLanguage":"it-IT","@id":"https:\/\/progettotouring.it\/radiotouring104\/#\/schema\/logo\/image\/","url":"https:\/\/progettotouring.it\/radiotouring104\/wp-content\/uploads\/sites\/6\/2022\/02\/cropped-logo-radio-touring-104.png","contentUrl":"https:\/\/progettotouring.it\/radiotouring104\/wp-content\/uploads\/sites\/6\/2022\/02\/cropped-logo-radio-touring-104.png","width":377,"height":182,"caption":"Radio Touring 104"},"image":{"@id":"https:\/\/progettotouring.it\/radiotouring104\/#\/schema\/logo\/image\/"}},{"@type":"Person","@id":"https:\/\/progettotouring.it\/radiotouring104\/#\/schema\/person\/b0ab0133fecf75350f77192b39dc8425","name":"Mattia Antonino Perina","image":{"@type":"ImageObject","inLanguage":"it-IT","@id":"https:\/\/secure.gravatar.com\/avatar\/fdde6c937c343f9b38ef5e40424e5b6af2d03190655ab7e91e426f5241081ef5?s=96&d=mm&r=g","url":"https:\/\/secure.gravatar.com\/avatar\/fdde6c937c343f9b38ef5e40424e5b6af2d03190655ab7e91e426f5241081ef5?s=96&d=mm&r=g","contentUrl":"https:\/\/secure.gravatar.com\/avatar\/fdde6c937c343f9b38ef5e40424e5b6af2d03190655ab7e91e426f5241081ef5?s=96&d=mm&r=g","caption":"Mattia Antonino Perina"},"url":"https:\/\/progettotouring.it\/radiotouring104\/author\/mattia\/"}]}},"jetpack_publicize_connections":[],"jetpack_featured_media_url":"https:\/\/progettotouring.it\/radiotouring104\/wp-content\/uploads\/sites\/6\/2025\/11\/25bis.jpeg","jetpack_sharing_enabled":true,"_links":{"self":[{"href":"https:\/\/progettotouring.it\/radiotouring104\/wp-json\/wp\/v2\/posts\/86388","targetHints":{"allow":["GET"]}}],"collection":[{"href":"https:\/\/progettotouring.it\/radiotouring104\/wp-json\/wp\/v2\/posts"}],"about":[{"href":"https:\/\/progettotouring.it\/radiotouring104\/wp-json\/wp\/v2\/types\/post"}],"author":[{"embeddable":true,"href":"https:\/\/progettotouring.it\/radiotouring104\/wp-json\/wp\/v2\/users\/28"}],"replies":[{"embeddable":true,"href":"https:\/\/progettotouring.it\/radiotouring104\/wp-json\/wp\/v2\/comments?post=86388"}],"version-history":[{"count":2,"href":"https:\/\/progettotouring.it\/radiotouring104\/wp-json\/wp\/v2\/posts\/86388\/revisions"}],"predecessor-version":[{"id":86409,"href":"https:\/\/progettotouring.it\/radiotouring104\/wp-json\/wp\/v2\/posts\/86388\/revisions\/86409"}],"wp:featuredmedia":[{"embeddable":true,"href":"https:\/\/progettotouring.it\/radiotouring104\/wp-json\/wp\/v2\/media\/86407"}],"wp:attachment":[{"href":"https:\/\/progettotouring.it\/radiotouring104\/wp-json\/wp\/v2\/media?parent=86388"}],"wp:term":[{"taxonomy":"category","embeddable":true,"href":"https:\/\/progettotouring.it\/radiotouring104\/wp-json\/wp\/v2\/categories?post=86388"},{"taxonomy":"post_tag","embeddable":true,"href":"https:\/\/progettotouring.it\/radiotouring104\/wp-json\/wp\/v2\/tags?post=86388"}],"curies":[{"name":"wp","href":"https:\/\/api.w.org\/{rel}","templated":true}]}}