{"id":86400,"date":"2025-11-26T15:27:10","date_gmt":"2025-11-26T14:27:10","guid":{"rendered":"https:\/\/progettotouring.it\/radiotouring104\/?p=86400"},"modified":"2025-11-28T15:27:14","modified_gmt":"2025-11-28T14:27:14","slug":"nomina-di-greco-a-delegato-per-i-calabresi-allestero-crocco-approva-con-entusiasmo","status":"publish","type":"post","link":"https:\/\/progettotouring.it\/radiotouring104\/2025\/11\/26\/nomina-di-greco-a-delegato-per-i-calabresi-allestero-crocco-approva-con-entusiasmo\/","title":{"rendered":"Nomina di Greco a delegato per i calabresi all\u2019estero: Crocco approva con entusiasmo"},"content":{"rendered":"<p><span style=\"color: #000000;font-family: tahoma, sans-serif\"><strong>&#8220;<em>Roberto Occhiuto<\/em><\/strong><em> ha dato prova di lungimiranza: la <strong>Calabria<\/strong> ritrova un riferimento istituzionale autorevole per una comunit\u00e0 che rappresenta un capitale di competenze e opportunit\u00e0<\/em>&#8220;. A dichiararlo \u00e8<strong> Alessandro Crocco<\/strong>, <strong>Presidente della Confederazione degli Italiani nel Mondo<\/strong> (<strong>MEIH<\/strong>).<\/span><\/p>\n<p><span style=\"color: #000000;font-family: tahoma, sans-serif\"><strong>Orlandino Greco<\/strong> nominato delegato per i rapporti con i calabresi nel mondo promuover\u00e0 la valorizzazione culturale, sociale ed economica. <\/span><span style=\"color: #000000;font-family: tahoma, sans-serif\">&#8220;<\/span><em style=\"color: #000000;font-family: tahoma, sans-serif\">La diaspora non \u00e8 semplice memoria identitaria, ma capitale relazionale. \u00c8 una rete capace di attrarre investimenti e generare ricadute concrete nei territori<\/em><span style=\"color: #000000;font-family: tahoma, sans-serif\">&#8220;, osserva <\/span><strong style=\"color: #000000;font-family: tahoma, sans-serif\">Crocco<\/strong><span style=\"color: #000000;font-family: tahoma, sans-serif\">.<\/span><\/p>\n<p><span style=\"color: #000000;font-family: tahoma, sans-serif\"><em>&#8220;Il compito \u00e8 alto: rimettere a sistema l\u2019energia dei calabresi nel mondo e rendicontarne i risultati con trasparenza e continuit\u00e0. Sono certo che sapr\u00e0 imprimere nuovo slancio a un rapporto che pu\u00f2 e deve diventare uno dei motori dello sviluppo regionale&#8221; <\/em>conclude <strong>Crocco<\/strong>.<\/span><\/p>\n","protected":false},"excerpt":{"rendered":"<p>&#8220;Roberto Occhiuto ha dato prova di lungimiranza: la Calabria ritrova un riferimento istituzionale autorevole per una comunit\u00e0 che rappresenta un capitale di competenze e opportunit\u00e0&#8220;. A dichiararlo \u00e8 Alessandro Crocco,&hellip;<\/p>\n","protected":false},"author":28,"featured_media":86408,"comment_status":"closed","ping_status":"open","sticky":false,"template":"","format":"standard","meta":{"_jetpack_memberships_contains_paid_content":false,"footnotes":"","jetpack_publicize_message":"","jetpack_publicize_feature_enabled":true,"jetpack_social_post_already_shared":false,"jetpack_social_options":{"image_generator_settings":{"template":"highway","default_image_id":0,"font":"","enabled":false},"version":2}},"categories":[142,921,196],"tags":[],"class_list":["post-86400","post","type-post","status-publish","format-standard","has-post-thumbnail","hentry","category-calabria","category-home","category-news"],"yoast_head":"<!-- This site is optimized with the Yoast SEO plugin v27.2 - https:\/\/yoast.com\/product\/yoast-seo-wordpress\/ -->\n<title>Nomina di Greco a delegato per i calabresi all\u2019estero: Crocco approva con entusiasmo - Radio Touring 104<\/title>\n<meta name=\"robots\" content=\"index, follow, max-snippet:-1, max-image-preview:large, max-video-preview:-1\" \/>\n<link rel=\"canonical\" href=\"https:\/\/progettotouring.it\/radiotouring104\/2025\/11\/26\/nomina-di-greco-a-delegato-per-i-calabresi-allestero-crocco-approva-con-entusiasmo\/\" \/>\n<meta property=\"og:locale\" content=\"it_IT\" \/>\n<meta property=\"og:type\" content=\"article\" \/>\n<meta property=\"og:title\" content=\"Nomina di Greco a delegato per i calabresi all\u2019estero: Crocco approva con entusiasmo - Radio Touring 104\" \/>\n<meta property=\"og:description\" content=\"&#8220;Roberto Occhiuto ha dato prova di lungimiranza: la Calabria ritrova un riferimento istituzionale autorevole per una comunit\u00e0 che rappresenta un capitale di competenze e opportunit\u00e0&#8220;. A dichiararlo \u00e8 Alessandro Crocco,&hellip;\" \/>\n<meta property=\"og:url\" content=\"https:\/\/progettotouring.it\/radiotouring104\/2025\/11\/26\/nomina-di-greco-a-delegato-per-i-calabresi-allestero-crocco-approva-con-entusiasmo\/\" \/>\n<meta property=\"og:site_name\" content=\"Radio Touring 104\" \/>\n<meta property=\"article:published_time\" content=\"2025-11-26T14:27:10+00:00\" \/>\n<meta property=\"article:modified_time\" content=\"2025-11-28T14:27:14+00:00\" \/>\n<meta property=\"og:image\" content=\"https:\/\/progettotouring.it\/radiotouring104\/wp-content\/uploads\/sites\/6\/2025\/11\/F.TO-da-SX-GRECO-CROCCO2.jpg\" \/>\n\t<meta property=\"og:image:width\" content=\"938\" \/>\n\t<meta property=\"og:image:height\" content=\"643\" \/>\n\t<meta property=\"og:image:type\" content=\"image\/jpeg\" \/>\n<meta name=\"author\" content=\"Mattia Antonino Perina\" \/>\n<meta name=\"twitter:card\" content=\"summary_large_image\" \/>\n<meta name=\"twitter:label1\" content=\"Scritto da\" \/>\n\t<meta name=\"twitter:data1\" content=\"Mattia Antonino Perina\" \/>\n\t<meta name=\"twitter:label2\" content=\"Tempo di lettura stimato\" \/>\n\t<meta name=\"twitter:data2\" content=\"1 minuto\" \/>\n<script type=\"application\/ld+json\" class=\"yoast-schema-graph\">{\"@context\":\"https:\/\/schema.org\",\"@graph\":[{\"@type\":\"Article\",\"@id\":\"https:\/\/progettotouring.it\/radiotouring104\/2025\/11\/26\/nomina-di-greco-a-delegato-per-i-calabresi-allestero-crocco-approva-con-entusiasmo\/#article\",\"isPartOf\":{\"@id\":\"https:\/\/progettotouring.it\/radiotouring104\/2025\/11\/26\/nomina-di-greco-a-delegato-per-i-calabresi-allestero-crocco-approva-con-entusiasmo\/\"},\"author\":{\"name\":\"Mattia Antonino Perina\",\"@id\":\"https:\/\/progettotouring.it\/radiotouring104\/#\/schema\/person\/b0ab0133fecf75350f77192b39dc8425\"},\"headline\":\"Nomina di Greco a delegato per i calabresi all\u2019estero: Crocco approva con entusiasmo\",\"datePublished\":\"2025-11-26T14:27:10+00:00\",\"dateModified\":\"2025-11-28T14:27:14+00:00\",\"mainEntityOfPage\":{\"@id\":\"https:\/\/progettotouring.it\/radiotouring104\/2025\/11\/26\/nomina-di-greco-a-delegato-per-i-calabresi-allestero-crocco-approva-con-entusiasmo\/\"},\"wordCount\":136,\"publisher\":{\"@id\":\"https:\/\/progettotouring.it\/radiotouring104\/#organization\"},\"image\":{\"@id\":\"https:\/\/progettotouring.it\/radiotouring104\/2025\/11\/26\/nomina-di-greco-a-delegato-per-i-calabresi-allestero-crocco-approva-con-entusiasmo\/#primaryimage\"},\"thumbnailUrl\":\"https:\/\/progettotouring.it\/radiotouring104\/wp-content\/uploads\/sites\/6\/2025\/11\/F.TO-da-SX-GRECO-CROCCO2.jpg\",\"articleSection\":[\"Calabria\",\"Home\",\"News\"],\"inLanguage\":\"it-IT\"},{\"@type\":\"WebPage\",\"@id\":\"https:\/\/progettotouring.it\/radiotouring104\/2025\/11\/26\/nomina-di-greco-a-delegato-per-i-calabresi-allestero-crocco-approva-con-entusiasmo\/\",\"url\":\"https:\/\/progettotouring.it\/radiotouring104\/2025\/11\/26\/nomina-di-greco-a-delegato-per-i-calabresi-allestero-crocco-approva-con-entusiasmo\/\",\"name\":\"Nomina di Greco a delegato per i calabresi all\u2019estero: Crocco approva con entusiasmo - Radio Touring 104\",\"isPartOf\":{\"@id\":\"https:\/\/progettotouring.it\/radiotouring104\/#website\"},\"primaryImageOfPage\":{\"@id\":\"https:\/\/progettotouring.it\/radiotouring104\/2025\/11\/26\/nomina-di-greco-a-delegato-per-i-calabresi-allestero-crocco-approva-con-entusiasmo\/#primaryimage\"},\"image\":{\"@id\":\"https:\/\/progettotouring.it\/radiotouring104\/2025\/11\/26\/nomina-di-greco-a-delegato-per-i-calabresi-allestero-crocco-approva-con-entusiasmo\/#primaryimage\"},\"thumbnailUrl\":\"https:\/\/progettotouring.it\/radiotouring104\/wp-content\/uploads\/sites\/6\/2025\/11\/F.TO-da-SX-GRECO-CROCCO2.jpg\",\"datePublished\":\"2025-11-26T14:27:10+00:00\",\"dateModified\":\"2025-11-28T14:27:14+00:00\",\"breadcrumb\":{\"@id\":\"https:\/\/progettotouring.it\/radiotouring104\/2025\/11\/26\/nomina-di-greco-a-delegato-per-i-calabresi-allestero-crocco-approva-con-entusiasmo\/#breadcrumb\"},\"inLanguage\":\"it-IT\",\"potentialAction\":[{\"@type\":\"ReadAction\",\"target\":[\"https:\/\/progettotouring.it\/radiotouring104\/2025\/11\/26\/nomina-di-greco-a-delegato-per-i-calabresi-allestero-crocco-approva-con-entusiasmo\/\"]}]},{\"@type\":\"ImageObject\",\"inLanguage\":\"it-IT\",\"@id\":\"https:\/\/progettotouring.it\/radiotouring104\/2025\/11\/26\/nomina-di-greco-a-delegato-per-i-calabresi-allestero-crocco-approva-con-entusiasmo\/#primaryimage\",\"url\":\"https:\/\/progettotouring.it\/radiotouring104\/wp-content\/uploads\/sites\/6\/2025\/11\/F.TO-da-SX-GRECO-CROCCO2.jpg\",\"contentUrl\":\"https:\/\/progettotouring.it\/radiotouring104\/wp-content\/uploads\/sites\/6\/2025\/11\/F.TO-da-SX-GRECO-CROCCO2.jpg\",\"width\":938,\"height\":643},{\"@type\":\"BreadcrumbList\",\"@id\":\"https:\/\/progettotouring.it\/radiotouring104\/2025\/11\/26\/nomina-di-greco-a-delegato-per-i-calabresi-allestero-crocco-approva-con-entusiasmo\/#breadcrumb\",\"itemListElement\":[{\"@type\":\"ListItem\",\"position\":1,\"name\":\"Home\",\"item\":\"https:\/\/progettotouring.it\/radiotouring104\/\"},{\"@type\":\"ListItem\",\"position\":2,\"name\":\"Nomina di Greco a delegato per i calabresi all\u2019estero: Crocco approva con entusiasmo\"}]},{\"@type\":\"WebSite\",\"@id\":\"https:\/\/progettotouring.it\/radiotouring104\/#website\",\"url\":\"https:\/\/progettotouring.it\/radiotouring104\/\",\"name\":\"Radio Touring 104\",\"description\":\"La prima radio Reggina\",\"publisher\":{\"@id\":\"https:\/\/progettotouring.it\/radiotouring104\/#organization\"},\"potentialAction\":[{\"@type\":\"SearchAction\",\"target\":{\"@type\":\"EntryPoint\",\"urlTemplate\":\"https:\/\/progettotouring.it\/radiotouring104\/?s={search_term_string}\"},\"query-input\":{\"@type\":\"PropertyValueSpecification\",\"valueRequired\":true,\"valueName\":\"search_term_string\"}}],\"inLanguage\":\"it-IT\"},{\"@type\":\"Organization\",\"@id\":\"https:\/\/progettotouring.it\/radiotouring104\/#organization\",\"name\":\"Radio Touring 104\",\"url\":\"https:\/\/progettotouring.it\/radiotouring104\/\",\"logo\":{\"@type\":\"ImageObject\",\"inLanguage\":\"it-IT\",\"@id\":\"https:\/\/progettotouring.it\/radiotouring104\/#\/schema\/logo\/image\/\",\"url\":\"https:\/\/progettotouring.it\/radiotouring104\/wp-content\/uploads\/sites\/6\/2022\/02\/cropped-logo-radio-touring-104.png\",\"contentUrl\":\"https:\/\/progettotouring.it\/radiotouring104\/wp-content\/uploads\/sites\/6\/2022\/02\/cropped-logo-radio-touring-104.png\",\"width\":377,\"height\":182,\"caption\":\"Radio Touring 104\"},\"image\":{\"@id\":\"https:\/\/progettotouring.it\/radiotouring104\/#\/schema\/logo\/image\/\"}},{\"@type\":\"Person\",\"@id\":\"https:\/\/progettotouring.it\/radiotouring104\/#\/schema\/person\/b0ab0133fecf75350f77192b39dc8425\",\"name\":\"Mattia Antonino Perina\",\"image\":{\"@type\":\"ImageObject\",\"inLanguage\":\"it-IT\",\"@id\":\"https:\/\/secure.gravatar.com\/avatar\/fdde6c937c343f9b38ef5e40424e5b6af2d03190655ab7e91e426f5241081ef5?s=96&d=mm&r=g\",\"url\":\"https:\/\/secure.gravatar.com\/avatar\/fdde6c937c343f9b38ef5e40424e5b6af2d03190655ab7e91e426f5241081ef5?s=96&d=mm&r=g\",\"contentUrl\":\"https:\/\/secure.gravatar.com\/avatar\/fdde6c937c343f9b38ef5e40424e5b6af2d03190655ab7e91e426f5241081ef5?s=96&d=mm&r=g\",\"caption\":\"Mattia Antonino Perina\"},\"url\":\"https:\/\/progettotouring.it\/radiotouring104\/author\/mattia\/\"}]}<\/script>\n<!-- \/ Yoast SEO plugin. -->","yoast_head_json":{"title":"Nomina di Greco a delegato per i calabresi all\u2019estero: Crocco approva con entusiasmo - Radio Touring 104","robots":{"index":"index","follow":"follow","max-snippet":"max-snippet:-1","max-image-preview":"max-image-preview:large","max-video-preview":"max-video-preview:-1"},"canonical":"https:\/\/progettotouring.it\/radiotouring104\/2025\/11\/26\/nomina-di-greco-a-delegato-per-i-calabresi-allestero-crocco-approva-con-entusiasmo\/","og_locale":"it_IT","og_type":"article","og_title":"Nomina di Greco a delegato per i calabresi all\u2019estero: Crocco approva con entusiasmo - Radio Touring 104","og_description":"&#8220;Roberto Occhiuto ha dato prova di lungimiranza: la Calabria ritrova un riferimento istituzionale autorevole per una comunit\u00e0 che rappresenta un capitale di competenze e opportunit\u00e0&#8220;. A dichiararlo \u00e8 Alessandro Crocco,&hellip;","og_url":"https:\/\/progettotouring.it\/radiotouring104\/2025\/11\/26\/nomina-di-greco-a-delegato-per-i-calabresi-allestero-crocco-approva-con-entusiasmo\/","og_site_name":"Radio Touring 104","article_published_time":"2025-11-26T14:27:10+00:00","article_modified_time":"2025-11-28T14:27:14+00:00","og_image":[{"width":938,"height":643,"url":"https:\/\/progettotouring.it\/radiotouring104\/wp-content\/uploads\/sites\/6\/2025\/11\/F.TO-da-SX-GRECO-CROCCO2.jpg","type":"image\/jpeg"}],"author":"Mattia Antonino Perina","twitter_card":"summary_large_image","twitter_misc":{"Scritto da":"Mattia Antonino Perina","Tempo di lettura stimato":"1 minuto"},"schema":{"@context":"https:\/\/schema.org","@graph":[{"@type":"Article","@id":"https:\/\/progettotouring.it\/radiotouring104\/2025\/11\/26\/nomina-di-greco-a-delegato-per-i-calabresi-allestero-crocco-approva-con-entusiasmo\/#article","isPartOf":{"@id":"https:\/\/progettotouring.it\/radiotouring104\/2025\/11\/26\/nomina-di-greco-a-delegato-per-i-calabresi-allestero-crocco-approva-con-entusiasmo\/"},"author":{"name":"Mattia Antonino Perina","@id":"https:\/\/progettotouring.it\/radiotouring104\/#\/schema\/person\/b0ab0133fecf75350f77192b39dc8425"},"headline":"Nomina di Greco a delegato per i calabresi all\u2019estero: Crocco approva con entusiasmo","datePublished":"2025-11-26T14:27:10+00:00","dateModified":"2025-11-28T14:27:14+00:00","mainEntityOfPage":{"@id":"https:\/\/progettotouring.it\/radiotouring104\/2025\/11\/26\/nomina-di-greco-a-delegato-per-i-calabresi-allestero-crocco-approva-con-entusiasmo\/"},"wordCount":136,"publisher":{"@id":"https:\/\/progettotouring.it\/radiotouring104\/#organization"},"image":{"@id":"https:\/\/progettotouring.it\/radiotouring104\/2025\/11\/26\/nomina-di-greco-a-delegato-per-i-calabresi-allestero-crocco-approva-con-entusiasmo\/#primaryimage"},"thumbnailUrl":"https:\/\/progettotouring.it\/radiotouring104\/wp-content\/uploads\/sites\/6\/2025\/11\/F.TO-da-SX-GRECO-CROCCO2.jpg","articleSection":["Calabria","Home","News"],"inLanguage":"it-IT"},{"@type":"WebPage","@id":"https:\/\/progettotouring.it\/radiotouring104\/2025\/11\/26\/nomina-di-greco-a-delegato-per-i-calabresi-allestero-crocco-approva-con-entusiasmo\/","url":"https:\/\/progettotouring.it\/radiotouring104\/2025\/11\/26\/nomina-di-greco-a-delegato-per-i-calabresi-allestero-crocco-approva-con-entusiasmo\/","name":"Nomina di Greco a delegato per i calabresi all\u2019estero: Crocco approva con entusiasmo - Radio Touring 104","isPartOf":{"@id":"https:\/\/progettotouring.it\/radiotouring104\/#website"},"primaryImageOfPage":{"@id":"https:\/\/progettotouring.it\/radiotouring104\/2025\/11\/26\/nomina-di-greco-a-delegato-per-i-calabresi-allestero-crocco-approva-con-entusiasmo\/#primaryimage"},"image":{"@id":"https:\/\/progettotouring.it\/radiotouring104\/2025\/11\/26\/nomina-di-greco-a-delegato-per-i-calabresi-allestero-crocco-approva-con-entusiasmo\/#primaryimage"},"thumbnailUrl":"https:\/\/progettotouring.it\/radiotouring104\/wp-content\/uploads\/sites\/6\/2025\/11\/F.TO-da-SX-GRECO-CROCCO2.jpg","datePublished":"2025-11-26T14:27:10+00:00","dateModified":"2025-11-28T14:27:14+00:00","breadcrumb":{"@id":"https:\/\/progettotouring.it\/radiotouring104\/2025\/11\/26\/nomina-di-greco-a-delegato-per-i-calabresi-allestero-crocco-approva-con-entusiasmo\/#breadcrumb"},"inLanguage":"it-IT","potentialAction":[{"@type":"ReadAction","target":["https:\/\/progettotouring.it\/radiotouring104\/2025\/11\/26\/nomina-di-greco-a-delegato-per-i-calabresi-allestero-crocco-approva-con-entusiasmo\/"]}]},{"@type":"ImageObject","inLanguage":"it-IT","@id":"https:\/\/progettotouring.it\/radiotouring104\/2025\/11\/26\/nomina-di-greco-a-delegato-per-i-calabresi-allestero-crocco-approva-con-entusiasmo\/#primaryimage","url":"https:\/\/progettotouring.it\/radiotouring104\/wp-content\/uploads\/sites\/6\/2025\/11\/F.TO-da-SX-GRECO-CROCCO2.jpg","contentUrl":"https:\/\/progettotouring.it\/radiotouring104\/wp-content\/uploads\/sites\/6\/2025\/11\/F.TO-da-SX-GRECO-CROCCO2.jpg","width":938,"height":643},{"@type":"BreadcrumbList","@id":"https:\/\/progettotouring.it\/radiotouring104\/2025\/11\/26\/nomina-di-greco-a-delegato-per-i-calabresi-allestero-crocco-approva-con-entusiasmo\/#breadcrumb","itemListElement":[{"@type":"ListItem","position":1,"name":"Home","item":"https:\/\/progettotouring.it\/radiotouring104\/"},{"@type":"ListItem","position":2,"name":"Nomina di Greco a delegato per i calabresi all\u2019estero: Crocco approva con entusiasmo"}]},{"@type":"WebSite","@id":"https:\/\/progettotouring.it\/radiotouring104\/#website","url":"https:\/\/progettotouring.it\/radiotouring104\/","name":"Radio Touring 104","description":"La prima radio Reggina","publisher":{"@id":"https:\/\/progettotouring.it\/radiotouring104\/#organization"},"potentialAction":[{"@type":"SearchAction","target":{"@type":"EntryPoint","urlTemplate":"https:\/\/progettotouring.it\/radiotouring104\/?s={search_term_string}"},"query-input":{"@type":"PropertyValueSpecification","valueRequired":true,"valueName":"search_term_string"}}],"inLanguage":"it-IT"},{"@type":"Organization","@id":"https:\/\/progettotouring.it\/radiotouring104\/#organization","name":"Radio Touring 104","url":"https:\/\/progettotouring.it\/radiotouring104\/","logo":{"@type":"ImageObject","inLanguage":"it-IT","@id":"https:\/\/progettotouring.it\/radiotouring104\/#\/schema\/logo\/image\/","url":"https:\/\/progettotouring.it\/radiotouring104\/wp-content\/uploads\/sites\/6\/2022\/02\/cropped-logo-radio-touring-104.png","contentUrl":"https:\/\/progettotouring.it\/radiotouring104\/wp-content\/uploads\/sites\/6\/2022\/02\/cropped-logo-radio-touring-104.png","width":377,"height":182,"caption":"Radio Touring 104"},"image":{"@id":"https:\/\/progettotouring.it\/radiotouring104\/#\/schema\/logo\/image\/"}},{"@type":"Person","@id":"https:\/\/progettotouring.it\/radiotouring104\/#\/schema\/person\/b0ab0133fecf75350f77192b39dc8425","name":"Mattia Antonino Perina","image":{"@type":"ImageObject","inLanguage":"it-IT","@id":"https:\/\/secure.gravatar.com\/avatar\/fdde6c937c343f9b38ef5e40424e5b6af2d03190655ab7e91e426f5241081ef5?s=96&d=mm&r=g","url":"https:\/\/secure.gravatar.com\/avatar\/fdde6c937c343f9b38ef5e40424e5b6af2d03190655ab7e91e426f5241081ef5?s=96&d=mm&r=g","contentUrl":"https:\/\/secure.gravatar.com\/avatar\/fdde6c937c343f9b38ef5e40424e5b6af2d03190655ab7e91e426f5241081ef5?s=96&d=mm&r=g","caption":"Mattia Antonino Perina"},"url":"https:\/\/progettotouring.it\/radiotouring104\/author\/mattia\/"}]}},"jetpack_publicize_connections":[],"jetpack_featured_media_url":"https:\/\/progettotouring.it\/radiotouring104\/wp-content\/uploads\/sites\/6\/2025\/11\/F.TO-da-SX-GRECO-CROCCO2.jpg","jetpack_sharing_enabled":true,"_links":{"self":[{"href":"https:\/\/progettotouring.it\/radiotouring104\/wp-json\/wp\/v2\/posts\/86400","targetHints":{"allow":["GET"]}}],"collection":[{"href":"https:\/\/progettotouring.it\/radiotouring104\/wp-json\/wp\/v2\/posts"}],"about":[{"href":"https:\/\/progettotouring.it\/radiotouring104\/wp-json\/wp\/v2\/types\/post"}],"author":[{"embeddable":true,"href":"https:\/\/progettotouring.it\/radiotouring104\/wp-json\/wp\/v2\/users\/28"}],"replies":[{"embeddable":true,"href":"https:\/\/progettotouring.it\/radiotouring104\/wp-json\/wp\/v2\/comments?post=86400"}],"version-history":[{"count":2,"href":"https:\/\/progettotouring.it\/radiotouring104\/wp-json\/wp\/v2\/posts\/86400\/revisions"}],"predecessor-version":[{"id":86402,"href":"https:\/\/progettotouring.it\/radiotouring104\/wp-json\/wp\/v2\/posts\/86400\/revisions\/86402"}],"wp:featuredmedia":[{"embeddable":true,"href":"https:\/\/progettotouring.it\/radiotouring104\/wp-json\/wp\/v2\/media\/86408"}],"wp:attachment":[{"href":"https:\/\/progettotouring.it\/radiotouring104\/wp-json\/wp\/v2\/media?parent=86400"}],"wp:term":[{"taxonomy":"category","embeddable":true,"href":"https:\/\/progettotouring.it\/radiotouring104\/wp-json\/wp\/v2\/categories?post=86400"},{"taxonomy":"post_tag","embeddable":true,"href":"https:\/\/progettotouring.it\/radiotouring104\/wp-json\/wp\/v2\/tags?post=86400"}],"curies":[{"name":"wp","href":"https:\/\/api.w.org\/{rel}","templated":true}]}}