{"id":86426,"date":"2025-11-27T23:13:12","date_gmt":"2025-11-27T22:13:12","guid":{"rendered":"https:\/\/progettotouring.it\/radiotouring104\/?p=86426"},"modified":"2025-11-28T15:31:52","modified_gmt":"2025-11-28T14:31:52","slug":"uguaglianza-rispetto-e-tutela-la-citta-metropolitana-apre-il-dibattito-sui-diritti-delle-donne","status":"publish","type":"post","link":"https:\/\/progettotouring.it\/radiotouring104\/2025\/11\/27\/uguaglianza-rispetto-e-tutela-la-citta-metropolitana-apre-il-dibattito-sui-diritti-delle-donne\/","title":{"rendered":"&#8220;Uguaglianza, rispetto e tutela\u201d: la Citt\u00e0 Metropolitana apre il dibattito sui diritti delle donne"},"content":{"rendered":"<div>\n<p>&#8220;<strong>Uguaglianza, rispetto e tutela<\/strong>&#8221; \u00e8 il titolo della convention promossa dalla Citt\u00e0 Metropolitana per aprire un dialogo sui diritti delle donne. Un tema in grado di decifrare la complessit\u00e0 delle sfide che le donne affrontano quotidianamente, per individuare soluzioni concrete. Tutto ci\u00f2 attraverso il contributo qualificato dei relatori di livello istituzionale, educativi e sociale.<\/p>\n<p>Saranno presenti il <strong>Sindaco Falcomat\u00e0 e la Presidente del Tribunale Maria Grazia Aren<\/strong>a. Gli interventi vedranno la partecipazione di: <strong>Sofia Ciappina<\/strong> (docente di <strong class=\"Yjhzub\" data-processed=\"true\">UNIRC<\/strong>);<strong> Giulia Iannace (Ginecologa); Anna Maria Cama (Dirigente Scolastica Righi-Boccioni-Fermi); Caterina Asciutto (Magistrato della Corte d\u2019Appello); Angela Corigliano (Commissario Capo &#8211; Questura); Maria Emanuela De Vito (Avvocato); Susanna Quattrone (Confapi); Francesca Mallamaci (Centro Antiviolenza \u2018Angela Morabito\u2019); Paola Carbone (Avvocato Consigliera di Parit\u00e0 Citt\u00e0 Metropolitana<\/strong>). Le conclusioni saranno a cura del Direttore generale dell\u2019Ente, <strong>Umberto Nucara<\/strong>.<\/p>\n<\/div>\n","protected":false},"excerpt":{"rendered":"<p>&#8220;Uguaglianza, rispetto e tutela&#8221; \u00e8 il titolo della convention promossa dalla Citt\u00e0 Metropolitana per aprire un dialogo sui diritti delle donne. Un tema in grado di decifrare la complessit\u00e0 delle&hellip;<\/p>\n","protected":false},"author":28,"featured_media":86444,"comment_status":"closed","ping_status":"open","sticky":false,"template":"","format":"standard","meta":{"_jetpack_memberships_contains_paid_content":false,"footnotes":"","jetpack_publicize_message":"","jetpack_publicize_feature_enabled":true,"jetpack_social_post_already_shared":false,"jetpack_social_options":{"image_generator_settings":{"template":"highway","default_image_id":0,"font":"","enabled":false},"version":2}},"categories":[921,196,140],"tags":[],"class_list":["post-86426","post","type-post","status-publish","format-standard","has-post-thumbnail","hentry","category-home","category-news","category-reggio-calabria"],"yoast_head":"<!-- This site is optimized with the Yoast SEO plugin v27.2 - https:\/\/yoast.com\/product\/yoast-seo-wordpress\/ -->\n<title>&quot;Uguaglianza, rispetto e tutela\u201d: la Citt\u00e0 Metropolitana apre il dibattito sui diritti delle donne - Radio Touring 104<\/title>\n<meta name=\"robots\" content=\"index, follow, max-snippet:-1, max-image-preview:large, max-video-preview:-1\" \/>\n<link rel=\"canonical\" href=\"https:\/\/progettotouring.it\/radiotouring104\/2025\/11\/27\/uguaglianza-rispetto-e-tutela-la-citta-metropolitana-apre-il-dibattito-sui-diritti-delle-donne\/\" \/>\n<meta property=\"og:locale\" content=\"it_IT\" \/>\n<meta property=\"og:type\" content=\"article\" \/>\n<meta property=\"og:title\" content=\"&quot;Uguaglianza, rispetto e tutela\u201d: la Citt\u00e0 Metropolitana apre il dibattito sui diritti delle donne - Radio Touring 104\" \/>\n<meta property=\"og:description\" content=\"&#8220;Uguaglianza, rispetto e tutela&#8221; \u00e8 il titolo della convention promossa dalla Citt\u00e0 Metropolitana per aprire un dialogo sui diritti delle donne. Un tema in grado di decifrare la complessit\u00e0 delle&hellip;\" \/>\n<meta property=\"og:url\" content=\"https:\/\/progettotouring.it\/radiotouring104\/2025\/11\/27\/uguaglianza-rispetto-e-tutela-la-citta-metropolitana-apre-il-dibattito-sui-diritti-delle-donne\/\" \/>\n<meta property=\"og:site_name\" content=\"Radio Touring 104\" \/>\n<meta property=\"article:published_time\" content=\"2025-11-27T22:13:12+00:00\" \/>\n<meta property=\"article:modified_time\" content=\"2025-11-28T14:31:52+00:00\" \/>\n<meta property=\"og:image\" content=\"https:\/\/progettotouring.it\/radiotouring104\/wp-content\/uploads\/sites\/6\/2025\/11\/uguaglianza-rispetto-e-tutela2.jpeg\" \/>\n\t<meta property=\"og:image:width\" content=\"1404\" \/>\n\t<meta property=\"og:image:height\" content=\"1406\" \/>\n\t<meta property=\"og:image:type\" content=\"image\/jpeg\" \/>\n<meta name=\"author\" content=\"Mattia Antonino Perina\" \/>\n<meta name=\"twitter:card\" content=\"summary_large_image\" \/>\n<meta name=\"twitter:label1\" content=\"Scritto da\" \/>\n\t<meta name=\"twitter:data1\" content=\"Mattia Antonino Perina\" \/>\n\t<meta name=\"twitter:label2\" content=\"Tempo di lettura stimato\" \/>\n\t<meta name=\"twitter:data2\" content=\"1 minuto\" \/>\n<script type=\"application\/ld+json\" class=\"yoast-schema-graph\">{\"@context\":\"https:\/\/schema.org\",\"@graph\":[{\"@type\":\"Article\",\"@id\":\"https:\/\/progettotouring.it\/radiotouring104\/2025\/11\/27\/uguaglianza-rispetto-e-tutela-la-citta-metropolitana-apre-il-dibattito-sui-diritti-delle-donne\/#article\",\"isPartOf\":{\"@id\":\"https:\/\/progettotouring.it\/radiotouring104\/2025\/11\/27\/uguaglianza-rispetto-e-tutela-la-citta-metropolitana-apre-il-dibattito-sui-diritti-delle-donne\/\"},\"author\":{\"name\":\"Mattia Antonino Perina\",\"@id\":\"https:\/\/progettotouring.it\/radiotouring104\/#\/schema\/person\/b0ab0133fecf75350f77192b39dc8425\"},\"headline\":\"&#8220;Uguaglianza, rispetto e tutela\u201d: la Citt\u00e0 Metropolitana apre il dibattito sui diritti delle donne\",\"datePublished\":\"2025-11-27T22:13:12+00:00\",\"dateModified\":\"2025-11-28T14:31:52+00:00\",\"mainEntityOfPage\":{\"@id\":\"https:\/\/progettotouring.it\/radiotouring104\/2025\/11\/27\/uguaglianza-rispetto-e-tutela-la-citta-metropolitana-apre-il-dibattito-sui-diritti-delle-donne\/\"},\"wordCount\":147,\"publisher\":{\"@id\":\"https:\/\/progettotouring.it\/radiotouring104\/#organization\"},\"image\":{\"@id\":\"https:\/\/progettotouring.it\/radiotouring104\/2025\/11\/27\/uguaglianza-rispetto-e-tutela-la-citta-metropolitana-apre-il-dibattito-sui-diritti-delle-donne\/#primaryimage\"},\"thumbnailUrl\":\"https:\/\/progettotouring.it\/radiotouring104\/wp-content\/uploads\/sites\/6\/2025\/11\/uguaglianza-rispetto-e-tutela2.jpeg\",\"articleSection\":[\"Home\",\"News\",\"Reggio Calabria\"],\"inLanguage\":\"it-IT\"},{\"@type\":\"WebPage\",\"@id\":\"https:\/\/progettotouring.it\/radiotouring104\/2025\/11\/27\/uguaglianza-rispetto-e-tutela-la-citta-metropolitana-apre-il-dibattito-sui-diritti-delle-donne\/\",\"url\":\"https:\/\/progettotouring.it\/radiotouring104\/2025\/11\/27\/uguaglianza-rispetto-e-tutela-la-citta-metropolitana-apre-il-dibattito-sui-diritti-delle-donne\/\",\"name\":\"\\\"Uguaglianza, rispetto e tutela\u201d: la Citt\u00e0 Metropolitana apre il dibattito sui diritti delle donne - Radio Touring 104\",\"isPartOf\":{\"@id\":\"https:\/\/progettotouring.it\/radiotouring104\/#website\"},\"primaryImageOfPage\":{\"@id\":\"https:\/\/progettotouring.it\/radiotouring104\/2025\/11\/27\/uguaglianza-rispetto-e-tutela-la-citta-metropolitana-apre-il-dibattito-sui-diritti-delle-donne\/#primaryimage\"},\"image\":{\"@id\":\"https:\/\/progettotouring.it\/radiotouring104\/2025\/11\/27\/uguaglianza-rispetto-e-tutela-la-citta-metropolitana-apre-il-dibattito-sui-diritti-delle-donne\/#primaryimage\"},\"thumbnailUrl\":\"https:\/\/progettotouring.it\/radiotouring104\/wp-content\/uploads\/sites\/6\/2025\/11\/uguaglianza-rispetto-e-tutela2.jpeg\",\"datePublished\":\"2025-11-27T22:13:12+00:00\",\"dateModified\":\"2025-11-28T14:31:52+00:00\",\"breadcrumb\":{\"@id\":\"https:\/\/progettotouring.it\/radiotouring104\/2025\/11\/27\/uguaglianza-rispetto-e-tutela-la-citta-metropolitana-apre-il-dibattito-sui-diritti-delle-donne\/#breadcrumb\"},\"inLanguage\":\"it-IT\",\"potentialAction\":[{\"@type\":\"ReadAction\",\"target\":[\"https:\/\/progettotouring.it\/radiotouring104\/2025\/11\/27\/uguaglianza-rispetto-e-tutela-la-citta-metropolitana-apre-il-dibattito-sui-diritti-delle-donne\/\"]}]},{\"@type\":\"ImageObject\",\"inLanguage\":\"it-IT\",\"@id\":\"https:\/\/progettotouring.it\/radiotouring104\/2025\/11\/27\/uguaglianza-rispetto-e-tutela-la-citta-metropolitana-apre-il-dibattito-sui-diritti-delle-donne\/#primaryimage\",\"url\":\"https:\/\/progettotouring.it\/radiotouring104\/wp-content\/uploads\/sites\/6\/2025\/11\/uguaglianza-rispetto-e-tutela2.jpeg\",\"contentUrl\":\"https:\/\/progettotouring.it\/radiotouring104\/wp-content\/uploads\/sites\/6\/2025\/11\/uguaglianza-rispetto-e-tutela2.jpeg\",\"width\":1404,\"height\":1406},{\"@type\":\"BreadcrumbList\",\"@id\":\"https:\/\/progettotouring.it\/radiotouring104\/2025\/11\/27\/uguaglianza-rispetto-e-tutela-la-citta-metropolitana-apre-il-dibattito-sui-diritti-delle-donne\/#breadcrumb\",\"itemListElement\":[{\"@type\":\"ListItem\",\"position\":1,\"name\":\"Home\",\"item\":\"https:\/\/progettotouring.it\/radiotouring104\/\"},{\"@type\":\"ListItem\",\"position\":2,\"name\":\"&#8220;Uguaglianza, rispetto e tutela\u201d: la Citt\u00e0 Metropolitana apre il dibattito sui diritti delle donne\"}]},{\"@type\":\"WebSite\",\"@id\":\"https:\/\/progettotouring.it\/radiotouring104\/#website\",\"url\":\"https:\/\/progettotouring.it\/radiotouring104\/\",\"name\":\"Radio Touring 104\",\"description\":\"La prima radio Reggina\",\"publisher\":{\"@id\":\"https:\/\/progettotouring.it\/radiotouring104\/#organization\"},\"potentialAction\":[{\"@type\":\"SearchAction\",\"target\":{\"@type\":\"EntryPoint\",\"urlTemplate\":\"https:\/\/progettotouring.it\/radiotouring104\/?s={search_term_string}\"},\"query-input\":{\"@type\":\"PropertyValueSpecification\",\"valueRequired\":true,\"valueName\":\"search_term_string\"}}],\"inLanguage\":\"it-IT\"},{\"@type\":\"Organization\",\"@id\":\"https:\/\/progettotouring.it\/radiotouring104\/#organization\",\"name\":\"Radio Touring 104\",\"url\":\"https:\/\/progettotouring.it\/radiotouring104\/\",\"logo\":{\"@type\":\"ImageObject\",\"inLanguage\":\"it-IT\",\"@id\":\"https:\/\/progettotouring.it\/radiotouring104\/#\/schema\/logo\/image\/\",\"url\":\"https:\/\/progettotouring.it\/radiotouring104\/wp-content\/uploads\/sites\/6\/2022\/02\/cropped-logo-radio-touring-104.png\",\"contentUrl\":\"https:\/\/progettotouring.it\/radiotouring104\/wp-content\/uploads\/sites\/6\/2022\/02\/cropped-logo-radio-touring-104.png\",\"width\":377,\"height\":182,\"caption\":\"Radio Touring 104\"},\"image\":{\"@id\":\"https:\/\/progettotouring.it\/radiotouring104\/#\/schema\/logo\/image\/\"}},{\"@type\":\"Person\",\"@id\":\"https:\/\/progettotouring.it\/radiotouring104\/#\/schema\/person\/b0ab0133fecf75350f77192b39dc8425\",\"name\":\"Mattia Antonino Perina\",\"image\":{\"@type\":\"ImageObject\",\"inLanguage\":\"it-IT\",\"@id\":\"https:\/\/secure.gravatar.com\/avatar\/fdde6c937c343f9b38ef5e40424e5b6af2d03190655ab7e91e426f5241081ef5?s=96&d=mm&r=g\",\"url\":\"https:\/\/secure.gravatar.com\/avatar\/fdde6c937c343f9b38ef5e40424e5b6af2d03190655ab7e91e426f5241081ef5?s=96&d=mm&r=g\",\"contentUrl\":\"https:\/\/secure.gravatar.com\/avatar\/fdde6c937c343f9b38ef5e40424e5b6af2d03190655ab7e91e426f5241081ef5?s=96&d=mm&r=g\",\"caption\":\"Mattia Antonino Perina\"},\"url\":\"https:\/\/progettotouring.it\/radiotouring104\/author\/mattia\/\"}]}<\/script>\n<!-- \/ Yoast SEO plugin. -->","yoast_head_json":{"title":"\"Uguaglianza, rispetto e tutela\u201d: la Citt\u00e0 Metropolitana apre il dibattito sui diritti delle donne - Radio Touring 104","robots":{"index":"index","follow":"follow","max-snippet":"max-snippet:-1","max-image-preview":"max-image-preview:large","max-video-preview":"max-video-preview:-1"},"canonical":"https:\/\/progettotouring.it\/radiotouring104\/2025\/11\/27\/uguaglianza-rispetto-e-tutela-la-citta-metropolitana-apre-il-dibattito-sui-diritti-delle-donne\/","og_locale":"it_IT","og_type":"article","og_title":"\"Uguaglianza, rispetto e tutela\u201d: la Citt\u00e0 Metropolitana apre il dibattito sui diritti delle donne - Radio Touring 104","og_description":"&#8220;Uguaglianza, rispetto e tutela&#8221; \u00e8 il titolo della convention promossa dalla Citt\u00e0 Metropolitana per aprire un dialogo sui diritti delle donne. Un tema in grado di decifrare la complessit\u00e0 delle&hellip;","og_url":"https:\/\/progettotouring.it\/radiotouring104\/2025\/11\/27\/uguaglianza-rispetto-e-tutela-la-citta-metropolitana-apre-il-dibattito-sui-diritti-delle-donne\/","og_site_name":"Radio Touring 104","article_published_time":"2025-11-27T22:13:12+00:00","article_modified_time":"2025-11-28T14:31:52+00:00","og_image":[{"width":1404,"height":1406,"url":"https:\/\/progettotouring.it\/radiotouring104\/wp-content\/uploads\/sites\/6\/2025\/11\/uguaglianza-rispetto-e-tutela2.jpeg","type":"image\/jpeg"}],"author":"Mattia Antonino Perina","twitter_card":"summary_large_image","twitter_misc":{"Scritto da":"Mattia Antonino Perina","Tempo di lettura stimato":"1 minuto"},"schema":{"@context":"https:\/\/schema.org","@graph":[{"@type":"Article","@id":"https:\/\/progettotouring.it\/radiotouring104\/2025\/11\/27\/uguaglianza-rispetto-e-tutela-la-citta-metropolitana-apre-il-dibattito-sui-diritti-delle-donne\/#article","isPartOf":{"@id":"https:\/\/progettotouring.it\/radiotouring104\/2025\/11\/27\/uguaglianza-rispetto-e-tutela-la-citta-metropolitana-apre-il-dibattito-sui-diritti-delle-donne\/"},"author":{"name":"Mattia Antonino Perina","@id":"https:\/\/progettotouring.it\/radiotouring104\/#\/schema\/person\/b0ab0133fecf75350f77192b39dc8425"},"headline":"&#8220;Uguaglianza, rispetto e tutela\u201d: la Citt\u00e0 Metropolitana apre il dibattito sui diritti delle donne","datePublished":"2025-11-27T22:13:12+00:00","dateModified":"2025-11-28T14:31:52+00:00","mainEntityOfPage":{"@id":"https:\/\/progettotouring.it\/radiotouring104\/2025\/11\/27\/uguaglianza-rispetto-e-tutela-la-citta-metropolitana-apre-il-dibattito-sui-diritti-delle-donne\/"},"wordCount":147,"publisher":{"@id":"https:\/\/progettotouring.it\/radiotouring104\/#organization"},"image":{"@id":"https:\/\/progettotouring.it\/radiotouring104\/2025\/11\/27\/uguaglianza-rispetto-e-tutela-la-citta-metropolitana-apre-il-dibattito-sui-diritti-delle-donne\/#primaryimage"},"thumbnailUrl":"https:\/\/progettotouring.it\/radiotouring104\/wp-content\/uploads\/sites\/6\/2025\/11\/uguaglianza-rispetto-e-tutela2.jpeg","articleSection":["Home","News","Reggio Calabria"],"inLanguage":"it-IT"},{"@type":"WebPage","@id":"https:\/\/progettotouring.it\/radiotouring104\/2025\/11\/27\/uguaglianza-rispetto-e-tutela-la-citta-metropolitana-apre-il-dibattito-sui-diritti-delle-donne\/","url":"https:\/\/progettotouring.it\/radiotouring104\/2025\/11\/27\/uguaglianza-rispetto-e-tutela-la-citta-metropolitana-apre-il-dibattito-sui-diritti-delle-donne\/","name":"\"Uguaglianza, rispetto e tutela\u201d: la Citt\u00e0 Metropolitana apre il dibattito sui diritti delle donne - Radio Touring 104","isPartOf":{"@id":"https:\/\/progettotouring.it\/radiotouring104\/#website"},"primaryImageOfPage":{"@id":"https:\/\/progettotouring.it\/radiotouring104\/2025\/11\/27\/uguaglianza-rispetto-e-tutela-la-citta-metropolitana-apre-il-dibattito-sui-diritti-delle-donne\/#primaryimage"},"image":{"@id":"https:\/\/progettotouring.it\/radiotouring104\/2025\/11\/27\/uguaglianza-rispetto-e-tutela-la-citta-metropolitana-apre-il-dibattito-sui-diritti-delle-donne\/#primaryimage"},"thumbnailUrl":"https:\/\/progettotouring.it\/radiotouring104\/wp-content\/uploads\/sites\/6\/2025\/11\/uguaglianza-rispetto-e-tutela2.jpeg","datePublished":"2025-11-27T22:13:12+00:00","dateModified":"2025-11-28T14:31:52+00:00","breadcrumb":{"@id":"https:\/\/progettotouring.it\/radiotouring104\/2025\/11\/27\/uguaglianza-rispetto-e-tutela-la-citta-metropolitana-apre-il-dibattito-sui-diritti-delle-donne\/#breadcrumb"},"inLanguage":"it-IT","potentialAction":[{"@type":"ReadAction","target":["https:\/\/progettotouring.it\/radiotouring104\/2025\/11\/27\/uguaglianza-rispetto-e-tutela-la-citta-metropolitana-apre-il-dibattito-sui-diritti-delle-donne\/"]}]},{"@type":"ImageObject","inLanguage":"it-IT","@id":"https:\/\/progettotouring.it\/radiotouring104\/2025\/11\/27\/uguaglianza-rispetto-e-tutela-la-citta-metropolitana-apre-il-dibattito-sui-diritti-delle-donne\/#primaryimage","url":"https:\/\/progettotouring.it\/radiotouring104\/wp-content\/uploads\/sites\/6\/2025\/11\/uguaglianza-rispetto-e-tutela2.jpeg","contentUrl":"https:\/\/progettotouring.it\/radiotouring104\/wp-content\/uploads\/sites\/6\/2025\/11\/uguaglianza-rispetto-e-tutela2.jpeg","width":1404,"height":1406},{"@type":"BreadcrumbList","@id":"https:\/\/progettotouring.it\/radiotouring104\/2025\/11\/27\/uguaglianza-rispetto-e-tutela-la-citta-metropolitana-apre-il-dibattito-sui-diritti-delle-donne\/#breadcrumb","itemListElement":[{"@type":"ListItem","position":1,"name":"Home","item":"https:\/\/progettotouring.it\/radiotouring104\/"},{"@type":"ListItem","position":2,"name":"&#8220;Uguaglianza, rispetto e tutela\u201d: la Citt\u00e0 Metropolitana apre il dibattito sui diritti delle donne"}]},{"@type":"WebSite","@id":"https:\/\/progettotouring.it\/radiotouring104\/#website","url":"https:\/\/progettotouring.it\/radiotouring104\/","name":"Radio Touring 104","description":"La prima radio Reggina","publisher":{"@id":"https:\/\/progettotouring.it\/radiotouring104\/#organization"},"potentialAction":[{"@type":"SearchAction","target":{"@type":"EntryPoint","urlTemplate":"https:\/\/progettotouring.it\/radiotouring104\/?s={search_term_string}"},"query-input":{"@type":"PropertyValueSpecification","valueRequired":true,"valueName":"search_term_string"}}],"inLanguage":"it-IT"},{"@type":"Organization","@id":"https:\/\/progettotouring.it\/radiotouring104\/#organization","name":"Radio Touring 104","url":"https:\/\/progettotouring.it\/radiotouring104\/","logo":{"@type":"ImageObject","inLanguage":"it-IT","@id":"https:\/\/progettotouring.it\/radiotouring104\/#\/schema\/logo\/image\/","url":"https:\/\/progettotouring.it\/radiotouring104\/wp-content\/uploads\/sites\/6\/2022\/02\/cropped-logo-radio-touring-104.png","contentUrl":"https:\/\/progettotouring.it\/radiotouring104\/wp-content\/uploads\/sites\/6\/2022\/02\/cropped-logo-radio-touring-104.png","width":377,"height":182,"caption":"Radio Touring 104"},"image":{"@id":"https:\/\/progettotouring.it\/radiotouring104\/#\/schema\/logo\/image\/"}},{"@type":"Person","@id":"https:\/\/progettotouring.it\/radiotouring104\/#\/schema\/person\/b0ab0133fecf75350f77192b39dc8425","name":"Mattia Antonino Perina","image":{"@type":"ImageObject","inLanguage":"it-IT","@id":"https:\/\/secure.gravatar.com\/avatar\/fdde6c937c343f9b38ef5e40424e5b6af2d03190655ab7e91e426f5241081ef5?s=96&d=mm&r=g","url":"https:\/\/secure.gravatar.com\/avatar\/fdde6c937c343f9b38ef5e40424e5b6af2d03190655ab7e91e426f5241081ef5?s=96&d=mm&r=g","contentUrl":"https:\/\/secure.gravatar.com\/avatar\/fdde6c937c343f9b38ef5e40424e5b6af2d03190655ab7e91e426f5241081ef5?s=96&d=mm&r=g","caption":"Mattia Antonino Perina"},"url":"https:\/\/progettotouring.it\/radiotouring104\/author\/mattia\/"}]}},"jetpack_publicize_connections":[],"jetpack_featured_media_url":"https:\/\/progettotouring.it\/radiotouring104\/wp-content\/uploads\/sites\/6\/2025\/11\/uguaglianza-rispetto-e-tutela2.jpeg","jetpack_sharing_enabled":true,"_links":{"self":[{"href":"https:\/\/progettotouring.it\/radiotouring104\/wp-json\/wp\/v2\/posts\/86426","targetHints":{"allow":["GET"]}}],"collection":[{"href":"https:\/\/progettotouring.it\/radiotouring104\/wp-json\/wp\/v2\/posts"}],"about":[{"href":"https:\/\/progettotouring.it\/radiotouring104\/wp-json\/wp\/v2\/types\/post"}],"author":[{"embeddable":true,"href":"https:\/\/progettotouring.it\/radiotouring104\/wp-json\/wp\/v2\/users\/28"}],"replies":[{"embeddable":true,"href":"https:\/\/progettotouring.it\/radiotouring104\/wp-json\/wp\/v2\/comments?post=86426"}],"version-history":[{"count":2,"href":"https:\/\/progettotouring.it\/radiotouring104\/wp-json\/wp\/v2\/posts\/86426\/revisions"}],"predecessor-version":[{"id":86428,"href":"https:\/\/progettotouring.it\/radiotouring104\/wp-json\/wp\/v2\/posts\/86426\/revisions\/86428"}],"wp:featuredmedia":[{"embeddable":true,"href":"https:\/\/progettotouring.it\/radiotouring104\/wp-json\/wp\/v2\/media\/86444"}],"wp:attachment":[{"href":"https:\/\/progettotouring.it\/radiotouring104\/wp-json\/wp\/v2\/media?parent=86426"}],"wp:term":[{"taxonomy":"category","embeddable":true,"href":"https:\/\/progettotouring.it\/radiotouring104\/wp-json\/wp\/v2\/categories?post=86426"},{"taxonomy":"post_tag","embeddable":true,"href":"https:\/\/progettotouring.it\/radiotouring104\/wp-json\/wp\/v2\/tags?post=86426"}],"curies":[{"name":"wp","href":"https:\/\/api.w.org\/{rel}","templated":true}]}}