{"id":86482,"date":"2025-11-28T19:04:24","date_gmt":"2025-11-28T18:04:24","guid":{"rendered":"https:\/\/progettotouring.it\/radiotouring104\/?p=86482"},"modified":"2025-11-28T19:04:24","modified_gmt":"2025-11-28T18:04:24","slug":"sabato-29-novembre-si-inaugura-il-nuovo-tratto-della-ssv-gallico-gambarie-eliminando-le-ultime-strettoie-e-i-semafori","status":"publish","type":"post","link":"https:\/\/progettotouring.it\/radiotouring104\/2025\/11\/28\/sabato-29-novembre-si-inaugura-il-nuovo-tratto-della-ssv-gallico-gambarie-eliminando-le-ultime-strettoie-e-i-semafori\/","title":{"rendered":"Sabato 29 Novembre si inaugura il nuovo tratto della SSV Gallico-Gambarie, eliminando le ultime strettoie e i semafori."},"content":{"rendered":"<p data-path-to-node=\"4\">\u00a0Si accorciano ulteriormente le distanze tra la citt\u00e0 e la montagna. La <b>Citt\u00e0 Metropolitana di Reggio Calabria<\/b> annuncia l&#8217;inaugurazione di un nuovo e cruciale segmento dell&#8217;arteria stradale a scorrimento veloce <b>SSV Gallico-Gambarie<\/b>, la via di accesso privilegiata al <b>Parco Nazionale dell\u2019Aspromonte<\/b> e alla rinomata localit\u00e0 turistica di <b>Gambarie d\u2019Aspromonte<\/b>.<\/p>\n<p data-path-to-node=\"5\">La cerimonia di apertura si terr\u00e0 <b>Sabato 29 Novembre 2025, alle ore 12:00<\/b>, segnando un passo fondamentale nel potenziamento del collegamento mare-monti.<\/p>\n<p data-path-to-node=\"5\">Il tratto di prossima apertura, sebbene di circa <b>600 metri lineari<\/b>, rappresenta la chiusura di un&#8217;era di disagi per gli automobilisti. Questo segmento, infatti, \u00e8 stato progettato per:<\/p>\n<ul data-path-to-node=\"8\">\n<li>\n<p data-path-to-node=\"8,0,0\"><b>Eliminare le ultime curve strette<\/b> che rallentavano il transito.<\/p>\n<\/li>\n<li>\n<p data-path-to-node=\"8,1,0\"><b>Rimuovere le interruzioni<\/b> causate dal cantiere e dai semafori ancora residui per il transito alternato.<\/p>\n<\/li>\n<\/ul>\n<p data-path-to-node=\"9\">Il risultato \u00e8 un <b>ulteriore e significativo accorciamento dei tempi di percorrenza<\/b> tra Reggio Calabria e l&#8217;area montana, a beneficio non solo dei turisti diretti a Gambarie, ma anche dei residenti nei Comuni della cintura preaspromontana.<\/p>\n<p data-path-to-node=\"11\">L&#8217;opera \u00e8 un esempio di ingegneria moderna e mira a garantire massima sicurezza e fluidit\u00e0 di marcia. Il nuovo tratto include la realizzazione di <b>due grandi viadotti<\/b> per un totale complessivo di circa <b>180 metri<\/b>, che si innalzano fino a <b>25 metri di altezza<\/b>.<\/p>\n<p data-path-to-node=\"12\">L&#8217;intervento \u00e8 stato realizzato dal <b>Settore Viabilit\u00e0 della Citt\u00e0 Metropolitana di Reggio Calabria<\/b> ed \u00e8 il frutto di un&#8217;<b>offerta migliorativa<\/b> presentata in sede di gara d\u2019appalto dall\u2019impresa aggiudicataria. La sua realizzazione si inserisce nel quadro pi\u00f9 ampio di finanziamenti europei, specificamente i <b>fondi Por Fsc 2014-2020<\/b> destinati alla Regione Calabria.<\/p>\n<p data-path-to-node=\"13\">Questo completamento segue il successo del <b>terzo lotto<\/b> della strada, inaugurato lo scorso anno, che ha gi\u00e0 contribuito in modo sostanziale a modernizzare e rendere pi\u00f9 agevole il percorso per migliaia di automobilisti e visitatori del Parco dell&#8217;Aspromonte.<\/p>\n","protected":false},"excerpt":{"rendered":"<p>\u00a0Si accorciano ulteriormente le distanze tra la citt\u00e0 e la montagna. La Citt\u00e0 Metropolitana di Reggio Calabria annuncia l&#8217;inaugurazione di un nuovo e cruciale segmento dell&#8217;arteria stradale a scorrimento veloce&hellip;<\/p>\n","protected":false},"author":22,"featured_media":86483,"comment_status":"closed","ping_status":"open","sticky":false,"template":"","format":"standard","meta":{"_jetpack_memberships_contains_paid_content":false,"footnotes":"","jetpack_publicize_message":"","jetpack_publicize_feature_enabled":true,"jetpack_social_post_already_shared":true,"jetpack_social_options":{"image_generator_settings":{"template":"highway","default_image_id":0,"font":"","enabled":false},"version":2}},"categories":[921,196],"tags":[],"class_list":["post-86482","post","type-post","status-publish","format-standard","has-post-thumbnail","hentry","category-home","category-news"],"yoast_head":"<!-- This site is optimized with the Yoast SEO plugin v27.2 - https:\/\/yoast.com\/product\/yoast-seo-wordpress\/ -->\n<title>Sabato 29 Novembre si inaugura il nuovo tratto della SSV Gallico-Gambarie, eliminando le ultime strettoie e i semafori. - Radio Touring 104<\/title>\n<meta name=\"robots\" content=\"index, follow, max-snippet:-1, max-image-preview:large, max-video-preview:-1\" \/>\n<link rel=\"canonical\" href=\"https:\/\/progettotouring.it\/radiotouring104\/2025\/11\/28\/sabato-29-novembre-si-inaugura-il-nuovo-tratto-della-ssv-gallico-gambarie-eliminando-le-ultime-strettoie-e-i-semafori\/\" \/>\n<meta property=\"og:locale\" content=\"it_IT\" \/>\n<meta property=\"og:type\" content=\"article\" \/>\n<meta property=\"og:title\" content=\"Sabato 29 Novembre si inaugura il nuovo tratto della SSV Gallico-Gambarie, eliminando le ultime strettoie e i semafori. - Radio Touring 104\" \/>\n<meta property=\"og:description\" content=\"\u00a0Si accorciano ulteriormente le distanze tra la citt\u00e0 e la montagna. La Citt\u00e0 Metropolitana di Reggio Calabria annuncia l&#8217;inaugurazione di un nuovo e cruciale segmento dell&#8217;arteria stradale a scorrimento veloce&hellip;\" \/>\n<meta property=\"og:url\" content=\"https:\/\/progettotouring.it\/radiotouring104\/2025\/11\/28\/sabato-29-novembre-si-inaugura-il-nuovo-tratto-della-ssv-gallico-gambarie-eliminando-le-ultime-strettoie-e-i-semafori\/\" \/>\n<meta property=\"og:site_name\" content=\"Radio Touring 104\" \/>\n<meta property=\"article:published_time\" content=\"2025-11-28T18:04:24+00:00\" \/>\n<meta property=\"og:image\" content=\"https:\/\/progettotouring.it\/radiotouring104\/wp-content\/uploads\/sites\/6\/2025\/11\/WhatsApp-Image-2025-11-28-at-17.23.30.jpeg\" \/>\n\t<meta property=\"og:image:width\" content=\"1600\" \/>\n\t<meta property=\"og:image:height\" content=\"1600\" \/>\n\t<meta property=\"og:image:type\" content=\"image\/jpeg\" \/>\n<meta name=\"author\" content=\"F M\" \/>\n<meta name=\"twitter:card\" content=\"summary_large_image\" \/>\n<meta name=\"twitter:label1\" content=\"Scritto da\" \/>\n\t<meta name=\"twitter:data1\" content=\"F M\" \/>\n\t<meta name=\"twitter:label2\" content=\"Tempo di lettura stimato\" \/>\n\t<meta name=\"twitter:data2\" content=\"1 minuto\" \/>\n<script type=\"application\/ld+json\" class=\"yoast-schema-graph\">{\"@context\":\"https:\/\/schema.org\",\"@graph\":[{\"@type\":\"Article\",\"@id\":\"https:\/\/progettotouring.it\/radiotouring104\/2025\/11\/28\/sabato-29-novembre-si-inaugura-il-nuovo-tratto-della-ssv-gallico-gambarie-eliminando-le-ultime-strettoie-e-i-semafori\/#article\",\"isPartOf\":{\"@id\":\"https:\/\/progettotouring.it\/radiotouring104\/2025\/11\/28\/sabato-29-novembre-si-inaugura-il-nuovo-tratto-della-ssv-gallico-gambarie-eliminando-le-ultime-strettoie-e-i-semafori\/\"},\"author\":{\"name\":\"F M\",\"@id\":\"https:\/\/progettotouring.it\/radiotouring104\/#\/schema\/person\/4aa1a366fd5456ded7bcb463cc0438cd\"},\"headline\":\"Sabato 29 Novembre si inaugura il nuovo tratto della SSV Gallico-Gambarie, eliminando le ultime strettoie e i semafori.\",\"datePublished\":\"2025-11-28T18:04:24+00:00\",\"mainEntityOfPage\":{\"@id\":\"https:\/\/progettotouring.it\/radiotouring104\/2025\/11\/28\/sabato-29-novembre-si-inaugura-il-nuovo-tratto-della-ssv-gallico-gambarie-eliminando-le-ultime-strettoie-e-i-semafori\/\"},\"wordCount\":301,\"publisher\":{\"@id\":\"https:\/\/progettotouring.it\/radiotouring104\/#organization\"},\"image\":{\"@id\":\"https:\/\/progettotouring.it\/radiotouring104\/2025\/11\/28\/sabato-29-novembre-si-inaugura-il-nuovo-tratto-della-ssv-gallico-gambarie-eliminando-le-ultime-strettoie-e-i-semafori\/#primaryimage\"},\"thumbnailUrl\":\"https:\/\/progettotouring.it\/radiotouring104\/wp-content\/uploads\/sites\/6\/2025\/11\/WhatsApp-Image-2025-11-28-at-17.23.30.jpeg\",\"articleSection\":[\"Home\",\"News\"],\"inLanguage\":\"it-IT\"},{\"@type\":\"WebPage\",\"@id\":\"https:\/\/progettotouring.it\/radiotouring104\/2025\/11\/28\/sabato-29-novembre-si-inaugura-il-nuovo-tratto-della-ssv-gallico-gambarie-eliminando-le-ultime-strettoie-e-i-semafori\/\",\"url\":\"https:\/\/progettotouring.it\/radiotouring104\/2025\/11\/28\/sabato-29-novembre-si-inaugura-il-nuovo-tratto-della-ssv-gallico-gambarie-eliminando-le-ultime-strettoie-e-i-semafori\/\",\"name\":\"Sabato 29 Novembre si inaugura il nuovo tratto della SSV Gallico-Gambarie, eliminando le ultime strettoie e i semafori. - Radio Touring 104\",\"isPartOf\":{\"@id\":\"https:\/\/progettotouring.it\/radiotouring104\/#website\"},\"primaryImageOfPage\":{\"@id\":\"https:\/\/progettotouring.it\/radiotouring104\/2025\/11\/28\/sabato-29-novembre-si-inaugura-il-nuovo-tratto-della-ssv-gallico-gambarie-eliminando-le-ultime-strettoie-e-i-semafori\/#primaryimage\"},\"image\":{\"@id\":\"https:\/\/progettotouring.it\/radiotouring104\/2025\/11\/28\/sabato-29-novembre-si-inaugura-il-nuovo-tratto-della-ssv-gallico-gambarie-eliminando-le-ultime-strettoie-e-i-semafori\/#primaryimage\"},\"thumbnailUrl\":\"https:\/\/progettotouring.it\/radiotouring104\/wp-content\/uploads\/sites\/6\/2025\/11\/WhatsApp-Image-2025-11-28-at-17.23.30.jpeg\",\"datePublished\":\"2025-11-28T18:04:24+00:00\",\"breadcrumb\":{\"@id\":\"https:\/\/progettotouring.it\/radiotouring104\/2025\/11\/28\/sabato-29-novembre-si-inaugura-il-nuovo-tratto-della-ssv-gallico-gambarie-eliminando-le-ultime-strettoie-e-i-semafori\/#breadcrumb\"},\"inLanguage\":\"it-IT\",\"potentialAction\":[{\"@type\":\"ReadAction\",\"target\":[\"https:\/\/progettotouring.it\/radiotouring104\/2025\/11\/28\/sabato-29-novembre-si-inaugura-il-nuovo-tratto-della-ssv-gallico-gambarie-eliminando-le-ultime-strettoie-e-i-semafori\/\"]}]},{\"@type\":\"ImageObject\",\"inLanguage\":\"it-IT\",\"@id\":\"https:\/\/progettotouring.it\/radiotouring104\/2025\/11\/28\/sabato-29-novembre-si-inaugura-il-nuovo-tratto-della-ssv-gallico-gambarie-eliminando-le-ultime-strettoie-e-i-semafori\/#primaryimage\",\"url\":\"https:\/\/progettotouring.it\/radiotouring104\/wp-content\/uploads\/sites\/6\/2025\/11\/WhatsApp-Image-2025-11-28-at-17.23.30.jpeg\",\"contentUrl\":\"https:\/\/progettotouring.it\/radiotouring104\/wp-content\/uploads\/sites\/6\/2025\/11\/WhatsApp-Image-2025-11-28-at-17.23.30.jpeg\",\"width\":1600,\"height\":1600},{\"@type\":\"BreadcrumbList\",\"@id\":\"https:\/\/progettotouring.it\/radiotouring104\/2025\/11\/28\/sabato-29-novembre-si-inaugura-il-nuovo-tratto-della-ssv-gallico-gambarie-eliminando-le-ultime-strettoie-e-i-semafori\/#breadcrumb\",\"itemListElement\":[{\"@type\":\"ListItem\",\"position\":1,\"name\":\"Home\",\"item\":\"https:\/\/progettotouring.it\/radiotouring104\/\"},{\"@type\":\"ListItem\",\"position\":2,\"name\":\"Sabato 29 Novembre si inaugura il nuovo tratto della SSV Gallico-Gambarie, eliminando le ultime strettoie e i semafori.\"}]},{\"@type\":\"WebSite\",\"@id\":\"https:\/\/progettotouring.it\/radiotouring104\/#website\",\"url\":\"https:\/\/progettotouring.it\/radiotouring104\/\",\"name\":\"Radio Touring 104\",\"description\":\"La prima radio Reggina\",\"publisher\":{\"@id\":\"https:\/\/progettotouring.it\/radiotouring104\/#organization\"},\"potentialAction\":[{\"@type\":\"SearchAction\",\"target\":{\"@type\":\"EntryPoint\",\"urlTemplate\":\"https:\/\/progettotouring.it\/radiotouring104\/?s={search_term_string}\"},\"query-input\":{\"@type\":\"PropertyValueSpecification\",\"valueRequired\":true,\"valueName\":\"search_term_string\"}}],\"inLanguage\":\"it-IT\"},{\"@type\":\"Organization\",\"@id\":\"https:\/\/progettotouring.it\/radiotouring104\/#organization\",\"name\":\"Radio Touring 104\",\"url\":\"https:\/\/progettotouring.it\/radiotouring104\/\",\"logo\":{\"@type\":\"ImageObject\",\"inLanguage\":\"it-IT\",\"@id\":\"https:\/\/progettotouring.it\/radiotouring104\/#\/schema\/logo\/image\/\",\"url\":\"https:\/\/progettotouring.it\/radiotouring104\/wp-content\/uploads\/sites\/6\/2022\/02\/cropped-logo-radio-touring-104.png\",\"contentUrl\":\"https:\/\/progettotouring.it\/radiotouring104\/wp-content\/uploads\/sites\/6\/2022\/02\/cropped-logo-radio-touring-104.png\",\"width\":377,\"height\":182,\"caption\":\"Radio Touring 104\"},\"image\":{\"@id\":\"https:\/\/progettotouring.it\/radiotouring104\/#\/schema\/logo\/image\/\"}},{\"@type\":\"Person\",\"@id\":\"https:\/\/progettotouring.it\/radiotouring104\/#\/schema\/person\/4aa1a366fd5456ded7bcb463cc0438cd\",\"name\":\"F M\",\"image\":{\"@type\":\"ImageObject\",\"inLanguage\":\"it-IT\",\"@id\":\"https:\/\/secure.gravatar.com\/avatar\/8dcc3ac03f7e2895a8c592a88788a9bc965e0a7cfd2972362b2a666a91cfa800?s=96&d=mm&r=g\",\"url\":\"https:\/\/secure.gravatar.com\/avatar\/8dcc3ac03f7e2895a8c592a88788a9bc965e0a7cfd2972362b2a666a91cfa800?s=96&d=mm&r=g\",\"contentUrl\":\"https:\/\/secure.gravatar.com\/avatar\/8dcc3ac03f7e2895a8c592a88788a9bc965e0a7cfd2972362b2a666a91cfa800?s=96&d=mm&r=g\",\"caption\":\"F M\"},\"url\":\"https:\/\/progettotouring.it\/radiotouring104\/author\/filippom\/\"}]}<\/script>\n<!-- \/ Yoast SEO plugin. -->","yoast_head_json":{"title":"Sabato 29 Novembre si inaugura il nuovo tratto della SSV Gallico-Gambarie, eliminando le ultime strettoie e i semafori. - Radio Touring 104","robots":{"index":"index","follow":"follow","max-snippet":"max-snippet:-1","max-image-preview":"max-image-preview:large","max-video-preview":"max-video-preview:-1"},"canonical":"https:\/\/progettotouring.it\/radiotouring104\/2025\/11\/28\/sabato-29-novembre-si-inaugura-il-nuovo-tratto-della-ssv-gallico-gambarie-eliminando-le-ultime-strettoie-e-i-semafori\/","og_locale":"it_IT","og_type":"article","og_title":"Sabato 29 Novembre si inaugura il nuovo tratto della SSV Gallico-Gambarie, eliminando le ultime strettoie e i semafori. - Radio Touring 104","og_description":"\u00a0Si accorciano ulteriormente le distanze tra la citt\u00e0 e la montagna. La Citt\u00e0 Metropolitana di Reggio Calabria annuncia l&#8217;inaugurazione di un nuovo e cruciale segmento dell&#8217;arteria stradale a scorrimento veloce&hellip;","og_url":"https:\/\/progettotouring.it\/radiotouring104\/2025\/11\/28\/sabato-29-novembre-si-inaugura-il-nuovo-tratto-della-ssv-gallico-gambarie-eliminando-le-ultime-strettoie-e-i-semafori\/","og_site_name":"Radio Touring 104","article_published_time":"2025-11-28T18:04:24+00:00","og_image":[{"width":1600,"height":1600,"url":"https:\/\/progettotouring.it\/radiotouring104\/wp-content\/uploads\/sites\/6\/2025\/11\/WhatsApp-Image-2025-11-28-at-17.23.30.jpeg","type":"image\/jpeg"}],"author":"F M","twitter_card":"summary_large_image","twitter_misc":{"Scritto da":"F M","Tempo di lettura stimato":"1 minuto"},"schema":{"@context":"https:\/\/schema.org","@graph":[{"@type":"Article","@id":"https:\/\/progettotouring.it\/radiotouring104\/2025\/11\/28\/sabato-29-novembre-si-inaugura-il-nuovo-tratto-della-ssv-gallico-gambarie-eliminando-le-ultime-strettoie-e-i-semafori\/#article","isPartOf":{"@id":"https:\/\/progettotouring.it\/radiotouring104\/2025\/11\/28\/sabato-29-novembre-si-inaugura-il-nuovo-tratto-della-ssv-gallico-gambarie-eliminando-le-ultime-strettoie-e-i-semafori\/"},"author":{"name":"F M","@id":"https:\/\/progettotouring.it\/radiotouring104\/#\/schema\/person\/4aa1a366fd5456ded7bcb463cc0438cd"},"headline":"Sabato 29 Novembre si inaugura il nuovo tratto della SSV Gallico-Gambarie, eliminando le ultime strettoie e i semafori.","datePublished":"2025-11-28T18:04:24+00:00","mainEntityOfPage":{"@id":"https:\/\/progettotouring.it\/radiotouring104\/2025\/11\/28\/sabato-29-novembre-si-inaugura-il-nuovo-tratto-della-ssv-gallico-gambarie-eliminando-le-ultime-strettoie-e-i-semafori\/"},"wordCount":301,"publisher":{"@id":"https:\/\/progettotouring.it\/radiotouring104\/#organization"},"image":{"@id":"https:\/\/progettotouring.it\/radiotouring104\/2025\/11\/28\/sabato-29-novembre-si-inaugura-il-nuovo-tratto-della-ssv-gallico-gambarie-eliminando-le-ultime-strettoie-e-i-semafori\/#primaryimage"},"thumbnailUrl":"https:\/\/progettotouring.it\/radiotouring104\/wp-content\/uploads\/sites\/6\/2025\/11\/WhatsApp-Image-2025-11-28-at-17.23.30.jpeg","articleSection":["Home","News"],"inLanguage":"it-IT"},{"@type":"WebPage","@id":"https:\/\/progettotouring.it\/radiotouring104\/2025\/11\/28\/sabato-29-novembre-si-inaugura-il-nuovo-tratto-della-ssv-gallico-gambarie-eliminando-le-ultime-strettoie-e-i-semafori\/","url":"https:\/\/progettotouring.it\/radiotouring104\/2025\/11\/28\/sabato-29-novembre-si-inaugura-il-nuovo-tratto-della-ssv-gallico-gambarie-eliminando-le-ultime-strettoie-e-i-semafori\/","name":"Sabato 29 Novembre si inaugura il nuovo tratto della SSV Gallico-Gambarie, eliminando le ultime strettoie e i semafori. - Radio Touring 104","isPartOf":{"@id":"https:\/\/progettotouring.it\/radiotouring104\/#website"},"primaryImageOfPage":{"@id":"https:\/\/progettotouring.it\/radiotouring104\/2025\/11\/28\/sabato-29-novembre-si-inaugura-il-nuovo-tratto-della-ssv-gallico-gambarie-eliminando-le-ultime-strettoie-e-i-semafori\/#primaryimage"},"image":{"@id":"https:\/\/progettotouring.it\/radiotouring104\/2025\/11\/28\/sabato-29-novembre-si-inaugura-il-nuovo-tratto-della-ssv-gallico-gambarie-eliminando-le-ultime-strettoie-e-i-semafori\/#primaryimage"},"thumbnailUrl":"https:\/\/progettotouring.it\/radiotouring104\/wp-content\/uploads\/sites\/6\/2025\/11\/WhatsApp-Image-2025-11-28-at-17.23.30.jpeg","datePublished":"2025-11-28T18:04:24+00:00","breadcrumb":{"@id":"https:\/\/progettotouring.it\/radiotouring104\/2025\/11\/28\/sabato-29-novembre-si-inaugura-il-nuovo-tratto-della-ssv-gallico-gambarie-eliminando-le-ultime-strettoie-e-i-semafori\/#breadcrumb"},"inLanguage":"it-IT","potentialAction":[{"@type":"ReadAction","target":["https:\/\/progettotouring.it\/radiotouring104\/2025\/11\/28\/sabato-29-novembre-si-inaugura-il-nuovo-tratto-della-ssv-gallico-gambarie-eliminando-le-ultime-strettoie-e-i-semafori\/"]}]},{"@type":"ImageObject","inLanguage":"it-IT","@id":"https:\/\/progettotouring.it\/radiotouring104\/2025\/11\/28\/sabato-29-novembre-si-inaugura-il-nuovo-tratto-della-ssv-gallico-gambarie-eliminando-le-ultime-strettoie-e-i-semafori\/#primaryimage","url":"https:\/\/progettotouring.it\/radiotouring104\/wp-content\/uploads\/sites\/6\/2025\/11\/WhatsApp-Image-2025-11-28-at-17.23.30.jpeg","contentUrl":"https:\/\/progettotouring.it\/radiotouring104\/wp-content\/uploads\/sites\/6\/2025\/11\/WhatsApp-Image-2025-11-28-at-17.23.30.jpeg","width":1600,"height":1600},{"@type":"BreadcrumbList","@id":"https:\/\/progettotouring.it\/radiotouring104\/2025\/11\/28\/sabato-29-novembre-si-inaugura-il-nuovo-tratto-della-ssv-gallico-gambarie-eliminando-le-ultime-strettoie-e-i-semafori\/#breadcrumb","itemListElement":[{"@type":"ListItem","position":1,"name":"Home","item":"https:\/\/progettotouring.it\/radiotouring104\/"},{"@type":"ListItem","position":2,"name":"Sabato 29 Novembre si inaugura il nuovo tratto della SSV Gallico-Gambarie, eliminando le ultime strettoie e i semafori."}]},{"@type":"WebSite","@id":"https:\/\/progettotouring.it\/radiotouring104\/#website","url":"https:\/\/progettotouring.it\/radiotouring104\/","name":"Radio Touring 104","description":"La prima radio Reggina","publisher":{"@id":"https:\/\/progettotouring.it\/radiotouring104\/#organization"},"potentialAction":[{"@type":"SearchAction","target":{"@type":"EntryPoint","urlTemplate":"https:\/\/progettotouring.it\/radiotouring104\/?s={search_term_string}"},"query-input":{"@type":"PropertyValueSpecification","valueRequired":true,"valueName":"search_term_string"}}],"inLanguage":"it-IT"},{"@type":"Organization","@id":"https:\/\/progettotouring.it\/radiotouring104\/#organization","name":"Radio Touring 104","url":"https:\/\/progettotouring.it\/radiotouring104\/","logo":{"@type":"ImageObject","inLanguage":"it-IT","@id":"https:\/\/progettotouring.it\/radiotouring104\/#\/schema\/logo\/image\/","url":"https:\/\/progettotouring.it\/radiotouring104\/wp-content\/uploads\/sites\/6\/2022\/02\/cropped-logo-radio-touring-104.png","contentUrl":"https:\/\/progettotouring.it\/radiotouring104\/wp-content\/uploads\/sites\/6\/2022\/02\/cropped-logo-radio-touring-104.png","width":377,"height":182,"caption":"Radio Touring 104"},"image":{"@id":"https:\/\/progettotouring.it\/radiotouring104\/#\/schema\/logo\/image\/"}},{"@type":"Person","@id":"https:\/\/progettotouring.it\/radiotouring104\/#\/schema\/person\/4aa1a366fd5456ded7bcb463cc0438cd","name":"F M","image":{"@type":"ImageObject","inLanguage":"it-IT","@id":"https:\/\/secure.gravatar.com\/avatar\/8dcc3ac03f7e2895a8c592a88788a9bc965e0a7cfd2972362b2a666a91cfa800?s=96&d=mm&r=g","url":"https:\/\/secure.gravatar.com\/avatar\/8dcc3ac03f7e2895a8c592a88788a9bc965e0a7cfd2972362b2a666a91cfa800?s=96&d=mm&r=g","contentUrl":"https:\/\/secure.gravatar.com\/avatar\/8dcc3ac03f7e2895a8c592a88788a9bc965e0a7cfd2972362b2a666a91cfa800?s=96&d=mm&r=g","caption":"F M"},"url":"https:\/\/progettotouring.it\/radiotouring104\/author\/filippom\/"}]}},"jetpack_publicize_connections":[],"jetpack_featured_media_url":"https:\/\/progettotouring.it\/radiotouring104\/wp-content\/uploads\/sites\/6\/2025\/11\/WhatsApp-Image-2025-11-28-at-17.23.30.jpeg","jetpack_sharing_enabled":true,"_links":{"self":[{"href":"https:\/\/progettotouring.it\/radiotouring104\/wp-json\/wp\/v2\/posts\/86482","targetHints":{"allow":["GET"]}}],"collection":[{"href":"https:\/\/progettotouring.it\/radiotouring104\/wp-json\/wp\/v2\/posts"}],"about":[{"href":"https:\/\/progettotouring.it\/radiotouring104\/wp-json\/wp\/v2\/types\/post"}],"author":[{"embeddable":true,"href":"https:\/\/progettotouring.it\/radiotouring104\/wp-json\/wp\/v2\/users\/22"}],"replies":[{"embeddable":true,"href":"https:\/\/progettotouring.it\/radiotouring104\/wp-json\/wp\/v2\/comments?post=86482"}],"version-history":[{"count":1,"href":"https:\/\/progettotouring.it\/radiotouring104\/wp-json\/wp\/v2\/posts\/86482\/revisions"}],"predecessor-version":[{"id":86484,"href":"https:\/\/progettotouring.it\/radiotouring104\/wp-json\/wp\/v2\/posts\/86482\/revisions\/86484"}],"wp:featuredmedia":[{"embeddable":true,"href":"https:\/\/progettotouring.it\/radiotouring104\/wp-json\/wp\/v2\/media\/86483"}],"wp:attachment":[{"href":"https:\/\/progettotouring.it\/radiotouring104\/wp-json\/wp\/v2\/media?parent=86482"}],"wp:term":[{"taxonomy":"category","embeddable":true,"href":"https:\/\/progettotouring.it\/radiotouring104\/wp-json\/wp\/v2\/categories?post=86482"},{"taxonomy":"post_tag","embeddable":true,"href":"https:\/\/progettotouring.it\/radiotouring104\/wp-json\/wp\/v2\/tags?post=86482"}],"curies":[{"name":"wp","href":"https:\/\/api.w.org\/{rel}","templated":true}]}}