{"id":86497,"date":"2025-11-29T14:58:43","date_gmt":"2025-11-29T13:58:43","guid":{"rendered":"https:\/\/progettotouring.it\/radiotouring104\/?p=86497"},"modified":"2025-11-29T14:58:43","modified_gmt":"2025-11-29T13:58:43","slug":"nuovo-tratto-strade-a-scorrimento-veloce-inaugurato-il-collegamento-per-gambarie","status":"publish","type":"post","link":"https:\/\/progettotouring.it\/radiotouring104\/2025\/11\/29\/nuovo-tratto-strade-a-scorrimento-veloce-inaugurato-il-collegamento-per-gambarie\/","title":{"rendered":"Nuovo Tratto Strade a Scorrimento Veloce: Inaugurato il Collegamento per Gambarie"},"content":{"rendered":"<p data-path-to-node=\"4\">L&#8217;apertura di questo nuovo segmento, parte di un progetto pi\u00f9 ampio che mira a unire il litorale tirrenico di Reggio Calabria, ed a migliorare le condizioni di vita dei cittadini ed a sviluppare il territorio,\u00a0 questo quanto affermato dal Sindaco Giuseppe Falcomata&#8217; al taglio del nastro, presente anche l&#8217;on. Cannizzaro.<\/p>\n<p data-path-to-node=\"4\">Questo nuovo completamento, realizzato con i fondi europei <b>Por Fsc 2014-2020<\/b>, nasce come offerta migliorativa presentata dall&#8217;impresa aggiudicataria del bando. I risultati sono immediatamente tangibili per gli automobilisti e i visitatori del Parco.<\/p>\n<ul data-path-to-node=\"9\">\n<li>\n<p data-path-to-node=\"9,0,0\"><b>Eliminazione di Punti Critici:<\/b> Il segmento \u00e8 stato specificamente progettato per <b>eliminare le curve strette<\/b> residue che rallentavano il transito e per <b>rimuovere i semafori<\/b> che regolavano il traffico alternato.<\/p>\n<\/li>\n<li>\n<p data-path-to-node=\"9,1,0\"><b>Sicurezza e Tempi di Percorrenza:<\/b> Il completamento rende il tragitto verso Gambarie <b>pi\u00f9 agevole, comodo e sicuro<\/b>, riducendo ulteriormente i tempi di percorrenza.<\/p>\n<\/li>\n<li>\n<p data-path-to-node=\"9,2,0\"><b>Valorizzazione del Territorio:<\/b> L&#8217;opera facilita l&#8217;accesso all&#8217;Aspromonte, un elemento cruciale per il turismo e lo sviluppo economico dell&#8217;area.<\/p>\n<\/li>\n<\/ul>\n<p data-path-to-node=\"12\">Questa inaugurazione segue il successo del terzo lotto della SSV, aperto in precedenza, che ha gi\u00e0 migliorato in modo sostanziale l&#8217;accesso. La Strada a Scorrimento Veloce Gallico-Gambarie \u00e8 un&#8217;infrastruttura di lunga gestazione, il cui completamento finale \u00e8 visto come la realizzazione di un sogno che, a partire dalla sua ideazione, mira a <b>collegare efficacemente il mare con la montagna<\/b>, un tratto distintivo e unico del territorio reggino.<\/p>\n<p data-path-to-node=\"13\">\n","protected":false},"excerpt":{"rendered":"<p>L&#8217;apertura di questo nuovo segmento, parte di un progetto pi\u00f9 ampio che mira a unire il litorale tirrenico di Reggio Calabria, ed a migliorare le condizioni di vita dei cittadini&hellip;<\/p>\n","protected":false},"author":22,"featured_media":86498,"comment_status":"closed","ping_status":"open","sticky":false,"template":"","format":"standard","meta":{"_jetpack_memberships_contains_paid_content":false,"footnotes":"","jetpack_publicize_message":"","jetpack_publicize_feature_enabled":true,"jetpack_social_post_already_shared":true,"jetpack_social_options":{"image_generator_settings":{"template":"highway","default_image_id":0,"font":"","enabled":false},"version":2}},"categories":[921,150],"tags":[],"class_list":["post-86497","post","type-post","status-publish","format-standard","has-post-thumbnail","hentry","category-home","category-in-primo-piano"],"yoast_head":"<!-- This site is optimized with the Yoast SEO plugin v27.2 - https:\/\/yoast.com\/product\/yoast-seo-wordpress\/ -->\n<title>Nuovo Tratto Strade a Scorrimento Veloce: Inaugurato il Collegamento per Gambarie - Radio Touring 104<\/title>\n<meta name=\"robots\" content=\"index, follow, max-snippet:-1, max-image-preview:large, max-video-preview:-1\" \/>\n<link rel=\"canonical\" href=\"https:\/\/progettotouring.it\/radiotouring104\/2025\/11\/29\/nuovo-tratto-strade-a-scorrimento-veloce-inaugurato-il-collegamento-per-gambarie\/\" \/>\n<meta property=\"og:locale\" content=\"it_IT\" \/>\n<meta property=\"og:type\" content=\"article\" \/>\n<meta property=\"og:title\" content=\"Nuovo Tratto Strade a Scorrimento Veloce: Inaugurato il Collegamento per Gambarie - Radio Touring 104\" \/>\n<meta property=\"og:description\" content=\"L&#8217;apertura di questo nuovo segmento, parte di un progetto pi\u00f9 ampio che mira a unire il litorale tirrenico di Reggio Calabria, ed a migliorare le condizioni di vita dei cittadini&hellip;\" \/>\n<meta property=\"og:url\" content=\"https:\/\/progettotouring.it\/radiotouring104\/2025\/11\/29\/nuovo-tratto-strade-a-scorrimento-veloce-inaugurato-il-collegamento-per-gambarie\/\" \/>\n<meta property=\"og:site_name\" content=\"Radio Touring 104\" \/>\n<meta property=\"article:published_time\" content=\"2025-11-29T13:58:43+00:00\" \/>\n<meta property=\"og:image\" content=\"https:\/\/progettotouring.it\/radiotouring104\/wp-content\/uploads\/sites\/6\/2025\/11\/WhatsApp-Image-2025-11-29-at-13.29.00.jpeg\" \/>\n\t<meta property=\"og:image:width\" content=\"1600\" \/>\n\t<meta property=\"og:image:height\" content=\"900\" \/>\n\t<meta property=\"og:image:type\" content=\"image\/jpeg\" \/>\n<meta name=\"author\" content=\"F M\" \/>\n<meta name=\"twitter:card\" content=\"summary_large_image\" \/>\n<meta name=\"twitter:label1\" content=\"Scritto da\" \/>\n\t<meta name=\"twitter:data1\" content=\"F M\" \/>\n\t<meta name=\"twitter:label2\" content=\"Tempo di lettura stimato\" \/>\n\t<meta name=\"twitter:data2\" content=\"1 minuto\" \/>\n<script type=\"application\/ld+json\" class=\"yoast-schema-graph\">{\"@context\":\"https:\/\/schema.org\",\"@graph\":[{\"@type\":\"Article\",\"@id\":\"https:\/\/progettotouring.it\/radiotouring104\/2025\/11\/29\/nuovo-tratto-strade-a-scorrimento-veloce-inaugurato-il-collegamento-per-gambarie\/#article\",\"isPartOf\":{\"@id\":\"https:\/\/progettotouring.it\/radiotouring104\/2025\/11\/29\/nuovo-tratto-strade-a-scorrimento-veloce-inaugurato-il-collegamento-per-gambarie\/\"},\"author\":{\"name\":\"F M\",\"@id\":\"https:\/\/progettotouring.it\/radiotouring104\/#\/schema\/person\/4aa1a366fd5456ded7bcb463cc0438cd\"},\"headline\":\"Nuovo Tratto Strade a Scorrimento Veloce: Inaugurato il Collegamento per Gambarie\",\"datePublished\":\"2025-11-29T13:58:43+00:00\",\"mainEntityOfPage\":{\"@id\":\"https:\/\/progettotouring.it\/radiotouring104\/2025\/11\/29\/nuovo-tratto-strade-a-scorrimento-veloce-inaugurato-il-collegamento-per-gambarie\/\"},\"wordCount\":229,\"publisher\":{\"@id\":\"https:\/\/progettotouring.it\/radiotouring104\/#organization\"},\"image\":{\"@id\":\"https:\/\/progettotouring.it\/radiotouring104\/2025\/11\/29\/nuovo-tratto-strade-a-scorrimento-veloce-inaugurato-il-collegamento-per-gambarie\/#primaryimage\"},\"thumbnailUrl\":\"https:\/\/progettotouring.it\/radiotouring104\/wp-content\/uploads\/sites\/6\/2025\/11\/WhatsApp-Image-2025-11-29-at-13.29.00.jpeg\",\"articleSection\":[\"Home\",\"In primo piano\"],\"inLanguage\":\"it-IT\"},{\"@type\":\"WebPage\",\"@id\":\"https:\/\/progettotouring.it\/radiotouring104\/2025\/11\/29\/nuovo-tratto-strade-a-scorrimento-veloce-inaugurato-il-collegamento-per-gambarie\/\",\"url\":\"https:\/\/progettotouring.it\/radiotouring104\/2025\/11\/29\/nuovo-tratto-strade-a-scorrimento-veloce-inaugurato-il-collegamento-per-gambarie\/\",\"name\":\"Nuovo Tratto Strade a Scorrimento Veloce: Inaugurato il Collegamento per Gambarie - Radio Touring 104\",\"isPartOf\":{\"@id\":\"https:\/\/progettotouring.it\/radiotouring104\/#website\"},\"primaryImageOfPage\":{\"@id\":\"https:\/\/progettotouring.it\/radiotouring104\/2025\/11\/29\/nuovo-tratto-strade-a-scorrimento-veloce-inaugurato-il-collegamento-per-gambarie\/#primaryimage\"},\"image\":{\"@id\":\"https:\/\/progettotouring.it\/radiotouring104\/2025\/11\/29\/nuovo-tratto-strade-a-scorrimento-veloce-inaugurato-il-collegamento-per-gambarie\/#primaryimage\"},\"thumbnailUrl\":\"https:\/\/progettotouring.it\/radiotouring104\/wp-content\/uploads\/sites\/6\/2025\/11\/WhatsApp-Image-2025-11-29-at-13.29.00.jpeg\",\"datePublished\":\"2025-11-29T13:58:43+00:00\",\"breadcrumb\":{\"@id\":\"https:\/\/progettotouring.it\/radiotouring104\/2025\/11\/29\/nuovo-tratto-strade-a-scorrimento-veloce-inaugurato-il-collegamento-per-gambarie\/#breadcrumb\"},\"inLanguage\":\"it-IT\",\"potentialAction\":[{\"@type\":\"ReadAction\",\"target\":[\"https:\/\/progettotouring.it\/radiotouring104\/2025\/11\/29\/nuovo-tratto-strade-a-scorrimento-veloce-inaugurato-il-collegamento-per-gambarie\/\"]}]},{\"@type\":\"ImageObject\",\"inLanguage\":\"it-IT\",\"@id\":\"https:\/\/progettotouring.it\/radiotouring104\/2025\/11\/29\/nuovo-tratto-strade-a-scorrimento-veloce-inaugurato-il-collegamento-per-gambarie\/#primaryimage\",\"url\":\"https:\/\/progettotouring.it\/radiotouring104\/wp-content\/uploads\/sites\/6\/2025\/11\/WhatsApp-Image-2025-11-29-at-13.29.00.jpeg\",\"contentUrl\":\"https:\/\/progettotouring.it\/radiotouring104\/wp-content\/uploads\/sites\/6\/2025\/11\/WhatsApp-Image-2025-11-29-at-13.29.00.jpeg\",\"width\":1600,\"height\":900},{\"@type\":\"BreadcrumbList\",\"@id\":\"https:\/\/progettotouring.it\/radiotouring104\/2025\/11\/29\/nuovo-tratto-strade-a-scorrimento-veloce-inaugurato-il-collegamento-per-gambarie\/#breadcrumb\",\"itemListElement\":[{\"@type\":\"ListItem\",\"position\":1,\"name\":\"Home\",\"item\":\"https:\/\/progettotouring.it\/radiotouring104\/\"},{\"@type\":\"ListItem\",\"position\":2,\"name\":\"Nuovo Tratto Strade a Scorrimento Veloce: Inaugurato il Collegamento per Gambarie\"}]},{\"@type\":\"WebSite\",\"@id\":\"https:\/\/progettotouring.it\/radiotouring104\/#website\",\"url\":\"https:\/\/progettotouring.it\/radiotouring104\/\",\"name\":\"Radio Touring 104\",\"description\":\"La prima radio Reggina\",\"publisher\":{\"@id\":\"https:\/\/progettotouring.it\/radiotouring104\/#organization\"},\"potentialAction\":[{\"@type\":\"SearchAction\",\"target\":{\"@type\":\"EntryPoint\",\"urlTemplate\":\"https:\/\/progettotouring.it\/radiotouring104\/?s={search_term_string}\"},\"query-input\":{\"@type\":\"PropertyValueSpecification\",\"valueRequired\":true,\"valueName\":\"search_term_string\"}}],\"inLanguage\":\"it-IT\"},{\"@type\":\"Organization\",\"@id\":\"https:\/\/progettotouring.it\/radiotouring104\/#organization\",\"name\":\"Radio Touring 104\",\"url\":\"https:\/\/progettotouring.it\/radiotouring104\/\",\"logo\":{\"@type\":\"ImageObject\",\"inLanguage\":\"it-IT\",\"@id\":\"https:\/\/progettotouring.it\/radiotouring104\/#\/schema\/logo\/image\/\",\"url\":\"https:\/\/progettotouring.it\/radiotouring104\/wp-content\/uploads\/sites\/6\/2022\/02\/cropped-logo-radio-touring-104.png\",\"contentUrl\":\"https:\/\/progettotouring.it\/radiotouring104\/wp-content\/uploads\/sites\/6\/2022\/02\/cropped-logo-radio-touring-104.png\",\"width\":377,\"height\":182,\"caption\":\"Radio Touring 104\"},\"image\":{\"@id\":\"https:\/\/progettotouring.it\/radiotouring104\/#\/schema\/logo\/image\/\"}},{\"@type\":\"Person\",\"@id\":\"https:\/\/progettotouring.it\/radiotouring104\/#\/schema\/person\/4aa1a366fd5456ded7bcb463cc0438cd\",\"name\":\"F M\",\"image\":{\"@type\":\"ImageObject\",\"inLanguage\":\"it-IT\",\"@id\":\"https:\/\/secure.gravatar.com\/avatar\/8dcc3ac03f7e2895a8c592a88788a9bc965e0a7cfd2972362b2a666a91cfa800?s=96&d=mm&r=g\",\"url\":\"https:\/\/secure.gravatar.com\/avatar\/8dcc3ac03f7e2895a8c592a88788a9bc965e0a7cfd2972362b2a666a91cfa800?s=96&d=mm&r=g\",\"contentUrl\":\"https:\/\/secure.gravatar.com\/avatar\/8dcc3ac03f7e2895a8c592a88788a9bc965e0a7cfd2972362b2a666a91cfa800?s=96&d=mm&r=g\",\"caption\":\"F M\"},\"url\":\"https:\/\/progettotouring.it\/radiotouring104\/author\/filippom\/\"}]}<\/script>\n<!-- \/ Yoast SEO plugin. -->","yoast_head_json":{"title":"Nuovo Tratto Strade a Scorrimento Veloce: Inaugurato il Collegamento per Gambarie - Radio Touring 104","robots":{"index":"index","follow":"follow","max-snippet":"max-snippet:-1","max-image-preview":"max-image-preview:large","max-video-preview":"max-video-preview:-1"},"canonical":"https:\/\/progettotouring.it\/radiotouring104\/2025\/11\/29\/nuovo-tratto-strade-a-scorrimento-veloce-inaugurato-il-collegamento-per-gambarie\/","og_locale":"it_IT","og_type":"article","og_title":"Nuovo Tratto Strade a Scorrimento Veloce: Inaugurato il Collegamento per Gambarie - Radio Touring 104","og_description":"L&#8217;apertura di questo nuovo segmento, parte di un progetto pi\u00f9 ampio che mira a unire il litorale tirrenico di Reggio Calabria, ed a migliorare le condizioni di vita dei cittadini&hellip;","og_url":"https:\/\/progettotouring.it\/radiotouring104\/2025\/11\/29\/nuovo-tratto-strade-a-scorrimento-veloce-inaugurato-il-collegamento-per-gambarie\/","og_site_name":"Radio Touring 104","article_published_time":"2025-11-29T13:58:43+00:00","og_image":[{"width":1600,"height":900,"url":"https:\/\/progettotouring.it\/radiotouring104\/wp-content\/uploads\/sites\/6\/2025\/11\/WhatsApp-Image-2025-11-29-at-13.29.00.jpeg","type":"image\/jpeg"}],"author":"F M","twitter_card":"summary_large_image","twitter_misc":{"Scritto da":"F M","Tempo di lettura stimato":"1 minuto"},"schema":{"@context":"https:\/\/schema.org","@graph":[{"@type":"Article","@id":"https:\/\/progettotouring.it\/radiotouring104\/2025\/11\/29\/nuovo-tratto-strade-a-scorrimento-veloce-inaugurato-il-collegamento-per-gambarie\/#article","isPartOf":{"@id":"https:\/\/progettotouring.it\/radiotouring104\/2025\/11\/29\/nuovo-tratto-strade-a-scorrimento-veloce-inaugurato-il-collegamento-per-gambarie\/"},"author":{"name":"F M","@id":"https:\/\/progettotouring.it\/radiotouring104\/#\/schema\/person\/4aa1a366fd5456ded7bcb463cc0438cd"},"headline":"Nuovo Tratto Strade a Scorrimento Veloce: Inaugurato il Collegamento per Gambarie","datePublished":"2025-11-29T13:58:43+00:00","mainEntityOfPage":{"@id":"https:\/\/progettotouring.it\/radiotouring104\/2025\/11\/29\/nuovo-tratto-strade-a-scorrimento-veloce-inaugurato-il-collegamento-per-gambarie\/"},"wordCount":229,"publisher":{"@id":"https:\/\/progettotouring.it\/radiotouring104\/#organization"},"image":{"@id":"https:\/\/progettotouring.it\/radiotouring104\/2025\/11\/29\/nuovo-tratto-strade-a-scorrimento-veloce-inaugurato-il-collegamento-per-gambarie\/#primaryimage"},"thumbnailUrl":"https:\/\/progettotouring.it\/radiotouring104\/wp-content\/uploads\/sites\/6\/2025\/11\/WhatsApp-Image-2025-11-29-at-13.29.00.jpeg","articleSection":["Home","In primo piano"],"inLanguage":"it-IT"},{"@type":"WebPage","@id":"https:\/\/progettotouring.it\/radiotouring104\/2025\/11\/29\/nuovo-tratto-strade-a-scorrimento-veloce-inaugurato-il-collegamento-per-gambarie\/","url":"https:\/\/progettotouring.it\/radiotouring104\/2025\/11\/29\/nuovo-tratto-strade-a-scorrimento-veloce-inaugurato-il-collegamento-per-gambarie\/","name":"Nuovo Tratto Strade a Scorrimento Veloce: Inaugurato il Collegamento per Gambarie - Radio Touring 104","isPartOf":{"@id":"https:\/\/progettotouring.it\/radiotouring104\/#website"},"primaryImageOfPage":{"@id":"https:\/\/progettotouring.it\/radiotouring104\/2025\/11\/29\/nuovo-tratto-strade-a-scorrimento-veloce-inaugurato-il-collegamento-per-gambarie\/#primaryimage"},"image":{"@id":"https:\/\/progettotouring.it\/radiotouring104\/2025\/11\/29\/nuovo-tratto-strade-a-scorrimento-veloce-inaugurato-il-collegamento-per-gambarie\/#primaryimage"},"thumbnailUrl":"https:\/\/progettotouring.it\/radiotouring104\/wp-content\/uploads\/sites\/6\/2025\/11\/WhatsApp-Image-2025-11-29-at-13.29.00.jpeg","datePublished":"2025-11-29T13:58:43+00:00","breadcrumb":{"@id":"https:\/\/progettotouring.it\/radiotouring104\/2025\/11\/29\/nuovo-tratto-strade-a-scorrimento-veloce-inaugurato-il-collegamento-per-gambarie\/#breadcrumb"},"inLanguage":"it-IT","potentialAction":[{"@type":"ReadAction","target":["https:\/\/progettotouring.it\/radiotouring104\/2025\/11\/29\/nuovo-tratto-strade-a-scorrimento-veloce-inaugurato-il-collegamento-per-gambarie\/"]}]},{"@type":"ImageObject","inLanguage":"it-IT","@id":"https:\/\/progettotouring.it\/radiotouring104\/2025\/11\/29\/nuovo-tratto-strade-a-scorrimento-veloce-inaugurato-il-collegamento-per-gambarie\/#primaryimage","url":"https:\/\/progettotouring.it\/radiotouring104\/wp-content\/uploads\/sites\/6\/2025\/11\/WhatsApp-Image-2025-11-29-at-13.29.00.jpeg","contentUrl":"https:\/\/progettotouring.it\/radiotouring104\/wp-content\/uploads\/sites\/6\/2025\/11\/WhatsApp-Image-2025-11-29-at-13.29.00.jpeg","width":1600,"height":900},{"@type":"BreadcrumbList","@id":"https:\/\/progettotouring.it\/radiotouring104\/2025\/11\/29\/nuovo-tratto-strade-a-scorrimento-veloce-inaugurato-il-collegamento-per-gambarie\/#breadcrumb","itemListElement":[{"@type":"ListItem","position":1,"name":"Home","item":"https:\/\/progettotouring.it\/radiotouring104\/"},{"@type":"ListItem","position":2,"name":"Nuovo Tratto Strade a Scorrimento Veloce: Inaugurato il Collegamento per Gambarie"}]},{"@type":"WebSite","@id":"https:\/\/progettotouring.it\/radiotouring104\/#website","url":"https:\/\/progettotouring.it\/radiotouring104\/","name":"Radio Touring 104","description":"La prima radio Reggina","publisher":{"@id":"https:\/\/progettotouring.it\/radiotouring104\/#organization"},"potentialAction":[{"@type":"SearchAction","target":{"@type":"EntryPoint","urlTemplate":"https:\/\/progettotouring.it\/radiotouring104\/?s={search_term_string}"},"query-input":{"@type":"PropertyValueSpecification","valueRequired":true,"valueName":"search_term_string"}}],"inLanguage":"it-IT"},{"@type":"Organization","@id":"https:\/\/progettotouring.it\/radiotouring104\/#organization","name":"Radio Touring 104","url":"https:\/\/progettotouring.it\/radiotouring104\/","logo":{"@type":"ImageObject","inLanguage":"it-IT","@id":"https:\/\/progettotouring.it\/radiotouring104\/#\/schema\/logo\/image\/","url":"https:\/\/progettotouring.it\/radiotouring104\/wp-content\/uploads\/sites\/6\/2022\/02\/cropped-logo-radio-touring-104.png","contentUrl":"https:\/\/progettotouring.it\/radiotouring104\/wp-content\/uploads\/sites\/6\/2022\/02\/cropped-logo-radio-touring-104.png","width":377,"height":182,"caption":"Radio Touring 104"},"image":{"@id":"https:\/\/progettotouring.it\/radiotouring104\/#\/schema\/logo\/image\/"}},{"@type":"Person","@id":"https:\/\/progettotouring.it\/radiotouring104\/#\/schema\/person\/4aa1a366fd5456ded7bcb463cc0438cd","name":"F M","image":{"@type":"ImageObject","inLanguage":"it-IT","@id":"https:\/\/secure.gravatar.com\/avatar\/8dcc3ac03f7e2895a8c592a88788a9bc965e0a7cfd2972362b2a666a91cfa800?s=96&d=mm&r=g","url":"https:\/\/secure.gravatar.com\/avatar\/8dcc3ac03f7e2895a8c592a88788a9bc965e0a7cfd2972362b2a666a91cfa800?s=96&d=mm&r=g","contentUrl":"https:\/\/secure.gravatar.com\/avatar\/8dcc3ac03f7e2895a8c592a88788a9bc965e0a7cfd2972362b2a666a91cfa800?s=96&d=mm&r=g","caption":"F M"},"url":"https:\/\/progettotouring.it\/radiotouring104\/author\/filippom\/"}]}},"jetpack_publicize_connections":[],"jetpack_featured_media_url":"https:\/\/progettotouring.it\/radiotouring104\/wp-content\/uploads\/sites\/6\/2025\/11\/WhatsApp-Image-2025-11-29-at-13.29.00.jpeg","jetpack_sharing_enabled":true,"_links":{"self":[{"href":"https:\/\/progettotouring.it\/radiotouring104\/wp-json\/wp\/v2\/posts\/86497","targetHints":{"allow":["GET"]}}],"collection":[{"href":"https:\/\/progettotouring.it\/radiotouring104\/wp-json\/wp\/v2\/posts"}],"about":[{"href":"https:\/\/progettotouring.it\/radiotouring104\/wp-json\/wp\/v2\/types\/post"}],"author":[{"embeddable":true,"href":"https:\/\/progettotouring.it\/radiotouring104\/wp-json\/wp\/v2\/users\/22"}],"replies":[{"embeddable":true,"href":"https:\/\/progettotouring.it\/radiotouring104\/wp-json\/wp\/v2\/comments?post=86497"}],"version-history":[{"count":1,"href":"https:\/\/progettotouring.it\/radiotouring104\/wp-json\/wp\/v2\/posts\/86497\/revisions"}],"predecessor-version":[{"id":86502,"href":"https:\/\/progettotouring.it\/radiotouring104\/wp-json\/wp\/v2\/posts\/86497\/revisions\/86502"}],"wp:featuredmedia":[{"embeddable":true,"href":"https:\/\/progettotouring.it\/radiotouring104\/wp-json\/wp\/v2\/media\/86498"}],"wp:attachment":[{"href":"https:\/\/progettotouring.it\/radiotouring104\/wp-json\/wp\/v2\/media?parent=86497"}],"wp:term":[{"taxonomy":"category","embeddable":true,"href":"https:\/\/progettotouring.it\/radiotouring104\/wp-json\/wp\/v2\/categories?post=86497"},{"taxonomy":"post_tag","embeddable":true,"href":"https:\/\/progettotouring.it\/radiotouring104\/wp-json\/wp\/v2\/tags?post=86497"}],"curies":[{"name":"wp","href":"https:\/\/api.w.org\/{rel}","templated":true}]}}