{"id":86503,"date":"2025-11-29T19:28:49","date_gmt":"2025-11-29T18:28:49","guid":{"rendered":"https:\/\/progettotouring.it\/radiotouring104\/?p=86503"},"modified":"2025-11-29T19:28:49","modified_gmt":"2025-11-29T18:28:49","slug":"inaugurato-il-tratto-aggiuntivo-della-nuova-gallico-gambarie","status":"publish","type":"post","link":"https:\/\/progettotouring.it\/radiotouring104\/2025\/11\/29\/inaugurato-il-tratto-aggiuntivo-della-nuova-gallico-gambarie\/","title":{"rendered":"Inaugurato il tratto aggiuntivo della nuova Gallico &#8211; Gambarie"},"content":{"rendered":"<p>Inaugurato oggi il tratto aggiuntivo della SSV Gallico-Gambarie, arteria stradale di\u00a0collegamento tra Reggio Calabria e il Parco Nazionale d\u2019Aspromonte attraverso la Vallata del Gallico.<\/p>\n<p>Alla cerimonia, svoltasi lungo il nuovo tratto stradale di circa 600 metri e con la realizzazione di due moderni viadotti, sono intervenuti, oltre al\u00a0 sindaco metropolitano di Reggio Calabria, anche il Dirigente del Settore Viabilit\u00e0 della Citt\u00e0 Metropolitana, che ha seguito le fasi realizzative dell&#8217;opera, insieme ai tecnici della Direzione Lavori e all&#8217;impresa esecutrice Avr; il presidente del Consiglio regionale della Calabria, Salvatore Cirillo, il presidente dei sindaci Area dello Stretto, Michele Spadaro e il deputato Francesco Cannizzaro. Presenti inoltre tutti i sindaci della Vallata del Gallico, le associazioni del territorio tra le quali l&#8217;Associazione &#8220;<em>18 settembre 2003<\/em>&#8220;, il Comitato Gallico-Gambarie, insieme ad una delegazione di giovanissimi studenti dell\u2019istituto scolastico comprensivo di Santo Stefano d\u2019Aspromonte che hanno letto un messaggio augurale in apertura della cerimonia.<\/p>\n<p>Queste le parole di Giuseppe Falcomat\u00e0:<\/p>\n<p><em>\u201cSono gli stessi sentimenti di gioia e di felicit\u00e0 che esattamente, circa un anno fa, hanno accompagnato alla prima storica apertura del terzo lotto. \u00c8 importante rinnovare i ringraziamenti a tutti coloro che in questi cinquant&#8217;anni, grazie ai loro ruoli a livello politico e istituzionale, hanno consentito di arrivare a tagliare oggi questo nastro. Io umilmente sono contento di essere il sindaco che ha aperto la Gallico- Gambarie e che quindi conclude un iter che \u00e8 iniziato molto tempo prima di noi. Si tratta di un\u2019opera che ha realizzato la Citt\u00e0 metropolitana su un finanziamento europeo della Regione Calabria con un proficuo protagonismo interistituzionale su pi\u00f9 livelli. Vorrei rinnovare i ringraziamenti anche ai nostri uffici e ai progettisti, la ditta esecutrice, i sindaci che nel sono stati il pungolo costante in questi anni, cos\u00ec come le associazioni che hanno fatto in modo su questa grande opera non venisse mai meno l&#8217;attenzione\u201d<\/em>.<\/p>\n<p>\u201c<em>Mi auguro<\/em>\u00a0<em>non soltanto che questa sia l&#8217;opera che in maniera definitiva unisca il mare alla montagna, l&#8217;Aspromonte alla citt\u00e0, ma che sia anche un esempio rivolto alla politica e alle istituzioni per dire che le cose si possono fare bene quando c\u2019\u00e8 comunione di intenti da parte di tutti\u201d. \u201cC\u2019\u00e8 un auspicio<\/em> <em>che il lavoro concluso oggi non rimanga un unicum nel nostro territorio metropolitano: il collegamento cosiddetto \u2018a pettine\u2019 tra zone montane e collinari con diciamo, con il litorale marino dell\u2019area metropolitana, \u00e8 fondamentale per arginare, non dico per risolvere, lo spopolamento dei nostri territori\u201d.<\/em><\/p>\n<p>\u201c<em>Se guardiamo ai dati della Svimez che evidenziano come potrebbe essere la Calabria nei prossimi cinquant\u2019anni a causa dello spopolamento, gi\u00e0 in atto la politica e le istituzioni, ognuno nel proprio ruolo deve lavorare affinch\u00e9 questo si possa arginare e fermare. C&#8217;\u00e8 ovviamente un tema delle aree interne, dei servizi che devono essere presenti, che ovviamente \u00e8 collegato anche alla presenza di arterie stradali che possano consentire un migliore, pi\u00f9 rapido raggiungimento di queste aree. Questo elemento pu\u00f2 togliere l&#8217;alibi affinch\u00e9, ad esempio, in queste zone chiudano le guardie mediche, chiudono i presidi sociali, chiudono le scuole\u201d. \u201cEcco oggi questa strada significa tutto questo, ma\u00a0soprattutto significa che un impegno per altre Gallico-Gambarie da finanziare, progettare e realizzare\u201d.<\/em><\/p>\n<p>&nbsp;<\/p>\n","protected":false},"excerpt":{"rendered":"<p>Inaugurato oggi il tratto aggiuntivo della SSV Gallico-Gambarie, arteria stradale di\u00a0collegamento tra Reggio Calabria e il Parco Nazionale d\u2019Aspromonte attraverso la Vallata del Gallico. Alla cerimonia, svoltasi lungo il nuovo&hellip;<\/p>\n","protected":false},"author":19,"featured_media":86504,"comment_status":"closed","ping_status":"open","sticky":false,"template":"","format":"standard","meta":{"_jetpack_memberships_contains_paid_content":false,"footnotes":"","jetpack_publicize_message":"","jetpack_publicize_feature_enabled":true,"jetpack_social_post_already_shared":true,"jetpack_social_options":{"image_generator_settings":{"template":"highway","default_image_id":0,"font":"","enabled":false},"version":2}},"categories":[921,150,196,140],"tags":[],"class_list":["post-86503","post","type-post","status-publish","format-standard","has-post-thumbnail","hentry","category-home","category-in-primo-piano","category-news","category-reggio-calabria"],"yoast_head":"<!-- This site is optimized with the Yoast SEO plugin v27.2 - https:\/\/yoast.com\/product\/yoast-seo-wordpress\/ -->\n<title>Inaugurato il tratto aggiuntivo della nuova Gallico - Gambarie - Radio Touring 104<\/title>\n<meta name=\"description\" content=\"Falcomat\u00e0: &quot;Opera frutto di una proficua sinergia istituzionale, l&#039;esempio di come le cose si possono fare bene&quot;\" \/>\n<meta name=\"robots\" content=\"index, follow, max-snippet:-1, max-image-preview:large, max-video-preview:-1\" \/>\n<link rel=\"canonical\" href=\"https:\/\/progettotouring.it\/radiotouring104\/2025\/11\/29\/inaugurato-il-tratto-aggiuntivo-della-nuova-gallico-gambarie\/\" \/>\n<meta property=\"og:locale\" content=\"it_IT\" \/>\n<meta property=\"og:type\" content=\"article\" \/>\n<meta property=\"og:title\" content=\"Inaugurato il tratto aggiuntivo della nuova Gallico - Gambarie - Radio Touring 104\" \/>\n<meta property=\"og:description\" content=\"Falcomat\u00e0: &quot;Opera frutto di una proficua sinergia istituzionale, l&#039;esempio di come le cose si possono fare bene&quot;\" \/>\n<meta property=\"og:url\" content=\"https:\/\/progettotouring.it\/radiotouring104\/2025\/11\/29\/inaugurato-il-tratto-aggiuntivo-della-nuova-gallico-gambarie\/\" \/>\n<meta property=\"og:site_name\" content=\"Radio Touring 104\" \/>\n<meta property=\"article:published_time\" content=\"2025-11-29T18:28:49+00:00\" \/>\n<meta property=\"og:image\" content=\"https:\/\/progettotouring.it\/radiotouring104\/wp-content\/uploads\/sites\/6\/2025\/11\/IMMAGINI-X-SITO-2025-11-29T192707.246.jpg\" \/>\n\t<meta property=\"og:image:width\" content=\"2000\" \/>\n\t<meta property=\"og:image:height\" content=\"1545\" \/>\n\t<meta property=\"og:image:type\" content=\"image\/jpeg\" \/>\n<meta name=\"author\" content=\"S L\" \/>\n<meta name=\"twitter:card\" content=\"summary_large_image\" \/>\n<meta name=\"twitter:label1\" content=\"Scritto da\" \/>\n\t<meta name=\"twitter:data1\" content=\"S L\" \/>\n\t<meta name=\"twitter:label2\" content=\"Tempo di lettura stimato\" \/>\n\t<meta name=\"twitter:data2\" content=\"3 minuti\" \/>\n<script type=\"application\/ld+json\" class=\"yoast-schema-graph\">{\"@context\":\"https:\/\/schema.org\",\"@graph\":[{\"@type\":\"Article\",\"@id\":\"https:\/\/progettotouring.it\/radiotouring104\/2025\/11\/29\/inaugurato-il-tratto-aggiuntivo-della-nuova-gallico-gambarie\/#article\",\"isPartOf\":{\"@id\":\"https:\/\/progettotouring.it\/radiotouring104\/2025\/11\/29\/inaugurato-il-tratto-aggiuntivo-della-nuova-gallico-gambarie\/\"},\"author\":{\"name\":\"S L\",\"@id\":\"https:\/\/progettotouring.it\/radiotouring104\/#\/schema\/person\/b9f9c3730b0a78814c9b9f3bfc52c619\"},\"headline\":\"Inaugurato il tratto aggiuntivo della nuova Gallico &#8211; Gambarie\",\"datePublished\":\"2025-11-29T18:28:49+00:00\",\"mainEntityOfPage\":{\"@id\":\"https:\/\/progettotouring.it\/radiotouring104\/2025\/11\/29\/inaugurato-il-tratto-aggiuntivo-della-nuova-gallico-gambarie\/\"},\"wordCount\":531,\"publisher\":{\"@id\":\"https:\/\/progettotouring.it\/radiotouring104\/#organization\"},\"image\":{\"@id\":\"https:\/\/progettotouring.it\/radiotouring104\/2025\/11\/29\/inaugurato-il-tratto-aggiuntivo-della-nuova-gallico-gambarie\/#primaryimage\"},\"thumbnailUrl\":\"https:\/\/progettotouring.it\/radiotouring104\/wp-content\/uploads\/sites\/6\/2025\/11\/IMMAGINI-X-SITO-2025-11-29T192707.246.jpg\",\"articleSection\":[\"Home\",\"In primo piano\",\"News\",\"Reggio Calabria\"],\"inLanguage\":\"it-IT\"},{\"@type\":\"WebPage\",\"@id\":\"https:\/\/progettotouring.it\/radiotouring104\/2025\/11\/29\/inaugurato-il-tratto-aggiuntivo-della-nuova-gallico-gambarie\/\",\"url\":\"https:\/\/progettotouring.it\/radiotouring104\/2025\/11\/29\/inaugurato-il-tratto-aggiuntivo-della-nuova-gallico-gambarie\/\",\"name\":\"Inaugurato il tratto aggiuntivo della nuova Gallico - Gambarie - Radio Touring 104\",\"isPartOf\":{\"@id\":\"https:\/\/progettotouring.it\/radiotouring104\/#website\"},\"primaryImageOfPage\":{\"@id\":\"https:\/\/progettotouring.it\/radiotouring104\/2025\/11\/29\/inaugurato-il-tratto-aggiuntivo-della-nuova-gallico-gambarie\/#primaryimage\"},\"image\":{\"@id\":\"https:\/\/progettotouring.it\/radiotouring104\/2025\/11\/29\/inaugurato-il-tratto-aggiuntivo-della-nuova-gallico-gambarie\/#primaryimage\"},\"thumbnailUrl\":\"https:\/\/progettotouring.it\/radiotouring104\/wp-content\/uploads\/sites\/6\/2025\/11\/IMMAGINI-X-SITO-2025-11-29T192707.246.jpg\",\"datePublished\":\"2025-11-29T18:28:49+00:00\",\"description\":\"Falcomat\u00e0: \\\"Opera frutto di una proficua sinergia istituzionale, l'esempio di come le cose si possono fare bene\\\"\",\"breadcrumb\":{\"@id\":\"https:\/\/progettotouring.it\/radiotouring104\/2025\/11\/29\/inaugurato-il-tratto-aggiuntivo-della-nuova-gallico-gambarie\/#breadcrumb\"},\"inLanguage\":\"it-IT\",\"potentialAction\":[{\"@type\":\"ReadAction\",\"target\":[\"https:\/\/progettotouring.it\/radiotouring104\/2025\/11\/29\/inaugurato-il-tratto-aggiuntivo-della-nuova-gallico-gambarie\/\"]}]},{\"@type\":\"ImageObject\",\"inLanguage\":\"it-IT\",\"@id\":\"https:\/\/progettotouring.it\/radiotouring104\/2025\/11\/29\/inaugurato-il-tratto-aggiuntivo-della-nuova-gallico-gambarie\/#primaryimage\",\"url\":\"https:\/\/progettotouring.it\/radiotouring104\/wp-content\/uploads\/sites\/6\/2025\/11\/IMMAGINI-X-SITO-2025-11-29T192707.246.jpg\",\"contentUrl\":\"https:\/\/progettotouring.it\/radiotouring104\/wp-content\/uploads\/sites\/6\/2025\/11\/IMMAGINI-X-SITO-2025-11-29T192707.246.jpg\",\"width\":2000,\"height\":1545},{\"@type\":\"BreadcrumbList\",\"@id\":\"https:\/\/progettotouring.it\/radiotouring104\/2025\/11\/29\/inaugurato-il-tratto-aggiuntivo-della-nuova-gallico-gambarie\/#breadcrumb\",\"itemListElement\":[{\"@type\":\"ListItem\",\"position\":1,\"name\":\"Home\",\"item\":\"https:\/\/progettotouring.it\/radiotouring104\/\"},{\"@type\":\"ListItem\",\"position\":2,\"name\":\"Inaugurato il tratto aggiuntivo della nuova Gallico &#8211; Gambarie\"}]},{\"@type\":\"WebSite\",\"@id\":\"https:\/\/progettotouring.it\/radiotouring104\/#website\",\"url\":\"https:\/\/progettotouring.it\/radiotouring104\/\",\"name\":\"Radio Touring 104\",\"description\":\"La prima radio Reggina\",\"publisher\":{\"@id\":\"https:\/\/progettotouring.it\/radiotouring104\/#organization\"},\"potentialAction\":[{\"@type\":\"SearchAction\",\"target\":{\"@type\":\"EntryPoint\",\"urlTemplate\":\"https:\/\/progettotouring.it\/radiotouring104\/?s={search_term_string}\"},\"query-input\":{\"@type\":\"PropertyValueSpecification\",\"valueRequired\":true,\"valueName\":\"search_term_string\"}}],\"inLanguage\":\"it-IT\"},{\"@type\":\"Organization\",\"@id\":\"https:\/\/progettotouring.it\/radiotouring104\/#organization\",\"name\":\"Radio Touring 104\",\"url\":\"https:\/\/progettotouring.it\/radiotouring104\/\",\"logo\":{\"@type\":\"ImageObject\",\"inLanguage\":\"it-IT\",\"@id\":\"https:\/\/progettotouring.it\/radiotouring104\/#\/schema\/logo\/image\/\",\"url\":\"https:\/\/progettotouring.it\/radiotouring104\/wp-content\/uploads\/sites\/6\/2022\/02\/cropped-logo-radio-touring-104.png\",\"contentUrl\":\"https:\/\/progettotouring.it\/radiotouring104\/wp-content\/uploads\/sites\/6\/2022\/02\/cropped-logo-radio-touring-104.png\",\"width\":377,\"height\":182,\"caption\":\"Radio Touring 104\"},\"image\":{\"@id\":\"https:\/\/progettotouring.it\/radiotouring104\/#\/schema\/logo\/image\/\"}},{\"@type\":\"Person\",\"@id\":\"https:\/\/progettotouring.it\/radiotouring104\/#\/schema\/person\/b9f9c3730b0a78814c9b9f3bfc52c619\",\"name\":\"S L\",\"image\":{\"@type\":\"ImageObject\",\"inLanguage\":\"it-IT\",\"@id\":\"https:\/\/secure.gravatar.com\/avatar\/652c51789d7030aaed9ff828331360502a68204fe6fb0831bc280515210e16d2?s=96&d=mm&r=g\",\"url\":\"https:\/\/secure.gravatar.com\/avatar\/652c51789d7030aaed9ff828331360502a68204fe6fb0831bc280515210e16d2?s=96&d=mm&r=g\",\"contentUrl\":\"https:\/\/secure.gravatar.com\/avatar\/652c51789d7030aaed9ff828331360502a68204fe6fb0831bc280515210e16d2?s=96&d=mm&r=g\",\"caption\":\"S L\"},\"url\":\"https:\/\/progettotouring.it\/radiotouring104\/author\/slibri\/\"}]}<\/script>\n<!-- \/ Yoast SEO plugin. -->","yoast_head_json":{"title":"Inaugurato il tratto aggiuntivo della nuova Gallico - Gambarie - Radio Touring 104","description":"Falcomat\u00e0: \"Opera frutto di una proficua sinergia istituzionale, l'esempio di come le cose si possono fare bene\"","robots":{"index":"index","follow":"follow","max-snippet":"max-snippet:-1","max-image-preview":"max-image-preview:large","max-video-preview":"max-video-preview:-1"},"canonical":"https:\/\/progettotouring.it\/radiotouring104\/2025\/11\/29\/inaugurato-il-tratto-aggiuntivo-della-nuova-gallico-gambarie\/","og_locale":"it_IT","og_type":"article","og_title":"Inaugurato il tratto aggiuntivo della nuova Gallico - Gambarie - Radio Touring 104","og_description":"Falcomat\u00e0: \"Opera frutto di una proficua sinergia istituzionale, l'esempio di come le cose si possono fare bene\"","og_url":"https:\/\/progettotouring.it\/radiotouring104\/2025\/11\/29\/inaugurato-il-tratto-aggiuntivo-della-nuova-gallico-gambarie\/","og_site_name":"Radio Touring 104","article_published_time":"2025-11-29T18:28:49+00:00","og_image":[{"width":2000,"height":1545,"url":"https:\/\/progettotouring.it\/radiotouring104\/wp-content\/uploads\/sites\/6\/2025\/11\/IMMAGINI-X-SITO-2025-11-29T192707.246.jpg","type":"image\/jpeg"}],"author":"S L","twitter_card":"summary_large_image","twitter_misc":{"Scritto da":"S L","Tempo di lettura stimato":"3 minuti"},"schema":{"@context":"https:\/\/schema.org","@graph":[{"@type":"Article","@id":"https:\/\/progettotouring.it\/radiotouring104\/2025\/11\/29\/inaugurato-il-tratto-aggiuntivo-della-nuova-gallico-gambarie\/#article","isPartOf":{"@id":"https:\/\/progettotouring.it\/radiotouring104\/2025\/11\/29\/inaugurato-il-tratto-aggiuntivo-della-nuova-gallico-gambarie\/"},"author":{"name":"S L","@id":"https:\/\/progettotouring.it\/radiotouring104\/#\/schema\/person\/b9f9c3730b0a78814c9b9f3bfc52c619"},"headline":"Inaugurato il tratto aggiuntivo della nuova Gallico &#8211; Gambarie","datePublished":"2025-11-29T18:28:49+00:00","mainEntityOfPage":{"@id":"https:\/\/progettotouring.it\/radiotouring104\/2025\/11\/29\/inaugurato-il-tratto-aggiuntivo-della-nuova-gallico-gambarie\/"},"wordCount":531,"publisher":{"@id":"https:\/\/progettotouring.it\/radiotouring104\/#organization"},"image":{"@id":"https:\/\/progettotouring.it\/radiotouring104\/2025\/11\/29\/inaugurato-il-tratto-aggiuntivo-della-nuova-gallico-gambarie\/#primaryimage"},"thumbnailUrl":"https:\/\/progettotouring.it\/radiotouring104\/wp-content\/uploads\/sites\/6\/2025\/11\/IMMAGINI-X-SITO-2025-11-29T192707.246.jpg","articleSection":["Home","In primo piano","News","Reggio Calabria"],"inLanguage":"it-IT"},{"@type":"WebPage","@id":"https:\/\/progettotouring.it\/radiotouring104\/2025\/11\/29\/inaugurato-il-tratto-aggiuntivo-della-nuova-gallico-gambarie\/","url":"https:\/\/progettotouring.it\/radiotouring104\/2025\/11\/29\/inaugurato-il-tratto-aggiuntivo-della-nuova-gallico-gambarie\/","name":"Inaugurato il tratto aggiuntivo della nuova Gallico - Gambarie - Radio Touring 104","isPartOf":{"@id":"https:\/\/progettotouring.it\/radiotouring104\/#website"},"primaryImageOfPage":{"@id":"https:\/\/progettotouring.it\/radiotouring104\/2025\/11\/29\/inaugurato-il-tratto-aggiuntivo-della-nuova-gallico-gambarie\/#primaryimage"},"image":{"@id":"https:\/\/progettotouring.it\/radiotouring104\/2025\/11\/29\/inaugurato-il-tratto-aggiuntivo-della-nuova-gallico-gambarie\/#primaryimage"},"thumbnailUrl":"https:\/\/progettotouring.it\/radiotouring104\/wp-content\/uploads\/sites\/6\/2025\/11\/IMMAGINI-X-SITO-2025-11-29T192707.246.jpg","datePublished":"2025-11-29T18:28:49+00:00","description":"Falcomat\u00e0: \"Opera frutto di una proficua sinergia istituzionale, l'esempio di come le cose si possono fare bene\"","breadcrumb":{"@id":"https:\/\/progettotouring.it\/radiotouring104\/2025\/11\/29\/inaugurato-il-tratto-aggiuntivo-della-nuova-gallico-gambarie\/#breadcrumb"},"inLanguage":"it-IT","potentialAction":[{"@type":"ReadAction","target":["https:\/\/progettotouring.it\/radiotouring104\/2025\/11\/29\/inaugurato-il-tratto-aggiuntivo-della-nuova-gallico-gambarie\/"]}]},{"@type":"ImageObject","inLanguage":"it-IT","@id":"https:\/\/progettotouring.it\/radiotouring104\/2025\/11\/29\/inaugurato-il-tratto-aggiuntivo-della-nuova-gallico-gambarie\/#primaryimage","url":"https:\/\/progettotouring.it\/radiotouring104\/wp-content\/uploads\/sites\/6\/2025\/11\/IMMAGINI-X-SITO-2025-11-29T192707.246.jpg","contentUrl":"https:\/\/progettotouring.it\/radiotouring104\/wp-content\/uploads\/sites\/6\/2025\/11\/IMMAGINI-X-SITO-2025-11-29T192707.246.jpg","width":2000,"height":1545},{"@type":"BreadcrumbList","@id":"https:\/\/progettotouring.it\/radiotouring104\/2025\/11\/29\/inaugurato-il-tratto-aggiuntivo-della-nuova-gallico-gambarie\/#breadcrumb","itemListElement":[{"@type":"ListItem","position":1,"name":"Home","item":"https:\/\/progettotouring.it\/radiotouring104\/"},{"@type":"ListItem","position":2,"name":"Inaugurato il tratto aggiuntivo della nuova Gallico &#8211; Gambarie"}]},{"@type":"WebSite","@id":"https:\/\/progettotouring.it\/radiotouring104\/#website","url":"https:\/\/progettotouring.it\/radiotouring104\/","name":"Radio Touring 104","description":"La prima radio Reggina","publisher":{"@id":"https:\/\/progettotouring.it\/radiotouring104\/#organization"},"potentialAction":[{"@type":"SearchAction","target":{"@type":"EntryPoint","urlTemplate":"https:\/\/progettotouring.it\/radiotouring104\/?s={search_term_string}"},"query-input":{"@type":"PropertyValueSpecification","valueRequired":true,"valueName":"search_term_string"}}],"inLanguage":"it-IT"},{"@type":"Organization","@id":"https:\/\/progettotouring.it\/radiotouring104\/#organization","name":"Radio Touring 104","url":"https:\/\/progettotouring.it\/radiotouring104\/","logo":{"@type":"ImageObject","inLanguage":"it-IT","@id":"https:\/\/progettotouring.it\/radiotouring104\/#\/schema\/logo\/image\/","url":"https:\/\/progettotouring.it\/radiotouring104\/wp-content\/uploads\/sites\/6\/2022\/02\/cropped-logo-radio-touring-104.png","contentUrl":"https:\/\/progettotouring.it\/radiotouring104\/wp-content\/uploads\/sites\/6\/2022\/02\/cropped-logo-radio-touring-104.png","width":377,"height":182,"caption":"Radio Touring 104"},"image":{"@id":"https:\/\/progettotouring.it\/radiotouring104\/#\/schema\/logo\/image\/"}},{"@type":"Person","@id":"https:\/\/progettotouring.it\/radiotouring104\/#\/schema\/person\/b9f9c3730b0a78814c9b9f3bfc52c619","name":"S L","image":{"@type":"ImageObject","inLanguage":"it-IT","@id":"https:\/\/secure.gravatar.com\/avatar\/652c51789d7030aaed9ff828331360502a68204fe6fb0831bc280515210e16d2?s=96&d=mm&r=g","url":"https:\/\/secure.gravatar.com\/avatar\/652c51789d7030aaed9ff828331360502a68204fe6fb0831bc280515210e16d2?s=96&d=mm&r=g","contentUrl":"https:\/\/secure.gravatar.com\/avatar\/652c51789d7030aaed9ff828331360502a68204fe6fb0831bc280515210e16d2?s=96&d=mm&r=g","caption":"S L"},"url":"https:\/\/progettotouring.it\/radiotouring104\/author\/slibri\/"}]}},"jetpack_publicize_connections":[],"jetpack_featured_media_url":"https:\/\/progettotouring.it\/radiotouring104\/wp-content\/uploads\/sites\/6\/2025\/11\/IMMAGINI-X-SITO-2025-11-29T192707.246.jpg","jetpack_sharing_enabled":true,"_links":{"self":[{"href":"https:\/\/progettotouring.it\/radiotouring104\/wp-json\/wp\/v2\/posts\/86503","targetHints":{"allow":["GET"]}}],"collection":[{"href":"https:\/\/progettotouring.it\/radiotouring104\/wp-json\/wp\/v2\/posts"}],"about":[{"href":"https:\/\/progettotouring.it\/radiotouring104\/wp-json\/wp\/v2\/types\/post"}],"author":[{"embeddable":true,"href":"https:\/\/progettotouring.it\/radiotouring104\/wp-json\/wp\/v2\/users\/19"}],"replies":[{"embeddable":true,"href":"https:\/\/progettotouring.it\/radiotouring104\/wp-json\/wp\/v2\/comments?post=86503"}],"version-history":[{"count":1,"href":"https:\/\/progettotouring.it\/radiotouring104\/wp-json\/wp\/v2\/posts\/86503\/revisions"}],"predecessor-version":[{"id":86505,"href":"https:\/\/progettotouring.it\/radiotouring104\/wp-json\/wp\/v2\/posts\/86503\/revisions\/86505"}],"wp:featuredmedia":[{"embeddable":true,"href":"https:\/\/progettotouring.it\/radiotouring104\/wp-json\/wp\/v2\/media\/86504"}],"wp:attachment":[{"href":"https:\/\/progettotouring.it\/radiotouring104\/wp-json\/wp\/v2\/media?parent=86503"}],"wp:term":[{"taxonomy":"category","embeddable":true,"href":"https:\/\/progettotouring.it\/radiotouring104\/wp-json\/wp\/v2\/categories?post=86503"},{"taxonomy":"post_tag","embeddable":true,"href":"https:\/\/progettotouring.it\/radiotouring104\/wp-json\/wp\/v2\/tags?post=86503"}],"curies":[{"name":"wp","href":"https:\/\/api.w.org\/{rel}","templated":true}]}}