{"id":86506,"date":"2025-11-29T19:34:45","date_gmt":"2025-11-29T18:34:45","guid":{"rendered":"https:\/\/progettotouring.it\/radiotouring104\/?p=86506"},"modified":"2025-11-29T19:34:45","modified_gmt":"2025-11-29T18:34:45","slug":"furto-al-centro-polisportivo-di-san-giovannello-lindignazione-del-consigliere-latella","status":"publish","type":"post","link":"https:\/\/progettotouring.it\/radiotouring104\/2025\/11\/29\/furto-al-centro-polisportivo-di-san-giovannello-lindignazione-del-consigliere-latella\/","title":{"rendered":"Furto al centro polisportivo di San Giovannello: l&#8217;indignazione del Consigliere Latella"},"content":{"rendered":"<div dir=\"auto\">\n<div dir=\"auto\">\u00ab<em>Esprimo la mia pi\u00f9 ferma condanna per il furto avvenuto al Centro Polisportivo di San Giovannello, dove ignoti hanno sottratto strumenti e materiali elettrici necessari al proseguimento dei lavori nella palestra polifunzionale\u00bb: <\/em>esordisce cos\u00ec Giovanni Latella, consigliere comunale con delega a Sport e Turismo.<\/div>\n<div dir=\"auto\"><\/div>\n<div dir=\"auto\"><em>\u00abNon c\u2019\u00e8 dubbio che si \u00e8 trattato di un atto deplorevole che indigna e danneggia l\u2019intera collettivit\u00e0, oltre che le ditte impegnate quotidianamente per restituire alla citt\u00e0 un impianto moderno e funzionale. \u00c8 bene ribadire che l\u2019Amministrazione non si far\u00e0 intimidire da questi comportamenti illegali: i lavori proseguiranno con determinazione, cos\u00ec da garantire la consegna dell\u2019impianto alle federazioni e alle societ\u00e0 sportive del territorio, nei tempi programmati; lo sport \u00e8 una risorsa preziosa e merita rispetto, tutela e impegno costante da parte di tutti\u00bb.<\/em><\/div>\n<div dir=\"auto\"><\/div>\n<\/div>\n<div dir=\"auto\"><\/div>\n","protected":false},"excerpt":{"rendered":"<p>\u00abEsprimo la mia pi\u00f9 ferma condanna per il furto avvenuto al Centro Polisportivo di San Giovannello, dove ignoti hanno sottratto strumenti e materiali elettrici necessari al proseguimento dei lavori nella&hellip;<\/p>\n","protected":false},"author":19,"featured_media":81032,"comment_status":"closed","ping_status":"open","sticky":false,"template":"","format":"standard","meta":{"_jetpack_memberships_contains_paid_content":false,"footnotes":"","jetpack_publicize_message":"","jetpack_publicize_feature_enabled":true,"jetpack_social_post_already_shared":true,"jetpack_social_options":{"image_generator_settings":{"template":"highway","default_image_id":0,"font":"","enabled":false},"version":2}},"categories":[921,196,140],"tags":[],"class_list":["post-86506","post","type-post","status-publish","format-standard","has-post-thumbnail","hentry","category-home","category-news","category-reggio-calabria"],"yoast_head":"<!-- This site is optimized with the Yoast SEO plugin v27.2 - https:\/\/yoast.com\/product\/yoast-seo-wordpress\/ -->\n<title>Furto al centro polisportivo di San Giovannello: l&#039;indignazione del Consigliere Latella - Radio Touring 104<\/title>\n<meta name=\"description\" content=\"&quot;Atto deplorevole che indigna e danneggia l\u2019intera collettivit\u00e0 e la ditta impegnata nei lavori&quot;\" \/>\n<meta name=\"robots\" content=\"index, follow, max-snippet:-1, max-image-preview:large, max-video-preview:-1\" \/>\n<link rel=\"canonical\" href=\"https:\/\/progettotouring.it\/radiotouring104\/2025\/11\/29\/furto-al-centro-polisportivo-di-san-giovannello-lindignazione-del-consigliere-latella\/\" \/>\n<meta property=\"og:locale\" content=\"it_IT\" \/>\n<meta property=\"og:type\" content=\"article\" \/>\n<meta property=\"og:title\" content=\"Furto al centro polisportivo di San Giovannello: l&#039;indignazione del Consigliere Latella - Radio Touring 104\" \/>\n<meta property=\"og:description\" content=\"&quot;Atto deplorevole che indigna e danneggia l\u2019intera collettivit\u00e0 e la ditta impegnata nei lavori&quot;\" \/>\n<meta property=\"og:url\" content=\"https:\/\/progettotouring.it\/radiotouring104\/2025\/11\/29\/furto-al-centro-polisportivo-di-san-giovannello-lindignazione-del-consigliere-latella\/\" \/>\n<meta property=\"og:site_name\" content=\"Radio Touring 104\" \/>\n<meta property=\"article:published_time\" content=\"2025-11-29T18:34:45+00:00\" \/>\n<meta property=\"og:image\" content=\"https:\/\/progettotouring.it\/radiotouring104\/wp-content\/uploads\/sites\/6\/2025\/09\/giovanni-latella-consigliere.jpg\" \/>\n\t<meta property=\"og:image:width\" content=\"600\" \/>\n\t<meta property=\"og:image:height\" content=\"401\" \/>\n\t<meta property=\"og:image:type\" content=\"image\/jpeg\" \/>\n<meta name=\"author\" content=\"S L\" \/>\n<meta name=\"twitter:card\" content=\"summary_large_image\" \/>\n<meta name=\"twitter:label1\" content=\"Scritto da\" \/>\n\t<meta name=\"twitter:data1\" content=\"S L\" \/>\n\t<meta name=\"twitter:label2\" content=\"Tempo di lettura stimato\" \/>\n\t<meta name=\"twitter:data2\" content=\"1 minuto\" \/>\n<script type=\"application\/ld+json\" class=\"yoast-schema-graph\">{\"@context\":\"https:\/\/schema.org\",\"@graph\":[{\"@type\":\"Article\",\"@id\":\"https:\/\/progettotouring.it\/radiotouring104\/2025\/11\/29\/furto-al-centro-polisportivo-di-san-giovannello-lindignazione-del-consigliere-latella\/#article\",\"isPartOf\":{\"@id\":\"https:\/\/progettotouring.it\/radiotouring104\/2025\/11\/29\/furto-al-centro-polisportivo-di-san-giovannello-lindignazione-del-consigliere-latella\/\"},\"author\":{\"name\":\"S L\",\"@id\":\"https:\/\/progettotouring.it\/radiotouring104\/#\/schema\/person\/b9f9c3730b0a78814c9b9f3bfc52c619\"},\"headline\":\"Furto al centro polisportivo di San Giovannello: l&#8217;indignazione del Consigliere Latella\",\"datePublished\":\"2025-11-29T18:34:45+00:00\",\"mainEntityOfPage\":{\"@id\":\"https:\/\/progettotouring.it\/radiotouring104\/2025\/11\/29\/furto-al-centro-polisportivo-di-san-giovannello-lindignazione-del-consigliere-latella\/\"},\"wordCount\":139,\"publisher\":{\"@id\":\"https:\/\/progettotouring.it\/radiotouring104\/#organization\"},\"image\":{\"@id\":\"https:\/\/progettotouring.it\/radiotouring104\/2025\/11\/29\/furto-al-centro-polisportivo-di-san-giovannello-lindignazione-del-consigliere-latella\/#primaryimage\"},\"thumbnailUrl\":\"https:\/\/progettotouring.it\/radiotouring104\/wp-content\/uploads\/sites\/6\/2025\/09\/giovanni-latella-consigliere.jpg\",\"articleSection\":[\"Home\",\"News\",\"Reggio Calabria\"],\"inLanguage\":\"it-IT\"},{\"@type\":\"WebPage\",\"@id\":\"https:\/\/progettotouring.it\/radiotouring104\/2025\/11\/29\/furto-al-centro-polisportivo-di-san-giovannello-lindignazione-del-consigliere-latella\/\",\"url\":\"https:\/\/progettotouring.it\/radiotouring104\/2025\/11\/29\/furto-al-centro-polisportivo-di-san-giovannello-lindignazione-del-consigliere-latella\/\",\"name\":\"Furto al centro polisportivo di San Giovannello: l'indignazione del Consigliere Latella - Radio Touring 104\",\"isPartOf\":{\"@id\":\"https:\/\/progettotouring.it\/radiotouring104\/#website\"},\"primaryImageOfPage\":{\"@id\":\"https:\/\/progettotouring.it\/radiotouring104\/2025\/11\/29\/furto-al-centro-polisportivo-di-san-giovannello-lindignazione-del-consigliere-latella\/#primaryimage\"},\"image\":{\"@id\":\"https:\/\/progettotouring.it\/radiotouring104\/2025\/11\/29\/furto-al-centro-polisportivo-di-san-giovannello-lindignazione-del-consigliere-latella\/#primaryimage\"},\"thumbnailUrl\":\"https:\/\/progettotouring.it\/radiotouring104\/wp-content\/uploads\/sites\/6\/2025\/09\/giovanni-latella-consigliere.jpg\",\"datePublished\":\"2025-11-29T18:34:45+00:00\",\"description\":\"\\\"Atto deplorevole che indigna e danneggia l\u2019intera collettivit\u00e0 e la ditta impegnata nei lavori\\\"\",\"breadcrumb\":{\"@id\":\"https:\/\/progettotouring.it\/radiotouring104\/2025\/11\/29\/furto-al-centro-polisportivo-di-san-giovannello-lindignazione-del-consigliere-latella\/#breadcrumb\"},\"inLanguage\":\"it-IT\",\"potentialAction\":[{\"@type\":\"ReadAction\",\"target\":[\"https:\/\/progettotouring.it\/radiotouring104\/2025\/11\/29\/furto-al-centro-polisportivo-di-san-giovannello-lindignazione-del-consigliere-latella\/\"]}]},{\"@type\":\"ImageObject\",\"inLanguage\":\"it-IT\",\"@id\":\"https:\/\/progettotouring.it\/radiotouring104\/2025\/11\/29\/furto-al-centro-polisportivo-di-san-giovannello-lindignazione-del-consigliere-latella\/#primaryimage\",\"url\":\"https:\/\/progettotouring.it\/radiotouring104\/wp-content\/uploads\/sites\/6\/2025\/09\/giovanni-latella-consigliere.jpg\",\"contentUrl\":\"https:\/\/progettotouring.it\/radiotouring104\/wp-content\/uploads\/sites\/6\/2025\/09\/giovanni-latella-consigliere.jpg\",\"width\":600,\"height\":401},{\"@type\":\"BreadcrumbList\",\"@id\":\"https:\/\/progettotouring.it\/radiotouring104\/2025\/11\/29\/furto-al-centro-polisportivo-di-san-giovannello-lindignazione-del-consigliere-latella\/#breadcrumb\",\"itemListElement\":[{\"@type\":\"ListItem\",\"position\":1,\"name\":\"Home\",\"item\":\"https:\/\/progettotouring.it\/radiotouring104\/\"},{\"@type\":\"ListItem\",\"position\":2,\"name\":\"Furto al centro polisportivo di San Giovannello: l&#8217;indignazione del Consigliere Latella\"}]},{\"@type\":\"WebSite\",\"@id\":\"https:\/\/progettotouring.it\/radiotouring104\/#website\",\"url\":\"https:\/\/progettotouring.it\/radiotouring104\/\",\"name\":\"Radio Touring 104\",\"description\":\"La prima radio Reggina\",\"publisher\":{\"@id\":\"https:\/\/progettotouring.it\/radiotouring104\/#organization\"},\"potentialAction\":[{\"@type\":\"SearchAction\",\"target\":{\"@type\":\"EntryPoint\",\"urlTemplate\":\"https:\/\/progettotouring.it\/radiotouring104\/?s={search_term_string}\"},\"query-input\":{\"@type\":\"PropertyValueSpecification\",\"valueRequired\":true,\"valueName\":\"search_term_string\"}}],\"inLanguage\":\"it-IT\"},{\"@type\":\"Organization\",\"@id\":\"https:\/\/progettotouring.it\/radiotouring104\/#organization\",\"name\":\"Radio Touring 104\",\"url\":\"https:\/\/progettotouring.it\/radiotouring104\/\",\"logo\":{\"@type\":\"ImageObject\",\"inLanguage\":\"it-IT\",\"@id\":\"https:\/\/progettotouring.it\/radiotouring104\/#\/schema\/logo\/image\/\",\"url\":\"https:\/\/progettotouring.it\/radiotouring104\/wp-content\/uploads\/sites\/6\/2022\/02\/cropped-logo-radio-touring-104.png\",\"contentUrl\":\"https:\/\/progettotouring.it\/radiotouring104\/wp-content\/uploads\/sites\/6\/2022\/02\/cropped-logo-radio-touring-104.png\",\"width\":377,\"height\":182,\"caption\":\"Radio Touring 104\"},\"image\":{\"@id\":\"https:\/\/progettotouring.it\/radiotouring104\/#\/schema\/logo\/image\/\"}},{\"@type\":\"Person\",\"@id\":\"https:\/\/progettotouring.it\/radiotouring104\/#\/schema\/person\/b9f9c3730b0a78814c9b9f3bfc52c619\",\"name\":\"S L\",\"image\":{\"@type\":\"ImageObject\",\"inLanguage\":\"it-IT\",\"@id\":\"https:\/\/secure.gravatar.com\/avatar\/652c51789d7030aaed9ff828331360502a68204fe6fb0831bc280515210e16d2?s=96&d=mm&r=g\",\"url\":\"https:\/\/secure.gravatar.com\/avatar\/652c51789d7030aaed9ff828331360502a68204fe6fb0831bc280515210e16d2?s=96&d=mm&r=g\",\"contentUrl\":\"https:\/\/secure.gravatar.com\/avatar\/652c51789d7030aaed9ff828331360502a68204fe6fb0831bc280515210e16d2?s=96&d=mm&r=g\",\"caption\":\"S L\"},\"url\":\"https:\/\/progettotouring.it\/radiotouring104\/author\/slibri\/\"}]}<\/script>\n<!-- \/ Yoast SEO plugin. -->","yoast_head_json":{"title":"Furto al centro polisportivo di San Giovannello: l'indignazione del Consigliere Latella - Radio Touring 104","description":"\"Atto deplorevole che indigna e danneggia l\u2019intera collettivit\u00e0 e la ditta impegnata nei lavori\"","robots":{"index":"index","follow":"follow","max-snippet":"max-snippet:-1","max-image-preview":"max-image-preview:large","max-video-preview":"max-video-preview:-1"},"canonical":"https:\/\/progettotouring.it\/radiotouring104\/2025\/11\/29\/furto-al-centro-polisportivo-di-san-giovannello-lindignazione-del-consigliere-latella\/","og_locale":"it_IT","og_type":"article","og_title":"Furto al centro polisportivo di San Giovannello: l'indignazione del Consigliere Latella - Radio Touring 104","og_description":"\"Atto deplorevole che indigna e danneggia l\u2019intera collettivit\u00e0 e la ditta impegnata nei lavori\"","og_url":"https:\/\/progettotouring.it\/radiotouring104\/2025\/11\/29\/furto-al-centro-polisportivo-di-san-giovannello-lindignazione-del-consigliere-latella\/","og_site_name":"Radio Touring 104","article_published_time":"2025-11-29T18:34:45+00:00","og_image":[{"width":600,"height":401,"url":"https:\/\/progettotouring.it\/radiotouring104\/wp-content\/uploads\/sites\/6\/2025\/09\/giovanni-latella-consigliere.jpg","type":"image\/jpeg"}],"author":"S L","twitter_card":"summary_large_image","twitter_misc":{"Scritto da":"S L","Tempo di lettura stimato":"1 minuto"},"schema":{"@context":"https:\/\/schema.org","@graph":[{"@type":"Article","@id":"https:\/\/progettotouring.it\/radiotouring104\/2025\/11\/29\/furto-al-centro-polisportivo-di-san-giovannello-lindignazione-del-consigliere-latella\/#article","isPartOf":{"@id":"https:\/\/progettotouring.it\/radiotouring104\/2025\/11\/29\/furto-al-centro-polisportivo-di-san-giovannello-lindignazione-del-consigliere-latella\/"},"author":{"name":"S L","@id":"https:\/\/progettotouring.it\/radiotouring104\/#\/schema\/person\/b9f9c3730b0a78814c9b9f3bfc52c619"},"headline":"Furto al centro polisportivo di San Giovannello: l&#8217;indignazione del Consigliere Latella","datePublished":"2025-11-29T18:34:45+00:00","mainEntityOfPage":{"@id":"https:\/\/progettotouring.it\/radiotouring104\/2025\/11\/29\/furto-al-centro-polisportivo-di-san-giovannello-lindignazione-del-consigliere-latella\/"},"wordCount":139,"publisher":{"@id":"https:\/\/progettotouring.it\/radiotouring104\/#organization"},"image":{"@id":"https:\/\/progettotouring.it\/radiotouring104\/2025\/11\/29\/furto-al-centro-polisportivo-di-san-giovannello-lindignazione-del-consigliere-latella\/#primaryimage"},"thumbnailUrl":"https:\/\/progettotouring.it\/radiotouring104\/wp-content\/uploads\/sites\/6\/2025\/09\/giovanni-latella-consigliere.jpg","articleSection":["Home","News","Reggio Calabria"],"inLanguage":"it-IT"},{"@type":"WebPage","@id":"https:\/\/progettotouring.it\/radiotouring104\/2025\/11\/29\/furto-al-centro-polisportivo-di-san-giovannello-lindignazione-del-consigliere-latella\/","url":"https:\/\/progettotouring.it\/radiotouring104\/2025\/11\/29\/furto-al-centro-polisportivo-di-san-giovannello-lindignazione-del-consigliere-latella\/","name":"Furto al centro polisportivo di San Giovannello: l'indignazione del Consigliere Latella - Radio Touring 104","isPartOf":{"@id":"https:\/\/progettotouring.it\/radiotouring104\/#website"},"primaryImageOfPage":{"@id":"https:\/\/progettotouring.it\/radiotouring104\/2025\/11\/29\/furto-al-centro-polisportivo-di-san-giovannello-lindignazione-del-consigliere-latella\/#primaryimage"},"image":{"@id":"https:\/\/progettotouring.it\/radiotouring104\/2025\/11\/29\/furto-al-centro-polisportivo-di-san-giovannello-lindignazione-del-consigliere-latella\/#primaryimage"},"thumbnailUrl":"https:\/\/progettotouring.it\/radiotouring104\/wp-content\/uploads\/sites\/6\/2025\/09\/giovanni-latella-consigliere.jpg","datePublished":"2025-11-29T18:34:45+00:00","description":"\"Atto deplorevole che indigna e danneggia l\u2019intera collettivit\u00e0 e la ditta impegnata nei lavori\"","breadcrumb":{"@id":"https:\/\/progettotouring.it\/radiotouring104\/2025\/11\/29\/furto-al-centro-polisportivo-di-san-giovannello-lindignazione-del-consigliere-latella\/#breadcrumb"},"inLanguage":"it-IT","potentialAction":[{"@type":"ReadAction","target":["https:\/\/progettotouring.it\/radiotouring104\/2025\/11\/29\/furto-al-centro-polisportivo-di-san-giovannello-lindignazione-del-consigliere-latella\/"]}]},{"@type":"ImageObject","inLanguage":"it-IT","@id":"https:\/\/progettotouring.it\/radiotouring104\/2025\/11\/29\/furto-al-centro-polisportivo-di-san-giovannello-lindignazione-del-consigliere-latella\/#primaryimage","url":"https:\/\/progettotouring.it\/radiotouring104\/wp-content\/uploads\/sites\/6\/2025\/09\/giovanni-latella-consigliere.jpg","contentUrl":"https:\/\/progettotouring.it\/radiotouring104\/wp-content\/uploads\/sites\/6\/2025\/09\/giovanni-latella-consigliere.jpg","width":600,"height":401},{"@type":"BreadcrumbList","@id":"https:\/\/progettotouring.it\/radiotouring104\/2025\/11\/29\/furto-al-centro-polisportivo-di-san-giovannello-lindignazione-del-consigliere-latella\/#breadcrumb","itemListElement":[{"@type":"ListItem","position":1,"name":"Home","item":"https:\/\/progettotouring.it\/radiotouring104\/"},{"@type":"ListItem","position":2,"name":"Furto al centro polisportivo di San Giovannello: l&#8217;indignazione del Consigliere Latella"}]},{"@type":"WebSite","@id":"https:\/\/progettotouring.it\/radiotouring104\/#website","url":"https:\/\/progettotouring.it\/radiotouring104\/","name":"Radio Touring 104","description":"La prima radio Reggina","publisher":{"@id":"https:\/\/progettotouring.it\/radiotouring104\/#organization"},"potentialAction":[{"@type":"SearchAction","target":{"@type":"EntryPoint","urlTemplate":"https:\/\/progettotouring.it\/radiotouring104\/?s={search_term_string}"},"query-input":{"@type":"PropertyValueSpecification","valueRequired":true,"valueName":"search_term_string"}}],"inLanguage":"it-IT"},{"@type":"Organization","@id":"https:\/\/progettotouring.it\/radiotouring104\/#organization","name":"Radio Touring 104","url":"https:\/\/progettotouring.it\/radiotouring104\/","logo":{"@type":"ImageObject","inLanguage":"it-IT","@id":"https:\/\/progettotouring.it\/radiotouring104\/#\/schema\/logo\/image\/","url":"https:\/\/progettotouring.it\/radiotouring104\/wp-content\/uploads\/sites\/6\/2022\/02\/cropped-logo-radio-touring-104.png","contentUrl":"https:\/\/progettotouring.it\/radiotouring104\/wp-content\/uploads\/sites\/6\/2022\/02\/cropped-logo-radio-touring-104.png","width":377,"height":182,"caption":"Radio Touring 104"},"image":{"@id":"https:\/\/progettotouring.it\/radiotouring104\/#\/schema\/logo\/image\/"}},{"@type":"Person","@id":"https:\/\/progettotouring.it\/radiotouring104\/#\/schema\/person\/b9f9c3730b0a78814c9b9f3bfc52c619","name":"S L","image":{"@type":"ImageObject","inLanguage":"it-IT","@id":"https:\/\/secure.gravatar.com\/avatar\/652c51789d7030aaed9ff828331360502a68204fe6fb0831bc280515210e16d2?s=96&d=mm&r=g","url":"https:\/\/secure.gravatar.com\/avatar\/652c51789d7030aaed9ff828331360502a68204fe6fb0831bc280515210e16d2?s=96&d=mm&r=g","contentUrl":"https:\/\/secure.gravatar.com\/avatar\/652c51789d7030aaed9ff828331360502a68204fe6fb0831bc280515210e16d2?s=96&d=mm&r=g","caption":"S L"},"url":"https:\/\/progettotouring.it\/radiotouring104\/author\/slibri\/"}]}},"jetpack_publicize_connections":[],"jetpack_featured_media_url":"https:\/\/progettotouring.it\/radiotouring104\/wp-content\/uploads\/sites\/6\/2025\/09\/giovanni-latella-consigliere.jpg","jetpack_sharing_enabled":true,"_links":{"self":[{"href":"https:\/\/progettotouring.it\/radiotouring104\/wp-json\/wp\/v2\/posts\/86506","targetHints":{"allow":["GET"]}}],"collection":[{"href":"https:\/\/progettotouring.it\/radiotouring104\/wp-json\/wp\/v2\/posts"}],"about":[{"href":"https:\/\/progettotouring.it\/radiotouring104\/wp-json\/wp\/v2\/types\/post"}],"author":[{"embeddable":true,"href":"https:\/\/progettotouring.it\/radiotouring104\/wp-json\/wp\/v2\/users\/19"}],"replies":[{"embeddable":true,"href":"https:\/\/progettotouring.it\/radiotouring104\/wp-json\/wp\/v2\/comments?post=86506"}],"version-history":[{"count":1,"href":"https:\/\/progettotouring.it\/radiotouring104\/wp-json\/wp\/v2\/posts\/86506\/revisions"}],"predecessor-version":[{"id":86507,"href":"https:\/\/progettotouring.it\/radiotouring104\/wp-json\/wp\/v2\/posts\/86506\/revisions\/86507"}],"wp:featuredmedia":[{"embeddable":true,"href":"https:\/\/progettotouring.it\/radiotouring104\/wp-json\/wp\/v2\/media\/81032"}],"wp:attachment":[{"href":"https:\/\/progettotouring.it\/radiotouring104\/wp-json\/wp\/v2\/media?parent=86506"}],"wp:term":[{"taxonomy":"category","embeddable":true,"href":"https:\/\/progettotouring.it\/radiotouring104\/wp-json\/wp\/v2\/categories?post=86506"},{"taxonomy":"post_tag","embeddable":true,"href":"https:\/\/progettotouring.it\/radiotouring104\/wp-json\/wp\/v2\/tags?post=86506"}],"curies":[{"name":"wp","href":"https:\/\/api.w.org\/{rel}","templated":true}]}}