{"id":86508,"date":"2025-11-29T19:44:18","date_gmt":"2025-11-29T18:44:18","guid":{"rendered":"https:\/\/progettotouring.it\/radiotouring104\/?p=86508"},"modified":"2025-11-29T19:44:18","modified_gmt":"2025-11-29T18:44:18","slug":"gallina-intitolata-una-via-a-giuseppe-aliquo","status":"publish","type":"post","link":"https:\/\/progettotouring.it\/radiotouring104\/2025\/11\/29\/gallina-intitolata-una-via-a-giuseppe-aliquo\/","title":{"rendered":"Gallina: intitolata una via a Giuseppe Aliqu\u00f2"},"content":{"rendered":"<p>Si \u00e8 svolta nel pomeriggio di venerd\u00ec 28 novembre, nella popolosa frazione di Gallina, la cerimonia di intitolazione di una via in memoria di Giuseppe Aliqu\u00f2, figura centrale della storia sportiva e sociale del quartiere. Alla cerimonia hanno preso parte Domenico Cappellano, presidente della Commissione Toponomastica comunale, il sindaco Giuseppe Falcomat\u00e0, numerosi membri della famiglia Aliqu\u00f2 e diversi cittadini, riuniti per rendere omaggio a un protagonista della comunit\u00e0.<\/p>\n<p>Il presidente della Commissione Toponomastica ha ricordato il lavoro avviato dall\u2019amministrazione comunale per aggiornare le strade prive di denominazione, spesso causa di disagi per i cittadini. Ha sottolineato come la Commissione abbia scelto nella quasi totalit\u00e0 dei casi di intitolare nuove vie a figure reggine, per preservare la memoria storica della citt\u00e0 e renderla accessibile alle nuove generazioni. Ad oggi sono gi\u00e0 circa ottocento gli aggiornamenti toponomastici completati sul territorio comunale.<\/p>\n<p>Nel suo intervento Filippo Aliqu\u00f2 ha tracciato un ricordo intenso della figura del padre Giuseppe, nato a Reggio Calabria il 26 gennaio 1933 e scomparso l\u201911 gennaio 1994, cresciuto in una famiglia che ha segnato la vita culturale e civile della citt\u00e0. Funzionario dell\u2019ex IACP, oggi ATERP, era riconosciuto per la sua puntualit\u00e0, la dedizione al lavoro e un impegno rigoroso che lo accomunava alla tradizione familiare. Da giovane atleta della Fortitudo aveva primeggiato nelle gare di mezzofondo, diventando campione regionale. Negli anni successivi la sua passione sportiva si era tradotta nella guida competente e lungimirante della squadra di calcio S.C. Gallina 1969, che sotto la sua presidenza aveva scalato i campionati dilettantistici fino a raggiungere il Campionato Nazionale Dilettanti, oggi Serie D, e aveva ottenuto traguardi prestigiosi anche nel settore giovanile, arrivando alla finale nazionale Juniores di Firenze.<\/p>\n<p>Accanto ai risultati sportivi, Giuseppe Aliqu\u00f2 aveva svolto un ruolo significativo nel sociale, avvicinando allo sport generazioni di giovani reggini e conquistando la stima degli addetti ai lavori del calcio dilettantistico. La sua capacit\u00e0 organizzativa gli valse l\u2019affidamento di due tornei nazionali di grande rilievo. Fu proprio in vista di uno di questi eventi che intu\u00ec la necessit\u00e0 di un collegamento viario adeguato tra il campo sportivo e il centro abitato di Gallina, realizzando personalmente una nuova arteria stradale che negli anni si sarebbe rivelata fondamentale per la mobilit\u00e0 del quartiere e per i collegamenti con i centri montani.<\/p>\n<p>Il sindaco Giuseppe Falcomat\u00e0 ha espresso la gratitudine dell\u2019amministrazione e dell\u2019intera citt\u00e0 alla famiglia Aliqu\u00f2, ricordando come l\u2019impegno civico, sociale e sportivo dei cittadini rappresenti un tassello essenziale nella crescita della comunit\u00e0. Ha richiamato la stagione sportiva del Gallina come una delle esperienze pi\u00f9 significative del calcio locale, capace di ispirare un\u2019intera generazione, sottolineando che l\u2019intitolazione della strada non \u00e8 soltanto un atto di memoria ma un riconoscimento a un esempio di visione, operosit\u00e0 e dedizione che entra a far parte del patrimonio collettivo della citt\u00e0.<\/p>\n<p>&nbsp;<\/p>\n","protected":false},"excerpt":{"rendered":"<p>Si \u00e8 svolta nel pomeriggio di venerd\u00ec 28 novembre, nella popolosa frazione di Gallina, la cerimonia di intitolazione di una via in memoria di Giuseppe Aliqu\u00f2, figura centrale della storia&hellip;<\/p>\n","protected":false},"author":19,"featured_media":86509,"comment_status":"closed","ping_status":"open","sticky":false,"template":"","format":"standard","meta":{"_jetpack_memberships_contains_paid_content":false,"footnotes":"","jetpack_publicize_message":"","jetpack_publicize_feature_enabled":true,"jetpack_social_post_already_shared":true,"jetpack_social_options":{"image_generator_settings":{"template":"highway","default_image_id":0,"font":"","enabled":false},"version":2}},"categories":[921,196,140],"tags":[],"class_list":["post-86508","post","type-post","status-publish","format-standard","has-post-thumbnail","hentry","category-home","category-news","category-reggio-calabria"],"yoast_head":"<!-- This site is optimized with the Yoast SEO plugin v27.2 - https:\/\/yoast.com\/product\/yoast-seo-wordpress\/ -->\n<title>Gallina: intitolata una via a Giuseppe Aliqu\u00f2 - Radio Touring 104<\/title>\n<meta name=\"description\" content=\"Falcomat\u00e0:\u00a0\u201cL\u2019ingresso del suo nome nella toponomastica cittadina rappresenta un patrimonio collettivo e un riferimento per le generazioni future\u201d\" \/>\n<meta name=\"robots\" content=\"index, follow, max-snippet:-1, max-image-preview:large, max-video-preview:-1\" \/>\n<link rel=\"canonical\" href=\"https:\/\/progettotouring.it\/radiotouring104\/2025\/11\/29\/gallina-intitolata-una-via-a-giuseppe-aliquo\/\" \/>\n<meta property=\"og:locale\" content=\"it_IT\" \/>\n<meta property=\"og:type\" content=\"article\" \/>\n<meta property=\"og:title\" content=\"Gallina: intitolata una via a Giuseppe Aliqu\u00f2 - Radio Touring 104\" \/>\n<meta property=\"og:description\" content=\"Falcomat\u00e0:\u00a0\u201cL\u2019ingresso del suo nome nella toponomastica cittadina rappresenta un patrimonio collettivo e un riferimento per le generazioni future\u201d\" \/>\n<meta property=\"og:url\" content=\"https:\/\/progettotouring.it\/radiotouring104\/2025\/11\/29\/gallina-intitolata-una-via-a-giuseppe-aliquo\/\" \/>\n<meta property=\"og:site_name\" content=\"Radio Touring 104\" \/>\n<meta property=\"article:published_time\" content=\"2025-11-29T18:44:18+00:00\" \/>\n<meta property=\"og:image\" content=\"https:\/\/progettotouring.it\/radiotouring104\/wp-content\/uploads\/sites\/6\/2025\/11\/IMMAGINI-X-SITO-2025-11-29T194312.566.jpg\" \/>\n\t<meta property=\"og:image:width\" content=\"2000\" \/>\n\t<meta property=\"og:image:height\" content=\"1545\" \/>\n\t<meta property=\"og:image:type\" content=\"image\/jpeg\" \/>\n<meta name=\"author\" content=\"S L\" \/>\n<meta name=\"twitter:card\" content=\"summary_large_image\" \/>\n<meta name=\"twitter:label1\" content=\"Scritto da\" \/>\n\t<meta name=\"twitter:data1\" content=\"S L\" \/>\n\t<meta name=\"twitter:label2\" content=\"Tempo di lettura stimato\" \/>\n\t<meta name=\"twitter:data2\" content=\"2 minuti\" \/>\n<script type=\"application\/ld+json\" class=\"yoast-schema-graph\">{\"@context\":\"https:\/\/schema.org\",\"@graph\":[{\"@type\":\"Article\",\"@id\":\"https:\/\/progettotouring.it\/radiotouring104\/2025\/11\/29\/gallina-intitolata-una-via-a-giuseppe-aliquo\/#article\",\"isPartOf\":{\"@id\":\"https:\/\/progettotouring.it\/radiotouring104\/2025\/11\/29\/gallina-intitolata-una-via-a-giuseppe-aliquo\/\"},\"author\":{\"name\":\"S L\",\"@id\":\"https:\/\/progettotouring.it\/radiotouring104\/#\/schema\/person\/b9f9c3730b0a78814c9b9f3bfc52c619\"},\"headline\":\"Gallina: intitolata una via a Giuseppe Aliqu\u00f2\",\"datePublished\":\"2025-11-29T18:44:18+00:00\",\"mainEntityOfPage\":{\"@id\":\"https:\/\/progettotouring.it\/radiotouring104\/2025\/11\/29\/gallina-intitolata-una-via-a-giuseppe-aliquo\/\"},\"wordCount\":473,\"publisher\":{\"@id\":\"https:\/\/progettotouring.it\/radiotouring104\/#organization\"},\"image\":{\"@id\":\"https:\/\/progettotouring.it\/radiotouring104\/2025\/11\/29\/gallina-intitolata-una-via-a-giuseppe-aliquo\/#primaryimage\"},\"thumbnailUrl\":\"https:\/\/progettotouring.it\/radiotouring104\/wp-content\/uploads\/sites\/6\/2025\/11\/IMMAGINI-X-SITO-2025-11-29T194312.566.jpg\",\"articleSection\":[\"Home\",\"News\",\"Reggio Calabria\"],\"inLanguage\":\"it-IT\"},{\"@type\":\"WebPage\",\"@id\":\"https:\/\/progettotouring.it\/radiotouring104\/2025\/11\/29\/gallina-intitolata-una-via-a-giuseppe-aliquo\/\",\"url\":\"https:\/\/progettotouring.it\/radiotouring104\/2025\/11\/29\/gallina-intitolata-una-via-a-giuseppe-aliquo\/\",\"name\":\"Gallina: intitolata una via a Giuseppe Aliqu\u00f2 - Radio Touring 104\",\"isPartOf\":{\"@id\":\"https:\/\/progettotouring.it\/radiotouring104\/#website\"},\"primaryImageOfPage\":{\"@id\":\"https:\/\/progettotouring.it\/radiotouring104\/2025\/11\/29\/gallina-intitolata-una-via-a-giuseppe-aliquo\/#primaryimage\"},\"image\":{\"@id\":\"https:\/\/progettotouring.it\/radiotouring104\/2025\/11\/29\/gallina-intitolata-una-via-a-giuseppe-aliquo\/#primaryimage\"},\"thumbnailUrl\":\"https:\/\/progettotouring.it\/radiotouring104\/wp-content\/uploads\/sites\/6\/2025\/11\/IMMAGINI-X-SITO-2025-11-29T194312.566.jpg\",\"datePublished\":\"2025-11-29T18:44:18+00:00\",\"description\":\"Falcomat\u00e0:\u00a0\u201cL\u2019ingresso del suo nome nella toponomastica cittadina rappresenta un patrimonio collettivo e un riferimento per le generazioni future\u201d\",\"breadcrumb\":{\"@id\":\"https:\/\/progettotouring.it\/radiotouring104\/2025\/11\/29\/gallina-intitolata-una-via-a-giuseppe-aliquo\/#breadcrumb\"},\"inLanguage\":\"it-IT\",\"potentialAction\":[{\"@type\":\"ReadAction\",\"target\":[\"https:\/\/progettotouring.it\/radiotouring104\/2025\/11\/29\/gallina-intitolata-una-via-a-giuseppe-aliquo\/\"]}]},{\"@type\":\"ImageObject\",\"inLanguage\":\"it-IT\",\"@id\":\"https:\/\/progettotouring.it\/radiotouring104\/2025\/11\/29\/gallina-intitolata-una-via-a-giuseppe-aliquo\/#primaryimage\",\"url\":\"https:\/\/progettotouring.it\/radiotouring104\/wp-content\/uploads\/sites\/6\/2025\/11\/IMMAGINI-X-SITO-2025-11-29T194312.566.jpg\",\"contentUrl\":\"https:\/\/progettotouring.it\/radiotouring104\/wp-content\/uploads\/sites\/6\/2025\/11\/IMMAGINI-X-SITO-2025-11-29T194312.566.jpg\",\"width\":2000,\"height\":1545},{\"@type\":\"BreadcrumbList\",\"@id\":\"https:\/\/progettotouring.it\/radiotouring104\/2025\/11\/29\/gallina-intitolata-una-via-a-giuseppe-aliquo\/#breadcrumb\",\"itemListElement\":[{\"@type\":\"ListItem\",\"position\":1,\"name\":\"Home\",\"item\":\"https:\/\/progettotouring.it\/radiotouring104\/\"},{\"@type\":\"ListItem\",\"position\":2,\"name\":\"Gallina: intitolata una via a Giuseppe Aliqu\u00f2\"}]},{\"@type\":\"WebSite\",\"@id\":\"https:\/\/progettotouring.it\/radiotouring104\/#website\",\"url\":\"https:\/\/progettotouring.it\/radiotouring104\/\",\"name\":\"Radio Touring 104\",\"description\":\"La prima radio Reggina\",\"publisher\":{\"@id\":\"https:\/\/progettotouring.it\/radiotouring104\/#organization\"},\"potentialAction\":[{\"@type\":\"SearchAction\",\"target\":{\"@type\":\"EntryPoint\",\"urlTemplate\":\"https:\/\/progettotouring.it\/radiotouring104\/?s={search_term_string}\"},\"query-input\":{\"@type\":\"PropertyValueSpecification\",\"valueRequired\":true,\"valueName\":\"search_term_string\"}}],\"inLanguage\":\"it-IT\"},{\"@type\":\"Organization\",\"@id\":\"https:\/\/progettotouring.it\/radiotouring104\/#organization\",\"name\":\"Radio Touring 104\",\"url\":\"https:\/\/progettotouring.it\/radiotouring104\/\",\"logo\":{\"@type\":\"ImageObject\",\"inLanguage\":\"it-IT\",\"@id\":\"https:\/\/progettotouring.it\/radiotouring104\/#\/schema\/logo\/image\/\",\"url\":\"https:\/\/progettotouring.it\/radiotouring104\/wp-content\/uploads\/sites\/6\/2022\/02\/cropped-logo-radio-touring-104.png\",\"contentUrl\":\"https:\/\/progettotouring.it\/radiotouring104\/wp-content\/uploads\/sites\/6\/2022\/02\/cropped-logo-radio-touring-104.png\",\"width\":377,\"height\":182,\"caption\":\"Radio Touring 104\"},\"image\":{\"@id\":\"https:\/\/progettotouring.it\/radiotouring104\/#\/schema\/logo\/image\/\"}},{\"@type\":\"Person\",\"@id\":\"https:\/\/progettotouring.it\/radiotouring104\/#\/schema\/person\/b9f9c3730b0a78814c9b9f3bfc52c619\",\"name\":\"S L\",\"image\":{\"@type\":\"ImageObject\",\"inLanguage\":\"it-IT\",\"@id\":\"https:\/\/secure.gravatar.com\/avatar\/652c51789d7030aaed9ff828331360502a68204fe6fb0831bc280515210e16d2?s=96&d=mm&r=g\",\"url\":\"https:\/\/secure.gravatar.com\/avatar\/652c51789d7030aaed9ff828331360502a68204fe6fb0831bc280515210e16d2?s=96&d=mm&r=g\",\"contentUrl\":\"https:\/\/secure.gravatar.com\/avatar\/652c51789d7030aaed9ff828331360502a68204fe6fb0831bc280515210e16d2?s=96&d=mm&r=g\",\"caption\":\"S L\"},\"url\":\"https:\/\/progettotouring.it\/radiotouring104\/author\/slibri\/\"}]}<\/script>\n<!-- \/ Yoast SEO plugin. -->","yoast_head_json":{"title":"Gallina: intitolata una via a Giuseppe Aliqu\u00f2 - Radio Touring 104","description":"Falcomat\u00e0:\u00a0\u201cL\u2019ingresso del suo nome nella toponomastica cittadina rappresenta un patrimonio collettivo e un riferimento per le generazioni future\u201d","robots":{"index":"index","follow":"follow","max-snippet":"max-snippet:-1","max-image-preview":"max-image-preview:large","max-video-preview":"max-video-preview:-1"},"canonical":"https:\/\/progettotouring.it\/radiotouring104\/2025\/11\/29\/gallina-intitolata-una-via-a-giuseppe-aliquo\/","og_locale":"it_IT","og_type":"article","og_title":"Gallina: intitolata una via a Giuseppe Aliqu\u00f2 - Radio Touring 104","og_description":"Falcomat\u00e0:\u00a0\u201cL\u2019ingresso del suo nome nella toponomastica cittadina rappresenta un patrimonio collettivo e un riferimento per le generazioni future\u201d","og_url":"https:\/\/progettotouring.it\/radiotouring104\/2025\/11\/29\/gallina-intitolata-una-via-a-giuseppe-aliquo\/","og_site_name":"Radio Touring 104","article_published_time":"2025-11-29T18:44:18+00:00","og_image":[{"width":2000,"height":1545,"url":"https:\/\/progettotouring.it\/radiotouring104\/wp-content\/uploads\/sites\/6\/2025\/11\/IMMAGINI-X-SITO-2025-11-29T194312.566.jpg","type":"image\/jpeg"}],"author":"S L","twitter_card":"summary_large_image","twitter_misc":{"Scritto da":"S L","Tempo di lettura stimato":"2 minuti"},"schema":{"@context":"https:\/\/schema.org","@graph":[{"@type":"Article","@id":"https:\/\/progettotouring.it\/radiotouring104\/2025\/11\/29\/gallina-intitolata-una-via-a-giuseppe-aliquo\/#article","isPartOf":{"@id":"https:\/\/progettotouring.it\/radiotouring104\/2025\/11\/29\/gallina-intitolata-una-via-a-giuseppe-aliquo\/"},"author":{"name":"S L","@id":"https:\/\/progettotouring.it\/radiotouring104\/#\/schema\/person\/b9f9c3730b0a78814c9b9f3bfc52c619"},"headline":"Gallina: intitolata una via a Giuseppe Aliqu\u00f2","datePublished":"2025-11-29T18:44:18+00:00","mainEntityOfPage":{"@id":"https:\/\/progettotouring.it\/radiotouring104\/2025\/11\/29\/gallina-intitolata-una-via-a-giuseppe-aliquo\/"},"wordCount":473,"publisher":{"@id":"https:\/\/progettotouring.it\/radiotouring104\/#organization"},"image":{"@id":"https:\/\/progettotouring.it\/radiotouring104\/2025\/11\/29\/gallina-intitolata-una-via-a-giuseppe-aliquo\/#primaryimage"},"thumbnailUrl":"https:\/\/progettotouring.it\/radiotouring104\/wp-content\/uploads\/sites\/6\/2025\/11\/IMMAGINI-X-SITO-2025-11-29T194312.566.jpg","articleSection":["Home","News","Reggio Calabria"],"inLanguage":"it-IT"},{"@type":"WebPage","@id":"https:\/\/progettotouring.it\/radiotouring104\/2025\/11\/29\/gallina-intitolata-una-via-a-giuseppe-aliquo\/","url":"https:\/\/progettotouring.it\/radiotouring104\/2025\/11\/29\/gallina-intitolata-una-via-a-giuseppe-aliquo\/","name":"Gallina: intitolata una via a Giuseppe Aliqu\u00f2 - Radio Touring 104","isPartOf":{"@id":"https:\/\/progettotouring.it\/radiotouring104\/#website"},"primaryImageOfPage":{"@id":"https:\/\/progettotouring.it\/radiotouring104\/2025\/11\/29\/gallina-intitolata-una-via-a-giuseppe-aliquo\/#primaryimage"},"image":{"@id":"https:\/\/progettotouring.it\/radiotouring104\/2025\/11\/29\/gallina-intitolata-una-via-a-giuseppe-aliquo\/#primaryimage"},"thumbnailUrl":"https:\/\/progettotouring.it\/radiotouring104\/wp-content\/uploads\/sites\/6\/2025\/11\/IMMAGINI-X-SITO-2025-11-29T194312.566.jpg","datePublished":"2025-11-29T18:44:18+00:00","description":"Falcomat\u00e0:\u00a0\u201cL\u2019ingresso del suo nome nella toponomastica cittadina rappresenta un patrimonio collettivo e un riferimento per le generazioni future\u201d","breadcrumb":{"@id":"https:\/\/progettotouring.it\/radiotouring104\/2025\/11\/29\/gallina-intitolata-una-via-a-giuseppe-aliquo\/#breadcrumb"},"inLanguage":"it-IT","potentialAction":[{"@type":"ReadAction","target":["https:\/\/progettotouring.it\/radiotouring104\/2025\/11\/29\/gallina-intitolata-una-via-a-giuseppe-aliquo\/"]}]},{"@type":"ImageObject","inLanguage":"it-IT","@id":"https:\/\/progettotouring.it\/radiotouring104\/2025\/11\/29\/gallina-intitolata-una-via-a-giuseppe-aliquo\/#primaryimage","url":"https:\/\/progettotouring.it\/radiotouring104\/wp-content\/uploads\/sites\/6\/2025\/11\/IMMAGINI-X-SITO-2025-11-29T194312.566.jpg","contentUrl":"https:\/\/progettotouring.it\/radiotouring104\/wp-content\/uploads\/sites\/6\/2025\/11\/IMMAGINI-X-SITO-2025-11-29T194312.566.jpg","width":2000,"height":1545},{"@type":"BreadcrumbList","@id":"https:\/\/progettotouring.it\/radiotouring104\/2025\/11\/29\/gallina-intitolata-una-via-a-giuseppe-aliquo\/#breadcrumb","itemListElement":[{"@type":"ListItem","position":1,"name":"Home","item":"https:\/\/progettotouring.it\/radiotouring104\/"},{"@type":"ListItem","position":2,"name":"Gallina: intitolata una via a Giuseppe Aliqu\u00f2"}]},{"@type":"WebSite","@id":"https:\/\/progettotouring.it\/radiotouring104\/#website","url":"https:\/\/progettotouring.it\/radiotouring104\/","name":"Radio Touring 104","description":"La prima radio Reggina","publisher":{"@id":"https:\/\/progettotouring.it\/radiotouring104\/#organization"},"potentialAction":[{"@type":"SearchAction","target":{"@type":"EntryPoint","urlTemplate":"https:\/\/progettotouring.it\/radiotouring104\/?s={search_term_string}"},"query-input":{"@type":"PropertyValueSpecification","valueRequired":true,"valueName":"search_term_string"}}],"inLanguage":"it-IT"},{"@type":"Organization","@id":"https:\/\/progettotouring.it\/radiotouring104\/#organization","name":"Radio Touring 104","url":"https:\/\/progettotouring.it\/radiotouring104\/","logo":{"@type":"ImageObject","inLanguage":"it-IT","@id":"https:\/\/progettotouring.it\/radiotouring104\/#\/schema\/logo\/image\/","url":"https:\/\/progettotouring.it\/radiotouring104\/wp-content\/uploads\/sites\/6\/2022\/02\/cropped-logo-radio-touring-104.png","contentUrl":"https:\/\/progettotouring.it\/radiotouring104\/wp-content\/uploads\/sites\/6\/2022\/02\/cropped-logo-radio-touring-104.png","width":377,"height":182,"caption":"Radio Touring 104"},"image":{"@id":"https:\/\/progettotouring.it\/radiotouring104\/#\/schema\/logo\/image\/"}},{"@type":"Person","@id":"https:\/\/progettotouring.it\/radiotouring104\/#\/schema\/person\/b9f9c3730b0a78814c9b9f3bfc52c619","name":"S L","image":{"@type":"ImageObject","inLanguage":"it-IT","@id":"https:\/\/secure.gravatar.com\/avatar\/652c51789d7030aaed9ff828331360502a68204fe6fb0831bc280515210e16d2?s=96&d=mm&r=g","url":"https:\/\/secure.gravatar.com\/avatar\/652c51789d7030aaed9ff828331360502a68204fe6fb0831bc280515210e16d2?s=96&d=mm&r=g","contentUrl":"https:\/\/secure.gravatar.com\/avatar\/652c51789d7030aaed9ff828331360502a68204fe6fb0831bc280515210e16d2?s=96&d=mm&r=g","caption":"S L"},"url":"https:\/\/progettotouring.it\/radiotouring104\/author\/slibri\/"}]}},"jetpack_publicize_connections":[],"jetpack_featured_media_url":"https:\/\/progettotouring.it\/radiotouring104\/wp-content\/uploads\/sites\/6\/2025\/11\/IMMAGINI-X-SITO-2025-11-29T194312.566.jpg","jetpack_sharing_enabled":true,"_links":{"self":[{"href":"https:\/\/progettotouring.it\/radiotouring104\/wp-json\/wp\/v2\/posts\/86508","targetHints":{"allow":["GET"]}}],"collection":[{"href":"https:\/\/progettotouring.it\/radiotouring104\/wp-json\/wp\/v2\/posts"}],"about":[{"href":"https:\/\/progettotouring.it\/radiotouring104\/wp-json\/wp\/v2\/types\/post"}],"author":[{"embeddable":true,"href":"https:\/\/progettotouring.it\/radiotouring104\/wp-json\/wp\/v2\/users\/19"}],"replies":[{"embeddable":true,"href":"https:\/\/progettotouring.it\/radiotouring104\/wp-json\/wp\/v2\/comments?post=86508"}],"version-history":[{"count":1,"href":"https:\/\/progettotouring.it\/radiotouring104\/wp-json\/wp\/v2\/posts\/86508\/revisions"}],"predecessor-version":[{"id":86510,"href":"https:\/\/progettotouring.it\/radiotouring104\/wp-json\/wp\/v2\/posts\/86508\/revisions\/86510"}],"wp:featuredmedia":[{"embeddable":true,"href":"https:\/\/progettotouring.it\/radiotouring104\/wp-json\/wp\/v2\/media\/86509"}],"wp:attachment":[{"href":"https:\/\/progettotouring.it\/radiotouring104\/wp-json\/wp\/v2\/media?parent=86508"}],"wp:term":[{"taxonomy":"category","embeddable":true,"href":"https:\/\/progettotouring.it\/radiotouring104\/wp-json\/wp\/v2\/categories?post=86508"},{"taxonomy":"post_tag","embeddable":true,"href":"https:\/\/progettotouring.it\/radiotouring104\/wp-json\/wp\/v2\/tags?post=86508"}],"curies":[{"name":"wp","href":"https:\/\/api.w.org\/{rel}","templated":true}]}}