{"id":86517,"date":"2025-11-29T20:08:17","date_gmt":"2025-11-29T19:08:17","guid":{"rendered":"https:\/\/progettotouring.it\/radiotouring104\/?p=86517"},"modified":"2025-11-29T20:08:38","modified_gmt":"2025-11-29T19:08:38","slug":"lettera-aperta-alla-direzione-sanitaria-dellospedale-metropolitano-di-reggio-calabria","status":"publish","type":"post","link":"https:\/\/progettotouring.it\/radiotouring104\/2025\/11\/29\/lettera-aperta-alla-direzione-sanitaria-dellospedale-metropolitano-di-reggio-calabria\/","title":{"rendered":"Lettera aperta alla Direzione Sanitaria dell\u2019Ospedale Metropolitano di Reggio Calabria"},"content":{"rendered":"<p>Desidero rivolgere un sincero ringraziamento e una riflessione alla Direzione Sanitaria dell\u2019Ospedale Metropolitano di Reggio Calabria, a seguito dell\u2019esperienza vissuta accanto a mia zia, ricoverata presso il reparto di Ginecologia, guidato dal Dr. Stefano Palomba, e assistita con grande umanit\u00e0 e professionalit\u00e0 da tutta l\u2019\u00e9quipe.<\/p>\n<p>In un mese, tante sono state le mani attente, le parole significative e le cure dedicate, dagli operatori socio-sanitari alle infermiere Pina e Antonella, fino alla dott.ssa Costantino, anestesista di profonda competenza e sensibilit\u00e0, ma tante altre nessuna escluse.<\/p>\n<p>Senza di loro, anche un primario capace e brillante come il Dr. Palomba non avrebbe potuto portare a compimento, con successo, un delicato processo di guarigione.<\/p>\n<p>Ognuno, con il proprio ruolo, ha contribuito a trasformare un percorso di cura complesso in un\u2019esperienza di fiducia e speranza.<\/p>\n<p>Accanto a questa umanit\u00e0 viva, ho visto anche le difficolt\u00e0 che ogni giorno pesano su chi lavora in corsia: carenze di personale, risorse insufficienti, tempi di attesa e tensioni comunicative che rendono il lavoro sanitario una vera e propria sfida quotidiana.<\/p>\n<p>Come cittadina e caregiver, sento il dovere di testimoniare che la forza di un ospedale non si misura solo nella competenza tecnica, ma nella qualit\u00e0 delle relazioni umane che riesce a costruire con chi soffre e con chi accompagna.<\/p>\n<p>E come counselor relazionale, so che senza le competenze comunicative e di ascolto che negli anni ho maturato, sarebbe stato difficile affrontare con equilibrio il rapporto con il dolore, con la paura e con le inevitabili complessit\u00e0 relazionali che si vivono nei reparti.<\/p>\n<p>Da questa consapevolezza nasce anche un appello alla politica e al sistema sanitario:<\/p>\n<p>che chi amministra la sanit\u00e0 pubblica e partecipa ai processi di nomina e sostegno dei primari scelga di guardare alle persone, non agli interessi;<\/p>\n<p>che ascolti con rispetto e continuit\u00e0 i primari e le loro \u00e9quipe, per comprendere ci\u00f2 che realmente serve a migliorare la qualit\u00e0 dei servizi e il benessere di chi vi lavora.<\/p>\n<p>Una sanit\u00e0 pubblica sana e credibile si costruisce investendo non solo in strutture e strumenti, ma anche nella formazione relazionale, nel rafforzamento del personale OSS e infermieristico, e nella promozione di spazi di ascolto per caregiver e familiari.<\/p>\n<p>Perch\u00e9 la cura diventi un processo condiviso, umano e sostenibile.<\/p>\n<p>La buona sanit\u00e0 non \u00e8 un privilegio, ma un diritto fondato sulla presenza, sulla competenza e sull\u2019umanit\u00e0.<\/p>\n<p>E in questa esperienza, ho visto il volto migliore della nostra Calabria: quello di chi, pur tra mille difficolt\u00e0, sceglie ogni giorno di servire la vita con professionalit\u00e0 e cuore.<\/p>\n<p>Con stima e gratitudine,<\/p>\n<p>Angela Latella<\/p>\n<p>Counselor Relazionale e cittadina della splendida Reggio Calabria<\/p>\n<p>&nbsp;<\/p>\n","protected":false},"excerpt":{"rendered":"<p>Desidero rivolgere un sincero ringraziamento e una riflessione alla Direzione Sanitaria dell\u2019Ospedale Metropolitano di Reggio Calabria, a seguito dell\u2019esperienza vissuta accanto a mia zia, ricoverata presso il reparto di Ginecologia,&hellip;<\/p>\n","protected":false},"author":5,"featured_media":24308,"comment_status":"closed","ping_status":"open","sticky":false,"template":"","format":"standard","meta":{"_jetpack_memberships_contains_paid_content":false,"footnotes":"","jetpack_publicize_message":"","jetpack_publicize_feature_enabled":true,"jetpack_social_post_already_shared":true,"jetpack_social_options":{"image_generator_settings":{"template":"highway","default_image_id":0,"font":"","enabled":false},"version":2}},"categories":[921,196,140],"tags":[],"class_list":["post-86517","post","type-post","status-publish","format-standard","has-post-thumbnail","hentry","category-home","category-news","category-reggio-calabria"],"yoast_head":"<!-- This site is optimized with the Yoast SEO plugin v27.2 - https:\/\/yoast.com\/product\/yoast-seo-wordpress\/ -->\n<title>Lettera aperta alla Direzione Sanitaria dell\u2019Ospedale Metropolitano di Reggio Calabria - Radio Touring 104<\/title>\n<meta name=\"description\" content=\"Riceviamo e pubblichiamo lo scritto di una familiare di paziente ricoverata in Ginecologia\" \/>\n<meta name=\"robots\" content=\"index, follow, max-snippet:-1, max-image-preview:large, max-video-preview:-1\" \/>\n<link rel=\"canonical\" href=\"https:\/\/progettotouring.it\/radiotouring104\/2025\/11\/29\/lettera-aperta-alla-direzione-sanitaria-dellospedale-metropolitano-di-reggio-calabria\/\" \/>\n<meta property=\"og:locale\" content=\"it_IT\" \/>\n<meta property=\"og:type\" content=\"article\" \/>\n<meta property=\"og:title\" content=\"Lettera aperta alla Direzione Sanitaria dell\u2019Ospedale Metropolitano di Reggio Calabria - Radio Touring 104\" \/>\n<meta property=\"og:description\" content=\"Riceviamo e pubblichiamo lo scritto di una familiare di paziente ricoverata in Ginecologia\" \/>\n<meta property=\"og:url\" content=\"https:\/\/progettotouring.it\/radiotouring104\/2025\/11\/29\/lettera-aperta-alla-direzione-sanitaria-dellospedale-metropolitano-di-reggio-calabria\/\" \/>\n<meta property=\"og:site_name\" content=\"Radio Touring 104\" \/>\n<meta property=\"article:published_time\" content=\"2025-11-29T19:08:17+00:00\" \/>\n<meta property=\"article:modified_time\" content=\"2025-11-29T19:08:38+00:00\" \/>\n<meta property=\"og:image\" content=\"https:\/\/progettotouring.it\/radiotouring104\/wp-content\/uploads\/sites\/6\/2023\/04\/Gom-Bianchi-Malacrino-Morelli.jpg\" \/>\n\t<meta property=\"og:image:width\" content=\"400\" \/>\n\t<meta property=\"og:image:height\" content=\"400\" \/>\n\t<meta property=\"og:image:type\" content=\"image\/jpeg\" \/>\n<meta name=\"author\" content=\"redazione\" \/>\n<meta name=\"twitter:card\" content=\"summary_large_image\" \/>\n<meta name=\"twitter:label1\" content=\"Scritto da\" \/>\n\t<meta name=\"twitter:data1\" content=\"redazione\" \/>\n\t<meta name=\"twitter:label2\" content=\"Tempo di lettura stimato\" \/>\n\t<meta name=\"twitter:data2\" content=\"2 minuti\" \/>\n<script type=\"application\/ld+json\" class=\"yoast-schema-graph\">{\"@context\":\"https:\/\/schema.org\",\"@graph\":[{\"@type\":\"Article\",\"@id\":\"https:\/\/progettotouring.it\/radiotouring104\/2025\/11\/29\/lettera-aperta-alla-direzione-sanitaria-dellospedale-metropolitano-di-reggio-calabria\/#article\",\"isPartOf\":{\"@id\":\"https:\/\/progettotouring.it\/radiotouring104\/2025\/11\/29\/lettera-aperta-alla-direzione-sanitaria-dellospedale-metropolitano-di-reggio-calabria\/\"},\"author\":{\"name\":\"redazione\",\"@id\":\"https:\/\/progettotouring.it\/radiotouring104\/#\/schema\/person\/1b3eb3c07c47136bc44c785c543e635f\"},\"headline\":\"Lettera aperta alla Direzione Sanitaria dell\u2019Ospedale Metropolitano di Reggio Calabria\",\"datePublished\":\"2025-11-29T19:08:17+00:00\",\"dateModified\":\"2025-11-29T19:08:38+00:00\",\"mainEntityOfPage\":{\"@id\":\"https:\/\/progettotouring.it\/radiotouring104\/2025\/11\/29\/lettera-aperta-alla-direzione-sanitaria-dellospedale-metropolitano-di-reggio-calabria\/\"},\"wordCount\":447,\"publisher\":{\"@id\":\"https:\/\/progettotouring.it\/radiotouring104\/#organization\"},\"image\":{\"@id\":\"https:\/\/progettotouring.it\/radiotouring104\/2025\/11\/29\/lettera-aperta-alla-direzione-sanitaria-dellospedale-metropolitano-di-reggio-calabria\/#primaryimage\"},\"thumbnailUrl\":\"https:\/\/progettotouring.it\/radiotouring104\/wp-content\/uploads\/sites\/6\/2023\/04\/Gom-Bianchi-Malacrino-Morelli.jpg\",\"articleSection\":[\"Home\",\"News\",\"Reggio Calabria\"],\"inLanguage\":\"it-IT\"},{\"@type\":\"WebPage\",\"@id\":\"https:\/\/progettotouring.it\/radiotouring104\/2025\/11\/29\/lettera-aperta-alla-direzione-sanitaria-dellospedale-metropolitano-di-reggio-calabria\/\",\"url\":\"https:\/\/progettotouring.it\/radiotouring104\/2025\/11\/29\/lettera-aperta-alla-direzione-sanitaria-dellospedale-metropolitano-di-reggio-calabria\/\",\"name\":\"Lettera aperta alla Direzione Sanitaria dell\u2019Ospedale Metropolitano di Reggio Calabria - Radio Touring 104\",\"isPartOf\":{\"@id\":\"https:\/\/progettotouring.it\/radiotouring104\/#website\"},\"primaryImageOfPage\":{\"@id\":\"https:\/\/progettotouring.it\/radiotouring104\/2025\/11\/29\/lettera-aperta-alla-direzione-sanitaria-dellospedale-metropolitano-di-reggio-calabria\/#primaryimage\"},\"image\":{\"@id\":\"https:\/\/progettotouring.it\/radiotouring104\/2025\/11\/29\/lettera-aperta-alla-direzione-sanitaria-dellospedale-metropolitano-di-reggio-calabria\/#primaryimage\"},\"thumbnailUrl\":\"https:\/\/progettotouring.it\/radiotouring104\/wp-content\/uploads\/sites\/6\/2023\/04\/Gom-Bianchi-Malacrino-Morelli.jpg\",\"datePublished\":\"2025-11-29T19:08:17+00:00\",\"dateModified\":\"2025-11-29T19:08:38+00:00\",\"description\":\"Riceviamo e pubblichiamo lo scritto di una familiare di paziente ricoverata in Ginecologia\",\"breadcrumb\":{\"@id\":\"https:\/\/progettotouring.it\/radiotouring104\/2025\/11\/29\/lettera-aperta-alla-direzione-sanitaria-dellospedale-metropolitano-di-reggio-calabria\/#breadcrumb\"},\"inLanguage\":\"it-IT\",\"potentialAction\":[{\"@type\":\"ReadAction\",\"target\":[\"https:\/\/progettotouring.it\/radiotouring104\/2025\/11\/29\/lettera-aperta-alla-direzione-sanitaria-dellospedale-metropolitano-di-reggio-calabria\/\"]}]},{\"@type\":\"ImageObject\",\"inLanguage\":\"it-IT\",\"@id\":\"https:\/\/progettotouring.it\/radiotouring104\/2025\/11\/29\/lettera-aperta-alla-direzione-sanitaria-dellospedale-metropolitano-di-reggio-calabria\/#primaryimage\",\"url\":\"https:\/\/progettotouring.it\/radiotouring104\/wp-content\/uploads\/sites\/6\/2023\/04\/Gom-Bianchi-Malacrino-Morelli.jpg\",\"contentUrl\":\"https:\/\/progettotouring.it\/radiotouring104\/wp-content\/uploads\/sites\/6\/2023\/04\/Gom-Bianchi-Malacrino-Morelli.jpg\",\"width\":400,\"height\":400},{\"@type\":\"BreadcrumbList\",\"@id\":\"https:\/\/progettotouring.it\/radiotouring104\/2025\/11\/29\/lettera-aperta-alla-direzione-sanitaria-dellospedale-metropolitano-di-reggio-calabria\/#breadcrumb\",\"itemListElement\":[{\"@type\":\"ListItem\",\"position\":1,\"name\":\"Home\",\"item\":\"https:\/\/progettotouring.it\/radiotouring104\/\"},{\"@type\":\"ListItem\",\"position\":2,\"name\":\"Lettera aperta alla Direzione Sanitaria dell\u2019Ospedale Metropolitano di Reggio Calabria\"}]},{\"@type\":\"WebSite\",\"@id\":\"https:\/\/progettotouring.it\/radiotouring104\/#website\",\"url\":\"https:\/\/progettotouring.it\/radiotouring104\/\",\"name\":\"Radio Touring 104\",\"description\":\"La prima radio Reggina\",\"publisher\":{\"@id\":\"https:\/\/progettotouring.it\/radiotouring104\/#organization\"},\"potentialAction\":[{\"@type\":\"SearchAction\",\"target\":{\"@type\":\"EntryPoint\",\"urlTemplate\":\"https:\/\/progettotouring.it\/radiotouring104\/?s={search_term_string}\"},\"query-input\":{\"@type\":\"PropertyValueSpecification\",\"valueRequired\":true,\"valueName\":\"search_term_string\"}}],\"inLanguage\":\"it-IT\"},{\"@type\":\"Organization\",\"@id\":\"https:\/\/progettotouring.it\/radiotouring104\/#organization\",\"name\":\"Radio Touring 104\",\"url\":\"https:\/\/progettotouring.it\/radiotouring104\/\",\"logo\":{\"@type\":\"ImageObject\",\"inLanguage\":\"it-IT\",\"@id\":\"https:\/\/progettotouring.it\/radiotouring104\/#\/schema\/logo\/image\/\",\"url\":\"https:\/\/progettotouring.it\/radiotouring104\/wp-content\/uploads\/sites\/6\/2022\/02\/cropped-logo-radio-touring-104.png\",\"contentUrl\":\"https:\/\/progettotouring.it\/radiotouring104\/wp-content\/uploads\/sites\/6\/2022\/02\/cropped-logo-radio-touring-104.png\",\"width\":377,\"height\":182,\"caption\":\"Radio Touring 104\"},\"image\":{\"@id\":\"https:\/\/progettotouring.it\/radiotouring104\/#\/schema\/logo\/image\/\"}},{\"@type\":\"Person\",\"@id\":\"https:\/\/progettotouring.it\/radiotouring104\/#\/schema\/person\/1b3eb3c07c47136bc44c785c543e635f\",\"name\":\"redazione\",\"image\":{\"@type\":\"ImageObject\",\"inLanguage\":\"it-IT\",\"@id\":\"https:\/\/secure.gravatar.com\/avatar\/0b31605b49f100769e8b624b3e05de1b73e1692e9568a352f60f53fd072e6e11?s=96&d=mm&r=g\",\"url\":\"https:\/\/secure.gravatar.com\/avatar\/0b31605b49f100769e8b624b3e05de1b73e1692e9568a352f60f53fd072e6e11?s=96&d=mm&r=g\",\"contentUrl\":\"https:\/\/secure.gravatar.com\/avatar\/0b31605b49f100769e8b624b3e05de1b73e1692e9568a352f60f53fd072e6e11?s=96&d=mm&r=g\",\"caption\":\"redazione\"},\"url\":\"https:\/\/progettotouring.it\/radiotouring104\/author\/redazione\/\"}]}<\/script>\n<!-- \/ Yoast SEO plugin. -->","yoast_head_json":{"title":"Lettera aperta alla Direzione Sanitaria dell\u2019Ospedale Metropolitano di Reggio Calabria - Radio Touring 104","description":"Riceviamo e pubblichiamo lo scritto di una familiare di paziente ricoverata in Ginecologia","robots":{"index":"index","follow":"follow","max-snippet":"max-snippet:-1","max-image-preview":"max-image-preview:large","max-video-preview":"max-video-preview:-1"},"canonical":"https:\/\/progettotouring.it\/radiotouring104\/2025\/11\/29\/lettera-aperta-alla-direzione-sanitaria-dellospedale-metropolitano-di-reggio-calabria\/","og_locale":"it_IT","og_type":"article","og_title":"Lettera aperta alla Direzione Sanitaria dell\u2019Ospedale Metropolitano di Reggio Calabria - Radio Touring 104","og_description":"Riceviamo e pubblichiamo lo scritto di una familiare di paziente ricoverata in Ginecologia","og_url":"https:\/\/progettotouring.it\/radiotouring104\/2025\/11\/29\/lettera-aperta-alla-direzione-sanitaria-dellospedale-metropolitano-di-reggio-calabria\/","og_site_name":"Radio Touring 104","article_published_time":"2025-11-29T19:08:17+00:00","article_modified_time":"2025-11-29T19:08:38+00:00","og_image":[{"width":400,"height":400,"url":"https:\/\/progettotouring.it\/radiotouring104\/wp-content\/uploads\/sites\/6\/2023\/04\/Gom-Bianchi-Malacrino-Morelli.jpg","type":"image\/jpeg"}],"author":"redazione","twitter_card":"summary_large_image","twitter_misc":{"Scritto da":"redazione","Tempo di lettura stimato":"2 minuti"},"schema":{"@context":"https:\/\/schema.org","@graph":[{"@type":"Article","@id":"https:\/\/progettotouring.it\/radiotouring104\/2025\/11\/29\/lettera-aperta-alla-direzione-sanitaria-dellospedale-metropolitano-di-reggio-calabria\/#article","isPartOf":{"@id":"https:\/\/progettotouring.it\/radiotouring104\/2025\/11\/29\/lettera-aperta-alla-direzione-sanitaria-dellospedale-metropolitano-di-reggio-calabria\/"},"author":{"name":"redazione","@id":"https:\/\/progettotouring.it\/radiotouring104\/#\/schema\/person\/1b3eb3c07c47136bc44c785c543e635f"},"headline":"Lettera aperta alla Direzione Sanitaria dell\u2019Ospedale Metropolitano di Reggio Calabria","datePublished":"2025-11-29T19:08:17+00:00","dateModified":"2025-11-29T19:08:38+00:00","mainEntityOfPage":{"@id":"https:\/\/progettotouring.it\/radiotouring104\/2025\/11\/29\/lettera-aperta-alla-direzione-sanitaria-dellospedale-metropolitano-di-reggio-calabria\/"},"wordCount":447,"publisher":{"@id":"https:\/\/progettotouring.it\/radiotouring104\/#organization"},"image":{"@id":"https:\/\/progettotouring.it\/radiotouring104\/2025\/11\/29\/lettera-aperta-alla-direzione-sanitaria-dellospedale-metropolitano-di-reggio-calabria\/#primaryimage"},"thumbnailUrl":"https:\/\/progettotouring.it\/radiotouring104\/wp-content\/uploads\/sites\/6\/2023\/04\/Gom-Bianchi-Malacrino-Morelli.jpg","articleSection":["Home","News","Reggio Calabria"],"inLanguage":"it-IT"},{"@type":"WebPage","@id":"https:\/\/progettotouring.it\/radiotouring104\/2025\/11\/29\/lettera-aperta-alla-direzione-sanitaria-dellospedale-metropolitano-di-reggio-calabria\/","url":"https:\/\/progettotouring.it\/radiotouring104\/2025\/11\/29\/lettera-aperta-alla-direzione-sanitaria-dellospedale-metropolitano-di-reggio-calabria\/","name":"Lettera aperta alla Direzione Sanitaria dell\u2019Ospedale Metropolitano di Reggio Calabria - Radio Touring 104","isPartOf":{"@id":"https:\/\/progettotouring.it\/radiotouring104\/#website"},"primaryImageOfPage":{"@id":"https:\/\/progettotouring.it\/radiotouring104\/2025\/11\/29\/lettera-aperta-alla-direzione-sanitaria-dellospedale-metropolitano-di-reggio-calabria\/#primaryimage"},"image":{"@id":"https:\/\/progettotouring.it\/radiotouring104\/2025\/11\/29\/lettera-aperta-alla-direzione-sanitaria-dellospedale-metropolitano-di-reggio-calabria\/#primaryimage"},"thumbnailUrl":"https:\/\/progettotouring.it\/radiotouring104\/wp-content\/uploads\/sites\/6\/2023\/04\/Gom-Bianchi-Malacrino-Morelli.jpg","datePublished":"2025-11-29T19:08:17+00:00","dateModified":"2025-11-29T19:08:38+00:00","description":"Riceviamo e pubblichiamo lo scritto di una familiare di paziente ricoverata in Ginecologia","breadcrumb":{"@id":"https:\/\/progettotouring.it\/radiotouring104\/2025\/11\/29\/lettera-aperta-alla-direzione-sanitaria-dellospedale-metropolitano-di-reggio-calabria\/#breadcrumb"},"inLanguage":"it-IT","potentialAction":[{"@type":"ReadAction","target":["https:\/\/progettotouring.it\/radiotouring104\/2025\/11\/29\/lettera-aperta-alla-direzione-sanitaria-dellospedale-metropolitano-di-reggio-calabria\/"]}]},{"@type":"ImageObject","inLanguage":"it-IT","@id":"https:\/\/progettotouring.it\/radiotouring104\/2025\/11\/29\/lettera-aperta-alla-direzione-sanitaria-dellospedale-metropolitano-di-reggio-calabria\/#primaryimage","url":"https:\/\/progettotouring.it\/radiotouring104\/wp-content\/uploads\/sites\/6\/2023\/04\/Gom-Bianchi-Malacrino-Morelli.jpg","contentUrl":"https:\/\/progettotouring.it\/radiotouring104\/wp-content\/uploads\/sites\/6\/2023\/04\/Gom-Bianchi-Malacrino-Morelli.jpg","width":400,"height":400},{"@type":"BreadcrumbList","@id":"https:\/\/progettotouring.it\/radiotouring104\/2025\/11\/29\/lettera-aperta-alla-direzione-sanitaria-dellospedale-metropolitano-di-reggio-calabria\/#breadcrumb","itemListElement":[{"@type":"ListItem","position":1,"name":"Home","item":"https:\/\/progettotouring.it\/radiotouring104\/"},{"@type":"ListItem","position":2,"name":"Lettera aperta alla Direzione Sanitaria dell\u2019Ospedale Metropolitano di Reggio Calabria"}]},{"@type":"WebSite","@id":"https:\/\/progettotouring.it\/radiotouring104\/#website","url":"https:\/\/progettotouring.it\/radiotouring104\/","name":"Radio Touring 104","description":"La prima radio Reggina","publisher":{"@id":"https:\/\/progettotouring.it\/radiotouring104\/#organization"},"potentialAction":[{"@type":"SearchAction","target":{"@type":"EntryPoint","urlTemplate":"https:\/\/progettotouring.it\/radiotouring104\/?s={search_term_string}"},"query-input":{"@type":"PropertyValueSpecification","valueRequired":true,"valueName":"search_term_string"}}],"inLanguage":"it-IT"},{"@type":"Organization","@id":"https:\/\/progettotouring.it\/radiotouring104\/#organization","name":"Radio Touring 104","url":"https:\/\/progettotouring.it\/radiotouring104\/","logo":{"@type":"ImageObject","inLanguage":"it-IT","@id":"https:\/\/progettotouring.it\/radiotouring104\/#\/schema\/logo\/image\/","url":"https:\/\/progettotouring.it\/radiotouring104\/wp-content\/uploads\/sites\/6\/2022\/02\/cropped-logo-radio-touring-104.png","contentUrl":"https:\/\/progettotouring.it\/radiotouring104\/wp-content\/uploads\/sites\/6\/2022\/02\/cropped-logo-radio-touring-104.png","width":377,"height":182,"caption":"Radio Touring 104"},"image":{"@id":"https:\/\/progettotouring.it\/radiotouring104\/#\/schema\/logo\/image\/"}},{"@type":"Person","@id":"https:\/\/progettotouring.it\/radiotouring104\/#\/schema\/person\/1b3eb3c07c47136bc44c785c543e635f","name":"redazione","image":{"@type":"ImageObject","inLanguage":"it-IT","@id":"https:\/\/secure.gravatar.com\/avatar\/0b31605b49f100769e8b624b3e05de1b73e1692e9568a352f60f53fd072e6e11?s=96&d=mm&r=g","url":"https:\/\/secure.gravatar.com\/avatar\/0b31605b49f100769e8b624b3e05de1b73e1692e9568a352f60f53fd072e6e11?s=96&d=mm&r=g","contentUrl":"https:\/\/secure.gravatar.com\/avatar\/0b31605b49f100769e8b624b3e05de1b73e1692e9568a352f60f53fd072e6e11?s=96&d=mm&r=g","caption":"redazione"},"url":"https:\/\/progettotouring.it\/radiotouring104\/author\/redazione\/"}]}},"jetpack_publicize_connections":[],"jetpack_featured_media_url":"https:\/\/progettotouring.it\/radiotouring104\/wp-content\/uploads\/sites\/6\/2023\/04\/Gom-Bianchi-Malacrino-Morelli.jpg","jetpack_sharing_enabled":true,"_links":{"self":[{"href":"https:\/\/progettotouring.it\/radiotouring104\/wp-json\/wp\/v2\/posts\/86517","targetHints":{"allow":["GET"]}}],"collection":[{"href":"https:\/\/progettotouring.it\/radiotouring104\/wp-json\/wp\/v2\/posts"}],"about":[{"href":"https:\/\/progettotouring.it\/radiotouring104\/wp-json\/wp\/v2\/types\/post"}],"author":[{"embeddable":true,"href":"https:\/\/progettotouring.it\/radiotouring104\/wp-json\/wp\/v2\/users\/5"}],"replies":[{"embeddable":true,"href":"https:\/\/progettotouring.it\/radiotouring104\/wp-json\/wp\/v2\/comments?post=86517"}],"version-history":[{"count":1,"href":"https:\/\/progettotouring.it\/radiotouring104\/wp-json\/wp\/v2\/posts\/86517\/revisions"}],"predecessor-version":[{"id":86518,"href":"https:\/\/progettotouring.it\/radiotouring104\/wp-json\/wp\/v2\/posts\/86517\/revisions\/86518"}],"wp:featuredmedia":[{"embeddable":true,"href":"https:\/\/progettotouring.it\/radiotouring104\/wp-json\/wp\/v2\/media\/24308"}],"wp:attachment":[{"href":"https:\/\/progettotouring.it\/radiotouring104\/wp-json\/wp\/v2\/media?parent=86517"}],"wp:term":[{"taxonomy":"category","embeddable":true,"href":"https:\/\/progettotouring.it\/radiotouring104\/wp-json\/wp\/v2\/categories?post=86517"},{"taxonomy":"post_tag","embeddable":true,"href":"https:\/\/progettotouring.it\/radiotouring104\/wp-json\/wp\/v2\/tags?post=86517"}],"curies":[{"name":"wp","href":"https:\/\/api.w.org\/{rel}","templated":true}]}}