{"id":86522,"date":"2025-11-29T20:31:01","date_gmt":"2025-11-29T19:31:01","guid":{"rendered":"https:\/\/progettotouring.it\/radiotouring104\/?p=86522"},"modified":"2025-11-29T20:31:01","modified_gmt":"2025-11-29T19:31:01","slug":"a-palazzo-alvaro-lincontro-uguaglianza-rispetto-e-tutela-una-prospettiva-trasversale-sulle-donne","status":"publish","type":"post","link":"https:\/\/progettotouring.it\/radiotouring104\/2025\/11\/29\/a-palazzo-alvaro-lincontro-uguaglianza-rispetto-e-tutela-una-prospettiva-trasversale-sulle-donne\/","title":{"rendered":"A Palazzo Alvaro l&#8217;incontro &#8220;Uguaglianza, rispetto e tutela, una prospettiva trasversale sulle donne&#8221;"},"content":{"rendered":"<div class=\"h-100 d-flex flex-column container-fluid message-container no-dark-filter pe-3 detail\">\n<div class=\"row message-content\">\n<div class=\"col-12 h-100 d-flex flex-column overflow-y\">\n<div class=\"card\">\n<div class=\"card-body message-content-body pt-0 d-flex flex-column gap-4 margin-left\">\n<div class=\"message-content-body-text\">\n<div class=\"message-content-text\">\n<div class=\"xam_msg_class\">\n<div dir=\"ltr\">\n<div>\n<p dir=\"ltr\">Un confronto a pi\u00f9 voci sulle tematiche dell\u2019uguaglianza, rispetto e tutela delle donne, promosso dalla Citt\u00e0 metropolitana di Reggio Calabria si \u00e8 svolto a Palazzo Alvaro. L\u2019iniziativa, coordinata dalla dott.ssa Daniela De Blasio e alla quale ha preso parte anche una delegazione di studenti, \u00e8 stata l\u2019occasione per un dibattito trasversale sul mondo della donna.<\/p>\n<p dir=\"ltr\">Nutrita la platea di interventi, dal mondo della giustizia, delle professioni e delle forze dell\u2019ordine. Il dibattito \u00e8 stato una naturale prosecuzione della <em>Giornata contro la violenza delle donne<\/em>, arricchito dagli interventi di: <strong>Antonella Stilo<\/strong>, magistrata vicaria della presidente del Tribunale di Reggio Calabria; <strong>Caterina Asciutto<\/strong>, magistrata e consigliera della Corte d\u2019Appello; <strong>Martina Chirico<\/strong>, Questura di Reggio Calabria; <strong>Susanna Quattrone<\/strong>, Confapi; <strong>Sofia Ciappina<\/strong>, psicologa; <strong>Giulia Iannace<\/strong>, ginecologa; <strong>Anna Maria Cama<\/strong>, dirigente scolastica; <strong>Maria Emanuela De Vito<\/strong>, avvocata; <strong>Francesca Mallamaci<\/strong>, centro antiviolenza \u2018<em>Angela Morabito\u2019<\/em>; <strong>Paola Carbone<\/strong>, Consigliera di Parit\u00e0 della Citt\u00e0 Metropolitana; <strong>Umberto Nucara<\/strong>, direttore generale e segretario generale della Citt\u00e0 Metropolitana.<\/p>\n<p dir=\"ltr\">\u201cE\u2019<em> stato un lungo cammino quello affrontato dalle donne per l\u2019affermazione dell\u2019uguaglianza e del rispetto<\/em> \u2013 ha detto De Blasio \u2013 <em>ma molti passi vanno ancora fatti. Oggi<\/em> <em>molto \u00e8 cambiato, abbiamo affrontato molte tappe, ma occorre proseguire e coinvolgere sempre pi\u00f9 giovani per una piena consapevolezza della parit\u00e0 dei diritti e dei doveri\u201d. Nel corso degli interventi \u00e8 stato anche evidenziato l\u2019aumento degli ammonimenti che la Questura ha elevato nei confronti di atteggiamenti violenti subiti dalle donne. Un elemento ritenuto comunque positivo, in quanto sta a significare la fiducia verso le forze dell\u2019ordine in generale, come soggetto al quale rivolgersi in determinate situazioni critiche&#8221;.<\/em><\/p>\n<\/div>\n<div>\n<div class=\"gmail_signature\" dir=\"ltr\" data-smartmail=\"gmail_signature\">\n<div dir=\"ltr\">\n<div><\/div>\n<\/div>\n<\/div>\n<\/div>\n<\/div>\n<\/div>\n<\/div>\n<\/div>\n<\/div>\n<\/div>\n<\/div>\n<\/div>\n<\/div>\n<div class=\"aru-sheet-modal\">\n<div id=\"sheet\" class=\"sheet\" aria-hidden=\"true\">\n<div class=\"contents\">\n<div class=\"header\">\n<div class=\"actions\">\n<div class=\"left\">\n<div class=\"top-text\">\n<div class=\"aru-button__inner aru-button__inner--md\n\n               \"><\/div>\n<\/div>\n<\/div>\n<div class=\"center\">\n<div class=\"modal-sheet-header\">\n<div><\/div>\n<\/div>\n<\/div>\n<\/div>\n<\/div>\n<\/div>\n<\/div>\n<\/div>\n","protected":false},"excerpt":{"rendered":"<p>Un confronto a pi\u00f9 voci sulle tematiche dell\u2019uguaglianza, rispetto e tutela delle donne, promosso dalla Citt\u00e0 metropolitana di Reggio Calabria si \u00e8 svolto a Palazzo Alvaro. L\u2019iniziativa, coordinata dalla dott.ssa&hellip;<\/p>\n","protected":false},"author":19,"featured_media":86523,"comment_status":"closed","ping_status":"open","sticky":false,"template":"","format":"standard","meta":{"_jetpack_memberships_contains_paid_content":false,"footnotes":"","jetpack_publicize_message":"","jetpack_publicize_feature_enabled":true,"jetpack_social_post_already_shared":true,"jetpack_social_options":{"image_generator_settings":{"template":"highway","default_image_id":0,"font":"","enabled":false},"version":2}},"categories":[921,196,140],"tags":[],"class_list":["post-86522","post","type-post","status-publish","format-standard","has-post-thumbnail","hentry","category-home","category-news","category-reggio-calabria"],"yoast_head":"<!-- This site is optimized with the Yoast SEO plugin v27.2 - https:\/\/yoast.com\/product\/yoast-seo-wordpress\/ -->\n<title>A Palazzo Alvaro l&#039;incontro &quot;Uguaglianza, rispetto e tutela, una prospettiva trasversale sulle donne&quot; - Radio Touring 104<\/title>\n<meta name=\"description\" content=\"Il dibattito \u00e8 stato una naturale prosecuzione della Giornata contro la violenza delle donne\" \/>\n<meta name=\"robots\" content=\"index, follow, max-snippet:-1, max-image-preview:large, max-video-preview:-1\" \/>\n<link rel=\"canonical\" href=\"https:\/\/progettotouring.it\/radiotouring104\/2025\/11\/29\/a-palazzo-alvaro-lincontro-uguaglianza-rispetto-e-tutela-una-prospettiva-trasversale-sulle-donne\/\" \/>\n<meta property=\"og:locale\" content=\"it_IT\" \/>\n<meta property=\"og:type\" content=\"article\" \/>\n<meta property=\"og:title\" content=\"A Palazzo Alvaro l&#039;incontro &quot;Uguaglianza, rispetto e tutela, una prospettiva trasversale sulle donne&quot; - Radio Touring 104\" \/>\n<meta property=\"og:description\" content=\"Il dibattito \u00e8 stato una naturale prosecuzione della Giornata contro la violenza delle donne\" \/>\n<meta property=\"og:url\" content=\"https:\/\/progettotouring.it\/radiotouring104\/2025\/11\/29\/a-palazzo-alvaro-lincontro-uguaglianza-rispetto-e-tutela-una-prospettiva-trasversale-sulle-donne\/\" \/>\n<meta property=\"og:site_name\" content=\"Radio Touring 104\" \/>\n<meta property=\"article:published_time\" content=\"2025-11-29T19:31:01+00:00\" \/>\n<meta property=\"og:image\" content=\"https:\/\/progettotouring.it\/radiotouring104\/wp-content\/uploads\/sites\/6\/2025\/11\/IMMAGINI-X-SITO-2025-11-29T203007.724.jpg\" \/>\n\t<meta property=\"og:image:width\" content=\"2000\" \/>\n\t<meta property=\"og:image:height\" content=\"1545\" \/>\n\t<meta property=\"og:image:type\" content=\"image\/jpeg\" \/>\n<meta name=\"author\" content=\"S L\" \/>\n<meta name=\"twitter:card\" content=\"summary_large_image\" \/>\n<meta name=\"twitter:label1\" content=\"Scritto da\" \/>\n\t<meta name=\"twitter:data1\" content=\"S L\" \/>\n\t<meta name=\"twitter:label2\" content=\"Tempo di lettura stimato\" \/>\n\t<meta name=\"twitter:data2\" content=\"1 minuto\" \/>\n<script type=\"application\/ld+json\" class=\"yoast-schema-graph\">{\"@context\":\"https:\/\/schema.org\",\"@graph\":[{\"@type\":\"Article\",\"@id\":\"https:\/\/progettotouring.it\/radiotouring104\/2025\/11\/29\/a-palazzo-alvaro-lincontro-uguaglianza-rispetto-e-tutela-una-prospettiva-trasversale-sulle-donne\/#article\",\"isPartOf\":{\"@id\":\"https:\/\/progettotouring.it\/radiotouring104\/2025\/11\/29\/a-palazzo-alvaro-lincontro-uguaglianza-rispetto-e-tutela-una-prospettiva-trasversale-sulle-donne\/\"},\"author\":{\"name\":\"S L\",\"@id\":\"https:\/\/progettotouring.it\/radiotouring104\/#\/schema\/person\/b9f9c3730b0a78814c9b9f3bfc52c619\"},\"headline\":\"A Palazzo Alvaro l&#8217;incontro &#8220;Uguaglianza, rispetto e tutela, una prospettiva trasversale sulle donne&#8221;\",\"datePublished\":\"2025-11-29T19:31:01+00:00\",\"mainEntityOfPage\":{\"@id\":\"https:\/\/progettotouring.it\/radiotouring104\/2025\/11\/29\/a-palazzo-alvaro-lincontro-uguaglianza-rispetto-e-tutela-una-prospettiva-trasversale-sulle-donne\/\"},\"wordCount\":277,\"publisher\":{\"@id\":\"https:\/\/progettotouring.it\/radiotouring104\/#organization\"},\"image\":{\"@id\":\"https:\/\/progettotouring.it\/radiotouring104\/2025\/11\/29\/a-palazzo-alvaro-lincontro-uguaglianza-rispetto-e-tutela-una-prospettiva-trasversale-sulle-donne\/#primaryimage\"},\"thumbnailUrl\":\"https:\/\/progettotouring.it\/radiotouring104\/wp-content\/uploads\/sites\/6\/2025\/11\/IMMAGINI-X-SITO-2025-11-29T203007.724.jpg\",\"articleSection\":[\"Home\",\"News\",\"Reggio Calabria\"],\"inLanguage\":\"it-IT\"},{\"@type\":\"WebPage\",\"@id\":\"https:\/\/progettotouring.it\/radiotouring104\/2025\/11\/29\/a-palazzo-alvaro-lincontro-uguaglianza-rispetto-e-tutela-una-prospettiva-trasversale-sulle-donne\/\",\"url\":\"https:\/\/progettotouring.it\/radiotouring104\/2025\/11\/29\/a-palazzo-alvaro-lincontro-uguaglianza-rispetto-e-tutela-una-prospettiva-trasversale-sulle-donne\/\",\"name\":\"A Palazzo Alvaro l'incontro \\\"Uguaglianza, rispetto e tutela, una prospettiva trasversale sulle donne\\\" - Radio Touring 104\",\"isPartOf\":{\"@id\":\"https:\/\/progettotouring.it\/radiotouring104\/#website\"},\"primaryImageOfPage\":{\"@id\":\"https:\/\/progettotouring.it\/radiotouring104\/2025\/11\/29\/a-palazzo-alvaro-lincontro-uguaglianza-rispetto-e-tutela-una-prospettiva-trasversale-sulle-donne\/#primaryimage\"},\"image\":{\"@id\":\"https:\/\/progettotouring.it\/radiotouring104\/2025\/11\/29\/a-palazzo-alvaro-lincontro-uguaglianza-rispetto-e-tutela-una-prospettiva-trasversale-sulle-donne\/#primaryimage\"},\"thumbnailUrl\":\"https:\/\/progettotouring.it\/radiotouring104\/wp-content\/uploads\/sites\/6\/2025\/11\/IMMAGINI-X-SITO-2025-11-29T203007.724.jpg\",\"datePublished\":\"2025-11-29T19:31:01+00:00\",\"description\":\"Il dibattito \u00e8 stato una naturale prosecuzione della Giornata contro la violenza delle donne\",\"breadcrumb\":{\"@id\":\"https:\/\/progettotouring.it\/radiotouring104\/2025\/11\/29\/a-palazzo-alvaro-lincontro-uguaglianza-rispetto-e-tutela-una-prospettiva-trasversale-sulle-donne\/#breadcrumb\"},\"inLanguage\":\"it-IT\",\"potentialAction\":[{\"@type\":\"ReadAction\",\"target\":[\"https:\/\/progettotouring.it\/radiotouring104\/2025\/11\/29\/a-palazzo-alvaro-lincontro-uguaglianza-rispetto-e-tutela-una-prospettiva-trasversale-sulle-donne\/\"]}]},{\"@type\":\"ImageObject\",\"inLanguage\":\"it-IT\",\"@id\":\"https:\/\/progettotouring.it\/radiotouring104\/2025\/11\/29\/a-palazzo-alvaro-lincontro-uguaglianza-rispetto-e-tutela-una-prospettiva-trasversale-sulle-donne\/#primaryimage\",\"url\":\"https:\/\/progettotouring.it\/radiotouring104\/wp-content\/uploads\/sites\/6\/2025\/11\/IMMAGINI-X-SITO-2025-11-29T203007.724.jpg\",\"contentUrl\":\"https:\/\/progettotouring.it\/radiotouring104\/wp-content\/uploads\/sites\/6\/2025\/11\/IMMAGINI-X-SITO-2025-11-29T203007.724.jpg\",\"width\":2000,\"height\":1545},{\"@type\":\"BreadcrumbList\",\"@id\":\"https:\/\/progettotouring.it\/radiotouring104\/2025\/11\/29\/a-palazzo-alvaro-lincontro-uguaglianza-rispetto-e-tutela-una-prospettiva-trasversale-sulle-donne\/#breadcrumb\",\"itemListElement\":[{\"@type\":\"ListItem\",\"position\":1,\"name\":\"Home\",\"item\":\"https:\/\/progettotouring.it\/radiotouring104\/\"},{\"@type\":\"ListItem\",\"position\":2,\"name\":\"A Palazzo Alvaro l&#8217;incontro &#8220;Uguaglianza, rispetto e tutela, una prospettiva trasversale sulle donne&#8221;\"}]},{\"@type\":\"WebSite\",\"@id\":\"https:\/\/progettotouring.it\/radiotouring104\/#website\",\"url\":\"https:\/\/progettotouring.it\/radiotouring104\/\",\"name\":\"Radio Touring 104\",\"description\":\"La prima radio Reggina\",\"publisher\":{\"@id\":\"https:\/\/progettotouring.it\/radiotouring104\/#organization\"},\"potentialAction\":[{\"@type\":\"SearchAction\",\"target\":{\"@type\":\"EntryPoint\",\"urlTemplate\":\"https:\/\/progettotouring.it\/radiotouring104\/?s={search_term_string}\"},\"query-input\":{\"@type\":\"PropertyValueSpecification\",\"valueRequired\":true,\"valueName\":\"search_term_string\"}}],\"inLanguage\":\"it-IT\"},{\"@type\":\"Organization\",\"@id\":\"https:\/\/progettotouring.it\/radiotouring104\/#organization\",\"name\":\"Radio Touring 104\",\"url\":\"https:\/\/progettotouring.it\/radiotouring104\/\",\"logo\":{\"@type\":\"ImageObject\",\"inLanguage\":\"it-IT\",\"@id\":\"https:\/\/progettotouring.it\/radiotouring104\/#\/schema\/logo\/image\/\",\"url\":\"https:\/\/progettotouring.it\/radiotouring104\/wp-content\/uploads\/sites\/6\/2022\/02\/cropped-logo-radio-touring-104.png\",\"contentUrl\":\"https:\/\/progettotouring.it\/radiotouring104\/wp-content\/uploads\/sites\/6\/2022\/02\/cropped-logo-radio-touring-104.png\",\"width\":377,\"height\":182,\"caption\":\"Radio Touring 104\"},\"image\":{\"@id\":\"https:\/\/progettotouring.it\/radiotouring104\/#\/schema\/logo\/image\/\"}},{\"@type\":\"Person\",\"@id\":\"https:\/\/progettotouring.it\/radiotouring104\/#\/schema\/person\/b9f9c3730b0a78814c9b9f3bfc52c619\",\"name\":\"S L\",\"image\":{\"@type\":\"ImageObject\",\"inLanguage\":\"it-IT\",\"@id\":\"https:\/\/secure.gravatar.com\/avatar\/652c51789d7030aaed9ff828331360502a68204fe6fb0831bc280515210e16d2?s=96&d=mm&r=g\",\"url\":\"https:\/\/secure.gravatar.com\/avatar\/652c51789d7030aaed9ff828331360502a68204fe6fb0831bc280515210e16d2?s=96&d=mm&r=g\",\"contentUrl\":\"https:\/\/secure.gravatar.com\/avatar\/652c51789d7030aaed9ff828331360502a68204fe6fb0831bc280515210e16d2?s=96&d=mm&r=g\",\"caption\":\"S L\"},\"url\":\"https:\/\/progettotouring.it\/radiotouring104\/author\/slibri\/\"}]}<\/script>\n<!-- \/ Yoast SEO plugin. -->","yoast_head_json":{"title":"A Palazzo Alvaro l'incontro \"Uguaglianza, rispetto e tutela, una prospettiva trasversale sulle donne\" - Radio Touring 104","description":"Il dibattito \u00e8 stato una naturale prosecuzione della Giornata contro la violenza delle donne","robots":{"index":"index","follow":"follow","max-snippet":"max-snippet:-1","max-image-preview":"max-image-preview:large","max-video-preview":"max-video-preview:-1"},"canonical":"https:\/\/progettotouring.it\/radiotouring104\/2025\/11\/29\/a-palazzo-alvaro-lincontro-uguaglianza-rispetto-e-tutela-una-prospettiva-trasversale-sulle-donne\/","og_locale":"it_IT","og_type":"article","og_title":"A Palazzo Alvaro l'incontro \"Uguaglianza, rispetto e tutela, una prospettiva trasversale sulle donne\" - Radio Touring 104","og_description":"Il dibattito \u00e8 stato una naturale prosecuzione della Giornata contro la violenza delle donne","og_url":"https:\/\/progettotouring.it\/radiotouring104\/2025\/11\/29\/a-palazzo-alvaro-lincontro-uguaglianza-rispetto-e-tutela-una-prospettiva-trasversale-sulle-donne\/","og_site_name":"Radio Touring 104","article_published_time":"2025-11-29T19:31:01+00:00","og_image":[{"width":2000,"height":1545,"url":"https:\/\/progettotouring.it\/radiotouring104\/wp-content\/uploads\/sites\/6\/2025\/11\/IMMAGINI-X-SITO-2025-11-29T203007.724.jpg","type":"image\/jpeg"}],"author":"S L","twitter_card":"summary_large_image","twitter_misc":{"Scritto da":"S L","Tempo di lettura stimato":"1 minuto"},"schema":{"@context":"https:\/\/schema.org","@graph":[{"@type":"Article","@id":"https:\/\/progettotouring.it\/radiotouring104\/2025\/11\/29\/a-palazzo-alvaro-lincontro-uguaglianza-rispetto-e-tutela-una-prospettiva-trasversale-sulle-donne\/#article","isPartOf":{"@id":"https:\/\/progettotouring.it\/radiotouring104\/2025\/11\/29\/a-palazzo-alvaro-lincontro-uguaglianza-rispetto-e-tutela-una-prospettiva-trasversale-sulle-donne\/"},"author":{"name":"S L","@id":"https:\/\/progettotouring.it\/radiotouring104\/#\/schema\/person\/b9f9c3730b0a78814c9b9f3bfc52c619"},"headline":"A Palazzo Alvaro l&#8217;incontro &#8220;Uguaglianza, rispetto e tutela, una prospettiva trasversale sulle donne&#8221;","datePublished":"2025-11-29T19:31:01+00:00","mainEntityOfPage":{"@id":"https:\/\/progettotouring.it\/radiotouring104\/2025\/11\/29\/a-palazzo-alvaro-lincontro-uguaglianza-rispetto-e-tutela-una-prospettiva-trasversale-sulle-donne\/"},"wordCount":277,"publisher":{"@id":"https:\/\/progettotouring.it\/radiotouring104\/#organization"},"image":{"@id":"https:\/\/progettotouring.it\/radiotouring104\/2025\/11\/29\/a-palazzo-alvaro-lincontro-uguaglianza-rispetto-e-tutela-una-prospettiva-trasversale-sulle-donne\/#primaryimage"},"thumbnailUrl":"https:\/\/progettotouring.it\/radiotouring104\/wp-content\/uploads\/sites\/6\/2025\/11\/IMMAGINI-X-SITO-2025-11-29T203007.724.jpg","articleSection":["Home","News","Reggio Calabria"],"inLanguage":"it-IT"},{"@type":"WebPage","@id":"https:\/\/progettotouring.it\/radiotouring104\/2025\/11\/29\/a-palazzo-alvaro-lincontro-uguaglianza-rispetto-e-tutela-una-prospettiva-trasversale-sulle-donne\/","url":"https:\/\/progettotouring.it\/radiotouring104\/2025\/11\/29\/a-palazzo-alvaro-lincontro-uguaglianza-rispetto-e-tutela-una-prospettiva-trasversale-sulle-donne\/","name":"A Palazzo Alvaro l'incontro \"Uguaglianza, rispetto e tutela, una prospettiva trasversale sulle donne\" - Radio Touring 104","isPartOf":{"@id":"https:\/\/progettotouring.it\/radiotouring104\/#website"},"primaryImageOfPage":{"@id":"https:\/\/progettotouring.it\/radiotouring104\/2025\/11\/29\/a-palazzo-alvaro-lincontro-uguaglianza-rispetto-e-tutela-una-prospettiva-trasversale-sulle-donne\/#primaryimage"},"image":{"@id":"https:\/\/progettotouring.it\/radiotouring104\/2025\/11\/29\/a-palazzo-alvaro-lincontro-uguaglianza-rispetto-e-tutela-una-prospettiva-trasversale-sulle-donne\/#primaryimage"},"thumbnailUrl":"https:\/\/progettotouring.it\/radiotouring104\/wp-content\/uploads\/sites\/6\/2025\/11\/IMMAGINI-X-SITO-2025-11-29T203007.724.jpg","datePublished":"2025-11-29T19:31:01+00:00","description":"Il dibattito \u00e8 stato una naturale prosecuzione della Giornata contro la violenza delle donne","breadcrumb":{"@id":"https:\/\/progettotouring.it\/radiotouring104\/2025\/11\/29\/a-palazzo-alvaro-lincontro-uguaglianza-rispetto-e-tutela-una-prospettiva-trasversale-sulle-donne\/#breadcrumb"},"inLanguage":"it-IT","potentialAction":[{"@type":"ReadAction","target":["https:\/\/progettotouring.it\/radiotouring104\/2025\/11\/29\/a-palazzo-alvaro-lincontro-uguaglianza-rispetto-e-tutela-una-prospettiva-trasversale-sulle-donne\/"]}]},{"@type":"ImageObject","inLanguage":"it-IT","@id":"https:\/\/progettotouring.it\/radiotouring104\/2025\/11\/29\/a-palazzo-alvaro-lincontro-uguaglianza-rispetto-e-tutela-una-prospettiva-trasversale-sulle-donne\/#primaryimage","url":"https:\/\/progettotouring.it\/radiotouring104\/wp-content\/uploads\/sites\/6\/2025\/11\/IMMAGINI-X-SITO-2025-11-29T203007.724.jpg","contentUrl":"https:\/\/progettotouring.it\/radiotouring104\/wp-content\/uploads\/sites\/6\/2025\/11\/IMMAGINI-X-SITO-2025-11-29T203007.724.jpg","width":2000,"height":1545},{"@type":"BreadcrumbList","@id":"https:\/\/progettotouring.it\/radiotouring104\/2025\/11\/29\/a-palazzo-alvaro-lincontro-uguaglianza-rispetto-e-tutela-una-prospettiva-trasversale-sulle-donne\/#breadcrumb","itemListElement":[{"@type":"ListItem","position":1,"name":"Home","item":"https:\/\/progettotouring.it\/radiotouring104\/"},{"@type":"ListItem","position":2,"name":"A Palazzo Alvaro l&#8217;incontro &#8220;Uguaglianza, rispetto e tutela, una prospettiva trasversale sulle donne&#8221;"}]},{"@type":"WebSite","@id":"https:\/\/progettotouring.it\/radiotouring104\/#website","url":"https:\/\/progettotouring.it\/radiotouring104\/","name":"Radio Touring 104","description":"La prima radio Reggina","publisher":{"@id":"https:\/\/progettotouring.it\/radiotouring104\/#organization"},"potentialAction":[{"@type":"SearchAction","target":{"@type":"EntryPoint","urlTemplate":"https:\/\/progettotouring.it\/radiotouring104\/?s={search_term_string}"},"query-input":{"@type":"PropertyValueSpecification","valueRequired":true,"valueName":"search_term_string"}}],"inLanguage":"it-IT"},{"@type":"Organization","@id":"https:\/\/progettotouring.it\/radiotouring104\/#organization","name":"Radio Touring 104","url":"https:\/\/progettotouring.it\/radiotouring104\/","logo":{"@type":"ImageObject","inLanguage":"it-IT","@id":"https:\/\/progettotouring.it\/radiotouring104\/#\/schema\/logo\/image\/","url":"https:\/\/progettotouring.it\/radiotouring104\/wp-content\/uploads\/sites\/6\/2022\/02\/cropped-logo-radio-touring-104.png","contentUrl":"https:\/\/progettotouring.it\/radiotouring104\/wp-content\/uploads\/sites\/6\/2022\/02\/cropped-logo-radio-touring-104.png","width":377,"height":182,"caption":"Radio Touring 104"},"image":{"@id":"https:\/\/progettotouring.it\/radiotouring104\/#\/schema\/logo\/image\/"}},{"@type":"Person","@id":"https:\/\/progettotouring.it\/radiotouring104\/#\/schema\/person\/b9f9c3730b0a78814c9b9f3bfc52c619","name":"S L","image":{"@type":"ImageObject","inLanguage":"it-IT","@id":"https:\/\/secure.gravatar.com\/avatar\/652c51789d7030aaed9ff828331360502a68204fe6fb0831bc280515210e16d2?s=96&d=mm&r=g","url":"https:\/\/secure.gravatar.com\/avatar\/652c51789d7030aaed9ff828331360502a68204fe6fb0831bc280515210e16d2?s=96&d=mm&r=g","contentUrl":"https:\/\/secure.gravatar.com\/avatar\/652c51789d7030aaed9ff828331360502a68204fe6fb0831bc280515210e16d2?s=96&d=mm&r=g","caption":"S L"},"url":"https:\/\/progettotouring.it\/radiotouring104\/author\/slibri\/"}]}},"jetpack_publicize_connections":[],"jetpack_featured_media_url":"https:\/\/progettotouring.it\/radiotouring104\/wp-content\/uploads\/sites\/6\/2025\/11\/IMMAGINI-X-SITO-2025-11-29T203007.724.jpg","jetpack_sharing_enabled":true,"_links":{"self":[{"href":"https:\/\/progettotouring.it\/radiotouring104\/wp-json\/wp\/v2\/posts\/86522","targetHints":{"allow":["GET"]}}],"collection":[{"href":"https:\/\/progettotouring.it\/radiotouring104\/wp-json\/wp\/v2\/posts"}],"about":[{"href":"https:\/\/progettotouring.it\/radiotouring104\/wp-json\/wp\/v2\/types\/post"}],"author":[{"embeddable":true,"href":"https:\/\/progettotouring.it\/radiotouring104\/wp-json\/wp\/v2\/users\/19"}],"replies":[{"embeddable":true,"href":"https:\/\/progettotouring.it\/radiotouring104\/wp-json\/wp\/v2\/comments?post=86522"}],"version-history":[{"count":1,"href":"https:\/\/progettotouring.it\/radiotouring104\/wp-json\/wp\/v2\/posts\/86522\/revisions"}],"predecessor-version":[{"id":86524,"href":"https:\/\/progettotouring.it\/radiotouring104\/wp-json\/wp\/v2\/posts\/86522\/revisions\/86524"}],"wp:featuredmedia":[{"embeddable":true,"href":"https:\/\/progettotouring.it\/radiotouring104\/wp-json\/wp\/v2\/media\/86523"}],"wp:attachment":[{"href":"https:\/\/progettotouring.it\/radiotouring104\/wp-json\/wp\/v2\/media?parent=86522"}],"wp:term":[{"taxonomy":"category","embeddable":true,"href":"https:\/\/progettotouring.it\/radiotouring104\/wp-json\/wp\/v2\/categories?post=86522"},{"taxonomy":"post_tag","embeddable":true,"href":"https:\/\/progettotouring.it\/radiotouring104\/wp-json\/wp\/v2\/tags?post=86522"}],"curies":[{"name":"wp","href":"https:\/\/api.w.org\/{rel}","templated":true}]}}