{"id":86547,"date":"2025-11-30T12:05:22","date_gmt":"2025-11-30T11:05:22","guid":{"rendered":"https:\/\/progettotouring.it\/radiotouring104\/?p=86547"},"modified":"2025-11-30T12:05:22","modified_gmt":"2025-11-30T11:05:22","slug":"castello-aragonese-si-e-conclusa-la-mostra-buratto-fili-bastoni","status":"publish","type":"post","link":"https:\/\/progettotouring.it\/radiotouring104\/2025\/11\/30\/castello-aragonese-si-e-conclusa-la-mostra-buratto-fili-bastoni\/","title":{"rendered":"Castello Aragonese: si \u00e8 conclusa la mostra \u201cBuratto, fili, bastoni\u201d"},"content":{"rendered":"<p>Si \u00e8 conclusa il 27 novembre la mostra \u201cBuratto, Fili, Bastoni\u201d allestita al Castello Aragonese di Reggio Calabria.<\/p>\n<p>A completamento dell&#8217;iniziativa lo spettacolo di burattini di Vittorio Zanella, tornato in citt\u00e0 per l\u2019occasione, dopo l\u2019inaugurazione, per salutare un\u2019esposizione capace, per quasi tre settimane, di trasformare l\u2019antica fortezza in un piccolo teatro dell\u2019immaginazione.<\/p>\n<p>Il responsabile del Castello Aragonese, Pasquale Borrello, ha tracciato un bilancio dell\u2019iniziativa, sottolineando sia la grande affluenza sia l\u2019apprezzamento trasversale del pubblico: \u00ab<em>\u00c8 stata un\u2019esposizione che ha suscitato molto interesse nei visitatori, arricchita dalla presenza all\u2019apertura e alla chiusura di Vittorio Zanella e di Rita Pasqualini, detentori di tutti gli elementi esposti: pupi, marionette e burattini. \u00c8 stata molto apprezzata dai turisti, dalla cittadinanza, dalle scuole in visita. E, soprattutto, non solo dai ragazzi ma anche dagli adulti, cosa non scontata\u00bb<\/em>. \u00ab<em>Siamo soddisfatti dell\u2019attivit\u00e0 anche perch\u00e9 \u00e8 stata una prova del nostro impegno e della nostra presenza. Le hostess hanno elevato il livello dell\u2019accoglienza, accompagnando i visitatori sala per sala grazie alla formazione ricevuta. In questo modo \u00e8 stato possibile offrire sia una visita guidata al Castello che alla mostra\u00bb,<\/em><\/p>\n<p>La mostra, inaugurata l\u20198 novembre scorso, ha condotto il pubblico in un viaggio nel teatro di figura grazie a quasi duecento pezzi appartenenti alla collezione privata <em>\u201cZanella \u2013 Pasqualini\u201d<\/em>, custodita dal Teatrino dell\u2019Es di Bologna.<\/p>\n<p>&nbsp;<\/p>\n","protected":false},"excerpt":{"rendered":"<p>Si \u00e8 conclusa il 27 novembre la mostra \u201cBuratto, Fili, Bastoni\u201d allestita al Castello Aragonese di Reggio Calabria. A completamento dell&#8217;iniziativa lo spettacolo di burattini di Vittorio Zanella, tornato in&hellip;<\/p>\n","protected":false},"author":19,"featured_media":86548,"comment_status":"closed","ping_status":"open","sticky":false,"template":"","format":"standard","meta":{"_jetpack_memberships_contains_paid_content":false,"footnotes":"","jetpack_publicize_message":"","jetpack_publicize_feature_enabled":true,"jetpack_social_post_already_shared":true,"jetpack_social_options":{"image_generator_settings":{"template":"highway","default_image_id":0,"font":"","enabled":false},"version":2}},"categories":[145,921,196,140,147],"tags":[],"class_list":["post-86547","post","type-post","status-publish","format-standard","has-post-thumbnail","hentry","category-cultura","category-home","category-news","category-reggio-calabria","category-spettacoli"],"yoast_head":"<!-- This site is optimized with the Yoast SEO plugin v27.2 - https:\/\/yoast.com\/product\/yoast-seo-wordpress\/ -->\n<title>Castello Aragonese: si \u00e8 conclusa la mostra \u201cBuratto, fili, bastoni\u201d - Radio Touring 104<\/title>\n<meta name=\"description\" content=\"Un finale impreziosito dallo spettacolo di burattini di Vittorio Zanella\" \/>\n<meta name=\"robots\" content=\"index, follow, max-snippet:-1, max-image-preview:large, max-video-preview:-1\" \/>\n<link rel=\"canonical\" href=\"https:\/\/progettotouring.it\/radiotouring104\/2025\/11\/30\/castello-aragonese-si-e-conclusa-la-mostra-buratto-fili-bastoni\/\" \/>\n<meta property=\"og:locale\" content=\"it_IT\" \/>\n<meta property=\"og:type\" content=\"article\" \/>\n<meta property=\"og:title\" content=\"Castello Aragonese: si \u00e8 conclusa la mostra \u201cBuratto, fili, bastoni\u201d - Radio Touring 104\" \/>\n<meta property=\"og:description\" content=\"Un finale impreziosito dallo spettacolo di burattini di Vittorio Zanella\" \/>\n<meta property=\"og:url\" content=\"https:\/\/progettotouring.it\/radiotouring104\/2025\/11\/30\/castello-aragonese-si-e-conclusa-la-mostra-buratto-fili-bastoni\/\" \/>\n<meta property=\"og:site_name\" content=\"Radio Touring 104\" \/>\n<meta property=\"article:published_time\" content=\"2025-11-30T11:05:22+00:00\" \/>\n<meta property=\"og:image\" content=\"https:\/\/progettotouring.it\/radiotouring104\/wp-content\/uploads\/sites\/6\/2025\/11\/IMMAGINI-X-SITO-2025-11-30T120412.612.jpg\" \/>\n\t<meta property=\"og:image:width\" content=\"2000\" \/>\n\t<meta property=\"og:image:height\" content=\"1545\" \/>\n\t<meta property=\"og:image:type\" content=\"image\/jpeg\" \/>\n<meta name=\"author\" content=\"S L\" \/>\n<meta name=\"twitter:card\" content=\"summary_large_image\" \/>\n<meta name=\"twitter:label1\" content=\"Scritto da\" \/>\n\t<meta name=\"twitter:data1\" content=\"S L\" \/>\n\t<meta name=\"twitter:label2\" content=\"Tempo di lettura stimato\" \/>\n\t<meta name=\"twitter:data2\" content=\"1 minuto\" \/>\n<script type=\"application\/ld+json\" class=\"yoast-schema-graph\">{\"@context\":\"https:\/\/schema.org\",\"@graph\":[{\"@type\":\"Article\",\"@id\":\"https:\/\/progettotouring.it\/radiotouring104\/2025\/11\/30\/castello-aragonese-si-e-conclusa-la-mostra-buratto-fili-bastoni\/#article\",\"isPartOf\":{\"@id\":\"https:\/\/progettotouring.it\/radiotouring104\/2025\/11\/30\/castello-aragonese-si-e-conclusa-la-mostra-buratto-fili-bastoni\/\"},\"author\":{\"name\":\"S L\",\"@id\":\"https:\/\/progettotouring.it\/radiotouring104\/#\/schema\/person\/b9f9c3730b0a78814c9b9f3bfc52c619\"},\"headline\":\"Castello Aragonese: si \u00e8 conclusa la mostra \u201cBuratto, fili, bastoni\u201d\",\"datePublished\":\"2025-11-30T11:05:22+00:00\",\"mainEntityOfPage\":{\"@id\":\"https:\/\/progettotouring.it\/radiotouring104\/2025\/11\/30\/castello-aragonese-si-e-conclusa-la-mostra-buratto-fili-bastoni\/\"},\"wordCount\":232,\"publisher\":{\"@id\":\"https:\/\/progettotouring.it\/radiotouring104\/#organization\"},\"image\":{\"@id\":\"https:\/\/progettotouring.it\/radiotouring104\/2025\/11\/30\/castello-aragonese-si-e-conclusa-la-mostra-buratto-fili-bastoni\/#primaryimage\"},\"thumbnailUrl\":\"https:\/\/progettotouring.it\/radiotouring104\/wp-content\/uploads\/sites\/6\/2025\/11\/IMMAGINI-X-SITO-2025-11-30T120412.612.jpg\",\"articleSection\":[\"Cultura\",\"Home\",\"News\",\"Reggio Calabria\",\"Spettacoli\"],\"inLanguage\":\"it-IT\"},{\"@type\":\"WebPage\",\"@id\":\"https:\/\/progettotouring.it\/radiotouring104\/2025\/11\/30\/castello-aragonese-si-e-conclusa-la-mostra-buratto-fili-bastoni\/\",\"url\":\"https:\/\/progettotouring.it\/radiotouring104\/2025\/11\/30\/castello-aragonese-si-e-conclusa-la-mostra-buratto-fili-bastoni\/\",\"name\":\"Castello Aragonese: si \u00e8 conclusa la mostra \u201cBuratto, fili, bastoni\u201d - Radio Touring 104\",\"isPartOf\":{\"@id\":\"https:\/\/progettotouring.it\/radiotouring104\/#website\"},\"primaryImageOfPage\":{\"@id\":\"https:\/\/progettotouring.it\/radiotouring104\/2025\/11\/30\/castello-aragonese-si-e-conclusa-la-mostra-buratto-fili-bastoni\/#primaryimage\"},\"image\":{\"@id\":\"https:\/\/progettotouring.it\/radiotouring104\/2025\/11\/30\/castello-aragonese-si-e-conclusa-la-mostra-buratto-fili-bastoni\/#primaryimage\"},\"thumbnailUrl\":\"https:\/\/progettotouring.it\/radiotouring104\/wp-content\/uploads\/sites\/6\/2025\/11\/IMMAGINI-X-SITO-2025-11-30T120412.612.jpg\",\"datePublished\":\"2025-11-30T11:05:22+00:00\",\"description\":\"Un finale impreziosito dallo spettacolo di burattini di Vittorio Zanella\",\"breadcrumb\":{\"@id\":\"https:\/\/progettotouring.it\/radiotouring104\/2025\/11\/30\/castello-aragonese-si-e-conclusa-la-mostra-buratto-fili-bastoni\/#breadcrumb\"},\"inLanguage\":\"it-IT\",\"potentialAction\":[{\"@type\":\"ReadAction\",\"target\":[\"https:\/\/progettotouring.it\/radiotouring104\/2025\/11\/30\/castello-aragonese-si-e-conclusa-la-mostra-buratto-fili-bastoni\/\"]}]},{\"@type\":\"ImageObject\",\"inLanguage\":\"it-IT\",\"@id\":\"https:\/\/progettotouring.it\/radiotouring104\/2025\/11\/30\/castello-aragonese-si-e-conclusa-la-mostra-buratto-fili-bastoni\/#primaryimage\",\"url\":\"https:\/\/progettotouring.it\/radiotouring104\/wp-content\/uploads\/sites\/6\/2025\/11\/IMMAGINI-X-SITO-2025-11-30T120412.612.jpg\",\"contentUrl\":\"https:\/\/progettotouring.it\/radiotouring104\/wp-content\/uploads\/sites\/6\/2025\/11\/IMMAGINI-X-SITO-2025-11-30T120412.612.jpg\",\"width\":2000,\"height\":1545},{\"@type\":\"BreadcrumbList\",\"@id\":\"https:\/\/progettotouring.it\/radiotouring104\/2025\/11\/30\/castello-aragonese-si-e-conclusa-la-mostra-buratto-fili-bastoni\/#breadcrumb\",\"itemListElement\":[{\"@type\":\"ListItem\",\"position\":1,\"name\":\"Home\",\"item\":\"https:\/\/progettotouring.it\/radiotouring104\/\"},{\"@type\":\"ListItem\",\"position\":2,\"name\":\"Castello Aragonese: si \u00e8 conclusa la mostra \u201cBuratto, fili, bastoni\u201d\"}]},{\"@type\":\"WebSite\",\"@id\":\"https:\/\/progettotouring.it\/radiotouring104\/#website\",\"url\":\"https:\/\/progettotouring.it\/radiotouring104\/\",\"name\":\"Radio Touring 104\",\"description\":\"La prima radio Reggina\",\"publisher\":{\"@id\":\"https:\/\/progettotouring.it\/radiotouring104\/#organization\"},\"potentialAction\":[{\"@type\":\"SearchAction\",\"target\":{\"@type\":\"EntryPoint\",\"urlTemplate\":\"https:\/\/progettotouring.it\/radiotouring104\/?s={search_term_string}\"},\"query-input\":{\"@type\":\"PropertyValueSpecification\",\"valueRequired\":true,\"valueName\":\"search_term_string\"}}],\"inLanguage\":\"it-IT\"},{\"@type\":\"Organization\",\"@id\":\"https:\/\/progettotouring.it\/radiotouring104\/#organization\",\"name\":\"Radio Touring 104\",\"url\":\"https:\/\/progettotouring.it\/radiotouring104\/\",\"logo\":{\"@type\":\"ImageObject\",\"inLanguage\":\"it-IT\",\"@id\":\"https:\/\/progettotouring.it\/radiotouring104\/#\/schema\/logo\/image\/\",\"url\":\"https:\/\/progettotouring.it\/radiotouring104\/wp-content\/uploads\/sites\/6\/2022\/02\/cropped-logo-radio-touring-104.png\",\"contentUrl\":\"https:\/\/progettotouring.it\/radiotouring104\/wp-content\/uploads\/sites\/6\/2022\/02\/cropped-logo-radio-touring-104.png\",\"width\":377,\"height\":182,\"caption\":\"Radio Touring 104\"},\"image\":{\"@id\":\"https:\/\/progettotouring.it\/radiotouring104\/#\/schema\/logo\/image\/\"}},{\"@type\":\"Person\",\"@id\":\"https:\/\/progettotouring.it\/radiotouring104\/#\/schema\/person\/b9f9c3730b0a78814c9b9f3bfc52c619\",\"name\":\"S L\",\"image\":{\"@type\":\"ImageObject\",\"inLanguage\":\"it-IT\",\"@id\":\"https:\/\/secure.gravatar.com\/avatar\/652c51789d7030aaed9ff828331360502a68204fe6fb0831bc280515210e16d2?s=96&d=mm&r=g\",\"url\":\"https:\/\/secure.gravatar.com\/avatar\/652c51789d7030aaed9ff828331360502a68204fe6fb0831bc280515210e16d2?s=96&d=mm&r=g\",\"contentUrl\":\"https:\/\/secure.gravatar.com\/avatar\/652c51789d7030aaed9ff828331360502a68204fe6fb0831bc280515210e16d2?s=96&d=mm&r=g\",\"caption\":\"S L\"},\"url\":\"https:\/\/progettotouring.it\/radiotouring104\/author\/slibri\/\"}]}<\/script>\n<!-- \/ Yoast SEO plugin. -->","yoast_head_json":{"title":"Castello Aragonese: si \u00e8 conclusa la mostra \u201cBuratto, fili, bastoni\u201d - Radio Touring 104","description":"Un finale impreziosito dallo spettacolo di burattini di Vittorio Zanella","robots":{"index":"index","follow":"follow","max-snippet":"max-snippet:-1","max-image-preview":"max-image-preview:large","max-video-preview":"max-video-preview:-1"},"canonical":"https:\/\/progettotouring.it\/radiotouring104\/2025\/11\/30\/castello-aragonese-si-e-conclusa-la-mostra-buratto-fili-bastoni\/","og_locale":"it_IT","og_type":"article","og_title":"Castello Aragonese: si \u00e8 conclusa la mostra \u201cBuratto, fili, bastoni\u201d - Radio Touring 104","og_description":"Un finale impreziosito dallo spettacolo di burattini di Vittorio Zanella","og_url":"https:\/\/progettotouring.it\/radiotouring104\/2025\/11\/30\/castello-aragonese-si-e-conclusa-la-mostra-buratto-fili-bastoni\/","og_site_name":"Radio Touring 104","article_published_time":"2025-11-30T11:05:22+00:00","og_image":[{"width":2000,"height":1545,"url":"https:\/\/progettotouring.it\/radiotouring104\/wp-content\/uploads\/sites\/6\/2025\/11\/IMMAGINI-X-SITO-2025-11-30T120412.612.jpg","type":"image\/jpeg"}],"author":"S L","twitter_card":"summary_large_image","twitter_misc":{"Scritto da":"S L","Tempo di lettura stimato":"1 minuto"},"schema":{"@context":"https:\/\/schema.org","@graph":[{"@type":"Article","@id":"https:\/\/progettotouring.it\/radiotouring104\/2025\/11\/30\/castello-aragonese-si-e-conclusa-la-mostra-buratto-fili-bastoni\/#article","isPartOf":{"@id":"https:\/\/progettotouring.it\/radiotouring104\/2025\/11\/30\/castello-aragonese-si-e-conclusa-la-mostra-buratto-fili-bastoni\/"},"author":{"name":"S L","@id":"https:\/\/progettotouring.it\/radiotouring104\/#\/schema\/person\/b9f9c3730b0a78814c9b9f3bfc52c619"},"headline":"Castello Aragonese: si \u00e8 conclusa la mostra \u201cBuratto, fili, bastoni\u201d","datePublished":"2025-11-30T11:05:22+00:00","mainEntityOfPage":{"@id":"https:\/\/progettotouring.it\/radiotouring104\/2025\/11\/30\/castello-aragonese-si-e-conclusa-la-mostra-buratto-fili-bastoni\/"},"wordCount":232,"publisher":{"@id":"https:\/\/progettotouring.it\/radiotouring104\/#organization"},"image":{"@id":"https:\/\/progettotouring.it\/radiotouring104\/2025\/11\/30\/castello-aragonese-si-e-conclusa-la-mostra-buratto-fili-bastoni\/#primaryimage"},"thumbnailUrl":"https:\/\/progettotouring.it\/radiotouring104\/wp-content\/uploads\/sites\/6\/2025\/11\/IMMAGINI-X-SITO-2025-11-30T120412.612.jpg","articleSection":["Cultura","Home","News","Reggio Calabria","Spettacoli"],"inLanguage":"it-IT"},{"@type":"WebPage","@id":"https:\/\/progettotouring.it\/radiotouring104\/2025\/11\/30\/castello-aragonese-si-e-conclusa-la-mostra-buratto-fili-bastoni\/","url":"https:\/\/progettotouring.it\/radiotouring104\/2025\/11\/30\/castello-aragonese-si-e-conclusa-la-mostra-buratto-fili-bastoni\/","name":"Castello Aragonese: si \u00e8 conclusa la mostra \u201cBuratto, fili, bastoni\u201d - Radio Touring 104","isPartOf":{"@id":"https:\/\/progettotouring.it\/radiotouring104\/#website"},"primaryImageOfPage":{"@id":"https:\/\/progettotouring.it\/radiotouring104\/2025\/11\/30\/castello-aragonese-si-e-conclusa-la-mostra-buratto-fili-bastoni\/#primaryimage"},"image":{"@id":"https:\/\/progettotouring.it\/radiotouring104\/2025\/11\/30\/castello-aragonese-si-e-conclusa-la-mostra-buratto-fili-bastoni\/#primaryimage"},"thumbnailUrl":"https:\/\/progettotouring.it\/radiotouring104\/wp-content\/uploads\/sites\/6\/2025\/11\/IMMAGINI-X-SITO-2025-11-30T120412.612.jpg","datePublished":"2025-11-30T11:05:22+00:00","description":"Un finale impreziosito dallo spettacolo di burattini di Vittorio Zanella","breadcrumb":{"@id":"https:\/\/progettotouring.it\/radiotouring104\/2025\/11\/30\/castello-aragonese-si-e-conclusa-la-mostra-buratto-fili-bastoni\/#breadcrumb"},"inLanguage":"it-IT","potentialAction":[{"@type":"ReadAction","target":["https:\/\/progettotouring.it\/radiotouring104\/2025\/11\/30\/castello-aragonese-si-e-conclusa-la-mostra-buratto-fili-bastoni\/"]}]},{"@type":"ImageObject","inLanguage":"it-IT","@id":"https:\/\/progettotouring.it\/radiotouring104\/2025\/11\/30\/castello-aragonese-si-e-conclusa-la-mostra-buratto-fili-bastoni\/#primaryimage","url":"https:\/\/progettotouring.it\/radiotouring104\/wp-content\/uploads\/sites\/6\/2025\/11\/IMMAGINI-X-SITO-2025-11-30T120412.612.jpg","contentUrl":"https:\/\/progettotouring.it\/radiotouring104\/wp-content\/uploads\/sites\/6\/2025\/11\/IMMAGINI-X-SITO-2025-11-30T120412.612.jpg","width":2000,"height":1545},{"@type":"BreadcrumbList","@id":"https:\/\/progettotouring.it\/radiotouring104\/2025\/11\/30\/castello-aragonese-si-e-conclusa-la-mostra-buratto-fili-bastoni\/#breadcrumb","itemListElement":[{"@type":"ListItem","position":1,"name":"Home","item":"https:\/\/progettotouring.it\/radiotouring104\/"},{"@type":"ListItem","position":2,"name":"Castello Aragonese: si \u00e8 conclusa la mostra \u201cBuratto, fili, bastoni\u201d"}]},{"@type":"WebSite","@id":"https:\/\/progettotouring.it\/radiotouring104\/#website","url":"https:\/\/progettotouring.it\/radiotouring104\/","name":"Radio Touring 104","description":"La prima radio Reggina","publisher":{"@id":"https:\/\/progettotouring.it\/radiotouring104\/#organization"},"potentialAction":[{"@type":"SearchAction","target":{"@type":"EntryPoint","urlTemplate":"https:\/\/progettotouring.it\/radiotouring104\/?s={search_term_string}"},"query-input":{"@type":"PropertyValueSpecification","valueRequired":true,"valueName":"search_term_string"}}],"inLanguage":"it-IT"},{"@type":"Organization","@id":"https:\/\/progettotouring.it\/radiotouring104\/#organization","name":"Radio Touring 104","url":"https:\/\/progettotouring.it\/radiotouring104\/","logo":{"@type":"ImageObject","inLanguage":"it-IT","@id":"https:\/\/progettotouring.it\/radiotouring104\/#\/schema\/logo\/image\/","url":"https:\/\/progettotouring.it\/radiotouring104\/wp-content\/uploads\/sites\/6\/2022\/02\/cropped-logo-radio-touring-104.png","contentUrl":"https:\/\/progettotouring.it\/radiotouring104\/wp-content\/uploads\/sites\/6\/2022\/02\/cropped-logo-radio-touring-104.png","width":377,"height":182,"caption":"Radio Touring 104"},"image":{"@id":"https:\/\/progettotouring.it\/radiotouring104\/#\/schema\/logo\/image\/"}},{"@type":"Person","@id":"https:\/\/progettotouring.it\/radiotouring104\/#\/schema\/person\/b9f9c3730b0a78814c9b9f3bfc52c619","name":"S L","image":{"@type":"ImageObject","inLanguage":"it-IT","@id":"https:\/\/secure.gravatar.com\/avatar\/652c51789d7030aaed9ff828331360502a68204fe6fb0831bc280515210e16d2?s=96&d=mm&r=g","url":"https:\/\/secure.gravatar.com\/avatar\/652c51789d7030aaed9ff828331360502a68204fe6fb0831bc280515210e16d2?s=96&d=mm&r=g","contentUrl":"https:\/\/secure.gravatar.com\/avatar\/652c51789d7030aaed9ff828331360502a68204fe6fb0831bc280515210e16d2?s=96&d=mm&r=g","caption":"S L"},"url":"https:\/\/progettotouring.it\/radiotouring104\/author\/slibri\/"}]}},"jetpack_publicize_connections":[],"jetpack_featured_media_url":"https:\/\/progettotouring.it\/radiotouring104\/wp-content\/uploads\/sites\/6\/2025\/11\/IMMAGINI-X-SITO-2025-11-30T120412.612.jpg","jetpack_sharing_enabled":true,"_links":{"self":[{"href":"https:\/\/progettotouring.it\/radiotouring104\/wp-json\/wp\/v2\/posts\/86547","targetHints":{"allow":["GET"]}}],"collection":[{"href":"https:\/\/progettotouring.it\/radiotouring104\/wp-json\/wp\/v2\/posts"}],"about":[{"href":"https:\/\/progettotouring.it\/radiotouring104\/wp-json\/wp\/v2\/types\/post"}],"author":[{"embeddable":true,"href":"https:\/\/progettotouring.it\/radiotouring104\/wp-json\/wp\/v2\/users\/19"}],"replies":[{"embeddable":true,"href":"https:\/\/progettotouring.it\/radiotouring104\/wp-json\/wp\/v2\/comments?post=86547"}],"version-history":[{"count":1,"href":"https:\/\/progettotouring.it\/radiotouring104\/wp-json\/wp\/v2\/posts\/86547\/revisions"}],"predecessor-version":[{"id":86549,"href":"https:\/\/progettotouring.it\/radiotouring104\/wp-json\/wp\/v2\/posts\/86547\/revisions\/86549"}],"wp:featuredmedia":[{"embeddable":true,"href":"https:\/\/progettotouring.it\/radiotouring104\/wp-json\/wp\/v2\/media\/86548"}],"wp:attachment":[{"href":"https:\/\/progettotouring.it\/radiotouring104\/wp-json\/wp\/v2\/media?parent=86547"}],"wp:term":[{"taxonomy":"category","embeddable":true,"href":"https:\/\/progettotouring.it\/radiotouring104\/wp-json\/wp\/v2\/categories?post=86547"},{"taxonomy":"post_tag","embeddable":true,"href":"https:\/\/progettotouring.it\/radiotouring104\/wp-json\/wp\/v2\/tags?post=86547"}],"curies":[{"name":"wp","href":"https:\/\/api.w.org\/{rel}","templated":true}]}}