{"id":86552,"date":"2025-11-30T12:26:56","date_gmt":"2025-11-30T11:26:56","guid":{"rendered":"https:\/\/progettotouring.it\/radiotouring104\/?p=86552"},"modified":"2025-11-30T12:26:56","modified_gmt":"2025-11-30T11:26:56","slug":"fondazione-falcomata-presentato-i-racconti-della-cordigliera-reggina-prima-opera-narrativa-di-antonino-falcomata","status":"publish","type":"post","link":"https:\/\/progettotouring.it\/radiotouring104\/2025\/11\/30\/fondazione-falcomata-presentato-i-racconti-della-cordigliera-reggina-prima-opera-narrativa-di-antonino-falcomata\/","title":{"rendered":"Fondazione Falcomat\u00e0: presentato &#8220;I racconti della cordigliera reggina&#8221;, prima opera narrativa di Antonino Falcomat\u00e0"},"content":{"rendered":"<div class=\"h-100 d-flex flex-column container-fluid message-container no-dark-filter pe-3 detail\">\n<div class=\"row message-content\">\n<div class=\"col-12 h-100 d-flex flex-column overflow-y\">\n<div class=\"card\">\n<div class=\"card-body message-content-body pt-0 d-flex flex-column gap-4 margin-left\">\n<div class=\"message-content-body-text\">\n<div class=\"message-content-text\">\n<div>\n<div class=\"xam_msg_class\">\n<div dir=\"ltr\">Il salone <em>\u201cItalo Falcomat\u00e0\u201d<\/em> di Palazzo San Giorgio ha ospitato la presentazione de <em>&#8220;I racconti della cordigliera reggina&#8221;<\/em>, prima opera narrativa di Antonino Falcomat\u00e0.<\/div>\n<div dir=\"ltr\">A introdurre e coordinare l\u2019incontro, organizzato dalla<em> Fondazione Falcomat\u00e0<\/em>, \u00e8 stata la presidente Valeria Falcomat\u00e0, con gli interventi del sindaco Giuseppe Falcomat\u00e0 e dello scrittore Saverio Verduci.<\/div>\n<div dir=\"ltr\">La presentazione si \u00e8 conclusa con l&#8217;intervento dell&#8217;autore.<\/p>\n<p>Il libro offre una prospettiva nuova e luminosa sul territorio reggino, invitando il lettore a riscoprirne la bellezza e i valori autentici e incrollabili, spesso ingiustamente oscurati dal peso di un passato difficile.<\/p>\n<p>Nell\u2019introdurre la presentazione, Valeria Falcomat\u00e0 ha evidenziato: <em>\u00ab\u00c8 una grande emozione presentare questo libro per l\u2019affetto che mi lega all\u2019autore, un affetto sincero e profondo che va oltre i rapporti di parentela. Una figura prestigiosa nel suo campo, che ha coniugato studio e passione, sfociati in trattati di carattere divulgativo e oggi in una raccolta di storie in cui l\u2019Aspromonte fa da sfondo e da punto di partenza a narrazioni che acquisiscono un respiro universale: il senso di identit\u00e0, le radici, la memoria come energia vitale per guardare al futuro. \u00c8 un libro da attraversare\u00bb.<\/em><\/p>\n<p><em>\u00abUn inatteso libro di narrativa scorrevole, <\/em>ha commentato Giuseppe Falcomat\u00e0, <em>non un testo per addetti ai lavori: un libro da leggere la sera ai bambini prima di andare a dormire, e da portare nelle scuole per conoscere e far conoscere le bellezze di un territorio spesso oggetto di descrizioni distorte, che hanno cristallizzato un paradigma negativo difficile da superare. Il titolo richiama la cordigliera delle Ande: un titolo ambizioso che vuole innalzare il nostro territorio a cordigliera. \u00c8 un manifesto che punta a demolire un\u2019immagine errata e a inaugurare una stagione di speranza. Un invito a uscire dai sentieri pi\u00f9 battuti per percorrere quelli meno conosciuti, come testimonianza di vita. L\u2019autore, attraverso storie fantastiche inserite in contesti reali, restituisce ci\u00f2 che ha ricevuto: un bagaglio di conoscenze donato a chi non le possiede. Un gesto di grande generosit\u00e0. \u00c8 un richiamo all\u2019autenticit\u00e0, alla bellezza non delle copertine patinate o di ci\u00f2 che trasmettono i media, ma alla bellezza vera, radicata nella nostra tradizione greca e classica\u00bb.<\/em><\/p>\n<p>E poi ha aggiunto: \u00ab<em>Poche ore fa abbiamo aperto l\u2019ultimo tratto della Gallico\u2013Gambarie, strada a scorrimento veloce che unir\u00e0 le aree pedemontane della vallata del Gallico e ci permetter\u00e0 di migliorare l\u2019esplorazione dei sentieri. L\u2019auspicio \u00e8 che possa favorire il turismo naturalistico e la nascita di nuovi racconti. Le storie hanno bisogno di tempo e cura, gli ingredienti pi\u00f9 importanti di questa fatica letteraria e narrativa\u00bb.<\/em><\/p>\n<p>Scrittore, viaggiatore, finalista e vincitore di premi letterari, Antonino Falcomat\u00e0 vive a Reggio Calabria. Gi\u00e0 docente di materie agro-ambientali, \u00e8 stato un professionista con oltre quarant\u2019anni di esperienza nel settore forestale e ambientale, un percorso che si riflette nella sua forte passione per la montagna e per la tutela del territorio. La profonda conoscenza dell\u2019ambiente naturale si unisce a una passione per la scrittura, sia divulgativa sia narrativa, che gli ha assicurato notevoli successi di pubblico e di critica.<\/p>\n<p>Molto emozionato, l&#8217;autore Antonino Falcomat\u00e0, alla sua prima fatica letteraria narrativa, ha chiarito: \u00ab<em>\u00c8 un libro particolare, che porta avanti con onore la Fondazione Falcomat\u00e0 con una memoria che resiste. Ho voluto concedere a questa presentazione il tempo e il respiro giusto. Essere qui oggi ha il sapore delle cose che accadono al momento opportuno. Solo unendo le forze, anche quelle istituzionali, potremo far conoscere l\u2019amata cordigliera reggina. Il libro nasce da un mio percorso personale ma anche da una comunit\u00e0 di persone. Non ho mai sognato di essere narratore: questo libro \u00e8 arrivato come una finestra che si \u00e8 aperta all&#8217;improvviso, senza bussare. Un viaggio fatto di sentieri interiori, che oggi mi porta qui tra di voi con il cuore pieno di gratitudine\u00bb.<\/em><\/div>\n<\/div>\n<\/div>\n<\/div>\n<\/div>\n<\/div>\n<div class=\"card-footer message-content-footer pb-3 sticky-bottom z-3 margin-left\">\n<div class=\"aru-button-group\" role=\"group\">\n<div class=\"top-text\">\n<div class=\"aru-button__inner aru-button__inner--md\n\n               \"><\/p>\n<div class=\"aru-button__content aru-button__content--start\"><\/div>\n<\/div>\n<\/div>\n<div class=\"top-text\">\n<div class=\"aru-button__inner aru-button__inner--md\n\n               \"><\/p>\n<div class=\"aru-button__content aru-button__content--start\"><\/div>\n<\/div>\n<\/div>\n<div class=\"top-text\">\n<div class=\"aru-button__inner aru-button__inner--md\n\n               \"><\/p>\n<div class=\"aru-button__content aru-button__content--start\"><\/div>\n<\/div>\n<\/div>\n<\/div>\n<\/div>\n<\/div>\n<\/div>\n<\/div>\n<\/div>\n<div class=\"aru-sheet-modal\">\n<div id=\"sheet\" class=\"sheet\" aria-hidden=\"true\">\n<div class=\"contents\">\n<div class=\"header\">\n<div class=\"drag-bar\"><\/div>\n<div class=\"actions\">\n<div class=\"left\">\n<div class=\"top-text\">\n<div class=\"aru-button__inner aru-button__inner--md\n\n               \"><\/div>\n<\/div>\n<\/div>\n<div class=\"center\">\n<div class=\"modal-sheet-header\">\n<div><\/div>\n<\/div>\n<\/div>\n<div class=\"right\">\n<div class=\"top-text\">\n<div class=\"aru-button__inner aru-button__inner--md\n\n               \"><\/div>\n<\/div>\n<\/div>\n<\/div>\n<\/div>\n<div class=\"body\">\n<div class=\"sheet-start\">\n<div class=\"modal-sheet-body\">\n<div>\n<div class=\"action-group-body d-flex flex-column gap-1 justify-content-center align-content-center\">\n<div class=\"level-one\">\n<div class=\"aru-button-menu__noDropdown left w-100 \">\n<div class=\"top-text\">\n<div class=\"aru-button__inner aru-button__inner--md\n\n               \"><\/p>\n<div class=\"aru-button__content aru-button__content--start\"><\/div>\n<div class=\"\n          aru-button__content aru-button__content--center \n\n          \"><\/div>\n<\/div>\n<\/div>\n<\/div>\n<div class=\"aru-button-menu__noDropdown left w-100 \">\n<div class=\"top-text\">\n<div class=\"aru-button__inner aru-button__inner--md\n\n               \"><\/p>\n<div class=\"\n          aru-button__content aru-button__content--center \n\n          \"><\/div>\n<\/div>\n<\/div>\n<\/div>\n<div class=\"aru-button-menu__noDropdown left w-100 \">\n<div class=\"top-text\">\n<div class=\"aru-button__inner aru-button__inner--md\n\n               \"><\/p>\n<div class=\"\n          aru-button__content aru-button__content--center \n\n          \"><\/div>\n<\/div>\n<\/div>\n<\/div>\n<\/div>\n<\/div>\n<\/div>\n<\/div>\n<\/div>\n<\/div>\n<div class=\"footer\"><\/div>\n<\/div>\n<\/div>\n<\/div>\n<div class=\"as-split-gutter\" role=\"separator\"><\/div>\n","protected":false},"excerpt":{"rendered":"<p>Il salone \u201cItalo Falcomat\u00e0\u201d di Palazzo San Giorgio ha ospitato la presentazione de &#8220;I racconti della cordigliera reggina&#8221;, prima opera narrativa di Antonino Falcomat\u00e0. A introdurre e coordinare l\u2019incontro, organizzato&hellip;<\/p>\n","protected":false},"author":19,"featured_media":86553,"comment_status":"closed","ping_status":"open","sticky":false,"template":"","format":"standard","meta":{"_jetpack_memberships_contains_paid_content":false,"footnotes":"","jetpack_publicize_message":"","jetpack_publicize_feature_enabled":true,"jetpack_social_post_already_shared":true,"jetpack_social_options":{"image_generator_settings":{"template":"highway","default_image_id":0,"font":"","enabled":false},"version":2}},"categories":[145,921,196,140],"tags":[],"class_list":["post-86552","post","type-post","status-publish","format-standard","has-post-thumbnail","hentry","category-cultura","category-home","category-news","category-reggio-calabria"],"yoast_head":"<!-- This site is optimized with the Yoast SEO plugin v27.2 - https:\/\/yoast.com\/product\/yoast-seo-wordpress\/ -->\n<title>Fondazione Falcomat\u00e0: presentato &quot;I racconti della cordigliera reggina&quot;, prima opera narrativa di Antonino Falcomat\u00e0 - Radio Touring 104<\/title>\n<meta name=\"description\" content=\"Valeria Falcomat\u00e0: &quot;\u00c8 una grande emozione presentare questo libro per l\u2019affetto che mi lega all\u2019autore, un affetto sincero e profondo che va oltre i rapporti di parentela&quot;\" \/>\n<meta name=\"robots\" content=\"index, follow, max-snippet:-1, max-image-preview:large, max-video-preview:-1\" \/>\n<link rel=\"canonical\" href=\"https:\/\/progettotouring.it\/radiotouring104\/2025\/11\/30\/fondazione-falcomata-presentato-i-racconti-della-cordigliera-reggina-prima-opera-narrativa-di-antonino-falcomata\/\" \/>\n<meta property=\"og:locale\" content=\"it_IT\" \/>\n<meta property=\"og:type\" content=\"article\" \/>\n<meta property=\"og:title\" content=\"Fondazione Falcomat\u00e0: presentato &quot;I racconti della cordigliera reggina&quot;, prima opera narrativa di Antonino Falcomat\u00e0 - Radio Touring 104\" \/>\n<meta property=\"og:description\" content=\"Valeria Falcomat\u00e0: &quot;\u00c8 una grande emozione presentare questo libro per l\u2019affetto che mi lega all\u2019autore, un affetto sincero e profondo che va oltre i rapporti di parentela&quot;\" \/>\n<meta property=\"og:url\" content=\"https:\/\/progettotouring.it\/radiotouring104\/2025\/11\/30\/fondazione-falcomata-presentato-i-racconti-della-cordigliera-reggina-prima-opera-narrativa-di-antonino-falcomata\/\" \/>\n<meta property=\"og:site_name\" content=\"Radio Touring 104\" \/>\n<meta property=\"article:published_time\" content=\"2025-11-30T11:26:56+00:00\" \/>\n<meta property=\"og:image\" content=\"https:\/\/progettotouring.it\/radiotouring104\/wp-content\/uploads\/sites\/6\/2025\/11\/IMMAGINI-X-SITO-2025-11-30T122443.491.jpg\" \/>\n\t<meta property=\"og:image:width\" content=\"2000\" \/>\n\t<meta property=\"og:image:height\" content=\"1545\" \/>\n\t<meta property=\"og:image:type\" content=\"image\/jpeg\" \/>\n<meta name=\"author\" content=\"S L\" \/>\n<meta name=\"twitter:card\" content=\"summary_large_image\" \/>\n<meta name=\"twitter:label1\" content=\"Scritto da\" \/>\n\t<meta name=\"twitter:data1\" content=\"S L\" \/>\n\t<meta name=\"twitter:label2\" content=\"Tempo di lettura stimato\" \/>\n\t<meta name=\"twitter:data2\" content=\"3 minuti\" \/>\n<script type=\"application\/ld+json\" class=\"yoast-schema-graph\">{\"@context\":\"https:\/\/schema.org\",\"@graph\":[{\"@type\":\"Article\",\"@id\":\"https:\/\/progettotouring.it\/radiotouring104\/2025\/11\/30\/fondazione-falcomata-presentato-i-racconti-della-cordigliera-reggina-prima-opera-narrativa-di-antonino-falcomata\/#article\",\"isPartOf\":{\"@id\":\"https:\/\/progettotouring.it\/radiotouring104\/2025\/11\/30\/fondazione-falcomata-presentato-i-racconti-della-cordigliera-reggina-prima-opera-narrativa-di-antonino-falcomata\/\"},\"author\":{\"name\":\"S L\",\"@id\":\"https:\/\/progettotouring.it\/radiotouring104\/#\/schema\/person\/b9f9c3730b0a78814c9b9f3bfc52c619\"},\"headline\":\"Fondazione Falcomat\u00e0: presentato &#8220;I racconti della cordigliera reggina&#8221;, prima opera narrativa di Antonino Falcomat\u00e0\",\"datePublished\":\"2025-11-30T11:26:56+00:00\",\"mainEntityOfPage\":{\"@id\":\"https:\/\/progettotouring.it\/radiotouring104\/2025\/11\/30\/fondazione-falcomata-presentato-i-racconti-della-cordigliera-reggina-prima-opera-narrativa-di-antonino-falcomata\/\"},\"wordCount\":640,\"publisher\":{\"@id\":\"https:\/\/progettotouring.it\/radiotouring104\/#organization\"},\"image\":{\"@id\":\"https:\/\/progettotouring.it\/radiotouring104\/2025\/11\/30\/fondazione-falcomata-presentato-i-racconti-della-cordigliera-reggina-prima-opera-narrativa-di-antonino-falcomata\/#primaryimage\"},\"thumbnailUrl\":\"https:\/\/progettotouring.it\/radiotouring104\/wp-content\/uploads\/sites\/6\/2025\/11\/IMMAGINI-X-SITO-2025-11-30T122443.491.jpg\",\"articleSection\":[\"Cultura\",\"Home\",\"News\",\"Reggio Calabria\"],\"inLanguage\":\"it-IT\"},{\"@type\":\"WebPage\",\"@id\":\"https:\/\/progettotouring.it\/radiotouring104\/2025\/11\/30\/fondazione-falcomata-presentato-i-racconti-della-cordigliera-reggina-prima-opera-narrativa-di-antonino-falcomata\/\",\"url\":\"https:\/\/progettotouring.it\/radiotouring104\/2025\/11\/30\/fondazione-falcomata-presentato-i-racconti-della-cordigliera-reggina-prima-opera-narrativa-di-antonino-falcomata\/\",\"name\":\"Fondazione Falcomat\u00e0: presentato \\\"I racconti della cordigliera reggina\\\", prima opera narrativa di Antonino Falcomat\u00e0 - Radio Touring 104\",\"isPartOf\":{\"@id\":\"https:\/\/progettotouring.it\/radiotouring104\/#website\"},\"primaryImageOfPage\":{\"@id\":\"https:\/\/progettotouring.it\/radiotouring104\/2025\/11\/30\/fondazione-falcomata-presentato-i-racconti-della-cordigliera-reggina-prima-opera-narrativa-di-antonino-falcomata\/#primaryimage\"},\"image\":{\"@id\":\"https:\/\/progettotouring.it\/radiotouring104\/2025\/11\/30\/fondazione-falcomata-presentato-i-racconti-della-cordigliera-reggina-prima-opera-narrativa-di-antonino-falcomata\/#primaryimage\"},\"thumbnailUrl\":\"https:\/\/progettotouring.it\/radiotouring104\/wp-content\/uploads\/sites\/6\/2025\/11\/IMMAGINI-X-SITO-2025-11-30T122443.491.jpg\",\"datePublished\":\"2025-11-30T11:26:56+00:00\",\"description\":\"Valeria Falcomat\u00e0: \\\"\u00c8 una grande emozione presentare questo libro per l\u2019affetto che mi lega all\u2019autore, un affetto sincero e profondo che va oltre i rapporti di parentela\\\"\",\"breadcrumb\":{\"@id\":\"https:\/\/progettotouring.it\/radiotouring104\/2025\/11\/30\/fondazione-falcomata-presentato-i-racconti-della-cordigliera-reggina-prima-opera-narrativa-di-antonino-falcomata\/#breadcrumb\"},\"inLanguage\":\"it-IT\",\"potentialAction\":[{\"@type\":\"ReadAction\",\"target\":[\"https:\/\/progettotouring.it\/radiotouring104\/2025\/11\/30\/fondazione-falcomata-presentato-i-racconti-della-cordigliera-reggina-prima-opera-narrativa-di-antonino-falcomata\/\"]}]},{\"@type\":\"ImageObject\",\"inLanguage\":\"it-IT\",\"@id\":\"https:\/\/progettotouring.it\/radiotouring104\/2025\/11\/30\/fondazione-falcomata-presentato-i-racconti-della-cordigliera-reggina-prima-opera-narrativa-di-antonino-falcomata\/#primaryimage\",\"url\":\"https:\/\/progettotouring.it\/radiotouring104\/wp-content\/uploads\/sites\/6\/2025\/11\/IMMAGINI-X-SITO-2025-11-30T122443.491.jpg\",\"contentUrl\":\"https:\/\/progettotouring.it\/radiotouring104\/wp-content\/uploads\/sites\/6\/2025\/11\/IMMAGINI-X-SITO-2025-11-30T122443.491.jpg\",\"width\":2000,\"height\":1545},{\"@type\":\"BreadcrumbList\",\"@id\":\"https:\/\/progettotouring.it\/radiotouring104\/2025\/11\/30\/fondazione-falcomata-presentato-i-racconti-della-cordigliera-reggina-prima-opera-narrativa-di-antonino-falcomata\/#breadcrumb\",\"itemListElement\":[{\"@type\":\"ListItem\",\"position\":1,\"name\":\"Home\",\"item\":\"https:\/\/progettotouring.it\/radiotouring104\/\"},{\"@type\":\"ListItem\",\"position\":2,\"name\":\"Fondazione Falcomat\u00e0: presentato &#8220;I racconti della cordigliera reggina&#8221;, prima opera narrativa di Antonino Falcomat\u00e0\"}]},{\"@type\":\"WebSite\",\"@id\":\"https:\/\/progettotouring.it\/radiotouring104\/#website\",\"url\":\"https:\/\/progettotouring.it\/radiotouring104\/\",\"name\":\"Radio Touring 104\",\"description\":\"La prima radio Reggina\",\"publisher\":{\"@id\":\"https:\/\/progettotouring.it\/radiotouring104\/#organization\"},\"potentialAction\":[{\"@type\":\"SearchAction\",\"target\":{\"@type\":\"EntryPoint\",\"urlTemplate\":\"https:\/\/progettotouring.it\/radiotouring104\/?s={search_term_string}\"},\"query-input\":{\"@type\":\"PropertyValueSpecification\",\"valueRequired\":true,\"valueName\":\"search_term_string\"}}],\"inLanguage\":\"it-IT\"},{\"@type\":\"Organization\",\"@id\":\"https:\/\/progettotouring.it\/radiotouring104\/#organization\",\"name\":\"Radio Touring 104\",\"url\":\"https:\/\/progettotouring.it\/radiotouring104\/\",\"logo\":{\"@type\":\"ImageObject\",\"inLanguage\":\"it-IT\",\"@id\":\"https:\/\/progettotouring.it\/radiotouring104\/#\/schema\/logo\/image\/\",\"url\":\"https:\/\/progettotouring.it\/radiotouring104\/wp-content\/uploads\/sites\/6\/2022\/02\/cropped-logo-radio-touring-104.png\",\"contentUrl\":\"https:\/\/progettotouring.it\/radiotouring104\/wp-content\/uploads\/sites\/6\/2022\/02\/cropped-logo-radio-touring-104.png\",\"width\":377,\"height\":182,\"caption\":\"Radio Touring 104\"},\"image\":{\"@id\":\"https:\/\/progettotouring.it\/radiotouring104\/#\/schema\/logo\/image\/\"}},{\"@type\":\"Person\",\"@id\":\"https:\/\/progettotouring.it\/radiotouring104\/#\/schema\/person\/b9f9c3730b0a78814c9b9f3bfc52c619\",\"name\":\"S L\",\"image\":{\"@type\":\"ImageObject\",\"inLanguage\":\"it-IT\",\"@id\":\"https:\/\/secure.gravatar.com\/avatar\/652c51789d7030aaed9ff828331360502a68204fe6fb0831bc280515210e16d2?s=96&d=mm&r=g\",\"url\":\"https:\/\/secure.gravatar.com\/avatar\/652c51789d7030aaed9ff828331360502a68204fe6fb0831bc280515210e16d2?s=96&d=mm&r=g\",\"contentUrl\":\"https:\/\/secure.gravatar.com\/avatar\/652c51789d7030aaed9ff828331360502a68204fe6fb0831bc280515210e16d2?s=96&d=mm&r=g\",\"caption\":\"S L\"},\"url\":\"https:\/\/progettotouring.it\/radiotouring104\/author\/slibri\/\"}]}<\/script>\n<!-- \/ Yoast SEO plugin. -->","yoast_head_json":{"title":"Fondazione Falcomat\u00e0: presentato \"I racconti della cordigliera reggina\", prima opera narrativa di Antonino Falcomat\u00e0 - Radio Touring 104","description":"Valeria Falcomat\u00e0: \"\u00c8 una grande emozione presentare questo libro per l\u2019affetto che mi lega all\u2019autore, un affetto sincero e profondo che va oltre i rapporti di parentela\"","robots":{"index":"index","follow":"follow","max-snippet":"max-snippet:-1","max-image-preview":"max-image-preview:large","max-video-preview":"max-video-preview:-1"},"canonical":"https:\/\/progettotouring.it\/radiotouring104\/2025\/11\/30\/fondazione-falcomata-presentato-i-racconti-della-cordigliera-reggina-prima-opera-narrativa-di-antonino-falcomata\/","og_locale":"it_IT","og_type":"article","og_title":"Fondazione Falcomat\u00e0: presentato \"I racconti della cordigliera reggina\", prima opera narrativa di Antonino Falcomat\u00e0 - Radio Touring 104","og_description":"Valeria Falcomat\u00e0: \"\u00c8 una grande emozione presentare questo libro per l\u2019affetto che mi lega all\u2019autore, un affetto sincero e profondo che va oltre i rapporti di parentela\"","og_url":"https:\/\/progettotouring.it\/radiotouring104\/2025\/11\/30\/fondazione-falcomata-presentato-i-racconti-della-cordigliera-reggina-prima-opera-narrativa-di-antonino-falcomata\/","og_site_name":"Radio Touring 104","article_published_time":"2025-11-30T11:26:56+00:00","og_image":[{"width":2000,"height":1545,"url":"https:\/\/progettotouring.it\/radiotouring104\/wp-content\/uploads\/sites\/6\/2025\/11\/IMMAGINI-X-SITO-2025-11-30T122443.491.jpg","type":"image\/jpeg"}],"author":"S L","twitter_card":"summary_large_image","twitter_misc":{"Scritto da":"S L","Tempo di lettura stimato":"3 minuti"},"schema":{"@context":"https:\/\/schema.org","@graph":[{"@type":"Article","@id":"https:\/\/progettotouring.it\/radiotouring104\/2025\/11\/30\/fondazione-falcomata-presentato-i-racconti-della-cordigliera-reggina-prima-opera-narrativa-di-antonino-falcomata\/#article","isPartOf":{"@id":"https:\/\/progettotouring.it\/radiotouring104\/2025\/11\/30\/fondazione-falcomata-presentato-i-racconti-della-cordigliera-reggina-prima-opera-narrativa-di-antonino-falcomata\/"},"author":{"name":"S L","@id":"https:\/\/progettotouring.it\/radiotouring104\/#\/schema\/person\/b9f9c3730b0a78814c9b9f3bfc52c619"},"headline":"Fondazione Falcomat\u00e0: presentato &#8220;I racconti della cordigliera reggina&#8221;, prima opera narrativa di Antonino Falcomat\u00e0","datePublished":"2025-11-30T11:26:56+00:00","mainEntityOfPage":{"@id":"https:\/\/progettotouring.it\/radiotouring104\/2025\/11\/30\/fondazione-falcomata-presentato-i-racconti-della-cordigliera-reggina-prima-opera-narrativa-di-antonino-falcomata\/"},"wordCount":640,"publisher":{"@id":"https:\/\/progettotouring.it\/radiotouring104\/#organization"},"image":{"@id":"https:\/\/progettotouring.it\/radiotouring104\/2025\/11\/30\/fondazione-falcomata-presentato-i-racconti-della-cordigliera-reggina-prima-opera-narrativa-di-antonino-falcomata\/#primaryimage"},"thumbnailUrl":"https:\/\/progettotouring.it\/radiotouring104\/wp-content\/uploads\/sites\/6\/2025\/11\/IMMAGINI-X-SITO-2025-11-30T122443.491.jpg","articleSection":["Cultura","Home","News","Reggio Calabria"],"inLanguage":"it-IT"},{"@type":"WebPage","@id":"https:\/\/progettotouring.it\/radiotouring104\/2025\/11\/30\/fondazione-falcomata-presentato-i-racconti-della-cordigliera-reggina-prima-opera-narrativa-di-antonino-falcomata\/","url":"https:\/\/progettotouring.it\/radiotouring104\/2025\/11\/30\/fondazione-falcomata-presentato-i-racconti-della-cordigliera-reggina-prima-opera-narrativa-di-antonino-falcomata\/","name":"Fondazione Falcomat\u00e0: presentato \"I racconti della cordigliera reggina\", prima opera narrativa di Antonino Falcomat\u00e0 - Radio Touring 104","isPartOf":{"@id":"https:\/\/progettotouring.it\/radiotouring104\/#website"},"primaryImageOfPage":{"@id":"https:\/\/progettotouring.it\/radiotouring104\/2025\/11\/30\/fondazione-falcomata-presentato-i-racconti-della-cordigliera-reggina-prima-opera-narrativa-di-antonino-falcomata\/#primaryimage"},"image":{"@id":"https:\/\/progettotouring.it\/radiotouring104\/2025\/11\/30\/fondazione-falcomata-presentato-i-racconti-della-cordigliera-reggina-prima-opera-narrativa-di-antonino-falcomata\/#primaryimage"},"thumbnailUrl":"https:\/\/progettotouring.it\/radiotouring104\/wp-content\/uploads\/sites\/6\/2025\/11\/IMMAGINI-X-SITO-2025-11-30T122443.491.jpg","datePublished":"2025-11-30T11:26:56+00:00","description":"Valeria Falcomat\u00e0: \"\u00c8 una grande emozione presentare questo libro per l\u2019affetto che mi lega all\u2019autore, un affetto sincero e profondo che va oltre i rapporti di parentela\"","breadcrumb":{"@id":"https:\/\/progettotouring.it\/radiotouring104\/2025\/11\/30\/fondazione-falcomata-presentato-i-racconti-della-cordigliera-reggina-prima-opera-narrativa-di-antonino-falcomata\/#breadcrumb"},"inLanguage":"it-IT","potentialAction":[{"@type":"ReadAction","target":["https:\/\/progettotouring.it\/radiotouring104\/2025\/11\/30\/fondazione-falcomata-presentato-i-racconti-della-cordigliera-reggina-prima-opera-narrativa-di-antonino-falcomata\/"]}]},{"@type":"ImageObject","inLanguage":"it-IT","@id":"https:\/\/progettotouring.it\/radiotouring104\/2025\/11\/30\/fondazione-falcomata-presentato-i-racconti-della-cordigliera-reggina-prima-opera-narrativa-di-antonino-falcomata\/#primaryimage","url":"https:\/\/progettotouring.it\/radiotouring104\/wp-content\/uploads\/sites\/6\/2025\/11\/IMMAGINI-X-SITO-2025-11-30T122443.491.jpg","contentUrl":"https:\/\/progettotouring.it\/radiotouring104\/wp-content\/uploads\/sites\/6\/2025\/11\/IMMAGINI-X-SITO-2025-11-30T122443.491.jpg","width":2000,"height":1545},{"@type":"BreadcrumbList","@id":"https:\/\/progettotouring.it\/radiotouring104\/2025\/11\/30\/fondazione-falcomata-presentato-i-racconti-della-cordigliera-reggina-prima-opera-narrativa-di-antonino-falcomata\/#breadcrumb","itemListElement":[{"@type":"ListItem","position":1,"name":"Home","item":"https:\/\/progettotouring.it\/radiotouring104\/"},{"@type":"ListItem","position":2,"name":"Fondazione Falcomat\u00e0: presentato &#8220;I racconti della cordigliera reggina&#8221;, prima opera narrativa di Antonino Falcomat\u00e0"}]},{"@type":"WebSite","@id":"https:\/\/progettotouring.it\/radiotouring104\/#website","url":"https:\/\/progettotouring.it\/radiotouring104\/","name":"Radio Touring 104","description":"La prima radio Reggina","publisher":{"@id":"https:\/\/progettotouring.it\/radiotouring104\/#organization"},"potentialAction":[{"@type":"SearchAction","target":{"@type":"EntryPoint","urlTemplate":"https:\/\/progettotouring.it\/radiotouring104\/?s={search_term_string}"},"query-input":{"@type":"PropertyValueSpecification","valueRequired":true,"valueName":"search_term_string"}}],"inLanguage":"it-IT"},{"@type":"Organization","@id":"https:\/\/progettotouring.it\/radiotouring104\/#organization","name":"Radio Touring 104","url":"https:\/\/progettotouring.it\/radiotouring104\/","logo":{"@type":"ImageObject","inLanguage":"it-IT","@id":"https:\/\/progettotouring.it\/radiotouring104\/#\/schema\/logo\/image\/","url":"https:\/\/progettotouring.it\/radiotouring104\/wp-content\/uploads\/sites\/6\/2022\/02\/cropped-logo-radio-touring-104.png","contentUrl":"https:\/\/progettotouring.it\/radiotouring104\/wp-content\/uploads\/sites\/6\/2022\/02\/cropped-logo-radio-touring-104.png","width":377,"height":182,"caption":"Radio Touring 104"},"image":{"@id":"https:\/\/progettotouring.it\/radiotouring104\/#\/schema\/logo\/image\/"}},{"@type":"Person","@id":"https:\/\/progettotouring.it\/radiotouring104\/#\/schema\/person\/b9f9c3730b0a78814c9b9f3bfc52c619","name":"S L","image":{"@type":"ImageObject","inLanguage":"it-IT","@id":"https:\/\/secure.gravatar.com\/avatar\/652c51789d7030aaed9ff828331360502a68204fe6fb0831bc280515210e16d2?s=96&d=mm&r=g","url":"https:\/\/secure.gravatar.com\/avatar\/652c51789d7030aaed9ff828331360502a68204fe6fb0831bc280515210e16d2?s=96&d=mm&r=g","contentUrl":"https:\/\/secure.gravatar.com\/avatar\/652c51789d7030aaed9ff828331360502a68204fe6fb0831bc280515210e16d2?s=96&d=mm&r=g","caption":"S L"},"url":"https:\/\/progettotouring.it\/radiotouring104\/author\/slibri\/"}]}},"jetpack_publicize_connections":[],"jetpack_featured_media_url":"https:\/\/progettotouring.it\/radiotouring104\/wp-content\/uploads\/sites\/6\/2025\/11\/IMMAGINI-X-SITO-2025-11-30T122443.491.jpg","jetpack_sharing_enabled":true,"_links":{"self":[{"href":"https:\/\/progettotouring.it\/radiotouring104\/wp-json\/wp\/v2\/posts\/86552","targetHints":{"allow":["GET"]}}],"collection":[{"href":"https:\/\/progettotouring.it\/radiotouring104\/wp-json\/wp\/v2\/posts"}],"about":[{"href":"https:\/\/progettotouring.it\/radiotouring104\/wp-json\/wp\/v2\/types\/post"}],"author":[{"embeddable":true,"href":"https:\/\/progettotouring.it\/radiotouring104\/wp-json\/wp\/v2\/users\/19"}],"replies":[{"embeddable":true,"href":"https:\/\/progettotouring.it\/radiotouring104\/wp-json\/wp\/v2\/comments?post=86552"}],"version-history":[{"count":1,"href":"https:\/\/progettotouring.it\/radiotouring104\/wp-json\/wp\/v2\/posts\/86552\/revisions"}],"predecessor-version":[{"id":86554,"href":"https:\/\/progettotouring.it\/radiotouring104\/wp-json\/wp\/v2\/posts\/86552\/revisions\/86554"}],"wp:featuredmedia":[{"embeddable":true,"href":"https:\/\/progettotouring.it\/radiotouring104\/wp-json\/wp\/v2\/media\/86553"}],"wp:attachment":[{"href":"https:\/\/progettotouring.it\/radiotouring104\/wp-json\/wp\/v2\/media?parent=86552"}],"wp:term":[{"taxonomy":"category","embeddable":true,"href":"https:\/\/progettotouring.it\/radiotouring104\/wp-json\/wp\/v2\/categories?post=86552"},{"taxonomy":"post_tag","embeddable":true,"href":"https:\/\/progettotouring.it\/radiotouring104\/wp-json\/wp\/v2\/tags?post=86552"}],"curies":[{"name":"wp","href":"https:\/\/api.w.org\/{rel}","templated":true}]}}