{"id":86555,"date":"2025-11-30T14:05:33","date_gmt":"2025-11-30T13:05:33","guid":{"rendered":"https:\/\/progettotouring.it\/radiotouring104\/?p=86555"},"modified":"2025-12-16T19:18:52","modified_gmt":"2025-12-16T18:18:52","slug":"cronaca-diretta-reggina-gela","status":"publish","type":"post","link":"https:\/\/progettotouring.it\/radiotouring104\/2025\/11\/30\/cronaca-diretta-reggina-gela\/","title":{"rendered":"Cronaca diretta Reggina &#8211; Gela"},"content":{"rendered":"<div id=\"penci-post-gallery__76646\" class=\"penci-post-gallery-container single-slider column-3\" data-height=\"150\" data-margin=\"3\"><div class=\"penci-owl-carousel penci-owl-carousel-slider penci-nav-visible\" data-auto=\"true\" data-lazy=\"true\"><figure><a class=\"penci-gallery-ite item-gallery-single-slider item-link-relative\" href=\"https:\/\/progettotouring.it\/radiotouring104\/wp-content\/uploads\/sites\/6\/2025\/11\/IMG-20251130-WA0027.jpg\"><span class=\"penci-isotope-padding\" style=\"padding-bottom:75.04273504%;\"><\/span><img decoding=\"async\" src=\"https:\/\/progettotouring.it\/radiotouring104\/wp-content\/uploads\/sites\/6\/2025\/11\/IMG-20251130-WA0027-1170x878.jpg\" alt=\"\" title=\"IMG-20251130-WA0027\"><\/a><\/figure><figure><a class=\"penci-gallery-ite item-gallery-single-slider item-link-relative\" href=\"https:\/\/progettotouring.it\/radiotouring104\/wp-content\/uploads\/sites\/6\/2025\/11\/IMG-20251130-WA0025.jpg\"><span class=\"penci-isotope-padding\" style=\"padding-bottom:75.04273504%;\"><\/span><img decoding=\"async\" src=\"https:\/\/progettotouring.it\/radiotouring104\/wp-content\/uploads\/sites\/6\/2025\/11\/IMG-20251130-WA0025-1170x878.jpg\" alt=\"\" title=\"IMG-20251130-WA0025\"><\/a><\/figure><figure><a class=\"penci-gallery-ite item-gallery-single-slider item-link-relative\" href=\"https:\/\/progettotouring.it\/radiotouring104\/wp-content\/uploads\/sites\/6\/2025\/11\/IMG-20251130-WA0026.jpg\"><span class=\"penci-isotope-padding\" style=\"padding-bottom:75.04273504%;\"><\/span><img decoding=\"async\" src=\"https:\/\/progettotouring.it\/radiotouring104\/wp-content\/uploads\/sites\/6\/2025\/11\/IMG-20251130-WA0026-1170x878.jpg\" alt=\"\" title=\"IMG-20251130-WA0026\"><\/a><\/figure><figure><a class=\"penci-gallery-ite item-gallery-single-slider item-link-relative\" href=\"https:\/\/progettotouring.it\/radiotouring104\/wp-content\/uploads\/sites\/6\/2025\/11\/IMG-20251130-WA0024.jpg\"><span class=\"penci-isotope-padding\" style=\"padding-bottom:75.04273504%;\"><\/span><img decoding=\"async\" src=\"https:\/\/progettotouring.it\/radiotouring104\/wp-content\/uploads\/sites\/6\/2025\/11\/IMG-20251130-WA0024-1170x878.jpg\" alt=\"\" title=\"IMG-20251130-WA0024\"><\/a><\/figure><figure><a class=\"penci-gallery-ite item-gallery-single-slider item-link-relative\" href=\"https:\/\/progettotouring.it\/radiotouring104\/wp-content\/uploads\/sites\/6\/2025\/11\/IMG-20251130-WA0023.jpg\"><span class=\"penci-isotope-padding\" style=\"padding-bottom:46.15384615%;\"><\/span><img decoding=\"async\" src=\"https:\/\/progettotouring.it\/radiotouring104\/wp-content\/uploads\/sites\/6\/2025\/11\/IMG-20251130-WA0023-1170x540.jpg\" alt=\"\" title=\"IMG-20251130-WA0023\"><\/a><\/figure><figure><a class=\"penci-gallery-ite item-gallery-single-slider item-link-relative\" href=\"https:\/\/progettotouring.it\/radiotouring104\/wp-content\/uploads\/sites\/6\/2025\/11\/IMMAGINI-X-SITO-2025-11-29T215624.298.jpg\"><span class=\"penci-isotope-padding\" style=\"padding-bottom:77.26495726%;\"><\/span><img decoding=\"async\" src=\"https:\/\/progettotouring.it\/radiotouring104\/wp-content\/uploads\/sites\/6\/2025\/11\/IMMAGINI-X-SITO-2025-11-29T215624.298-1170x904.jpg\" alt=\"\" title=\"Reggina &#8211; Gela\"><\/a><\/figure><figure><a class=\"penci-gallery-ite item-gallery-single-slider item-link-relative\" href=\"https:\/\/progettotouring.it\/radiotouring104\/wp-content\/uploads\/sites\/6\/2025\/11\/IMG-20251130-WA0028.jpg\"><span class=\"penci-isotope-padding\" style=\"padding-bottom:75.04273504%;\"><\/span><img decoding=\"async\" src=\"https:\/\/progettotouring.it\/radiotouring104\/wp-content\/uploads\/sites\/6\/2025\/11\/IMG-20251130-WA0028-1170x878.jpg\" alt=\"\" title=\"IMG-20251130-WA0028\"><\/a><\/figure><figure><a class=\"penci-gallery-ite item-gallery-single-slider item-link-relative\" href=\"https:\/\/progettotouring.it\/radiotouring104\/wp-content\/uploads\/sites\/6\/2025\/11\/IMG-20251130-WA0031.jpg\"><span class=\"penci-isotope-padding\" style=\"padding-bottom:75.04273504%;\"><\/span><img decoding=\"async\" src=\"https:\/\/progettotouring.it\/radiotouring104\/wp-content\/uploads\/sites\/6\/2025\/11\/IMG-20251130-WA0031-1170x878.jpg\" alt=\"\" title=\"IMG-20251130-WA0031\"><\/a><\/figure><\/div><\/div>\n<p><!--nextpage--><\/p>\n<p>REGGINA- GELA: 1-0<\/p>\n<p>P.S.: in diretta, dalla tribuna, abbiamo attribuito il gol della Reggina a Girasole ma, in realt\u00e0, la punizione di Di Grazia \u00e8 entrata in rete senza alcun tocco di Rosario. Pertanto la rete \u00e8 da attribuire, ovviamente, al n. 10.<\/p>\n<p>Dal Granillo \u00e8\u00a0 tutto.<\/p>\n<p>Comunque vittoria doveva essere ed \u00e8 stata conquistata: la Reggina batte il Gela 1-0 con gol di Rosario Girasole.<\/p>\n<p>Peggiore in campo l&#8221;arbitro Nencioli di Prato che non ha gestito l&#8217;incontro non riuscendo a contenere il nervosismo soprattutto degli ospiti. Tanti, troppi, i cartellini ai nostri non compensati da quelli estratti agli ennesi.<\/p>\n<p>Dopo il fischio finale espulso Salandria.<\/p>\n<p>Ottimo l&#8217;esordio di Macr\u00ec e interessante l&#8217;ingresso in campo l&#8217;ingresso di Bevilacqua.<\/p>\n<p>E&#8217; finita! Con il cuore la Reggina riesce a vincerla! Un secondo tempo di sofferenza per i ragazzi di mister Torrisi che, con grinta, hanno combattuto su ogni pallone e, soprattutto negli ultimi 20 minuti, non hanno corso pericoli.<\/p>\n<p>5 minuto di recupero: Edera, dopo un paio di rimpallo, non riesce a centrare la porta.<\/p>\n<p>Sei minuti di recupero.<\/p>\n<p>41 minuto: ancora polemiche in campo. L&#8217;arbitraggio \u00e8 insufficiente e poco autorevole.<\/p>\n<p>39 minuto: sostituzione Gela: dentro Bollino per Aperi .<\/p>\n<p>Ammonito Aperi per un fallo che ferma una bella discesa di Desiato.<\/p>\n<p>In campo Fofana &#8216; per Di Grazia.<\/p>\n<p>33 minuto: si accascia Di Grazia che chiede il cambio. Sembrano in difficolt\u00e0 anche Macr\u00ec e Salandria che, per\u00f2, non possono essere sostituiti. Sono finite le sostituzioni per la Reggina.<\/p>\n<p>28 minuto: fuori Cangemi per il nuovo acquisto Teijo.<\/p>\n<p>25 minuto: ammoniti Marino e Edera.<\/p>\n<p>23 minuto: Bevilacqua di testa non centra la porta su un bel cross di Edera<\/p>\n<p>18 minuto: pronto ad entrare Ferraro per Ragusa.<\/p>\n<p>Soffre la Reggina che non riesce a ripartire.<\/p>\n<p>15 minuto: altra bella parata di Lagonigro su Tuccio<\/p>\n<p>Qualche minuto fa occasione per il Gela con Tuccio che spara alto da buona posizione.<\/p>\n<p>13 minuto: ammonito Cangemi.<\/p>\n<p>9 minuto: doppia sostituzione Reggina: fuori il zoppicante Adejo per Desiato e Barill\u00e0 per Bevilacqua.<\/p>\n<p>6: bella punizione di Edera che sfiora il palo alla sinistra di Minuss.<\/p>\n<p>5: ammonito Sbuttoni per fallo su Barill\u00e0.<\/p>\n<p>Cambio Gela: in campo Tuccio per Gigante.<\/p>\n<p>15.40: Squadre di nuovo in campo. La Reggina attaccher\u00e0 da sinistra verso destra.<\/p>\n<p>Segnaliamo le ammonizioni che pesano sugli amaranto: Ragusa e Barill\u00e0 per proteste e Distratto.<\/p>\n<p>La Reggina avrebbe dovuto essere pi\u00f9 concreta nelle occasioni create nel primo quarto\u00a0 di gara .<\/p>\n<p>Qualche difficolt\u00e0 per la Reggina che sembra subire le sfuriate gelesi. Sempre pericolosa di testa\u00a0 la squadra ospite: tutte le occasioni sono arrivate da traversoni, calci d&#8217;angolo, colpiti dagli avversari.<\/p>\n<p>Ammonito Distratto.<\/p>\n<p>47 minuto: miracolo di Lagonigro che respinge un colpo di testa a botta sicura di Aperi.<\/p>\n<p>Distratto entra in campo mentre vengono segnalati 5 minuti di recupero.<\/p>\n<p>44 minuto: si fa male Porcino. Subito Distratto a riscaldarsi.\u00a0 Non \u00e8 fortunata la Reggina. Precedentemente abbiamo visto zoppicare Adejo e Saladria.<\/p>\n<p>40 minuto: riscaldamento per Mungo e Bevilacqua.<\/p>\n<p>32 minuto: ammonito Barill\u00e0 per un battibecco con la panchina ospite. Molto nervosismo e partita spezzettata.<\/p>\n<p>In attacco si alternano Barill\u00e0 e Edera come riferimento centrale.<\/p>\n<p>Bell&#8217;approccio alla gara del giovane Macr\u00ec posizionatosi a centrocampo nel ruolo solitamente coperto da Laaribi.<\/p>\n<p>18 minuto: ammonito Ragusa presumibilmente per proteste.<\/p>\n<p>La Reggina avrebbe potuto raddoppiare dopo una riconquista in pressing alto del pallone ma Adejo ha sbagliato l&#8217;assist e Edera, di destro, tira senza forza.<\/p>\n<p>Bell&#8217;abbaccio tra il 10 e mister Torrisi.<\/p>\n<p>Due occasioni permla Reggina che recupera palla in pressing e si propone pericolosamente di rimessa ma Adejo sbaglia l&#8217;ultimo passaggio e Edera, di destro, tira debolmente.<\/p>\n<p>9 minuto:Girasole!! Perfetta punizione di Di Grazia che pennella un cross sulla secondo palestra appoggiato in rete dal n.5.<\/p>\n<p>Il Gela, invece, si \u00e8 reso pericoloso di rimessa e sui col0i di testa.<\/p>\n<p>Subito due buone occasioni per gli amaranto ma Barill\u00e0 prima e il giovane Macr\u00ec non riescono a colpire con pericolosit\u00e0.<\/p>\n<p>14.33: partiti!!<\/p>\n<p>Arbitri in divisa azzurra e pantaloncini neri, la Reggina in divisa bianca con banda amaranto, il Gela in completo nero.<\/p>\n<p>Tempo ottimo: il sole riscalda gli spalti e illumina il terreno di gioco.<\/p>\n<p>14.27: le squadre, precedute dalla terna arbitrale, entrano in campo.<\/p>\n<p>14.20: iniziano ad accomodarsi in panchina i calciatori che, eventualmente, subentreranno a partita iniziata: tra questi i nuovi amaranto.<\/p>\n<p>14.15: Squadre negli spogliatoi dopo il riscaldamento in campo.<\/p>\n<p>Buon pomeriggio dallo stadio Granillo di Reggio Calabria dove, alle 14.30, inizier\u00e0 la sfida tra gli amaranto e la neopromossa Gela.<\/p>\n<p>Risultati finora altalenanti per la squadra siciliana che precede la Reggina in classifica con ben 18 punti. Dopo una partenza lanciata la squadra sembrava essersi smarrita inanellando una serie di sconfitte che hanno portato all&#8217;esonero del tecnico Cacciola.<\/p>\n<p>Al suo posto il reggino Giuseppe Misiti che \u00e8 riuscito a far invertire la rotta ottenendo due successi nelle ultime due gare:\u00a0 vittoria in trasferta a Milazzo e, soprattutto, successo casalingo nel sentitissimo derby con la Nissa.<\/p>\n<p>Il Gela arriva, quindi, a Reggio sulle ali dell&#8217;entusiasmo e, soprattutto, senza la pressione del risultato che accompagna costantemente la Reggina costretta a vincere sempre per cercare di mantenere in vita la speranza di rientrare nella corsa per la promozione diretta.<\/p>\n<p>Ed ecco le formazioni ufficiali:<\/p>\n<p><strong>REGGINA (4-2-3-1)<\/strong>: Lagonigro; Lanzillotta, Adejo, R. Girasole, Porcino; Salandria, Macr\u00ec; Ragusa, Barill\u00e0, Di Grazia; Edera.\u00a0<strong>All<\/strong>. Torrisi<br \/>\n<strong>A disposizione<\/strong>: Summa, Distratto, Desiato, Mungo, Bevilacqua, Ferraro, Palumbo, Sartore, Fofana.<br \/>\n<strong>GELA (4-2-3-1):<\/strong>\u00a0Minuss; Argentati, Giuliano, Sbuttoni, Marino; Cangemi, Giacomarro; Gigante, Maltese, Peri, Mbakogu.\u00a0<strong>All<\/strong>. Misiti<br \/>\n<strong>A disposizione<\/strong>: Colace, F. Ferrigno, Tuccio, Bollino, Vincenzi, Martinenko, Teijo, M. Ferrigno, Petta.<br \/>\n<strong>Arbitro<\/strong>: Lorenzo Nencioli (Prato).\u00a0<strong>Assistenti<\/strong>: Riccardo Targa (Padova), Dragos Alexandru Mariut (Asti).<\/p>\n<p>Sorprese nelle scelte di Mister Torrisi: esordio del giovanissimo Macr\u00ec. Parte dalla panchina Ferraro. Rientra tra i pali Lagonigro.<\/p>\n<p>Sar\u00e0,\u00a0 quindi, un attacco agile e tecnico, quello di partenza degli amaranto.<\/p>\n<p>Terreno di gioco in ottime condizioni.<\/p>\n<p>A circa 20 minuti dal fischio d&#8217;inizio poca gente sugli spalti.<\/p>\n","protected":false},"excerpt":{"rendered":"","protected":false},"author":19,"featured_media":86529,"comment_status":"closed","ping_status":"open","sticky":false,"template":"","format":"standard","meta":{"_jetpack_memberships_contains_paid_content":false,"footnotes":"","jetpack_publicize_message":"","jetpack_publicize_feature_enabled":true,"jetpack_social_post_already_shared":true,"jetpack_social_options":{"image_generator_settings":{"template":"highway","default_image_id":0,"font":"","enabled":false},"version":2}},"categories":[150,196,144],"tags":[],"class_list":["post-86555","post","type-post","status-publish","format-standard","has-post-thumbnail","hentry","category-in-primo-piano","category-news","category-sport"],"yoast_head":"<!-- This site is optimized with the Yoast SEO plugin v27.2 - https:\/\/yoast.com\/product\/yoast-seo-wordpress\/ -->\n<title>Cronaca diretta Reggina - Gela - Radio Touring 104<\/title>\n<meta name=\"description\" content=\"Dallo stadio &quot;O. Granillo&quot; l&#039;incontro valido per la 14a giornata del campionato LND serie D girone I\" \/>\n<meta name=\"robots\" content=\"index, follow, max-snippet:-1, max-image-preview:large, max-video-preview:-1\" \/>\n<link rel=\"canonical\" href=\"https:\/\/progettotouring.it\/radiotouring104\/2025\/11\/30\/cronaca-diretta-reggina-gela\/\" \/>\n<link rel=\"next\" href=\"https:\/\/progettotouring.it\/radiotouring104\/2025\/11\/30\/cronaca-diretta-reggina-gela\/2\/\" \/>\n<meta property=\"og:locale\" content=\"it_IT\" \/>\n<meta property=\"og:type\" content=\"article\" \/>\n<meta property=\"og:title\" content=\"Cronaca diretta Reggina - Gela - Radio Touring 104\" \/>\n<meta property=\"og:description\" content=\"Dallo stadio &quot;O. Granillo&quot; l&#039;incontro valido per la 14a giornata del campionato LND serie D girone I\" \/>\n<meta property=\"og:url\" content=\"https:\/\/progettotouring.it\/radiotouring104\/2025\/11\/30\/cronaca-diretta-reggina-gela\/\" \/>\n<meta property=\"og:site_name\" content=\"Radio Touring 104\" \/>\n<meta property=\"article:published_time\" content=\"2025-11-30T13:05:33+00:00\" \/>\n<meta property=\"article:modified_time\" content=\"2025-12-16T18:18:52+00:00\" \/>\n<meta property=\"og:image\" content=\"https:\/\/progettotouring.it\/radiotouring104\/wp-content\/uploads\/sites\/6\/2025\/11\/IMMAGINI-X-SITO-2025-11-29T215624.298.jpg\" \/>\n\t<meta property=\"og:image:width\" content=\"2000\" \/>\n\t<meta property=\"og:image:height\" content=\"1545\" \/>\n\t<meta property=\"og:image:type\" content=\"image\/jpeg\" \/>\n<meta name=\"author\" content=\"S L\" \/>\n<meta name=\"twitter:card\" content=\"summary_large_image\" \/>\n<meta name=\"twitter:label1\" content=\"Scritto da\" \/>\n\t<meta name=\"twitter:data1\" content=\"S L\" \/>\n\t<meta name=\"twitter:label2\" content=\"Tempo di lettura stimato\" \/>\n\t<meta name=\"twitter:data2\" content=\"5 minuti\" \/>\n<script type=\"application\/ld+json\" class=\"yoast-schema-graph\">{\"@context\":\"https:\/\/schema.org\",\"@graph\":[{\"@type\":\"Article\",\"@id\":\"https:\/\/progettotouring.it\/radiotouring104\/2025\/11\/30\/cronaca-diretta-reggina-gela\/#article\",\"isPartOf\":{\"@id\":\"https:\/\/progettotouring.it\/radiotouring104\/2025\/11\/30\/cronaca-diretta-reggina-gela\/\"},\"author\":{\"name\":\"S L\",\"@id\":\"https:\/\/progettotouring.it\/radiotouring104\/#\/schema\/person\/b9f9c3730b0a78814c9b9f3bfc52c619\"},\"headline\":\"Cronaca diretta Reggina &#8211; Gela\",\"datePublished\":\"2025-11-30T13:05:33+00:00\",\"dateModified\":\"2025-12-16T18:18:52+00:00\",\"mainEntityOfPage\":{\"@id\":\"https:\/\/progettotouring.it\/radiotouring104\/2025\/11\/30\/cronaca-diretta-reggina-gela\/\"},\"wordCount\":962,\"publisher\":{\"@id\":\"https:\/\/progettotouring.it\/radiotouring104\/#organization\"},\"image\":{\"@id\":\"https:\/\/progettotouring.it\/radiotouring104\/2025\/11\/30\/cronaca-diretta-reggina-gela\/#primaryimage\"},\"thumbnailUrl\":\"https:\/\/progettotouring.it\/radiotouring104\/wp-content\/uploads\/sites\/6\/2025\/11\/IMMAGINI-X-SITO-2025-11-29T215624.298.jpg\",\"articleSection\":[\"In primo piano\",\"News\",\"Sport\"],\"inLanguage\":\"it-IT\"},{\"@type\":\"WebPage\",\"@id\":\"https:\/\/progettotouring.it\/radiotouring104\/2025\/11\/30\/cronaca-diretta-reggina-gela\/\",\"url\":\"https:\/\/progettotouring.it\/radiotouring104\/2025\/11\/30\/cronaca-diretta-reggina-gela\/\",\"name\":\"Cronaca diretta Reggina - Gela - Radio Touring 104\",\"isPartOf\":{\"@id\":\"https:\/\/progettotouring.it\/radiotouring104\/#website\"},\"primaryImageOfPage\":{\"@id\":\"https:\/\/progettotouring.it\/radiotouring104\/2025\/11\/30\/cronaca-diretta-reggina-gela\/#primaryimage\"},\"image\":{\"@id\":\"https:\/\/progettotouring.it\/radiotouring104\/2025\/11\/30\/cronaca-diretta-reggina-gela\/#primaryimage\"},\"thumbnailUrl\":\"https:\/\/progettotouring.it\/radiotouring104\/wp-content\/uploads\/sites\/6\/2025\/11\/IMMAGINI-X-SITO-2025-11-29T215624.298.jpg\",\"datePublished\":\"2025-11-30T13:05:33+00:00\",\"dateModified\":\"2025-12-16T18:18:52+00:00\",\"description\":\"Dallo stadio \\\"O. Granillo\\\" l'incontro valido per la 14a giornata del campionato LND serie D girone I\",\"inLanguage\":\"it-IT\",\"potentialAction\":[{\"@type\":\"ReadAction\",\"target\":[\"https:\/\/progettotouring.it\/radiotouring104\/2025\/11\/30\/cronaca-diretta-reggina-gela\/\"]}]},{\"@type\":\"ImageObject\",\"inLanguage\":\"it-IT\",\"@id\":\"https:\/\/progettotouring.it\/radiotouring104\/2025\/11\/30\/cronaca-diretta-reggina-gela\/#primaryimage\",\"url\":\"https:\/\/progettotouring.it\/radiotouring104\/wp-content\/uploads\/sites\/6\/2025\/11\/IMMAGINI-X-SITO-2025-11-29T215624.298.jpg\",\"contentUrl\":\"https:\/\/progettotouring.it\/radiotouring104\/wp-content\/uploads\/sites\/6\/2025\/11\/IMMAGINI-X-SITO-2025-11-29T215624.298.jpg\",\"width\":2000,\"height\":1545},{\"@type\":\"WebSite\",\"@id\":\"https:\/\/progettotouring.it\/radiotouring104\/#website\",\"url\":\"https:\/\/progettotouring.it\/radiotouring104\/\",\"name\":\"Radio Touring 104\",\"description\":\"La prima radio Reggina\",\"publisher\":{\"@id\":\"https:\/\/progettotouring.it\/radiotouring104\/#organization\"},\"potentialAction\":[{\"@type\":\"SearchAction\",\"target\":{\"@type\":\"EntryPoint\",\"urlTemplate\":\"https:\/\/progettotouring.it\/radiotouring104\/?s={search_term_string}\"},\"query-input\":{\"@type\":\"PropertyValueSpecification\",\"valueRequired\":true,\"valueName\":\"search_term_string\"}}],\"inLanguage\":\"it-IT\"},{\"@type\":\"Organization\",\"@id\":\"https:\/\/progettotouring.it\/radiotouring104\/#organization\",\"name\":\"Radio Touring 104\",\"url\":\"https:\/\/progettotouring.it\/radiotouring104\/\",\"logo\":{\"@type\":\"ImageObject\",\"inLanguage\":\"it-IT\",\"@id\":\"https:\/\/progettotouring.it\/radiotouring104\/#\/schema\/logo\/image\/\",\"url\":\"https:\/\/progettotouring.it\/radiotouring104\/wp-content\/uploads\/sites\/6\/2022\/02\/cropped-logo-radio-touring-104.png\",\"contentUrl\":\"https:\/\/progettotouring.it\/radiotouring104\/wp-content\/uploads\/sites\/6\/2022\/02\/cropped-logo-radio-touring-104.png\",\"width\":377,\"height\":182,\"caption\":\"Radio Touring 104\"},\"image\":{\"@id\":\"https:\/\/progettotouring.it\/radiotouring104\/#\/schema\/logo\/image\/\"}},{\"@type\":\"Person\",\"@id\":\"https:\/\/progettotouring.it\/radiotouring104\/#\/schema\/person\/b9f9c3730b0a78814c9b9f3bfc52c619\",\"name\":\"S L\",\"image\":{\"@type\":\"ImageObject\",\"inLanguage\":\"it-IT\",\"@id\":\"https:\/\/secure.gravatar.com\/avatar\/652c51789d7030aaed9ff828331360502a68204fe6fb0831bc280515210e16d2?s=96&d=mm&r=g\",\"url\":\"https:\/\/secure.gravatar.com\/avatar\/652c51789d7030aaed9ff828331360502a68204fe6fb0831bc280515210e16d2?s=96&d=mm&r=g\",\"contentUrl\":\"https:\/\/secure.gravatar.com\/avatar\/652c51789d7030aaed9ff828331360502a68204fe6fb0831bc280515210e16d2?s=96&d=mm&r=g\",\"caption\":\"S L\"},\"url\":\"https:\/\/progettotouring.it\/radiotouring104\/author\/slibri\/\"}]}<\/script>\n<!-- \/ Yoast SEO plugin. -->","yoast_head_json":{"title":"Cronaca diretta Reggina - Gela - Radio Touring 104","description":"Dallo stadio \"O. Granillo\" l'incontro valido per la 14a giornata del campionato LND serie D girone I","robots":{"index":"index","follow":"follow","max-snippet":"max-snippet:-1","max-image-preview":"max-image-preview:large","max-video-preview":"max-video-preview:-1"},"canonical":"https:\/\/progettotouring.it\/radiotouring104\/2025\/11\/30\/cronaca-diretta-reggina-gela\/","next":"https:\/\/progettotouring.it\/radiotouring104\/2025\/11\/30\/cronaca-diretta-reggina-gela\/2\/","og_locale":"it_IT","og_type":"article","og_title":"Cronaca diretta Reggina - Gela - Radio Touring 104","og_description":"Dallo stadio \"O. Granillo\" l'incontro valido per la 14a giornata del campionato LND serie D girone I","og_url":"https:\/\/progettotouring.it\/radiotouring104\/2025\/11\/30\/cronaca-diretta-reggina-gela\/","og_site_name":"Radio Touring 104","article_published_time":"2025-11-30T13:05:33+00:00","article_modified_time":"2025-12-16T18:18:52+00:00","og_image":[{"width":2000,"height":1545,"url":"https:\/\/progettotouring.it\/radiotouring104\/wp-content\/uploads\/sites\/6\/2025\/11\/IMMAGINI-X-SITO-2025-11-29T215624.298.jpg","type":"image\/jpeg"}],"author":"S L","twitter_card":"summary_large_image","twitter_misc":{"Scritto da":"S L","Tempo di lettura stimato":"5 minuti"},"schema":{"@context":"https:\/\/schema.org","@graph":[{"@type":"Article","@id":"https:\/\/progettotouring.it\/radiotouring104\/2025\/11\/30\/cronaca-diretta-reggina-gela\/#article","isPartOf":{"@id":"https:\/\/progettotouring.it\/radiotouring104\/2025\/11\/30\/cronaca-diretta-reggina-gela\/"},"author":{"name":"S L","@id":"https:\/\/progettotouring.it\/radiotouring104\/#\/schema\/person\/b9f9c3730b0a78814c9b9f3bfc52c619"},"headline":"Cronaca diretta Reggina &#8211; Gela","datePublished":"2025-11-30T13:05:33+00:00","dateModified":"2025-12-16T18:18:52+00:00","mainEntityOfPage":{"@id":"https:\/\/progettotouring.it\/radiotouring104\/2025\/11\/30\/cronaca-diretta-reggina-gela\/"},"wordCount":962,"publisher":{"@id":"https:\/\/progettotouring.it\/radiotouring104\/#organization"},"image":{"@id":"https:\/\/progettotouring.it\/radiotouring104\/2025\/11\/30\/cronaca-diretta-reggina-gela\/#primaryimage"},"thumbnailUrl":"https:\/\/progettotouring.it\/radiotouring104\/wp-content\/uploads\/sites\/6\/2025\/11\/IMMAGINI-X-SITO-2025-11-29T215624.298.jpg","articleSection":["In primo piano","News","Sport"],"inLanguage":"it-IT"},{"@type":"WebPage","@id":"https:\/\/progettotouring.it\/radiotouring104\/2025\/11\/30\/cronaca-diretta-reggina-gela\/","url":"https:\/\/progettotouring.it\/radiotouring104\/2025\/11\/30\/cronaca-diretta-reggina-gela\/","name":"Cronaca diretta Reggina - Gela - Radio Touring 104","isPartOf":{"@id":"https:\/\/progettotouring.it\/radiotouring104\/#website"},"primaryImageOfPage":{"@id":"https:\/\/progettotouring.it\/radiotouring104\/2025\/11\/30\/cronaca-diretta-reggina-gela\/#primaryimage"},"image":{"@id":"https:\/\/progettotouring.it\/radiotouring104\/2025\/11\/30\/cronaca-diretta-reggina-gela\/#primaryimage"},"thumbnailUrl":"https:\/\/progettotouring.it\/radiotouring104\/wp-content\/uploads\/sites\/6\/2025\/11\/IMMAGINI-X-SITO-2025-11-29T215624.298.jpg","datePublished":"2025-11-30T13:05:33+00:00","dateModified":"2025-12-16T18:18:52+00:00","description":"Dallo stadio \"O. Granillo\" l'incontro valido per la 14a giornata del campionato LND serie D girone I","inLanguage":"it-IT","potentialAction":[{"@type":"ReadAction","target":["https:\/\/progettotouring.it\/radiotouring104\/2025\/11\/30\/cronaca-diretta-reggina-gela\/"]}]},{"@type":"ImageObject","inLanguage":"it-IT","@id":"https:\/\/progettotouring.it\/radiotouring104\/2025\/11\/30\/cronaca-diretta-reggina-gela\/#primaryimage","url":"https:\/\/progettotouring.it\/radiotouring104\/wp-content\/uploads\/sites\/6\/2025\/11\/IMMAGINI-X-SITO-2025-11-29T215624.298.jpg","contentUrl":"https:\/\/progettotouring.it\/radiotouring104\/wp-content\/uploads\/sites\/6\/2025\/11\/IMMAGINI-X-SITO-2025-11-29T215624.298.jpg","width":2000,"height":1545},{"@type":"WebSite","@id":"https:\/\/progettotouring.it\/radiotouring104\/#website","url":"https:\/\/progettotouring.it\/radiotouring104\/","name":"Radio Touring 104","description":"La prima radio Reggina","publisher":{"@id":"https:\/\/progettotouring.it\/radiotouring104\/#organization"},"potentialAction":[{"@type":"SearchAction","target":{"@type":"EntryPoint","urlTemplate":"https:\/\/progettotouring.it\/radiotouring104\/?s={search_term_string}"},"query-input":{"@type":"PropertyValueSpecification","valueRequired":true,"valueName":"search_term_string"}}],"inLanguage":"it-IT"},{"@type":"Organization","@id":"https:\/\/progettotouring.it\/radiotouring104\/#organization","name":"Radio Touring 104","url":"https:\/\/progettotouring.it\/radiotouring104\/","logo":{"@type":"ImageObject","inLanguage":"it-IT","@id":"https:\/\/progettotouring.it\/radiotouring104\/#\/schema\/logo\/image\/","url":"https:\/\/progettotouring.it\/radiotouring104\/wp-content\/uploads\/sites\/6\/2022\/02\/cropped-logo-radio-touring-104.png","contentUrl":"https:\/\/progettotouring.it\/radiotouring104\/wp-content\/uploads\/sites\/6\/2022\/02\/cropped-logo-radio-touring-104.png","width":377,"height":182,"caption":"Radio Touring 104"},"image":{"@id":"https:\/\/progettotouring.it\/radiotouring104\/#\/schema\/logo\/image\/"}},{"@type":"Person","@id":"https:\/\/progettotouring.it\/radiotouring104\/#\/schema\/person\/b9f9c3730b0a78814c9b9f3bfc52c619","name":"S L","image":{"@type":"ImageObject","inLanguage":"it-IT","@id":"https:\/\/secure.gravatar.com\/avatar\/652c51789d7030aaed9ff828331360502a68204fe6fb0831bc280515210e16d2?s=96&d=mm&r=g","url":"https:\/\/secure.gravatar.com\/avatar\/652c51789d7030aaed9ff828331360502a68204fe6fb0831bc280515210e16d2?s=96&d=mm&r=g","contentUrl":"https:\/\/secure.gravatar.com\/avatar\/652c51789d7030aaed9ff828331360502a68204fe6fb0831bc280515210e16d2?s=96&d=mm&r=g","caption":"S L"},"url":"https:\/\/progettotouring.it\/radiotouring104\/author\/slibri\/"}]}},"jetpack_publicize_connections":[],"jetpack_featured_media_url":"https:\/\/progettotouring.it\/radiotouring104\/wp-content\/uploads\/sites\/6\/2025\/11\/IMMAGINI-X-SITO-2025-11-29T215624.298.jpg","jetpack_sharing_enabled":true,"_links":{"self":[{"href":"https:\/\/progettotouring.it\/radiotouring104\/wp-json\/wp\/v2\/posts\/86555","targetHints":{"allow":["GET"]}}],"collection":[{"href":"https:\/\/progettotouring.it\/radiotouring104\/wp-json\/wp\/v2\/posts"}],"about":[{"href":"https:\/\/progettotouring.it\/radiotouring104\/wp-json\/wp\/v2\/types\/post"}],"author":[{"embeddable":true,"href":"https:\/\/progettotouring.it\/radiotouring104\/wp-json\/wp\/v2\/users\/19"}],"replies":[{"embeddable":true,"href":"https:\/\/progettotouring.it\/radiotouring104\/wp-json\/wp\/v2\/comments?post=86555"}],"version-history":[{"count":44,"href":"https:\/\/progettotouring.it\/radiotouring104\/wp-json\/wp\/v2\/posts\/86555\/revisions"}],"predecessor-version":[{"id":87663,"href":"https:\/\/progettotouring.it\/radiotouring104\/wp-json\/wp\/v2\/posts\/86555\/revisions\/87663"}],"wp:featuredmedia":[{"embeddable":true,"href":"https:\/\/progettotouring.it\/radiotouring104\/wp-json\/wp\/v2\/media\/86529"}],"wp:attachment":[{"href":"https:\/\/progettotouring.it\/radiotouring104\/wp-json\/wp\/v2\/media?parent=86555"}],"wp:term":[{"taxonomy":"category","embeddable":true,"href":"https:\/\/progettotouring.it\/radiotouring104\/wp-json\/wp\/v2\/categories?post=86555"},{"taxonomy":"post_tag","embeddable":true,"href":"https:\/\/progettotouring.it\/radiotouring104\/wp-json\/wp\/v2\/tags?post=86555"}],"curies":[{"name":"wp","href":"https:\/\/api.w.org\/{rel}","templated":true}]}}