{"id":86636,"date":"2025-12-01T09:59:56","date_gmt":"2025-12-01T08:59:56","guid":{"rendered":"https:\/\/progettotouring.it\/radiotouring104\/?p=86636"},"modified":"2025-12-01T12:21:03","modified_gmt":"2025-12-01T11:21:03","slug":"reggio-milia-condanna-il-furto-alla-palestra-di-san-giovannello","status":"publish","type":"post","link":"https:\/\/progettotouring.it\/radiotouring104\/2025\/12\/01\/reggio-milia-condanna-il-furto-alla-palestra-di-san-giovannello\/","title":{"rendered":"Reggio: Milia condanna il furto alla palestra di San Giovannello"},"content":{"rendered":"<p><em>\u201cUn <\/em><em>atto vile <\/em><em>che r<\/em><em>appresenta, purtroppo, l\u2019ennesimo ostacolo nel percorso travagliato di una struttura che \u00e8 un simbolo di attesa e frustrazione per l\u2019intera <\/em><em>comunit\u00e0. <\/em><em>Esprimo la pi\u00f9 totale solidariet\u00e0 alla ditta per il furto subito<\/em><em>\u201d. <\/em>A dichiararlo in una nota il capogruppo di Forza Italia al Comune di Reggio Calabria Federico Milia, che interviene con fermezza in merito al furto subito dal cantiere del Centro Polisportivo di San Giovannello.<\/p>\n<p><em>\u00a0<\/em><\/p>\n<p><em>\u201c<\/em><em>Il gruppo consiliare di Forza Italia, cos\u00ec come <\/em><em>il movimento giovanile<\/em><em>, ha tenuto i riflettori costantemente accesi su quest&#8217;opera, proprio per scongiurare che finisse nel dimenticatoio o, peggio, preda di atti delinquenziali<\/em><em>: io stesso, poche settimane fa ho effettuato un sopralluogo <\/em><em>proprio per valutare gli interventi e <\/em><em>verificare lo stato di avanzamento <\/em><em>lavori<\/em><em>\u201d <\/em>dichiara Milia.<\/p>\n<p><em>\u00a0<\/em><\/p>\n<p><em>\u201c<\/em><em>Non possiamo accettare che la speranza di <\/em><em>restituire questa struttura sportiva alla citt\u00e0 si spenga: <\/em><em>oggi pi\u00f9 che mai, quest<\/em><em>\u2019atto criminoso <\/em><em>rafforza la nostra determinazione e l&#8217;idea <\/em><em>che <\/em><em>completare il cantiere<\/em><em> rappresenti soprattutto <\/em><em>un dovere politico inderogabile<\/em><em> &#8211;<\/em>conclude il capogruppo<em>&#8211; per <\/em><em>garantire alla citt\u00e0 un impianto sportivo di livello, moderno e funzionante<\/em><em>.<\/em><\/p>\n","protected":false},"excerpt":{"rendered":"<p>\u201cUn atto vile che rappresenta, purtroppo, l\u2019ennesimo ostacolo nel percorso travagliato di una struttura che \u00e8 un simbolo di attesa e frustrazione per l\u2019intera comunit\u00e0. Esprimo la pi\u00f9 totale solidariet\u00e0&hellip;<\/p>\n","protected":false},"author":5,"featured_media":67187,"comment_status":"closed","ping_status":"open","sticky":false,"template":"","format":"standard","meta":{"_jetpack_memberships_contains_paid_content":false,"footnotes":"","jetpack_publicize_message":"","jetpack_publicize_feature_enabled":true,"jetpack_social_post_already_shared":true,"jetpack_social_options":{"image_generator_settings":{"template":"highway","default_image_id":0,"font":"","enabled":false},"version":2}},"categories":[921,196,140],"tags":[49203,9778,3231,1514,49201,49202,17139],"class_list":["post-86636","post","type-post","status-publish","format-standard","has-post-thumbnail","hentry","category-home","category-news","category-reggio-calabria","tag-atto-vile","tag-comune-di-reggio","tag-federico-milia","tag-forza-italia","tag-furto-alla-palestra","tag-lo-sviluppo-non-puo-essere-fermato-da-poche-mele-marce","tag-san-giovannello"],"yoast_head":"<!-- This site is optimized with the Yoast SEO plugin v27.2 - https:\/\/yoast.com\/product\/yoast-seo-wordpress\/ -->\n<title>Reggio: Milia condanna il furto alla palestra di San Giovannello - Radio Touring 104<\/title>\n<meta name=\"description\" content=\"\u201cAtto vile, lo sviluppo non pu\u00f2 essere fermato da poche mele marce\u201d, ha dichiarato il Capogruppo FI al Comune di Reggio\" \/>\n<meta name=\"robots\" content=\"index, follow, max-snippet:-1, max-image-preview:large, max-video-preview:-1\" \/>\n<link rel=\"canonical\" href=\"https:\/\/progettotouring.it\/radiotouring104\/2025\/12\/01\/reggio-milia-condanna-il-furto-alla-palestra-di-san-giovannello\/\" \/>\n<meta property=\"og:locale\" content=\"it_IT\" \/>\n<meta property=\"og:type\" content=\"article\" \/>\n<meta property=\"og:title\" content=\"Reggio: Milia condanna il furto alla palestra di San Giovannello - Radio Touring 104\" \/>\n<meta property=\"og:description\" content=\"\u201cAtto vile, lo sviluppo non pu\u00f2 essere fermato da poche mele marce\u201d, ha dichiarato il Capogruppo FI al Comune di Reggio\" \/>\n<meta property=\"og:url\" content=\"https:\/\/progettotouring.it\/radiotouring104\/2025\/12\/01\/reggio-milia-condanna-il-furto-alla-palestra-di-san-giovannello\/\" \/>\n<meta property=\"og:site_name\" content=\"Radio Touring 104\" \/>\n<meta property=\"article:published_time\" content=\"2025-12-01T08:59:56+00:00\" \/>\n<meta property=\"article:modified_time\" content=\"2025-12-01T11:21:03+00:00\" \/>\n<meta property=\"og:image\" content=\"https:\/\/progettotouring.it\/radiotouring104\/wp-content\/uploads\/sites\/6\/2025\/02\/Consigliere-Federico-Milia-FI-RC.jpeg\" \/>\n\t<meta property=\"og:image:width\" content=\"1080\" \/>\n\t<meta property=\"og:image:height\" content=\"967\" \/>\n\t<meta property=\"og:image:type\" content=\"image\/jpeg\" \/>\n<meta name=\"author\" content=\"redazione\" \/>\n<meta name=\"twitter:card\" content=\"summary_large_image\" \/>\n<meta name=\"twitter:label1\" content=\"Scritto da\" \/>\n\t<meta name=\"twitter:data1\" content=\"redazione\" \/>\n\t<meta name=\"twitter:label2\" content=\"Tempo di lettura stimato\" \/>\n\t<meta name=\"twitter:data2\" content=\"1 minuto\" \/>\n<script type=\"application\/ld+json\" class=\"yoast-schema-graph\">{\"@context\":\"https:\/\/schema.org\",\"@graph\":[{\"@type\":\"Article\",\"@id\":\"https:\/\/progettotouring.it\/radiotouring104\/2025\/12\/01\/reggio-milia-condanna-il-furto-alla-palestra-di-san-giovannello\/#article\",\"isPartOf\":{\"@id\":\"https:\/\/progettotouring.it\/radiotouring104\/2025\/12\/01\/reggio-milia-condanna-il-furto-alla-palestra-di-san-giovannello\/\"},\"author\":{\"name\":\"redazione\",\"@id\":\"https:\/\/progettotouring.it\/radiotouring104\/#\/schema\/person\/1b3eb3c07c47136bc44c785c543e635f\"},\"headline\":\"Reggio: Milia condanna il furto alla palestra di San Giovannello\",\"datePublished\":\"2025-12-01T08:59:56+00:00\",\"dateModified\":\"2025-12-01T11:21:03+00:00\",\"mainEntityOfPage\":{\"@id\":\"https:\/\/progettotouring.it\/radiotouring104\/2025\/12\/01\/reggio-milia-condanna-il-furto-alla-palestra-di-san-giovannello\/\"},\"wordCount\":190,\"publisher\":{\"@id\":\"https:\/\/progettotouring.it\/radiotouring104\/#organization\"},\"image\":{\"@id\":\"https:\/\/progettotouring.it\/radiotouring104\/2025\/12\/01\/reggio-milia-condanna-il-furto-alla-palestra-di-san-giovannello\/#primaryimage\"},\"thumbnailUrl\":\"https:\/\/progettotouring.it\/radiotouring104\/wp-content\/uploads\/sites\/6\/2025\/02\/Consigliere-Federico-Milia-FI-RC.jpeg\",\"keywords\":[\"atto vile\",\"Comune di Reggio\",\"Federico Milia\",\"forza italia\",\"furto alla palestra\",\"lo sviluppo non pu\u00f2 essere fermato da poche mele marce\",\"San Giovannello\"],\"articleSection\":[\"Home\",\"News\",\"Reggio Calabria\"],\"inLanguage\":\"it-IT\"},{\"@type\":\"WebPage\",\"@id\":\"https:\/\/progettotouring.it\/radiotouring104\/2025\/12\/01\/reggio-milia-condanna-il-furto-alla-palestra-di-san-giovannello\/\",\"url\":\"https:\/\/progettotouring.it\/radiotouring104\/2025\/12\/01\/reggio-milia-condanna-il-furto-alla-palestra-di-san-giovannello\/\",\"name\":\"Reggio: Milia condanna il furto alla palestra di San Giovannello - Radio Touring 104\",\"isPartOf\":{\"@id\":\"https:\/\/progettotouring.it\/radiotouring104\/#website\"},\"primaryImageOfPage\":{\"@id\":\"https:\/\/progettotouring.it\/radiotouring104\/2025\/12\/01\/reggio-milia-condanna-il-furto-alla-palestra-di-san-giovannello\/#primaryimage\"},\"image\":{\"@id\":\"https:\/\/progettotouring.it\/radiotouring104\/2025\/12\/01\/reggio-milia-condanna-il-furto-alla-palestra-di-san-giovannello\/#primaryimage\"},\"thumbnailUrl\":\"https:\/\/progettotouring.it\/radiotouring104\/wp-content\/uploads\/sites\/6\/2025\/02\/Consigliere-Federico-Milia-FI-RC.jpeg\",\"datePublished\":\"2025-12-01T08:59:56+00:00\",\"dateModified\":\"2025-12-01T11:21:03+00:00\",\"description\":\"\u201cAtto vile, lo sviluppo non pu\u00f2 essere fermato da poche mele marce\u201d, ha dichiarato il Capogruppo FI al Comune di Reggio\",\"breadcrumb\":{\"@id\":\"https:\/\/progettotouring.it\/radiotouring104\/2025\/12\/01\/reggio-milia-condanna-il-furto-alla-palestra-di-san-giovannello\/#breadcrumb\"},\"inLanguage\":\"it-IT\",\"potentialAction\":[{\"@type\":\"ReadAction\",\"target\":[\"https:\/\/progettotouring.it\/radiotouring104\/2025\/12\/01\/reggio-milia-condanna-il-furto-alla-palestra-di-san-giovannello\/\"]}]},{\"@type\":\"ImageObject\",\"inLanguage\":\"it-IT\",\"@id\":\"https:\/\/progettotouring.it\/radiotouring104\/2025\/12\/01\/reggio-milia-condanna-il-furto-alla-palestra-di-san-giovannello\/#primaryimage\",\"url\":\"https:\/\/progettotouring.it\/radiotouring104\/wp-content\/uploads\/sites\/6\/2025\/02\/Consigliere-Federico-Milia-FI-RC.jpeg\",\"contentUrl\":\"https:\/\/progettotouring.it\/radiotouring104\/wp-content\/uploads\/sites\/6\/2025\/02\/Consigliere-Federico-Milia-FI-RC.jpeg\",\"width\":1080,\"height\":967},{\"@type\":\"BreadcrumbList\",\"@id\":\"https:\/\/progettotouring.it\/radiotouring104\/2025\/12\/01\/reggio-milia-condanna-il-furto-alla-palestra-di-san-giovannello\/#breadcrumb\",\"itemListElement\":[{\"@type\":\"ListItem\",\"position\":1,\"name\":\"Home\",\"item\":\"https:\/\/progettotouring.it\/radiotouring104\/\"},{\"@type\":\"ListItem\",\"position\":2,\"name\":\"Reggio: Milia condanna il furto alla palestra di San Giovannello\"}]},{\"@type\":\"WebSite\",\"@id\":\"https:\/\/progettotouring.it\/radiotouring104\/#website\",\"url\":\"https:\/\/progettotouring.it\/radiotouring104\/\",\"name\":\"Radio Touring 104\",\"description\":\"La prima radio Reggina\",\"publisher\":{\"@id\":\"https:\/\/progettotouring.it\/radiotouring104\/#organization\"},\"potentialAction\":[{\"@type\":\"SearchAction\",\"target\":{\"@type\":\"EntryPoint\",\"urlTemplate\":\"https:\/\/progettotouring.it\/radiotouring104\/?s={search_term_string}\"},\"query-input\":{\"@type\":\"PropertyValueSpecification\",\"valueRequired\":true,\"valueName\":\"search_term_string\"}}],\"inLanguage\":\"it-IT\"},{\"@type\":\"Organization\",\"@id\":\"https:\/\/progettotouring.it\/radiotouring104\/#organization\",\"name\":\"Radio Touring 104\",\"url\":\"https:\/\/progettotouring.it\/radiotouring104\/\",\"logo\":{\"@type\":\"ImageObject\",\"inLanguage\":\"it-IT\",\"@id\":\"https:\/\/progettotouring.it\/radiotouring104\/#\/schema\/logo\/image\/\",\"url\":\"https:\/\/progettotouring.it\/radiotouring104\/wp-content\/uploads\/sites\/6\/2022\/02\/cropped-logo-radio-touring-104.png\",\"contentUrl\":\"https:\/\/progettotouring.it\/radiotouring104\/wp-content\/uploads\/sites\/6\/2022\/02\/cropped-logo-radio-touring-104.png\",\"width\":377,\"height\":182,\"caption\":\"Radio Touring 104\"},\"image\":{\"@id\":\"https:\/\/progettotouring.it\/radiotouring104\/#\/schema\/logo\/image\/\"}},{\"@type\":\"Person\",\"@id\":\"https:\/\/progettotouring.it\/radiotouring104\/#\/schema\/person\/1b3eb3c07c47136bc44c785c543e635f\",\"name\":\"redazione\",\"image\":{\"@type\":\"ImageObject\",\"inLanguage\":\"it-IT\",\"@id\":\"https:\/\/secure.gravatar.com\/avatar\/0b31605b49f100769e8b624b3e05de1b73e1692e9568a352f60f53fd072e6e11?s=96&d=mm&r=g\",\"url\":\"https:\/\/secure.gravatar.com\/avatar\/0b31605b49f100769e8b624b3e05de1b73e1692e9568a352f60f53fd072e6e11?s=96&d=mm&r=g\",\"contentUrl\":\"https:\/\/secure.gravatar.com\/avatar\/0b31605b49f100769e8b624b3e05de1b73e1692e9568a352f60f53fd072e6e11?s=96&d=mm&r=g\",\"caption\":\"redazione\"},\"url\":\"https:\/\/progettotouring.it\/radiotouring104\/author\/redazione\/\"}]}<\/script>\n<!-- \/ Yoast SEO plugin. -->","yoast_head_json":{"title":"Reggio: Milia condanna il furto alla palestra di San Giovannello - Radio Touring 104","description":"\u201cAtto vile, lo sviluppo non pu\u00f2 essere fermato da poche mele marce\u201d, ha dichiarato il Capogruppo FI al Comune di Reggio","robots":{"index":"index","follow":"follow","max-snippet":"max-snippet:-1","max-image-preview":"max-image-preview:large","max-video-preview":"max-video-preview:-1"},"canonical":"https:\/\/progettotouring.it\/radiotouring104\/2025\/12\/01\/reggio-milia-condanna-il-furto-alla-palestra-di-san-giovannello\/","og_locale":"it_IT","og_type":"article","og_title":"Reggio: Milia condanna il furto alla palestra di San Giovannello - Radio Touring 104","og_description":"\u201cAtto vile, lo sviluppo non pu\u00f2 essere fermato da poche mele marce\u201d, ha dichiarato il Capogruppo FI al Comune di Reggio","og_url":"https:\/\/progettotouring.it\/radiotouring104\/2025\/12\/01\/reggio-milia-condanna-il-furto-alla-palestra-di-san-giovannello\/","og_site_name":"Radio Touring 104","article_published_time":"2025-12-01T08:59:56+00:00","article_modified_time":"2025-12-01T11:21:03+00:00","og_image":[{"width":1080,"height":967,"url":"https:\/\/progettotouring.it\/radiotouring104\/wp-content\/uploads\/sites\/6\/2025\/02\/Consigliere-Federico-Milia-FI-RC.jpeg","type":"image\/jpeg"}],"author":"redazione","twitter_card":"summary_large_image","twitter_misc":{"Scritto da":"redazione","Tempo di lettura stimato":"1 minuto"},"schema":{"@context":"https:\/\/schema.org","@graph":[{"@type":"Article","@id":"https:\/\/progettotouring.it\/radiotouring104\/2025\/12\/01\/reggio-milia-condanna-il-furto-alla-palestra-di-san-giovannello\/#article","isPartOf":{"@id":"https:\/\/progettotouring.it\/radiotouring104\/2025\/12\/01\/reggio-milia-condanna-il-furto-alla-palestra-di-san-giovannello\/"},"author":{"name":"redazione","@id":"https:\/\/progettotouring.it\/radiotouring104\/#\/schema\/person\/1b3eb3c07c47136bc44c785c543e635f"},"headline":"Reggio: Milia condanna il furto alla palestra di San Giovannello","datePublished":"2025-12-01T08:59:56+00:00","dateModified":"2025-12-01T11:21:03+00:00","mainEntityOfPage":{"@id":"https:\/\/progettotouring.it\/radiotouring104\/2025\/12\/01\/reggio-milia-condanna-il-furto-alla-palestra-di-san-giovannello\/"},"wordCount":190,"publisher":{"@id":"https:\/\/progettotouring.it\/radiotouring104\/#organization"},"image":{"@id":"https:\/\/progettotouring.it\/radiotouring104\/2025\/12\/01\/reggio-milia-condanna-il-furto-alla-palestra-di-san-giovannello\/#primaryimage"},"thumbnailUrl":"https:\/\/progettotouring.it\/radiotouring104\/wp-content\/uploads\/sites\/6\/2025\/02\/Consigliere-Federico-Milia-FI-RC.jpeg","keywords":["atto vile","Comune di Reggio","Federico Milia","forza italia","furto alla palestra","lo sviluppo non pu\u00f2 essere fermato da poche mele marce","San Giovannello"],"articleSection":["Home","News","Reggio Calabria"],"inLanguage":"it-IT"},{"@type":"WebPage","@id":"https:\/\/progettotouring.it\/radiotouring104\/2025\/12\/01\/reggio-milia-condanna-il-furto-alla-palestra-di-san-giovannello\/","url":"https:\/\/progettotouring.it\/radiotouring104\/2025\/12\/01\/reggio-milia-condanna-il-furto-alla-palestra-di-san-giovannello\/","name":"Reggio: Milia condanna il furto alla palestra di San Giovannello - Radio Touring 104","isPartOf":{"@id":"https:\/\/progettotouring.it\/radiotouring104\/#website"},"primaryImageOfPage":{"@id":"https:\/\/progettotouring.it\/radiotouring104\/2025\/12\/01\/reggio-milia-condanna-il-furto-alla-palestra-di-san-giovannello\/#primaryimage"},"image":{"@id":"https:\/\/progettotouring.it\/radiotouring104\/2025\/12\/01\/reggio-milia-condanna-il-furto-alla-palestra-di-san-giovannello\/#primaryimage"},"thumbnailUrl":"https:\/\/progettotouring.it\/radiotouring104\/wp-content\/uploads\/sites\/6\/2025\/02\/Consigliere-Federico-Milia-FI-RC.jpeg","datePublished":"2025-12-01T08:59:56+00:00","dateModified":"2025-12-01T11:21:03+00:00","description":"\u201cAtto vile, lo sviluppo non pu\u00f2 essere fermato da poche mele marce\u201d, ha dichiarato il Capogruppo FI al Comune di Reggio","breadcrumb":{"@id":"https:\/\/progettotouring.it\/radiotouring104\/2025\/12\/01\/reggio-milia-condanna-il-furto-alla-palestra-di-san-giovannello\/#breadcrumb"},"inLanguage":"it-IT","potentialAction":[{"@type":"ReadAction","target":["https:\/\/progettotouring.it\/radiotouring104\/2025\/12\/01\/reggio-milia-condanna-il-furto-alla-palestra-di-san-giovannello\/"]}]},{"@type":"ImageObject","inLanguage":"it-IT","@id":"https:\/\/progettotouring.it\/radiotouring104\/2025\/12\/01\/reggio-milia-condanna-il-furto-alla-palestra-di-san-giovannello\/#primaryimage","url":"https:\/\/progettotouring.it\/radiotouring104\/wp-content\/uploads\/sites\/6\/2025\/02\/Consigliere-Federico-Milia-FI-RC.jpeg","contentUrl":"https:\/\/progettotouring.it\/radiotouring104\/wp-content\/uploads\/sites\/6\/2025\/02\/Consigliere-Federico-Milia-FI-RC.jpeg","width":1080,"height":967},{"@type":"BreadcrumbList","@id":"https:\/\/progettotouring.it\/radiotouring104\/2025\/12\/01\/reggio-milia-condanna-il-furto-alla-palestra-di-san-giovannello\/#breadcrumb","itemListElement":[{"@type":"ListItem","position":1,"name":"Home","item":"https:\/\/progettotouring.it\/radiotouring104\/"},{"@type":"ListItem","position":2,"name":"Reggio: Milia condanna il furto alla palestra di San Giovannello"}]},{"@type":"WebSite","@id":"https:\/\/progettotouring.it\/radiotouring104\/#website","url":"https:\/\/progettotouring.it\/radiotouring104\/","name":"Radio Touring 104","description":"La prima radio Reggina","publisher":{"@id":"https:\/\/progettotouring.it\/radiotouring104\/#organization"},"potentialAction":[{"@type":"SearchAction","target":{"@type":"EntryPoint","urlTemplate":"https:\/\/progettotouring.it\/radiotouring104\/?s={search_term_string}"},"query-input":{"@type":"PropertyValueSpecification","valueRequired":true,"valueName":"search_term_string"}}],"inLanguage":"it-IT"},{"@type":"Organization","@id":"https:\/\/progettotouring.it\/radiotouring104\/#organization","name":"Radio Touring 104","url":"https:\/\/progettotouring.it\/radiotouring104\/","logo":{"@type":"ImageObject","inLanguage":"it-IT","@id":"https:\/\/progettotouring.it\/radiotouring104\/#\/schema\/logo\/image\/","url":"https:\/\/progettotouring.it\/radiotouring104\/wp-content\/uploads\/sites\/6\/2022\/02\/cropped-logo-radio-touring-104.png","contentUrl":"https:\/\/progettotouring.it\/radiotouring104\/wp-content\/uploads\/sites\/6\/2022\/02\/cropped-logo-radio-touring-104.png","width":377,"height":182,"caption":"Radio Touring 104"},"image":{"@id":"https:\/\/progettotouring.it\/radiotouring104\/#\/schema\/logo\/image\/"}},{"@type":"Person","@id":"https:\/\/progettotouring.it\/radiotouring104\/#\/schema\/person\/1b3eb3c07c47136bc44c785c543e635f","name":"redazione","image":{"@type":"ImageObject","inLanguage":"it-IT","@id":"https:\/\/secure.gravatar.com\/avatar\/0b31605b49f100769e8b624b3e05de1b73e1692e9568a352f60f53fd072e6e11?s=96&d=mm&r=g","url":"https:\/\/secure.gravatar.com\/avatar\/0b31605b49f100769e8b624b3e05de1b73e1692e9568a352f60f53fd072e6e11?s=96&d=mm&r=g","contentUrl":"https:\/\/secure.gravatar.com\/avatar\/0b31605b49f100769e8b624b3e05de1b73e1692e9568a352f60f53fd072e6e11?s=96&d=mm&r=g","caption":"redazione"},"url":"https:\/\/progettotouring.it\/radiotouring104\/author\/redazione\/"}]}},"jetpack_publicize_connections":[],"jetpack_featured_media_url":"https:\/\/progettotouring.it\/radiotouring104\/wp-content\/uploads\/sites\/6\/2025\/02\/Consigliere-Federico-Milia-FI-RC.jpeg","jetpack_sharing_enabled":true,"_links":{"self":[{"href":"https:\/\/progettotouring.it\/radiotouring104\/wp-json\/wp\/v2\/posts\/86636","targetHints":{"allow":["GET"]}}],"collection":[{"href":"https:\/\/progettotouring.it\/radiotouring104\/wp-json\/wp\/v2\/posts"}],"about":[{"href":"https:\/\/progettotouring.it\/radiotouring104\/wp-json\/wp\/v2\/types\/post"}],"author":[{"embeddable":true,"href":"https:\/\/progettotouring.it\/radiotouring104\/wp-json\/wp\/v2\/users\/5"}],"replies":[{"embeddable":true,"href":"https:\/\/progettotouring.it\/radiotouring104\/wp-json\/wp\/v2\/comments?post=86636"}],"version-history":[{"count":1,"href":"https:\/\/progettotouring.it\/radiotouring104\/wp-json\/wp\/v2\/posts\/86636\/revisions"}],"predecessor-version":[{"id":86637,"href":"https:\/\/progettotouring.it\/radiotouring104\/wp-json\/wp\/v2\/posts\/86636\/revisions\/86637"}],"wp:featuredmedia":[{"embeddable":true,"href":"https:\/\/progettotouring.it\/radiotouring104\/wp-json\/wp\/v2\/media\/67187"}],"wp:attachment":[{"href":"https:\/\/progettotouring.it\/radiotouring104\/wp-json\/wp\/v2\/media?parent=86636"}],"wp:term":[{"taxonomy":"category","embeddable":true,"href":"https:\/\/progettotouring.it\/radiotouring104\/wp-json\/wp\/v2\/categories?post=86636"},{"taxonomy":"post_tag","embeddable":true,"href":"https:\/\/progettotouring.it\/radiotouring104\/wp-json\/wp\/v2\/tags?post=86636"}],"curies":[{"name":"wp","href":"https:\/\/api.w.org\/{rel}","templated":true}]}}