{"id":86661,"date":"2025-12-01T11:09:22","date_gmt":"2025-12-01T10:09:22","guid":{"rendered":"https:\/\/progettotouring.it\/radiotouring104\/?p=86661"},"modified":"2025-12-01T12:20:38","modified_gmt":"2025-12-01T11:20:38","slug":"reggio-a-palazzo-san-giorgio-il-seminario-conclusivo-del-progetto-reciprocita-e-protagonismo","status":"publish","type":"post","link":"https:\/\/progettotouring.it\/radiotouring104\/2025\/12\/01\/reggio-a-palazzo-san-giorgio-il-seminario-conclusivo-del-progetto-reciprocita-e-protagonismo\/","title":{"rendered":"Reggio: a Palazzo San Giorgio il Seminario conclusivo del progetto \u201cReciprocit\u00e0 e Protagonismo\u201d"},"content":{"rendered":"<p>Il <strong>Progetto \u201cReciprocit\u00e0 e Protagonismo\u201d<\/strong>, promosso dal <strong>CIOFS\/FP Calabria ETS<\/strong> in qualit\u00e0 di ente capofila, in partenariato con <strong>ARCES<\/strong> e <strong>CIOFS Scuola ETS<\/strong>, giunge al termine del suo percorso, durato quasi due anni, con il <strong>Seminario Conclusivo<\/strong> che si terr\u00e0 <strong><u>mercoled\u00ec 3 dicembre 2025, alle ore 9.30<\/u><\/strong>, presso il <strong>Salone dei Lampadari<\/strong> di <strong>Palazzo San Giorgio<\/strong> a <strong>Reggio Calabria<\/strong>.<\/p>\n<p>Selezionato e sostenuto dal <strong>Fondo per la Repubblica Digitale &#8211; Impresa sociale<\/strong>, il progetto ha rappresentato un\u2019importante iniziativa di <strong>formazione e inclusione digitale<\/strong>, contribuendo allo sviluppo di competenze professionali richieste dal mercato del lavoro contemporaneo. Attraverso percorsi formativi mirati e gratuiti, \u201cReciprocit\u00e0 e Protagonismo\u201d ha coinvolto e formato oltre <strong>150 beneficiari<\/strong> presso le sedi CIOFS\/FP di Reggio, Rosarno e Soverato, favorendo la crescita personale e lavorativa di donne e uomini tra i 34 e i 50 anni.<\/p>\n<p>Durante il Seminario, <strong>patrocinato dal Comune di Reggio Calabria<\/strong>, saranno presentati i risultati raggiunti nel corso dell\u2019azione progettuale, le metodologie formative adottate, le testimonianze dei partecipanti e dei formatori, le prospettive future di valorizzazione delle competenze digitali nel territorio calabrese. L\u2019iniziativa offrir\u00e0, altres\u00ec, un\u2019occasione di confronto, evidenziando l\u2019importanza di investire nella formazione digitale quale leva strategica per l\u2019occupabilit\u00e0 e lo sviluppo sociale.<\/p>\n<p>Per ulteriori informazioni \u00e8 possibile visitare il sito <strong>www.ciofsfpcalabria.it\/progettorep<\/strong> e consultare i canali social \u201cProgetto ReP\u201d.<\/p>\n<p><em>\u00a0<\/em><\/p>\n<p><em>Il Fondo per la Repubblica Digitale \u00e8 una partnership tra pubblico e privato sociale (Governo e Associazione di Fondazioni e di Casse di risparmio &#8211; Acri), che si muove nell\u2019ambito degli obiettivi di digitalizzazione previsti dal PNRR e dal PNC ed \u00e8 alimentato da versamenti delle Fondazioni di origine bancaria, alle quali viene riconosciuto un credito di imposta. Il Fondo seleziona e sostiene progetti di formazione e inclusione digitale per diversi target della popolazione come NEET, donne, disoccupati e inattivi, lavoratori a rischio disoccupazione a causa dell\u2019automazione, studenti e studentesse delle scuole secondarie di primo e secondo grado, operatori dell\u2019economia sociale, persone detenute e in condizioni di vulnerabilit\u00e0. L\u2019obiettivo \u00e8 sperimentare progetti di formazione e inclusione digitale e replicare su scala pi\u00f9 vasta quelli ritenuti pi\u00f9 efficaci in modo tale da offrire le migliori pratiche al Governo affinch\u00e9 possa utilizzarle nella definizione di future politiche nazionali. Per maggiori informazioni fondorepubblicadigitale.it<\/em><\/p>\n","protected":false},"excerpt":{"rendered":"<p>Il Progetto \u201cReciprocit\u00e0 e Protagonismo\u201d, promosso dal CIOFS\/FP Calabria ETS in qualit\u00e0 di ente capofila, in partenariato con ARCES e CIOFS Scuola ETS, giunge al termine del suo percorso, durato&hellip;<\/p>\n","protected":false},"author":5,"featured_media":86662,"comment_status":"closed","ping_status":"open","sticky":false,"template":"","format":"standard","meta":{"_jetpack_memberships_contains_paid_content":false,"footnotes":"","jetpack_publicize_message":"","jetpack_publicize_feature_enabled":true,"jetpack_social_post_already_shared":true,"jetpack_social_options":{"image_generator_settings":{"template":"highway","default_image_id":0,"font":"","enabled":false},"version":2}},"categories":[921,196,140],"tags":[42095,49219,659,33620,49218],"class_list":["post-86661","post","type-post","status-publish","format-standard","has-post-thumbnail","hentry","category-home","category-news","category-reggio-calabria","tag-fondo-per-la-repubblica-digitale-impresa-sociale","tag-l-ciofs-fp-calabria-ets","tag-palazzo-san-giorgio","tag-progetto-reciprocita-e-protagonismo","tag-seminario-conclusivo"],"yoast_head":"<!-- This site is optimized with the Yoast SEO plugin v27.2 - https:\/\/yoast.com\/product\/yoast-seo-wordpress\/ -->\n<title>Reggio: a Palazzo San Giorgio il Seminario conclusivo del progetto \u201cReciprocit\u00e0 e Protagonismo\u201d - Radio Touring 104<\/title>\n<meta name=\"description\" content=\"L&#039;esposizione dei risultati si terr\u00e0 nel corso del Seminario Conclusivo, mercoled\u00ec 3 dicembre, alle 9.30, presso il Salone dei Lampadari\" \/>\n<meta name=\"robots\" content=\"index, follow, max-snippet:-1, max-image-preview:large, max-video-preview:-1\" \/>\n<link rel=\"canonical\" href=\"https:\/\/progettotouring.it\/radiotouring104\/2025\/12\/01\/reggio-a-palazzo-san-giorgio-il-seminario-conclusivo-del-progetto-reciprocita-e-protagonismo\/\" \/>\n<meta property=\"og:locale\" content=\"it_IT\" \/>\n<meta property=\"og:type\" content=\"article\" \/>\n<meta property=\"og:title\" content=\"Reggio: a Palazzo San Giorgio il Seminario conclusivo del progetto \u201cReciprocit\u00e0 e Protagonismo\u201d - Radio Touring 104\" \/>\n<meta property=\"og:description\" content=\"L&#039;esposizione dei risultati si terr\u00e0 nel corso del Seminario Conclusivo, mercoled\u00ec 3 dicembre, alle 9.30, presso il Salone dei Lampadari\" \/>\n<meta property=\"og:url\" content=\"https:\/\/progettotouring.it\/radiotouring104\/2025\/12\/01\/reggio-a-palazzo-san-giorgio-il-seminario-conclusivo-del-progetto-reciprocita-e-protagonismo\/\" \/>\n<meta property=\"og:site_name\" content=\"Radio Touring 104\" \/>\n<meta property=\"article:published_time\" content=\"2025-12-01T10:09:22+00:00\" \/>\n<meta property=\"article:modified_time\" content=\"2025-12-01T11:20:38+00:00\" \/>\n<meta property=\"og:image\" content=\"https:\/\/progettotouring.it\/radiotouring104\/wp-content\/uploads\/sites\/6\/2025\/12\/Foto-precedente-Seminario-Progetto-ReP.jpg\" \/>\n\t<meta property=\"og:image:width\" content=\"1300\" \/>\n\t<meta property=\"og:image:height\" content=\"733\" \/>\n\t<meta property=\"og:image:type\" content=\"image\/jpeg\" \/>\n<meta name=\"author\" content=\"redazione\" \/>\n<meta name=\"twitter:card\" content=\"summary_large_image\" \/>\n<meta name=\"twitter:label1\" content=\"Scritto da\" \/>\n\t<meta name=\"twitter:data1\" content=\"redazione\" \/>\n\t<meta name=\"twitter:label2\" content=\"Tempo di lettura stimato\" \/>\n\t<meta name=\"twitter:data2\" content=\"2 minuti\" \/>\n<script type=\"application\/ld+json\" class=\"yoast-schema-graph\">{\"@context\":\"https:\/\/schema.org\",\"@graph\":[{\"@type\":\"Article\",\"@id\":\"https:\/\/progettotouring.it\/radiotouring104\/2025\/12\/01\/reggio-a-palazzo-san-giorgio-il-seminario-conclusivo-del-progetto-reciprocita-e-protagonismo\/#article\",\"isPartOf\":{\"@id\":\"https:\/\/progettotouring.it\/radiotouring104\/2025\/12\/01\/reggio-a-palazzo-san-giorgio-il-seminario-conclusivo-del-progetto-reciprocita-e-protagonismo\/\"},\"author\":{\"name\":\"redazione\",\"@id\":\"https:\/\/progettotouring.it\/radiotouring104\/#\/schema\/person\/1b3eb3c07c47136bc44c785c543e635f\"},\"headline\":\"Reggio: a Palazzo San Giorgio il Seminario conclusivo del progetto \u201cReciprocit\u00e0 e Protagonismo\u201d\",\"datePublished\":\"2025-12-01T10:09:22+00:00\",\"dateModified\":\"2025-12-01T11:20:38+00:00\",\"mainEntityOfPage\":{\"@id\":\"https:\/\/progettotouring.it\/radiotouring104\/2025\/12\/01\/reggio-a-palazzo-san-giorgio-il-seminario-conclusivo-del-progetto-reciprocita-e-protagonismo\/\"},\"wordCount\":383,\"publisher\":{\"@id\":\"https:\/\/progettotouring.it\/radiotouring104\/#organization\"},\"image\":{\"@id\":\"https:\/\/progettotouring.it\/radiotouring104\/2025\/12\/01\/reggio-a-palazzo-san-giorgio-il-seminario-conclusivo-del-progetto-reciprocita-e-protagonismo\/#primaryimage\"},\"thumbnailUrl\":\"https:\/\/progettotouring.it\/radiotouring104\/wp-content\/uploads\/sites\/6\/2025\/12\/Foto-precedente-Seminario-Progetto-ReP.jpg\",\"keywords\":[\"Fondo per la Repubblica Digitale - Impresa sociale\",\"l CIOFS\/FP Calabria ETS\",\"palazzo san giorgio\",\"Progetto \u201cReciprocit\u00e0 e Protagonismo\u201d\",\"Seminario conclusivo\"],\"articleSection\":[\"Home\",\"News\",\"Reggio Calabria\"],\"inLanguage\":\"it-IT\"},{\"@type\":\"WebPage\",\"@id\":\"https:\/\/progettotouring.it\/radiotouring104\/2025\/12\/01\/reggio-a-palazzo-san-giorgio-il-seminario-conclusivo-del-progetto-reciprocita-e-protagonismo\/\",\"url\":\"https:\/\/progettotouring.it\/radiotouring104\/2025\/12\/01\/reggio-a-palazzo-san-giorgio-il-seminario-conclusivo-del-progetto-reciprocita-e-protagonismo\/\",\"name\":\"Reggio: a Palazzo San Giorgio il Seminario conclusivo del progetto \u201cReciprocit\u00e0 e Protagonismo\u201d - Radio Touring 104\",\"isPartOf\":{\"@id\":\"https:\/\/progettotouring.it\/radiotouring104\/#website\"},\"primaryImageOfPage\":{\"@id\":\"https:\/\/progettotouring.it\/radiotouring104\/2025\/12\/01\/reggio-a-palazzo-san-giorgio-il-seminario-conclusivo-del-progetto-reciprocita-e-protagonismo\/#primaryimage\"},\"image\":{\"@id\":\"https:\/\/progettotouring.it\/radiotouring104\/2025\/12\/01\/reggio-a-palazzo-san-giorgio-il-seminario-conclusivo-del-progetto-reciprocita-e-protagonismo\/#primaryimage\"},\"thumbnailUrl\":\"https:\/\/progettotouring.it\/radiotouring104\/wp-content\/uploads\/sites\/6\/2025\/12\/Foto-precedente-Seminario-Progetto-ReP.jpg\",\"datePublished\":\"2025-12-01T10:09:22+00:00\",\"dateModified\":\"2025-12-01T11:20:38+00:00\",\"description\":\"L'esposizione dei risultati si terr\u00e0 nel corso del Seminario Conclusivo, mercoled\u00ec 3 dicembre, alle 9.30, presso il Salone dei Lampadari\",\"breadcrumb\":{\"@id\":\"https:\/\/progettotouring.it\/radiotouring104\/2025\/12\/01\/reggio-a-palazzo-san-giorgio-il-seminario-conclusivo-del-progetto-reciprocita-e-protagonismo\/#breadcrumb\"},\"inLanguage\":\"it-IT\",\"potentialAction\":[{\"@type\":\"ReadAction\",\"target\":[\"https:\/\/progettotouring.it\/radiotouring104\/2025\/12\/01\/reggio-a-palazzo-san-giorgio-il-seminario-conclusivo-del-progetto-reciprocita-e-protagonismo\/\"]}]},{\"@type\":\"ImageObject\",\"inLanguage\":\"it-IT\",\"@id\":\"https:\/\/progettotouring.it\/radiotouring104\/2025\/12\/01\/reggio-a-palazzo-san-giorgio-il-seminario-conclusivo-del-progetto-reciprocita-e-protagonismo\/#primaryimage\",\"url\":\"https:\/\/progettotouring.it\/radiotouring104\/wp-content\/uploads\/sites\/6\/2025\/12\/Foto-precedente-Seminario-Progetto-ReP.jpg\",\"contentUrl\":\"https:\/\/progettotouring.it\/radiotouring104\/wp-content\/uploads\/sites\/6\/2025\/12\/Foto-precedente-Seminario-Progetto-ReP.jpg\",\"width\":1300,\"height\":733},{\"@type\":\"BreadcrumbList\",\"@id\":\"https:\/\/progettotouring.it\/radiotouring104\/2025\/12\/01\/reggio-a-palazzo-san-giorgio-il-seminario-conclusivo-del-progetto-reciprocita-e-protagonismo\/#breadcrumb\",\"itemListElement\":[{\"@type\":\"ListItem\",\"position\":1,\"name\":\"Home\",\"item\":\"https:\/\/progettotouring.it\/radiotouring104\/\"},{\"@type\":\"ListItem\",\"position\":2,\"name\":\"Reggio: a Palazzo San Giorgio il Seminario conclusivo del progetto \u201cReciprocit\u00e0 e Protagonismo\u201d\"}]},{\"@type\":\"WebSite\",\"@id\":\"https:\/\/progettotouring.it\/radiotouring104\/#website\",\"url\":\"https:\/\/progettotouring.it\/radiotouring104\/\",\"name\":\"Radio Touring 104\",\"description\":\"La prima radio Reggina\",\"publisher\":{\"@id\":\"https:\/\/progettotouring.it\/radiotouring104\/#organization\"},\"potentialAction\":[{\"@type\":\"SearchAction\",\"target\":{\"@type\":\"EntryPoint\",\"urlTemplate\":\"https:\/\/progettotouring.it\/radiotouring104\/?s={search_term_string}\"},\"query-input\":{\"@type\":\"PropertyValueSpecification\",\"valueRequired\":true,\"valueName\":\"search_term_string\"}}],\"inLanguage\":\"it-IT\"},{\"@type\":\"Organization\",\"@id\":\"https:\/\/progettotouring.it\/radiotouring104\/#organization\",\"name\":\"Radio Touring 104\",\"url\":\"https:\/\/progettotouring.it\/radiotouring104\/\",\"logo\":{\"@type\":\"ImageObject\",\"inLanguage\":\"it-IT\",\"@id\":\"https:\/\/progettotouring.it\/radiotouring104\/#\/schema\/logo\/image\/\",\"url\":\"https:\/\/progettotouring.it\/radiotouring104\/wp-content\/uploads\/sites\/6\/2022\/02\/cropped-logo-radio-touring-104.png\",\"contentUrl\":\"https:\/\/progettotouring.it\/radiotouring104\/wp-content\/uploads\/sites\/6\/2022\/02\/cropped-logo-radio-touring-104.png\",\"width\":377,\"height\":182,\"caption\":\"Radio Touring 104\"},\"image\":{\"@id\":\"https:\/\/progettotouring.it\/radiotouring104\/#\/schema\/logo\/image\/\"}},{\"@type\":\"Person\",\"@id\":\"https:\/\/progettotouring.it\/radiotouring104\/#\/schema\/person\/1b3eb3c07c47136bc44c785c543e635f\",\"name\":\"redazione\",\"image\":{\"@type\":\"ImageObject\",\"inLanguage\":\"it-IT\",\"@id\":\"https:\/\/secure.gravatar.com\/avatar\/0b31605b49f100769e8b624b3e05de1b73e1692e9568a352f60f53fd072e6e11?s=96&d=mm&r=g\",\"url\":\"https:\/\/secure.gravatar.com\/avatar\/0b31605b49f100769e8b624b3e05de1b73e1692e9568a352f60f53fd072e6e11?s=96&d=mm&r=g\",\"contentUrl\":\"https:\/\/secure.gravatar.com\/avatar\/0b31605b49f100769e8b624b3e05de1b73e1692e9568a352f60f53fd072e6e11?s=96&d=mm&r=g\",\"caption\":\"redazione\"},\"url\":\"https:\/\/progettotouring.it\/radiotouring104\/author\/redazione\/\"}]}<\/script>\n<!-- \/ Yoast SEO plugin. -->","yoast_head_json":{"title":"Reggio: a Palazzo San Giorgio il Seminario conclusivo del progetto \u201cReciprocit\u00e0 e Protagonismo\u201d - Radio Touring 104","description":"L'esposizione dei risultati si terr\u00e0 nel corso del Seminario Conclusivo, mercoled\u00ec 3 dicembre, alle 9.30, presso il Salone dei Lampadari","robots":{"index":"index","follow":"follow","max-snippet":"max-snippet:-1","max-image-preview":"max-image-preview:large","max-video-preview":"max-video-preview:-1"},"canonical":"https:\/\/progettotouring.it\/radiotouring104\/2025\/12\/01\/reggio-a-palazzo-san-giorgio-il-seminario-conclusivo-del-progetto-reciprocita-e-protagonismo\/","og_locale":"it_IT","og_type":"article","og_title":"Reggio: a Palazzo San Giorgio il Seminario conclusivo del progetto \u201cReciprocit\u00e0 e Protagonismo\u201d - Radio Touring 104","og_description":"L'esposizione dei risultati si terr\u00e0 nel corso del Seminario Conclusivo, mercoled\u00ec 3 dicembre, alle 9.30, presso il Salone dei Lampadari","og_url":"https:\/\/progettotouring.it\/radiotouring104\/2025\/12\/01\/reggio-a-palazzo-san-giorgio-il-seminario-conclusivo-del-progetto-reciprocita-e-protagonismo\/","og_site_name":"Radio Touring 104","article_published_time":"2025-12-01T10:09:22+00:00","article_modified_time":"2025-12-01T11:20:38+00:00","og_image":[{"width":1300,"height":733,"url":"https:\/\/progettotouring.it\/radiotouring104\/wp-content\/uploads\/sites\/6\/2025\/12\/Foto-precedente-Seminario-Progetto-ReP.jpg","type":"image\/jpeg"}],"author":"redazione","twitter_card":"summary_large_image","twitter_misc":{"Scritto da":"redazione","Tempo di lettura stimato":"2 minuti"},"schema":{"@context":"https:\/\/schema.org","@graph":[{"@type":"Article","@id":"https:\/\/progettotouring.it\/radiotouring104\/2025\/12\/01\/reggio-a-palazzo-san-giorgio-il-seminario-conclusivo-del-progetto-reciprocita-e-protagonismo\/#article","isPartOf":{"@id":"https:\/\/progettotouring.it\/radiotouring104\/2025\/12\/01\/reggio-a-palazzo-san-giorgio-il-seminario-conclusivo-del-progetto-reciprocita-e-protagonismo\/"},"author":{"name":"redazione","@id":"https:\/\/progettotouring.it\/radiotouring104\/#\/schema\/person\/1b3eb3c07c47136bc44c785c543e635f"},"headline":"Reggio: a Palazzo San Giorgio il Seminario conclusivo del progetto \u201cReciprocit\u00e0 e Protagonismo\u201d","datePublished":"2025-12-01T10:09:22+00:00","dateModified":"2025-12-01T11:20:38+00:00","mainEntityOfPage":{"@id":"https:\/\/progettotouring.it\/radiotouring104\/2025\/12\/01\/reggio-a-palazzo-san-giorgio-il-seminario-conclusivo-del-progetto-reciprocita-e-protagonismo\/"},"wordCount":383,"publisher":{"@id":"https:\/\/progettotouring.it\/radiotouring104\/#organization"},"image":{"@id":"https:\/\/progettotouring.it\/radiotouring104\/2025\/12\/01\/reggio-a-palazzo-san-giorgio-il-seminario-conclusivo-del-progetto-reciprocita-e-protagonismo\/#primaryimage"},"thumbnailUrl":"https:\/\/progettotouring.it\/radiotouring104\/wp-content\/uploads\/sites\/6\/2025\/12\/Foto-precedente-Seminario-Progetto-ReP.jpg","keywords":["Fondo per la Repubblica Digitale - Impresa sociale","l CIOFS\/FP Calabria ETS","palazzo san giorgio","Progetto \u201cReciprocit\u00e0 e Protagonismo\u201d","Seminario conclusivo"],"articleSection":["Home","News","Reggio Calabria"],"inLanguage":"it-IT"},{"@type":"WebPage","@id":"https:\/\/progettotouring.it\/radiotouring104\/2025\/12\/01\/reggio-a-palazzo-san-giorgio-il-seminario-conclusivo-del-progetto-reciprocita-e-protagonismo\/","url":"https:\/\/progettotouring.it\/radiotouring104\/2025\/12\/01\/reggio-a-palazzo-san-giorgio-il-seminario-conclusivo-del-progetto-reciprocita-e-protagonismo\/","name":"Reggio: a Palazzo San Giorgio il Seminario conclusivo del progetto \u201cReciprocit\u00e0 e Protagonismo\u201d - Radio Touring 104","isPartOf":{"@id":"https:\/\/progettotouring.it\/radiotouring104\/#website"},"primaryImageOfPage":{"@id":"https:\/\/progettotouring.it\/radiotouring104\/2025\/12\/01\/reggio-a-palazzo-san-giorgio-il-seminario-conclusivo-del-progetto-reciprocita-e-protagonismo\/#primaryimage"},"image":{"@id":"https:\/\/progettotouring.it\/radiotouring104\/2025\/12\/01\/reggio-a-palazzo-san-giorgio-il-seminario-conclusivo-del-progetto-reciprocita-e-protagonismo\/#primaryimage"},"thumbnailUrl":"https:\/\/progettotouring.it\/radiotouring104\/wp-content\/uploads\/sites\/6\/2025\/12\/Foto-precedente-Seminario-Progetto-ReP.jpg","datePublished":"2025-12-01T10:09:22+00:00","dateModified":"2025-12-01T11:20:38+00:00","description":"L'esposizione dei risultati si terr\u00e0 nel corso del Seminario Conclusivo, mercoled\u00ec 3 dicembre, alle 9.30, presso il Salone dei Lampadari","breadcrumb":{"@id":"https:\/\/progettotouring.it\/radiotouring104\/2025\/12\/01\/reggio-a-palazzo-san-giorgio-il-seminario-conclusivo-del-progetto-reciprocita-e-protagonismo\/#breadcrumb"},"inLanguage":"it-IT","potentialAction":[{"@type":"ReadAction","target":["https:\/\/progettotouring.it\/radiotouring104\/2025\/12\/01\/reggio-a-palazzo-san-giorgio-il-seminario-conclusivo-del-progetto-reciprocita-e-protagonismo\/"]}]},{"@type":"ImageObject","inLanguage":"it-IT","@id":"https:\/\/progettotouring.it\/radiotouring104\/2025\/12\/01\/reggio-a-palazzo-san-giorgio-il-seminario-conclusivo-del-progetto-reciprocita-e-protagonismo\/#primaryimage","url":"https:\/\/progettotouring.it\/radiotouring104\/wp-content\/uploads\/sites\/6\/2025\/12\/Foto-precedente-Seminario-Progetto-ReP.jpg","contentUrl":"https:\/\/progettotouring.it\/radiotouring104\/wp-content\/uploads\/sites\/6\/2025\/12\/Foto-precedente-Seminario-Progetto-ReP.jpg","width":1300,"height":733},{"@type":"BreadcrumbList","@id":"https:\/\/progettotouring.it\/radiotouring104\/2025\/12\/01\/reggio-a-palazzo-san-giorgio-il-seminario-conclusivo-del-progetto-reciprocita-e-protagonismo\/#breadcrumb","itemListElement":[{"@type":"ListItem","position":1,"name":"Home","item":"https:\/\/progettotouring.it\/radiotouring104\/"},{"@type":"ListItem","position":2,"name":"Reggio: a Palazzo San Giorgio il Seminario conclusivo del progetto \u201cReciprocit\u00e0 e Protagonismo\u201d"}]},{"@type":"WebSite","@id":"https:\/\/progettotouring.it\/radiotouring104\/#website","url":"https:\/\/progettotouring.it\/radiotouring104\/","name":"Radio Touring 104","description":"La prima radio Reggina","publisher":{"@id":"https:\/\/progettotouring.it\/radiotouring104\/#organization"},"potentialAction":[{"@type":"SearchAction","target":{"@type":"EntryPoint","urlTemplate":"https:\/\/progettotouring.it\/radiotouring104\/?s={search_term_string}"},"query-input":{"@type":"PropertyValueSpecification","valueRequired":true,"valueName":"search_term_string"}}],"inLanguage":"it-IT"},{"@type":"Organization","@id":"https:\/\/progettotouring.it\/radiotouring104\/#organization","name":"Radio Touring 104","url":"https:\/\/progettotouring.it\/radiotouring104\/","logo":{"@type":"ImageObject","inLanguage":"it-IT","@id":"https:\/\/progettotouring.it\/radiotouring104\/#\/schema\/logo\/image\/","url":"https:\/\/progettotouring.it\/radiotouring104\/wp-content\/uploads\/sites\/6\/2022\/02\/cropped-logo-radio-touring-104.png","contentUrl":"https:\/\/progettotouring.it\/radiotouring104\/wp-content\/uploads\/sites\/6\/2022\/02\/cropped-logo-radio-touring-104.png","width":377,"height":182,"caption":"Radio Touring 104"},"image":{"@id":"https:\/\/progettotouring.it\/radiotouring104\/#\/schema\/logo\/image\/"}},{"@type":"Person","@id":"https:\/\/progettotouring.it\/radiotouring104\/#\/schema\/person\/1b3eb3c07c47136bc44c785c543e635f","name":"redazione","image":{"@type":"ImageObject","inLanguage":"it-IT","@id":"https:\/\/secure.gravatar.com\/avatar\/0b31605b49f100769e8b624b3e05de1b73e1692e9568a352f60f53fd072e6e11?s=96&d=mm&r=g","url":"https:\/\/secure.gravatar.com\/avatar\/0b31605b49f100769e8b624b3e05de1b73e1692e9568a352f60f53fd072e6e11?s=96&d=mm&r=g","contentUrl":"https:\/\/secure.gravatar.com\/avatar\/0b31605b49f100769e8b624b3e05de1b73e1692e9568a352f60f53fd072e6e11?s=96&d=mm&r=g","caption":"redazione"},"url":"https:\/\/progettotouring.it\/radiotouring104\/author\/redazione\/"}]}},"jetpack_publicize_connections":[],"jetpack_featured_media_url":"https:\/\/progettotouring.it\/radiotouring104\/wp-content\/uploads\/sites\/6\/2025\/12\/Foto-precedente-Seminario-Progetto-ReP.jpg","jetpack_sharing_enabled":true,"_links":{"self":[{"href":"https:\/\/progettotouring.it\/radiotouring104\/wp-json\/wp\/v2\/posts\/86661","targetHints":{"allow":["GET"]}}],"collection":[{"href":"https:\/\/progettotouring.it\/radiotouring104\/wp-json\/wp\/v2\/posts"}],"about":[{"href":"https:\/\/progettotouring.it\/radiotouring104\/wp-json\/wp\/v2\/types\/post"}],"author":[{"embeddable":true,"href":"https:\/\/progettotouring.it\/radiotouring104\/wp-json\/wp\/v2\/users\/5"}],"replies":[{"embeddable":true,"href":"https:\/\/progettotouring.it\/radiotouring104\/wp-json\/wp\/v2\/comments?post=86661"}],"version-history":[{"count":1,"href":"https:\/\/progettotouring.it\/radiotouring104\/wp-json\/wp\/v2\/posts\/86661\/revisions"}],"predecessor-version":[{"id":86663,"href":"https:\/\/progettotouring.it\/radiotouring104\/wp-json\/wp\/v2\/posts\/86661\/revisions\/86663"}],"wp:featuredmedia":[{"embeddable":true,"href":"https:\/\/progettotouring.it\/radiotouring104\/wp-json\/wp\/v2\/media\/86662"}],"wp:attachment":[{"href":"https:\/\/progettotouring.it\/radiotouring104\/wp-json\/wp\/v2\/media?parent=86661"}],"wp:term":[{"taxonomy":"category","embeddable":true,"href":"https:\/\/progettotouring.it\/radiotouring104\/wp-json\/wp\/v2\/categories?post=86661"},{"taxonomy":"post_tag","embeddable":true,"href":"https:\/\/progettotouring.it\/radiotouring104\/wp-json\/wp\/v2\/tags?post=86661"}],"curies":[{"name":"wp","href":"https:\/\/api.w.org\/{rel}","templated":true}]}}