{"id":86664,"date":"2025-12-01T11:16:23","date_gmt":"2025-12-01T10:16:23","guid":{"rendered":"https:\/\/progettotouring.it\/radiotouring104\/?p=86664"},"modified":"2025-12-01T12:20:24","modified_gmt":"2025-12-01T11:20:24","slug":"cannavo-successo-per-levento-insieme-nella-fede-protetti-nellamore","status":"publish","type":"post","link":"https:\/\/progettotouring.it\/radiotouring104\/2025\/12\/01\/cannavo-successo-per-levento-insieme-nella-fede-protetti-nellamore\/","title":{"rendered":"Cannav\u00f2: successo per l&#8217;evento \u201cInsieme nella fede, protetti nell\u2019amore\u201d"},"content":{"rendered":"<p>Sabato pomeriggio la piazza della Chiesa di San Nicola di Bari a Cannav\u00f2 si \u00e8 trasformata in uno spazio di incontro, crescita e festa grazie all\u2019evento <strong>\u201cInsieme nella fede, protetti nell\u2019amore\u201d<\/strong>, rivolto <strong>a tutti i bambini del catechismo e non solo<\/strong>. Una giornata dedicata alla legalit\u00e0, al dialogo e alla vicinanza tra la comunit\u00e0 e le Forze dell\u2019Ordine, resa possibile dalla partecipazione della <strong>Polizia di Stato di Reggio Calabria<\/strong>.<\/p>\n<p><strong>La partecipazione della Polizia di Stato<\/strong><\/p>\n<p>Per la <strong>Squadra Volante della Questura di Reggio Calabria<\/strong> erano presenti:<\/p>\n<ul>\n<li><strong>Ispettore La Russa Antonio<\/strong><\/li>\n<li><strong>Agente Scelto Farris Giovanni<\/strong><\/li>\n<li><strong>Assistente Capo Coordinatore Spiniello Francesco<\/strong><\/li>\n<li><strong>Agente Pensabene Joshua<\/strong><\/li>\n<\/ul>\n<p>Per le <strong>Unit\u00e0 Cinofile della Questura di Reggio Calabria<\/strong> hanno partecipato:<\/p>\n<ul>\n<li><strong>Ispettore Superiore Daniela Musumeci<\/strong>, responsabile dell\u2019Unit\u00e0 Cinofila<\/li>\n<li><strong>Assistente Nicol\u00f2 Paolo<\/strong>, conduttore specialista<\/li>\n<li><strong>Agente Scelto Chindamo Raffaele<\/strong>, conduttore specialista<\/li>\n<\/ul>\n<p>I bambini hanno assistito con entusiasmo alle <strong>simulazioni operative di ricerca con i cani poliziotto<\/strong>, apprezzandone le capacit\u00e0 e la complicit\u00e0 con i conduttori.<br \/>\nMolto coinvolgente anche la dimostrazione delle <strong>comunicazioni radio<\/strong>, durante la quale i pi\u00f9 piccoli hanno potuto ascoltare come le pattuglie si coordinano in tempo reale con le altre unit\u00e0 di Reggio Calabria e provincia.<\/p>\n<p>Grande gioia ha accompagnato il momento delle <strong>foto ricordo<\/strong>, con la possibilit\u00e0 per ogni bambino di salire sulla <strong>moto della Polizia di Stato<\/strong>, vivendo per un attimo l\u2019emozione di sentirsi \u201cpoliziotto per un giorno\u201d.<\/p>\n<p><strong>Il contributo della Protezione Civile<\/strong><\/p>\n<p>A supporto dell\u2019iniziativa hanno partecipato i responsabili dell\u2019<strong>Associazione di Protezione Civile Nautica San Gregorio<\/strong>, <strong>Nato Francesco<\/strong> e <strong>Carmen Amaddeo<\/strong>, offrendo supporto logistico e contribuito alla buona riuscita dell\u2019intero pomeriggio.<\/p>\n<p><strong>Il pensiero del parroco Don Giovanni Gattuso<\/strong><\/p>\n<p>Al termine dell\u2019incontro, il parroco <strong>don Giovanni Gattuso<\/strong> ha condiviso un pensiero di gratitudine:<\/p>\n<p><strong>\u00abRingrazio di cuore la Polizia di Stato e tutti coloro che hanno collaborato alla realizzazione di questo momento. Educare i bambini alla fiducia, al rispetto e al senso di comunit\u00e0 \u00e8 una missione che unisce famiglia, Chiesa e istituzioni. Oggi ho visto nei loro occhi entusiasmo, curiosit\u00e0 e speranza: segno che il seme del bene, se coltivato insieme, pu\u00f2 davvero portare frutto. \u00c8 stata una giornata che ci ha fatto sentire protetti e uniti nell\u2019amore.\u00bb<\/strong><\/p>\n<p><strong>La merenda finale<\/strong><\/p>\n<p>A conclusione dell\u2019evento, bambini e famiglie hanno condiviso un momento di festa con una <strong>merenda comunitaria<\/strong>, arricchita da <strong>dolci preparati e portati dalle famiglie<\/strong>. Un gesto semplice e prezioso, che ha sottolineato ancora una volta lo spirito di comunit\u00e0 e partecipazione che ha caratterizzato l\u2019intera giornata.<\/p>\n<p><strong>Una giornata da ricordare<\/strong><\/p>\n<p>Con grande partecipazione e un clima di gioia e collaborazione, \u201cInsieme nella fede, protetti nell\u2019amore\u201d ha confermato l\u2019importanza del dialogo tra istituzioni e cittadini, mettendo al centro i bambini e i valori che li accompagneranno nella crescita.<\/p>\n<p>&nbsp;<\/p>\n","protected":false},"excerpt":{"rendered":"<p>Sabato pomeriggio la piazza della Chiesa di San Nicola di Bari a Cannav\u00f2 si \u00e8 trasformata in uno spazio di incontro, crescita e festa grazie all\u2019evento \u201cInsieme nella fede, protetti&hellip;<\/p>\n","protected":false},"author":5,"featured_media":86665,"comment_status":"closed","ping_status":"open","sticky":false,"template":"","format":"standard","meta":{"_jetpack_memberships_contains_paid_content":false,"footnotes":"","jetpack_publicize_message":"","jetpack_publicize_feature_enabled":true,"jetpack_social_post_already_shared":true,"jetpack_social_options":{"image_generator_settings":{"template":"highway","default_image_id":0,"font":"","enabled":false},"version":2}},"categories":[921,196,140],"tags":[49222,1923,49221,49220,5698],"class_list":["post-86664","post","type-post","status-publish","format-standard","has-post-thumbnail","hentry","category-home","category-news","category-reggio-calabria","tag-bambini-del-catechismo","tag-cannavo","tag-chiesa-di-san-nicola-di-bari","tag-evento-insieme-nella-fede-protetti-nellamore","tag-incontro"],"yoast_head":"<!-- This site is optimized with the Yoast SEO plugin v27.2 - https:\/\/yoast.com\/product\/yoast-seo-wordpress\/ -->\n<title>Cannav\u00f2: successo per l&#039;evento \u201cInsieme nella fede, protetti nell\u2019amore\u201d - Radio Touring 104<\/title>\n<meta name=\"description\" content=\"Sabato pomeriggio la piazza della Chiesa di San Nicola di Bari si \u00e8 trasformata in uno spazio di incontro per i bambini del catechismo\" \/>\n<meta name=\"robots\" content=\"index, follow, max-snippet:-1, max-image-preview:large, max-video-preview:-1\" \/>\n<link rel=\"canonical\" href=\"https:\/\/progettotouring.it\/radiotouring104\/2025\/12\/01\/cannavo-successo-per-levento-insieme-nella-fede-protetti-nellamore\/\" \/>\n<meta property=\"og:locale\" content=\"it_IT\" \/>\n<meta property=\"og:type\" content=\"article\" \/>\n<meta property=\"og:title\" content=\"Cannav\u00f2: successo per l&#039;evento \u201cInsieme nella fede, protetti nell\u2019amore\u201d - Radio Touring 104\" \/>\n<meta property=\"og:description\" content=\"Sabato pomeriggio la piazza della Chiesa di San Nicola di Bari si \u00e8 trasformata in uno spazio di incontro per i bambini del catechismo\" \/>\n<meta property=\"og:url\" content=\"https:\/\/progettotouring.it\/radiotouring104\/2025\/12\/01\/cannavo-successo-per-levento-insieme-nella-fede-protetti-nellamore\/\" \/>\n<meta property=\"og:site_name\" content=\"Radio Touring 104\" \/>\n<meta property=\"article:published_time\" content=\"2025-12-01T10:16:23+00:00\" \/>\n<meta property=\"article:modified_time\" content=\"2025-12-01T11:20:24+00:00\" \/>\n<meta property=\"og:image\" content=\"https:\/\/progettotouring.it\/radiotouring104\/wp-content\/uploads\/sites\/6\/2025\/12\/FESTA-PARROCCHIA-CANNAV0.gif\" \/>\n\t<meta property=\"og:image:width\" content=\"985\" \/>\n\t<meta property=\"og:image:height\" content=\"368\" \/>\n\t<meta property=\"og:image:type\" content=\"image\/gif\" \/>\n<meta name=\"author\" content=\"redazione\" \/>\n<meta name=\"twitter:card\" content=\"summary_large_image\" \/>\n<meta name=\"twitter:label1\" content=\"Scritto da\" \/>\n\t<meta name=\"twitter:data1\" content=\"redazione\" \/>\n\t<meta name=\"twitter:label2\" content=\"Tempo di lettura stimato\" \/>\n\t<meta name=\"twitter:data2\" content=\"2 minuti\" \/>\n<script type=\"application\/ld+json\" class=\"yoast-schema-graph\">{\"@context\":\"https:\/\/schema.org\",\"@graph\":[{\"@type\":\"Article\",\"@id\":\"https:\/\/progettotouring.it\/radiotouring104\/2025\/12\/01\/cannavo-successo-per-levento-insieme-nella-fede-protetti-nellamore\/#article\",\"isPartOf\":{\"@id\":\"https:\/\/progettotouring.it\/radiotouring104\/2025\/12\/01\/cannavo-successo-per-levento-insieme-nella-fede-protetti-nellamore\/\"},\"author\":{\"name\":\"redazione\",\"@id\":\"https:\/\/progettotouring.it\/radiotouring104\/#\/schema\/person\/1b3eb3c07c47136bc44c785c543e635f\"},\"headline\":\"Cannav\u00f2: successo per l&#8217;evento \u201cInsieme nella fede, protetti nell\u2019amore\u201d\",\"datePublished\":\"2025-12-01T10:16:23+00:00\",\"dateModified\":\"2025-12-01T11:20:24+00:00\",\"mainEntityOfPage\":{\"@id\":\"https:\/\/progettotouring.it\/radiotouring104\/2025\/12\/01\/cannavo-successo-per-levento-insieme-nella-fede-protetti-nellamore\/\"},\"wordCount\":465,\"publisher\":{\"@id\":\"https:\/\/progettotouring.it\/radiotouring104\/#organization\"},\"image\":{\"@id\":\"https:\/\/progettotouring.it\/radiotouring104\/2025\/12\/01\/cannavo-successo-per-levento-insieme-nella-fede-protetti-nellamore\/#primaryimage\"},\"thumbnailUrl\":\"https:\/\/progettotouring.it\/radiotouring104\/wp-content\/uploads\/sites\/6\/2025\/12\/FESTA-PARROCCHIA-CANNAV0.gif\",\"keywords\":[\"bambini del catechismo\",\"cannav\u00f2\",\"Chiesa di San Nicola di Bari\",\"evento \u201cInsieme nella fede protetti nell\u2019amore\u201d\",\"incontro\"],\"articleSection\":[\"Home\",\"News\",\"Reggio Calabria\"],\"inLanguage\":\"it-IT\"},{\"@type\":\"WebPage\",\"@id\":\"https:\/\/progettotouring.it\/radiotouring104\/2025\/12\/01\/cannavo-successo-per-levento-insieme-nella-fede-protetti-nellamore\/\",\"url\":\"https:\/\/progettotouring.it\/radiotouring104\/2025\/12\/01\/cannavo-successo-per-levento-insieme-nella-fede-protetti-nellamore\/\",\"name\":\"Cannav\u00f2: successo per l'evento \u201cInsieme nella fede, protetti nell\u2019amore\u201d - Radio Touring 104\",\"isPartOf\":{\"@id\":\"https:\/\/progettotouring.it\/radiotouring104\/#website\"},\"primaryImageOfPage\":{\"@id\":\"https:\/\/progettotouring.it\/radiotouring104\/2025\/12\/01\/cannavo-successo-per-levento-insieme-nella-fede-protetti-nellamore\/#primaryimage\"},\"image\":{\"@id\":\"https:\/\/progettotouring.it\/radiotouring104\/2025\/12\/01\/cannavo-successo-per-levento-insieme-nella-fede-protetti-nellamore\/#primaryimage\"},\"thumbnailUrl\":\"https:\/\/progettotouring.it\/radiotouring104\/wp-content\/uploads\/sites\/6\/2025\/12\/FESTA-PARROCCHIA-CANNAV0.gif\",\"datePublished\":\"2025-12-01T10:16:23+00:00\",\"dateModified\":\"2025-12-01T11:20:24+00:00\",\"description\":\"Sabato pomeriggio la piazza della Chiesa di San Nicola di Bari si \u00e8 trasformata in uno spazio di incontro per i bambini del catechismo\",\"breadcrumb\":{\"@id\":\"https:\/\/progettotouring.it\/radiotouring104\/2025\/12\/01\/cannavo-successo-per-levento-insieme-nella-fede-protetti-nellamore\/#breadcrumb\"},\"inLanguage\":\"it-IT\",\"potentialAction\":[{\"@type\":\"ReadAction\",\"target\":[\"https:\/\/progettotouring.it\/radiotouring104\/2025\/12\/01\/cannavo-successo-per-levento-insieme-nella-fede-protetti-nellamore\/\"]}]},{\"@type\":\"ImageObject\",\"inLanguage\":\"it-IT\",\"@id\":\"https:\/\/progettotouring.it\/radiotouring104\/2025\/12\/01\/cannavo-successo-per-levento-insieme-nella-fede-protetti-nellamore\/#primaryimage\",\"url\":\"https:\/\/progettotouring.it\/radiotouring104\/wp-content\/uploads\/sites\/6\/2025\/12\/FESTA-PARROCCHIA-CANNAV0.gif\",\"contentUrl\":\"https:\/\/progettotouring.it\/radiotouring104\/wp-content\/uploads\/sites\/6\/2025\/12\/FESTA-PARROCCHIA-CANNAV0.gif\",\"width\":985,\"height\":368},{\"@type\":\"BreadcrumbList\",\"@id\":\"https:\/\/progettotouring.it\/radiotouring104\/2025\/12\/01\/cannavo-successo-per-levento-insieme-nella-fede-protetti-nellamore\/#breadcrumb\",\"itemListElement\":[{\"@type\":\"ListItem\",\"position\":1,\"name\":\"Home\",\"item\":\"https:\/\/progettotouring.it\/radiotouring104\/\"},{\"@type\":\"ListItem\",\"position\":2,\"name\":\"Cannav\u00f2: successo per l&#8217;evento \u201cInsieme nella fede, protetti nell\u2019amore\u201d\"}]},{\"@type\":\"WebSite\",\"@id\":\"https:\/\/progettotouring.it\/radiotouring104\/#website\",\"url\":\"https:\/\/progettotouring.it\/radiotouring104\/\",\"name\":\"Radio Touring 104\",\"description\":\"La prima radio Reggina\",\"publisher\":{\"@id\":\"https:\/\/progettotouring.it\/radiotouring104\/#organization\"},\"potentialAction\":[{\"@type\":\"SearchAction\",\"target\":{\"@type\":\"EntryPoint\",\"urlTemplate\":\"https:\/\/progettotouring.it\/radiotouring104\/?s={search_term_string}\"},\"query-input\":{\"@type\":\"PropertyValueSpecification\",\"valueRequired\":true,\"valueName\":\"search_term_string\"}}],\"inLanguage\":\"it-IT\"},{\"@type\":\"Organization\",\"@id\":\"https:\/\/progettotouring.it\/radiotouring104\/#organization\",\"name\":\"Radio Touring 104\",\"url\":\"https:\/\/progettotouring.it\/radiotouring104\/\",\"logo\":{\"@type\":\"ImageObject\",\"inLanguage\":\"it-IT\",\"@id\":\"https:\/\/progettotouring.it\/radiotouring104\/#\/schema\/logo\/image\/\",\"url\":\"https:\/\/progettotouring.it\/radiotouring104\/wp-content\/uploads\/sites\/6\/2022\/02\/cropped-logo-radio-touring-104.png\",\"contentUrl\":\"https:\/\/progettotouring.it\/radiotouring104\/wp-content\/uploads\/sites\/6\/2022\/02\/cropped-logo-radio-touring-104.png\",\"width\":377,\"height\":182,\"caption\":\"Radio Touring 104\"},\"image\":{\"@id\":\"https:\/\/progettotouring.it\/radiotouring104\/#\/schema\/logo\/image\/\"}},{\"@type\":\"Person\",\"@id\":\"https:\/\/progettotouring.it\/radiotouring104\/#\/schema\/person\/1b3eb3c07c47136bc44c785c543e635f\",\"name\":\"redazione\",\"image\":{\"@type\":\"ImageObject\",\"inLanguage\":\"it-IT\",\"@id\":\"https:\/\/secure.gravatar.com\/avatar\/0b31605b49f100769e8b624b3e05de1b73e1692e9568a352f60f53fd072e6e11?s=96&d=mm&r=g\",\"url\":\"https:\/\/secure.gravatar.com\/avatar\/0b31605b49f100769e8b624b3e05de1b73e1692e9568a352f60f53fd072e6e11?s=96&d=mm&r=g\",\"contentUrl\":\"https:\/\/secure.gravatar.com\/avatar\/0b31605b49f100769e8b624b3e05de1b73e1692e9568a352f60f53fd072e6e11?s=96&d=mm&r=g\",\"caption\":\"redazione\"},\"url\":\"https:\/\/progettotouring.it\/radiotouring104\/author\/redazione\/\"}]}<\/script>\n<!-- \/ Yoast SEO plugin. -->","yoast_head_json":{"title":"Cannav\u00f2: successo per l'evento \u201cInsieme nella fede, protetti nell\u2019amore\u201d - Radio Touring 104","description":"Sabato pomeriggio la piazza della Chiesa di San Nicola di Bari si \u00e8 trasformata in uno spazio di incontro per i bambini del catechismo","robots":{"index":"index","follow":"follow","max-snippet":"max-snippet:-1","max-image-preview":"max-image-preview:large","max-video-preview":"max-video-preview:-1"},"canonical":"https:\/\/progettotouring.it\/radiotouring104\/2025\/12\/01\/cannavo-successo-per-levento-insieme-nella-fede-protetti-nellamore\/","og_locale":"it_IT","og_type":"article","og_title":"Cannav\u00f2: successo per l'evento \u201cInsieme nella fede, protetti nell\u2019amore\u201d - Radio Touring 104","og_description":"Sabato pomeriggio la piazza della Chiesa di San Nicola di Bari si \u00e8 trasformata in uno spazio di incontro per i bambini del catechismo","og_url":"https:\/\/progettotouring.it\/radiotouring104\/2025\/12\/01\/cannavo-successo-per-levento-insieme-nella-fede-protetti-nellamore\/","og_site_name":"Radio Touring 104","article_published_time":"2025-12-01T10:16:23+00:00","article_modified_time":"2025-12-01T11:20:24+00:00","og_image":[{"width":985,"height":368,"url":"https:\/\/progettotouring.it\/radiotouring104\/wp-content\/uploads\/sites\/6\/2025\/12\/FESTA-PARROCCHIA-CANNAV0.gif","type":"image\/gif"}],"author":"redazione","twitter_card":"summary_large_image","twitter_misc":{"Scritto da":"redazione","Tempo di lettura stimato":"2 minuti"},"schema":{"@context":"https:\/\/schema.org","@graph":[{"@type":"Article","@id":"https:\/\/progettotouring.it\/radiotouring104\/2025\/12\/01\/cannavo-successo-per-levento-insieme-nella-fede-protetti-nellamore\/#article","isPartOf":{"@id":"https:\/\/progettotouring.it\/radiotouring104\/2025\/12\/01\/cannavo-successo-per-levento-insieme-nella-fede-protetti-nellamore\/"},"author":{"name":"redazione","@id":"https:\/\/progettotouring.it\/radiotouring104\/#\/schema\/person\/1b3eb3c07c47136bc44c785c543e635f"},"headline":"Cannav\u00f2: successo per l&#8217;evento \u201cInsieme nella fede, protetti nell\u2019amore\u201d","datePublished":"2025-12-01T10:16:23+00:00","dateModified":"2025-12-01T11:20:24+00:00","mainEntityOfPage":{"@id":"https:\/\/progettotouring.it\/radiotouring104\/2025\/12\/01\/cannavo-successo-per-levento-insieme-nella-fede-protetti-nellamore\/"},"wordCount":465,"publisher":{"@id":"https:\/\/progettotouring.it\/radiotouring104\/#organization"},"image":{"@id":"https:\/\/progettotouring.it\/radiotouring104\/2025\/12\/01\/cannavo-successo-per-levento-insieme-nella-fede-protetti-nellamore\/#primaryimage"},"thumbnailUrl":"https:\/\/progettotouring.it\/radiotouring104\/wp-content\/uploads\/sites\/6\/2025\/12\/FESTA-PARROCCHIA-CANNAV0.gif","keywords":["bambini del catechismo","cannav\u00f2","Chiesa di San Nicola di Bari","evento \u201cInsieme nella fede protetti nell\u2019amore\u201d","incontro"],"articleSection":["Home","News","Reggio Calabria"],"inLanguage":"it-IT"},{"@type":"WebPage","@id":"https:\/\/progettotouring.it\/radiotouring104\/2025\/12\/01\/cannavo-successo-per-levento-insieme-nella-fede-protetti-nellamore\/","url":"https:\/\/progettotouring.it\/radiotouring104\/2025\/12\/01\/cannavo-successo-per-levento-insieme-nella-fede-protetti-nellamore\/","name":"Cannav\u00f2: successo per l'evento \u201cInsieme nella fede, protetti nell\u2019amore\u201d - Radio Touring 104","isPartOf":{"@id":"https:\/\/progettotouring.it\/radiotouring104\/#website"},"primaryImageOfPage":{"@id":"https:\/\/progettotouring.it\/radiotouring104\/2025\/12\/01\/cannavo-successo-per-levento-insieme-nella-fede-protetti-nellamore\/#primaryimage"},"image":{"@id":"https:\/\/progettotouring.it\/radiotouring104\/2025\/12\/01\/cannavo-successo-per-levento-insieme-nella-fede-protetti-nellamore\/#primaryimage"},"thumbnailUrl":"https:\/\/progettotouring.it\/radiotouring104\/wp-content\/uploads\/sites\/6\/2025\/12\/FESTA-PARROCCHIA-CANNAV0.gif","datePublished":"2025-12-01T10:16:23+00:00","dateModified":"2025-12-01T11:20:24+00:00","description":"Sabato pomeriggio la piazza della Chiesa di San Nicola di Bari si \u00e8 trasformata in uno spazio di incontro per i bambini del catechismo","breadcrumb":{"@id":"https:\/\/progettotouring.it\/radiotouring104\/2025\/12\/01\/cannavo-successo-per-levento-insieme-nella-fede-protetti-nellamore\/#breadcrumb"},"inLanguage":"it-IT","potentialAction":[{"@type":"ReadAction","target":["https:\/\/progettotouring.it\/radiotouring104\/2025\/12\/01\/cannavo-successo-per-levento-insieme-nella-fede-protetti-nellamore\/"]}]},{"@type":"ImageObject","inLanguage":"it-IT","@id":"https:\/\/progettotouring.it\/radiotouring104\/2025\/12\/01\/cannavo-successo-per-levento-insieme-nella-fede-protetti-nellamore\/#primaryimage","url":"https:\/\/progettotouring.it\/radiotouring104\/wp-content\/uploads\/sites\/6\/2025\/12\/FESTA-PARROCCHIA-CANNAV0.gif","contentUrl":"https:\/\/progettotouring.it\/radiotouring104\/wp-content\/uploads\/sites\/6\/2025\/12\/FESTA-PARROCCHIA-CANNAV0.gif","width":985,"height":368},{"@type":"BreadcrumbList","@id":"https:\/\/progettotouring.it\/radiotouring104\/2025\/12\/01\/cannavo-successo-per-levento-insieme-nella-fede-protetti-nellamore\/#breadcrumb","itemListElement":[{"@type":"ListItem","position":1,"name":"Home","item":"https:\/\/progettotouring.it\/radiotouring104\/"},{"@type":"ListItem","position":2,"name":"Cannav\u00f2: successo per l&#8217;evento \u201cInsieme nella fede, protetti nell\u2019amore\u201d"}]},{"@type":"WebSite","@id":"https:\/\/progettotouring.it\/radiotouring104\/#website","url":"https:\/\/progettotouring.it\/radiotouring104\/","name":"Radio Touring 104","description":"La prima radio Reggina","publisher":{"@id":"https:\/\/progettotouring.it\/radiotouring104\/#organization"},"potentialAction":[{"@type":"SearchAction","target":{"@type":"EntryPoint","urlTemplate":"https:\/\/progettotouring.it\/radiotouring104\/?s={search_term_string}"},"query-input":{"@type":"PropertyValueSpecification","valueRequired":true,"valueName":"search_term_string"}}],"inLanguage":"it-IT"},{"@type":"Organization","@id":"https:\/\/progettotouring.it\/radiotouring104\/#organization","name":"Radio Touring 104","url":"https:\/\/progettotouring.it\/radiotouring104\/","logo":{"@type":"ImageObject","inLanguage":"it-IT","@id":"https:\/\/progettotouring.it\/radiotouring104\/#\/schema\/logo\/image\/","url":"https:\/\/progettotouring.it\/radiotouring104\/wp-content\/uploads\/sites\/6\/2022\/02\/cropped-logo-radio-touring-104.png","contentUrl":"https:\/\/progettotouring.it\/radiotouring104\/wp-content\/uploads\/sites\/6\/2022\/02\/cropped-logo-radio-touring-104.png","width":377,"height":182,"caption":"Radio Touring 104"},"image":{"@id":"https:\/\/progettotouring.it\/radiotouring104\/#\/schema\/logo\/image\/"}},{"@type":"Person","@id":"https:\/\/progettotouring.it\/radiotouring104\/#\/schema\/person\/1b3eb3c07c47136bc44c785c543e635f","name":"redazione","image":{"@type":"ImageObject","inLanguage":"it-IT","@id":"https:\/\/secure.gravatar.com\/avatar\/0b31605b49f100769e8b624b3e05de1b73e1692e9568a352f60f53fd072e6e11?s=96&d=mm&r=g","url":"https:\/\/secure.gravatar.com\/avatar\/0b31605b49f100769e8b624b3e05de1b73e1692e9568a352f60f53fd072e6e11?s=96&d=mm&r=g","contentUrl":"https:\/\/secure.gravatar.com\/avatar\/0b31605b49f100769e8b624b3e05de1b73e1692e9568a352f60f53fd072e6e11?s=96&d=mm&r=g","caption":"redazione"},"url":"https:\/\/progettotouring.it\/radiotouring104\/author\/redazione\/"}]}},"jetpack_publicize_connections":[],"jetpack_featured_media_url":"https:\/\/progettotouring.it\/radiotouring104\/wp-content\/uploads\/sites\/6\/2025\/12\/FESTA-PARROCCHIA-CANNAV0.gif","jetpack_sharing_enabled":true,"_links":{"self":[{"href":"https:\/\/progettotouring.it\/radiotouring104\/wp-json\/wp\/v2\/posts\/86664","targetHints":{"allow":["GET"]}}],"collection":[{"href":"https:\/\/progettotouring.it\/radiotouring104\/wp-json\/wp\/v2\/posts"}],"about":[{"href":"https:\/\/progettotouring.it\/radiotouring104\/wp-json\/wp\/v2\/types\/post"}],"author":[{"embeddable":true,"href":"https:\/\/progettotouring.it\/radiotouring104\/wp-json\/wp\/v2\/users\/5"}],"replies":[{"embeddable":true,"href":"https:\/\/progettotouring.it\/radiotouring104\/wp-json\/wp\/v2\/comments?post=86664"}],"version-history":[{"count":1,"href":"https:\/\/progettotouring.it\/radiotouring104\/wp-json\/wp\/v2\/posts\/86664\/revisions"}],"predecessor-version":[{"id":86666,"href":"https:\/\/progettotouring.it\/radiotouring104\/wp-json\/wp\/v2\/posts\/86664\/revisions\/86666"}],"wp:featuredmedia":[{"embeddable":true,"href":"https:\/\/progettotouring.it\/radiotouring104\/wp-json\/wp\/v2\/media\/86665"}],"wp:attachment":[{"href":"https:\/\/progettotouring.it\/radiotouring104\/wp-json\/wp\/v2\/media?parent=86664"}],"wp:term":[{"taxonomy":"category","embeddable":true,"href":"https:\/\/progettotouring.it\/radiotouring104\/wp-json\/wp\/v2\/categories?post=86664"},{"taxonomy":"post_tag","embeddable":true,"href":"https:\/\/progettotouring.it\/radiotouring104\/wp-json\/wp\/v2\/tags?post=86664"}],"curies":[{"name":"wp","href":"https:\/\/api.w.org\/{rel}","templated":true}]}}