{"id":86670,"date":"2025-12-01T11:32:27","date_gmt":"2025-12-01T10:32:27","guid":{"rendered":"https:\/\/progettotouring.it\/radiotouring104\/?p=86670"},"modified":"2025-12-01T12:20:19","modified_gmt":"2025-12-01T11:20:19","slug":"aeroporto-dello-stretto-cannizzaro-annuncia-900-mila-passeggeri-in-11-mesi","status":"publish","type":"post","link":"https:\/\/progettotouring.it\/radiotouring104\/2025\/12\/01\/aeroporto-dello-stretto-cannizzaro-annuncia-900-mila-passeggeri-in-11-mesi\/","title":{"rendered":"Aeroporto dello Stretto, Cannizzaro annuncia: &#8220;900 mila passeggeri in 11 mesi&#8221;"},"content":{"rendered":"<p><em>&#8220;Novecentomila. L&#8217;Aeroporto di Reggio Calabria, in 11 mesi, ha registrato novecentomila passeggeri. Un record incredibile, un numero enorme, soprattutto se rapportato al triste destino a cui stava per andare incontro questo scalo appena qualche anno fa. Invece adesso, in meno di un anno solare, per la prima volta nella storia, si sfiora il milione di utenti in transito. Stracciato ogni altro dato precedente. Superata ogni pi\u00f9 florida aspettativa. L&#8217;aeroporto dello Stretto \u00e8 pi\u00f9 vivo che mai&#8230; e siamo solo all&#8217;inizio della sua rinascita! Merito di una classe dirigente che ci ha creduto, sempre, anche e soprattutto quando le cose andavano male, anzi malissimo; grazie ad un lavoro di squadra capitanato dal Presidente della Regione Roberto Occhiuto, che ha fatto un lavoro senza precedenti e attraverso le sue azioni ha inciso in maniera determinante nel dare nuova vita a questa infrastruttura. Numeri alla mano, con orgoglio, possiamo dire che, in tempi non sospetti, avevamo ragione da vendere e ribadire che andremo avanti senza sosta su questa rotta.&#8221;\u00a0 <\/em>A diffondere il dato in anteprima \u00e8 Francesco Cannizzaro, Deputato della Repubblica e Segretario regionale di Forza Italia Calabria, da sempre impegnato nello sviluppo del &#8220;Tito Minniti&#8221; e promotore di diverse misure mirate ed emendamenti ad hoc.<\/p>\n<p>&nbsp;<\/p>\n<p><em>&#8220;Ci tengo a rendere nota questa informazione, questo dato nudo e crudo \u2013 <\/em>evidenzia l\u2019onorevole reggino<em> &#8211; perch\u00e9 \u00e8 una notizia bellissima, che poco pi\u00f9 di un anno fa avremmo tutti etichettato come eresia, un obiettivo impossibile, lontanissimo dalla realt\u00e0. Oggi invece siamo qui a dire che nel 2025, l&#8217;aeroporto di Reggio Calabria, potrebbe toccare il tetto dei 950mila passeggeri, superando di gran lunga il precedente record assoluto, quello di 622mila registrato l&#8217;anno scorso. Per quello antecedente, bisogna andare a ritroso fino al 2006, quando si tocc\u00f2 quota 607mila. I numeri e le progressioni attuali, dunque, devono far riflettere. E se pensiamo alla nuova aerostazione, ai prossimi investimenti, alle conseguenti iniziative che verranno intraprese insieme al Presidente Occhiuto e tutta la squadra di Forza Italia per migliorare ulteriormente questo scalo, c&#8217;\u00e8 solo da stropicciarsi gli occhi e rendersi conto che a volte la realt\u00e0 supera anche i sogni. A volte bisogna solo crederci per davvero.&#8221;<\/em><\/p>\n","protected":false},"excerpt":{"rendered":"<p>&#8220;Novecentomila. L&#8217;Aeroporto di Reggio Calabria, in 11 mesi, ha registrato novecentomila passeggeri. Un record incredibile, un numero enorme, soprattutto se rapportato al triste destino a cui stava per andare incontro&hellip;<\/p>\n","protected":false},"author":5,"featured_media":2521,"comment_status":"closed","ping_status":"open","sticky":false,"template":"","format":"standard","meta":{"_jetpack_memberships_contains_paid_content":false,"footnotes":"","jetpack_publicize_message":"","jetpack_publicize_feature_enabled":true,"jetpack_social_post_already_shared":true,"jetpack_social_options":{"image_generator_settings":{"template":"highway","default_image_id":0,"font":"","enabled":false},"version":2}},"categories":[921,150,196,140],"tags":[49224,2413,49223,21176,1195,37694],"class_list":["post-86670","post","type-post","status-publish","format-standard","has-post-thumbnail","hentry","category-home","category-in-primo-piano","category-news","category-reggio-calabria","tag-900-mila-passeggeri-in-11-mesi","tag-aeroporto-dello-stretto","tag-annuncio","tag-on-francesco-cannizzaro","tag-record","tag-soddisfazione"],"yoast_head":"<!-- This site is optimized with the Yoast SEO plugin v27.2 - https:\/\/yoast.com\/product\/yoast-seo-wordpress\/ -->\n<title>Aeroporto Stretto, Cannizzaro: &quot;900 mila passeggeri in 11 mesi&quot;<\/title>\n<meta name=\"description\" content=\"Un record incredibile, se rapportato al destino a cui stava per andare incontro questo scalo&quot;, dichiara il deputato reggino\" \/>\n<meta name=\"robots\" content=\"index, follow, max-snippet:-1, max-image-preview:large, max-video-preview:-1\" \/>\n<link rel=\"canonical\" href=\"https:\/\/progettotouring.it\/radiotouring104\/2025\/12\/01\/aeroporto-dello-stretto-cannizzaro-annuncia-900-mila-passeggeri-in-11-mesi\/\" \/>\n<meta property=\"og:locale\" content=\"it_IT\" \/>\n<meta property=\"og:type\" content=\"article\" \/>\n<meta property=\"og:title\" content=\"Aeroporto Stretto, Cannizzaro: &quot;900 mila passeggeri in 11 mesi&quot;\" \/>\n<meta property=\"og:description\" content=\"Un record incredibile, se rapportato al destino a cui stava per andare incontro questo scalo&quot;, dichiara il deputato reggino\" \/>\n<meta property=\"og:url\" content=\"https:\/\/progettotouring.it\/radiotouring104\/2025\/12\/01\/aeroporto-dello-stretto-cannizzaro-annuncia-900-mila-passeggeri-in-11-mesi\/\" \/>\n<meta property=\"og:site_name\" content=\"Radio Touring 104\" \/>\n<meta property=\"article:published_time\" content=\"2025-12-01T10:32:27+00:00\" \/>\n<meta property=\"article:modified_time\" content=\"2025-12-01T11:20:19+00:00\" \/>\n<meta property=\"og:image\" content=\"https:\/\/progettotouring.it\/radiotouring104\/wp-content\/uploads\/sites\/6\/2022\/03\/Aeroporto.jpg\" \/>\n\t<meta property=\"og:image:width\" content=\"1920\" \/>\n\t<meta property=\"og:image:height\" content=\"1080\" \/>\n\t<meta property=\"og:image:type\" content=\"image\/jpeg\" \/>\n<meta name=\"author\" content=\"redazione\" \/>\n<meta name=\"twitter:card\" content=\"summary_large_image\" \/>\n<meta name=\"twitter:label1\" content=\"Scritto da\" \/>\n\t<meta name=\"twitter:data1\" content=\"redazione\" \/>\n\t<meta name=\"twitter:label2\" content=\"Tempo di lettura stimato\" \/>\n\t<meta name=\"twitter:data2\" content=\"2 minuti\" \/>\n<script type=\"application\/ld+json\" class=\"yoast-schema-graph\">{\"@context\":\"https:\/\/schema.org\",\"@graph\":[{\"@type\":\"Article\",\"@id\":\"https:\/\/progettotouring.it\/radiotouring104\/2025\/12\/01\/aeroporto-dello-stretto-cannizzaro-annuncia-900-mila-passeggeri-in-11-mesi\/#article\",\"isPartOf\":{\"@id\":\"https:\/\/progettotouring.it\/radiotouring104\/2025\/12\/01\/aeroporto-dello-stretto-cannizzaro-annuncia-900-mila-passeggeri-in-11-mesi\/\"},\"author\":{\"name\":\"redazione\",\"@id\":\"https:\/\/progettotouring.it\/radiotouring104\/#\/schema\/person\/1b3eb3c07c47136bc44c785c543e635f\"},\"headline\":\"Aeroporto dello Stretto, Cannizzaro annuncia: &#8220;900 mila passeggeri in 11 mesi&#8221;\",\"datePublished\":\"2025-12-01T10:32:27+00:00\",\"dateModified\":\"2025-12-01T11:20:19+00:00\",\"mainEntityOfPage\":{\"@id\":\"https:\/\/progettotouring.it\/radiotouring104\/2025\/12\/01\/aeroporto-dello-stretto-cannizzaro-annuncia-900-mila-passeggeri-in-11-mesi\/\"},\"wordCount\":362,\"publisher\":{\"@id\":\"https:\/\/progettotouring.it\/radiotouring104\/#organization\"},\"image\":{\"@id\":\"https:\/\/progettotouring.it\/radiotouring104\/2025\/12\/01\/aeroporto-dello-stretto-cannizzaro-annuncia-900-mila-passeggeri-in-11-mesi\/#primaryimage\"},\"thumbnailUrl\":\"https:\/\/progettotouring.it\/radiotouring104\/wp-content\/uploads\/sites\/6\/2022\/03\/Aeroporto.jpg\",\"keywords\":[\"900 mila passeggeri in 11 mesi\",\"Aeroporto dello Stretto\",\"annuncio\",\"On. Francesco Cannizzaro\",\"record\",\"soddisfazione\"],\"articleSection\":[\"Home\",\"In primo piano\",\"News\",\"Reggio Calabria\"],\"inLanguage\":\"it-IT\"},{\"@type\":\"WebPage\",\"@id\":\"https:\/\/progettotouring.it\/radiotouring104\/2025\/12\/01\/aeroporto-dello-stretto-cannizzaro-annuncia-900-mila-passeggeri-in-11-mesi\/\",\"url\":\"https:\/\/progettotouring.it\/radiotouring104\/2025\/12\/01\/aeroporto-dello-stretto-cannizzaro-annuncia-900-mila-passeggeri-in-11-mesi\/\",\"name\":\"Aeroporto Stretto, Cannizzaro: \\\"900 mila passeggeri in 11 mesi\\\"\",\"isPartOf\":{\"@id\":\"https:\/\/progettotouring.it\/radiotouring104\/#website\"},\"primaryImageOfPage\":{\"@id\":\"https:\/\/progettotouring.it\/radiotouring104\/2025\/12\/01\/aeroporto-dello-stretto-cannizzaro-annuncia-900-mila-passeggeri-in-11-mesi\/#primaryimage\"},\"image\":{\"@id\":\"https:\/\/progettotouring.it\/radiotouring104\/2025\/12\/01\/aeroporto-dello-stretto-cannizzaro-annuncia-900-mila-passeggeri-in-11-mesi\/#primaryimage\"},\"thumbnailUrl\":\"https:\/\/progettotouring.it\/radiotouring104\/wp-content\/uploads\/sites\/6\/2022\/03\/Aeroporto.jpg\",\"datePublished\":\"2025-12-01T10:32:27+00:00\",\"dateModified\":\"2025-12-01T11:20:19+00:00\",\"description\":\"Un record incredibile, se rapportato al destino a cui stava per andare incontro questo scalo\\\", dichiara il deputato reggino\",\"breadcrumb\":{\"@id\":\"https:\/\/progettotouring.it\/radiotouring104\/2025\/12\/01\/aeroporto-dello-stretto-cannizzaro-annuncia-900-mila-passeggeri-in-11-mesi\/#breadcrumb\"},\"inLanguage\":\"it-IT\",\"potentialAction\":[{\"@type\":\"ReadAction\",\"target\":[\"https:\/\/progettotouring.it\/radiotouring104\/2025\/12\/01\/aeroporto-dello-stretto-cannizzaro-annuncia-900-mila-passeggeri-in-11-mesi\/\"]}]},{\"@type\":\"ImageObject\",\"inLanguage\":\"it-IT\",\"@id\":\"https:\/\/progettotouring.it\/radiotouring104\/2025\/12\/01\/aeroporto-dello-stretto-cannizzaro-annuncia-900-mila-passeggeri-in-11-mesi\/#primaryimage\",\"url\":\"https:\/\/progettotouring.it\/radiotouring104\/wp-content\/uploads\/sites\/6\/2022\/03\/Aeroporto.jpg\",\"contentUrl\":\"https:\/\/progettotouring.it\/radiotouring104\/wp-content\/uploads\/sites\/6\/2022\/03\/Aeroporto.jpg\",\"width\":1920,\"height\":1080,\"caption\":\"aeroporto reggio calabria tito minniti\"},{\"@type\":\"BreadcrumbList\",\"@id\":\"https:\/\/progettotouring.it\/radiotouring104\/2025\/12\/01\/aeroporto-dello-stretto-cannizzaro-annuncia-900-mila-passeggeri-in-11-mesi\/#breadcrumb\",\"itemListElement\":[{\"@type\":\"ListItem\",\"position\":1,\"name\":\"Home\",\"item\":\"https:\/\/progettotouring.it\/radiotouring104\/\"},{\"@type\":\"ListItem\",\"position\":2,\"name\":\"Aeroporto dello Stretto, Cannizzaro annuncia: &#8220;900 mila passeggeri in 11 mesi&#8221;\"}]},{\"@type\":\"WebSite\",\"@id\":\"https:\/\/progettotouring.it\/radiotouring104\/#website\",\"url\":\"https:\/\/progettotouring.it\/radiotouring104\/\",\"name\":\"Radio Touring 104\",\"description\":\"La prima radio Reggina\",\"publisher\":{\"@id\":\"https:\/\/progettotouring.it\/radiotouring104\/#organization\"},\"potentialAction\":[{\"@type\":\"SearchAction\",\"target\":{\"@type\":\"EntryPoint\",\"urlTemplate\":\"https:\/\/progettotouring.it\/radiotouring104\/?s={search_term_string}\"},\"query-input\":{\"@type\":\"PropertyValueSpecification\",\"valueRequired\":true,\"valueName\":\"search_term_string\"}}],\"inLanguage\":\"it-IT\"},{\"@type\":\"Organization\",\"@id\":\"https:\/\/progettotouring.it\/radiotouring104\/#organization\",\"name\":\"Radio Touring 104\",\"url\":\"https:\/\/progettotouring.it\/radiotouring104\/\",\"logo\":{\"@type\":\"ImageObject\",\"inLanguage\":\"it-IT\",\"@id\":\"https:\/\/progettotouring.it\/radiotouring104\/#\/schema\/logo\/image\/\",\"url\":\"https:\/\/progettotouring.it\/radiotouring104\/wp-content\/uploads\/sites\/6\/2022\/02\/cropped-logo-radio-touring-104.png\",\"contentUrl\":\"https:\/\/progettotouring.it\/radiotouring104\/wp-content\/uploads\/sites\/6\/2022\/02\/cropped-logo-radio-touring-104.png\",\"width\":377,\"height\":182,\"caption\":\"Radio Touring 104\"},\"image\":{\"@id\":\"https:\/\/progettotouring.it\/radiotouring104\/#\/schema\/logo\/image\/\"}},{\"@type\":\"Person\",\"@id\":\"https:\/\/progettotouring.it\/radiotouring104\/#\/schema\/person\/1b3eb3c07c47136bc44c785c543e635f\",\"name\":\"redazione\",\"image\":{\"@type\":\"ImageObject\",\"inLanguage\":\"it-IT\",\"@id\":\"https:\/\/secure.gravatar.com\/avatar\/0b31605b49f100769e8b624b3e05de1b73e1692e9568a352f60f53fd072e6e11?s=96&d=mm&r=g\",\"url\":\"https:\/\/secure.gravatar.com\/avatar\/0b31605b49f100769e8b624b3e05de1b73e1692e9568a352f60f53fd072e6e11?s=96&d=mm&r=g\",\"contentUrl\":\"https:\/\/secure.gravatar.com\/avatar\/0b31605b49f100769e8b624b3e05de1b73e1692e9568a352f60f53fd072e6e11?s=96&d=mm&r=g\",\"caption\":\"redazione\"},\"url\":\"https:\/\/progettotouring.it\/radiotouring104\/author\/redazione\/\"}]}<\/script>\n<!-- \/ Yoast SEO plugin. -->","yoast_head_json":{"title":"Aeroporto Stretto, Cannizzaro: \"900 mila passeggeri in 11 mesi\"","description":"Un record incredibile, se rapportato al destino a cui stava per andare incontro questo scalo\", dichiara il deputato reggino","robots":{"index":"index","follow":"follow","max-snippet":"max-snippet:-1","max-image-preview":"max-image-preview:large","max-video-preview":"max-video-preview:-1"},"canonical":"https:\/\/progettotouring.it\/radiotouring104\/2025\/12\/01\/aeroporto-dello-stretto-cannizzaro-annuncia-900-mila-passeggeri-in-11-mesi\/","og_locale":"it_IT","og_type":"article","og_title":"Aeroporto Stretto, Cannizzaro: \"900 mila passeggeri in 11 mesi\"","og_description":"Un record incredibile, se rapportato al destino a cui stava per andare incontro questo scalo\", dichiara il deputato reggino","og_url":"https:\/\/progettotouring.it\/radiotouring104\/2025\/12\/01\/aeroporto-dello-stretto-cannizzaro-annuncia-900-mila-passeggeri-in-11-mesi\/","og_site_name":"Radio Touring 104","article_published_time":"2025-12-01T10:32:27+00:00","article_modified_time":"2025-12-01T11:20:19+00:00","og_image":[{"width":1920,"height":1080,"url":"https:\/\/progettotouring.it\/radiotouring104\/wp-content\/uploads\/sites\/6\/2022\/03\/Aeroporto.jpg","type":"image\/jpeg"}],"author":"redazione","twitter_card":"summary_large_image","twitter_misc":{"Scritto da":"redazione","Tempo di lettura stimato":"2 minuti"},"schema":{"@context":"https:\/\/schema.org","@graph":[{"@type":"Article","@id":"https:\/\/progettotouring.it\/radiotouring104\/2025\/12\/01\/aeroporto-dello-stretto-cannizzaro-annuncia-900-mila-passeggeri-in-11-mesi\/#article","isPartOf":{"@id":"https:\/\/progettotouring.it\/radiotouring104\/2025\/12\/01\/aeroporto-dello-stretto-cannizzaro-annuncia-900-mila-passeggeri-in-11-mesi\/"},"author":{"name":"redazione","@id":"https:\/\/progettotouring.it\/radiotouring104\/#\/schema\/person\/1b3eb3c07c47136bc44c785c543e635f"},"headline":"Aeroporto dello Stretto, Cannizzaro annuncia: &#8220;900 mila passeggeri in 11 mesi&#8221;","datePublished":"2025-12-01T10:32:27+00:00","dateModified":"2025-12-01T11:20:19+00:00","mainEntityOfPage":{"@id":"https:\/\/progettotouring.it\/radiotouring104\/2025\/12\/01\/aeroporto-dello-stretto-cannizzaro-annuncia-900-mila-passeggeri-in-11-mesi\/"},"wordCount":362,"publisher":{"@id":"https:\/\/progettotouring.it\/radiotouring104\/#organization"},"image":{"@id":"https:\/\/progettotouring.it\/radiotouring104\/2025\/12\/01\/aeroporto-dello-stretto-cannizzaro-annuncia-900-mila-passeggeri-in-11-mesi\/#primaryimage"},"thumbnailUrl":"https:\/\/progettotouring.it\/radiotouring104\/wp-content\/uploads\/sites\/6\/2022\/03\/Aeroporto.jpg","keywords":["900 mila passeggeri in 11 mesi","Aeroporto dello Stretto","annuncio","On. Francesco Cannizzaro","record","soddisfazione"],"articleSection":["Home","In primo piano","News","Reggio Calabria"],"inLanguage":"it-IT"},{"@type":"WebPage","@id":"https:\/\/progettotouring.it\/radiotouring104\/2025\/12\/01\/aeroporto-dello-stretto-cannizzaro-annuncia-900-mila-passeggeri-in-11-mesi\/","url":"https:\/\/progettotouring.it\/radiotouring104\/2025\/12\/01\/aeroporto-dello-stretto-cannizzaro-annuncia-900-mila-passeggeri-in-11-mesi\/","name":"Aeroporto Stretto, Cannizzaro: \"900 mila passeggeri in 11 mesi\"","isPartOf":{"@id":"https:\/\/progettotouring.it\/radiotouring104\/#website"},"primaryImageOfPage":{"@id":"https:\/\/progettotouring.it\/radiotouring104\/2025\/12\/01\/aeroporto-dello-stretto-cannizzaro-annuncia-900-mila-passeggeri-in-11-mesi\/#primaryimage"},"image":{"@id":"https:\/\/progettotouring.it\/radiotouring104\/2025\/12\/01\/aeroporto-dello-stretto-cannizzaro-annuncia-900-mila-passeggeri-in-11-mesi\/#primaryimage"},"thumbnailUrl":"https:\/\/progettotouring.it\/radiotouring104\/wp-content\/uploads\/sites\/6\/2022\/03\/Aeroporto.jpg","datePublished":"2025-12-01T10:32:27+00:00","dateModified":"2025-12-01T11:20:19+00:00","description":"Un record incredibile, se rapportato al destino a cui stava per andare incontro questo scalo\", dichiara il deputato reggino","breadcrumb":{"@id":"https:\/\/progettotouring.it\/radiotouring104\/2025\/12\/01\/aeroporto-dello-stretto-cannizzaro-annuncia-900-mila-passeggeri-in-11-mesi\/#breadcrumb"},"inLanguage":"it-IT","potentialAction":[{"@type":"ReadAction","target":["https:\/\/progettotouring.it\/radiotouring104\/2025\/12\/01\/aeroporto-dello-stretto-cannizzaro-annuncia-900-mila-passeggeri-in-11-mesi\/"]}]},{"@type":"ImageObject","inLanguage":"it-IT","@id":"https:\/\/progettotouring.it\/radiotouring104\/2025\/12\/01\/aeroporto-dello-stretto-cannizzaro-annuncia-900-mila-passeggeri-in-11-mesi\/#primaryimage","url":"https:\/\/progettotouring.it\/radiotouring104\/wp-content\/uploads\/sites\/6\/2022\/03\/Aeroporto.jpg","contentUrl":"https:\/\/progettotouring.it\/radiotouring104\/wp-content\/uploads\/sites\/6\/2022\/03\/Aeroporto.jpg","width":1920,"height":1080,"caption":"aeroporto reggio calabria tito minniti"},{"@type":"BreadcrumbList","@id":"https:\/\/progettotouring.it\/radiotouring104\/2025\/12\/01\/aeroporto-dello-stretto-cannizzaro-annuncia-900-mila-passeggeri-in-11-mesi\/#breadcrumb","itemListElement":[{"@type":"ListItem","position":1,"name":"Home","item":"https:\/\/progettotouring.it\/radiotouring104\/"},{"@type":"ListItem","position":2,"name":"Aeroporto dello Stretto, Cannizzaro annuncia: &#8220;900 mila passeggeri in 11 mesi&#8221;"}]},{"@type":"WebSite","@id":"https:\/\/progettotouring.it\/radiotouring104\/#website","url":"https:\/\/progettotouring.it\/radiotouring104\/","name":"Radio Touring 104","description":"La prima radio Reggina","publisher":{"@id":"https:\/\/progettotouring.it\/radiotouring104\/#organization"},"potentialAction":[{"@type":"SearchAction","target":{"@type":"EntryPoint","urlTemplate":"https:\/\/progettotouring.it\/radiotouring104\/?s={search_term_string}"},"query-input":{"@type":"PropertyValueSpecification","valueRequired":true,"valueName":"search_term_string"}}],"inLanguage":"it-IT"},{"@type":"Organization","@id":"https:\/\/progettotouring.it\/radiotouring104\/#organization","name":"Radio Touring 104","url":"https:\/\/progettotouring.it\/radiotouring104\/","logo":{"@type":"ImageObject","inLanguage":"it-IT","@id":"https:\/\/progettotouring.it\/radiotouring104\/#\/schema\/logo\/image\/","url":"https:\/\/progettotouring.it\/radiotouring104\/wp-content\/uploads\/sites\/6\/2022\/02\/cropped-logo-radio-touring-104.png","contentUrl":"https:\/\/progettotouring.it\/radiotouring104\/wp-content\/uploads\/sites\/6\/2022\/02\/cropped-logo-radio-touring-104.png","width":377,"height":182,"caption":"Radio Touring 104"},"image":{"@id":"https:\/\/progettotouring.it\/radiotouring104\/#\/schema\/logo\/image\/"}},{"@type":"Person","@id":"https:\/\/progettotouring.it\/radiotouring104\/#\/schema\/person\/1b3eb3c07c47136bc44c785c543e635f","name":"redazione","image":{"@type":"ImageObject","inLanguage":"it-IT","@id":"https:\/\/secure.gravatar.com\/avatar\/0b31605b49f100769e8b624b3e05de1b73e1692e9568a352f60f53fd072e6e11?s=96&d=mm&r=g","url":"https:\/\/secure.gravatar.com\/avatar\/0b31605b49f100769e8b624b3e05de1b73e1692e9568a352f60f53fd072e6e11?s=96&d=mm&r=g","contentUrl":"https:\/\/secure.gravatar.com\/avatar\/0b31605b49f100769e8b624b3e05de1b73e1692e9568a352f60f53fd072e6e11?s=96&d=mm&r=g","caption":"redazione"},"url":"https:\/\/progettotouring.it\/radiotouring104\/author\/redazione\/"}]}},"jetpack_publicize_connections":[],"jetpack_featured_media_url":"https:\/\/progettotouring.it\/radiotouring104\/wp-content\/uploads\/sites\/6\/2022\/03\/Aeroporto.jpg","jetpack_sharing_enabled":true,"_links":{"self":[{"href":"https:\/\/progettotouring.it\/radiotouring104\/wp-json\/wp\/v2\/posts\/86670","targetHints":{"allow":["GET"]}}],"collection":[{"href":"https:\/\/progettotouring.it\/radiotouring104\/wp-json\/wp\/v2\/posts"}],"about":[{"href":"https:\/\/progettotouring.it\/radiotouring104\/wp-json\/wp\/v2\/types\/post"}],"author":[{"embeddable":true,"href":"https:\/\/progettotouring.it\/radiotouring104\/wp-json\/wp\/v2\/users\/5"}],"replies":[{"embeddable":true,"href":"https:\/\/progettotouring.it\/radiotouring104\/wp-json\/wp\/v2\/comments?post=86670"}],"version-history":[{"count":1,"href":"https:\/\/progettotouring.it\/radiotouring104\/wp-json\/wp\/v2\/posts\/86670\/revisions"}],"predecessor-version":[{"id":86671,"href":"https:\/\/progettotouring.it\/radiotouring104\/wp-json\/wp\/v2\/posts\/86670\/revisions\/86671"}],"wp:featuredmedia":[{"embeddable":true,"href":"https:\/\/progettotouring.it\/radiotouring104\/wp-json\/wp\/v2\/media\/2521"}],"wp:attachment":[{"href":"https:\/\/progettotouring.it\/radiotouring104\/wp-json\/wp\/v2\/media?parent=86670"}],"wp:term":[{"taxonomy":"category","embeddable":true,"href":"https:\/\/progettotouring.it\/radiotouring104\/wp-json\/wp\/v2\/categories?post=86670"},{"taxonomy":"post_tag","embeddable":true,"href":"https:\/\/progettotouring.it\/radiotouring104\/wp-json\/wp\/v2\/tags?post=86670"}],"curies":[{"name":"wp","href":"https:\/\/api.w.org\/{rel}","templated":true}]}}