{"id":86702,"date":"2025-12-01T17:04:42","date_gmt":"2025-12-01T16:04:42","guid":{"rendered":"https:\/\/progettotouring.it\/radiotouring104\/?p=86702"},"modified":"2025-12-01T17:04:42","modified_gmt":"2025-12-01T16:04:42","slug":"reggio-calabria-maglia-nera-ditalia-falcomata-consolida-lunico-risultato-ottenuto-lultimo-posto","status":"publish","type":"post","link":"https:\/\/progettotouring.it\/radiotouring104\/2025\/12\/01\/reggio-calabria-maglia-nera-ditalia-falcomata-consolida-lunico-risultato-ottenuto-lultimo-posto\/","title":{"rendered":"\u201cReggio Calabria maglia nera d\u2019Italia: Falcomat\u00e0 consolida l\u2019unico risultato ottenuto, l\u2019ultimo posto\u201d"},"content":{"rendered":"<div class=\"h-100 d-flex flex-column container-fluid message-container no-dark-filter pe-3 detail\">\n<div class=\"row message-content\">\n<div class=\"col-12 h-100 d-flex flex-column overflow-y\">\n<div class=\"card\">\n<div class=\"card-body message-content-body pt-0 d-flex flex-column gap-4 margin-left\">\n<div class=\"message-content-body-text\">\n<div class=\"message-content-text\">\n<div class=\"xam_msg_class\">\n<div dir=\"ltr\">\n<div dir=\"ltr\">\n<div dir=\"ltr\">\n<p><em>\u00abReggio Calabria \u00e8 di nuovo fanalino di coda d\u2019Italia: una fotografia impietosa quella scattata dal\u00a0Sole 24 Ore\u00a0che certifica l\u2019ultimo (dei tanti) gravissimo fallimento amministrativo di Giuseppe Falcomat\u00e0. Ebbene, dopo dodici lunghi anni di questo malgoverno, Reggio non solo non \u00e8 stata risollevata, ma\u00a0ha consolidato il risultato peggiore possibile: l\u2019ultimo posto assoluto nelle classifiche nazionali sulla qualit\u00e0 della vita. Un record negativo che pesa come un macigno e che nessun artificio comunicativo pu\u00f2 nascondere\u00bb.<\/em><\/p>\n<p><em>\u00abUna cosa \u00e8 chiara. In questi dodici anni Falcomat\u00e0 \u00e8 almeno riuscito a mantenere con costanza un primato: l\u2019ultimo posto nelle classifiche.\u00bb <\/em>cos\u00ec Massimo Ripepi, Consigliere Comunale e Presidente della Commissione Controllo e Garanzia<em>: \u00abGli anni passano ma i dati rimangono rossi, e quelli relativi all\u2019ultima indagine del 2025 parlano chiaro: la classifica generale, basata su 90 indicatori (suddivisi in sei macro-aree: ricchezza e consumi; affari e lavoro; ambiente e servizi; demografia, salute e societ\u00e0; giustizia e sicurezza; cultura e tempo libero),\u00a0colloca la provincia di Reggio Calabria al fondo della graduatoria\u00bb.<\/em><\/p>\n<p>\u00ab<em>Non si tratta di uno scivolone temporaneo:\u00a0in ogni macro-categoria, Reggio resta tra le peggiori province italiane, con punteggio minimo o vicinissimo allo zero\u00a0in parametri fondamentali come reddito medio, lavoro, servizi pubblici, welfare e infrastrutture.\u00bb<\/em><\/p>\n<p><em> \u00abIn particolare, l\u2019indagine del Sole 24 Ore di quest\u2019anno conferma che la qualit\u00e0 della vita nelle fasce generazionali (bambini, giovani e anziani) \u00e8 tra le peggiori del Paese per la nostra provincia.\u00bb<\/em><\/p>\n<p><em>\u00abChi ha governato per dodici anni avrebbe dovuto lasciare una citt\u00e0 migliore. Invece lascia una Reggio piegata, immobile, impoverita, costretta a convivere con un primato vergognoso che si ripete anno dopo anno. L\u2019idea che bastino il \u201csole e il mare\u201d per farci dimenticare le carenze strutturali \u00e8 stata smentita dai numeri e dalla realt\u00e0 quotidiana che ogni reggino vive sulla propria pelle.\u00bb <\/em>continua Ripepi.<\/p>\n<p>\u00ab<em>Oggi pi\u00f9 che mai serve una svolta vera. Basta con l\u2019autoreferenzialit\u00e0, basta con la propaganda, basta con il racconto di una citt\u00e0 inesistente. Reggio Calabria ha bisogno di una guida nuova, competente, concreta, capace di affrontare le emergenze e di restituire dignit\u00e0 e futuro a questa comunit\u00e0 splendida ma stremata.\u00bb<\/em><\/p>\n<p><em>\u00abA tutto ci\u00f2 si aggiunge un fatto gravissimo: il sindaco Falcomat\u00e0, per meri interessi personali e di partito, ha bruciato la possibilit\u00e0 storica di chiedere opere compensative per\u00a0<u>svariati miliardi di euro<\/u>\u00a0legate alla costruzione del Ponte sullo Stretto. L\u2019unica cosa che \u00e8 riuscito a fare (incredibile ma vero) \u00e8 stato utilizzare soldi pubblici per fare ricorso contro la realizzazione dell\u2019opera del secolo, quella che potrebbe portare sviluppo gigantesco, investimenti, lavoro e una prospettiva straordinaria per il nostro territorio. Un danno politico enorme che i reggini non dimenticheranno.\u00bb<\/em><\/p>\n<p><em>\u00abDopo dodici anni di medaglie negative, una cosa \u00e8 chiara: Reggio Calabria merita molto di pi\u00f9 dell\u2019ultimo posto. Merita rispetto, visione e cambiamento.\u00bb<\/em>\u00a0conclude Massimo Ripepi.<\/p>\n<\/div>\n<\/div>\n<\/div>\n<\/div>\n<\/div>\n<\/div>\n<\/div>\n<\/div>\n<\/div>\n<\/div>\n<\/div>\n<div class=\"as-split-gutter\" role=\"separator\"><\/div>\n","protected":false},"excerpt":{"rendered":"<p>\u00abReggio Calabria \u00e8 di nuovo fanalino di coda d\u2019Italia: una fotografia impietosa quella scattata dal\u00a0Sole 24 Ore\u00a0che certifica l\u2019ultimo (dei tanti) gravissimo fallimento amministrativo di Giuseppe Falcomat\u00e0. Ebbene, dopo dodici&hellip;<\/p>\n","protected":false},"author":19,"featured_media":85399,"comment_status":"closed","ping_status":"open","sticky":false,"template":"","format":"standard","meta":{"_jetpack_memberships_contains_paid_content":false,"footnotes":"","jetpack_publicize_message":"","jetpack_publicize_feature_enabled":true,"jetpack_social_post_already_shared":true,"jetpack_social_options":{"image_generator_settings":{"template":"highway","default_image_id":0,"font":"","enabled":false},"version":2}},"categories":[921,196,195,140],"tags":[],"class_list":["post-86702","post","type-post","status-publish","format-standard","has-post-thumbnail","hentry","category-home","category-news","category-politica","category-reggio-calabria"],"yoast_head":"<!-- This site is optimized with the Yoast SEO plugin v27.2 - https:\/\/yoast.com\/product\/yoast-seo-wordpress\/ -->\n<title>\u201cReggio Calabria maglia nera d\u2019Italia: Falcomat\u00e0 consolida l\u2019unico risultato ottenuto, l\u2019ultimo posto\u201d - Radio Touring 104<\/title>\n<meta name=\"description\" content=\"Il Consigliere Ripepi commenta l&#039;indagine del Sole 24 Ore\" \/>\n<meta name=\"robots\" content=\"index, follow, max-snippet:-1, max-image-preview:large, max-video-preview:-1\" \/>\n<link rel=\"canonical\" href=\"https:\/\/progettotouring.it\/radiotouring104\/2025\/12\/01\/reggio-calabria-maglia-nera-ditalia-falcomata-consolida-lunico-risultato-ottenuto-lultimo-posto\/\" \/>\n<meta property=\"og:locale\" content=\"it_IT\" \/>\n<meta property=\"og:type\" content=\"article\" \/>\n<meta property=\"og:title\" content=\"\u201cReggio Calabria maglia nera d\u2019Italia: Falcomat\u00e0 consolida l\u2019unico risultato ottenuto, l\u2019ultimo posto\u201d - Radio Touring 104\" \/>\n<meta property=\"og:description\" content=\"Il Consigliere Ripepi commenta l&#039;indagine del Sole 24 Ore\" \/>\n<meta property=\"og:url\" content=\"https:\/\/progettotouring.it\/radiotouring104\/2025\/12\/01\/reggio-calabria-maglia-nera-ditalia-falcomata-consolida-lunico-risultato-ottenuto-lultimo-posto\/\" \/>\n<meta property=\"og:site_name\" content=\"Radio Touring 104\" \/>\n<meta property=\"article:published_time\" content=\"2025-12-01T16:04:42+00:00\" \/>\n<meta property=\"og:image\" content=\"https:\/\/progettotouring.it\/radiotouring104\/wp-content\/uploads\/sites\/6\/2025\/11\/IMMAGINI-X-SITO-2025-11-05T234028.439.jpg\" \/>\n\t<meta property=\"og:image:width\" content=\"2000\" \/>\n\t<meta property=\"og:image:height\" content=\"1545\" \/>\n\t<meta property=\"og:image:type\" content=\"image\/jpeg\" \/>\n<meta name=\"author\" content=\"S L\" \/>\n<meta name=\"twitter:card\" content=\"summary_large_image\" \/>\n<meta name=\"twitter:label1\" content=\"Scritto da\" \/>\n\t<meta name=\"twitter:data1\" content=\"S L\" \/>\n\t<meta name=\"twitter:label2\" content=\"Tempo di lettura stimato\" \/>\n\t<meta name=\"twitter:data2\" content=\"2 minuti\" \/>\n<script type=\"application\/ld+json\" class=\"yoast-schema-graph\">{\"@context\":\"https:\/\/schema.org\",\"@graph\":[{\"@type\":\"Article\",\"@id\":\"https:\/\/progettotouring.it\/radiotouring104\/2025\/12\/01\/reggio-calabria-maglia-nera-ditalia-falcomata-consolida-lunico-risultato-ottenuto-lultimo-posto\/#article\",\"isPartOf\":{\"@id\":\"https:\/\/progettotouring.it\/radiotouring104\/2025\/12\/01\/reggio-calabria-maglia-nera-ditalia-falcomata-consolida-lunico-risultato-ottenuto-lultimo-posto\/\"},\"author\":{\"name\":\"S L\",\"@id\":\"https:\/\/progettotouring.it\/radiotouring104\/#\/schema\/person\/b9f9c3730b0a78814c9b9f3bfc52c619\"},\"headline\":\"\u201cReggio Calabria maglia nera d\u2019Italia: Falcomat\u00e0 consolida l\u2019unico risultato ottenuto, l\u2019ultimo posto\u201d\",\"datePublished\":\"2025-12-01T16:04:42+00:00\",\"mainEntityOfPage\":{\"@id\":\"https:\/\/progettotouring.it\/radiotouring104\/2025\/12\/01\/reggio-calabria-maglia-nera-ditalia-falcomata-consolida-lunico-risultato-ottenuto-lultimo-posto\/\"},\"wordCount\":478,\"publisher\":{\"@id\":\"https:\/\/progettotouring.it\/radiotouring104\/#organization\"},\"image\":{\"@id\":\"https:\/\/progettotouring.it\/radiotouring104\/2025\/12\/01\/reggio-calabria-maglia-nera-ditalia-falcomata-consolida-lunico-risultato-ottenuto-lultimo-posto\/#primaryimage\"},\"thumbnailUrl\":\"https:\/\/progettotouring.it\/radiotouring104\/wp-content\/uploads\/sites\/6\/2025\/11\/IMMAGINI-X-SITO-2025-11-05T234028.439.jpg\",\"articleSection\":[\"Home\",\"News\",\"Politica\",\"Reggio Calabria\"],\"inLanguage\":\"it-IT\"},{\"@type\":\"WebPage\",\"@id\":\"https:\/\/progettotouring.it\/radiotouring104\/2025\/12\/01\/reggio-calabria-maglia-nera-ditalia-falcomata-consolida-lunico-risultato-ottenuto-lultimo-posto\/\",\"url\":\"https:\/\/progettotouring.it\/radiotouring104\/2025\/12\/01\/reggio-calabria-maglia-nera-ditalia-falcomata-consolida-lunico-risultato-ottenuto-lultimo-posto\/\",\"name\":\"\u201cReggio Calabria maglia nera d\u2019Italia: Falcomat\u00e0 consolida l\u2019unico risultato ottenuto, l\u2019ultimo posto\u201d - Radio Touring 104\",\"isPartOf\":{\"@id\":\"https:\/\/progettotouring.it\/radiotouring104\/#website\"},\"primaryImageOfPage\":{\"@id\":\"https:\/\/progettotouring.it\/radiotouring104\/2025\/12\/01\/reggio-calabria-maglia-nera-ditalia-falcomata-consolida-lunico-risultato-ottenuto-lultimo-posto\/#primaryimage\"},\"image\":{\"@id\":\"https:\/\/progettotouring.it\/radiotouring104\/2025\/12\/01\/reggio-calabria-maglia-nera-ditalia-falcomata-consolida-lunico-risultato-ottenuto-lultimo-posto\/#primaryimage\"},\"thumbnailUrl\":\"https:\/\/progettotouring.it\/radiotouring104\/wp-content\/uploads\/sites\/6\/2025\/11\/IMMAGINI-X-SITO-2025-11-05T234028.439.jpg\",\"datePublished\":\"2025-12-01T16:04:42+00:00\",\"description\":\"Il Consigliere Ripepi commenta l'indagine del Sole 24 Ore\",\"breadcrumb\":{\"@id\":\"https:\/\/progettotouring.it\/radiotouring104\/2025\/12\/01\/reggio-calabria-maglia-nera-ditalia-falcomata-consolida-lunico-risultato-ottenuto-lultimo-posto\/#breadcrumb\"},\"inLanguage\":\"it-IT\",\"potentialAction\":[{\"@type\":\"ReadAction\",\"target\":[\"https:\/\/progettotouring.it\/radiotouring104\/2025\/12\/01\/reggio-calabria-maglia-nera-ditalia-falcomata-consolida-lunico-risultato-ottenuto-lultimo-posto\/\"]}]},{\"@type\":\"ImageObject\",\"inLanguage\":\"it-IT\",\"@id\":\"https:\/\/progettotouring.it\/radiotouring104\/2025\/12\/01\/reggio-calabria-maglia-nera-ditalia-falcomata-consolida-lunico-risultato-ottenuto-lultimo-posto\/#primaryimage\",\"url\":\"https:\/\/progettotouring.it\/radiotouring104\/wp-content\/uploads\/sites\/6\/2025\/11\/IMMAGINI-X-SITO-2025-11-05T234028.439.jpg\",\"contentUrl\":\"https:\/\/progettotouring.it\/radiotouring104\/wp-content\/uploads\/sites\/6\/2025\/11\/IMMAGINI-X-SITO-2025-11-05T234028.439.jpg\",\"width\":2000,\"height\":1545},{\"@type\":\"BreadcrumbList\",\"@id\":\"https:\/\/progettotouring.it\/radiotouring104\/2025\/12\/01\/reggio-calabria-maglia-nera-ditalia-falcomata-consolida-lunico-risultato-ottenuto-lultimo-posto\/#breadcrumb\",\"itemListElement\":[{\"@type\":\"ListItem\",\"position\":1,\"name\":\"Home\",\"item\":\"https:\/\/progettotouring.it\/radiotouring104\/\"},{\"@type\":\"ListItem\",\"position\":2,\"name\":\"\u201cReggio Calabria maglia nera d\u2019Italia: Falcomat\u00e0 consolida l\u2019unico risultato ottenuto, l\u2019ultimo posto\u201d\"}]},{\"@type\":\"WebSite\",\"@id\":\"https:\/\/progettotouring.it\/radiotouring104\/#website\",\"url\":\"https:\/\/progettotouring.it\/radiotouring104\/\",\"name\":\"Radio Touring 104\",\"description\":\"La prima radio Reggina\",\"publisher\":{\"@id\":\"https:\/\/progettotouring.it\/radiotouring104\/#organization\"},\"potentialAction\":[{\"@type\":\"SearchAction\",\"target\":{\"@type\":\"EntryPoint\",\"urlTemplate\":\"https:\/\/progettotouring.it\/radiotouring104\/?s={search_term_string}\"},\"query-input\":{\"@type\":\"PropertyValueSpecification\",\"valueRequired\":true,\"valueName\":\"search_term_string\"}}],\"inLanguage\":\"it-IT\"},{\"@type\":\"Organization\",\"@id\":\"https:\/\/progettotouring.it\/radiotouring104\/#organization\",\"name\":\"Radio Touring 104\",\"url\":\"https:\/\/progettotouring.it\/radiotouring104\/\",\"logo\":{\"@type\":\"ImageObject\",\"inLanguage\":\"it-IT\",\"@id\":\"https:\/\/progettotouring.it\/radiotouring104\/#\/schema\/logo\/image\/\",\"url\":\"https:\/\/progettotouring.it\/radiotouring104\/wp-content\/uploads\/sites\/6\/2022\/02\/cropped-logo-radio-touring-104.png\",\"contentUrl\":\"https:\/\/progettotouring.it\/radiotouring104\/wp-content\/uploads\/sites\/6\/2022\/02\/cropped-logo-radio-touring-104.png\",\"width\":377,\"height\":182,\"caption\":\"Radio Touring 104\"},\"image\":{\"@id\":\"https:\/\/progettotouring.it\/radiotouring104\/#\/schema\/logo\/image\/\"}},{\"@type\":\"Person\",\"@id\":\"https:\/\/progettotouring.it\/radiotouring104\/#\/schema\/person\/b9f9c3730b0a78814c9b9f3bfc52c619\",\"name\":\"S L\",\"image\":{\"@type\":\"ImageObject\",\"inLanguage\":\"it-IT\",\"@id\":\"https:\/\/secure.gravatar.com\/avatar\/652c51789d7030aaed9ff828331360502a68204fe6fb0831bc280515210e16d2?s=96&d=mm&r=g\",\"url\":\"https:\/\/secure.gravatar.com\/avatar\/652c51789d7030aaed9ff828331360502a68204fe6fb0831bc280515210e16d2?s=96&d=mm&r=g\",\"contentUrl\":\"https:\/\/secure.gravatar.com\/avatar\/652c51789d7030aaed9ff828331360502a68204fe6fb0831bc280515210e16d2?s=96&d=mm&r=g\",\"caption\":\"S L\"},\"url\":\"https:\/\/progettotouring.it\/radiotouring104\/author\/slibri\/\"}]}<\/script>\n<!-- \/ Yoast SEO plugin. -->","yoast_head_json":{"title":"\u201cReggio Calabria maglia nera d\u2019Italia: Falcomat\u00e0 consolida l\u2019unico risultato ottenuto, l\u2019ultimo posto\u201d - Radio Touring 104","description":"Il Consigliere Ripepi commenta l'indagine del Sole 24 Ore","robots":{"index":"index","follow":"follow","max-snippet":"max-snippet:-1","max-image-preview":"max-image-preview:large","max-video-preview":"max-video-preview:-1"},"canonical":"https:\/\/progettotouring.it\/radiotouring104\/2025\/12\/01\/reggio-calabria-maglia-nera-ditalia-falcomata-consolida-lunico-risultato-ottenuto-lultimo-posto\/","og_locale":"it_IT","og_type":"article","og_title":"\u201cReggio Calabria maglia nera d\u2019Italia: Falcomat\u00e0 consolida l\u2019unico risultato ottenuto, l\u2019ultimo posto\u201d - Radio Touring 104","og_description":"Il Consigliere Ripepi commenta l'indagine del Sole 24 Ore","og_url":"https:\/\/progettotouring.it\/radiotouring104\/2025\/12\/01\/reggio-calabria-maglia-nera-ditalia-falcomata-consolida-lunico-risultato-ottenuto-lultimo-posto\/","og_site_name":"Radio Touring 104","article_published_time":"2025-12-01T16:04:42+00:00","og_image":[{"width":2000,"height":1545,"url":"https:\/\/progettotouring.it\/radiotouring104\/wp-content\/uploads\/sites\/6\/2025\/11\/IMMAGINI-X-SITO-2025-11-05T234028.439.jpg","type":"image\/jpeg"}],"author":"S L","twitter_card":"summary_large_image","twitter_misc":{"Scritto da":"S L","Tempo di lettura stimato":"2 minuti"},"schema":{"@context":"https:\/\/schema.org","@graph":[{"@type":"Article","@id":"https:\/\/progettotouring.it\/radiotouring104\/2025\/12\/01\/reggio-calabria-maglia-nera-ditalia-falcomata-consolida-lunico-risultato-ottenuto-lultimo-posto\/#article","isPartOf":{"@id":"https:\/\/progettotouring.it\/radiotouring104\/2025\/12\/01\/reggio-calabria-maglia-nera-ditalia-falcomata-consolida-lunico-risultato-ottenuto-lultimo-posto\/"},"author":{"name":"S L","@id":"https:\/\/progettotouring.it\/radiotouring104\/#\/schema\/person\/b9f9c3730b0a78814c9b9f3bfc52c619"},"headline":"\u201cReggio Calabria maglia nera d\u2019Italia: Falcomat\u00e0 consolida l\u2019unico risultato ottenuto, l\u2019ultimo posto\u201d","datePublished":"2025-12-01T16:04:42+00:00","mainEntityOfPage":{"@id":"https:\/\/progettotouring.it\/radiotouring104\/2025\/12\/01\/reggio-calabria-maglia-nera-ditalia-falcomata-consolida-lunico-risultato-ottenuto-lultimo-posto\/"},"wordCount":478,"publisher":{"@id":"https:\/\/progettotouring.it\/radiotouring104\/#organization"},"image":{"@id":"https:\/\/progettotouring.it\/radiotouring104\/2025\/12\/01\/reggio-calabria-maglia-nera-ditalia-falcomata-consolida-lunico-risultato-ottenuto-lultimo-posto\/#primaryimage"},"thumbnailUrl":"https:\/\/progettotouring.it\/radiotouring104\/wp-content\/uploads\/sites\/6\/2025\/11\/IMMAGINI-X-SITO-2025-11-05T234028.439.jpg","articleSection":["Home","News","Politica","Reggio Calabria"],"inLanguage":"it-IT"},{"@type":"WebPage","@id":"https:\/\/progettotouring.it\/radiotouring104\/2025\/12\/01\/reggio-calabria-maglia-nera-ditalia-falcomata-consolida-lunico-risultato-ottenuto-lultimo-posto\/","url":"https:\/\/progettotouring.it\/radiotouring104\/2025\/12\/01\/reggio-calabria-maglia-nera-ditalia-falcomata-consolida-lunico-risultato-ottenuto-lultimo-posto\/","name":"\u201cReggio Calabria maglia nera d\u2019Italia: Falcomat\u00e0 consolida l\u2019unico risultato ottenuto, l\u2019ultimo posto\u201d - Radio Touring 104","isPartOf":{"@id":"https:\/\/progettotouring.it\/radiotouring104\/#website"},"primaryImageOfPage":{"@id":"https:\/\/progettotouring.it\/radiotouring104\/2025\/12\/01\/reggio-calabria-maglia-nera-ditalia-falcomata-consolida-lunico-risultato-ottenuto-lultimo-posto\/#primaryimage"},"image":{"@id":"https:\/\/progettotouring.it\/radiotouring104\/2025\/12\/01\/reggio-calabria-maglia-nera-ditalia-falcomata-consolida-lunico-risultato-ottenuto-lultimo-posto\/#primaryimage"},"thumbnailUrl":"https:\/\/progettotouring.it\/radiotouring104\/wp-content\/uploads\/sites\/6\/2025\/11\/IMMAGINI-X-SITO-2025-11-05T234028.439.jpg","datePublished":"2025-12-01T16:04:42+00:00","description":"Il Consigliere Ripepi commenta l'indagine del Sole 24 Ore","breadcrumb":{"@id":"https:\/\/progettotouring.it\/radiotouring104\/2025\/12\/01\/reggio-calabria-maglia-nera-ditalia-falcomata-consolida-lunico-risultato-ottenuto-lultimo-posto\/#breadcrumb"},"inLanguage":"it-IT","potentialAction":[{"@type":"ReadAction","target":["https:\/\/progettotouring.it\/radiotouring104\/2025\/12\/01\/reggio-calabria-maglia-nera-ditalia-falcomata-consolida-lunico-risultato-ottenuto-lultimo-posto\/"]}]},{"@type":"ImageObject","inLanguage":"it-IT","@id":"https:\/\/progettotouring.it\/radiotouring104\/2025\/12\/01\/reggio-calabria-maglia-nera-ditalia-falcomata-consolida-lunico-risultato-ottenuto-lultimo-posto\/#primaryimage","url":"https:\/\/progettotouring.it\/radiotouring104\/wp-content\/uploads\/sites\/6\/2025\/11\/IMMAGINI-X-SITO-2025-11-05T234028.439.jpg","contentUrl":"https:\/\/progettotouring.it\/radiotouring104\/wp-content\/uploads\/sites\/6\/2025\/11\/IMMAGINI-X-SITO-2025-11-05T234028.439.jpg","width":2000,"height":1545},{"@type":"BreadcrumbList","@id":"https:\/\/progettotouring.it\/radiotouring104\/2025\/12\/01\/reggio-calabria-maglia-nera-ditalia-falcomata-consolida-lunico-risultato-ottenuto-lultimo-posto\/#breadcrumb","itemListElement":[{"@type":"ListItem","position":1,"name":"Home","item":"https:\/\/progettotouring.it\/radiotouring104\/"},{"@type":"ListItem","position":2,"name":"\u201cReggio Calabria maglia nera d\u2019Italia: Falcomat\u00e0 consolida l\u2019unico risultato ottenuto, l\u2019ultimo posto\u201d"}]},{"@type":"WebSite","@id":"https:\/\/progettotouring.it\/radiotouring104\/#website","url":"https:\/\/progettotouring.it\/radiotouring104\/","name":"Radio Touring 104","description":"La prima radio Reggina","publisher":{"@id":"https:\/\/progettotouring.it\/radiotouring104\/#organization"},"potentialAction":[{"@type":"SearchAction","target":{"@type":"EntryPoint","urlTemplate":"https:\/\/progettotouring.it\/radiotouring104\/?s={search_term_string}"},"query-input":{"@type":"PropertyValueSpecification","valueRequired":true,"valueName":"search_term_string"}}],"inLanguage":"it-IT"},{"@type":"Organization","@id":"https:\/\/progettotouring.it\/radiotouring104\/#organization","name":"Radio Touring 104","url":"https:\/\/progettotouring.it\/radiotouring104\/","logo":{"@type":"ImageObject","inLanguage":"it-IT","@id":"https:\/\/progettotouring.it\/radiotouring104\/#\/schema\/logo\/image\/","url":"https:\/\/progettotouring.it\/radiotouring104\/wp-content\/uploads\/sites\/6\/2022\/02\/cropped-logo-radio-touring-104.png","contentUrl":"https:\/\/progettotouring.it\/radiotouring104\/wp-content\/uploads\/sites\/6\/2022\/02\/cropped-logo-radio-touring-104.png","width":377,"height":182,"caption":"Radio Touring 104"},"image":{"@id":"https:\/\/progettotouring.it\/radiotouring104\/#\/schema\/logo\/image\/"}},{"@type":"Person","@id":"https:\/\/progettotouring.it\/radiotouring104\/#\/schema\/person\/b9f9c3730b0a78814c9b9f3bfc52c619","name":"S L","image":{"@type":"ImageObject","inLanguage":"it-IT","@id":"https:\/\/secure.gravatar.com\/avatar\/652c51789d7030aaed9ff828331360502a68204fe6fb0831bc280515210e16d2?s=96&d=mm&r=g","url":"https:\/\/secure.gravatar.com\/avatar\/652c51789d7030aaed9ff828331360502a68204fe6fb0831bc280515210e16d2?s=96&d=mm&r=g","contentUrl":"https:\/\/secure.gravatar.com\/avatar\/652c51789d7030aaed9ff828331360502a68204fe6fb0831bc280515210e16d2?s=96&d=mm&r=g","caption":"S L"},"url":"https:\/\/progettotouring.it\/radiotouring104\/author\/slibri\/"}]}},"jetpack_publicize_connections":[],"jetpack_featured_media_url":"https:\/\/progettotouring.it\/radiotouring104\/wp-content\/uploads\/sites\/6\/2025\/11\/IMMAGINI-X-SITO-2025-11-05T234028.439.jpg","jetpack_sharing_enabled":true,"_links":{"self":[{"href":"https:\/\/progettotouring.it\/radiotouring104\/wp-json\/wp\/v2\/posts\/86702","targetHints":{"allow":["GET"]}}],"collection":[{"href":"https:\/\/progettotouring.it\/radiotouring104\/wp-json\/wp\/v2\/posts"}],"about":[{"href":"https:\/\/progettotouring.it\/radiotouring104\/wp-json\/wp\/v2\/types\/post"}],"author":[{"embeddable":true,"href":"https:\/\/progettotouring.it\/radiotouring104\/wp-json\/wp\/v2\/users\/19"}],"replies":[{"embeddable":true,"href":"https:\/\/progettotouring.it\/radiotouring104\/wp-json\/wp\/v2\/comments?post=86702"}],"version-history":[{"count":2,"href":"https:\/\/progettotouring.it\/radiotouring104\/wp-json\/wp\/v2\/posts\/86702\/revisions"}],"predecessor-version":[{"id":86706,"href":"https:\/\/progettotouring.it\/radiotouring104\/wp-json\/wp\/v2\/posts\/86702\/revisions\/86706"}],"wp:featuredmedia":[{"embeddable":true,"href":"https:\/\/progettotouring.it\/radiotouring104\/wp-json\/wp\/v2\/media\/85399"}],"wp:attachment":[{"href":"https:\/\/progettotouring.it\/radiotouring104\/wp-json\/wp\/v2\/media?parent=86702"}],"wp:term":[{"taxonomy":"category","embeddable":true,"href":"https:\/\/progettotouring.it\/radiotouring104\/wp-json\/wp\/v2\/categories?post=86702"},{"taxonomy":"post_tag","embeddable":true,"href":"https:\/\/progettotouring.it\/radiotouring104\/wp-json\/wp\/v2\/tags?post=86702"}],"curies":[{"name":"wp","href":"https:\/\/api.w.org\/{rel}","templated":true}]}}