{"id":86731,"date":"2025-12-02T08:27:57","date_gmt":"2025-12-02T07:27:57","guid":{"rendered":"https:\/\/progettotouring.it\/radiotouring104\/?p=86731"},"modified":"2025-12-02T08:27:57","modified_gmt":"2025-12-02T07:27:57","slug":"la-viola-si-ferma-a-matera","status":"publish","type":"post","link":"https:\/\/progettotouring.it\/radiotouring104\/2025\/12\/02\/la-viola-si-ferma-a-matera\/","title":{"rendered":"La Viola si ferma a Matera"},"content":{"rendered":"<p>&nbsp;<\/p>\n<p>Parlare di fortuna in un match di qualsiasi disciplina sportiva \u00e8 spesso la scusa dei perdenti ma se nei possessi decisivi una squadra ti batte perch\u00e9 segna tre canestri consecutivi da tre punti di tabellone (senza avere sul parquet Tim Duncan) o con la palla che balla sul ferro, ci pu\u00f2 stare che te la prendi con la dea bendata.<br \/>\nE\u2019 chiaro che ci sono anche delle componenti tecniche nello spiegare la sconfitta di domenica della REDEL a Matera.<br \/>\nI Neroarancio non hanno trovato quel ritmo offensivo avuto nelle due gare con Corato e Ragusa.<br \/>\nI numeri parlano chiaro: solo tre uomini in doppia cifra, 30 punti realizzati nel primo tempo.<br \/>\nOltre questo, una difesa rivedibile sugli esterni con il play Valle che ha fatto la voce grossa creando spesso situazioni favorevoli ai lucani.<br \/>\nEppure c\u2019era la possibilit\u00e0 di andare ai supplementari; coach Cadeo costruisce un tiro perfetto nell\u2019ultimo possesso per Laquintana ma il tiro piazzato senza marcature viene sputato dal ferro.<br \/>\nLa Viola ha comunque giocato alla pari contro una delle formazioni pi\u00f9 forti del girone dimostrando di essere una squadra di alto livello.<br \/>\nE\u2019 comunque una battuta d\u2019arresto che pesa perch\u00e9 frena la rimonta della formazione dello stretto in classifica con il Matera che si stacca di quattro punti.<br \/>\nSiamo ancora a met\u00e0 del girone d\u2019andata; il tempo per recuperare c\u2019\u00e8 ma non si dovr\u00e0 sbagliare praticamente nulla in questi mesi di dicembre che comincer\u00e0 con il derby dello stretto in programma domenica al Palacalafiore.<\/p>\n","protected":false},"excerpt":{"rendered":"<p>&nbsp; Parlare di fortuna in un match di qualsiasi disciplina sportiva \u00e8 spesso la scusa dei perdenti ma se nei possessi decisivi una squadra ti batte perch\u00e9 segna tre canestri&hellip;<\/p>\n","protected":false},"author":21,"featured_media":0,"comment_status":"closed","ping_status":"open","sticky":false,"template":"","format":"standard","meta":{"_jetpack_memberships_contains_paid_content":false,"footnotes":"","jetpack_publicize_message":"","jetpack_publicize_feature_enabled":true,"jetpack_social_post_already_shared":true,"jetpack_social_options":{"image_generator_settings":{"template":"highway","default_image_id":0,"font":"","enabled":false},"version":2}},"categories":[196],"tags":[46938,767,34324],"class_list":["post-86731","post","type-post","status-publish","format-standard","hentry","category-news","tag-coach-giulio-cadeo","tag-pallacanestro-viola","tag-redel"],"yoast_head":"<!-- This site is optimized with the Yoast SEO plugin v27.2 - https:\/\/yoast.com\/product\/yoast-seo-wordpress\/ -->\n<title>La Viola si ferma a Matera - Radio Touring 104<\/title>\n<meta name=\"robots\" content=\"index, follow, max-snippet:-1, max-image-preview:large, max-video-preview:-1\" \/>\n<link rel=\"canonical\" href=\"https:\/\/progettotouring.it\/radiotouring104\/2025\/12\/02\/la-viola-si-ferma-a-matera\/\" \/>\n<meta property=\"og:locale\" content=\"it_IT\" \/>\n<meta property=\"og:type\" content=\"article\" \/>\n<meta property=\"og:title\" content=\"La Viola si ferma a Matera - Radio Touring 104\" \/>\n<meta property=\"og:description\" content=\"&nbsp; Parlare di fortuna in un match di qualsiasi disciplina sportiva \u00e8 spesso la scusa dei perdenti ma se nei possessi decisivi una squadra ti batte perch\u00e9 segna tre canestri&hellip;\" \/>\n<meta property=\"og:url\" content=\"https:\/\/progettotouring.it\/radiotouring104\/2025\/12\/02\/la-viola-si-ferma-a-matera\/\" \/>\n<meta property=\"og:site_name\" content=\"Radio Touring 104\" \/>\n<meta property=\"article:published_time\" content=\"2025-12-02T07:27:57+00:00\" \/>\n<meta name=\"author\" content=\"Giuseppe Dattola\" \/>\n<meta name=\"twitter:card\" content=\"summary_large_image\" \/>\n<meta name=\"twitter:label1\" content=\"Scritto da\" \/>\n\t<meta name=\"twitter:data1\" content=\"Giuseppe Dattola\" \/>\n\t<meta name=\"twitter:label2\" content=\"Tempo di lettura stimato\" \/>\n\t<meta name=\"twitter:data2\" content=\"1 minuto\" \/>\n<script type=\"application\/ld+json\" class=\"yoast-schema-graph\">{\"@context\":\"https:\/\/schema.org\",\"@graph\":[{\"@type\":\"Article\",\"@id\":\"https:\/\/progettotouring.it\/radiotouring104\/2025\/12\/02\/la-viola-si-ferma-a-matera\/#article\",\"isPartOf\":{\"@id\":\"https:\/\/progettotouring.it\/radiotouring104\/2025\/12\/02\/la-viola-si-ferma-a-matera\/\"},\"author\":{\"name\":\"Giuseppe Dattola\",\"@id\":\"https:\/\/progettotouring.it\/radiotouring104\/#\/schema\/person\/c0e800756c839eae8c93153858959084\"},\"headline\":\"La Viola si ferma a Matera\",\"datePublished\":\"2025-12-02T07:27:57+00:00\",\"mainEntityOfPage\":{\"@id\":\"https:\/\/progettotouring.it\/radiotouring104\/2025\/12\/02\/la-viola-si-ferma-a-matera\/\"},\"wordCount\":256,\"publisher\":{\"@id\":\"https:\/\/progettotouring.it\/radiotouring104\/#organization\"},\"keywords\":[\"Coach Giulio Cadeo\",\"Pallacanestro Viola\",\"redel\"],\"articleSection\":[\"News\"],\"inLanguage\":\"it-IT\"},{\"@type\":\"WebPage\",\"@id\":\"https:\/\/progettotouring.it\/radiotouring104\/2025\/12\/02\/la-viola-si-ferma-a-matera\/\",\"url\":\"https:\/\/progettotouring.it\/radiotouring104\/2025\/12\/02\/la-viola-si-ferma-a-matera\/\",\"name\":\"La Viola si ferma a Matera - Radio Touring 104\",\"isPartOf\":{\"@id\":\"https:\/\/progettotouring.it\/radiotouring104\/#website\"},\"datePublished\":\"2025-12-02T07:27:57+00:00\",\"breadcrumb\":{\"@id\":\"https:\/\/progettotouring.it\/radiotouring104\/2025\/12\/02\/la-viola-si-ferma-a-matera\/#breadcrumb\"},\"inLanguage\":\"it-IT\",\"potentialAction\":[{\"@type\":\"ReadAction\",\"target\":[\"https:\/\/progettotouring.it\/radiotouring104\/2025\/12\/02\/la-viola-si-ferma-a-matera\/\"]}]},{\"@type\":\"BreadcrumbList\",\"@id\":\"https:\/\/progettotouring.it\/radiotouring104\/2025\/12\/02\/la-viola-si-ferma-a-matera\/#breadcrumb\",\"itemListElement\":[{\"@type\":\"ListItem\",\"position\":1,\"name\":\"Home\",\"item\":\"https:\/\/progettotouring.it\/radiotouring104\/\"},{\"@type\":\"ListItem\",\"position\":2,\"name\":\"La Viola si ferma a Matera\"}]},{\"@type\":\"WebSite\",\"@id\":\"https:\/\/progettotouring.it\/radiotouring104\/#website\",\"url\":\"https:\/\/progettotouring.it\/radiotouring104\/\",\"name\":\"Radio Touring 104\",\"description\":\"La prima radio Reggina\",\"publisher\":{\"@id\":\"https:\/\/progettotouring.it\/radiotouring104\/#organization\"},\"potentialAction\":[{\"@type\":\"SearchAction\",\"target\":{\"@type\":\"EntryPoint\",\"urlTemplate\":\"https:\/\/progettotouring.it\/radiotouring104\/?s={search_term_string}\"},\"query-input\":{\"@type\":\"PropertyValueSpecification\",\"valueRequired\":true,\"valueName\":\"search_term_string\"}}],\"inLanguage\":\"it-IT\"},{\"@type\":\"Organization\",\"@id\":\"https:\/\/progettotouring.it\/radiotouring104\/#organization\",\"name\":\"Radio Touring 104\",\"url\":\"https:\/\/progettotouring.it\/radiotouring104\/\",\"logo\":{\"@type\":\"ImageObject\",\"inLanguage\":\"it-IT\",\"@id\":\"https:\/\/progettotouring.it\/radiotouring104\/#\/schema\/logo\/image\/\",\"url\":\"https:\/\/progettotouring.it\/radiotouring104\/wp-content\/uploads\/sites\/6\/2022\/02\/cropped-logo-radio-touring-104.png\",\"contentUrl\":\"https:\/\/progettotouring.it\/radiotouring104\/wp-content\/uploads\/sites\/6\/2022\/02\/cropped-logo-radio-touring-104.png\",\"width\":377,\"height\":182,\"caption\":\"Radio Touring 104\"},\"image\":{\"@id\":\"https:\/\/progettotouring.it\/radiotouring104\/#\/schema\/logo\/image\/\"}},{\"@type\":\"Person\",\"@id\":\"https:\/\/progettotouring.it\/radiotouring104\/#\/schema\/person\/c0e800756c839eae8c93153858959084\",\"name\":\"Giuseppe Dattola\",\"image\":{\"@type\":\"ImageObject\",\"inLanguage\":\"it-IT\",\"@id\":\"https:\/\/secure.gravatar.com\/avatar\/c5771b35d04c75debcca6c29ddd4741e6a8276b8c8f1598b29c8fba52c35e758?s=96&d=mm&r=g\",\"url\":\"https:\/\/secure.gravatar.com\/avatar\/c5771b35d04c75debcca6c29ddd4741e6a8276b8c8f1598b29c8fba52c35e758?s=96&d=mm&r=g\",\"contentUrl\":\"https:\/\/secure.gravatar.com\/avatar\/c5771b35d04c75debcca6c29ddd4741e6a8276b8c8f1598b29c8fba52c35e758?s=96&d=mm&r=g\",\"caption\":\"Giuseppe Dattola\"},\"url\":\"https:\/\/progettotouring.it\/radiotouring104\/author\/gdattola\/\"}]}<\/script>\n<!-- \/ Yoast SEO plugin. -->","yoast_head_json":{"title":"La Viola si ferma a Matera - Radio Touring 104","robots":{"index":"index","follow":"follow","max-snippet":"max-snippet:-1","max-image-preview":"max-image-preview:large","max-video-preview":"max-video-preview:-1"},"canonical":"https:\/\/progettotouring.it\/radiotouring104\/2025\/12\/02\/la-viola-si-ferma-a-matera\/","og_locale":"it_IT","og_type":"article","og_title":"La Viola si ferma a Matera - Radio Touring 104","og_description":"&nbsp; Parlare di fortuna in un match di qualsiasi disciplina sportiva \u00e8 spesso la scusa dei perdenti ma se nei possessi decisivi una squadra ti batte perch\u00e9 segna tre canestri&hellip;","og_url":"https:\/\/progettotouring.it\/radiotouring104\/2025\/12\/02\/la-viola-si-ferma-a-matera\/","og_site_name":"Radio Touring 104","article_published_time":"2025-12-02T07:27:57+00:00","author":"Giuseppe Dattola","twitter_card":"summary_large_image","twitter_misc":{"Scritto da":"Giuseppe Dattola","Tempo di lettura stimato":"1 minuto"},"schema":{"@context":"https:\/\/schema.org","@graph":[{"@type":"Article","@id":"https:\/\/progettotouring.it\/radiotouring104\/2025\/12\/02\/la-viola-si-ferma-a-matera\/#article","isPartOf":{"@id":"https:\/\/progettotouring.it\/radiotouring104\/2025\/12\/02\/la-viola-si-ferma-a-matera\/"},"author":{"name":"Giuseppe Dattola","@id":"https:\/\/progettotouring.it\/radiotouring104\/#\/schema\/person\/c0e800756c839eae8c93153858959084"},"headline":"La Viola si ferma a Matera","datePublished":"2025-12-02T07:27:57+00:00","mainEntityOfPage":{"@id":"https:\/\/progettotouring.it\/radiotouring104\/2025\/12\/02\/la-viola-si-ferma-a-matera\/"},"wordCount":256,"publisher":{"@id":"https:\/\/progettotouring.it\/radiotouring104\/#organization"},"keywords":["Coach Giulio Cadeo","Pallacanestro Viola","redel"],"articleSection":["News"],"inLanguage":"it-IT"},{"@type":"WebPage","@id":"https:\/\/progettotouring.it\/radiotouring104\/2025\/12\/02\/la-viola-si-ferma-a-matera\/","url":"https:\/\/progettotouring.it\/radiotouring104\/2025\/12\/02\/la-viola-si-ferma-a-matera\/","name":"La Viola si ferma a Matera - Radio Touring 104","isPartOf":{"@id":"https:\/\/progettotouring.it\/radiotouring104\/#website"},"datePublished":"2025-12-02T07:27:57+00:00","breadcrumb":{"@id":"https:\/\/progettotouring.it\/radiotouring104\/2025\/12\/02\/la-viola-si-ferma-a-matera\/#breadcrumb"},"inLanguage":"it-IT","potentialAction":[{"@type":"ReadAction","target":["https:\/\/progettotouring.it\/radiotouring104\/2025\/12\/02\/la-viola-si-ferma-a-matera\/"]}]},{"@type":"BreadcrumbList","@id":"https:\/\/progettotouring.it\/radiotouring104\/2025\/12\/02\/la-viola-si-ferma-a-matera\/#breadcrumb","itemListElement":[{"@type":"ListItem","position":1,"name":"Home","item":"https:\/\/progettotouring.it\/radiotouring104\/"},{"@type":"ListItem","position":2,"name":"La Viola si ferma a Matera"}]},{"@type":"WebSite","@id":"https:\/\/progettotouring.it\/radiotouring104\/#website","url":"https:\/\/progettotouring.it\/radiotouring104\/","name":"Radio Touring 104","description":"La prima radio Reggina","publisher":{"@id":"https:\/\/progettotouring.it\/radiotouring104\/#organization"},"potentialAction":[{"@type":"SearchAction","target":{"@type":"EntryPoint","urlTemplate":"https:\/\/progettotouring.it\/radiotouring104\/?s={search_term_string}"},"query-input":{"@type":"PropertyValueSpecification","valueRequired":true,"valueName":"search_term_string"}}],"inLanguage":"it-IT"},{"@type":"Organization","@id":"https:\/\/progettotouring.it\/radiotouring104\/#organization","name":"Radio Touring 104","url":"https:\/\/progettotouring.it\/radiotouring104\/","logo":{"@type":"ImageObject","inLanguage":"it-IT","@id":"https:\/\/progettotouring.it\/radiotouring104\/#\/schema\/logo\/image\/","url":"https:\/\/progettotouring.it\/radiotouring104\/wp-content\/uploads\/sites\/6\/2022\/02\/cropped-logo-radio-touring-104.png","contentUrl":"https:\/\/progettotouring.it\/radiotouring104\/wp-content\/uploads\/sites\/6\/2022\/02\/cropped-logo-radio-touring-104.png","width":377,"height":182,"caption":"Radio Touring 104"},"image":{"@id":"https:\/\/progettotouring.it\/radiotouring104\/#\/schema\/logo\/image\/"}},{"@type":"Person","@id":"https:\/\/progettotouring.it\/radiotouring104\/#\/schema\/person\/c0e800756c839eae8c93153858959084","name":"Giuseppe Dattola","image":{"@type":"ImageObject","inLanguage":"it-IT","@id":"https:\/\/secure.gravatar.com\/avatar\/c5771b35d04c75debcca6c29ddd4741e6a8276b8c8f1598b29c8fba52c35e758?s=96&d=mm&r=g","url":"https:\/\/secure.gravatar.com\/avatar\/c5771b35d04c75debcca6c29ddd4741e6a8276b8c8f1598b29c8fba52c35e758?s=96&d=mm&r=g","contentUrl":"https:\/\/secure.gravatar.com\/avatar\/c5771b35d04c75debcca6c29ddd4741e6a8276b8c8f1598b29c8fba52c35e758?s=96&d=mm&r=g","caption":"Giuseppe Dattola"},"url":"https:\/\/progettotouring.it\/radiotouring104\/author\/gdattola\/"}]}},"jetpack_publicize_connections":[],"jetpack_featured_media_url":"","jetpack_sharing_enabled":true,"_links":{"self":[{"href":"https:\/\/progettotouring.it\/radiotouring104\/wp-json\/wp\/v2\/posts\/86731","targetHints":{"allow":["GET"]}}],"collection":[{"href":"https:\/\/progettotouring.it\/radiotouring104\/wp-json\/wp\/v2\/posts"}],"about":[{"href":"https:\/\/progettotouring.it\/radiotouring104\/wp-json\/wp\/v2\/types\/post"}],"author":[{"embeddable":true,"href":"https:\/\/progettotouring.it\/radiotouring104\/wp-json\/wp\/v2\/users\/21"}],"replies":[{"embeddable":true,"href":"https:\/\/progettotouring.it\/radiotouring104\/wp-json\/wp\/v2\/comments?post=86731"}],"version-history":[{"count":1,"href":"https:\/\/progettotouring.it\/radiotouring104\/wp-json\/wp\/v2\/posts\/86731\/revisions"}],"predecessor-version":[{"id":86732,"href":"https:\/\/progettotouring.it\/radiotouring104\/wp-json\/wp\/v2\/posts\/86731\/revisions\/86732"}],"wp:attachment":[{"href":"https:\/\/progettotouring.it\/radiotouring104\/wp-json\/wp\/v2\/media?parent=86731"}],"wp:term":[{"taxonomy":"category","embeddable":true,"href":"https:\/\/progettotouring.it\/radiotouring104\/wp-json\/wp\/v2\/categories?post=86731"},{"taxonomy":"post_tag","embeddable":true,"href":"https:\/\/progettotouring.it\/radiotouring104\/wp-json\/wp\/v2\/tags?post=86731"}],"curies":[{"name":"wp","href":"https:\/\/api.w.org\/{rel}","templated":true}]}}