{"id":86733,"date":"2025-12-02T09:17:06","date_gmt":"2025-12-02T08:17:06","guid":{"rendered":"https:\/\/progettotouring.it\/radiotouring104\/?p=86733"},"modified":"2025-12-02T12:56:20","modified_gmt":"2025-12-02T11:56:20","slug":"furto-alla-cooperativa-valle-del-marro-rubati-2-grossi-quantitativi-di-agrumi-destinati-alla-vendita","status":"publish","type":"post","link":"https:\/\/progettotouring.it\/radiotouring104\/2025\/12\/02\/furto-alla-cooperativa-valle-del-marro-rubati-2-grossi-quantitativi-di-agrumi-destinati-alla-vendita\/","title":{"rendered":"Furto alla Cooperativa &#8220;Valle del Marro&#8221;: rubati 2 grossi quantitativi di agrumi destinati alla vendita"},"content":{"rendered":"<p>La Cooperativa &#8220;Valle del Marro&#8221;, ancora una volta, \u00e8 stata presa di mira. A denunciarlo \u00e8 l&#8217;Associazione &#8220;Libera&#8221;, annunciando il furto di 2 grossi quantitativi di agrumi destinati alla vendita, nella grande distribuzione: <em>&#8220;Dopo gli incendi dolosi della scora estate, ancora una volta viene presa di mira la Cooperativa Valle del Marro &#8211; Libera Terra che gestisce terreni confiscati alla \u2018ndrangheta nella Piana di Gioia Tauro. Questa volta i soci della cooperativa hanno dovuto registrare due furti di grossi quantitativi di agrumi pronti per essere destinate alla vendita nella grande distribuzione.<\/em><\/p>\n<p><em>Una situazione difficile che pu\u00f2 pregiudicare la sostenibilit\u00e0 economica della cooperativa con effetto diretti per i lavoratori e le loro famiglie. Ed \u00e8 proprio nella difesa del lavoro pulito, onesto e dignitoso e del diritto di fare impresa che sta il cuore della lotta alla \u2018ndrangheta, ancora di pi\u00f9 per una cooperativa che lavora i terreni sottratti alla criminalit\u00e0 organizzata.<\/em><\/p>\n<p><em>Ma ad essere colpito anche \u00e8 il grande valore etico e morale che sta dietro alla confisca dei beni e al loro riutilizzo a fini pubblici e sociali, la quale, nella nostra regione, rappresenta la migliore sintesi tra l\u2019attivit\u00e0 di contrasto e quella di prevenzione alla \u2018ndrangheta, attraverso l\u2019elevato significato che ci\u00f2 assume dal punto di vista simbolico e culturale. Anche, e soprattutto, rispetto ad un\u2019organizzazione criminale, la \u2018ndrangheta, che del controllo del territorio e dell\u2019accumulazione di beni e capitali ne fa una prerogativa della propria azione criminale.<\/em><\/p>\n<p><em>Tutto ci\u00f2 deve rappresentare un allarme che non pu\u00f2 essere sottovalutato: i beni confiscati alle mafie rappresentano dei presidi assoluti di legalit\u00e0, quei luoghi, altamente sensibili, devono essere tutelati per garantire, anche nella nostra regione, la piena tranquillit\u00e0 e serenit\u00e0 nella loro gestione. Un impegno e una responsabilit\u00e0 che deve riguardare non solo le istituzioni ma tutte e tutti noi nel costruire un argine contro chi vuole ostacolare questo difficile percorso di riscatto della nostra terra, che passa, anche, attraverso il riuso dei beni confiscati, divenuti ormai simbolo di cittadinanza attiva, partecipazione e corresponsabilit\u00e0. Un impegno e una responsabilit\u00e0 a non lasciare sole e sostenere quelle realt\u00e0 che con grande impegno e difficolt\u00e0 sono impegnate a costruire nuova speranza nel nostro Paese.<\/em><\/p>\n<p><em>Una speranza e una storia, quella della Cooperativa Valle del Marro &#8211; Libera Terra, che non pu\u00f2 essere scippata o interrotta ma che deve continuare a dimostrare che il cambiamento \u00e8 possibile.&#8221;, scrive &#8220;Libera&#8221; nel comunicato.<\/em><\/p>\n","protected":false},"excerpt":{"rendered":"<p>La Cooperativa &#8220;Valle del Marro&#8221;, ancora una volta, \u00e8 stata presa di mira. A denunciarlo \u00e8 l&#8217;Associazione &#8220;Libera&#8221;, annunciando il furto di 2 grossi quantitativi di agrumi destinati alla vendita,&hellip;<\/p>\n","protected":false},"author":5,"featured_media":15804,"comment_status":"closed","ping_status":"open","sticky":false,"template":"","format":"standard","meta":{"_jetpack_memberships_contains_paid_content":false,"footnotes":"","jetpack_publicize_message":"","jetpack_publicize_feature_enabled":true,"jetpack_social_post_already_shared":true,"jetpack_social_options":{"image_generator_settings":{"template":"highway","default_image_id":0,"font":"","enabled":false},"version":2}},"categories":[921,196,140],"tags":[10926,19729,718,49230,49231],"class_list":["post-86733","post","type-post","status-publish","format-standard","has-post-thumbnail","hentry","category-home","category-news","category-reggio-calabria","tag-associazione-libera","tag-cooperativa-valle-del-marro","tag-furto","tag-presa-di-mira","tag-rubati-2-grossi-quantitativi-destinati-alla-vendita"],"yoast_head":"<!-- This site is optimized with the Yoast SEO plugin v27.2 - https:\/\/yoast.com\/product\/yoast-seo-wordpress\/ -->\n<title>Furto alla Cooperativa &quot;Valle del Marro&quot;: rubati 2 grossi quantitativi di agrumi destinati alla vendita - Radio Touring 104<\/title>\n<meta name=\"description\" content=\"\u201cI beni confiscati rappresentano dei presidi di legalit\u00e0, quei luoghi, altamente sensibili, devono essere tutelati &quot;, scrive &quot;Libera&quot;\" \/>\n<meta name=\"robots\" content=\"index, follow, max-snippet:-1, max-image-preview:large, max-video-preview:-1\" \/>\n<link rel=\"canonical\" href=\"https:\/\/progettotouring.it\/radiotouring104\/2025\/12\/02\/furto-alla-cooperativa-valle-del-marro-rubati-2-grossi-quantitativi-di-agrumi-destinati-alla-vendita\/\" \/>\n<meta property=\"og:locale\" content=\"it_IT\" \/>\n<meta property=\"og:type\" content=\"article\" \/>\n<meta property=\"og:title\" content=\"Furto alla Cooperativa &quot;Valle del Marro&quot;: rubati 2 grossi quantitativi di agrumi destinati alla vendita - Radio Touring 104\" \/>\n<meta property=\"og:description\" content=\"\u201cI beni confiscati rappresentano dei presidi di legalit\u00e0, quei luoghi, altamente sensibili, devono essere tutelati &quot;, scrive &quot;Libera&quot;\" \/>\n<meta property=\"og:url\" content=\"https:\/\/progettotouring.it\/radiotouring104\/2025\/12\/02\/furto-alla-cooperativa-valle-del-marro-rubati-2-grossi-quantitativi-di-agrumi-destinati-alla-vendita\/\" \/>\n<meta property=\"og:site_name\" content=\"Radio Touring 104\" \/>\n<meta property=\"article:published_time\" content=\"2025-12-02T08:17:06+00:00\" \/>\n<meta property=\"article:modified_time\" content=\"2025-12-02T11:56:20+00:00\" \/>\n<meta property=\"og:image\" content=\"https:\/\/progettotouring.it\/radiotouring104\/wp-content\/uploads\/sites\/6\/2022\/12\/Libera.jpg\" \/>\n\t<meta property=\"og:image:width\" content=\"1200\" \/>\n\t<meta property=\"og:image:height\" content=\"1200\" \/>\n\t<meta property=\"og:image:type\" content=\"image\/jpeg\" \/>\n<meta name=\"author\" content=\"redazione\" \/>\n<meta name=\"twitter:card\" content=\"summary_large_image\" \/>\n<meta name=\"twitter:label1\" content=\"Scritto da\" \/>\n\t<meta name=\"twitter:data1\" content=\"redazione\" \/>\n\t<meta name=\"twitter:label2\" content=\"Tempo di lettura stimato\" \/>\n\t<meta name=\"twitter:data2\" content=\"2 minuti\" \/>\n<script type=\"application\/ld+json\" class=\"yoast-schema-graph\">{\"@context\":\"https:\/\/schema.org\",\"@graph\":[{\"@type\":\"Article\",\"@id\":\"https:\/\/progettotouring.it\/radiotouring104\/2025\/12\/02\/furto-alla-cooperativa-valle-del-marro-rubati-2-grossi-quantitativi-di-agrumi-destinati-alla-vendita\/#article\",\"isPartOf\":{\"@id\":\"https:\/\/progettotouring.it\/radiotouring104\/2025\/12\/02\/furto-alla-cooperativa-valle-del-marro-rubati-2-grossi-quantitativi-di-agrumi-destinati-alla-vendita\/\"},\"author\":{\"name\":\"redazione\",\"@id\":\"https:\/\/progettotouring.it\/radiotouring104\/#\/schema\/person\/1b3eb3c07c47136bc44c785c543e635f\"},\"headline\":\"Furto alla Cooperativa &#8220;Valle del Marro&#8221;: rubati 2 grossi quantitativi di agrumi destinati alla vendita\",\"datePublished\":\"2025-12-02T08:17:06+00:00\",\"dateModified\":\"2025-12-02T11:56:20+00:00\",\"mainEntityOfPage\":{\"@id\":\"https:\/\/progettotouring.it\/radiotouring104\/2025\/12\/02\/furto-alla-cooperativa-valle-del-marro-rubati-2-grossi-quantitativi-di-agrumi-destinati-alla-vendita\/\"},\"wordCount\":409,\"publisher\":{\"@id\":\"https:\/\/progettotouring.it\/radiotouring104\/#organization\"},\"image\":{\"@id\":\"https:\/\/progettotouring.it\/radiotouring104\/2025\/12\/02\/furto-alla-cooperativa-valle-del-marro-rubati-2-grossi-quantitativi-di-agrumi-destinati-alla-vendita\/#primaryimage\"},\"thumbnailUrl\":\"https:\/\/progettotouring.it\/radiotouring104\/wp-content\/uploads\/sites\/6\/2022\/12\/Libera.jpg\",\"keywords\":[\"Associazione Libera\",\"Cooperativa Valle del Marro\",\"furto\",\"presa di mira\",\"rubati 2 grossi quantitativi destinati alla vendita\"],\"articleSection\":[\"Home\",\"News\",\"Reggio Calabria\"],\"inLanguage\":\"it-IT\"},{\"@type\":\"WebPage\",\"@id\":\"https:\/\/progettotouring.it\/radiotouring104\/2025\/12\/02\/furto-alla-cooperativa-valle-del-marro-rubati-2-grossi-quantitativi-di-agrumi-destinati-alla-vendita\/\",\"url\":\"https:\/\/progettotouring.it\/radiotouring104\/2025\/12\/02\/furto-alla-cooperativa-valle-del-marro-rubati-2-grossi-quantitativi-di-agrumi-destinati-alla-vendita\/\",\"name\":\"Furto alla Cooperativa \\\"Valle del Marro\\\": rubati 2 grossi quantitativi di agrumi destinati alla vendita - Radio Touring 104\",\"isPartOf\":{\"@id\":\"https:\/\/progettotouring.it\/radiotouring104\/#website\"},\"primaryImageOfPage\":{\"@id\":\"https:\/\/progettotouring.it\/radiotouring104\/2025\/12\/02\/furto-alla-cooperativa-valle-del-marro-rubati-2-grossi-quantitativi-di-agrumi-destinati-alla-vendita\/#primaryimage\"},\"image\":{\"@id\":\"https:\/\/progettotouring.it\/radiotouring104\/2025\/12\/02\/furto-alla-cooperativa-valle-del-marro-rubati-2-grossi-quantitativi-di-agrumi-destinati-alla-vendita\/#primaryimage\"},\"thumbnailUrl\":\"https:\/\/progettotouring.it\/radiotouring104\/wp-content\/uploads\/sites\/6\/2022\/12\/Libera.jpg\",\"datePublished\":\"2025-12-02T08:17:06+00:00\",\"dateModified\":\"2025-12-02T11:56:20+00:00\",\"description\":\"\u201cI beni confiscati rappresentano dei presidi di legalit\u00e0, quei luoghi, altamente sensibili, devono essere tutelati \\\", scrive \\\"Libera\\\"\",\"breadcrumb\":{\"@id\":\"https:\/\/progettotouring.it\/radiotouring104\/2025\/12\/02\/furto-alla-cooperativa-valle-del-marro-rubati-2-grossi-quantitativi-di-agrumi-destinati-alla-vendita\/#breadcrumb\"},\"inLanguage\":\"it-IT\",\"potentialAction\":[{\"@type\":\"ReadAction\",\"target\":[\"https:\/\/progettotouring.it\/radiotouring104\/2025\/12\/02\/furto-alla-cooperativa-valle-del-marro-rubati-2-grossi-quantitativi-di-agrumi-destinati-alla-vendita\/\"]}]},{\"@type\":\"ImageObject\",\"inLanguage\":\"it-IT\",\"@id\":\"https:\/\/progettotouring.it\/radiotouring104\/2025\/12\/02\/furto-alla-cooperativa-valle-del-marro-rubati-2-grossi-quantitativi-di-agrumi-destinati-alla-vendita\/#primaryimage\",\"url\":\"https:\/\/progettotouring.it\/radiotouring104\/wp-content\/uploads\/sites\/6\/2022\/12\/Libera.jpg\",\"contentUrl\":\"https:\/\/progettotouring.it\/radiotouring104\/wp-content\/uploads\/sites\/6\/2022\/12\/Libera.jpg\",\"width\":1200,\"height\":1200},{\"@type\":\"BreadcrumbList\",\"@id\":\"https:\/\/progettotouring.it\/radiotouring104\/2025\/12\/02\/furto-alla-cooperativa-valle-del-marro-rubati-2-grossi-quantitativi-di-agrumi-destinati-alla-vendita\/#breadcrumb\",\"itemListElement\":[{\"@type\":\"ListItem\",\"position\":1,\"name\":\"Home\",\"item\":\"https:\/\/progettotouring.it\/radiotouring104\/\"},{\"@type\":\"ListItem\",\"position\":2,\"name\":\"Furto alla Cooperativa &#8220;Valle del Marro&#8221;: rubati 2 grossi quantitativi di agrumi destinati alla vendita\"}]},{\"@type\":\"WebSite\",\"@id\":\"https:\/\/progettotouring.it\/radiotouring104\/#website\",\"url\":\"https:\/\/progettotouring.it\/radiotouring104\/\",\"name\":\"Radio Touring 104\",\"description\":\"La prima radio Reggina\",\"publisher\":{\"@id\":\"https:\/\/progettotouring.it\/radiotouring104\/#organization\"},\"potentialAction\":[{\"@type\":\"SearchAction\",\"target\":{\"@type\":\"EntryPoint\",\"urlTemplate\":\"https:\/\/progettotouring.it\/radiotouring104\/?s={search_term_string}\"},\"query-input\":{\"@type\":\"PropertyValueSpecification\",\"valueRequired\":true,\"valueName\":\"search_term_string\"}}],\"inLanguage\":\"it-IT\"},{\"@type\":\"Organization\",\"@id\":\"https:\/\/progettotouring.it\/radiotouring104\/#organization\",\"name\":\"Radio Touring 104\",\"url\":\"https:\/\/progettotouring.it\/radiotouring104\/\",\"logo\":{\"@type\":\"ImageObject\",\"inLanguage\":\"it-IT\",\"@id\":\"https:\/\/progettotouring.it\/radiotouring104\/#\/schema\/logo\/image\/\",\"url\":\"https:\/\/progettotouring.it\/radiotouring104\/wp-content\/uploads\/sites\/6\/2022\/02\/cropped-logo-radio-touring-104.png\",\"contentUrl\":\"https:\/\/progettotouring.it\/radiotouring104\/wp-content\/uploads\/sites\/6\/2022\/02\/cropped-logo-radio-touring-104.png\",\"width\":377,\"height\":182,\"caption\":\"Radio Touring 104\"},\"image\":{\"@id\":\"https:\/\/progettotouring.it\/radiotouring104\/#\/schema\/logo\/image\/\"}},{\"@type\":\"Person\",\"@id\":\"https:\/\/progettotouring.it\/radiotouring104\/#\/schema\/person\/1b3eb3c07c47136bc44c785c543e635f\",\"name\":\"redazione\",\"image\":{\"@type\":\"ImageObject\",\"inLanguage\":\"it-IT\",\"@id\":\"https:\/\/secure.gravatar.com\/avatar\/0b31605b49f100769e8b624b3e05de1b73e1692e9568a352f60f53fd072e6e11?s=96&d=mm&r=g\",\"url\":\"https:\/\/secure.gravatar.com\/avatar\/0b31605b49f100769e8b624b3e05de1b73e1692e9568a352f60f53fd072e6e11?s=96&d=mm&r=g\",\"contentUrl\":\"https:\/\/secure.gravatar.com\/avatar\/0b31605b49f100769e8b624b3e05de1b73e1692e9568a352f60f53fd072e6e11?s=96&d=mm&r=g\",\"caption\":\"redazione\"},\"url\":\"https:\/\/progettotouring.it\/radiotouring104\/author\/redazione\/\"}]}<\/script>\n<!-- \/ Yoast SEO plugin. -->","yoast_head_json":{"title":"Furto alla Cooperativa \"Valle del Marro\": rubati 2 grossi quantitativi di agrumi destinati alla vendita - Radio Touring 104","description":"\u201cI beni confiscati rappresentano dei presidi di legalit\u00e0, quei luoghi, altamente sensibili, devono essere tutelati \", scrive \"Libera\"","robots":{"index":"index","follow":"follow","max-snippet":"max-snippet:-1","max-image-preview":"max-image-preview:large","max-video-preview":"max-video-preview:-1"},"canonical":"https:\/\/progettotouring.it\/radiotouring104\/2025\/12\/02\/furto-alla-cooperativa-valle-del-marro-rubati-2-grossi-quantitativi-di-agrumi-destinati-alla-vendita\/","og_locale":"it_IT","og_type":"article","og_title":"Furto alla Cooperativa \"Valle del Marro\": rubati 2 grossi quantitativi di agrumi destinati alla vendita - Radio Touring 104","og_description":"\u201cI beni confiscati rappresentano dei presidi di legalit\u00e0, quei luoghi, altamente sensibili, devono essere tutelati \", scrive \"Libera\"","og_url":"https:\/\/progettotouring.it\/radiotouring104\/2025\/12\/02\/furto-alla-cooperativa-valle-del-marro-rubati-2-grossi-quantitativi-di-agrumi-destinati-alla-vendita\/","og_site_name":"Radio Touring 104","article_published_time":"2025-12-02T08:17:06+00:00","article_modified_time":"2025-12-02T11:56:20+00:00","og_image":[{"width":1200,"height":1200,"url":"https:\/\/progettotouring.it\/radiotouring104\/wp-content\/uploads\/sites\/6\/2022\/12\/Libera.jpg","type":"image\/jpeg"}],"author":"redazione","twitter_card":"summary_large_image","twitter_misc":{"Scritto da":"redazione","Tempo di lettura stimato":"2 minuti"},"schema":{"@context":"https:\/\/schema.org","@graph":[{"@type":"Article","@id":"https:\/\/progettotouring.it\/radiotouring104\/2025\/12\/02\/furto-alla-cooperativa-valle-del-marro-rubati-2-grossi-quantitativi-di-agrumi-destinati-alla-vendita\/#article","isPartOf":{"@id":"https:\/\/progettotouring.it\/radiotouring104\/2025\/12\/02\/furto-alla-cooperativa-valle-del-marro-rubati-2-grossi-quantitativi-di-agrumi-destinati-alla-vendita\/"},"author":{"name":"redazione","@id":"https:\/\/progettotouring.it\/radiotouring104\/#\/schema\/person\/1b3eb3c07c47136bc44c785c543e635f"},"headline":"Furto alla Cooperativa &#8220;Valle del Marro&#8221;: rubati 2 grossi quantitativi di agrumi destinati alla vendita","datePublished":"2025-12-02T08:17:06+00:00","dateModified":"2025-12-02T11:56:20+00:00","mainEntityOfPage":{"@id":"https:\/\/progettotouring.it\/radiotouring104\/2025\/12\/02\/furto-alla-cooperativa-valle-del-marro-rubati-2-grossi-quantitativi-di-agrumi-destinati-alla-vendita\/"},"wordCount":409,"publisher":{"@id":"https:\/\/progettotouring.it\/radiotouring104\/#organization"},"image":{"@id":"https:\/\/progettotouring.it\/radiotouring104\/2025\/12\/02\/furto-alla-cooperativa-valle-del-marro-rubati-2-grossi-quantitativi-di-agrumi-destinati-alla-vendita\/#primaryimage"},"thumbnailUrl":"https:\/\/progettotouring.it\/radiotouring104\/wp-content\/uploads\/sites\/6\/2022\/12\/Libera.jpg","keywords":["Associazione Libera","Cooperativa Valle del Marro","furto","presa di mira","rubati 2 grossi quantitativi destinati alla vendita"],"articleSection":["Home","News","Reggio Calabria"],"inLanguage":"it-IT"},{"@type":"WebPage","@id":"https:\/\/progettotouring.it\/radiotouring104\/2025\/12\/02\/furto-alla-cooperativa-valle-del-marro-rubati-2-grossi-quantitativi-di-agrumi-destinati-alla-vendita\/","url":"https:\/\/progettotouring.it\/radiotouring104\/2025\/12\/02\/furto-alla-cooperativa-valle-del-marro-rubati-2-grossi-quantitativi-di-agrumi-destinati-alla-vendita\/","name":"Furto alla Cooperativa \"Valle del Marro\": rubati 2 grossi quantitativi di agrumi destinati alla vendita - Radio Touring 104","isPartOf":{"@id":"https:\/\/progettotouring.it\/radiotouring104\/#website"},"primaryImageOfPage":{"@id":"https:\/\/progettotouring.it\/radiotouring104\/2025\/12\/02\/furto-alla-cooperativa-valle-del-marro-rubati-2-grossi-quantitativi-di-agrumi-destinati-alla-vendita\/#primaryimage"},"image":{"@id":"https:\/\/progettotouring.it\/radiotouring104\/2025\/12\/02\/furto-alla-cooperativa-valle-del-marro-rubati-2-grossi-quantitativi-di-agrumi-destinati-alla-vendita\/#primaryimage"},"thumbnailUrl":"https:\/\/progettotouring.it\/radiotouring104\/wp-content\/uploads\/sites\/6\/2022\/12\/Libera.jpg","datePublished":"2025-12-02T08:17:06+00:00","dateModified":"2025-12-02T11:56:20+00:00","description":"\u201cI beni confiscati rappresentano dei presidi di legalit\u00e0, quei luoghi, altamente sensibili, devono essere tutelati \", scrive \"Libera\"","breadcrumb":{"@id":"https:\/\/progettotouring.it\/radiotouring104\/2025\/12\/02\/furto-alla-cooperativa-valle-del-marro-rubati-2-grossi-quantitativi-di-agrumi-destinati-alla-vendita\/#breadcrumb"},"inLanguage":"it-IT","potentialAction":[{"@type":"ReadAction","target":["https:\/\/progettotouring.it\/radiotouring104\/2025\/12\/02\/furto-alla-cooperativa-valle-del-marro-rubati-2-grossi-quantitativi-di-agrumi-destinati-alla-vendita\/"]}]},{"@type":"ImageObject","inLanguage":"it-IT","@id":"https:\/\/progettotouring.it\/radiotouring104\/2025\/12\/02\/furto-alla-cooperativa-valle-del-marro-rubati-2-grossi-quantitativi-di-agrumi-destinati-alla-vendita\/#primaryimage","url":"https:\/\/progettotouring.it\/radiotouring104\/wp-content\/uploads\/sites\/6\/2022\/12\/Libera.jpg","contentUrl":"https:\/\/progettotouring.it\/radiotouring104\/wp-content\/uploads\/sites\/6\/2022\/12\/Libera.jpg","width":1200,"height":1200},{"@type":"BreadcrumbList","@id":"https:\/\/progettotouring.it\/radiotouring104\/2025\/12\/02\/furto-alla-cooperativa-valle-del-marro-rubati-2-grossi-quantitativi-di-agrumi-destinati-alla-vendita\/#breadcrumb","itemListElement":[{"@type":"ListItem","position":1,"name":"Home","item":"https:\/\/progettotouring.it\/radiotouring104\/"},{"@type":"ListItem","position":2,"name":"Furto alla Cooperativa &#8220;Valle del Marro&#8221;: rubati 2 grossi quantitativi di agrumi destinati alla vendita"}]},{"@type":"WebSite","@id":"https:\/\/progettotouring.it\/radiotouring104\/#website","url":"https:\/\/progettotouring.it\/radiotouring104\/","name":"Radio Touring 104","description":"La prima radio Reggina","publisher":{"@id":"https:\/\/progettotouring.it\/radiotouring104\/#organization"},"potentialAction":[{"@type":"SearchAction","target":{"@type":"EntryPoint","urlTemplate":"https:\/\/progettotouring.it\/radiotouring104\/?s={search_term_string}"},"query-input":{"@type":"PropertyValueSpecification","valueRequired":true,"valueName":"search_term_string"}}],"inLanguage":"it-IT"},{"@type":"Organization","@id":"https:\/\/progettotouring.it\/radiotouring104\/#organization","name":"Radio Touring 104","url":"https:\/\/progettotouring.it\/radiotouring104\/","logo":{"@type":"ImageObject","inLanguage":"it-IT","@id":"https:\/\/progettotouring.it\/radiotouring104\/#\/schema\/logo\/image\/","url":"https:\/\/progettotouring.it\/radiotouring104\/wp-content\/uploads\/sites\/6\/2022\/02\/cropped-logo-radio-touring-104.png","contentUrl":"https:\/\/progettotouring.it\/radiotouring104\/wp-content\/uploads\/sites\/6\/2022\/02\/cropped-logo-radio-touring-104.png","width":377,"height":182,"caption":"Radio Touring 104"},"image":{"@id":"https:\/\/progettotouring.it\/radiotouring104\/#\/schema\/logo\/image\/"}},{"@type":"Person","@id":"https:\/\/progettotouring.it\/radiotouring104\/#\/schema\/person\/1b3eb3c07c47136bc44c785c543e635f","name":"redazione","image":{"@type":"ImageObject","inLanguage":"it-IT","@id":"https:\/\/secure.gravatar.com\/avatar\/0b31605b49f100769e8b624b3e05de1b73e1692e9568a352f60f53fd072e6e11?s=96&d=mm&r=g","url":"https:\/\/secure.gravatar.com\/avatar\/0b31605b49f100769e8b624b3e05de1b73e1692e9568a352f60f53fd072e6e11?s=96&d=mm&r=g","contentUrl":"https:\/\/secure.gravatar.com\/avatar\/0b31605b49f100769e8b624b3e05de1b73e1692e9568a352f60f53fd072e6e11?s=96&d=mm&r=g","caption":"redazione"},"url":"https:\/\/progettotouring.it\/radiotouring104\/author\/redazione\/"}]}},"jetpack_publicize_connections":[],"jetpack_featured_media_url":"https:\/\/progettotouring.it\/radiotouring104\/wp-content\/uploads\/sites\/6\/2022\/12\/Libera.jpg","jetpack_sharing_enabled":true,"_links":{"self":[{"href":"https:\/\/progettotouring.it\/radiotouring104\/wp-json\/wp\/v2\/posts\/86733","targetHints":{"allow":["GET"]}}],"collection":[{"href":"https:\/\/progettotouring.it\/radiotouring104\/wp-json\/wp\/v2\/posts"}],"about":[{"href":"https:\/\/progettotouring.it\/radiotouring104\/wp-json\/wp\/v2\/types\/post"}],"author":[{"embeddable":true,"href":"https:\/\/progettotouring.it\/radiotouring104\/wp-json\/wp\/v2\/users\/5"}],"replies":[{"embeddable":true,"href":"https:\/\/progettotouring.it\/radiotouring104\/wp-json\/wp\/v2\/comments?post=86733"}],"version-history":[{"count":1,"href":"https:\/\/progettotouring.it\/radiotouring104\/wp-json\/wp\/v2\/posts\/86733\/revisions"}],"predecessor-version":[{"id":86735,"href":"https:\/\/progettotouring.it\/radiotouring104\/wp-json\/wp\/v2\/posts\/86733\/revisions\/86735"}],"wp:featuredmedia":[{"embeddable":true,"href":"https:\/\/progettotouring.it\/radiotouring104\/wp-json\/wp\/v2\/media\/15804"}],"wp:attachment":[{"href":"https:\/\/progettotouring.it\/radiotouring104\/wp-json\/wp\/v2\/media?parent=86733"}],"wp:term":[{"taxonomy":"category","embeddable":true,"href":"https:\/\/progettotouring.it\/radiotouring104\/wp-json\/wp\/v2\/categories?post=86733"},{"taxonomy":"post_tag","embeddable":true,"href":"https:\/\/progettotouring.it\/radiotouring104\/wp-json\/wp\/v2\/tags?post=86733"}],"curies":[{"name":"wp","href":"https:\/\/api.w.org\/{rel}","templated":true}]}}