{"id":86743,"date":"2025-12-02T09:53:31","date_gmt":"2025-12-02T08:53:31","guid":{"rendered":"https:\/\/progettotouring.it\/radiotouring104\/?p=86743"},"modified":"2025-12-02T10:52:51","modified_gmt":"2025-12-02T09:52:51","slug":"massimo-canale-sulla-classifica-del-sole-24-ore-rassegnarsi-quindi-certo-che-no-e-la-parola-chiave-e-rinnovamento","status":"publish","type":"post","link":"https:\/\/progettotouring.it\/radiotouring104\/2025\/12\/02\/massimo-canale-sulla-classifica-del-sole-24-ore-rassegnarsi-quindi-certo-che-no-e-la-parola-chiave-e-rinnovamento\/","title":{"rendered":"Massimo Canale sulla classifica del &#8220;Sole 24 ore&#8221;:\u00a0 Rassegnarsi quindi? Certo che no e la parola chiave \u00e8 &#8220;rinnovamento&#8221;"},"content":{"rendered":"<p>Tramite un comunicato, l&#8217;avv. Massimo Canale, candidato Sindaco alle prossime Comunali di Reggio e fondatore del Movimento Civico &#8220;Onda Orange&#8221;, commenta il piazzamento di Reggio in 107\u00b0 posizione, l&#8217;ultima, nella graduatoria stilata da &#8220;Il Sole 24 Ore&#8221;<em>: &#8220;Dicembre \u00e8 sempre mese di bilanci e quelli che riguardano la qualit\u00e0 della vita diventano impietosi per la nostra citt\u00e0: \u201cReggio Calabria \u00e8 ultima per il secondo anno consecutivo nella classifica della qualit\u00e0 della vita\u201d, con queste parole il \u201cSole 24 ore\u201d di oggi rende noti i risultati dello studio annuale che ormai da pi\u00f9 di trent\u2019anni fotografa le condizioni di vivibilit\u00e0 delle Citt\u00e0 italiane.<\/em><\/p>\n<p><em>La classifica prende in analisi macrosettori quali:<\/em><br \/>\n<em>-Ricchezza e consumi;<\/em><br \/>\n<em>-Affari e lavoro;<\/em><br \/>\n<em>-Giustizia e sicurezza;<\/em><br \/>\n<em>-Demografia e societ\u00e0;<\/em><br \/>\n<em>-Ambiente e servizi;<\/em><br \/>\n<em>-Cultura e tempo libero.<\/em><\/p>\n<p><em>Queste aree a loro volta raccolgono una serie di indici pi\u00f9 specifici che complessivamente forniscono dei dati volti a misurare lo stato di salute delle province italiane.<\/em><\/p>\n<p><em>Al netto della bellezza di questa terra e di una geografia che ci premia, occorre affrontare una riflessione seria sul merito delle cose, cos\u00ec scopriamo che la provincia di Reggio si posiziona al 22\u00b0 posto nella spesa dei comuni per la cultura ma nella graduatoria dell&#8217;offerta culturale occupa un poco lusinghiero 102\u00b0 posto.<\/em><\/p>\n<p><em>Appare evidente, quindi, che il racconto quotidiano che certa politica prova a vendere cozza fragorosamente con i dati che emergono da questa e da altre rilevazioni statistiche: spendiamo come e pi\u00f9 degli altri ma evidentemente spendiamo male.<\/em><br \/>\n<em>Per di pi\u00f9, non bisogna dimenticare come tali condizioni e la scarsit\u00e0 di servizi erogati ai Cittadini incidano pesantemente sul futuro dei pi\u00f9 giovani, portandoli ad allontanarsi dalla loro terra d&#8217;origine.<\/em><\/p>\n<p><em>Occorre domandarsi in cosa credono i nostri giovani, quelli che emigrano e quelli che coraggiosamente decidono di ritornare, come intendano realizzare le proprie legittime ambizioni sociali e professionali.<\/em><\/p>\n<p><em>La nostra area metropolitana si sta spopolando. I dati del centro studi Cresme indicano che la citt\u00e0 di Reggio da qui al 2033 perder\u00e0 circa 1.400 abitanti mentre la provincia 5.000. Una Citt\u00e0 che invecchia e in cui la spesa assistenziale \u00e8 pertanto destinata a aumentare aggravando ancora di pi\u00f9 la situazione.<\/em><\/p>\n<p><em>Rassegnarsi quindi? Certo che no e la parola chiave \u00e8 \u201crinnovamento\u201d.<\/em><\/p>\n<p><em>Appare assolutamente imprescindibile lavorare per la creazione di una classe dirigente capace e disinteressata, disponibile a mettersi al servizio della collettivit\u00e0 reggina mettendo in campo il proprio bagaglio di esperienze e competenze gi\u00e0 maturate nei campi professionali di provenienza. La politica a Reggio deve tornare ad essere servizio alla collettivit\u00e0 e non una sistemazione personale. Onda Orange nasce proprio con questa missione e nelle prossime settimane presenter\u00e0 alla <\/em><\/p>\n<p><em>Citt\u00e0 la visione di futuro per Reggio costruita insieme ai reggini.&#8221;, afferma Massimo Canale.<\/em><\/p>\n<p>&nbsp;<\/p>\n","protected":false},"excerpt":{"rendered":"<p>Tramite un comunicato, l&#8217;avv. Massimo Canale, candidato Sindaco alle prossime Comunali di Reggio e fondatore del Movimento Civico &#8220;Onda Orange&#8221;, commenta il piazzamento di Reggio in 107\u00b0 posizione, l&#8217;ultima, nella&hellip;<\/p>\n","protected":false},"author":5,"featured_media":86748,"comment_status":"closed","ping_status":"open","sticky":false,"template":"","format":"standard","meta":{"_jetpack_memberships_contains_paid_content":false,"footnotes":"","jetpack_publicize_message":"","jetpack_publicize_feature_enabled":true,"jetpack_social_post_already_shared":true,"jetpack_social_options":{"image_generator_settings":{"template":"highway","default_image_id":0,"font":"","enabled":false},"version":2}},"categories":[921,196,140],"tags":[777,49236,28067,45854,49237,49238],"class_list":["post-86743","post","type-post","status-publish","format-standard","has-post-thumbnail","hentry","category-home","category-news","category-reggio-calabria","tag-classifica","tag-il-sole-24-pre","tag-massimo-canale","tag-movimento-onda-orange","tag-qualita-della-vita","tag-reggio-calabria-in-ultima-posizione"],"yoast_head":"<!-- This site is optimized with the Yoast SEO plugin v27.2 - https:\/\/yoast.com\/product\/yoast-seo-wordpress\/ -->\n<title>Massimo Canale sulla classifica del &quot;Sole 24 ore&quot;:\u00a0 Rassegnarsi quindi? Certo che no e la parola chiave \u00e8 &quot;rinnovamento&quot; - Radio Touring 104<\/title>\n<meta name=\"description\" content=\"Riportiamo la riflessione di Massimo Canale, fondatore del Movimento &quot;Onda Orange&quot; su piazzamento di Reggio nella classifica de Il Sole 24 Ore\" \/>\n<meta name=\"robots\" content=\"index, follow, max-snippet:-1, max-image-preview:large, max-video-preview:-1\" \/>\n<link rel=\"canonical\" href=\"https:\/\/progettotouring.it\/radiotouring104\/2025\/12\/02\/massimo-canale-sulla-classifica-del-sole-24-ore-rassegnarsi-quindi-certo-che-no-e-la-parola-chiave-e-rinnovamento\/\" \/>\n<meta property=\"og:locale\" content=\"it_IT\" \/>\n<meta property=\"og:type\" content=\"article\" \/>\n<meta property=\"og:title\" content=\"Massimo Canale sulla classifica del &quot;Sole 24 ore&quot;:\u00a0 Rassegnarsi quindi? Certo che no e la parola chiave \u00e8 &quot;rinnovamento&quot; - Radio Touring 104\" \/>\n<meta property=\"og:description\" content=\"Riportiamo la riflessione di Massimo Canale, fondatore del Movimento &quot;Onda Orange&quot; su piazzamento di Reggio nella classifica de Il Sole 24 Ore\" \/>\n<meta property=\"og:url\" content=\"https:\/\/progettotouring.it\/radiotouring104\/2025\/12\/02\/massimo-canale-sulla-classifica-del-sole-24-ore-rassegnarsi-quindi-certo-che-no-e-la-parola-chiave-e-rinnovamento\/\" \/>\n<meta property=\"og:site_name\" content=\"Radio Touring 104\" \/>\n<meta property=\"article:published_time\" content=\"2025-12-02T08:53:31+00:00\" \/>\n<meta property=\"article:modified_time\" content=\"2025-12-02T09:52:51+00:00\" \/>\n<meta property=\"og:image\" content=\"https:\/\/progettotouring.it\/radiotouring104\/wp-content\/uploads\/sites\/6\/2025\/12\/Massimo-Canale-3.gif\" \/>\n\t<meta property=\"og:image:width\" content=\"314\" \/>\n\t<meta property=\"og:image:height\" content=\"335\" \/>\n\t<meta property=\"og:image:type\" content=\"image\/gif\" \/>\n<meta name=\"author\" content=\"redazione\" \/>\n<meta name=\"twitter:card\" content=\"summary_large_image\" \/>\n<meta name=\"twitter:label1\" content=\"Scritto da\" \/>\n\t<meta name=\"twitter:data1\" content=\"redazione\" \/>\n\t<meta name=\"twitter:label2\" content=\"Tempo di lettura stimato\" \/>\n\t<meta name=\"twitter:data2\" content=\"2 minuti\" \/>\n<script type=\"application\/ld+json\" class=\"yoast-schema-graph\">{\"@context\":\"https:\/\/schema.org\",\"@graph\":[{\"@type\":\"Article\",\"@id\":\"https:\/\/progettotouring.it\/radiotouring104\/2025\/12\/02\/massimo-canale-sulla-classifica-del-sole-24-ore-rassegnarsi-quindi-certo-che-no-e-la-parola-chiave-e-rinnovamento\/#article\",\"isPartOf\":{\"@id\":\"https:\/\/progettotouring.it\/radiotouring104\/2025\/12\/02\/massimo-canale-sulla-classifica-del-sole-24-ore-rassegnarsi-quindi-certo-che-no-e-la-parola-chiave-e-rinnovamento\/\"},\"author\":{\"name\":\"redazione\",\"@id\":\"https:\/\/progettotouring.it\/radiotouring104\/#\/schema\/person\/1b3eb3c07c47136bc44c785c543e635f\"},\"headline\":\"Massimo Canale sulla classifica del &#8220;Sole 24 ore&#8221;:\u00a0 Rassegnarsi quindi? Certo che no e la parola chiave \u00e8 &#8220;rinnovamento&#8221;\",\"datePublished\":\"2025-12-02T08:53:31+00:00\",\"dateModified\":\"2025-12-02T09:52:51+00:00\",\"mainEntityOfPage\":{\"@id\":\"https:\/\/progettotouring.it\/radiotouring104\/2025\/12\/02\/massimo-canale-sulla-classifica-del-sole-24-ore-rassegnarsi-quindi-certo-che-no-e-la-parola-chiave-e-rinnovamento\/\"},\"wordCount\":456,\"publisher\":{\"@id\":\"https:\/\/progettotouring.it\/radiotouring104\/#organization\"},\"image\":{\"@id\":\"https:\/\/progettotouring.it\/radiotouring104\/2025\/12\/02\/massimo-canale-sulla-classifica-del-sole-24-ore-rassegnarsi-quindi-certo-che-no-e-la-parola-chiave-e-rinnovamento\/#primaryimage\"},\"thumbnailUrl\":\"https:\/\/progettotouring.it\/radiotouring104\/wp-content\/uploads\/sites\/6\/2025\/12\/Massimo-Canale-3.gif\",\"keywords\":[\"classifica\",\"il sole 24 pre\",\"Massimo Canale\",\"Movimento Onda Orange\",\"qualit\u00e0 della vita\",\"reggio calabria in ultima posizione\"],\"articleSection\":[\"Home\",\"News\",\"Reggio Calabria\"],\"inLanguage\":\"it-IT\"},{\"@type\":\"WebPage\",\"@id\":\"https:\/\/progettotouring.it\/radiotouring104\/2025\/12\/02\/massimo-canale-sulla-classifica-del-sole-24-ore-rassegnarsi-quindi-certo-che-no-e-la-parola-chiave-e-rinnovamento\/\",\"url\":\"https:\/\/progettotouring.it\/radiotouring104\/2025\/12\/02\/massimo-canale-sulla-classifica-del-sole-24-ore-rassegnarsi-quindi-certo-che-no-e-la-parola-chiave-e-rinnovamento\/\",\"name\":\"Massimo Canale sulla classifica del \\\"Sole 24 ore\\\":\u00a0 Rassegnarsi quindi? Certo che no e la parola chiave \u00e8 \\\"rinnovamento\\\" - Radio Touring 104\",\"isPartOf\":{\"@id\":\"https:\/\/progettotouring.it\/radiotouring104\/#website\"},\"primaryImageOfPage\":{\"@id\":\"https:\/\/progettotouring.it\/radiotouring104\/2025\/12\/02\/massimo-canale-sulla-classifica-del-sole-24-ore-rassegnarsi-quindi-certo-che-no-e-la-parola-chiave-e-rinnovamento\/#primaryimage\"},\"image\":{\"@id\":\"https:\/\/progettotouring.it\/radiotouring104\/2025\/12\/02\/massimo-canale-sulla-classifica-del-sole-24-ore-rassegnarsi-quindi-certo-che-no-e-la-parola-chiave-e-rinnovamento\/#primaryimage\"},\"thumbnailUrl\":\"https:\/\/progettotouring.it\/radiotouring104\/wp-content\/uploads\/sites\/6\/2025\/12\/Massimo-Canale-3.gif\",\"datePublished\":\"2025-12-02T08:53:31+00:00\",\"dateModified\":\"2025-12-02T09:52:51+00:00\",\"description\":\"Riportiamo la riflessione di Massimo Canale, fondatore del Movimento \\\"Onda Orange\\\" su piazzamento di Reggio nella classifica de Il Sole 24 Ore\",\"breadcrumb\":{\"@id\":\"https:\/\/progettotouring.it\/radiotouring104\/2025\/12\/02\/massimo-canale-sulla-classifica-del-sole-24-ore-rassegnarsi-quindi-certo-che-no-e-la-parola-chiave-e-rinnovamento\/#breadcrumb\"},\"inLanguage\":\"it-IT\",\"potentialAction\":[{\"@type\":\"ReadAction\",\"target\":[\"https:\/\/progettotouring.it\/radiotouring104\/2025\/12\/02\/massimo-canale-sulla-classifica-del-sole-24-ore-rassegnarsi-quindi-certo-che-no-e-la-parola-chiave-e-rinnovamento\/\"]}]},{\"@type\":\"ImageObject\",\"inLanguage\":\"it-IT\",\"@id\":\"https:\/\/progettotouring.it\/radiotouring104\/2025\/12\/02\/massimo-canale-sulla-classifica-del-sole-24-ore-rassegnarsi-quindi-certo-che-no-e-la-parola-chiave-e-rinnovamento\/#primaryimage\",\"url\":\"https:\/\/progettotouring.it\/radiotouring104\/wp-content\/uploads\/sites\/6\/2025\/12\/Massimo-Canale-3.gif\",\"contentUrl\":\"https:\/\/progettotouring.it\/radiotouring104\/wp-content\/uploads\/sites\/6\/2025\/12\/Massimo-Canale-3.gif\",\"width\":314,\"height\":335},{\"@type\":\"BreadcrumbList\",\"@id\":\"https:\/\/progettotouring.it\/radiotouring104\/2025\/12\/02\/massimo-canale-sulla-classifica-del-sole-24-ore-rassegnarsi-quindi-certo-che-no-e-la-parola-chiave-e-rinnovamento\/#breadcrumb\",\"itemListElement\":[{\"@type\":\"ListItem\",\"position\":1,\"name\":\"Home\",\"item\":\"https:\/\/progettotouring.it\/radiotouring104\/\"},{\"@type\":\"ListItem\",\"position\":2,\"name\":\"Massimo Canale sulla classifica del &#8220;Sole 24 ore&#8221;:\u00a0 Rassegnarsi quindi? Certo che no e la parola chiave \u00e8 &#8220;rinnovamento&#8221;\"}]},{\"@type\":\"WebSite\",\"@id\":\"https:\/\/progettotouring.it\/radiotouring104\/#website\",\"url\":\"https:\/\/progettotouring.it\/radiotouring104\/\",\"name\":\"Radio Touring 104\",\"description\":\"La prima radio Reggina\",\"publisher\":{\"@id\":\"https:\/\/progettotouring.it\/radiotouring104\/#organization\"},\"potentialAction\":[{\"@type\":\"SearchAction\",\"target\":{\"@type\":\"EntryPoint\",\"urlTemplate\":\"https:\/\/progettotouring.it\/radiotouring104\/?s={search_term_string}\"},\"query-input\":{\"@type\":\"PropertyValueSpecification\",\"valueRequired\":true,\"valueName\":\"search_term_string\"}}],\"inLanguage\":\"it-IT\"},{\"@type\":\"Organization\",\"@id\":\"https:\/\/progettotouring.it\/radiotouring104\/#organization\",\"name\":\"Radio Touring 104\",\"url\":\"https:\/\/progettotouring.it\/radiotouring104\/\",\"logo\":{\"@type\":\"ImageObject\",\"inLanguage\":\"it-IT\",\"@id\":\"https:\/\/progettotouring.it\/radiotouring104\/#\/schema\/logo\/image\/\",\"url\":\"https:\/\/progettotouring.it\/radiotouring104\/wp-content\/uploads\/sites\/6\/2022\/02\/cropped-logo-radio-touring-104.png\",\"contentUrl\":\"https:\/\/progettotouring.it\/radiotouring104\/wp-content\/uploads\/sites\/6\/2022\/02\/cropped-logo-radio-touring-104.png\",\"width\":377,\"height\":182,\"caption\":\"Radio Touring 104\"},\"image\":{\"@id\":\"https:\/\/progettotouring.it\/radiotouring104\/#\/schema\/logo\/image\/\"}},{\"@type\":\"Person\",\"@id\":\"https:\/\/progettotouring.it\/radiotouring104\/#\/schema\/person\/1b3eb3c07c47136bc44c785c543e635f\",\"name\":\"redazione\",\"image\":{\"@type\":\"ImageObject\",\"inLanguage\":\"it-IT\",\"@id\":\"https:\/\/secure.gravatar.com\/avatar\/0b31605b49f100769e8b624b3e05de1b73e1692e9568a352f60f53fd072e6e11?s=96&d=mm&r=g\",\"url\":\"https:\/\/secure.gravatar.com\/avatar\/0b31605b49f100769e8b624b3e05de1b73e1692e9568a352f60f53fd072e6e11?s=96&d=mm&r=g\",\"contentUrl\":\"https:\/\/secure.gravatar.com\/avatar\/0b31605b49f100769e8b624b3e05de1b73e1692e9568a352f60f53fd072e6e11?s=96&d=mm&r=g\",\"caption\":\"redazione\"},\"url\":\"https:\/\/progettotouring.it\/radiotouring104\/author\/redazione\/\"}]}<\/script>\n<!-- \/ Yoast SEO plugin. -->","yoast_head_json":{"title":"Massimo Canale sulla classifica del \"Sole 24 ore\":\u00a0 Rassegnarsi quindi? Certo che no e la parola chiave \u00e8 \"rinnovamento\" - Radio Touring 104","description":"Riportiamo la riflessione di Massimo Canale, fondatore del Movimento \"Onda Orange\" su piazzamento di Reggio nella classifica de Il Sole 24 Ore","robots":{"index":"index","follow":"follow","max-snippet":"max-snippet:-1","max-image-preview":"max-image-preview:large","max-video-preview":"max-video-preview:-1"},"canonical":"https:\/\/progettotouring.it\/radiotouring104\/2025\/12\/02\/massimo-canale-sulla-classifica-del-sole-24-ore-rassegnarsi-quindi-certo-che-no-e-la-parola-chiave-e-rinnovamento\/","og_locale":"it_IT","og_type":"article","og_title":"Massimo Canale sulla classifica del \"Sole 24 ore\":\u00a0 Rassegnarsi quindi? Certo che no e la parola chiave \u00e8 \"rinnovamento\" - Radio Touring 104","og_description":"Riportiamo la riflessione di Massimo Canale, fondatore del Movimento \"Onda Orange\" su piazzamento di Reggio nella classifica de Il Sole 24 Ore","og_url":"https:\/\/progettotouring.it\/radiotouring104\/2025\/12\/02\/massimo-canale-sulla-classifica-del-sole-24-ore-rassegnarsi-quindi-certo-che-no-e-la-parola-chiave-e-rinnovamento\/","og_site_name":"Radio Touring 104","article_published_time":"2025-12-02T08:53:31+00:00","article_modified_time":"2025-12-02T09:52:51+00:00","og_image":[{"width":314,"height":335,"url":"https:\/\/progettotouring.it\/radiotouring104\/wp-content\/uploads\/sites\/6\/2025\/12\/Massimo-Canale-3.gif","type":"image\/gif"}],"author":"redazione","twitter_card":"summary_large_image","twitter_misc":{"Scritto da":"redazione","Tempo di lettura stimato":"2 minuti"},"schema":{"@context":"https:\/\/schema.org","@graph":[{"@type":"Article","@id":"https:\/\/progettotouring.it\/radiotouring104\/2025\/12\/02\/massimo-canale-sulla-classifica-del-sole-24-ore-rassegnarsi-quindi-certo-che-no-e-la-parola-chiave-e-rinnovamento\/#article","isPartOf":{"@id":"https:\/\/progettotouring.it\/radiotouring104\/2025\/12\/02\/massimo-canale-sulla-classifica-del-sole-24-ore-rassegnarsi-quindi-certo-che-no-e-la-parola-chiave-e-rinnovamento\/"},"author":{"name":"redazione","@id":"https:\/\/progettotouring.it\/radiotouring104\/#\/schema\/person\/1b3eb3c07c47136bc44c785c543e635f"},"headline":"Massimo Canale sulla classifica del &#8220;Sole 24 ore&#8221;:\u00a0 Rassegnarsi quindi? Certo che no e la parola chiave \u00e8 &#8220;rinnovamento&#8221;","datePublished":"2025-12-02T08:53:31+00:00","dateModified":"2025-12-02T09:52:51+00:00","mainEntityOfPage":{"@id":"https:\/\/progettotouring.it\/radiotouring104\/2025\/12\/02\/massimo-canale-sulla-classifica-del-sole-24-ore-rassegnarsi-quindi-certo-che-no-e-la-parola-chiave-e-rinnovamento\/"},"wordCount":456,"publisher":{"@id":"https:\/\/progettotouring.it\/radiotouring104\/#organization"},"image":{"@id":"https:\/\/progettotouring.it\/radiotouring104\/2025\/12\/02\/massimo-canale-sulla-classifica-del-sole-24-ore-rassegnarsi-quindi-certo-che-no-e-la-parola-chiave-e-rinnovamento\/#primaryimage"},"thumbnailUrl":"https:\/\/progettotouring.it\/radiotouring104\/wp-content\/uploads\/sites\/6\/2025\/12\/Massimo-Canale-3.gif","keywords":["classifica","il sole 24 pre","Massimo Canale","Movimento Onda Orange","qualit\u00e0 della vita","reggio calabria in ultima posizione"],"articleSection":["Home","News","Reggio Calabria"],"inLanguage":"it-IT"},{"@type":"WebPage","@id":"https:\/\/progettotouring.it\/radiotouring104\/2025\/12\/02\/massimo-canale-sulla-classifica-del-sole-24-ore-rassegnarsi-quindi-certo-che-no-e-la-parola-chiave-e-rinnovamento\/","url":"https:\/\/progettotouring.it\/radiotouring104\/2025\/12\/02\/massimo-canale-sulla-classifica-del-sole-24-ore-rassegnarsi-quindi-certo-che-no-e-la-parola-chiave-e-rinnovamento\/","name":"Massimo Canale sulla classifica del \"Sole 24 ore\":\u00a0 Rassegnarsi quindi? Certo che no e la parola chiave \u00e8 \"rinnovamento\" - Radio Touring 104","isPartOf":{"@id":"https:\/\/progettotouring.it\/radiotouring104\/#website"},"primaryImageOfPage":{"@id":"https:\/\/progettotouring.it\/radiotouring104\/2025\/12\/02\/massimo-canale-sulla-classifica-del-sole-24-ore-rassegnarsi-quindi-certo-che-no-e-la-parola-chiave-e-rinnovamento\/#primaryimage"},"image":{"@id":"https:\/\/progettotouring.it\/radiotouring104\/2025\/12\/02\/massimo-canale-sulla-classifica-del-sole-24-ore-rassegnarsi-quindi-certo-che-no-e-la-parola-chiave-e-rinnovamento\/#primaryimage"},"thumbnailUrl":"https:\/\/progettotouring.it\/radiotouring104\/wp-content\/uploads\/sites\/6\/2025\/12\/Massimo-Canale-3.gif","datePublished":"2025-12-02T08:53:31+00:00","dateModified":"2025-12-02T09:52:51+00:00","description":"Riportiamo la riflessione di Massimo Canale, fondatore del Movimento \"Onda Orange\" su piazzamento di Reggio nella classifica de Il Sole 24 Ore","breadcrumb":{"@id":"https:\/\/progettotouring.it\/radiotouring104\/2025\/12\/02\/massimo-canale-sulla-classifica-del-sole-24-ore-rassegnarsi-quindi-certo-che-no-e-la-parola-chiave-e-rinnovamento\/#breadcrumb"},"inLanguage":"it-IT","potentialAction":[{"@type":"ReadAction","target":["https:\/\/progettotouring.it\/radiotouring104\/2025\/12\/02\/massimo-canale-sulla-classifica-del-sole-24-ore-rassegnarsi-quindi-certo-che-no-e-la-parola-chiave-e-rinnovamento\/"]}]},{"@type":"ImageObject","inLanguage":"it-IT","@id":"https:\/\/progettotouring.it\/radiotouring104\/2025\/12\/02\/massimo-canale-sulla-classifica-del-sole-24-ore-rassegnarsi-quindi-certo-che-no-e-la-parola-chiave-e-rinnovamento\/#primaryimage","url":"https:\/\/progettotouring.it\/radiotouring104\/wp-content\/uploads\/sites\/6\/2025\/12\/Massimo-Canale-3.gif","contentUrl":"https:\/\/progettotouring.it\/radiotouring104\/wp-content\/uploads\/sites\/6\/2025\/12\/Massimo-Canale-3.gif","width":314,"height":335},{"@type":"BreadcrumbList","@id":"https:\/\/progettotouring.it\/radiotouring104\/2025\/12\/02\/massimo-canale-sulla-classifica-del-sole-24-ore-rassegnarsi-quindi-certo-che-no-e-la-parola-chiave-e-rinnovamento\/#breadcrumb","itemListElement":[{"@type":"ListItem","position":1,"name":"Home","item":"https:\/\/progettotouring.it\/radiotouring104\/"},{"@type":"ListItem","position":2,"name":"Massimo Canale sulla classifica del &#8220;Sole 24 ore&#8221;:\u00a0 Rassegnarsi quindi? Certo che no e la parola chiave \u00e8 &#8220;rinnovamento&#8221;"}]},{"@type":"WebSite","@id":"https:\/\/progettotouring.it\/radiotouring104\/#website","url":"https:\/\/progettotouring.it\/radiotouring104\/","name":"Radio Touring 104","description":"La prima radio Reggina","publisher":{"@id":"https:\/\/progettotouring.it\/radiotouring104\/#organization"},"potentialAction":[{"@type":"SearchAction","target":{"@type":"EntryPoint","urlTemplate":"https:\/\/progettotouring.it\/radiotouring104\/?s={search_term_string}"},"query-input":{"@type":"PropertyValueSpecification","valueRequired":true,"valueName":"search_term_string"}}],"inLanguage":"it-IT"},{"@type":"Organization","@id":"https:\/\/progettotouring.it\/radiotouring104\/#organization","name":"Radio Touring 104","url":"https:\/\/progettotouring.it\/radiotouring104\/","logo":{"@type":"ImageObject","inLanguage":"it-IT","@id":"https:\/\/progettotouring.it\/radiotouring104\/#\/schema\/logo\/image\/","url":"https:\/\/progettotouring.it\/radiotouring104\/wp-content\/uploads\/sites\/6\/2022\/02\/cropped-logo-radio-touring-104.png","contentUrl":"https:\/\/progettotouring.it\/radiotouring104\/wp-content\/uploads\/sites\/6\/2022\/02\/cropped-logo-radio-touring-104.png","width":377,"height":182,"caption":"Radio Touring 104"},"image":{"@id":"https:\/\/progettotouring.it\/radiotouring104\/#\/schema\/logo\/image\/"}},{"@type":"Person","@id":"https:\/\/progettotouring.it\/radiotouring104\/#\/schema\/person\/1b3eb3c07c47136bc44c785c543e635f","name":"redazione","image":{"@type":"ImageObject","inLanguage":"it-IT","@id":"https:\/\/secure.gravatar.com\/avatar\/0b31605b49f100769e8b624b3e05de1b73e1692e9568a352f60f53fd072e6e11?s=96&d=mm&r=g","url":"https:\/\/secure.gravatar.com\/avatar\/0b31605b49f100769e8b624b3e05de1b73e1692e9568a352f60f53fd072e6e11?s=96&d=mm&r=g","contentUrl":"https:\/\/secure.gravatar.com\/avatar\/0b31605b49f100769e8b624b3e05de1b73e1692e9568a352f60f53fd072e6e11?s=96&d=mm&r=g","caption":"redazione"},"url":"https:\/\/progettotouring.it\/radiotouring104\/author\/redazione\/"}]}},"jetpack_publicize_connections":[],"jetpack_featured_media_url":"https:\/\/progettotouring.it\/radiotouring104\/wp-content\/uploads\/sites\/6\/2025\/12\/Massimo-Canale-3.gif","jetpack_sharing_enabled":true,"_links":{"self":[{"href":"https:\/\/progettotouring.it\/radiotouring104\/wp-json\/wp\/v2\/posts\/86743","targetHints":{"allow":["GET"]}}],"collection":[{"href":"https:\/\/progettotouring.it\/radiotouring104\/wp-json\/wp\/v2\/posts"}],"about":[{"href":"https:\/\/progettotouring.it\/radiotouring104\/wp-json\/wp\/v2\/types\/post"}],"author":[{"embeddable":true,"href":"https:\/\/progettotouring.it\/radiotouring104\/wp-json\/wp\/v2\/users\/5"}],"replies":[{"embeddable":true,"href":"https:\/\/progettotouring.it\/radiotouring104\/wp-json\/wp\/v2\/comments?post=86743"}],"version-history":[{"count":1,"href":"https:\/\/progettotouring.it\/radiotouring104\/wp-json\/wp\/v2\/posts\/86743\/revisions"}],"predecessor-version":[{"id":86746,"href":"https:\/\/progettotouring.it\/radiotouring104\/wp-json\/wp\/v2\/posts\/86743\/revisions\/86746"}],"wp:featuredmedia":[{"embeddable":true,"href":"https:\/\/progettotouring.it\/radiotouring104\/wp-json\/wp\/v2\/media\/86748"}],"wp:attachment":[{"href":"https:\/\/progettotouring.it\/radiotouring104\/wp-json\/wp\/v2\/media?parent=86743"}],"wp:term":[{"taxonomy":"category","embeddable":true,"href":"https:\/\/progettotouring.it\/radiotouring104\/wp-json\/wp\/v2\/categories?post=86743"},{"taxonomy":"post_tag","embeddable":true,"href":"https:\/\/progettotouring.it\/radiotouring104\/wp-json\/wp\/v2\/tags?post=86743"}],"curies":[{"name":"wp","href":"https:\/\/api.w.org\/{rel}","templated":true}]}}