{"id":86749,"date":"2025-12-02T10:07:12","date_gmt":"2025-12-02T09:07:12","guid":{"rendered":"https:\/\/progettotouring.it\/radiotouring104\/?p=86749"},"modified":"2025-12-02T10:52:08","modified_gmt":"2025-12-02T09:52:08","slug":"melicucca-rc-siglato-accordo-tra-unireggio-e-comune","status":"publish","type":"post","link":"https:\/\/progettotouring.it\/radiotouring104\/2025\/12\/02\/melicucca-rc-siglato-accordo-tra-unireggio-e-comune\/","title":{"rendered":"Melicucc\u00e0 (RC): siglato accordo tra UniReggio e Comune"},"content":{"rendered":"<p>Unire formazione, storia e innovazione sociale in un\u2019unica, straordinaria esperienza: \u00e8 questo il cuore dell\u2019accordo siglato tra <strong>UniReggio <\/strong>e il <strong>Comune di Melicucc\u00e0<\/strong>, destinato a diventare un modello sperimentale unico nel panorama calabrese.<\/p>\n<p>Gli studenti del corso di formazione ID <strong>377.8 \u201cOperatore per l\u2019organizzazione e gestione delle attivit\u00e0 di segreteria, l\u2019accoglienza e le informazioni\u201d<\/strong>, finanziato dalla <strong>Regione Calabria<\/strong> nell\u2019ambito del programma <strong>GOL<\/strong>, entrano ora nella fase conclusiva delle attivit\u00e0 pratiche con un progetto <strong>dal valore storico, culturale e identitario senza precedenti<\/strong>.<\/p>\n<p>Il <strong>Presidente di UniReggio, Prof. Paolo Ferrara<\/strong>, ha voluto imprimere un segno distintivo indelebile all\u2019ultima fase del percorso formativo, individuando un\u2019iniziativa capace di unire competenze amministrative, valorizzazione del territorio e crescita personale:<br \/>\n<em>\u201c<strong>gli studenti saranno protagonisti dell\u2019inventario bibliotecario delle opere conservate all\u2019interno del prestigioso Palazzo Antonio Capua<\/strong>, bene storico donato dalla <strong>famiglia Capua<\/strong> al <strong>Comune di Melicucc\u00e0<\/strong>\u201d.<\/em><\/p>\n<p>Un edificio simbolo della storia calabrese, appartenuto all\u2019On. <strong>Antonio Capua<\/strong>: Deputato al Parlamento Italiano per diverse legislature, Senatore della Repubblica, punto di riferimento culturale e politico di straordinario spessore, uomo che ha sempre difeso la sua terra e promosso il valore della conoscenza come strumento di emancipazione.<\/p>\n<p>Il progetto consentir\u00e0 agli studenti non solo di \u201cmettere le mani\u201d sui materiali storici presenti nel Palazzo, ma di contribuire direttamente alla creazione di un patrimonio bibliotecario fruibile e ordinato, destinato a restare nella memoria della comunit\u00e0.<\/p>\n<p>Durante la visita negli uffici amministrativi del Comune, guidati dal <strong>Sindaco Vincenzo Oliverio<\/strong>, UniReggio e Amministrazione Comunale hanno delineato un percorso operativo che vede gli studenti <strong><em>\u201cnon pi\u00f9 semplici tirocinanti\u201d<\/em><\/strong>, ma <strong><em>\u201cautentici protagonisti di una rinascita culturale del territorio\u201d<\/em><\/strong>.<\/p>\n<p>L\u2019attivit\u00e0, coordinata dalla <strong>prof.ssa Sabrina Martorano<\/strong>, tutor di UniReggio e dal personale comunale, restituir\u00e0 alla collettivit\u00e0 un servizio prezioso, innovativo e di grande valore simbolico: <strong><em>\u201crimettere ordine ad un patrimonio culturale di enorme importanza storica\u201d, <\/em><\/strong>che potr\u00e0 cos\u00ec essere valorizzato, consultato e tramandato alle future generazioni.<\/p>\n<p><strong>Il Presidente di UniReggio, Prof. Paolo Ferrara:<\/strong><em> \u201cLa formazione non \u00e8 mera trasmissione di contenuti, ma creazione di esperienze straordinarie capaci di far sbocciare talenti e responsabilit\u00e0. Con questo progetto, UniReggio dimostra ancora una volta che innovare \u00e8 possibile quando si crede nei giovani e nelle potenzialit\u00e0 del territorio. Ringrazio il Sindaco Oliverio per la sensibilit\u00e0, la visione e la collaborazione istituzionale: insieme stiamo offrendo ai nostri studenti un\u2019opportunit\u00e0 irripetibile, che li prepara al mondo del lavoro con competenze reali, concrete e di eccellenza\u201d.<\/em><\/p>\n<p><strong>Il Sindaco di Melicucc\u00e0, Vincenzo Oliverio: <\/strong><em>\u201cAccogliamo con profondo entusiasmo questo progetto straordinario promosso da UniReggio. La nostra comunit\u00e0 beneficia di un servizio culturale innovativo e di grande pregio, mentre gli studenti vivono un\u2019esperienza unica nei luoghi simbolo della nostra storia. Esprimo sincero apprezzamento al Presidente Ferrara per la sua capacit\u00e0 di proporre idee sempre pi\u00f9 sensazionali e proiettate al futuro. Melicucc\u00e0 \u00e8 orgogliosa di collaborare con realt\u00e0 formative cos\u00ec visionarie\u201d.<\/em><\/p>\n<p>L\u2019accordo tra UniReggio e Comune di Melicucc\u00e0 \u00e8<strong> un progetto che guarda lontano <\/strong>e rappresenta <strong>un modello di formazione avanzata<\/strong>, dove il territorio diventa aula, la cultura diventa strumento professionale e la storia si trasforma in occasione di crescita.<\/p>\n<p>Gli studenti coinvolti nel progetto potranno sviluppare:<\/p>\n<ul>\n<li>competenze amministrative di alto livello<\/li>\n<li>gestione archivi e catalogazione<\/li>\n<li>accoglienza e front-office culturale<\/li>\n<li>capacit\u00e0 organizzative e operative<\/li>\n<li>lavoro di squadra e responsabilit\u00e0 sociale<\/li>\n<\/ul>\n<p>Unire formazione e patrimonio culturale significa offrire ai giovani <strong>non solo competenze<\/strong>, ma <strong>un senso di appartenenza, una missione, un futuro<\/strong>.<\/p>\n<p>In un tempo in cui la formazione rischia di essere percepita come astratta, UniReggio e il Comune di Melicucc\u00e0 offrono un messaggio forte: <strong>la Calabria pu\u00f2 crescere attraverso la valorizzazione delle sue intelligenze e dei suoi tesori<\/strong>.<\/p>\n<p>Con questo progetto, i giovani non apprendono soltanto: <strong>costruiscono, lasciano un\u2019impronta, generano valore<\/strong>.<\/p>\n<p>E nel silenzio dei libri di Palazzo Capua, ora destinati a nuova vita, risuona pi\u00f9 forte che mai la voce della formazione che crea futuro.<\/p>\n<p>&nbsp;<\/p>\n","protected":false},"excerpt":{"rendered":"<p>Unire formazione, storia e innovazione sociale in un\u2019unica, straordinaria esperienza: \u00e8 questo il cuore dell\u2019accordo siglato tra UniReggio e il Comune di Melicucc\u00e0, destinato a diventare un modello sperimentale unico&hellip;<\/p>\n","protected":false},"author":5,"featured_media":86750,"comment_status":"closed","ping_status":"open","sticky":false,"template":"","format":"standard","meta":{"_jetpack_memberships_contains_paid_content":false,"footnotes":"","jetpack_publicize_message":"","jetpack_publicize_feature_enabled":true,"jetpack_social_post_already_shared":true,"jetpack_social_options":{"image_generator_settings":{"template":"highway","default_image_id":0,"font":"","enabled":false},"version":2}},"categories":[921,196,140],"tags":[49239,4008,36627,49240,42991,1323,2465],"class_list":["post-86749","post","type-post","status-publish","format-standard","has-post-thumbnail","hentry","category-home","category-news","category-reggio-calabria","tag-comune-di-melicucca","tag-formazione","tag-prof-paolo-ferrara","tag-sindaco-di-melicucca-vincenzo-oliverio","tag-stipulato-accordo","tag-storia","tag-unireggio"],"yoast_head":"<!-- This site is optimized with the Yoast SEO plugin v27.2 - https:\/\/yoast.com\/product\/yoast-seo-wordpress\/ -->\n<title>Melicucc\u00e0 (RC): siglato accordo tra UniReggio e Comune - Radio Touring 104<\/title>\n<meta name=\"description\" content=\"L&#039;obiettivo dell&#039;accordo stipulato sar\u00e0 quello di unire formazione, storia e innovazione sociale in un\u2019unica, straordinaria esperienza\" \/>\n<meta name=\"robots\" content=\"index, follow, max-snippet:-1, max-image-preview:large, max-video-preview:-1\" \/>\n<link rel=\"canonical\" href=\"https:\/\/progettotouring.it\/radiotouring104\/2025\/12\/02\/melicucca-rc-siglato-accordo-tra-unireggio-e-comune\/\" \/>\n<meta property=\"og:locale\" content=\"it_IT\" \/>\n<meta property=\"og:type\" content=\"article\" \/>\n<meta property=\"og:title\" content=\"Melicucc\u00e0 (RC): siglato accordo tra UniReggio e Comune - Radio Touring 104\" \/>\n<meta property=\"og:description\" content=\"L&#039;obiettivo dell&#039;accordo stipulato sar\u00e0 quello di unire formazione, storia e innovazione sociale in un\u2019unica, straordinaria esperienza\" \/>\n<meta property=\"og:url\" content=\"https:\/\/progettotouring.it\/radiotouring104\/2025\/12\/02\/melicucca-rc-siglato-accordo-tra-unireggio-e-comune\/\" \/>\n<meta property=\"og:site_name\" content=\"Radio Touring 104\" \/>\n<meta property=\"article:published_time\" content=\"2025-12-02T09:07:12+00:00\" \/>\n<meta property=\"article:modified_time\" content=\"2025-12-02T09:52:08+00:00\" \/>\n<meta property=\"og:image\" content=\"https:\/\/progettotouring.it\/radiotouring104\/wp-content\/uploads\/sites\/6\/2025\/12\/accordo-Comune-Melicucca-UniReggio-Paolo-Ferrara.gif\" \/>\n\t<meta property=\"og:image:width\" content=\"484\" \/>\n\t<meta property=\"og:image:height\" content=\"346\" \/>\n\t<meta property=\"og:image:type\" content=\"image\/gif\" \/>\n<meta name=\"author\" content=\"redazione\" \/>\n<meta name=\"twitter:card\" content=\"summary_large_image\" \/>\n<meta name=\"twitter:label1\" content=\"Scritto da\" \/>\n\t<meta name=\"twitter:data1\" content=\"redazione\" \/>\n\t<meta name=\"twitter:label2\" content=\"Tempo di lettura stimato\" \/>\n\t<meta name=\"twitter:data2\" content=\"3 minuti\" \/>\n<script type=\"application\/ld+json\" class=\"yoast-schema-graph\">{\"@context\":\"https:\/\/schema.org\",\"@graph\":[{\"@type\":\"Article\",\"@id\":\"https:\/\/progettotouring.it\/radiotouring104\/2025\/12\/02\/melicucca-rc-siglato-accordo-tra-unireggio-e-comune\/#article\",\"isPartOf\":{\"@id\":\"https:\/\/progettotouring.it\/radiotouring104\/2025\/12\/02\/melicucca-rc-siglato-accordo-tra-unireggio-e-comune\/\"},\"author\":{\"name\":\"redazione\",\"@id\":\"https:\/\/progettotouring.it\/radiotouring104\/#\/schema\/person\/1b3eb3c07c47136bc44c785c543e635f\"},\"headline\":\"Melicucc\u00e0 (RC): siglato accordo tra UniReggio e Comune\",\"datePublished\":\"2025-12-02T09:07:12+00:00\",\"dateModified\":\"2025-12-02T09:52:08+00:00\",\"mainEntityOfPage\":{\"@id\":\"https:\/\/progettotouring.it\/radiotouring104\/2025\/12\/02\/melicucca-rc-siglato-accordo-tra-unireggio-e-comune\/\"},\"wordCount\":646,\"publisher\":{\"@id\":\"https:\/\/progettotouring.it\/radiotouring104\/#organization\"},\"image\":{\"@id\":\"https:\/\/progettotouring.it\/radiotouring104\/2025\/12\/02\/melicucca-rc-siglato-accordo-tra-unireggio-e-comune\/#primaryimage\"},\"thumbnailUrl\":\"https:\/\/progettotouring.it\/radiotouring104\/wp-content\/uploads\/sites\/6\/2025\/12\/accordo-Comune-Melicucca-UniReggio-Paolo-Ferrara.gif\",\"keywords\":[\"Comune di Melicucc\u00e0\",\"formazione\",\"prof Paolo Ferrara\",\"Sindaco di Melicucc\u00e0 Vincenzo Oliverio:\",\"stipulato accordo\",\"storia\",\"unireggio\"],\"articleSection\":[\"Home\",\"News\",\"Reggio Calabria\"],\"inLanguage\":\"it-IT\"},{\"@type\":\"WebPage\",\"@id\":\"https:\/\/progettotouring.it\/radiotouring104\/2025\/12\/02\/melicucca-rc-siglato-accordo-tra-unireggio-e-comune\/\",\"url\":\"https:\/\/progettotouring.it\/radiotouring104\/2025\/12\/02\/melicucca-rc-siglato-accordo-tra-unireggio-e-comune\/\",\"name\":\"Melicucc\u00e0 (RC): siglato accordo tra UniReggio e Comune - Radio Touring 104\",\"isPartOf\":{\"@id\":\"https:\/\/progettotouring.it\/radiotouring104\/#website\"},\"primaryImageOfPage\":{\"@id\":\"https:\/\/progettotouring.it\/radiotouring104\/2025\/12\/02\/melicucca-rc-siglato-accordo-tra-unireggio-e-comune\/#primaryimage\"},\"image\":{\"@id\":\"https:\/\/progettotouring.it\/radiotouring104\/2025\/12\/02\/melicucca-rc-siglato-accordo-tra-unireggio-e-comune\/#primaryimage\"},\"thumbnailUrl\":\"https:\/\/progettotouring.it\/radiotouring104\/wp-content\/uploads\/sites\/6\/2025\/12\/accordo-Comune-Melicucca-UniReggio-Paolo-Ferrara.gif\",\"datePublished\":\"2025-12-02T09:07:12+00:00\",\"dateModified\":\"2025-12-02T09:52:08+00:00\",\"description\":\"L'obiettivo dell'accordo stipulato sar\u00e0 quello di unire formazione, storia e innovazione sociale in un\u2019unica, straordinaria esperienza\",\"breadcrumb\":{\"@id\":\"https:\/\/progettotouring.it\/radiotouring104\/2025\/12\/02\/melicucca-rc-siglato-accordo-tra-unireggio-e-comune\/#breadcrumb\"},\"inLanguage\":\"it-IT\",\"potentialAction\":[{\"@type\":\"ReadAction\",\"target\":[\"https:\/\/progettotouring.it\/radiotouring104\/2025\/12\/02\/melicucca-rc-siglato-accordo-tra-unireggio-e-comune\/\"]}]},{\"@type\":\"ImageObject\",\"inLanguage\":\"it-IT\",\"@id\":\"https:\/\/progettotouring.it\/radiotouring104\/2025\/12\/02\/melicucca-rc-siglato-accordo-tra-unireggio-e-comune\/#primaryimage\",\"url\":\"https:\/\/progettotouring.it\/radiotouring104\/wp-content\/uploads\/sites\/6\/2025\/12\/accordo-Comune-Melicucca-UniReggio-Paolo-Ferrara.gif\",\"contentUrl\":\"https:\/\/progettotouring.it\/radiotouring104\/wp-content\/uploads\/sites\/6\/2025\/12\/accordo-Comune-Melicucca-UniReggio-Paolo-Ferrara.gif\",\"width\":484,\"height\":346},{\"@type\":\"BreadcrumbList\",\"@id\":\"https:\/\/progettotouring.it\/radiotouring104\/2025\/12\/02\/melicucca-rc-siglato-accordo-tra-unireggio-e-comune\/#breadcrumb\",\"itemListElement\":[{\"@type\":\"ListItem\",\"position\":1,\"name\":\"Home\",\"item\":\"https:\/\/progettotouring.it\/radiotouring104\/\"},{\"@type\":\"ListItem\",\"position\":2,\"name\":\"Melicucc\u00e0 (RC): siglato accordo tra UniReggio e Comune\"}]},{\"@type\":\"WebSite\",\"@id\":\"https:\/\/progettotouring.it\/radiotouring104\/#website\",\"url\":\"https:\/\/progettotouring.it\/radiotouring104\/\",\"name\":\"Radio Touring 104\",\"description\":\"La prima radio Reggina\",\"publisher\":{\"@id\":\"https:\/\/progettotouring.it\/radiotouring104\/#organization\"},\"potentialAction\":[{\"@type\":\"SearchAction\",\"target\":{\"@type\":\"EntryPoint\",\"urlTemplate\":\"https:\/\/progettotouring.it\/radiotouring104\/?s={search_term_string}\"},\"query-input\":{\"@type\":\"PropertyValueSpecification\",\"valueRequired\":true,\"valueName\":\"search_term_string\"}}],\"inLanguage\":\"it-IT\"},{\"@type\":\"Organization\",\"@id\":\"https:\/\/progettotouring.it\/radiotouring104\/#organization\",\"name\":\"Radio Touring 104\",\"url\":\"https:\/\/progettotouring.it\/radiotouring104\/\",\"logo\":{\"@type\":\"ImageObject\",\"inLanguage\":\"it-IT\",\"@id\":\"https:\/\/progettotouring.it\/radiotouring104\/#\/schema\/logo\/image\/\",\"url\":\"https:\/\/progettotouring.it\/radiotouring104\/wp-content\/uploads\/sites\/6\/2022\/02\/cropped-logo-radio-touring-104.png\",\"contentUrl\":\"https:\/\/progettotouring.it\/radiotouring104\/wp-content\/uploads\/sites\/6\/2022\/02\/cropped-logo-radio-touring-104.png\",\"width\":377,\"height\":182,\"caption\":\"Radio Touring 104\"},\"image\":{\"@id\":\"https:\/\/progettotouring.it\/radiotouring104\/#\/schema\/logo\/image\/\"}},{\"@type\":\"Person\",\"@id\":\"https:\/\/progettotouring.it\/radiotouring104\/#\/schema\/person\/1b3eb3c07c47136bc44c785c543e635f\",\"name\":\"redazione\",\"image\":{\"@type\":\"ImageObject\",\"inLanguage\":\"it-IT\",\"@id\":\"https:\/\/secure.gravatar.com\/avatar\/0b31605b49f100769e8b624b3e05de1b73e1692e9568a352f60f53fd072e6e11?s=96&d=mm&r=g\",\"url\":\"https:\/\/secure.gravatar.com\/avatar\/0b31605b49f100769e8b624b3e05de1b73e1692e9568a352f60f53fd072e6e11?s=96&d=mm&r=g\",\"contentUrl\":\"https:\/\/secure.gravatar.com\/avatar\/0b31605b49f100769e8b624b3e05de1b73e1692e9568a352f60f53fd072e6e11?s=96&d=mm&r=g\",\"caption\":\"redazione\"},\"url\":\"https:\/\/progettotouring.it\/radiotouring104\/author\/redazione\/\"}]}<\/script>\n<!-- \/ Yoast SEO plugin. -->","yoast_head_json":{"title":"Melicucc\u00e0 (RC): siglato accordo tra UniReggio e Comune - Radio Touring 104","description":"L'obiettivo dell'accordo stipulato sar\u00e0 quello di unire formazione, storia e innovazione sociale in un\u2019unica, straordinaria esperienza","robots":{"index":"index","follow":"follow","max-snippet":"max-snippet:-1","max-image-preview":"max-image-preview:large","max-video-preview":"max-video-preview:-1"},"canonical":"https:\/\/progettotouring.it\/radiotouring104\/2025\/12\/02\/melicucca-rc-siglato-accordo-tra-unireggio-e-comune\/","og_locale":"it_IT","og_type":"article","og_title":"Melicucc\u00e0 (RC): siglato accordo tra UniReggio e Comune - Radio Touring 104","og_description":"L'obiettivo dell'accordo stipulato sar\u00e0 quello di unire formazione, storia e innovazione sociale in un\u2019unica, straordinaria esperienza","og_url":"https:\/\/progettotouring.it\/radiotouring104\/2025\/12\/02\/melicucca-rc-siglato-accordo-tra-unireggio-e-comune\/","og_site_name":"Radio Touring 104","article_published_time":"2025-12-02T09:07:12+00:00","article_modified_time":"2025-12-02T09:52:08+00:00","og_image":[{"width":484,"height":346,"url":"https:\/\/progettotouring.it\/radiotouring104\/wp-content\/uploads\/sites\/6\/2025\/12\/accordo-Comune-Melicucca-UniReggio-Paolo-Ferrara.gif","type":"image\/gif"}],"author":"redazione","twitter_card":"summary_large_image","twitter_misc":{"Scritto da":"redazione","Tempo di lettura stimato":"3 minuti"},"schema":{"@context":"https:\/\/schema.org","@graph":[{"@type":"Article","@id":"https:\/\/progettotouring.it\/radiotouring104\/2025\/12\/02\/melicucca-rc-siglato-accordo-tra-unireggio-e-comune\/#article","isPartOf":{"@id":"https:\/\/progettotouring.it\/radiotouring104\/2025\/12\/02\/melicucca-rc-siglato-accordo-tra-unireggio-e-comune\/"},"author":{"name":"redazione","@id":"https:\/\/progettotouring.it\/radiotouring104\/#\/schema\/person\/1b3eb3c07c47136bc44c785c543e635f"},"headline":"Melicucc\u00e0 (RC): siglato accordo tra UniReggio e Comune","datePublished":"2025-12-02T09:07:12+00:00","dateModified":"2025-12-02T09:52:08+00:00","mainEntityOfPage":{"@id":"https:\/\/progettotouring.it\/radiotouring104\/2025\/12\/02\/melicucca-rc-siglato-accordo-tra-unireggio-e-comune\/"},"wordCount":646,"publisher":{"@id":"https:\/\/progettotouring.it\/radiotouring104\/#organization"},"image":{"@id":"https:\/\/progettotouring.it\/radiotouring104\/2025\/12\/02\/melicucca-rc-siglato-accordo-tra-unireggio-e-comune\/#primaryimage"},"thumbnailUrl":"https:\/\/progettotouring.it\/radiotouring104\/wp-content\/uploads\/sites\/6\/2025\/12\/accordo-Comune-Melicucca-UniReggio-Paolo-Ferrara.gif","keywords":["Comune di Melicucc\u00e0","formazione","prof Paolo Ferrara","Sindaco di Melicucc\u00e0 Vincenzo Oliverio:","stipulato accordo","storia","unireggio"],"articleSection":["Home","News","Reggio Calabria"],"inLanguage":"it-IT"},{"@type":"WebPage","@id":"https:\/\/progettotouring.it\/radiotouring104\/2025\/12\/02\/melicucca-rc-siglato-accordo-tra-unireggio-e-comune\/","url":"https:\/\/progettotouring.it\/radiotouring104\/2025\/12\/02\/melicucca-rc-siglato-accordo-tra-unireggio-e-comune\/","name":"Melicucc\u00e0 (RC): siglato accordo tra UniReggio e Comune - Radio Touring 104","isPartOf":{"@id":"https:\/\/progettotouring.it\/radiotouring104\/#website"},"primaryImageOfPage":{"@id":"https:\/\/progettotouring.it\/radiotouring104\/2025\/12\/02\/melicucca-rc-siglato-accordo-tra-unireggio-e-comune\/#primaryimage"},"image":{"@id":"https:\/\/progettotouring.it\/radiotouring104\/2025\/12\/02\/melicucca-rc-siglato-accordo-tra-unireggio-e-comune\/#primaryimage"},"thumbnailUrl":"https:\/\/progettotouring.it\/radiotouring104\/wp-content\/uploads\/sites\/6\/2025\/12\/accordo-Comune-Melicucca-UniReggio-Paolo-Ferrara.gif","datePublished":"2025-12-02T09:07:12+00:00","dateModified":"2025-12-02T09:52:08+00:00","description":"L'obiettivo dell'accordo stipulato sar\u00e0 quello di unire formazione, storia e innovazione sociale in un\u2019unica, straordinaria esperienza","breadcrumb":{"@id":"https:\/\/progettotouring.it\/radiotouring104\/2025\/12\/02\/melicucca-rc-siglato-accordo-tra-unireggio-e-comune\/#breadcrumb"},"inLanguage":"it-IT","potentialAction":[{"@type":"ReadAction","target":["https:\/\/progettotouring.it\/radiotouring104\/2025\/12\/02\/melicucca-rc-siglato-accordo-tra-unireggio-e-comune\/"]}]},{"@type":"ImageObject","inLanguage":"it-IT","@id":"https:\/\/progettotouring.it\/radiotouring104\/2025\/12\/02\/melicucca-rc-siglato-accordo-tra-unireggio-e-comune\/#primaryimage","url":"https:\/\/progettotouring.it\/radiotouring104\/wp-content\/uploads\/sites\/6\/2025\/12\/accordo-Comune-Melicucca-UniReggio-Paolo-Ferrara.gif","contentUrl":"https:\/\/progettotouring.it\/radiotouring104\/wp-content\/uploads\/sites\/6\/2025\/12\/accordo-Comune-Melicucca-UniReggio-Paolo-Ferrara.gif","width":484,"height":346},{"@type":"BreadcrumbList","@id":"https:\/\/progettotouring.it\/radiotouring104\/2025\/12\/02\/melicucca-rc-siglato-accordo-tra-unireggio-e-comune\/#breadcrumb","itemListElement":[{"@type":"ListItem","position":1,"name":"Home","item":"https:\/\/progettotouring.it\/radiotouring104\/"},{"@type":"ListItem","position":2,"name":"Melicucc\u00e0 (RC): siglato accordo tra UniReggio e Comune"}]},{"@type":"WebSite","@id":"https:\/\/progettotouring.it\/radiotouring104\/#website","url":"https:\/\/progettotouring.it\/radiotouring104\/","name":"Radio Touring 104","description":"La prima radio Reggina","publisher":{"@id":"https:\/\/progettotouring.it\/radiotouring104\/#organization"},"potentialAction":[{"@type":"SearchAction","target":{"@type":"EntryPoint","urlTemplate":"https:\/\/progettotouring.it\/radiotouring104\/?s={search_term_string}"},"query-input":{"@type":"PropertyValueSpecification","valueRequired":true,"valueName":"search_term_string"}}],"inLanguage":"it-IT"},{"@type":"Organization","@id":"https:\/\/progettotouring.it\/radiotouring104\/#organization","name":"Radio Touring 104","url":"https:\/\/progettotouring.it\/radiotouring104\/","logo":{"@type":"ImageObject","inLanguage":"it-IT","@id":"https:\/\/progettotouring.it\/radiotouring104\/#\/schema\/logo\/image\/","url":"https:\/\/progettotouring.it\/radiotouring104\/wp-content\/uploads\/sites\/6\/2022\/02\/cropped-logo-radio-touring-104.png","contentUrl":"https:\/\/progettotouring.it\/radiotouring104\/wp-content\/uploads\/sites\/6\/2022\/02\/cropped-logo-radio-touring-104.png","width":377,"height":182,"caption":"Radio Touring 104"},"image":{"@id":"https:\/\/progettotouring.it\/radiotouring104\/#\/schema\/logo\/image\/"}},{"@type":"Person","@id":"https:\/\/progettotouring.it\/radiotouring104\/#\/schema\/person\/1b3eb3c07c47136bc44c785c543e635f","name":"redazione","image":{"@type":"ImageObject","inLanguage":"it-IT","@id":"https:\/\/secure.gravatar.com\/avatar\/0b31605b49f100769e8b624b3e05de1b73e1692e9568a352f60f53fd072e6e11?s=96&d=mm&r=g","url":"https:\/\/secure.gravatar.com\/avatar\/0b31605b49f100769e8b624b3e05de1b73e1692e9568a352f60f53fd072e6e11?s=96&d=mm&r=g","contentUrl":"https:\/\/secure.gravatar.com\/avatar\/0b31605b49f100769e8b624b3e05de1b73e1692e9568a352f60f53fd072e6e11?s=96&d=mm&r=g","caption":"redazione"},"url":"https:\/\/progettotouring.it\/radiotouring104\/author\/redazione\/"}]}},"jetpack_publicize_connections":[],"jetpack_featured_media_url":"https:\/\/progettotouring.it\/radiotouring104\/wp-content\/uploads\/sites\/6\/2025\/12\/accordo-Comune-Melicucca-UniReggio-Paolo-Ferrara.gif","jetpack_sharing_enabled":true,"_links":{"self":[{"href":"https:\/\/progettotouring.it\/radiotouring104\/wp-json\/wp\/v2\/posts\/86749","targetHints":{"allow":["GET"]}}],"collection":[{"href":"https:\/\/progettotouring.it\/radiotouring104\/wp-json\/wp\/v2\/posts"}],"about":[{"href":"https:\/\/progettotouring.it\/radiotouring104\/wp-json\/wp\/v2\/types\/post"}],"author":[{"embeddable":true,"href":"https:\/\/progettotouring.it\/radiotouring104\/wp-json\/wp\/v2\/users\/5"}],"replies":[{"embeddable":true,"href":"https:\/\/progettotouring.it\/radiotouring104\/wp-json\/wp\/v2\/comments?post=86749"}],"version-history":[{"count":1,"href":"https:\/\/progettotouring.it\/radiotouring104\/wp-json\/wp\/v2\/posts\/86749\/revisions"}],"predecessor-version":[{"id":86751,"href":"https:\/\/progettotouring.it\/radiotouring104\/wp-json\/wp\/v2\/posts\/86749\/revisions\/86751"}],"wp:featuredmedia":[{"embeddable":true,"href":"https:\/\/progettotouring.it\/radiotouring104\/wp-json\/wp\/v2\/media\/86750"}],"wp:attachment":[{"href":"https:\/\/progettotouring.it\/radiotouring104\/wp-json\/wp\/v2\/media?parent=86749"}],"wp:term":[{"taxonomy":"category","embeddable":true,"href":"https:\/\/progettotouring.it\/radiotouring104\/wp-json\/wp\/v2\/categories?post=86749"},{"taxonomy":"post_tag","embeddable":true,"href":"https:\/\/progettotouring.it\/radiotouring104\/wp-json\/wp\/v2\/tags?post=86749"}],"curies":[{"name":"wp","href":"https:\/\/api.w.org\/{rel}","templated":true}]}}