{"id":86752,"date":"2025-12-02T10:19:40","date_gmt":"2025-12-02T09:19:40","guid":{"rendered":"https:\/\/progettotouring.it\/radiotouring104\/?p=86752"},"modified":"2025-12-02T10:52:01","modified_gmt":"2025-12-02T09:52:01","slug":"expo-calabria-2025-al-via-con-cira-lombardo-alex-belli-delia-duran-e-pierangelo-petrelli","status":"publish","type":"post","link":"https:\/\/progettotouring.it\/radiotouring104\/2025\/12\/02\/expo-calabria-2025-al-via-con-cira-lombardo-alex-belli-delia-duran-e-pierangelo-petrelli\/","title":{"rendered":"Expo Calabria 2025 al via con Cira Lombardo, Alex Belli, Delia Duran e Pierangelo Petrelli"},"content":{"rendered":"<p>Manca ormai poco all\u2019avvio della 15esima edizione di \u201cExpo Calabria\u201d, in programma dal 4 all\u20198 dicembre 2025, presso il Parco commerciale Annunziata di Gioia Tauro.<\/p>\n<p>Un evento molto importante ed in continua evoluzione. Un progetto portato avanti con grande passione e dedizione dal direttore generale Antonio Rositano.<\/p>\n<p>Una fiera che non \u00e8 solo vetrina di stile ed eccellenza ma \u00e8, soprattutto, piattaforma di sviluppo, laboratorio di idee e luogo di confronto per un settore, quello del wedding e di tutti i servizi collegati, che cresce e continua a generare valore, occupazione e nuove prospettive di crescita.<\/p>\n<p>\u00c8 prevista per gioved\u00ec 4 dicembre, alle ore 16 e 30, l\u2019inaugurazione in grande stile con il tradizionale taglio del nastro e il brindisi inaugurale alla presenza dell\u2019ospite Cira Lombardo, figura di riferimento nel panorama nazionale del wedding.<\/p>\n<p>A seguire, alle 17 e 30, si terr\u00e0 l\u2019incontro \u201cFormazione in Calabria: opportunit\u00e0 e prospettive per il settore del wedding\u201d, un appuntamento cardine della fiera che vedr\u00e0 riuniti professionisti ed esperti per approfondire le trasformazioni in corso, i nuovi scenari del comparto e le esigenze di un\u2019offerta sempre pi\u00f9 qualificata. Un confronto che metter\u00e0 in luce la crescita costante del comparto, la sua capacit\u00e0 di generare indotto e il ruolo decisivo che riveste nel dinamismo economico del territorio. Alla kermesse prenderanno parte il Consigliere regionale Domenico Giannetta e il sindaco di Gioia Tauro, Simona Scarcella, con tutta l\u2019amministrazione comunale, vista l\u2019importanza dell\u2019evento per l\u2019intero territorio. Gli appuntamenti saranno presentati da Alessandra Giulivo ed Eva Giumbo.<\/p>\n<p>L\u2019appuntamento offrir\u00e0 una riflessione concreta su come il settore del wedding, dalla formazione all\u2019artigianato, dalla creativit\u00e0 all\u2019accoglienza turistica, stia assumendo un ruolo sempre pi\u00f9 strategico nel tessuto economico regionale. Un comparto capace di generare filiere, far nascere nuove professionalit\u00e0, valorizzare il territorio e attrarre flussi turistici facendo leva anche sui meravigliosi scenari di cui la nostra terra \u00e8 straordinariamente ricca, contribuendo a creare un indotto stabile.<\/p>\n<p>Nei giorni successivi la fiera proseguir\u00e0 con un programma ricco di workshop, sfilate, show cooking, incontri e momenti dedicati al pubblico e agli operatori: dal Workshop Floril con Ilaria Epifanio (6 dicembre), alle sfilate, fino alle attivit\u00e0 formative per aspiranti wedding planner guidate da Stefania Severino (7 dicembre); Severino ed Epifanio che hanno anche curato la direzione artistica dell\u2019evento. Non mancheranno esibizioni musicali, interviste a ospiti di calibro nazionale come Alex Belli e Delia Duran, e lo stilista internazionale Pierangelo Petrelli, e gli appuntamenti dedicati al mondo dell\u2019innovazione nei servizi per la casa e la persona.<\/p>\n<p>L\u20198 dicembre, giornata conclusiva, sar\u00e0 dedicata al fashion e alle eccellenze sartoriali.<\/p>\n<p>Con oltre cento operatori coinvolti, tra professionisti del wedding, aziende dell\u2019arredo, realt\u00e0 del turismo e servizi correlati, grazie all\u2019impegno del direttore commerciale Giuseppe Cervasio, Expo Calabria si conferma un volano per la competitivit\u00e0 e la valorizzazione del territorio, capace di mettere in rete competenze, esperienze e opportunit\u00e0. Una manifestazione che cresce, attrae nuove energie e testimonia come anche in Calabria il settore degli eventi e del matrimonio rappresenti una risorsa solida, innovativa e in continua evoluzione.<\/p>\n<p>&nbsp;<\/p>\n","protected":false},"excerpt":{"rendered":"<p>Manca ormai poco all\u2019avvio della 15esima edizione di \u201cExpo Calabria\u201d, in programma dal 4 all\u20198 dicembre 2025, presso il Parco commerciale Annunziata di Gioia Tauro. Un evento molto importante ed&hellip;<\/p>\n","protected":false},"author":5,"featured_media":86753,"comment_status":"closed","ping_status":"open","sticky":false,"template":"","format":"standard","meta":{"_jetpack_memberships_contains_paid_content":false,"footnotes":"","jetpack_publicize_message":"","jetpack_publicize_feature_enabled":true,"jetpack_social_post_already_shared":true,"jetpack_social_options":{"image_generator_settings":{"template":"highway","default_image_id":0,"font":"","enabled":false},"version":2}},"categories":[921,196,140],"tags":[41912,49245,49244,49243,15233,49241,517,49242],"class_list":["post-86752","post","type-post","status-publish","format-standard","has-post-thumbnail","hentry","category-home","category-news","category-reggio-calabria","tag-simona-scarcella-sindaco-gioia-tauro","tag-alex-belli","tag-cira-lombardo","tag-delia-duran","tag-domenico-giannetta-fi","tag-expo-calabria-2025","tag-gioia-tauro","tag-pierangelo-petrelli"],"yoast_head":"<!-- This site is optimized with the Yoast SEO plugin v27.2 - https:\/\/yoast.com\/product\/yoast-seo-wordpress\/ -->\n<title>Tutto pronto a Gioia Tauro per l&#039;Expo Calabria 2025<\/title>\n<meta name=\"description\" content=\"Inaugurazione dedicata alle prospettive del wedding, saranno presenti il Consigliere Giannetta, il Sindaco Scarcella e tutta l\u2019Amministrazione\" \/>\n<meta name=\"robots\" content=\"index, follow, max-snippet:-1, max-image-preview:large, max-video-preview:-1\" \/>\n<link rel=\"canonical\" href=\"https:\/\/progettotouring.it\/radiotouring104\/2025\/12\/02\/expo-calabria-2025-al-via-con-cira-lombardo-alex-belli-delia-duran-e-pierangelo-petrelli\/\" \/>\n<meta property=\"og:locale\" content=\"it_IT\" \/>\n<meta property=\"og:type\" content=\"article\" \/>\n<meta property=\"og:title\" content=\"Tutto pronto a Gioia Tauro per l&#039;Expo Calabria 2025\" \/>\n<meta property=\"og:description\" content=\"Inaugurazione dedicata alle prospettive del wedding, saranno presenti il Consigliere Giannetta, il Sindaco Scarcella e tutta l\u2019Amministrazione\" \/>\n<meta property=\"og:url\" content=\"https:\/\/progettotouring.it\/radiotouring104\/2025\/12\/02\/expo-calabria-2025-al-via-con-cira-lombardo-alex-belli-delia-duran-e-pierangelo-petrelli\/\" \/>\n<meta property=\"og:site_name\" content=\"Radio Touring 104\" \/>\n<meta property=\"article:published_time\" content=\"2025-12-02T09:19:40+00:00\" \/>\n<meta property=\"article:modified_time\" content=\"2025-12-02T09:52:01+00:00\" \/>\n<meta property=\"og:image\" content=\"https:\/\/progettotouring.it\/radiotouring104\/wp-content\/uploads\/sites\/6\/2025\/12\/Expo-Calabria-2025.gif\" \/>\n\t<meta property=\"og:image:width\" content=\"631\" \/>\n\t<meta property=\"og:image:height\" content=\"414\" \/>\n\t<meta property=\"og:image:type\" content=\"image\/gif\" \/>\n<meta name=\"author\" content=\"redazione\" \/>\n<meta name=\"twitter:card\" content=\"summary_large_image\" \/>\n<meta name=\"twitter:label1\" content=\"Scritto da\" \/>\n\t<meta name=\"twitter:data1\" content=\"redazione\" \/>\n\t<meta name=\"twitter:label2\" content=\"Tempo di lettura stimato\" \/>\n\t<meta name=\"twitter:data2\" content=\"3 minuti\" \/>\n<script type=\"application\/ld+json\" class=\"yoast-schema-graph\">{\"@context\":\"https:\/\/schema.org\",\"@graph\":[{\"@type\":\"Article\",\"@id\":\"https:\/\/progettotouring.it\/radiotouring104\/2025\/12\/02\/expo-calabria-2025-al-via-con-cira-lombardo-alex-belli-delia-duran-e-pierangelo-petrelli\/#article\",\"isPartOf\":{\"@id\":\"https:\/\/progettotouring.it\/radiotouring104\/2025\/12\/02\/expo-calabria-2025-al-via-con-cira-lombardo-alex-belli-delia-duran-e-pierangelo-petrelli\/\"},\"author\":{\"name\":\"redazione\",\"@id\":\"https:\/\/progettotouring.it\/radiotouring104\/#\/schema\/person\/1b3eb3c07c47136bc44c785c543e635f\"},\"headline\":\"Expo Calabria 2025 al via con Cira Lombardo, Alex Belli, Delia Duran e Pierangelo Petrelli\",\"datePublished\":\"2025-12-02T09:19:40+00:00\",\"dateModified\":\"2025-12-02T09:52:01+00:00\",\"mainEntityOfPage\":{\"@id\":\"https:\/\/progettotouring.it\/radiotouring104\/2025\/12\/02\/expo-calabria-2025-al-via-con-cira-lombardo-alex-belli-delia-duran-e-pierangelo-petrelli\/\"},\"wordCount\":517,\"publisher\":{\"@id\":\"https:\/\/progettotouring.it\/radiotouring104\/#organization\"},\"image\":{\"@id\":\"https:\/\/progettotouring.it\/radiotouring104\/2025\/12\/02\/expo-calabria-2025-al-via-con-cira-lombardo-alex-belli-delia-duran-e-pierangelo-petrelli\/#primaryimage\"},\"thumbnailUrl\":\"https:\/\/progettotouring.it\/radiotouring104\/wp-content\/uploads\/sites\/6\/2025\/12\/Expo-Calabria-2025.gif\",\"keywords\":[\"\\\"Simona Scarcella Sindaco Gioia Tauro\",\"Alex Belli\",\"Cira Lombardo\",\"Delia Duran\",\"Domenico Giannetta (FI).\",\"Expo Calabria 2025\",\"Gioia Tauro\",\"Pierangelo Petrelli\"],\"articleSection\":[\"Home\",\"News\",\"Reggio Calabria\"],\"inLanguage\":\"it-IT\"},{\"@type\":\"WebPage\",\"@id\":\"https:\/\/progettotouring.it\/radiotouring104\/2025\/12\/02\/expo-calabria-2025-al-via-con-cira-lombardo-alex-belli-delia-duran-e-pierangelo-petrelli\/\",\"url\":\"https:\/\/progettotouring.it\/radiotouring104\/2025\/12\/02\/expo-calabria-2025-al-via-con-cira-lombardo-alex-belli-delia-duran-e-pierangelo-petrelli\/\",\"name\":\"Tutto pronto a Gioia Tauro per l'Expo Calabria 2025\",\"isPartOf\":{\"@id\":\"https:\/\/progettotouring.it\/radiotouring104\/#website\"},\"primaryImageOfPage\":{\"@id\":\"https:\/\/progettotouring.it\/radiotouring104\/2025\/12\/02\/expo-calabria-2025-al-via-con-cira-lombardo-alex-belli-delia-duran-e-pierangelo-petrelli\/#primaryimage\"},\"image\":{\"@id\":\"https:\/\/progettotouring.it\/radiotouring104\/2025\/12\/02\/expo-calabria-2025-al-via-con-cira-lombardo-alex-belli-delia-duran-e-pierangelo-petrelli\/#primaryimage\"},\"thumbnailUrl\":\"https:\/\/progettotouring.it\/radiotouring104\/wp-content\/uploads\/sites\/6\/2025\/12\/Expo-Calabria-2025.gif\",\"datePublished\":\"2025-12-02T09:19:40+00:00\",\"dateModified\":\"2025-12-02T09:52:01+00:00\",\"description\":\"Inaugurazione dedicata alle prospettive del wedding, saranno presenti il Consigliere Giannetta, il Sindaco Scarcella e tutta l\u2019Amministrazione\",\"breadcrumb\":{\"@id\":\"https:\/\/progettotouring.it\/radiotouring104\/2025\/12\/02\/expo-calabria-2025-al-via-con-cira-lombardo-alex-belli-delia-duran-e-pierangelo-petrelli\/#breadcrumb\"},\"inLanguage\":\"it-IT\",\"potentialAction\":[{\"@type\":\"ReadAction\",\"target\":[\"https:\/\/progettotouring.it\/radiotouring104\/2025\/12\/02\/expo-calabria-2025-al-via-con-cira-lombardo-alex-belli-delia-duran-e-pierangelo-petrelli\/\"]}]},{\"@type\":\"ImageObject\",\"inLanguage\":\"it-IT\",\"@id\":\"https:\/\/progettotouring.it\/radiotouring104\/2025\/12\/02\/expo-calabria-2025-al-via-con-cira-lombardo-alex-belli-delia-duran-e-pierangelo-petrelli\/#primaryimage\",\"url\":\"https:\/\/progettotouring.it\/radiotouring104\/wp-content\/uploads\/sites\/6\/2025\/12\/Expo-Calabria-2025.gif\",\"contentUrl\":\"https:\/\/progettotouring.it\/radiotouring104\/wp-content\/uploads\/sites\/6\/2025\/12\/Expo-Calabria-2025.gif\",\"width\":631,\"height\":414},{\"@type\":\"BreadcrumbList\",\"@id\":\"https:\/\/progettotouring.it\/radiotouring104\/2025\/12\/02\/expo-calabria-2025-al-via-con-cira-lombardo-alex-belli-delia-duran-e-pierangelo-petrelli\/#breadcrumb\",\"itemListElement\":[{\"@type\":\"ListItem\",\"position\":1,\"name\":\"Home\",\"item\":\"https:\/\/progettotouring.it\/radiotouring104\/\"},{\"@type\":\"ListItem\",\"position\":2,\"name\":\"Expo Calabria 2025 al via con Cira Lombardo, Alex Belli, Delia Duran e Pierangelo Petrelli\"}]},{\"@type\":\"WebSite\",\"@id\":\"https:\/\/progettotouring.it\/radiotouring104\/#website\",\"url\":\"https:\/\/progettotouring.it\/radiotouring104\/\",\"name\":\"Radio Touring 104\",\"description\":\"La prima radio Reggina\",\"publisher\":{\"@id\":\"https:\/\/progettotouring.it\/radiotouring104\/#organization\"},\"potentialAction\":[{\"@type\":\"SearchAction\",\"target\":{\"@type\":\"EntryPoint\",\"urlTemplate\":\"https:\/\/progettotouring.it\/radiotouring104\/?s={search_term_string}\"},\"query-input\":{\"@type\":\"PropertyValueSpecification\",\"valueRequired\":true,\"valueName\":\"search_term_string\"}}],\"inLanguage\":\"it-IT\"},{\"@type\":\"Organization\",\"@id\":\"https:\/\/progettotouring.it\/radiotouring104\/#organization\",\"name\":\"Radio Touring 104\",\"url\":\"https:\/\/progettotouring.it\/radiotouring104\/\",\"logo\":{\"@type\":\"ImageObject\",\"inLanguage\":\"it-IT\",\"@id\":\"https:\/\/progettotouring.it\/radiotouring104\/#\/schema\/logo\/image\/\",\"url\":\"https:\/\/progettotouring.it\/radiotouring104\/wp-content\/uploads\/sites\/6\/2022\/02\/cropped-logo-radio-touring-104.png\",\"contentUrl\":\"https:\/\/progettotouring.it\/radiotouring104\/wp-content\/uploads\/sites\/6\/2022\/02\/cropped-logo-radio-touring-104.png\",\"width\":377,\"height\":182,\"caption\":\"Radio Touring 104\"},\"image\":{\"@id\":\"https:\/\/progettotouring.it\/radiotouring104\/#\/schema\/logo\/image\/\"}},{\"@type\":\"Person\",\"@id\":\"https:\/\/progettotouring.it\/radiotouring104\/#\/schema\/person\/1b3eb3c07c47136bc44c785c543e635f\",\"name\":\"redazione\",\"image\":{\"@type\":\"ImageObject\",\"inLanguage\":\"it-IT\",\"@id\":\"https:\/\/secure.gravatar.com\/avatar\/0b31605b49f100769e8b624b3e05de1b73e1692e9568a352f60f53fd072e6e11?s=96&d=mm&r=g\",\"url\":\"https:\/\/secure.gravatar.com\/avatar\/0b31605b49f100769e8b624b3e05de1b73e1692e9568a352f60f53fd072e6e11?s=96&d=mm&r=g\",\"contentUrl\":\"https:\/\/secure.gravatar.com\/avatar\/0b31605b49f100769e8b624b3e05de1b73e1692e9568a352f60f53fd072e6e11?s=96&d=mm&r=g\",\"caption\":\"redazione\"},\"url\":\"https:\/\/progettotouring.it\/radiotouring104\/author\/redazione\/\"}]}<\/script>\n<!-- \/ Yoast SEO plugin. -->","yoast_head_json":{"title":"Tutto pronto a Gioia Tauro per l'Expo Calabria 2025","description":"Inaugurazione dedicata alle prospettive del wedding, saranno presenti il Consigliere Giannetta, il Sindaco Scarcella e tutta l\u2019Amministrazione","robots":{"index":"index","follow":"follow","max-snippet":"max-snippet:-1","max-image-preview":"max-image-preview:large","max-video-preview":"max-video-preview:-1"},"canonical":"https:\/\/progettotouring.it\/radiotouring104\/2025\/12\/02\/expo-calabria-2025-al-via-con-cira-lombardo-alex-belli-delia-duran-e-pierangelo-petrelli\/","og_locale":"it_IT","og_type":"article","og_title":"Tutto pronto a Gioia Tauro per l'Expo Calabria 2025","og_description":"Inaugurazione dedicata alle prospettive del wedding, saranno presenti il Consigliere Giannetta, il Sindaco Scarcella e tutta l\u2019Amministrazione","og_url":"https:\/\/progettotouring.it\/radiotouring104\/2025\/12\/02\/expo-calabria-2025-al-via-con-cira-lombardo-alex-belli-delia-duran-e-pierangelo-petrelli\/","og_site_name":"Radio Touring 104","article_published_time":"2025-12-02T09:19:40+00:00","article_modified_time":"2025-12-02T09:52:01+00:00","og_image":[{"width":631,"height":414,"url":"https:\/\/progettotouring.it\/radiotouring104\/wp-content\/uploads\/sites\/6\/2025\/12\/Expo-Calabria-2025.gif","type":"image\/gif"}],"author":"redazione","twitter_card":"summary_large_image","twitter_misc":{"Scritto da":"redazione","Tempo di lettura stimato":"3 minuti"},"schema":{"@context":"https:\/\/schema.org","@graph":[{"@type":"Article","@id":"https:\/\/progettotouring.it\/radiotouring104\/2025\/12\/02\/expo-calabria-2025-al-via-con-cira-lombardo-alex-belli-delia-duran-e-pierangelo-petrelli\/#article","isPartOf":{"@id":"https:\/\/progettotouring.it\/radiotouring104\/2025\/12\/02\/expo-calabria-2025-al-via-con-cira-lombardo-alex-belli-delia-duran-e-pierangelo-petrelli\/"},"author":{"name":"redazione","@id":"https:\/\/progettotouring.it\/radiotouring104\/#\/schema\/person\/1b3eb3c07c47136bc44c785c543e635f"},"headline":"Expo Calabria 2025 al via con Cira Lombardo, Alex Belli, Delia Duran e Pierangelo Petrelli","datePublished":"2025-12-02T09:19:40+00:00","dateModified":"2025-12-02T09:52:01+00:00","mainEntityOfPage":{"@id":"https:\/\/progettotouring.it\/radiotouring104\/2025\/12\/02\/expo-calabria-2025-al-via-con-cira-lombardo-alex-belli-delia-duran-e-pierangelo-petrelli\/"},"wordCount":517,"publisher":{"@id":"https:\/\/progettotouring.it\/radiotouring104\/#organization"},"image":{"@id":"https:\/\/progettotouring.it\/radiotouring104\/2025\/12\/02\/expo-calabria-2025-al-via-con-cira-lombardo-alex-belli-delia-duran-e-pierangelo-petrelli\/#primaryimage"},"thumbnailUrl":"https:\/\/progettotouring.it\/radiotouring104\/wp-content\/uploads\/sites\/6\/2025\/12\/Expo-Calabria-2025.gif","keywords":["\"Simona Scarcella Sindaco Gioia Tauro","Alex Belli","Cira Lombardo","Delia Duran","Domenico Giannetta (FI).","Expo Calabria 2025","Gioia Tauro","Pierangelo Petrelli"],"articleSection":["Home","News","Reggio Calabria"],"inLanguage":"it-IT"},{"@type":"WebPage","@id":"https:\/\/progettotouring.it\/radiotouring104\/2025\/12\/02\/expo-calabria-2025-al-via-con-cira-lombardo-alex-belli-delia-duran-e-pierangelo-petrelli\/","url":"https:\/\/progettotouring.it\/radiotouring104\/2025\/12\/02\/expo-calabria-2025-al-via-con-cira-lombardo-alex-belli-delia-duran-e-pierangelo-petrelli\/","name":"Tutto pronto a Gioia Tauro per l'Expo Calabria 2025","isPartOf":{"@id":"https:\/\/progettotouring.it\/radiotouring104\/#website"},"primaryImageOfPage":{"@id":"https:\/\/progettotouring.it\/radiotouring104\/2025\/12\/02\/expo-calabria-2025-al-via-con-cira-lombardo-alex-belli-delia-duran-e-pierangelo-petrelli\/#primaryimage"},"image":{"@id":"https:\/\/progettotouring.it\/radiotouring104\/2025\/12\/02\/expo-calabria-2025-al-via-con-cira-lombardo-alex-belli-delia-duran-e-pierangelo-petrelli\/#primaryimage"},"thumbnailUrl":"https:\/\/progettotouring.it\/radiotouring104\/wp-content\/uploads\/sites\/6\/2025\/12\/Expo-Calabria-2025.gif","datePublished":"2025-12-02T09:19:40+00:00","dateModified":"2025-12-02T09:52:01+00:00","description":"Inaugurazione dedicata alle prospettive del wedding, saranno presenti il Consigliere Giannetta, il Sindaco Scarcella e tutta l\u2019Amministrazione","breadcrumb":{"@id":"https:\/\/progettotouring.it\/radiotouring104\/2025\/12\/02\/expo-calabria-2025-al-via-con-cira-lombardo-alex-belli-delia-duran-e-pierangelo-petrelli\/#breadcrumb"},"inLanguage":"it-IT","potentialAction":[{"@type":"ReadAction","target":["https:\/\/progettotouring.it\/radiotouring104\/2025\/12\/02\/expo-calabria-2025-al-via-con-cira-lombardo-alex-belli-delia-duran-e-pierangelo-petrelli\/"]}]},{"@type":"ImageObject","inLanguage":"it-IT","@id":"https:\/\/progettotouring.it\/radiotouring104\/2025\/12\/02\/expo-calabria-2025-al-via-con-cira-lombardo-alex-belli-delia-duran-e-pierangelo-petrelli\/#primaryimage","url":"https:\/\/progettotouring.it\/radiotouring104\/wp-content\/uploads\/sites\/6\/2025\/12\/Expo-Calabria-2025.gif","contentUrl":"https:\/\/progettotouring.it\/radiotouring104\/wp-content\/uploads\/sites\/6\/2025\/12\/Expo-Calabria-2025.gif","width":631,"height":414},{"@type":"BreadcrumbList","@id":"https:\/\/progettotouring.it\/radiotouring104\/2025\/12\/02\/expo-calabria-2025-al-via-con-cira-lombardo-alex-belli-delia-duran-e-pierangelo-petrelli\/#breadcrumb","itemListElement":[{"@type":"ListItem","position":1,"name":"Home","item":"https:\/\/progettotouring.it\/radiotouring104\/"},{"@type":"ListItem","position":2,"name":"Expo Calabria 2025 al via con Cira Lombardo, Alex Belli, Delia Duran e Pierangelo Petrelli"}]},{"@type":"WebSite","@id":"https:\/\/progettotouring.it\/radiotouring104\/#website","url":"https:\/\/progettotouring.it\/radiotouring104\/","name":"Radio Touring 104","description":"La prima radio Reggina","publisher":{"@id":"https:\/\/progettotouring.it\/radiotouring104\/#organization"},"potentialAction":[{"@type":"SearchAction","target":{"@type":"EntryPoint","urlTemplate":"https:\/\/progettotouring.it\/radiotouring104\/?s={search_term_string}"},"query-input":{"@type":"PropertyValueSpecification","valueRequired":true,"valueName":"search_term_string"}}],"inLanguage":"it-IT"},{"@type":"Organization","@id":"https:\/\/progettotouring.it\/radiotouring104\/#organization","name":"Radio Touring 104","url":"https:\/\/progettotouring.it\/radiotouring104\/","logo":{"@type":"ImageObject","inLanguage":"it-IT","@id":"https:\/\/progettotouring.it\/radiotouring104\/#\/schema\/logo\/image\/","url":"https:\/\/progettotouring.it\/radiotouring104\/wp-content\/uploads\/sites\/6\/2022\/02\/cropped-logo-radio-touring-104.png","contentUrl":"https:\/\/progettotouring.it\/radiotouring104\/wp-content\/uploads\/sites\/6\/2022\/02\/cropped-logo-radio-touring-104.png","width":377,"height":182,"caption":"Radio Touring 104"},"image":{"@id":"https:\/\/progettotouring.it\/radiotouring104\/#\/schema\/logo\/image\/"}},{"@type":"Person","@id":"https:\/\/progettotouring.it\/radiotouring104\/#\/schema\/person\/1b3eb3c07c47136bc44c785c543e635f","name":"redazione","image":{"@type":"ImageObject","inLanguage":"it-IT","@id":"https:\/\/secure.gravatar.com\/avatar\/0b31605b49f100769e8b624b3e05de1b73e1692e9568a352f60f53fd072e6e11?s=96&d=mm&r=g","url":"https:\/\/secure.gravatar.com\/avatar\/0b31605b49f100769e8b624b3e05de1b73e1692e9568a352f60f53fd072e6e11?s=96&d=mm&r=g","contentUrl":"https:\/\/secure.gravatar.com\/avatar\/0b31605b49f100769e8b624b3e05de1b73e1692e9568a352f60f53fd072e6e11?s=96&d=mm&r=g","caption":"redazione"},"url":"https:\/\/progettotouring.it\/radiotouring104\/author\/redazione\/"}]}},"jetpack_publicize_connections":[],"jetpack_featured_media_url":"https:\/\/progettotouring.it\/radiotouring104\/wp-content\/uploads\/sites\/6\/2025\/12\/Expo-Calabria-2025.gif","jetpack_sharing_enabled":true,"_links":{"self":[{"href":"https:\/\/progettotouring.it\/radiotouring104\/wp-json\/wp\/v2\/posts\/86752","targetHints":{"allow":["GET"]}}],"collection":[{"href":"https:\/\/progettotouring.it\/radiotouring104\/wp-json\/wp\/v2\/posts"}],"about":[{"href":"https:\/\/progettotouring.it\/radiotouring104\/wp-json\/wp\/v2\/types\/post"}],"author":[{"embeddable":true,"href":"https:\/\/progettotouring.it\/radiotouring104\/wp-json\/wp\/v2\/users\/5"}],"replies":[{"embeddable":true,"href":"https:\/\/progettotouring.it\/radiotouring104\/wp-json\/wp\/v2\/comments?post=86752"}],"version-history":[{"count":1,"href":"https:\/\/progettotouring.it\/radiotouring104\/wp-json\/wp\/v2\/posts\/86752\/revisions"}],"predecessor-version":[{"id":86754,"href":"https:\/\/progettotouring.it\/radiotouring104\/wp-json\/wp\/v2\/posts\/86752\/revisions\/86754"}],"wp:featuredmedia":[{"embeddable":true,"href":"https:\/\/progettotouring.it\/radiotouring104\/wp-json\/wp\/v2\/media\/86753"}],"wp:attachment":[{"href":"https:\/\/progettotouring.it\/radiotouring104\/wp-json\/wp\/v2\/media?parent=86752"}],"wp:term":[{"taxonomy":"category","embeddable":true,"href":"https:\/\/progettotouring.it\/radiotouring104\/wp-json\/wp\/v2\/categories?post=86752"},{"taxonomy":"post_tag","embeddable":true,"href":"https:\/\/progettotouring.it\/radiotouring104\/wp-json\/wp\/v2\/tags?post=86752"}],"curies":[{"name":"wp","href":"https:\/\/api.w.org\/{rel}","templated":true}]}}