{"id":86756,"date":"2025-12-02T10:51:04","date_gmt":"2025-12-02T09:51:04","guid":{"rendered":"https:\/\/progettotouring.it\/radiotouring104\/?p=86756"},"modified":"2025-12-02T10:51:53","modified_gmt":"2025-12-02T09:51:53","slug":"dierre-arrighini-vittoria-di-squadra-ora-testa-al-derby","status":"publish","type":"post","link":"https:\/\/progettotouring.it\/radiotouring104\/2025\/12\/02\/dierre-arrighini-vittoria-di-squadra-ora-testa-al-derby\/","title":{"rendered":"Dierre, Arrighini: &#8220;Vittoria di squadra, ora testa al derby&#8221;"},"content":{"rendered":"<p class=\"gmail-ds-markdown-paragraph\">Filippo Arrighini, centro della Dierre Basketball Reggio Calabria, non nasconde la soddisfazione dopo la vittoria contro Marsala al PalaCalafiore, ma tiene i piedi per terra guardando gi\u00e0 alla prossima sfida.<\/p>\n<p class=\"gmail-ds-markdown-paragraph\">&#8220;Vittoria doveva essere, soprattutto vittoria dal punto di vista del gioco doveva essere&#8221;, esordisce Arrighini . &#8220;\u00c8 stata una bella risposta. Lo sapevamo che nonostante la vittoria, la partita di CUS Palermo ci ha lasciato un po&#8217; con l&#8217;amaro in bocca perch\u00e9 non siamo riusciti veramente a imporre il nostro ritmo, nonostante la vittoria. Oggi l&#8217;abbiamo cercato e abbiamo trovato una risposta sul campo tutti insieme da vera squadra&#8221;.<\/p>\n<p class=\"gmail-ds-markdown-paragraph\">&#8221; L&#8217;abbiamo preparata bene grazie al lavoro tecnico del coach Inguaggiato. Comunque Justas Vieversys \u00e8 un giocatore che sta viaggiando penso ai vertici della classifica marcatori, quindi abbiamo dovuto fare un bel lavoro&#8221;.<\/p>\n<p class=\"gmail-ds-markdown-paragraph\">Arrighini non si sofferma troppo sul successo e gi\u00e0 pensa al prossimo impegno: &#8220;Prossima sfida il derby di domenica, gara caldissima. Sappiamo che ci aspettano e non vedono l&#8217;ora di affrontarci. Vedremo. Adesso abbiamo una settimana per prepararla, far passare l&#8217;entusiasmo e pensare a lavorare, lavorare.&#8221;.<\/p>\n<p class=\"gmail-ds-markdown-paragraph\">Sulla prestazione corale della Dierre, il centro \u00e8 chiaro: &#8220;Assolutamente s\u00ec, questa non \u00e8 una vittoria dei singoli, \u00e8 una vittoria della squadra. Comunque abbiamo dimostrato che quando giochiamo insieme siamo un gran bel gruppo&#8221;.<\/p>\n","protected":false},"excerpt":{"rendered":"<p>Filippo Arrighini, centro della Dierre Basketball Reggio Calabria, non nasconde la soddisfazione dopo la vittoria contro Marsala al PalaCalafiore, ma tiene i piedi per terra guardando gi\u00e0 alla prossima sfida.&hellip;<\/p>\n","protected":false},"author":5,"featured_media":86757,"comment_status":"closed","ping_status":"open","sticky":false,"template":"","format":"standard","meta":{"_jetpack_memberships_contains_paid_content":false,"footnotes":"","jetpack_publicize_message":"","jetpack_publicize_feature_enabled":true,"jetpack_social_post_already_shared":true,"jetpack_social_options":{"image_generator_settings":{"template":"highway","default_image_id":0,"font":"","enabled":false},"version":2}},"categories":[196,140,144],"tags":[46771,49246,49247,49127],"class_list":["post-86756","post","type-post","status-publish","format-standard","has-post-thumbnail","hentry","category-news","category-reggio-calabria","category-sport","tag-filippo-arrighini","tag-ora-testa-al-derby","tag-vittoria-contro-marsala","tag-vittoria-di-squadra"],"yoast_head":"<!-- This site is optimized with the Yoast SEO plugin v27.2 - https:\/\/yoast.com\/product\/yoast-seo-wordpress\/ -->\n<title>Dierre, Arrighini: &quot;Vittoria di squadra, ora testa al derby&quot;<\/title>\n<meta name=\"description\" content=\"Il centro biancobl\u00f9 Filippo Arrighini, soddisfatto della vittoria di Marsala, \u00e8 gi\u00e0 proiettato alla prossima sfida. Ecco le sue dichiarazioni\" \/>\n<meta name=\"robots\" content=\"index, follow, max-snippet:-1, max-image-preview:large, max-video-preview:-1\" \/>\n<link rel=\"canonical\" href=\"https:\/\/progettotouring.it\/radiotouring104\/2025\/12\/02\/dierre-arrighini-vittoria-di-squadra-ora-testa-al-derby\/\" \/>\n<meta property=\"og:locale\" content=\"it_IT\" \/>\n<meta property=\"og:type\" content=\"article\" \/>\n<meta property=\"og:title\" content=\"Dierre, Arrighini: &quot;Vittoria di squadra, ora testa al derby&quot;\" \/>\n<meta property=\"og:description\" content=\"Il centro biancobl\u00f9 Filippo Arrighini, soddisfatto della vittoria di Marsala, \u00e8 gi\u00e0 proiettato alla prossima sfida. Ecco le sue dichiarazioni\" \/>\n<meta property=\"og:url\" content=\"https:\/\/progettotouring.it\/radiotouring104\/2025\/12\/02\/dierre-arrighini-vittoria-di-squadra-ora-testa-al-derby\/\" \/>\n<meta property=\"og:site_name\" content=\"Radio Touring 104\" \/>\n<meta property=\"article:published_time\" content=\"2025-12-02T09:51:04+00:00\" \/>\n<meta property=\"article:modified_time\" content=\"2025-12-02T09:51:53+00:00\" \/>\n<meta property=\"og:image\" content=\"https:\/\/progettotouring.it\/radiotouring104\/wp-content\/uploads\/sites\/6\/2025\/12\/Arrighini-Dierre-scaled.jpg\" \/>\n\t<meta property=\"og:image:width\" content=\"2560\" \/>\n\t<meta property=\"og:image:height\" content=\"1633\" \/>\n\t<meta property=\"og:image:type\" content=\"image\/jpeg\" \/>\n<meta name=\"author\" content=\"redazione\" \/>\n<meta name=\"twitter:card\" content=\"summary_large_image\" \/>\n<meta name=\"twitter:label1\" content=\"Scritto da\" \/>\n\t<meta name=\"twitter:data1\" content=\"redazione\" \/>\n\t<meta name=\"twitter:label2\" content=\"Tempo di lettura stimato\" \/>\n\t<meta name=\"twitter:data2\" content=\"1 minuto\" \/>\n<script type=\"application\/ld+json\" class=\"yoast-schema-graph\">{\"@context\":\"https:\/\/schema.org\",\"@graph\":[{\"@type\":\"Article\",\"@id\":\"https:\/\/progettotouring.it\/radiotouring104\/2025\/12\/02\/dierre-arrighini-vittoria-di-squadra-ora-testa-al-derby\/#article\",\"isPartOf\":{\"@id\":\"https:\/\/progettotouring.it\/radiotouring104\/2025\/12\/02\/dierre-arrighini-vittoria-di-squadra-ora-testa-al-derby\/\"},\"author\":{\"name\":\"redazione\",\"@id\":\"https:\/\/progettotouring.it\/radiotouring104\/#\/schema\/person\/1b3eb3c07c47136bc44c785c543e635f\"},\"headline\":\"Dierre, Arrighini: &#8220;Vittoria di squadra, ora testa al derby&#8221;\",\"datePublished\":\"2025-12-02T09:51:04+00:00\",\"dateModified\":\"2025-12-02T09:51:53+00:00\",\"mainEntityOfPage\":{\"@id\":\"https:\/\/progettotouring.it\/radiotouring104\/2025\/12\/02\/dierre-arrighini-vittoria-di-squadra-ora-testa-al-derby\/\"},\"wordCount\":215,\"publisher\":{\"@id\":\"https:\/\/progettotouring.it\/radiotouring104\/#organization\"},\"image\":{\"@id\":\"https:\/\/progettotouring.it\/radiotouring104\/2025\/12\/02\/dierre-arrighini-vittoria-di-squadra-ora-testa-al-derby\/#primaryimage\"},\"thumbnailUrl\":\"https:\/\/progettotouring.it\/radiotouring104\/wp-content\/uploads\/sites\/6\/2025\/12\/Arrighini-Dierre-scaled.jpg\",\"keywords\":[\"Filippo Arrighini\",\"ora testa al derby\",\"vittoria contro Marsala\",\"vittoria di squadra\"],\"articleSection\":[\"News\",\"Reggio Calabria\",\"Sport\"],\"inLanguage\":\"it-IT\"},{\"@type\":\"WebPage\",\"@id\":\"https:\/\/progettotouring.it\/radiotouring104\/2025\/12\/02\/dierre-arrighini-vittoria-di-squadra-ora-testa-al-derby\/\",\"url\":\"https:\/\/progettotouring.it\/radiotouring104\/2025\/12\/02\/dierre-arrighini-vittoria-di-squadra-ora-testa-al-derby\/\",\"name\":\"Dierre, Arrighini: \\\"Vittoria di squadra, ora testa al derby\\\"\",\"isPartOf\":{\"@id\":\"https:\/\/progettotouring.it\/radiotouring104\/#website\"},\"primaryImageOfPage\":{\"@id\":\"https:\/\/progettotouring.it\/radiotouring104\/2025\/12\/02\/dierre-arrighini-vittoria-di-squadra-ora-testa-al-derby\/#primaryimage\"},\"image\":{\"@id\":\"https:\/\/progettotouring.it\/radiotouring104\/2025\/12\/02\/dierre-arrighini-vittoria-di-squadra-ora-testa-al-derby\/#primaryimage\"},\"thumbnailUrl\":\"https:\/\/progettotouring.it\/radiotouring104\/wp-content\/uploads\/sites\/6\/2025\/12\/Arrighini-Dierre-scaled.jpg\",\"datePublished\":\"2025-12-02T09:51:04+00:00\",\"dateModified\":\"2025-12-02T09:51:53+00:00\",\"description\":\"Il centro biancobl\u00f9 Filippo Arrighini, soddisfatto della vittoria di Marsala, \u00e8 gi\u00e0 proiettato alla prossima sfida. Ecco le sue dichiarazioni\",\"breadcrumb\":{\"@id\":\"https:\/\/progettotouring.it\/radiotouring104\/2025\/12\/02\/dierre-arrighini-vittoria-di-squadra-ora-testa-al-derby\/#breadcrumb\"},\"inLanguage\":\"it-IT\",\"potentialAction\":[{\"@type\":\"ReadAction\",\"target\":[\"https:\/\/progettotouring.it\/radiotouring104\/2025\/12\/02\/dierre-arrighini-vittoria-di-squadra-ora-testa-al-derby\/\"]}]},{\"@type\":\"ImageObject\",\"inLanguage\":\"it-IT\",\"@id\":\"https:\/\/progettotouring.it\/radiotouring104\/2025\/12\/02\/dierre-arrighini-vittoria-di-squadra-ora-testa-al-derby\/#primaryimage\",\"url\":\"https:\/\/progettotouring.it\/radiotouring104\/wp-content\/uploads\/sites\/6\/2025\/12\/Arrighini-Dierre-scaled.jpg\",\"contentUrl\":\"https:\/\/progettotouring.it\/radiotouring104\/wp-content\/uploads\/sites\/6\/2025\/12\/Arrighini-Dierre-scaled.jpg\",\"width\":2560,\"height\":1633},{\"@type\":\"BreadcrumbList\",\"@id\":\"https:\/\/progettotouring.it\/radiotouring104\/2025\/12\/02\/dierre-arrighini-vittoria-di-squadra-ora-testa-al-derby\/#breadcrumb\",\"itemListElement\":[{\"@type\":\"ListItem\",\"position\":1,\"name\":\"Home\",\"item\":\"https:\/\/progettotouring.it\/radiotouring104\/\"},{\"@type\":\"ListItem\",\"position\":2,\"name\":\"Dierre, Arrighini: &#8220;Vittoria di squadra, ora testa al derby&#8221;\"}]},{\"@type\":\"WebSite\",\"@id\":\"https:\/\/progettotouring.it\/radiotouring104\/#website\",\"url\":\"https:\/\/progettotouring.it\/radiotouring104\/\",\"name\":\"Radio Touring 104\",\"description\":\"La prima radio Reggina\",\"publisher\":{\"@id\":\"https:\/\/progettotouring.it\/radiotouring104\/#organization\"},\"potentialAction\":[{\"@type\":\"SearchAction\",\"target\":{\"@type\":\"EntryPoint\",\"urlTemplate\":\"https:\/\/progettotouring.it\/radiotouring104\/?s={search_term_string}\"},\"query-input\":{\"@type\":\"PropertyValueSpecification\",\"valueRequired\":true,\"valueName\":\"search_term_string\"}}],\"inLanguage\":\"it-IT\"},{\"@type\":\"Organization\",\"@id\":\"https:\/\/progettotouring.it\/radiotouring104\/#organization\",\"name\":\"Radio Touring 104\",\"url\":\"https:\/\/progettotouring.it\/radiotouring104\/\",\"logo\":{\"@type\":\"ImageObject\",\"inLanguage\":\"it-IT\",\"@id\":\"https:\/\/progettotouring.it\/radiotouring104\/#\/schema\/logo\/image\/\",\"url\":\"https:\/\/progettotouring.it\/radiotouring104\/wp-content\/uploads\/sites\/6\/2022\/02\/cropped-logo-radio-touring-104.png\",\"contentUrl\":\"https:\/\/progettotouring.it\/radiotouring104\/wp-content\/uploads\/sites\/6\/2022\/02\/cropped-logo-radio-touring-104.png\",\"width\":377,\"height\":182,\"caption\":\"Radio Touring 104\"},\"image\":{\"@id\":\"https:\/\/progettotouring.it\/radiotouring104\/#\/schema\/logo\/image\/\"}},{\"@type\":\"Person\",\"@id\":\"https:\/\/progettotouring.it\/radiotouring104\/#\/schema\/person\/1b3eb3c07c47136bc44c785c543e635f\",\"name\":\"redazione\",\"image\":{\"@type\":\"ImageObject\",\"inLanguage\":\"it-IT\",\"@id\":\"https:\/\/secure.gravatar.com\/avatar\/0b31605b49f100769e8b624b3e05de1b73e1692e9568a352f60f53fd072e6e11?s=96&d=mm&r=g\",\"url\":\"https:\/\/secure.gravatar.com\/avatar\/0b31605b49f100769e8b624b3e05de1b73e1692e9568a352f60f53fd072e6e11?s=96&d=mm&r=g\",\"contentUrl\":\"https:\/\/secure.gravatar.com\/avatar\/0b31605b49f100769e8b624b3e05de1b73e1692e9568a352f60f53fd072e6e11?s=96&d=mm&r=g\",\"caption\":\"redazione\"},\"url\":\"https:\/\/progettotouring.it\/radiotouring104\/author\/redazione\/\"}]}<\/script>\n<!-- \/ Yoast SEO plugin. -->","yoast_head_json":{"title":"Dierre, Arrighini: \"Vittoria di squadra, ora testa al derby\"","description":"Il centro biancobl\u00f9 Filippo Arrighini, soddisfatto della vittoria di Marsala, \u00e8 gi\u00e0 proiettato alla prossima sfida. Ecco le sue dichiarazioni","robots":{"index":"index","follow":"follow","max-snippet":"max-snippet:-1","max-image-preview":"max-image-preview:large","max-video-preview":"max-video-preview:-1"},"canonical":"https:\/\/progettotouring.it\/radiotouring104\/2025\/12\/02\/dierre-arrighini-vittoria-di-squadra-ora-testa-al-derby\/","og_locale":"it_IT","og_type":"article","og_title":"Dierre, Arrighini: \"Vittoria di squadra, ora testa al derby\"","og_description":"Il centro biancobl\u00f9 Filippo Arrighini, soddisfatto della vittoria di Marsala, \u00e8 gi\u00e0 proiettato alla prossima sfida. Ecco le sue dichiarazioni","og_url":"https:\/\/progettotouring.it\/radiotouring104\/2025\/12\/02\/dierre-arrighini-vittoria-di-squadra-ora-testa-al-derby\/","og_site_name":"Radio Touring 104","article_published_time":"2025-12-02T09:51:04+00:00","article_modified_time":"2025-12-02T09:51:53+00:00","og_image":[{"width":2560,"height":1633,"url":"https:\/\/progettotouring.it\/radiotouring104\/wp-content\/uploads\/sites\/6\/2025\/12\/Arrighini-Dierre-scaled.jpg","type":"image\/jpeg"}],"author":"redazione","twitter_card":"summary_large_image","twitter_misc":{"Scritto da":"redazione","Tempo di lettura stimato":"1 minuto"},"schema":{"@context":"https:\/\/schema.org","@graph":[{"@type":"Article","@id":"https:\/\/progettotouring.it\/radiotouring104\/2025\/12\/02\/dierre-arrighini-vittoria-di-squadra-ora-testa-al-derby\/#article","isPartOf":{"@id":"https:\/\/progettotouring.it\/radiotouring104\/2025\/12\/02\/dierre-arrighini-vittoria-di-squadra-ora-testa-al-derby\/"},"author":{"name":"redazione","@id":"https:\/\/progettotouring.it\/radiotouring104\/#\/schema\/person\/1b3eb3c07c47136bc44c785c543e635f"},"headline":"Dierre, Arrighini: &#8220;Vittoria di squadra, ora testa al derby&#8221;","datePublished":"2025-12-02T09:51:04+00:00","dateModified":"2025-12-02T09:51:53+00:00","mainEntityOfPage":{"@id":"https:\/\/progettotouring.it\/radiotouring104\/2025\/12\/02\/dierre-arrighini-vittoria-di-squadra-ora-testa-al-derby\/"},"wordCount":215,"publisher":{"@id":"https:\/\/progettotouring.it\/radiotouring104\/#organization"},"image":{"@id":"https:\/\/progettotouring.it\/radiotouring104\/2025\/12\/02\/dierre-arrighini-vittoria-di-squadra-ora-testa-al-derby\/#primaryimage"},"thumbnailUrl":"https:\/\/progettotouring.it\/radiotouring104\/wp-content\/uploads\/sites\/6\/2025\/12\/Arrighini-Dierre-scaled.jpg","keywords":["Filippo Arrighini","ora testa al derby","vittoria contro Marsala","vittoria di squadra"],"articleSection":["News","Reggio Calabria","Sport"],"inLanguage":"it-IT"},{"@type":"WebPage","@id":"https:\/\/progettotouring.it\/radiotouring104\/2025\/12\/02\/dierre-arrighini-vittoria-di-squadra-ora-testa-al-derby\/","url":"https:\/\/progettotouring.it\/radiotouring104\/2025\/12\/02\/dierre-arrighini-vittoria-di-squadra-ora-testa-al-derby\/","name":"Dierre, Arrighini: \"Vittoria di squadra, ora testa al derby\"","isPartOf":{"@id":"https:\/\/progettotouring.it\/radiotouring104\/#website"},"primaryImageOfPage":{"@id":"https:\/\/progettotouring.it\/radiotouring104\/2025\/12\/02\/dierre-arrighini-vittoria-di-squadra-ora-testa-al-derby\/#primaryimage"},"image":{"@id":"https:\/\/progettotouring.it\/radiotouring104\/2025\/12\/02\/dierre-arrighini-vittoria-di-squadra-ora-testa-al-derby\/#primaryimage"},"thumbnailUrl":"https:\/\/progettotouring.it\/radiotouring104\/wp-content\/uploads\/sites\/6\/2025\/12\/Arrighini-Dierre-scaled.jpg","datePublished":"2025-12-02T09:51:04+00:00","dateModified":"2025-12-02T09:51:53+00:00","description":"Il centro biancobl\u00f9 Filippo Arrighini, soddisfatto della vittoria di Marsala, \u00e8 gi\u00e0 proiettato alla prossima sfida. Ecco le sue dichiarazioni","breadcrumb":{"@id":"https:\/\/progettotouring.it\/radiotouring104\/2025\/12\/02\/dierre-arrighini-vittoria-di-squadra-ora-testa-al-derby\/#breadcrumb"},"inLanguage":"it-IT","potentialAction":[{"@type":"ReadAction","target":["https:\/\/progettotouring.it\/radiotouring104\/2025\/12\/02\/dierre-arrighini-vittoria-di-squadra-ora-testa-al-derby\/"]}]},{"@type":"ImageObject","inLanguage":"it-IT","@id":"https:\/\/progettotouring.it\/radiotouring104\/2025\/12\/02\/dierre-arrighini-vittoria-di-squadra-ora-testa-al-derby\/#primaryimage","url":"https:\/\/progettotouring.it\/radiotouring104\/wp-content\/uploads\/sites\/6\/2025\/12\/Arrighini-Dierre-scaled.jpg","contentUrl":"https:\/\/progettotouring.it\/radiotouring104\/wp-content\/uploads\/sites\/6\/2025\/12\/Arrighini-Dierre-scaled.jpg","width":2560,"height":1633},{"@type":"BreadcrumbList","@id":"https:\/\/progettotouring.it\/radiotouring104\/2025\/12\/02\/dierre-arrighini-vittoria-di-squadra-ora-testa-al-derby\/#breadcrumb","itemListElement":[{"@type":"ListItem","position":1,"name":"Home","item":"https:\/\/progettotouring.it\/radiotouring104\/"},{"@type":"ListItem","position":2,"name":"Dierre, Arrighini: &#8220;Vittoria di squadra, ora testa al derby&#8221;"}]},{"@type":"WebSite","@id":"https:\/\/progettotouring.it\/radiotouring104\/#website","url":"https:\/\/progettotouring.it\/radiotouring104\/","name":"Radio Touring 104","description":"La prima radio Reggina","publisher":{"@id":"https:\/\/progettotouring.it\/radiotouring104\/#organization"},"potentialAction":[{"@type":"SearchAction","target":{"@type":"EntryPoint","urlTemplate":"https:\/\/progettotouring.it\/radiotouring104\/?s={search_term_string}"},"query-input":{"@type":"PropertyValueSpecification","valueRequired":true,"valueName":"search_term_string"}}],"inLanguage":"it-IT"},{"@type":"Organization","@id":"https:\/\/progettotouring.it\/radiotouring104\/#organization","name":"Radio Touring 104","url":"https:\/\/progettotouring.it\/radiotouring104\/","logo":{"@type":"ImageObject","inLanguage":"it-IT","@id":"https:\/\/progettotouring.it\/radiotouring104\/#\/schema\/logo\/image\/","url":"https:\/\/progettotouring.it\/radiotouring104\/wp-content\/uploads\/sites\/6\/2022\/02\/cropped-logo-radio-touring-104.png","contentUrl":"https:\/\/progettotouring.it\/radiotouring104\/wp-content\/uploads\/sites\/6\/2022\/02\/cropped-logo-radio-touring-104.png","width":377,"height":182,"caption":"Radio Touring 104"},"image":{"@id":"https:\/\/progettotouring.it\/radiotouring104\/#\/schema\/logo\/image\/"}},{"@type":"Person","@id":"https:\/\/progettotouring.it\/radiotouring104\/#\/schema\/person\/1b3eb3c07c47136bc44c785c543e635f","name":"redazione","image":{"@type":"ImageObject","inLanguage":"it-IT","@id":"https:\/\/secure.gravatar.com\/avatar\/0b31605b49f100769e8b624b3e05de1b73e1692e9568a352f60f53fd072e6e11?s=96&d=mm&r=g","url":"https:\/\/secure.gravatar.com\/avatar\/0b31605b49f100769e8b624b3e05de1b73e1692e9568a352f60f53fd072e6e11?s=96&d=mm&r=g","contentUrl":"https:\/\/secure.gravatar.com\/avatar\/0b31605b49f100769e8b624b3e05de1b73e1692e9568a352f60f53fd072e6e11?s=96&d=mm&r=g","caption":"redazione"},"url":"https:\/\/progettotouring.it\/radiotouring104\/author\/redazione\/"}]}},"jetpack_publicize_connections":[],"jetpack_featured_media_url":"https:\/\/progettotouring.it\/radiotouring104\/wp-content\/uploads\/sites\/6\/2025\/12\/Arrighini-Dierre-scaled.jpg","jetpack_sharing_enabled":true,"_links":{"self":[{"href":"https:\/\/progettotouring.it\/radiotouring104\/wp-json\/wp\/v2\/posts\/86756","targetHints":{"allow":["GET"]}}],"collection":[{"href":"https:\/\/progettotouring.it\/radiotouring104\/wp-json\/wp\/v2\/posts"}],"about":[{"href":"https:\/\/progettotouring.it\/radiotouring104\/wp-json\/wp\/v2\/types\/post"}],"author":[{"embeddable":true,"href":"https:\/\/progettotouring.it\/radiotouring104\/wp-json\/wp\/v2\/users\/5"}],"replies":[{"embeddable":true,"href":"https:\/\/progettotouring.it\/radiotouring104\/wp-json\/wp\/v2\/comments?post=86756"}],"version-history":[{"count":1,"href":"https:\/\/progettotouring.it\/radiotouring104\/wp-json\/wp\/v2\/posts\/86756\/revisions"}],"predecessor-version":[{"id":86758,"href":"https:\/\/progettotouring.it\/radiotouring104\/wp-json\/wp\/v2\/posts\/86756\/revisions\/86758"}],"wp:featuredmedia":[{"embeddable":true,"href":"https:\/\/progettotouring.it\/radiotouring104\/wp-json\/wp\/v2\/media\/86757"}],"wp:attachment":[{"href":"https:\/\/progettotouring.it\/radiotouring104\/wp-json\/wp\/v2\/media?parent=86756"}],"wp:term":[{"taxonomy":"category","embeddable":true,"href":"https:\/\/progettotouring.it\/radiotouring104\/wp-json\/wp\/v2\/categories?post=86756"},{"taxonomy":"post_tag","embeddable":true,"href":"https:\/\/progettotouring.it\/radiotouring104\/wp-json\/wp\/v2\/tags?post=86756"}],"curies":[{"name":"wp","href":"https:\/\/api.w.org\/{rel}","templated":true}]}}