{"id":86771,"date":"2025-12-02T12:07:42","date_gmt":"2025-12-02T11:07:42","guid":{"rendered":"https:\/\/progettotouring.it\/radiotouring104\/?p=86771"},"modified":"2025-12-02T12:55:43","modified_gmt":"2025-12-02T11:55:43","slug":"reggio-torna-il-festival-voci-bianche","status":"publish","type":"post","link":"https:\/\/progettotouring.it\/radiotouring104\/2025\/12\/02\/reggio-torna-il-festival-voci-bianche\/","title":{"rendered":"Reggio: torna il &#8220;Festival Voci Bianche&#8221;"},"content":{"rendered":"<p>Torna il <strong>Festival Voci Bianche<\/strong>, concorso canoro dedicato ai talenti dai 6 ai 13 anni che negli ultimi due anni \u00e8 diventato un vero e proprio trampolino di lancio. La <strong>terza edizione<\/strong> si preannuncia pi\u00f9 ricca che mai e vedr\u00e0 alla conduzione lo showman e presentatore <strong>Marco Mauro<\/strong>, volto noto del panorama televisivo regionale, affiancato sul palco dall\u2019ospite speciale <strong>Pasquale Capr\u00ec<\/strong>, uno degli imitatori ed intrattenitori pi\u00f9 amati del Sud Italia.<\/p>\n<p>Il primo premio in palio sar\u00e0 una <strong>borsa di studio del valore di circa 1.000 euro<\/strong> che comprende la <strong>realizzazione professionale di un brano inedito<\/strong> completo di <strong>videoclip ufficiale<\/strong>, un\u2019opportunit\u00e0 concreta per trasformare un sogno in realt\u00e0. Lo dimostra la vincitrice della scorsa edizione, la giovanissima <strong>Angelica Zina Cottone<\/strong>, che dopo il trionfo al Festival \u00e8 stata selezionata come concorrente del noto programma di Canale 5 <strong>\u201cIo Canto\u201d<\/strong>.<\/p>\n<p>A valutare i piccoli grandi talenti ci sar\u00e0 una giuria di assoluto livello presieduta dal <strong>Maestro Maurizio Manag\u00f2<\/strong>, Direttore d\u2019Orchestra di fama nazionale. Con lui la straordinaria cantante <strong>Adela<\/strong>, il vocal coach <strong>Saverio Squillace<\/strong> e il cantante e showman <strong>Kiko<\/strong>.<\/p>\n<p>L\u2019evento \u00e8 realizzato dall\u2019<strong>Associazione Culturale Liberarte<\/strong>, realt\u00e0 calabrese che, in appena tre anni, si \u00e8 gi\u00e0 distinta per la promozione dei giovani talenti attraverso molteplici attivit\u00e0:<\/p>\n<ul>\n<li><strong>Produzioni televisive<\/strong>proprie (\u201cArtisti in TV\u201d, \u201cUn Palco per Te\u201d, \u201cOn The Road\u201d) trasmesse sulle principali emittenti regionali<\/li>\n<li><strong>Gite culturali<\/strong>alla scoperta dei borghi pi\u00f9 belli di Calabria e Sicilia, con itinerari che uniscono arte, tradizioni popolari ed eccellenze enogastronomiche<\/li>\n<li><strong>Scuola di musica<\/strong>con corsi di canto moderno e lirico, chitarra, batteria, lira calabrese, organetto, sassofono e clarinetto, aperti a tutte le et\u00e0<\/li>\n<\/ul>\n<p>\u00abIl Festival Voci Bianche non \u00e8 solo una gara \u2013 dichiara Mario Nan\u00eca, presidente dell\u2019Associazione Liberarte \u2013 ma un progetto di crescita artistica e umana. Vedere Angelica a \u201cIo Canto\u201d ci ha riempito di orgoglio e ci sprona a fare sempre meglio. Quest\u2019anno, con Marco Mauro alla conduzione e Pasquale Capr\u00ec ospite, sar\u00e0 una festa ancora pi\u00f9 coinvolgente per bambini, famiglie e tutto il pubblico\u00bb.<\/p>\n<p>Appuntamento Domenica 7 Dicembre, ore 17.00, presso il Teatro Zanotti Bianco, via Melacrino 34, Reggio Calabria.<\/p>\n<p>&nbsp;<\/p>\n","protected":false},"excerpt":{"rendered":"<p>Torna il Festival Voci Bianche, concorso canoro dedicato ai talenti dai 6 ai 13 anni che negli ultimi due anni \u00e8 diventato un vero e proprio trampolino di lancio. La&hellip;<\/p>\n","protected":false},"author":5,"featured_media":86772,"comment_status":"closed","ping_status":"open","sticky":false,"template":"","format":"standard","meta":{"_jetpack_memberships_contains_paid_content":false,"footnotes":"","jetpack_publicize_message":"","jetpack_publicize_feature_enabled":true,"jetpack_social_post_already_shared":true,"jetpack_social_options":{"image_generator_settings":{"template":"highway","default_image_id":0,"font":"","enabled":false},"version":2}},"categories":[921,196,140],"tags":[49252,49253,49254,3945,1022,35690],"class_list":["post-86771","post","type-post","status-publish","format-standard","has-post-thumbnail","hentry","category-home","category-news","category-reggio-calabria","tag-festival-voci-bianche","tag-adela","tag-concorso-canoro","tag-marco-mauro","tag-pasquale-capri","tag-terza-edizione"],"yoast_head":"<!-- This site is optimized with the Yoast SEO plugin v27.2 - https:\/\/yoast.com\/product\/yoast-seo-wordpress\/ -->\n<title>Reggio: torna il &quot;Festival Voci Bianche&quot;<\/title>\n<meta name=\"description\" content=\"La 3\u00b0 edizione del concorso canoro, dedicato ai talenti dai 6 ai 13 anni, sar\u00e0 condotta da Marco Mauro, affiancato da Pasquale Capr\u00ec\" \/>\n<meta name=\"robots\" content=\"index, follow, max-snippet:-1, max-image-preview:large, max-video-preview:-1\" \/>\n<link rel=\"canonical\" href=\"https:\/\/progettotouring.it\/radiotouring104\/2025\/12\/02\/reggio-torna-il-festival-voci-bianche\/\" \/>\n<meta property=\"og:locale\" content=\"it_IT\" \/>\n<meta property=\"og:type\" content=\"article\" \/>\n<meta property=\"og:title\" content=\"Reggio: torna il &quot;Festival Voci Bianche&quot;\" \/>\n<meta property=\"og:description\" content=\"La 3\u00b0 edizione del concorso canoro, dedicato ai talenti dai 6 ai 13 anni, sar\u00e0 condotta da Marco Mauro, affiancato da Pasquale Capr\u00ec\" \/>\n<meta property=\"og:url\" content=\"https:\/\/progettotouring.it\/radiotouring104\/2025\/12\/02\/reggio-torna-il-festival-voci-bianche\/\" \/>\n<meta property=\"og:site_name\" content=\"Radio Touring 104\" \/>\n<meta property=\"article:published_time\" content=\"2025-12-02T11:07:42+00:00\" \/>\n<meta property=\"article:modified_time\" content=\"2025-12-02T11:55:43+00:00\" \/>\n<meta property=\"og:image\" content=\"https:\/\/progettotouring.it\/radiotouring104\/wp-content\/uploads\/sites\/6\/2025\/12\/Festival-Voci-Bianche.gif\" \/>\n\t<meta property=\"og:image:width\" content=\"495\" \/>\n\t<meta property=\"og:image:height\" content=\"413\" \/>\n\t<meta property=\"og:image:type\" content=\"image\/gif\" \/>\n<meta name=\"author\" content=\"redazione\" \/>\n<meta name=\"twitter:card\" content=\"summary_large_image\" \/>\n<meta name=\"twitter:label1\" content=\"Scritto da\" \/>\n\t<meta name=\"twitter:data1\" content=\"redazione\" \/>\n\t<meta name=\"twitter:label2\" content=\"Tempo di lettura stimato\" \/>\n\t<meta name=\"twitter:data2\" content=\"2 minuti\" \/>\n<script type=\"application\/ld+json\" class=\"yoast-schema-graph\">{\"@context\":\"https:\/\/schema.org\",\"@graph\":[{\"@type\":\"Article\",\"@id\":\"https:\/\/progettotouring.it\/radiotouring104\/2025\/12\/02\/reggio-torna-il-festival-voci-bianche\/#article\",\"isPartOf\":{\"@id\":\"https:\/\/progettotouring.it\/radiotouring104\/2025\/12\/02\/reggio-torna-il-festival-voci-bianche\/\"},\"author\":{\"name\":\"redazione\",\"@id\":\"https:\/\/progettotouring.it\/radiotouring104\/#\/schema\/person\/1b3eb3c07c47136bc44c785c543e635f\"},\"headline\":\"Reggio: torna il &#8220;Festival Voci Bianche&#8221;\",\"datePublished\":\"2025-12-02T11:07:42+00:00\",\"dateModified\":\"2025-12-02T11:55:43+00:00\",\"mainEntityOfPage\":{\"@id\":\"https:\/\/progettotouring.it\/radiotouring104\/2025\/12\/02\/reggio-torna-il-festival-voci-bianche\/\"},\"wordCount\":347,\"publisher\":{\"@id\":\"https:\/\/progettotouring.it\/radiotouring104\/#organization\"},\"image\":{\"@id\":\"https:\/\/progettotouring.it\/radiotouring104\/2025\/12\/02\/reggio-torna-il-festival-voci-bianche\/#primaryimage\"},\"thumbnailUrl\":\"https:\/\/progettotouring.it\/radiotouring104\/wp-content\/uploads\/sites\/6\/2025\/12\/Festival-Voci-Bianche.gif\",\"keywords\":[\"\\\"Festival Voci Bianche\\\"\",\"Adela\",\"concorso canoro\",\"Marco Mauro\",\"Pasquale capr\u00ec\",\"Terza edizione\"],\"articleSection\":[\"Home\",\"News\",\"Reggio Calabria\"],\"inLanguage\":\"it-IT\"},{\"@type\":\"WebPage\",\"@id\":\"https:\/\/progettotouring.it\/radiotouring104\/2025\/12\/02\/reggio-torna-il-festival-voci-bianche\/\",\"url\":\"https:\/\/progettotouring.it\/radiotouring104\/2025\/12\/02\/reggio-torna-il-festival-voci-bianche\/\",\"name\":\"Reggio: torna il \\\"Festival Voci Bianche\\\"\",\"isPartOf\":{\"@id\":\"https:\/\/progettotouring.it\/radiotouring104\/#website\"},\"primaryImageOfPage\":{\"@id\":\"https:\/\/progettotouring.it\/radiotouring104\/2025\/12\/02\/reggio-torna-il-festival-voci-bianche\/#primaryimage\"},\"image\":{\"@id\":\"https:\/\/progettotouring.it\/radiotouring104\/2025\/12\/02\/reggio-torna-il-festival-voci-bianche\/#primaryimage\"},\"thumbnailUrl\":\"https:\/\/progettotouring.it\/radiotouring104\/wp-content\/uploads\/sites\/6\/2025\/12\/Festival-Voci-Bianche.gif\",\"datePublished\":\"2025-12-02T11:07:42+00:00\",\"dateModified\":\"2025-12-02T11:55:43+00:00\",\"description\":\"La 3\u00b0 edizione del concorso canoro, dedicato ai talenti dai 6 ai 13 anni, sar\u00e0 condotta da Marco Mauro, affiancato da Pasquale Capr\u00ec\",\"breadcrumb\":{\"@id\":\"https:\/\/progettotouring.it\/radiotouring104\/2025\/12\/02\/reggio-torna-il-festival-voci-bianche\/#breadcrumb\"},\"inLanguage\":\"it-IT\",\"potentialAction\":[{\"@type\":\"ReadAction\",\"target\":[\"https:\/\/progettotouring.it\/radiotouring104\/2025\/12\/02\/reggio-torna-il-festival-voci-bianche\/\"]}]},{\"@type\":\"ImageObject\",\"inLanguage\":\"it-IT\",\"@id\":\"https:\/\/progettotouring.it\/radiotouring104\/2025\/12\/02\/reggio-torna-il-festival-voci-bianche\/#primaryimage\",\"url\":\"https:\/\/progettotouring.it\/radiotouring104\/wp-content\/uploads\/sites\/6\/2025\/12\/Festival-Voci-Bianche.gif\",\"contentUrl\":\"https:\/\/progettotouring.it\/radiotouring104\/wp-content\/uploads\/sites\/6\/2025\/12\/Festival-Voci-Bianche.gif\",\"width\":495,\"height\":413},{\"@type\":\"BreadcrumbList\",\"@id\":\"https:\/\/progettotouring.it\/radiotouring104\/2025\/12\/02\/reggio-torna-il-festival-voci-bianche\/#breadcrumb\",\"itemListElement\":[{\"@type\":\"ListItem\",\"position\":1,\"name\":\"Home\",\"item\":\"https:\/\/progettotouring.it\/radiotouring104\/\"},{\"@type\":\"ListItem\",\"position\":2,\"name\":\"Reggio: torna il &#8220;Festival Voci Bianche&#8221;\"}]},{\"@type\":\"WebSite\",\"@id\":\"https:\/\/progettotouring.it\/radiotouring104\/#website\",\"url\":\"https:\/\/progettotouring.it\/radiotouring104\/\",\"name\":\"Radio Touring 104\",\"description\":\"La prima radio Reggina\",\"publisher\":{\"@id\":\"https:\/\/progettotouring.it\/radiotouring104\/#organization\"},\"potentialAction\":[{\"@type\":\"SearchAction\",\"target\":{\"@type\":\"EntryPoint\",\"urlTemplate\":\"https:\/\/progettotouring.it\/radiotouring104\/?s={search_term_string}\"},\"query-input\":{\"@type\":\"PropertyValueSpecification\",\"valueRequired\":true,\"valueName\":\"search_term_string\"}}],\"inLanguage\":\"it-IT\"},{\"@type\":\"Organization\",\"@id\":\"https:\/\/progettotouring.it\/radiotouring104\/#organization\",\"name\":\"Radio Touring 104\",\"url\":\"https:\/\/progettotouring.it\/radiotouring104\/\",\"logo\":{\"@type\":\"ImageObject\",\"inLanguage\":\"it-IT\",\"@id\":\"https:\/\/progettotouring.it\/radiotouring104\/#\/schema\/logo\/image\/\",\"url\":\"https:\/\/progettotouring.it\/radiotouring104\/wp-content\/uploads\/sites\/6\/2022\/02\/cropped-logo-radio-touring-104.png\",\"contentUrl\":\"https:\/\/progettotouring.it\/radiotouring104\/wp-content\/uploads\/sites\/6\/2022\/02\/cropped-logo-radio-touring-104.png\",\"width\":377,\"height\":182,\"caption\":\"Radio Touring 104\"},\"image\":{\"@id\":\"https:\/\/progettotouring.it\/radiotouring104\/#\/schema\/logo\/image\/\"}},{\"@type\":\"Person\",\"@id\":\"https:\/\/progettotouring.it\/radiotouring104\/#\/schema\/person\/1b3eb3c07c47136bc44c785c543e635f\",\"name\":\"redazione\",\"image\":{\"@type\":\"ImageObject\",\"inLanguage\":\"it-IT\",\"@id\":\"https:\/\/secure.gravatar.com\/avatar\/0b31605b49f100769e8b624b3e05de1b73e1692e9568a352f60f53fd072e6e11?s=96&d=mm&r=g\",\"url\":\"https:\/\/secure.gravatar.com\/avatar\/0b31605b49f100769e8b624b3e05de1b73e1692e9568a352f60f53fd072e6e11?s=96&d=mm&r=g\",\"contentUrl\":\"https:\/\/secure.gravatar.com\/avatar\/0b31605b49f100769e8b624b3e05de1b73e1692e9568a352f60f53fd072e6e11?s=96&d=mm&r=g\",\"caption\":\"redazione\"},\"url\":\"https:\/\/progettotouring.it\/radiotouring104\/author\/redazione\/\"}]}<\/script>\n<!-- \/ Yoast SEO plugin. -->","yoast_head_json":{"title":"Reggio: torna il \"Festival Voci Bianche\"","description":"La 3\u00b0 edizione del concorso canoro, dedicato ai talenti dai 6 ai 13 anni, sar\u00e0 condotta da Marco Mauro, affiancato da Pasquale Capr\u00ec","robots":{"index":"index","follow":"follow","max-snippet":"max-snippet:-1","max-image-preview":"max-image-preview:large","max-video-preview":"max-video-preview:-1"},"canonical":"https:\/\/progettotouring.it\/radiotouring104\/2025\/12\/02\/reggio-torna-il-festival-voci-bianche\/","og_locale":"it_IT","og_type":"article","og_title":"Reggio: torna il \"Festival Voci Bianche\"","og_description":"La 3\u00b0 edizione del concorso canoro, dedicato ai talenti dai 6 ai 13 anni, sar\u00e0 condotta da Marco Mauro, affiancato da Pasquale Capr\u00ec","og_url":"https:\/\/progettotouring.it\/radiotouring104\/2025\/12\/02\/reggio-torna-il-festival-voci-bianche\/","og_site_name":"Radio Touring 104","article_published_time":"2025-12-02T11:07:42+00:00","article_modified_time":"2025-12-02T11:55:43+00:00","og_image":[{"width":495,"height":413,"url":"https:\/\/progettotouring.it\/radiotouring104\/wp-content\/uploads\/sites\/6\/2025\/12\/Festival-Voci-Bianche.gif","type":"image\/gif"}],"author":"redazione","twitter_card":"summary_large_image","twitter_misc":{"Scritto da":"redazione","Tempo di lettura stimato":"2 minuti"},"schema":{"@context":"https:\/\/schema.org","@graph":[{"@type":"Article","@id":"https:\/\/progettotouring.it\/radiotouring104\/2025\/12\/02\/reggio-torna-il-festival-voci-bianche\/#article","isPartOf":{"@id":"https:\/\/progettotouring.it\/radiotouring104\/2025\/12\/02\/reggio-torna-il-festival-voci-bianche\/"},"author":{"name":"redazione","@id":"https:\/\/progettotouring.it\/radiotouring104\/#\/schema\/person\/1b3eb3c07c47136bc44c785c543e635f"},"headline":"Reggio: torna il &#8220;Festival Voci Bianche&#8221;","datePublished":"2025-12-02T11:07:42+00:00","dateModified":"2025-12-02T11:55:43+00:00","mainEntityOfPage":{"@id":"https:\/\/progettotouring.it\/radiotouring104\/2025\/12\/02\/reggio-torna-il-festival-voci-bianche\/"},"wordCount":347,"publisher":{"@id":"https:\/\/progettotouring.it\/radiotouring104\/#organization"},"image":{"@id":"https:\/\/progettotouring.it\/radiotouring104\/2025\/12\/02\/reggio-torna-il-festival-voci-bianche\/#primaryimage"},"thumbnailUrl":"https:\/\/progettotouring.it\/radiotouring104\/wp-content\/uploads\/sites\/6\/2025\/12\/Festival-Voci-Bianche.gif","keywords":["\"Festival Voci Bianche\"","Adela","concorso canoro","Marco Mauro","Pasquale capr\u00ec","Terza edizione"],"articleSection":["Home","News","Reggio Calabria"],"inLanguage":"it-IT"},{"@type":"WebPage","@id":"https:\/\/progettotouring.it\/radiotouring104\/2025\/12\/02\/reggio-torna-il-festival-voci-bianche\/","url":"https:\/\/progettotouring.it\/radiotouring104\/2025\/12\/02\/reggio-torna-il-festival-voci-bianche\/","name":"Reggio: torna il \"Festival Voci Bianche\"","isPartOf":{"@id":"https:\/\/progettotouring.it\/radiotouring104\/#website"},"primaryImageOfPage":{"@id":"https:\/\/progettotouring.it\/radiotouring104\/2025\/12\/02\/reggio-torna-il-festival-voci-bianche\/#primaryimage"},"image":{"@id":"https:\/\/progettotouring.it\/radiotouring104\/2025\/12\/02\/reggio-torna-il-festival-voci-bianche\/#primaryimage"},"thumbnailUrl":"https:\/\/progettotouring.it\/radiotouring104\/wp-content\/uploads\/sites\/6\/2025\/12\/Festival-Voci-Bianche.gif","datePublished":"2025-12-02T11:07:42+00:00","dateModified":"2025-12-02T11:55:43+00:00","description":"La 3\u00b0 edizione del concorso canoro, dedicato ai talenti dai 6 ai 13 anni, sar\u00e0 condotta da Marco Mauro, affiancato da Pasquale Capr\u00ec","breadcrumb":{"@id":"https:\/\/progettotouring.it\/radiotouring104\/2025\/12\/02\/reggio-torna-il-festival-voci-bianche\/#breadcrumb"},"inLanguage":"it-IT","potentialAction":[{"@type":"ReadAction","target":["https:\/\/progettotouring.it\/radiotouring104\/2025\/12\/02\/reggio-torna-il-festival-voci-bianche\/"]}]},{"@type":"ImageObject","inLanguage":"it-IT","@id":"https:\/\/progettotouring.it\/radiotouring104\/2025\/12\/02\/reggio-torna-il-festival-voci-bianche\/#primaryimage","url":"https:\/\/progettotouring.it\/radiotouring104\/wp-content\/uploads\/sites\/6\/2025\/12\/Festival-Voci-Bianche.gif","contentUrl":"https:\/\/progettotouring.it\/radiotouring104\/wp-content\/uploads\/sites\/6\/2025\/12\/Festival-Voci-Bianche.gif","width":495,"height":413},{"@type":"BreadcrumbList","@id":"https:\/\/progettotouring.it\/radiotouring104\/2025\/12\/02\/reggio-torna-il-festival-voci-bianche\/#breadcrumb","itemListElement":[{"@type":"ListItem","position":1,"name":"Home","item":"https:\/\/progettotouring.it\/radiotouring104\/"},{"@type":"ListItem","position":2,"name":"Reggio: torna il &#8220;Festival Voci Bianche&#8221;"}]},{"@type":"WebSite","@id":"https:\/\/progettotouring.it\/radiotouring104\/#website","url":"https:\/\/progettotouring.it\/radiotouring104\/","name":"Radio Touring 104","description":"La prima radio Reggina","publisher":{"@id":"https:\/\/progettotouring.it\/radiotouring104\/#organization"},"potentialAction":[{"@type":"SearchAction","target":{"@type":"EntryPoint","urlTemplate":"https:\/\/progettotouring.it\/radiotouring104\/?s={search_term_string}"},"query-input":{"@type":"PropertyValueSpecification","valueRequired":true,"valueName":"search_term_string"}}],"inLanguage":"it-IT"},{"@type":"Organization","@id":"https:\/\/progettotouring.it\/radiotouring104\/#organization","name":"Radio Touring 104","url":"https:\/\/progettotouring.it\/radiotouring104\/","logo":{"@type":"ImageObject","inLanguage":"it-IT","@id":"https:\/\/progettotouring.it\/radiotouring104\/#\/schema\/logo\/image\/","url":"https:\/\/progettotouring.it\/radiotouring104\/wp-content\/uploads\/sites\/6\/2022\/02\/cropped-logo-radio-touring-104.png","contentUrl":"https:\/\/progettotouring.it\/radiotouring104\/wp-content\/uploads\/sites\/6\/2022\/02\/cropped-logo-radio-touring-104.png","width":377,"height":182,"caption":"Radio Touring 104"},"image":{"@id":"https:\/\/progettotouring.it\/radiotouring104\/#\/schema\/logo\/image\/"}},{"@type":"Person","@id":"https:\/\/progettotouring.it\/radiotouring104\/#\/schema\/person\/1b3eb3c07c47136bc44c785c543e635f","name":"redazione","image":{"@type":"ImageObject","inLanguage":"it-IT","@id":"https:\/\/secure.gravatar.com\/avatar\/0b31605b49f100769e8b624b3e05de1b73e1692e9568a352f60f53fd072e6e11?s=96&d=mm&r=g","url":"https:\/\/secure.gravatar.com\/avatar\/0b31605b49f100769e8b624b3e05de1b73e1692e9568a352f60f53fd072e6e11?s=96&d=mm&r=g","contentUrl":"https:\/\/secure.gravatar.com\/avatar\/0b31605b49f100769e8b624b3e05de1b73e1692e9568a352f60f53fd072e6e11?s=96&d=mm&r=g","caption":"redazione"},"url":"https:\/\/progettotouring.it\/radiotouring104\/author\/redazione\/"}]}},"jetpack_publicize_connections":[],"jetpack_featured_media_url":"https:\/\/progettotouring.it\/radiotouring104\/wp-content\/uploads\/sites\/6\/2025\/12\/Festival-Voci-Bianche.gif","jetpack_sharing_enabled":true,"_links":{"self":[{"href":"https:\/\/progettotouring.it\/radiotouring104\/wp-json\/wp\/v2\/posts\/86771","targetHints":{"allow":["GET"]}}],"collection":[{"href":"https:\/\/progettotouring.it\/radiotouring104\/wp-json\/wp\/v2\/posts"}],"about":[{"href":"https:\/\/progettotouring.it\/radiotouring104\/wp-json\/wp\/v2\/types\/post"}],"author":[{"embeddable":true,"href":"https:\/\/progettotouring.it\/radiotouring104\/wp-json\/wp\/v2\/users\/5"}],"replies":[{"embeddable":true,"href":"https:\/\/progettotouring.it\/radiotouring104\/wp-json\/wp\/v2\/comments?post=86771"}],"version-history":[{"count":1,"href":"https:\/\/progettotouring.it\/radiotouring104\/wp-json\/wp\/v2\/posts\/86771\/revisions"}],"predecessor-version":[{"id":86773,"href":"https:\/\/progettotouring.it\/radiotouring104\/wp-json\/wp\/v2\/posts\/86771\/revisions\/86773"}],"wp:featuredmedia":[{"embeddable":true,"href":"https:\/\/progettotouring.it\/radiotouring104\/wp-json\/wp\/v2\/media\/86772"}],"wp:attachment":[{"href":"https:\/\/progettotouring.it\/radiotouring104\/wp-json\/wp\/v2\/media?parent=86771"}],"wp:term":[{"taxonomy":"category","embeddable":true,"href":"https:\/\/progettotouring.it\/radiotouring104\/wp-json\/wp\/v2\/categories?post=86771"},{"taxonomy":"post_tag","embeddable":true,"href":"https:\/\/progettotouring.it\/radiotouring104\/wp-json\/wp\/v2\/tags?post=86771"}],"curies":[{"name":"wp","href":"https:\/\/api.w.org\/{rel}","templated":true}]}}