{"id":86778,"date":"2025-12-02T12:35:08","date_gmt":"2025-12-02T11:35:08","guid":{"rendered":"https:\/\/progettotouring.it\/radiotouring104\/?p=86778"},"modified":"2025-12-02T12:55:54","modified_gmt":"2025-12-02T11:55:54","slug":"aeroporto-dello-stretto-i-consiglieri-di-forza-italia-rc-sul-record-di-passeggeri-sogno-che-si-realizza-grazie-alla-politica-del-fare","status":"publish","type":"post","link":"https:\/\/progettotouring.it\/radiotouring104\/2025\/12\/02\/aeroporto-dello-stretto-i-consiglieri-di-forza-italia-rc-sul-record-di-passeggeri-sogno-che-si-realizza-grazie-alla-politica-del-fare\/","title":{"rendered":"Aeroporto dello Stretto, i consiglieri di Forza Italia Rc sul record di passeggeri: &#8220;Sogno che si realizza grazie alla politica del fare&#8221;"},"content":{"rendered":"<p><em>\u201cIl dato record di 900<\/em> <em>mila passeggeri registrati dall\u2019Aeroporto dello Stretto in soli undici mesi \u00e8 una notizia straordinaria che conferma in modo inequivocabile la rinnovata centralit\u00e0 del nostro scalo\u201d, d<\/em>ichiarano, in una nota i consiglieri comunali di Forza Italia al Comune di Reggio Calabria, Federico Milia, Antonino Maiolino, Roberto Vizzari, Antonino Zimbalatti e Saverio Anghelone commentando i numeri diffusi in queste ore che attestano una crescita dai numeri record per l\u2019aeroporto Tito Minniti, vicino al milione di passeggeri in un anno.<\/p>\n<p><em>\u00a0<\/em><\/p>\n<p><em>\u201cQuesto risultato \u00e8 la dimostrazione che la visione strategica e la \u2018politica del fare\u2019 promossa in questi anni <\/em><em>da Forza Italia<\/em><em>, in sinergia con la Regione Calabria e con il fondamentale impegno <\/em><em>del nostro deputato e<\/em><em> Segretario Regionale Francesco Cannizzaro, ha finalmente pagato<\/em><em>\u201d.<\/em><\/p>\n<p><em>\u00a0<\/em><\/p>\n<p><em>\u201c<\/em><em>Ricord<\/em><em>iamo<\/em><em> bene il periodo di incertezza e il triste destino che sembrava profilarsi per il nostro aeroporto<\/em><em>, cosi come le parole dei detrattori. <\/em><em>O<\/em><em>ggi, fortunatamente, quello scenario \u00e8 un lontano ricordo<\/em><em>: il <\/em><em>Tito Minniti non solo \u00e8 salvo, ma sta volando verso nuovi, ambiziosi traguardi<\/em><em>\u201d, continua<\/em>\u00a0il gruppo consiliare.<\/p>\n<p><em>\u00a0<\/em><\/p>\n<p><em>\u00a0\u201cLa crescita dei flussi non \u00e8 solo un successo per l&#8217;infrastruttura, ma un potente segnale per l&#8217;economia e il turismo di tutta l\u2019Area Metropolitana<\/em> &#8211; proseguono<em>&#8211; si<\/em><em>gnifica pi\u00f9 visitatori, pi\u00f9 opportunit\u00e0 di investimento e, in definitiva, pi\u00f9<\/em><em> opportunit\u00e0 di <\/em><em>lavoro<\/em><em>: un<\/em><em> \u2018effetto-moltiplicatore\u2019 che \u00e8 sotto gli occhi di tutti\u201d.<\/em><\/p>\n<p><em>\u00a0<\/em><\/p>\n<p><em>\u201cL&#8217;obiettivo ora \u00e8 superare il milione di passeggeri e garantire che, parallelamente alla nuova aerostazione e agli ulteriori investimenti in programma, anche la citt\u00e0 di Reggio Calabria si faccia trovare pronta con servizi e accoglienza all&#8217;altezza di questo scalo in piena rinascita. Un sogno che si realizza e che ci spinge a lavorare<\/em><em> tutti,<\/em><em> ancora pi\u00f9 duramente<\/em><em>, <\/em><em>per il bene della nostra <\/em><em>citt\u00e0<\/em><em>\u201d<\/em> concludono i consiglieri azzurri.<\/p>\n","protected":false},"excerpt":{"rendered":"<p>\u201cIl dato record di 900 mila passeggeri registrati dall\u2019Aeroporto dello Stretto in soli undici mesi \u00e8 una notizia straordinaria che conferma in modo inequivocabile la rinnovata centralit\u00e0 del nostro scalo\u201d,&hellip;<\/p>\n","protected":false},"author":5,"featured_media":80606,"comment_status":"closed","ping_status":"open","sticky":false,"template":"","format":"standard","meta":{"_jetpack_memberships_contains_paid_content":false,"footnotes":"","jetpack_publicize_message":"","jetpack_publicize_feature_enabled":true,"jetpack_social_post_already_shared":true,"jetpack_social_options":{"image_generator_settings":{"template":"highway","default_image_id":0,"font":"","enabled":false},"version":2}},"categories":[921,150,196,140],"tags":[49224,2413,38238,1195],"class_list":["post-86778","post","type-post","status-publish","format-standard","has-post-thumbnail","hentry","category-home","category-in-primo-piano","category-news","category-reggio-calabria","tag-900-mila-passeggeri-in-11-mesi","tag-aeroporto-dello-stretto","tag-forza-italia-rc","tag-record"],"yoast_head":"<!-- This site is optimized with the Yoast SEO plugin v27.2 - https:\/\/yoast.com\/product\/yoast-seo-wordpress\/ -->\n<title>Aeroporto dello Stretto, i consiglieri di Forza Italia Rc sul record di passeggeri: &quot;Sogno che si realizza grazie alla politica del fare&quot; - Radio Touring 104<\/title>\n<meta name=\"description\" content=\"\u201cIl dato di 900 mila passeggeri registrat in 11 mesi \u00e8 una notizia che conferma la rinnovata centralit\u00e0 dello scalo\u201d, scrivono i Consiglieri\" \/>\n<meta name=\"robots\" content=\"index, follow, max-snippet:-1, max-image-preview:large, max-video-preview:-1\" \/>\n<link rel=\"canonical\" href=\"https:\/\/progettotouring.it\/radiotouring104\/2025\/12\/02\/aeroporto-dello-stretto-i-consiglieri-di-forza-italia-rc-sul-record-di-passeggeri-sogno-che-si-realizza-grazie-alla-politica-del-fare\/\" \/>\n<meta property=\"og:locale\" content=\"it_IT\" \/>\n<meta property=\"og:type\" content=\"article\" \/>\n<meta property=\"og:title\" content=\"Aeroporto dello Stretto, i consiglieri di Forza Italia Rc sul record di passeggeri: &quot;Sogno che si realizza grazie alla politica del fare&quot; - Radio Touring 104\" \/>\n<meta property=\"og:description\" content=\"\u201cIl dato di 900 mila passeggeri registrat in 11 mesi \u00e8 una notizia che conferma la rinnovata centralit\u00e0 dello scalo\u201d, scrivono i Consiglieri\" \/>\n<meta property=\"og:url\" content=\"https:\/\/progettotouring.it\/radiotouring104\/2025\/12\/02\/aeroporto-dello-stretto-i-consiglieri-di-forza-italia-rc-sul-record-di-passeggeri-sogno-che-si-realizza-grazie-alla-politica-del-fare\/\" \/>\n<meta property=\"og:site_name\" content=\"Radio Touring 104\" \/>\n<meta property=\"article:published_time\" content=\"2025-12-02T11:35:08+00:00\" \/>\n<meta property=\"article:modified_time\" content=\"2025-12-02T11:55:54+00:00\" \/>\n<meta property=\"og:image\" content=\"https:\/\/progettotouring.it\/radiotouring104\/wp-content\/uploads\/sites\/6\/2025\/09\/Aeroporto-dello-Stretto-Tito-Minniti.jpg\" \/>\n\t<meta property=\"og:image:width\" content=\"1920\" \/>\n\t<meta property=\"og:image:height\" content=\"993\" \/>\n\t<meta property=\"og:image:type\" content=\"image\/jpeg\" \/>\n<meta name=\"author\" content=\"redazione\" \/>\n<meta name=\"twitter:card\" content=\"summary_large_image\" \/>\n<meta name=\"twitter:label1\" content=\"Scritto da\" \/>\n\t<meta name=\"twitter:data1\" content=\"redazione\" \/>\n\t<meta name=\"twitter:label2\" content=\"Tempo di lettura stimato\" \/>\n\t<meta name=\"twitter:data2\" content=\"1 minuto\" \/>\n<script type=\"application\/ld+json\" class=\"yoast-schema-graph\">{\"@context\":\"https:\/\/schema.org\",\"@graph\":[{\"@type\":\"Article\",\"@id\":\"https:\/\/progettotouring.it\/radiotouring104\/2025\/12\/02\/aeroporto-dello-stretto-i-consiglieri-di-forza-italia-rc-sul-record-di-passeggeri-sogno-che-si-realizza-grazie-alla-politica-del-fare\/#article\",\"isPartOf\":{\"@id\":\"https:\/\/progettotouring.it\/radiotouring104\/2025\/12\/02\/aeroporto-dello-stretto-i-consiglieri-di-forza-italia-rc-sul-record-di-passeggeri-sogno-che-si-realizza-grazie-alla-politica-del-fare\/\"},\"author\":{\"name\":\"redazione\",\"@id\":\"https:\/\/progettotouring.it\/radiotouring104\/#\/schema\/person\/1b3eb3c07c47136bc44c785c543e635f\"},\"headline\":\"Aeroporto dello Stretto, i consiglieri di Forza Italia Rc sul record di passeggeri: &#8220;Sogno che si realizza grazie alla politica del fare&#8221;\",\"datePublished\":\"2025-12-02T11:35:08+00:00\",\"dateModified\":\"2025-12-02T11:55:54+00:00\",\"mainEntityOfPage\":{\"@id\":\"https:\/\/progettotouring.it\/radiotouring104\/2025\/12\/02\/aeroporto-dello-stretto-i-consiglieri-di-forza-italia-rc-sul-record-di-passeggeri-sogno-che-si-realizza-grazie-alla-politica-del-fare\/\"},\"wordCount\":310,\"publisher\":{\"@id\":\"https:\/\/progettotouring.it\/radiotouring104\/#organization\"},\"image\":{\"@id\":\"https:\/\/progettotouring.it\/radiotouring104\/2025\/12\/02\/aeroporto-dello-stretto-i-consiglieri-di-forza-italia-rc-sul-record-di-passeggeri-sogno-che-si-realizza-grazie-alla-politica-del-fare\/#primaryimage\"},\"thumbnailUrl\":\"https:\/\/progettotouring.it\/radiotouring104\/wp-content\/uploads\/sites\/6\/2025\/09\/Aeroporto-dello-Stretto-Tito-Minniti.jpg\",\"keywords\":[\"900 mila passeggeri in 11 mesi\",\"Aeroporto dello Stretto\",\"Forza Italia Rc\",\"record\"],\"articleSection\":[\"Home\",\"In primo piano\",\"News\",\"Reggio Calabria\"],\"inLanguage\":\"it-IT\"},{\"@type\":\"WebPage\",\"@id\":\"https:\/\/progettotouring.it\/radiotouring104\/2025\/12\/02\/aeroporto-dello-stretto-i-consiglieri-di-forza-italia-rc-sul-record-di-passeggeri-sogno-che-si-realizza-grazie-alla-politica-del-fare\/\",\"url\":\"https:\/\/progettotouring.it\/radiotouring104\/2025\/12\/02\/aeroporto-dello-stretto-i-consiglieri-di-forza-italia-rc-sul-record-di-passeggeri-sogno-che-si-realizza-grazie-alla-politica-del-fare\/\",\"name\":\"Aeroporto dello Stretto, i consiglieri di Forza Italia Rc sul record di passeggeri: \\\"Sogno che si realizza grazie alla politica del fare\\\" - Radio Touring 104\",\"isPartOf\":{\"@id\":\"https:\/\/progettotouring.it\/radiotouring104\/#website\"},\"primaryImageOfPage\":{\"@id\":\"https:\/\/progettotouring.it\/radiotouring104\/2025\/12\/02\/aeroporto-dello-stretto-i-consiglieri-di-forza-italia-rc-sul-record-di-passeggeri-sogno-che-si-realizza-grazie-alla-politica-del-fare\/#primaryimage\"},\"image\":{\"@id\":\"https:\/\/progettotouring.it\/radiotouring104\/2025\/12\/02\/aeroporto-dello-stretto-i-consiglieri-di-forza-italia-rc-sul-record-di-passeggeri-sogno-che-si-realizza-grazie-alla-politica-del-fare\/#primaryimage\"},\"thumbnailUrl\":\"https:\/\/progettotouring.it\/radiotouring104\/wp-content\/uploads\/sites\/6\/2025\/09\/Aeroporto-dello-Stretto-Tito-Minniti.jpg\",\"datePublished\":\"2025-12-02T11:35:08+00:00\",\"dateModified\":\"2025-12-02T11:55:54+00:00\",\"description\":\"\u201cIl dato di 900 mila passeggeri registrat in 11 mesi \u00e8 una notizia che conferma la rinnovata centralit\u00e0 dello scalo\u201d, scrivono i Consiglieri\",\"breadcrumb\":{\"@id\":\"https:\/\/progettotouring.it\/radiotouring104\/2025\/12\/02\/aeroporto-dello-stretto-i-consiglieri-di-forza-italia-rc-sul-record-di-passeggeri-sogno-che-si-realizza-grazie-alla-politica-del-fare\/#breadcrumb\"},\"inLanguage\":\"it-IT\",\"potentialAction\":[{\"@type\":\"ReadAction\",\"target\":[\"https:\/\/progettotouring.it\/radiotouring104\/2025\/12\/02\/aeroporto-dello-stretto-i-consiglieri-di-forza-italia-rc-sul-record-di-passeggeri-sogno-che-si-realizza-grazie-alla-politica-del-fare\/\"]}]},{\"@type\":\"ImageObject\",\"inLanguage\":\"it-IT\",\"@id\":\"https:\/\/progettotouring.it\/radiotouring104\/2025\/12\/02\/aeroporto-dello-stretto-i-consiglieri-di-forza-italia-rc-sul-record-di-passeggeri-sogno-che-si-realizza-grazie-alla-politica-del-fare\/#primaryimage\",\"url\":\"https:\/\/progettotouring.it\/radiotouring104\/wp-content\/uploads\/sites\/6\/2025\/09\/Aeroporto-dello-Stretto-Tito-Minniti.jpg\",\"contentUrl\":\"https:\/\/progettotouring.it\/radiotouring104\/wp-content\/uploads\/sites\/6\/2025\/09\/Aeroporto-dello-Stretto-Tito-Minniti.jpg\",\"width\":1920,\"height\":993},{\"@type\":\"BreadcrumbList\",\"@id\":\"https:\/\/progettotouring.it\/radiotouring104\/2025\/12\/02\/aeroporto-dello-stretto-i-consiglieri-di-forza-italia-rc-sul-record-di-passeggeri-sogno-che-si-realizza-grazie-alla-politica-del-fare\/#breadcrumb\",\"itemListElement\":[{\"@type\":\"ListItem\",\"position\":1,\"name\":\"Home\",\"item\":\"https:\/\/progettotouring.it\/radiotouring104\/\"},{\"@type\":\"ListItem\",\"position\":2,\"name\":\"Aeroporto dello Stretto, i consiglieri di Forza Italia Rc sul record di passeggeri: &#8220;Sogno che si realizza grazie alla politica del fare&#8221;\"}]},{\"@type\":\"WebSite\",\"@id\":\"https:\/\/progettotouring.it\/radiotouring104\/#website\",\"url\":\"https:\/\/progettotouring.it\/radiotouring104\/\",\"name\":\"Radio Touring 104\",\"description\":\"La prima radio Reggina\",\"publisher\":{\"@id\":\"https:\/\/progettotouring.it\/radiotouring104\/#organization\"},\"potentialAction\":[{\"@type\":\"SearchAction\",\"target\":{\"@type\":\"EntryPoint\",\"urlTemplate\":\"https:\/\/progettotouring.it\/radiotouring104\/?s={search_term_string}\"},\"query-input\":{\"@type\":\"PropertyValueSpecification\",\"valueRequired\":true,\"valueName\":\"search_term_string\"}}],\"inLanguage\":\"it-IT\"},{\"@type\":\"Organization\",\"@id\":\"https:\/\/progettotouring.it\/radiotouring104\/#organization\",\"name\":\"Radio Touring 104\",\"url\":\"https:\/\/progettotouring.it\/radiotouring104\/\",\"logo\":{\"@type\":\"ImageObject\",\"inLanguage\":\"it-IT\",\"@id\":\"https:\/\/progettotouring.it\/radiotouring104\/#\/schema\/logo\/image\/\",\"url\":\"https:\/\/progettotouring.it\/radiotouring104\/wp-content\/uploads\/sites\/6\/2022\/02\/cropped-logo-radio-touring-104.png\",\"contentUrl\":\"https:\/\/progettotouring.it\/radiotouring104\/wp-content\/uploads\/sites\/6\/2022\/02\/cropped-logo-radio-touring-104.png\",\"width\":377,\"height\":182,\"caption\":\"Radio Touring 104\"},\"image\":{\"@id\":\"https:\/\/progettotouring.it\/radiotouring104\/#\/schema\/logo\/image\/\"}},{\"@type\":\"Person\",\"@id\":\"https:\/\/progettotouring.it\/radiotouring104\/#\/schema\/person\/1b3eb3c07c47136bc44c785c543e635f\",\"name\":\"redazione\",\"image\":{\"@type\":\"ImageObject\",\"inLanguage\":\"it-IT\",\"@id\":\"https:\/\/secure.gravatar.com\/avatar\/0b31605b49f100769e8b624b3e05de1b73e1692e9568a352f60f53fd072e6e11?s=96&d=mm&r=g\",\"url\":\"https:\/\/secure.gravatar.com\/avatar\/0b31605b49f100769e8b624b3e05de1b73e1692e9568a352f60f53fd072e6e11?s=96&d=mm&r=g\",\"contentUrl\":\"https:\/\/secure.gravatar.com\/avatar\/0b31605b49f100769e8b624b3e05de1b73e1692e9568a352f60f53fd072e6e11?s=96&d=mm&r=g\",\"caption\":\"redazione\"},\"url\":\"https:\/\/progettotouring.it\/radiotouring104\/author\/redazione\/\"}]}<\/script>\n<!-- \/ Yoast SEO plugin. -->","yoast_head_json":{"title":"Aeroporto dello Stretto, i consiglieri di Forza Italia Rc sul record di passeggeri: \"Sogno che si realizza grazie alla politica del fare\" - Radio Touring 104","description":"\u201cIl dato di 900 mila passeggeri registrat in 11 mesi \u00e8 una notizia che conferma la rinnovata centralit\u00e0 dello scalo\u201d, scrivono i Consiglieri","robots":{"index":"index","follow":"follow","max-snippet":"max-snippet:-1","max-image-preview":"max-image-preview:large","max-video-preview":"max-video-preview:-1"},"canonical":"https:\/\/progettotouring.it\/radiotouring104\/2025\/12\/02\/aeroporto-dello-stretto-i-consiglieri-di-forza-italia-rc-sul-record-di-passeggeri-sogno-che-si-realizza-grazie-alla-politica-del-fare\/","og_locale":"it_IT","og_type":"article","og_title":"Aeroporto dello Stretto, i consiglieri di Forza Italia Rc sul record di passeggeri: \"Sogno che si realizza grazie alla politica del fare\" - Radio Touring 104","og_description":"\u201cIl dato di 900 mila passeggeri registrat in 11 mesi \u00e8 una notizia che conferma la rinnovata centralit\u00e0 dello scalo\u201d, scrivono i Consiglieri","og_url":"https:\/\/progettotouring.it\/radiotouring104\/2025\/12\/02\/aeroporto-dello-stretto-i-consiglieri-di-forza-italia-rc-sul-record-di-passeggeri-sogno-che-si-realizza-grazie-alla-politica-del-fare\/","og_site_name":"Radio Touring 104","article_published_time":"2025-12-02T11:35:08+00:00","article_modified_time":"2025-12-02T11:55:54+00:00","og_image":[{"width":1920,"height":993,"url":"https:\/\/progettotouring.it\/radiotouring104\/wp-content\/uploads\/sites\/6\/2025\/09\/Aeroporto-dello-Stretto-Tito-Minniti.jpg","type":"image\/jpeg"}],"author":"redazione","twitter_card":"summary_large_image","twitter_misc":{"Scritto da":"redazione","Tempo di lettura stimato":"1 minuto"},"schema":{"@context":"https:\/\/schema.org","@graph":[{"@type":"Article","@id":"https:\/\/progettotouring.it\/radiotouring104\/2025\/12\/02\/aeroporto-dello-stretto-i-consiglieri-di-forza-italia-rc-sul-record-di-passeggeri-sogno-che-si-realizza-grazie-alla-politica-del-fare\/#article","isPartOf":{"@id":"https:\/\/progettotouring.it\/radiotouring104\/2025\/12\/02\/aeroporto-dello-stretto-i-consiglieri-di-forza-italia-rc-sul-record-di-passeggeri-sogno-che-si-realizza-grazie-alla-politica-del-fare\/"},"author":{"name":"redazione","@id":"https:\/\/progettotouring.it\/radiotouring104\/#\/schema\/person\/1b3eb3c07c47136bc44c785c543e635f"},"headline":"Aeroporto dello Stretto, i consiglieri di Forza Italia Rc sul record di passeggeri: &#8220;Sogno che si realizza grazie alla politica del fare&#8221;","datePublished":"2025-12-02T11:35:08+00:00","dateModified":"2025-12-02T11:55:54+00:00","mainEntityOfPage":{"@id":"https:\/\/progettotouring.it\/radiotouring104\/2025\/12\/02\/aeroporto-dello-stretto-i-consiglieri-di-forza-italia-rc-sul-record-di-passeggeri-sogno-che-si-realizza-grazie-alla-politica-del-fare\/"},"wordCount":310,"publisher":{"@id":"https:\/\/progettotouring.it\/radiotouring104\/#organization"},"image":{"@id":"https:\/\/progettotouring.it\/radiotouring104\/2025\/12\/02\/aeroporto-dello-stretto-i-consiglieri-di-forza-italia-rc-sul-record-di-passeggeri-sogno-che-si-realizza-grazie-alla-politica-del-fare\/#primaryimage"},"thumbnailUrl":"https:\/\/progettotouring.it\/radiotouring104\/wp-content\/uploads\/sites\/6\/2025\/09\/Aeroporto-dello-Stretto-Tito-Minniti.jpg","keywords":["900 mila passeggeri in 11 mesi","Aeroporto dello Stretto","Forza Italia Rc","record"],"articleSection":["Home","In primo piano","News","Reggio Calabria"],"inLanguage":"it-IT"},{"@type":"WebPage","@id":"https:\/\/progettotouring.it\/radiotouring104\/2025\/12\/02\/aeroporto-dello-stretto-i-consiglieri-di-forza-italia-rc-sul-record-di-passeggeri-sogno-che-si-realizza-grazie-alla-politica-del-fare\/","url":"https:\/\/progettotouring.it\/radiotouring104\/2025\/12\/02\/aeroporto-dello-stretto-i-consiglieri-di-forza-italia-rc-sul-record-di-passeggeri-sogno-che-si-realizza-grazie-alla-politica-del-fare\/","name":"Aeroporto dello Stretto, i consiglieri di Forza Italia Rc sul record di passeggeri: \"Sogno che si realizza grazie alla politica del fare\" - Radio Touring 104","isPartOf":{"@id":"https:\/\/progettotouring.it\/radiotouring104\/#website"},"primaryImageOfPage":{"@id":"https:\/\/progettotouring.it\/radiotouring104\/2025\/12\/02\/aeroporto-dello-stretto-i-consiglieri-di-forza-italia-rc-sul-record-di-passeggeri-sogno-che-si-realizza-grazie-alla-politica-del-fare\/#primaryimage"},"image":{"@id":"https:\/\/progettotouring.it\/radiotouring104\/2025\/12\/02\/aeroporto-dello-stretto-i-consiglieri-di-forza-italia-rc-sul-record-di-passeggeri-sogno-che-si-realizza-grazie-alla-politica-del-fare\/#primaryimage"},"thumbnailUrl":"https:\/\/progettotouring.it\/radiotouring104\/wp-content\/uploads\/sites\/6\/2025\/09\/Aeroporto-dello-Stretto-Tito-Minniti.jpg","datePublished":"2025-12-02T11:35:08+00:00","dateModified":"2025-12-02T11:55:54+00:00","description":"\u201cIl dato di 900 mila passeggeri registrat in 11 mesi \u00e8 una notizia che conferma la rinnovata centralit\u00e0 dello scalo\u201d, scrivono i Consiglieri","breadcrumb":{"@id":"https:\/\/progettotouring.it\/radiotouring104\/2025\/12\/02\/aeroporto-dello-stretto-i-consiglieri-di-forza-italia-rc-sul-record-di-passeggeri-sogno-che-si-realizza-grazie-alla-politica-del-fare\/#breadcrumb"},"inLanguage":"it-IT","potentialAction":[{"@type":"ReadAction","target":["https:\/\/progettotouring.it\/radiotouring104\/2025\/12\/02\/aeroporto-dello-stretto-i-consiglieri-di-forza-italia-rc-sul-record-di-passeggeri-sogno-che-si-realizza-grazie-alla-politica-del-fare\/"]}]},{"@type":"ImageObject","inLanguage":"it-IT","@id":"https:\/\/progettotouring.it\/radiotouring104\/2025\/12\/02\/aeroporto-dello-stretto-i-consiglieri-di-forza-italia-rc-sul-record-di-passeggeri-sogno-che-si-realizza-grazie-alla-politica-del-fare\/#primaryimage","url":"https:\/\/progettotouring.it\/radiotouring104\/wp-content\/uploads\/sites\/6\/2025\/09\/Aeroporto-dello-Stretto-Tito-Minniti.jpg","contentUrl":"https:\/\/progettotouring.it\/radiotouring104\/wp-content\/uploads\/sites\/6\/2025\/09\/Aeroporto-dello-Stretto-Tito-Minniti.jpg","width":1920,"height":993},{"@type":"BreadcrumbList","@id":"https:\/\/progettotouring.it\/radiotouring104\/2025\/12\/02\/aeroporto-dello-stretto-i-consiglieri-di-forza-italia-rc-sul-record-di-passeggeri-sogno-che-si-realizza-grazie-alla-politica-del-fare\/#breadcrumb","itemListElement":[{"@type":"ListItem","position":1,"name":"Home","item":"https:\/\/progettotouring.it\/radiotouring104\/"},{"@type":"ListItem","position":2,"name":"Aeroporto dello Stretto, i consiglieri di Forza Italia Rc sul record di passeggeri: &#8220;Sogno che si realizza grazie alla politica del fare&#8221;"}]},{"@type":"WebSite","@id":"https:\/\/progettotouring.it\/radiotouring104\/#website","url":"https:\/\/progettotouring.it\/radiotouring104\/","name":"Radio Touring 104","description":"La prima radio Reggina","publisher":{"@id":"https:\/\/progettotouring.it\/radiotouring104\/#organization"},"potentialAction":[{"@type":"SearchAction","target":{"@type":"EntryPoint","urlTemplate":"https:\/\/progettotouring.it\/radiotouring104\/?s={search_term_string}"},"query-input":{"@type":"PropertyValueSpecification","valueRequired":true,"valueName":"search_term_string"}}],"inLanguage":"it-IT"},{"@type":"Organization","@id":"https:\/\/progettotouring.it\/radiotouring104\/#organization","name":"Radio Touring 104","url":"https:\/\/progettotouring.it\/radiotouring104\/","logo":{"@type":"ImageObject","inLanguage":"it-IT","@id":"https:\/\/progettotouring.it\/radiotouring104\/#\/schema\/logo\/image\/","url":"https:\/\/progettotouring.it\/radiotouring104\/wp-content\/uploads\/sites\/6\/2022\/02\/cropped-logo-radio-touring-104.png","contentUrl":"https:\/\/progettotouring.it\/radiotouring104\/wp-content\/uploads\/sites\/6\/2022\/02\/cropped-logo-radio-touring-104.png","width":377,"height":182,"caption":"Radio Touring 104"},"image":{"@id":"https:\/\/progettotouring.it\/radiotouring104\/#\/schema\/logo\/image\/"}},{"@type":"Person","@id":"https:\/\/progettotouring.it\/radiotouring104\/#\/schema\/person\/1b3eb3c07c47136bc44c785c543e635f","name":"redazione","image":{"@type":"ImageObject","inLanguage":"it-IT","@id":"https:\/\/secure.gravatar.com\/avatar\/0b31605b49f100769e8b624b3e05de1b73e1692e9568a352f60f53fd072e6e11?s=96&d=mm&r=g","url":"https:\/\/secure.gravatar.com\/avatar\/0b31605b49f100769e8b624b3e05de1b73e1692e9568a352f60f53fd072e6e11?s=96&d=mm&r=g","contentUrl":"https:\/\/secure.gravatar.com\/avatar\/0b31605b49f100769e8b624b3e05de1b73e1692e9568a352f60f53fd072e6e11?s=96&d=mm&r=g","caption":"redazione"},"url":"https:\/\/progettotouring.it\/radiotouring104\/author\/redazione\/"}]}},"jetpack_publicize_connections":[],"jetpack_featured_media_url":"https:\/\/progettotouring.it\/radiotouring104\/wp-content\/uploads\/sites\/6\/2025\/09\/Aeroporto-dello-Stretto-Tito-Minniti.jpg","jetpack_sharing_enabled":true,"_links":{"self":[{"href":"https:\/\/progettotouring.it\/radiotouring104\/wp-json\/wp\/v2\/posts\/86778","targetHints":{"allow":["GET"]}}],"collection":[{"href":"https:\/\/progettotouring.it\/radiotouring104\/wp-json\/wp\/v2\/posts"}],"about":[{"href":"https:\/\/progettotouring.it\/radiotouring104\/wp-json\/wp\/v2\/types\/post"}],"author":[{"embeddable":true,"href":"https:\/\/progettotouring.it\/radiotouring104\/wp-json\/wp\/v2\/users\/5"}],"replies":[{"embeddable":true,"href":"https:\/\/progettotouring.it\/radiotouring104\/wp-json\/wp\/v2\/comments?post=86778"}],"version-history":[{"count":1,"href":"https:\/\/progettotouring.it\/radiotouring104\/wp-json\/wp\/v2\/posts\/86778\/revisions"}],"predecessor-version":[{"id":86779,"href":"https:\/\/progettotouring.it\/radiotouring104\/wp-json\/wp\/v2\/posts\/86778\/revisions\/86779"}],"wp:featuredmedia":[{"embeddable":true,"href":"https:\/\/progettotouring.it\/radiotouring104\/wp-json\/wp\/v2\/media\/80606"}],"wp:attachment":[{"href":"https:\/\/progettotouring.it\/radiotouring104\/wp-json\/wp\/v2\/media?parent=86778"}],"wp:term":[{"taxonomy":"category","embeddable":true,"href":"https:\/\/progettotouring.it\/radiotouring104\/wp-json\/wp\/v2\/categories?post=86778"},{"taxonomy":"post_tag","embeddable":true,"href":"https:\/\/progettotouring.it\/radiotouring104\/wp-json\/wp\/v2\/tags?post=86778"}],"curies":[{"name":"wp","href":"https:\/\/api.w.org\/{rel}","templated":true}]}}