{"id":86825,"date":"2025-12-03T15:24:47","date_gmt":"2025-12-03T14:24:47","guid":{"rendered":"https:\/\/progettotouring.it\/radiotouring104\/?p=86825"},"modified":"2025-12-03T15:24:47","modified_gmt":"2025-12-03T14:24:47","slug":"il-progetto-federazione-italiana-pallacanestro-sbarca-a-reggio-calabria","status":"publish","type":"post","link":"https:\/\/progettotouring.it\/radiotouring104\/2025\/12\/03\/il-progetto-federazione-italiana-pallacanestro-sbarca-a-reggio-calabria\/","title":{"rendered":"Il progetto Federazione Italiana Pallacanestro sbarca a Reggio Calabria"},"content":{"rendered":"<p>Reggio Calabria torna al centro della scena nazionale ospitando la tappa del progetto \u201cOgni Regione Conta\u201d, l\u2019iniziativa del Settore Squadre Nazionali Maschili dedicata alla crescita dei migliori prospetti italiani. Gioved\u00ec 4 dicembre il Centro Sportivo Viola \u201cMassimo Mazzetto\u201d accoglier\u00e0 i talenti delle annate 2008 e 2009 di Calabria e Sicilia, per una giornata che unisce lavoro tecnico, formazione e confronto diretto con lo staff federale.<\/p>\n<p>A guidare il raduno sar\u00e0 il tecnico federale Marco Sodini, allenatore della Nazionale Under 18 Maschile, affiancato dal preparatore fisico della Nazionale Matteo Panichi e dai Referenti Tecnici Territoriali Umberto Di Martino (Calabria) e Simone D\u2019Urso (Sicilia). Accanto a loro una squadra ampia di allenatori, preparatori fisici, giovani tecnici, formatori CNA e CIA e arbitri, provenienti dalle due regioni, dar\u00e0 vita a una giornata che si annuncia di altissimo valore sportivo e educativo. A impreziosire l\u2019evento sar\u00e0 la presenza di Bruno Cerella, ex nazionale azzurro e simbolo dell\u2019Olimpia Milano, figura molto apprezzata per il suo impegno dentro e fuori dal campo.<\/p>\n<div>\n<div id=\"49035-1\">\n<div id=\"sas_26322\">\n<div>\n<div><\/div>\n<\/div>\n<\/div>\n<\/div>\n<\/div>\n<p>&nbsp;<\/p>\n<p>\u00abPer la Calabria \u00e8 un grande motivo di soddisfazione poter ospitare una tappa del progetto Ogni Regione Conta \u2013 sottolinea il presidente FIP Calabria Paolo Surace \u2013 perch\u00e9 parliamo di un\u2019iniziativa strategica del Settore Squadre Nazionali che porta sul territorio competenze, metodologie e una visione condivisa sulla crescita dei nostri giovani. Accogliere lo staff federale e un atleta come Cerella \u00e8 un segnale importante per i ragazzi, per i tecnici e per tutto l\u2019ambiente. Calabria e Sicilia lavoreranno fianco a fianco in una giornata che unisce talento, formazione e identit\u00e0\u00bb.<\/p>\n<p>Il raduno prevede una prima fase di accoglienza degli staff, seguita dall\u2019arrivo dei ventiquattro atleti convocati secondo il C.U. integrativo del 29 novembre. Dopo una breve valutazione iniziale, gli azzurri in erba affronteranno una sessione di lavoro ad alta intensit\u00e0 guidata direttamente dalle metodologie del Settore Squadre Nazionali. Il cuore della giornata sar\u00e0 lo scrimmage interno, occasione per osservare da vicino i prospetti e valutarne il potenziale in un contesto competitivo.<\/p>\n<p>Nel pomeriggio \u00e8 previsto anche un momento di formazione tecnica aperto agli allenatori, ai preparatori fisici e ai giovani arbitri del territorio. Lo staff federale presenter\u00e0 le linee guida nazionali, confrontandosi con i tecnici delle due regioni su metodologie, programmi e prospettive di sviluppo del movimento giovanile.<\/p>\n<p>Reggio Calabria si conferma cos\u00ec un punto di riferimento sempre pi\u00f9 autorevole nel percorso federale, ospitando un appuntamento che porta sul territorio qualit\u00e0, visione e stimoli di livello nazionale. Per la comunit\u00e0 cestistica calabrese, e per quella siciliana, sar\u00e0 una giornata che unisce identit\u00e0, ambizione e crescita.<\/p>\n<p><strong>Ufficio Stampa\u00a0FIP Calabria<\/strong><\/p>\n","protected":false},"excerpt":{"rendered":"<p>Reggio Calabria torna al centro della scena nazionale ospitando la tappa del progetto \u201cOgni Regione Conta\u201d, l\u2019iniziativa del Settore Squadre Nazionali Maschili dedicata alla crescita dei migliori prospetti italiani. Gioved\u00ec&hellip;<\/p>\n","protected":false},"author":21,"featured_media":86827,"comment_status":"closed","ping_status":"open","sticky":false,"template":"","format":"standard","meta":{"_jetpack_memberships_contains_paid_content":false,"footnotes":"","jetpack_publicize_message":"","jetpack_publicize_feature_enabled":true,"jetpack_social_post_already_shared":true,"jetpack_social_options":{"image_generator_settings":{"template":"highway","default_image_id":0,"font":"","enabled":false},"version":2}},"categories":[196],"tags":[49260,2824,49261,30639],"class_list":["post-86825","post","type-post","status-publish","format-standard","has-post-thumbnail","hentry","category-news","tag-bruno-carella","tag-fip-calabria","tag-marco-sodini","tag-presidente-della-fip-paolo-surace"],"yoast_head":"<!-- This site is optimized with the Yoast SEO plugin v27.2 - https:\/\/yoast.com\/product\/yoast-seo-wordpress\/ -->\n<title>Il progetto Federazione Italiana Pallacanestro sbarca a Reggio Calabria - Radio Touring 104<\/title>\n<meta name=\"robots\" content=\"index, follow, max-snippet:-1, max-image-preview:large, max-video-preview:-1\" \/>\n<link rel=\"canonical\" href=\"https:\/\/progettotouring.it\/radiotouring104\/2025\/12\/03\/il-progetto-federazione-italiana-pallacanestro-sbarca-a-reggio-calabria\/\" \/>\n<meta property=\"og:locale\" content=\"it_IT\" \/>\n<meta property=\"og:type\" content=\"article\" \/>\n<meta property=\"og:title\" content=\"Il progetto Federazione Italiana Pallacanestro sbarca a Reggio Calabria - Radio Touring 104\" \/>\n<meta property=\"og:description\" content=\"Reggio Calabria torna al centro della scena nazionale ospitando la tappa del progetto \u201cOgni Regione Conta\u201d, l\u2019iniziativa del Settore Squadre Nazionali Maschili dedicata alla crescita dei migliori prospetti italiani. Gioved\u00ec&hellip;\" \/>\n<meta property=\"og:url\" content=\"https:\/\/progettotouring.it\/radiotouring104\/2025\/12\/03\/il-progetto-federazione-italiana-pallacanestro-sbarca-a-reggio-calabria\/\" \/>\n<meta property=\"og:site_name\" content=\"Radio Touring 104\" \/>\n<meta property=\"article:published_time\" content=\"2025-12-03T14:24:47+00:00\" \/>\n<meta property=\"og:image\" content=\"https:\/\/progettotouring.it\/radiotouring104\/wp-content\/uploads\/sites\/6\/2025\/12\/Sodini-Coach-nazionale-under-18-e1764767850971-1.jpg\" \/>\n\t<meta property=\"og:image:width\" content=\"800\" \/>\n\t<meta property=\"og:image:height\" content=\"521\" \/>\n\t<meta property=\"og:image:type\" content=\"image\/jpeg\" \/>\n<meta name=\"author\" content=\"Giuseppe Dattola\" \/>\n<meta name=\"twitter:card\" content=\"summary_large_image\" \/>\n<meta name=\"twitter:label1\" content=\"Scritto da\" \/>\n\t<meta name=\"twitter:data1\" content=\"Giuseppe Dattola\" \/>\n\t<meta name=\"twitter:label2\" content=\"Tempo di lettura stimato\" \/>\n\t<meta name=\"twitter:data2\" content=\"2 minuti\" \/>\n<script type=\"application\/ld+json\" class=\"yoast-schema-graph\">{\"@context\":\"https:\/\/schema.org\",\"@graph\":[{\"@type\":\"Article\",\"@id\":\"https:\/\/progettotouring.it\/radiotouring104\/2025\/12\/03\/il-progetto-federazione-italiana-pallacanestro-sbarca-a-reggio-calabria\/#article\",\"isPartOf\":{\"@id\":\"https:\/\/progettotouring.it\/radiotouring104\/2025\/12\/03\/il-progetto-federazione-italiana-pallacanestro-sbarca-a-reggio-calabria\/\"},\"author\":{\"name\":\"Giuseppe Dattola\",\"@id\":\"https:\/\/progettotouring.it\/radiotouring104\/#\/schema\/person\/c0e800756c839eae8c93153858959084\"},\"headline\":\"Il progetto Federazione Italiana Pallacanestro sbarca a Reggio Calabria\",\"datePublished\":\"2025-12-03T14:24:47+00:00\",\"mainEntityOfPage\":{\"@id\":\"https:\/\/progettotouring.it\/radiotouring104\/2025\/12\/03\/il-progetto-federazione-italiana-pallacanestro-sbarca-a-reggio-calabria\/\"},\"wordCount\":433,\"publisher\":{\"@id\":\"https:\/\/progettotouring.it\/radiotouring104\/#organization\"},\"image\":{\"@id\":\"https:\/\/progettotouring.it\/radiotouring104\/2025\/12\/03\/il-progetto-federazione-italiana-pallacanestro-sbarca-a-reggio-calabria\/#primaryimage\"},\"thumbnailUrl\":\"https:\/\/progettotouring.it\/radiotouring104\/wp-content\/uploads\/sites\/6\/2025\/12\/Sodini-Coach-nazionale-under-18-e1764767850971-1.jpg\",\"keywords\":[\"bruno carella\",\"fip calabria\",\"marco sodini\",\"Presidente della Fip Paolo Surace.\"],\"articleSection\":[\"News\"],\"inLanguage\":\"it-IT\"},{\"@type\":\"WebPage\",\"@id\":\"https:\/\/progettotouring.it\/radiotouring104\/2025\/12\/03\/il-progetto-federazione-italiana-pallacanestro-sbarca-a-reggio-calabria\/\",\"url\":\"https:\/\/progettotouring.it\/radiotouring104\/2025\/12\/03\/il-progetto-federazione-italiana-pallacanestro-sbarca-a-reggio-calabria\/\",\"name\":\"Il progetto Federazione Italiana Pallacanestro sbarca a Reggio Calabria - Radio Touring 104\",\"isPartOf\":{\"@id\":\"https:\/\/progettotouring.it\/radiotouring104\/#website\"},\"primaryImageOfPage\":{\"@id\":\"https:\/\/progettotouring.it\/radiotouring104\/2025\/12\/03\/il-progetto-federazione-italiana-pallacanestro-sbarca-a-reggio-calabria\/#primaryimage\"},\"image\":{\"@id\":\"https:\/\/progettotouring.it\/radiotouring104\/2025\/12\/03\/il-progetto-federazione-italiana-pallacanestro-sbarca-a-reggio-calabria\/#primaryimage\"},\"thumbnailUrl\":\"https:\/\/progettotouring.it\/radiotouring104\/wp-content\/uploads\/sites\/6\/2025\/12\/Sodini-Coach-nazionale-under-18-e1764767850971-1.jpg\",\"datePublished\":\"2025-12-03T14:24:47+00:00\",\"breadcrumb\":{\"@id\":\"https:\/\/progettotouring.it\/radiotouring104\/2025\/12\/03\/il-progetto-federazione-italiana-pallacanestro-sbarca-a-reggio-calabria\/#breadcrumb\"},\"inLanguage\":\"it-IT\",\"potentialAction\":[{\"@type\":\"ReadAction\",\"target\":[\"https:\/\/progettotouring.it\/radiotouring104\/2025\/12\/03\/il-progetto-federazione-italiana-pallacanestro-sbarca-a-reggio-calabria\/\"]}]},{\"@type\":\"ImageObject\",\"inLanguage\":\"it-IT\",\"@id\":\"https:\/\/progettotouring.it\/radiotouring104\/2025\/12\/03\/il-progetto-federazione-italiana-pallacanestro-sbarca-a-reggio-calabria\/#primaryimage\",\"url\":\"https:\/\/progettotouring.it\/radiotouring104\/wp-content\/uploads\/sites\/6\/2025\/12\/Sodini-Coach-nazionale-under-18-e1764767850971-1.jpg\",\"contentUrl\":\"https:\/\/progettotouring.it\/radiotouring104\/wp-content\/uploads\/sites\/6\/2025\/12\/Sodini-Coach-nazionale-under-18-e1764767850971-1.jpg\",\"width\":800,\"height\":521},{\"@type\":\"BreadcrumbList\",\"@id\":\"https:\/\/progettotouring.it\/radiotouring104\/2025\/12\/03\/il-progetto-federazione-italiana-pallacanestro-sbarca-a-reggio-calabria\/#breadcrumb\",\"itemListElement\":[{\"@type\":\"ListItem\",\"position\":1,\"name\":\"Home\",\"item\":\"https:\/\/progettotouring.it\/radiotouring104\/\"},{\"@type\":\"ListItem\",\"position\":2,\"name\":\"Il progetto Federazione Italiana Pallacanestro sbarca a Reggio Calabria\"}]},{\"@type\":\"WebSite\",\"@id\":\"https:\/\/progettotouring.it\/radiotouring104\/#website\",\"url\":\"https:\/\/progettotouring.it\/radiotouring104\/\",\"name\":\"Radio Touring 104\",\"description\":\"La prima radio Reggina\",\"publisher\":{\"@id\":\"https:\/\/progettotouring.it\/radiotouring104\/#organization\"},\"potentialAction\":[{\"@type\":\"SearchAction\",\"target\":{\"@type\":\"EntryPoint\",\"urlTemplate\":\"https:\/\/progettotouring.it\/radiotouring104\/?s={search_term_string}\"},\"query-input\":{\"@type\":\"PropertyValueSpecification\",\"valueRequired\":true,\"valueName\":\"search_term_string\"}}],\"inLanguage\":\"it-IT\"},{\"@type\":\"Organization\",\"@id\":\"https:\/\/progettotouring.it\/radiotouring104\/#organization\",\"name\":\"Radio Touring 104\",\"url\":\"https:\/\/progettotouring.it\/radiotouring104\/\",\"logo\":{\"@type\":\"ImageObject\",\"inLanguage\":\"it-IT\",\"@id\":\"https:\/\/progettotouring.it\/radiotouring104\/#\/schema\/logo\/image\/\",\"url\":\"https:\/\/progettotouring.it\/radiotouring104\/wp-content\/uploads\/sites\/6\/2022\/02\/cropped-logo-radio-touring-104.png\",\"contentUrl\":\"https:\/\/progettotouring.it\/radiotouring104\/wp-content\/uploads\/sites\/6\/2022\/02\/cropped-logo-radio-touring-104.png\",\"width\":377,\"height\":182,\"caption\":\"Radio Touring 104\"},\"image\":{\"@id\":\"https:\/\/progettotouring.it\/radiotouring104\/#\/schema\/logo\/image\/\"}},{\"@type\":\"Person\",\"@id\":\"https:\/\/progettotouring.it\/radiotouring104\/#\/schema\/person\/c0e800756c839eae8c93153858959084\",\"name\":\"Giuseppe Dattola\",\"image\":{\"@type\":\"ImageObject\",\"inLanguage\":\"it-IT\",\"@id\":\"https:\/\/secure.gravatar.com\/avatar\/c5771b35d04c75debcca6c29ddd4741e6a8276b8c8f1598b29c8fba52c35e758?s=96&d=mm&r=g\",\"url\":\"https:\/\/secure.gravatar.com\/avatar\/c5771b35d04c75debcca6c29ddd4741e6a8276b8c8f1598b29c8fba52c35e758?s=96&d=mm&r=g\",\"contentUrl\":\"https:\/\/secure.gravatar.com\/avatar\/c5771b35d04c75debcca6c29ddd4741e6a8276b8c8f1598b29c8fba52c35e758?s=96&d=mm&r=g\",\"caption\":\"Giuseppe Dattola\"},\"url\":\"https:\/\/progettotouring.it\/radiotouring104\/author\/gdattola\/\"}]}<\/script>\n<!-- \/ Yoast SEO plugin. -->","yoast_head_json":{"title":"Il progetto Federazione Italiana Pallacanestro sbarca a Reggio Calabria - Radio Touring 104","robots":{"index":"index","follow":"follow","max-snippet":"max-snippet:-1","max-image-preview":"max-image-preview:large","max-video-preview":"max-video-preview:-1"},"canonical":"https:\/\/progettotouring.it\/radiotouring104\/2025\/12\/03\/il-progetto-federazione-italiana-pallacanestro-sbarca-a-reggio-calabria\/","og_locale":"it_IT","og_type":"article","og_title":"Il progetto Federazione Italiana Pallacanestro sbarca a Reggio Calabria - Radio Touring 104","og_description":"Reggio Calabria torna al centro della scena nazionale ospitando la tappa del progetto \u201cOgni Regione Conta\u201d, l\u2019iniziativa del Settore Squadre Nazionali Maschili dedicata alla crescita dei migliori prospetti italiani. Gioved\u00ec&hellip;","og_url":"https:\/\/progettotouring.it\/radiotouring104\/2025\/12\/03\/il-progetto-federazione-italiana-pallacanestro-sbarca-a-reggio-calabria\/","og_site_name":"Radio Touring 104","article_published_time":"2025-12-03T14:24:47+00:00","og_image":[{"width":800,"height":521,"url":"https:\/\/progettotouring.it\/radiotouring104\/wp-content\/uploads\/sites\/6\/2025\/12\/Sodini-Coach-nazionale-under-18-e1764767850971-1.jpg","type":"image\/jpeg"}],"author":"Giuseppe Dattola","twitter_card":"summary_large_image","twitter_misc":{"Scritto da":"Giuseppe Dattola","Tempo di lettura stimato":"2 minuti"},"schema":{"@context":"https:\/\/schema.org","@graph":[{"@type":"Article","@id":"https:\/\/progettotouring.it\/radiotouring104\/2025\/12\/03\/il-progetto-federazione-italiana-pallacanestro-sbarca-a-reggio-calabria\/#article","isPartOf":{"@id":"https:\/\/progettotouring.it\/radiotouring104\/2025\/12\/03\/il-progetto-federazione-italiana-pallacanestro-sbarca-a-reggio-calabria\/"},"author":{"name":"Giuseppe Dattola","@id":"https:\/\/progettotouring.it\/radiotouring104\/#\/schema\/person\/c0e800756c839eae8c93153858959084"},"headline":"Il progetto Federazione Italiana Pallacanestro sbarca a Reggio Calabria","datePublished":"2025-12-03T14:24:47+00:00","mainEntityOfPage":{"@id":"https:\/\/progettotouring.it\/radiotouring104\/2025\/12\/03\/il-progetto-federazione-italiana-pallacanestro-sbarca-a-reggio-calabria\/"},"wordCount":433,"publisher":{"@id":"https:\/\/progettotouring.it\/radiotouring104\/#organization"},"image":{"@id":"https:\/\/progettotouring.it\/radiotouring104\/2025\/12\/03\/il-progetto-federazione-italiana-pallacanestro-sbarca-a-reggio-calabria\/#primaryimage"},"thumbnailUrl":"https:\/\/progettotouring.it\/radiotouring104\/wp-content\/uploads\/sites\/6\/2025\/12\/Sodini-Coach-nazionale-under-18-e1764767850971-1.jpg","keywords":["bruno carella","fip calabria","marco sodini","Presidente della Fip Paolo Surace."],"articleSection":["News"],"inLanguage":"it-IT"},{"@type":"WebPage","@id":"https:\/\/progettotouring.it\/radiotouring104\/2025\/12\/03\/il-progetto-federazione-italiana-pallacanestro-sbarca-a-reggio-calabria\/","url":"https:\/\/progettotouring.it\/radiotouring104\/2025\/12\/03\/il-progetto-federazione-italiana-pallacanestro-sbarca-a-reggio-calabria\/","name":"Il progetto Federazione Italiana Pallacanestro sbarca a Reggio Calabria - Radio Touring 104","isPartOf":{"@id":"https:\/\/progettotouring.it\/radiotouring104\/#website"},"primaryImageOfPage":{"@id":"https:\/\/progettotouring.it\/radiotouring104\/2025\/12\/03\/il-progetto-federazione-italiana-pallacanestro-sbarca-a-reggio-calabria\/#primaryimage"},"image":{"@id":"https:\/\/progettotouring.it\/radiotouring104\/2025\/12\/03\/il-progetto-federazione-italiana-pallacanestro-sbarca-a-reggio-calabria\/#primaryimage"},"thumbnailUrl":"https:\/\/progettotouring.it\/radiotouring104\/wp-content\/uploads\/sites\/6\/2025\/12\/Sodini-Coach-nazionale-under-18-e1764767850971-1.jpg","datePublished":"2025-12-03T14:24:47+00:00","breadcrumb":{"@id":"https:\/\/progettotouring.it\/radiotouring104\/2025\/12\/03\/il-progetto-federazione-italiana-pallacanestro-sbarca-a-reggio-calabria\/#breadcrumb"},"inLanguage":"it-IT","potentialAction":[{"@type":"ReadAction","target":["https:\/\/progettotouring.it\/radiotouring104\/2025\/12\/03\/il-progetto-federazione-italiana-pallacanestro-sbarca-a-reggio-calabria\/"]}]},{"@type":"ImageObject","inLanguage":"it-IT","@id":"https:\/\/progettotouring.it\/radiotouring104\/2025\/12\/03\/il-progetto-federazione-italiana-pallacanestro-sbarca-a-reggio-calabria\/#primaryimage","url":"https:\/\/progettotouring.it\/radiotouring104\/wp-content\/uploads\/sites\/6\/2025\/12\/Sodini-Coach-nazionale-under-18-e1764767850971-1.jpg","contentUrl":"https:\/\/progettotouring.it\/radiotouring104\/wp-content\/uploads\/sites\/6\/2025\/12\/Sodini-Coach-nazionale-under-18-e1764767850971-1.jpg","width":800,"height":521},{"@type":"BreadcrumbList","@id":"https:\/\/progettotouring.it\/radiotouring104\/2025\/12\/03\/il-progetto-federazione-italiana-pallacanestro-sbarca-a-reggio-calabria\/#breadcrumb","itemListElement":[{"@type":"ListItem","position":1,"name":"Home","item":"https:\/\/progettotouring.it\/radiotouring104\/"},{"@type":"ListItem","position":2,"name":"Il progetto Federazione Italiana Pallacanestro sbarca a Reggio Calabria"}]},{"@type":"WebSite","@id":"https:\/\/progettotouring.it\/radiotouring104\/#website","url":"https:\/\/progettotouring.it\/radiotouring104\/","name":"Radio Touring 104","description":"La prima radio Reggina","publisher":{"@id":"https:\/\/progettotouring.it\/radiotouring104\/#organization"},"potentialAction":[{"@type":"SearchAction","target":{"@type":"EntryPoint","urlTemplate":"https:\/\/progettotouring.it\/radiotouring104\/?s={search_term_string}"},"query-input":{"@type":"PropertyValueSpecification","valueRequired":true,"valueName":"search_term_string"}}],"inLanguage":"it-IT"},{"@type":"Organization","@id":"https:\/\/progettotouring.it\/radiotouring104\/#organization","name":"Radio Touring 104","url":"https:\/\/progettotouring.it\/radiotouring104\/","logo":{"@type":"ImageObject","inLanguage":"it-IT","@id":"https:\/\/progettotouring.it\/radiotouring104\/#\/schema\/logo\/image\/","url":"https:\/\/progettotouring.it\/radiotouring104\/wp-content\/uploads\/sites\/6\/2022\/02\/cropped-logo-radio-touring-104.png","contentUrl":"https:\/\/progettotouring.it\/radiotouring104\/wp-content\/uploads\/sites\/6\/2022\/02\/cropped-logo-radio-touring-104.png","width":377,"height":182,"caption":"Radio Touring 104"},"image":{"@id":"https:\/\/progettotouring.it\/radiotouring104\/#\/schema\/logo\/image\/"}},{"@type":"Person","@id":"https:\/\/progettotouring.it\/radiotouring104\/#\/schema\/person\/c0e800756c839eae8c93153858959084","name":"Giuseppe Dattola","image":{"@type":"ImageObject","inLanguage":"it-IT","@id":"https:\/\/secure.gravatar.com\/avatar\/c5771b35d04c75debcca6c29ddd4741e6a8276b8c8f1598b29c8fba52c35e758?s=96&d=mm&r=g","url":"https:\/\/secure.gravatar.com\/avatar\/c5771b35d04c75debcca6c29ddd4741e6a8276b8c8f1598b29c8fba52c35e758?s=96&d=mm&r=g","contentUrl":"https:\/\/secure.gravatar.com\/avatar\/c5771b35d04c75debcca6c29ddd4741e6a8276b8c8f1598b29c8fba52c35e758?s=96&d=mm&r=g","caption":"Giuseppe Dattola"},"url":"https:\/\/progettotouring.it\/radiotouring104\/author\/gdattola\/"}]}},"jetpack_publicize_connections":[],"jetpack_featured_media_url":"https:\/\/progettotouring.it\/radiotouring104\/wp-content\/uploads\/sites\/6\/2025\/12\/Sodini-Coach-nazionale-under-18-e1764767850971-1.jpg","jetpack_sharing_enabled":true,"_links":{"self":[{"href":"https:\/\/progettotouring.it\/radiotouring104\/wp-json\/wp\/v2\/posts\/86825","targetHints":{"allow":["GET"]}}],"collection":[{"href":"https:\/\/progettotouring.it\/radiotouring104\/wp-json\/wp\/v2\/posts"}],"about":[{"href":"https:\/\/progettotouring.it\/radiotouring104\/wp-json\/wp\/v2\/types\/post"}],"author":[{"embeddable":true,"href":"https:\/\/progettotouring.it\/radiotouring104\/wp-json\/wp\/v2\/users\/21"}],"replies":[{"embeddable":true,"href":"https:\/\/progettotouring.it\/radiotouring104\/wp-json\/wp\/v2\/comments?post=86825"}],"version-history":[{"count":1,"href":"https:\/\/progettotouring.it\/radiotouring104\/wp-json\/wp\/v2\/posts\/86825\/revisions"}],"predecessor-version":[{"id":86828,"href":"https:\/\/progettotouring.it\/radiotouring104\/wp-json\/wp\/v2\/posts\/86825\/revisions\/86828"}],"wp:featuredmedia":[{"embeddable":true,"href":"https:\/\/progettotouring.it\/radiotouring104\/wp-json\/wp\/v2\/media\/86827"}],"wp:attachment":[{"href":"https:\/\/progettotouring.it\/radiotouring104\/wp-json\/wp\/v2\/media?parent=86825"}],"wp:term":[{"taxonomy":"category","embeddable":true,"href":"https:\/\/progettotouring.it\/radiotouring104\/wp-json\/wp\/v2\/categories?post=86825"},{"taxonomy":"post_tag","embeddable":true,"href":"https:\/\/progettotouring.it\/radiotouring104\/wp-json\/wp\/v2\/tags?post=86825"}],"curies":[{"name":"wp","href":"https:\/\/api.w.org\/{rel}","templated":true}]}}