{"id":86841,"date":"2025-12-04T00:00:27","date_gmt":"2025-12-03T23:00:27","guid":{"rendered":"https:\/\/progettotouring.it\/radiotouring104\/?p=86841"},"modified":"2025-12-04T00:00:27","modified_gmt":"2025-12-03T23:00:27","slug":"palazzo-san-giorgio-presentati-gli-eventi-per-le-festivita-natalizie","status":"publish","type":"post","link":"https:\/\/progettotouring.it\/radiotouring104\/2025\/12\/04\/palazzo-san-giorgio-presentati-gli-eventi-per-le-festivita-natalizie\/","title":{"rendered":"Palazzo San Giorgio: presentati gli eventi per le Festivit\u00e0 natalizie"},"content":{"rendered":"<p style=\"font-weight: 400\">Si \u00e8 svolta a Palazzo San Giorgio la conferenza-stampa di presentazione del programma di eventi ed iniziative previsti per il Natale cittadino 2025.<\/p>\n<p style=\"font-weight: 400\">Al tavolo dei relatori presenti l\u2019assessore alla Programmazione Carmelo Romeo, il Consigliere delegato al Turismo Gianni Latella ed il Sindaco Giuseppe Falcomat\u00e0.<\/p>\n<p style=\"font-weight: 400\">In sala, per l\u2019Amministrazione, anche l\u2019assessora alla Cultura Mary Caracciolo e l\u2019assessore alle Attivit\u00e0 Produttive Alex Tripodi, insieme ai dirigenti Loredana Pace (Cultura), Carmen Stracuzza (Programmazione), Tommaso Cotronei (Gestione procedimenti di gara e negoziali) e il RUP Roberto Lico.<\/p>\n<p style=\"font-weight: 400\">Carmelo Romeo ha evidenziato come l\u2019obiettivo \u00e8 quello di rendere Reggio Calabria \u00a0<em>\u201cdestinazione<\/em>\u201d: \u201c<em>Puntiamo a rendere Reggio sempre pi\u00f9 una destinazione, non una citt\u00e0 di passaggio facendo leva sui \u00a0risultati positivi dell\u2019edizione precedente, il forte afflusso di visitatori e il significativo indotto economico generato dagli eventi\u201d<\/em>.<\/p>\n<p style=\"font-weight: 400\">Il programma si avvia il 5 dicembre con l\u2019accensione dell\u2019albero e delle luminarie. Sono state descritte le attivit\u00e0 previste in Piazza Duomo e lungo il corso Garibaldi: animazioni musicali, allestimenti dedicati ai bambini e attrazioni a tema.<\/p>\n<p style=\"font-weight: 400\">Dal 21 al 23 dicembre il centro storico si trasformer\u00e0 in un villaggio natalizio diffuso. Tra le iniziative in programma emerge, in particolare, la performance di scultura sul ghiaccio del maestro Amelio Mazzella. Anche quest\u2019anno vi sar\u00e0 la Reunion dei Dj del 27 dicembre e la festa della Befana del 6 gennaio,\u00a0 evento che comprender\u00e0 un\u2019iniziativa solidale per la raccolta di doni destinati a bambini e famiglie in difficolt\u00e0.<\/p>\n<p style=\"font-weight: 400\">Il consigliere delegato al Turismo, Gianni Latella, ha ricordato il lungo percorso di crescita degli eventi cittadini negli ultimi dodici anni:\u00a0\u201c<em>Siamo partiti da una condizione di grande difficolt\u00e0 finanziaria ed oggi, grazie ad un percorso di risanamento virtuoso,\u00a0 offriamo attivit\u00e0 socio-culturali e di spettacolo che promuovono la citt\u00e0 per ci\u00f2 che merita\u201d.<\/em><\/p>\n<p style=\"font-weight: 400\">Latella ha anche sottolineato che la programmazione \u00e8 stata resa possibile grazie all\u2019utilizzo di risorse esterne che non gravano sul bilancio comunale.<em> \u201cL\u2019attenzione dell\u2019Amministrazione \u00e8 stata rivolta non solo al Centro ma all\u2019intero territorio con la periferia che sar\u00e0 protagonista di questo Natale; il tutto senza incidere sulle tasche dei cittadini\u201d.<\/em><\/p>\n<p style=\"font-weight: 400\">Il sindaco Giuseppe Falcomat\u00e0 ha spiegato come il senso dell\u2019iniziativa <em>\u201cReggio Citt\u00e0 Natale\u201d<\/em> dev\u2019essere quello di \u201c<em>Una grande casa accogliente: capace di far vivere l\u2019atmosfera natalizia a chi resta, a chi torna, a chi arriva per la prima volta e a chi sta vivendo un momento difficile\u201d .<\/em><\/p>\n<p style=\"font-weight: 400\">Falcomat\u00e0 ha confermato che l\u2019accensione dell\u2019albero e delle luminarie avverr\u00e0 il 5 dicembre, in anticipo rispetto alla tradizione, anche per accogliere i turisti richiamati dalla recente segnalazione della famosa rivista\u00a0<em>Vanity Fair\u00a0<\/em>che ha proposto la nostra citt\u00e0 tra le mete da visitare proprio nel ponte dell\u2019Immacolata. Ha anticipato che saranno installate luminarie nuove, alcune mai viste prima in citt\u00e0, pensate come elementi fortemente riconoscibili, identitari e ad alto impatto visivo.<\/p>\n<p style=\"font-weight: 400\">Ha richiamato\u00a0e rilanciato\u00a0la campagna \u201c<em>Comprare Reggino\u201d<\/em>, promossa insieme all\u2019assessore Alex Tripodi,\u00a0a sostegno delle attivit\u00e0 commerciali locali\u00a0per dare forza ai nostri artigiani e commercianti.<\/p>\n<p style=\"font-weight: 400\">Il Sindaco ha anche annunciato che, assieme alla citt\u00e0 metropolitana, si sta lavorando per un Capodanno di livello che sia un invito a stare in citt\u00e0 a trascorrere assieme il consueto rito di fine anno.<\/p>\n<p style=\"font-weight: 400\">\n","protected":false},"excerpt":{"rendered":"<p>Si \u00e8 svolta a Palazzo San Giorgio la conferenza-stampa di presentazione del programma di eventi ed iniziative previsti per il Natale cittadino 2025. Al tavolo dei relatori presenti l\u2019assessore alla&hellip;<\/p>\n","protected":false},"author":19,"featured_media":86842,"comment_status":"closed","ping_status":"open","sticky":false,"template":"","format":"standard","meta":{"_jetpack_memberships_contains_paid_content":false,"footnotes":"","jetpack_publicize_message":"","jetpack_publicize_feature_enabled":true,"jetpack_social_post_already_shared":true,"jetpack_social_options":{"image_generator_settings":{"template":"highway","default_image_id":0,"font":"","enabled":false},"version":2}},"categories":[921,150,196,140],"tags":[],"class_list":["post-86841","post","type-post","status-publish","format-standard","has-post-thumbnail","hentry","category-home","category-in-primo-piano","category-news","category-reggio-calabria"],"yoast_head":"<!-- This site is optimized with the Yoast SEO plugin v27.2 - https:\/\/yoast.com\/product\/yoast-seo-wordpress\/ -->\n<title>Palazzo San Giorgio: presentati gli eventi per le Festivit\u00e0 natalizie - Radio Touring 104<\/title>\n<meta name=\"description\" content=\"Il Sindaco ha anche annunciato che, assieme alla citt\u00e0 metropolitana, si sta lavorando per un Capodanno di livello\" \/>\n<meta name=\"robots\" content=\"index, follow, max-snippet:-1, max-image-preview:large, max-video-preview:-1\" \/>\n<link rel=\"canonical\" href=\"https:\/\/progettotouring.it\/radiotouring104\/2025\/12\/04\/palazzo-san-giorgio-presentati-gli-eventi-per-le-festivita-natalizie\/\" \/>\n<meta property=\"og:locale\" content=\"it_IT\" \/>\n<meta property=\"og:type\" content=\"article\" \/>\n<meta property=\"og:title\" content=\"Palazzo San Giorgio: presentati gli eventi per le Festivit\u00e0 natalizie - Radio Touring 104\" \/>\n<meta property=\"og:description\" content=\"Il Sindaco ha anche annunciato che, assieme alla citt\u00e0 metropolitana, si sta lavorando per un Capodanno di livello\" \/>\n<meta property=\"og:url\" content=\"https:\/\/progettotouring.it\/radiotouring104\/2025\/12\/04\/palazzo-san-giorgio-presentati-gli-eventi-per-le-festivita-natalizie\/\" \/>\n<meta property=\"og:site_name\" content=\"Radio Touring 104\" \/>\n<meta property=\"article:published_time\" content=\"2025-12-03T23:00:27+00:00\" \/>\n<meta property=\"og:image\" content=\"https:\/\/progettotouring.it\/radiotouring104\/wp-content\/uploads\/sites\/6\/2025\/12\/IMMAGINI-X-SITO-2025-12-03T235837.811.jpg\" \/>\n\t<meta property=\"og:image:width\" content=\"2000\" \/>\n\t<meta property=\"og:image:height\" content=\"1545\" \/>\n\t<meta property=\"og:image:type\" content=\"image\/jpeg\" \/>\n<meta name=\"author\" content=\"S L\" \/>\n<meta name=\"twitter:card\" content=\"summary_large_image\" \/>\n<meta name=\"twitter:label1\" content=\"Scritto da\" \/>\n\t<meta name=\"twitter:data1\" content=\"S L\" \/>\n\t<meta name=\"twitter:label2\" content=\"Tempo di lettura stimato\" \/>\n\t<meta name=\"twitter:data2\" content=\"3 minuti\" \/>\n<script type=\"application\/ld+json\" class=\"yoast-schema-graph\">{\"@context\":\"https:\/\/schema.org\",\"@graph\":[{\"@type\":\"Article\",\"@id\":\"https:\/\/progettotouring.it\/radiotouring104\/2025\/12\/04\/palazzo-san-giorgio-presentati-gli-eventi-per-le-festivita-natalizie\/#article\",\"isPartOf\":{\"@id\":\"https:\/\/progettotouring.it\/radiotouring104\/2025\/12\/04\/palazzo-san-giorgio-presentati-gli-eventi-per-le-festivita-natalizie\/\"},\"author\":{\"name\":\"S L\",\"@id\":\"https:\/\/progettotouring.it\/radiotouring104\/#\/schema\/person\/b9f9c3730b0a78814c9b9f3bfc52c619\"},\"headline\":\"Palazzo San Giorgio: presentati gli eventi per le Festivit\u00e0 natalizie\",\"datePublished\":\"2025-12-03T23:00:27+00:00\",\"mainEntityOfPage\":{\"@id\":\"https:\/\/progettotouring.it\/radiotouring104\/2025\/12\/04\/palazzo-san-giorgio-presentati-gli-eventi-per-le-festivita-natalizie\/\"},\"wordCount\":540,\"publisher\":{\"@id\":\"https:\/\/progettotouring.it\/radiotouring104\/#organization\"},\"image\":{\"@id\":\"https:\/\/progettotouring.it\/radiotouring104\/2025\/12\/04\/palazzo-san-giorgio-presentati-gli-eventi-per-le-festivita-natalizie\/#primaryimage\"},\"thumbnailUrl\":\"https:\/\/progettotouring.it\/radiotouring104\/wp-content\/uploads\/sites\/6\/2025\/12\/IMMAGINI-X-SITO-2025-12-03T235837.811.jpg\",\"articleSection\":[\"Home\",\"In primo piano\",\"News\",\"Reggio Calabria\"],\"inLanguage\":\"it-IT\"},{\"@type\":\"WebPage\",\"@id\":\"https:\/\/progettotouring.it\/radiotouring104\/2025\/12\/04\/palazzo-san-giorgio-presentati-gli-eventi-per-le-festivita-natalizie\/\",\"url\":\"https:\/\/progettotouring.it\/radiotouring104\/2025\/12\/04\/palazzo-san-giorgio-presentati-gli-eventi-per-le-festivita-natalizie\/\",\"name\":\"Palazzo San Giorgio: presentati gli eventi per le Festivit\u00e0 natalizie - Radio Touring 104\",\"isPartOf\":{\"@id\":\"https:\/\/progettotouring.it\/radiotouring104\/#website\"},\"primaryImageOfPage\":{\"@id\":\"https:\/\/progettotouring.it\/radiotouring104\/2025\/12\/04\/palazzo-san-giorgio-presentati-gli-eventi-per-le-festivita-natalizie\/#primaryimage\"},\"image\":{\"@id\":\"https:\/\/progettotouring.it\/radiotouring104\/2025\/12\/04\/palazzo-san-giorgio-presentati-gli-eventi-per-le-festivita-natalizie\/#primaryimage\"},\"thumbnailUrl\":\"https:\/\/progettotouring.it\/radiotouring104\/wp-content\/uploads\/sites\/6\/2025\/12\/IMMAGINI-X-SITO-2025-12-03T235837.811.jpg\",\"datePublished\":\"2025-12-03T23:00:27+00:00\",\"description\":\"Il Sindaco ha anche annunciato che, assieme alla citt\u00e0 metropolitana, si sta lavorando per un Capodanno di livello\",\"breadcrumb\":{\"@id\":\"https:\/\/progettotouring.it\/radiotouring104\/2025\/12\/04\/palazzo-san-giorgio-presentati-gli-eventi-per-le-festivita-natalizie\/#breadcrumb\"},\"inLanguage\":\"it-IT\",\"potentialAction\":[{\"@type\":\"ReadAction\",\"target\":[\"https:\/\/progettotouring.it\/radiotouring104\/2025\/12\/04\/palazzo-san-giorgio-presentati-gli-eventi-per-le-festivita-natalizie\/\"]}]},{\"@type\":\"ImageObject\",\"inLanguage\":\"it-IT\",\"@id\":\"https:\/\/progettotouring.it\/radiotouring104\/2025\/12\/04\/palazzo-san-giorgio-presentati-gli-eventi-per-le-festivita-natalizie\/#primaryimage\",\"url\":\"https:\/\/progettotouring.it\/radiotouring104\/wp-content\/uploads\/sites\/6\/2025\/12\/IMMAGINI-X-SITO-2025-12-03T235837.811.jpg\",\"contentUrl\":\"https:\/\/progettotouring.it\/radiotouring104\/wp-content\/uploads\/sites\/6\/2025\/12\/IMMAGINI-X-SITO-2025-12-03T235837.811.jpg\",\"width\":2000,\"height\":1545},{\"@type\":\"BreadcrumbList\",\"@id\":\"https:\/\/progettotouring.it\/radiotouring104\/2025\/12\/04\/palazzo-san-giorgio-presentati-gli-eventi-per-le-festivita-natalizie\/#breadcrumb\",\"itemListElement\":[{\"@type\":\"ListItem\",\"position\":1,\"name\":\"Home\",\"item\":\"https:\/\/progettotouring.it\/radiotouring104\/\"},{\"@type\":\"ListItem\",\"position\":2,\"name\":\"Palazzo San Giorgio: presentati gli eventi per le Festivit\u00e0 natalizie\"}]},{\"@type\":\"WebSite\",\"@id\":\"https:\/\/progettotouring.it\/radiotouring104\/#website\",\"url\":\"https:\/\/progettotouring.it\/radiotouring104\/\",\"name\":\"Radio Touring 104\",\"description\":\"La prima radio Reggina\",\"publisher\":{\"@id\":\"https:\/\/progettotouring.it\/radiotouring104\/#organization\"},\"potentialAction\":[{\"@type\":\"SearchAction\",\"target\":{\"@type\":\"EntryPoint\",\"urlTemplate\":\"https:\/\/progettotouring.it\/radiotouring104\/?s={search_term_string}\"},\"query-input\":{\"@type\":\"PropertyValueSpecification\",\"valueRequired\":true,\"valueName\":\"search_term_string\"}}],\"inLanguage\":\"it-IT\"},{\"@type\":\"Organization\",\"@id\":\"https:\/\/progettotouring.it\/radiotouring104\/#organization\",\"name\":\"Radio Touring 104\",\"url\":\"https:\/\/progettotouring.it\/radiotouring104\/\",\"logo\":{\"@type\":\"ImageObject\",\"inLanguage\":\"it-IT\",\"@id\":\"https:\/\/progettotouring.it\/radiotouring104\/#\/schema\/logo\/image\/\",\"url\":\"https:\/\/progettotouring.it\/radiotouring104\/wp-content\/uploads\/sites\/6\/2022\/02\/cropped-logo-radio-touring-104.png\",\"contentUrl\":\"https:\/\/progettotouring.it\/radiotouring104\/wp-content\/uploads\/sites\/6\/2022\/02\/cropped-logo-radio-touring-104.png\",\"width\":377,\"height\":182,\"caption\":\"Radio Touring 104\"},\"image\":{\"@id\":\"https:\/\/progettotouring.it\/radiotouring104\/#\/schema\/logo\/image\/\"}},{\"@type\":\"Person\",\"@id\":\"https:\/\/progettotouring.it\/radiotouring104\/#\/schema\/person\/b9f9c3730b0a78814c9b9f3bfc52c619\",\"name\":\"S L\",\"image\":{\"@type\":\"ImageObject\",\"inLanguage\":\"it-IT\",\"@id\":\"https:\/\/secure.gravatar.com\/avatar\/652c51789d7030aaed9ff828331360502a68204fe6fb0831bc280515210e16d2?s=96&d=mm&r=g\",\"url\":\"https:\/\/secure.gravatar.com\/avatar\/652c51789d7030aaed9ff828331360502a68204fe6fb0831bc280515210e16d2?s=96&d=mm&r=g\",\"contentUrl\":\"https:\/\/secure.gravatar.com\/avatar\/652c51789d7030aaed9ff828331360502a68204fe6fb0831bc280515210e16d2?s=96&d=mm&r=g\",\"caption\":\"S L\"},\"url\":\"https:\/\/progettotouring.it\/radiotouring104\/author\/slibri\/\"}]}<\/script>\n<!-- \/ Yoast SEO plugin. -->","yoast_head_json":{"title":"Palazzo San Giorgio: presentati gli eventi per le Festivit\u00e0 natalizie - Radio Touring 104","description":"Il Sindaco ha anche annunciato che, assieme alla citt\u00e0 metropolitana, si sta lavorando per un Capodanno di livello","robots":{"index":"index","follow":"follow","max-snippet":"max-snippet:-1","max-image-preview":"max-image-preview:large","max-video-preview":"max-video-preview:-1"},"canonical":"https:\/\/progettotouring.it\/radiotouring104\/2025\/12\/04\/palazzo-san-giorgio-presentati-gli-eventi-per-le-festivita-natalizie\/","og_locale":"it_IT","og_type":"article","og_title":"Palazzo San Giorgio: presentati gli eventi per le Festivit\u00e0 natalizie - Radio Touring 104","og_description":"Il Sindaco ha anche annunciato che, assieme alla citt\u00e0 metropolitana, si sta lavorando per un Capodanno di livello","og_url":"https:\/\/progettotouring.it\/radiotouring104\/2025\/12\/04\/palazzo-san-giorgio-presentati-gli-eventi-per-le-festivita-natalizie\/","og_site_name":"Radio Touring 104","article_published_time":"2025-12-03T23:00:27+00:00","og_image":[{"width":2000,"height":1545,"url":"https:\/\/progettotouring.it\/radiotouring104\/wp-content\/uploads\/sites\/6\/2025\/12\/IMMAGINI-X-SITO-2025-12-03T235837.811.jpg","type":"image\/jpeg"}],"author":"S L","twitter_card":"summary_large_image","twitter_misc":{"Scritto da":"S L","Tempo di lettura stimato":"3 minuti"},"schema":{"@context":"https:\/\/schema.org","@graph":[{"@type":"Article","@id":"https:\/\/progettotouring.it\/radiotouring104\/2025\/12\/04\/palazzo-san-giorgio-presentati-gli-eventi-per-le-festivita-natalizie\/#article","isPartOf":{"@id":"https:\/\/progettotouring.it\/radiotouring104\/2025\/12\/04\/palazzo-san-giorgio-presentati-gli-eventi-per-le-festivita-natalizie\/"},"author":{"name":"S L","@id":"https:\/\/progettotouring.it\/radiotouring104\/#\/schema\/person\/b9f9c3730b0a78814c9b9f3bfc52c619"},"headline":"Palazzo San Giorgio: presentati gli eventi per le Festivit\u00e0 natalizie","datePublished":"2025-12-03T23:00:27+00:00","mainEntityOfPage":{"@id":"https:\/\/progettotouring.it\/radiotouring104\/2025\/12\/04\/palazzo-san-giorgio-presentati-gli-eventi-per-le-festivita-natalizie\/"},"wordCount":540,"publisher":{"@id":"https:\/\/progettotouring.it\/radiotouring104\/#organization"},"image":{"@id":"https:\/\/progettotouring.it\/radiotouring104\/2025\/12\/04\/palazzo-san-giorgio-presentati-gli-eventi-per-le-festivita-natalizie\/#primaryimage"},"thumbnailUrl":"https:\/\/progettotouring.it\/radiotouring104\/wp-content\/uploads\/sites\/6\/2025\/12\/IMMAGINI-X-SITO-2025-12-03T235837.811.jpg","articleSection":["Home","In primo piano","News","Reggio Calabria"],"inLanguage":"it-IT"},{"@type":"WebPage","@id":"https:\/\/progettotouring.it\/radiotouring104\/2025\/12\/04\/palazzo-san-giorgio-presentati-gli-eventi-per-le-festivita-natalizie\/","url":"https:\/\/progettotouring.it\/radiotouring104\/2025\/12\/04\/palazzo-san-giorgio-presentati-gli-eventi-per-le-festivita-natalizie\/","name":"Palazzo San Giorgio: presentati gli eventi per le Festivit\u00e0 natalizie - Radio Touring 104","isPartOf":{"@id":"https:\/\/progettotouring.it\/radiotouring104\/#website"},"primaryImageOfPage":{"@id":"https:\/\/progettotouring.it\/radiotouring104\/2025\/12\/04\/palazzo-san-giorgio-presentati-gli-eventi-per-le-festivita-natalizie\/#primaryimage"},"image":{"@id":"https:\/\/progettotouring.it\/radiotouring104\/2025\/12\/04\/palazzo-san-giorgio-presentati-gli-eventi-per-le-festivita-natalizie\/#primaryimage"},"thumbnailUrl":"https:\/\/progettotouring.it\/radiotouring104\/wp-content\/uploads\/sites\/6\/2025\/12\/IMMAGINI-X-SITO-2025-12-03T235837.811.jpg","datePublished":"2025-12-03T23:00:27+00:00","description":"Il Sindaco ha anche annunciato che, assieme alla citt\u00e0 metropolitana, si sta lavorando per un Capodanno di livello","breadcrumb":{"@id":"https:\/\/progettotouring.it\/radiotouring104\/2025\/12\/04\/palazzo-san-giorgio-presentati-gli-eventi-per-le-festivita-natalizie\/#breadcrumb"},"inLanguage":"it-IT","potentialAction":[{"@type":"ReadAction","target":["https:\/\/progettotouring.it\/radiotouring104\/2025\/12\/04\/palazzo-san-giorgio-presentati-gli-eventi-per-le-festivita-natalizie\/"]}]},{"@type":"ImageObject","inLanguage":"it-IT","@id":"https:\/\/progettotouring.it\/radiotouring104\/2025\/12\/04\/palazzo-san-giorgio-presentati-gli-eventi-per-le-festivita-natalizie\/#primaryimage","url":"https:\/\/progettotouring.it\/radiotouring104\/wp-content\/uploads\/sites\/6\/2025\/12\/IMMAGINI-X-SITO-2025-12-03T235837.811.jpg","contentUrl":"https:\/\/progettotouring.it\/radiotouring104\/wp-content\/uploads\/sites\/6\/2025\/12\/IMMAGINI-X-SITO-2025-12-03T235837.811.jpg","width":2000,"height":1545},{"@type":"BreadcrumbList","@id":"https:\/\/progettotouring.it\/radiotouring104\/2025\/12\/04\/palazzo-san-giorgio-presentati-gli-eventi-per-le-festivita-natalizie\/#breadcrumb","itemListElement":[{"@type":"ListItem","position":1,"name":"Home","item":"https:\/\/progettotouring.it\/radiotouring104\/"},{"@type":"ListItem","position":2,"name":"Palazzo San Giorgio: presentati gli eventi per le Festivit\u00e0 natalizie"}]},{"@type":"WebSite","@id":"https:\/\/progettotouring.it\/radiotouring104\/#website","url":"https:\/\/progettotouring.it\/radiotouring104\/","name":"Radio Touring 104","description":"La prima radio Reggina","publisher":{"@id":"https:\/\/progettotouring.it\/radiotouring104\/#organization"},"potentialAction":[{"@type":"SearchAction","target":{"@type":"EntryPoint","urlTemplate":"https:\/\/progettotouring.it\/radiotouring104\/?s={search_term_string}"},"query-input":{"@type":"PropertyValueSpecification","valueRequired":true,"valueName":"search_term_string"}}],"inLanguage":"it-IT"},{"@type":"Organization","@id":"https:\/\/progettotouring.it\/radiotouring104\/#organization","name":"Radio Touring 104","url":"https:\/\/progettotouring.it\/radiotouring104\/","logo":{"@type":"ImageObject","inLanguage":"it-IT","@id":"https:\/\/progettotouring.it\/radiotouring104\/#\/schema\/logo\/image\/","url":"https:\/\/progettotouring.it\/radiotouring104\/wp-content\/uploads\/sites\/6\/2022\/02\/cropped-logo-radio-touring-104.png","contentUrl":"https:\/\/progettotouring.it\/radiotouring104\/wp-content\/uploads\/sites\/6\/2022\/02\/cropped-logo-radio-touring-104.png","width":377,"height":182,"caption":"Radio Touring 104"},"image":{"@id":"https:\/\/progettotouring.it\/radiotouring104\/#\/schema\/logo\/image\/"}},{"@type":"Person","@id":"https:\/\/progettotouring.it\/radiotouring104\/#\/schema\/person\/b9f9c3730b0a78814c9b9f3bfc52c619","name":"S L","image":{"@type":"ImageObject","inLanguage":"it-IT","@id":"https:\/\/secure.gravatar.com\/avatar\/652c51789d7030aaed9ff828331360502a68204fe6fb0831bc280515210e16d2?s=96&d=mm&r=g","url":"https:\/\/secure.gravatar.com\/avatar\/652c51789d7030aaed9ff828331360502a68204fe6fb0831bc280515210e16d2?s=96&d=mm&r=g","contentUrl":"https:\/\/secure.gravatar.com\/avatar\/652c51789d7030aaed9ff828331360502a68204fe6fb0831bc280515210e16d2?s=96&d=mm&r=g","caption":"S L"},"url":"https:\/\/progettotouring.it\/radiotouring104\/author\/slibri\/"}]}},"jetpack_publicize_connections":[],"jetpack_featured_media_url":"https:\/\/progettotouring.it\/radiotouring104\/wp-content\/uploads\/sites\/6\/2025\/12\/IMMAGINI-X-SITO-2025-12-03T235837.811.jpg","jetpack_sharing_enabled":true,"_links":{"self":[{"href":"https:\/\/progettotouring.it\/radiotouring104\/wp-json\/wp\/v2\/posts\/86841","targetHints":{"allow":["GET"]}}],"collection":[{"href":"https:\/\/progettotouring.it\/radiotouring104\/wp-json\/wp\/v2\/posts"}],"about":[{"href":"https:\/\/progettotouring.it\/radiotouring104\/wp-json\/wp\/v2\/types\/post"}],"author":[{"embeddable":true,"href":"https:\/\/progettotouring.it\/radiotouring104\/wp-json\/wp\/v2\/users\/19"}],"replies":[{"embeddable":true,"href":"https:\/\/progettotouring.it\/radiotouring104\/wp-json\/wp\/v2\/comments?post=86841"}],"version-history":[{"count":2,"href":"https:\/\/progettotouring.it\/radiotouring104\/wp-json\/wp\/v2\/posts\/86841\/revisions"}],"predecessor-version":[{"id":86844,"href":"https:\/\/progettotouring.it\/radiotouring104\/wp-json\/wp\/v2\/posts\/86841\/revisions\/86844"}],"wp:featuredmedia":[{"embeddable":true,"href":"https:\/\/progettotouring.it\/radiotouring104\/wp-json\/wp\/v2\/media\/86842"}],"wp:attachment":[{"href":"https:\/\/progettotouring.it\/radiotouring104\/wp-json\/wp\/v2\/media?parent=86841"}],"wp:term":[{"taxonomy":"category","embeddable":true,"href":"https:\/\/progettotouring.it\/radiotouring104\/wp-json\/wp\/v2\/categories?post=86841"},{"taxonomy":"post_tag","embeddable":true,"href":"https:\/\/progettotouring.it\/radiotouring104\/wp-json\/wp\/v2\/tags?post=86841"}],"curies":[{"name":"wp","href":"https:\/\/api.w.org\/{rel}","templated":true}]}}