{"id":86858,"date":"2025-12-04T09:43:45","date_gmt":"2025-12-04T08:43:45","guid":{"rendered":"https:\/\/progettotouring.it\/radiotouring104\/?p=86858"},"modified":"2025-12-04T12:56:47","modified_gmt":"2025-12-04T11:56:47","slug":"a-reggio-il-convegno-prevenzione-prenatale-dellautismo-e-le-possibilita-di-trattamento-postnatale","status":"publish","type":"post","link":"https:\/\/progettotouring.it\/radiotouring104\/2025\/12\/04\/a-reggio-il-convegno-prevenzione-prenatale-dellautismo-e-le-possibilita-di-trattamento-postnatale\/","title":{"rendered":"A Reggio il convegno Prevenzione Prenatale dell&#8217;Autismo e le Possibilit\u00e0 di Trattamento Postnatale"},"content":{"rendered":"<p>Una nuova e significativa speranza per la lotta all&#8217;autismo emerge da uno studio italiano che apre la strada a strategie di prevenzione mirate e precoci. La ricerca \u00e8 stata il tema centrale di un importante convegno organizzato dal Lions Club Reggio Calabria Host presso il Dipartimento di Ingegneria di Reggio Calabria.<\/p>\n<p>&#8220;La Prevenzione Prenatale dell&#8217;Autismo e le Possibilit\u00e0 di Trattamento Postnatale&#8221; questo il titolo dell\u2019importante evento che getta basi di speranza per il presente e per il futuro.<\/p>\n<p>Il convegno, introdotto dalla Presidente del Lions Club Reggio Calabria Host, Giuliana Barberi, ha messo in luce quanto il problema dell&#8217;autismo sia diffuso, definendolo una vera e propria piaga.<\/p>\n<p>Il fulcro dell&#8217;evento \u00e8 stato l&#8217;intervento del Dott. Rosario Idotta, ginecologo, che ha illustrato come la prevenzione possa iniziare nei primissimi mesi di vita fetale, sottolineando l&#8217;importanza di un intervento precoce. Il Fattore Chiave, ha precisato, \u00e8 rappresentato dalla presenza degli anticorpi chiamati FRAA (anticorpi anti-recettore del folato alfa) nel sangue materno. Proprio questi indicano l\u2019urgenza di intervenire. Il meccanismo patologico di azione \u00e8 semplice: \u201cI FRAA, dice il medico ginecologo, \u00a0bloccano i recettori sulla placenta. \u00c8 come se chiudessero la porta che permette ai folati di arrivare al cervello del bambino. Questa carenza cerebrale di folati nel feto \u00e8 associata a un aumentato rischio di autismo.\u201d<\/p>\n<p>Ma ecco la soluzione che il dottore Idotta presenta in sala: \u201ccon la diagnosi precoce si pu\u00f2 somministrare immediatamente acido folinico che \u00e8 \u00a0in grado di bypassare il blocco originato dagli anticorpi e raggiungere, cos\u00ec, il cervello del feto, garantendo il nutrimento essenziale per il suo sviluppo.\u201d<\/p>\n<p>Intervenire prima del parto e subito dopo il parto significa ridurre la patologia che purtroppo cambia la vita a tanti bambini che hanno bisogno di particolare attenzione nei diversi momenti di crescita cos\u00ec come nel periodo scolastico.<\/p>\n<p>In tal senso\u00a0 la dirigente del Polo Tecnico Professionale \u201cRighi-Boccioni-Fermi\u201d, Anna Maria Cama, \u00a0ha presentato al convegno una interessante relazione su come la scuola affronta il delicato problema dell\u2019autismo.<\/p>\n<p>Nel Polo \u00e8 stato ideato e sperimentato un progetto denominato &#8220;MusicArte&#8221;. Questo modello unisce la musica e l&#8217;arte come strumenti inclusivi, consentendo ai ragazzi di raggiungere la propria dimensione per esprimere le emozioni. La dirigente ha evidenziato come &#8220;la collaborazione e la sinergia permettono di vincere e di includere chi ha bisogno di maggiore attenzione.&#8221;<\/p>\n<p>Vanno seguiti i bambini ma anche le famiglie, cos\u00ec sottolineato dalla Dott.ssa Vincenza Pecora, dirigente psicologa-psicoterapeuta dell&#8217;ASP Reggio Calabria, \u00a0poich\u00e9 \u201cla patologia rappresenta un evento drammatico per le famiglie che hanno bisogno di essere accompagnate e sostenute. Noi, garantiamo questo supporto psicologico perch\u00e9 possa i genitori possano affrontare le diverse fasi evolutive del bambino.\u201d<\/p>\n<p>Il convegno ha dimostrato come la speranza di potr\u00e0 trasformare in realt\u00e0, cos\u00ec come sottolineato da \u00a0Giuseppe Giannetto, responsabile Service Dialoghi che ha moderato \u00a0l&#8217;evento che ha arricchito i presenti che sono intervenuti con diverse domande.<\/p>\n<p>Il Governatore Lions Pino Naim ha concluso i lavori con un plauso al Club Reggio Calabria Host, sottolineando l&#8217;impegno e la dedizione a favore della gente. &#8220;Il convegno di questa sera, ha precisato, rappresenta un modo per essere vicini ai problemi e alle persone. Bisogna fare prevenzione e noi come Lions siamo attenti anche nel campo della sanit\u00e0. Serve maggiore informazione e noi cerchiamo di dare il nostro contributo.&#8221;<\/p>\n<p>Poi il ringraziamento al Professore Giuseppe Barbaro, Direttore del Dipartimento di Ingegneria Civile, dell&#8217;Energia, dell&#8217;Ambiente e dei Materiali per aver ospitato l\u2019evento presso l\u2019Universit\u00e0 dimostrando sensibilit\u00e0 e attenzione verso temi cos\u00ec importanti e delicati.<\/p>\n<p>&nbsp;<\/p>\n<p>&nbsp;<\/p>\n","protected":false},"excerpt":{"rendered":"<p>Una nuova e significativa speranza per la lotta all&#8217;autismo emerge da uno studio italiano che apre la strada a strategie di prevenzione mirate e precoci. La ricerca \u00e8 stata il&hellip;<\/p>\n","protected":false},"author":5,"featured_media":86863,"comment_status":"closed","ping_status":"open","sticky":false,"template":"","format":"standard","meta":{"_jetpack_memberships_contains_paid_content":false,"footnotes":"","jetpack_publicize_message":"","jetpack_publicize_feature_enabled":true,"jetpack_social_post_already_shared":true,"jetpack_social_options":{"image_generator_settings":{"template":"highway","default_image_id":0,"font":"","enabled":false},"version":2}},"categories":[921,196,140],"tags":[1358,49275,49274],"class_list":["post-86858","post","type-post","status-publish","format-standard","has-post-thumbnail","hentry","category-home","category-news","category-reggio-calabria","tag-lions-club-reggio-calabria-host","tag-possibilita-di-trattamento-postnatale","tag-prevenzione-prenatale-dellautismo"],"yoast_head":"<!-- This site is optimized with the Yoast SEO plugin v27.2 - https:\/\/yoast.com\/product\/yoast-seo-wordpress\/ -->\n<title>A Reggio il convegno Prevenzione Prenatale dell&#039;Autismo e le Possibilit\u00e0 di Trattamento Postnatale - Radio Touring 104<\/title>\n<meta name=\"description\" content=\"Studio Italiano Rivoluziona la Prevenzione dell&#039;Autismo: Possibile Intervento Precoce Gi\u00e0 Durante la Gravidanza\" \/>\n<meta name=\"robots\" content=\"index, follow, max-snippet:-1, max-image-preview:large, max-video-preview:-1\" \/>\n<link rel=\"canonical\" href=\"https:\/\/progettotouring.it\/radiotouring104\/2025\/12\/04\/a-reggio-il-convegno-prevenzione-prenatale-dellautismo-e-le-possibilita-di-trattamento-postnatale\/\" \/>\n<meta property=\"og:locale\" content=\"it_IT\" \/>\n<meta property=\"og:type\" content=\"article\" \/>\n<meta property=\"og:title\" content=\"A Reggio il convegno Prevenzione Prenatale dell&#039;Autismo e le Possibilit\u00e0 di Trattamento Postnatale - Radio Touring 104\" \/>\n<meta property=\"og:description\" content=\"Studio Italiano Rivoluziona la Prevenzione dell&#039;Autismo: Possibile Intervento Precoce Gi\u00e0 Durante la Gravidanza\" \/>\n<meta property=\"og:url\" content=\"https:\/\/progettotouring.it\/radiotouring104\/2025\/12\/04\/a-reggio-il-convegno-prevenzione-prenatale-dellautismo-e-le-possibilita-di-trattamento-postnatale\/\" \/>\n<meta property=\"og:site_name\" content=\"Radio Touring 104\" \/>\n<meta property=\"article:published_time\" content=\"2025-12-04T08:43:45+00:00\" \/>\n<meta property=\"article:modified_time\" content=\"2025-12-04T11:56:47+00:00\" \/>\n<meta property=\"og:image\" content=\"https:\/\/progettotouring.it\/radiotouring104\/wp-content\/uploads\/sites\/6\/2025\/12\/Idotta.gif\" \/>\n\t<meta property=\"og:image:width\" content=\"745\" \/>\n\t<meta property=\"og:image:height\" content=\"419\" \/>\n\t<meta property=\"og:image:type\" content=\"image\/gif\" \/>\n<meta name=\"author\" content=\"redazione\" \/>\n<meta name=\"twitter:card\" content=\"summary_large_image\" \/>\n<meta name=\"twitter:label1\" content=\"Scritto da\" \/>\n\t<meta name=\"twitter:data1\" content=\"redazione\" \/>\n\t<meta name=\"twitter:label2\" content=\"Tempo di lettura stimato\" \/>\n\t<meta name=\"twitter:data2\" content=\"3 minuti\" \/>\n<script type=\"application\/ld+json\" class=\"yoast-schema-graph\">{\"@context\":\"https:\/\/schema.org\",\"@graph\":[{\"@type\":\"Article\",\"@id\":\"https:\/\/progettotouring.it\/radiotouring104\/2025\/12\/04\/a-reggio-il-convegno-prevenzione-prenatale-dellautismo-e-le-possibilita-di-trattamento-postnatale\/#article\",\"isPartOf\":{\"@id\":\"https:\/\/progettotouring.it\/radiotouring104\/2025\/12\/04\/a-reggio-il-convegno-prevenzione-prenatale-dellautismo-e-le-possibilita-di-trattamento-postnatale\/\"},\"author\":{\"name\":\"redazione\",\"@id\":\"https:\/\/progettotouring.it\/radiotouring104\/#\/schema\/person\/1b3eb3c07c47136bc44c785c543e635f\"},\"headline\":\"A Reggio il convegno Prevenzione Prenatale dell&#8217;Autismo e le Possibilit\u00e0 di Trattamento Postnatale\",\"datePublished\":\"2025-12-04T08:43:45+00:00\",\"dateModified\":\"2025-12-04T11:56:47+00:00\",\"mainEntityOfPage\":{\"@id\":\"https:\/\/progettotouring.it\/radiotouring104\/2025\/12\/04\/a-reggio-il-convegno-prevenzione-prenatale-dellautismo-e-le-possibilita-di-trattamento-postnatale\/\"},\"wordCount\":588,\"publisher\":{\"@id\":\"https:\/\/progettotouring.it\/radiotouring104\/#organization\"},\"image\":{\"@id\":\"https:\/\/progettotouring.it\/radiotouring104\/2025\/12\/04\/a-reggio-il-convegno-prevenzione-prenatale-dellautismo-e-le-possibilita-di-trattamento-postnatale\/#primaryimage\"},\"thumbnailUrl\":\"https:\/\/progettotouring.it\/radiotouring104\/wp-content\/uploads\/sites\/6\/2025\/12\/Idotta.gif\",\"keywords\":[\"Lions Club Reggio Calabria Host\",\"Possibilit\u00e0 di Trattamento Postnatale\",\"Prevenzione Prenatale dell'Autismo\"],\"articleSection\":[\"Home\",\"News\",\"Reggio Calabria\"],\"inLanguage\":\"it-IT\"},{\"@type\":\"WebPage\",\"@id\":\"https:\/\/progettotouring.it\/radiotouring104\/2025\/12\/04\/a-reggio-il-convegno-prevenzione-prenatale-dellautismo-e-le-possibilita-di-trattamento-postnatale\/\",\"url\":\"https:\/\/progettotouring.it\/radiotouring104\/2025\/12\/04\/a-reggio-il-convegno-prevenzione-prenatale-dellautismo-e-le-possibilita-di-trattamento-postnatale\/\",\"name\":\"A Reggio il convegno Prevenzione Prenatale dell'Autismo e le Possibilit\u00e0 di Trattamento Postnatale - Radio Touring 104\",\"isPartOf\":{\"@id\":\"https:\/\/progettotouring.it\/radiotouring104\/#website\"},\"primaryImageOfPage\":{\"@id\":\"https:\/\/progettotouring.it\/radiotouring104\/2025\/12\/04\/a-reggio-il-convegno-prevenzione-prenatale-dellautismo-e-le-possibilita-di-trattamento-postnatale\/#primaryimage\"},\"image\":{\"@id\":\"https:\/\/progettotouring.it\/radiotouring104\/2025\/12\/04\/a-reggio-il-convegno-prevenzione-prenatale-dellautismo-e-le-possibilita-di-trattamento-postnatale\/#primaryimage\"},\"thumbnailUrl\":\"https:\/\/progettotouring.it\/radiotouring104\/wp-content\/uploads\/sites\/6\/2025\/12\/Idotta.gif\",\"datePublished\":\"2025-12-04T08:43:45+00:00\",\"dateModified\":\"2025-12-04T11:56:47+00:00\",\"description\":\"Studio Italiano Rivoluziona la Prevenzione dell'Autismo: Possibile Intervento Precoce Gi\u00e0 Durante la Gravidanza\",\"breadcrumb\":{\"@id\":\"https:\/\/progettotouring.it\/radiotouring104\/2025\/12\/04\/a-reggio-il-convegno-prevenzione-prenatale-dellautismo-e-le-possibilita-di-trattamento-postnatale\/#breadcrumb\"},\"inLanguage\":\"it-IT\",\"potentialAction\":[{\"@type\":\"ReadAction\",\"target\":[\"https:\/\/progettotouring.it\/radiotouring104\/2025\/12\/04\/a-reggio-il-convegno-prevenzione-prenatale-dellautismo-e-le-possibilita-di-trattamento-postnatale\/\"]}]},{\"@type\":\"ImageObject\",\"inLanguage\":\"it-IT\",\"@id\":\"https:\/\/progettotouring.it\/radiotouring104\/2025\/12\/04\/a-reggio-il-convegno-prevenzione-prenatale-dellautismo-e-le-possibilita-di-trattamento-postnatale\/#primaryimage\",\"url\":\"https:\/\/progettotouring.it\/radiotouring104\/wp-content\/uploads\/sites\/6\/2025\/12\/Idotta.gif\",\"contentUrl\":\"https:\/\/progettotouring.it\/radiotouring104\/wp-content\/uploads\/sites\/6\/2025\/12\/Idotta.gif\",\"width\":745,\"height\":419},{\"@type\":\"BreadcrumbList\",\"@id\":\"https:\/\/progettotouring.it\/radiotouring104\/2025\/12\/04\/a-reggio-il-convegno-prevenzione-prenatale-dellautismo-e-le-possibilita-di-trattamento-postnatale\/#breadcrumb\",\"itemListElement\":[{\"@type\":\"ListItem\",\"position\":1,\"name\":\"Home\",\"item\":\"https:\/\/progettotouring.it\/radiotouring104\/\"},{\"@type\":\"ListItem\",\"position\":2,\"name\":\"A Reggio il convegno Prevenzione Prenatale dell&#8217;Autismo e le Possibilit\u00e0 di Trattamento Postnatale\"}]},{\"@type\":\"WebSite\",\"@id\":\"https:\/\/progettotouring.it\/radiotouring104\/#website\",\"url\":\"https:\/\/progettotouring.it\/radiotouring104\/\",\"name\":\"Radio Touring 104\",\"description\":\"La prima radio Reggina\",\"publisher\":{\"@id\":\"https:\/\/progettotouring.it\/radiotouring104\/#organization\"},\"potentialAction\":[{\"@type\":\"SearchAction\",\"target\":{\"@type\":\"EntryPoint\",\"urlTemplate\":\"https:\/\/progettotouring.it\/radiotouring104\/?s={search_term_string}\"},\"query-input\":{\"@type\":\"PropertyValueSpecification\",\"valueRequired\":true,\"valueName\":\"search_term_string\"}}],\"inLanguage\":\"it-IT\"},{\"@type\":\"Organization\",\"@id\":\"https:\/\/progettotouring.it\/radiotouring104\/#organization\",\"name\":\"Radio Touring 104\",\"url\":\"https:\/\/progettotouring.it\/radiotouring104\/\",\"logo\":{\"@type\":\"ImageObject\",\"inLanguage\":\"it-IT\",\"@id\":\"https:\/\/progettotouring.it\/radiotouring104\/#\/schema\/logo\/image\/\",\"url\":\"https:\/\/progettotouring.it\/radiotouring104\/wp-content\/uploads\/sites\/6\/2022\/02\/cropped-logo-radio-touring-104.png\",\"contentUrl\":\"https:\/\/progettotouring.it\/radiotouring104\/wp-content\/uploads\/sites\/6\/2022\/02\/cropped-logo-radio-touring-104.png\",\"width\":377,\"height\":182,\"caption\":\"Radio Touring 104\"},\"image\":{\"@id\":\"https:\/\/progettotouring.it\/radiotouring104\/#\/schema\/logo\/image\/\"}},{\"@type\":\"Person\",\"@id\":\"https:\/\/progettotouring.it\/radiotouring104\/#\/schema\/person\/1b3eb3c07c47136bc44c785c543e635f\",\"name\":\"redazione\",\"image\":{\"@type\":\"ImageObject\",\"inLanguage\":\"it-IT\",\"@id\":\"https:\/\/secure.gravatar.com\/avatar\/0b31605b49f100769e8b624b3e05de1b73e1692e9568a352f60f53fd072e6e11?s=96&d=mm&r=g\",\"url\":\"https:\/\/secure.gravatar.com\/avatar\/0b31605b49f100769e8b624b3e05de1b73e1692e9568a352f60f53fd072e6e11?s=96&d=mm&r=g\",\"contentUrl\":\"https:\/\/secure.gravatar.com\/avatar\/0b31605b49f100769e8b624b3e05de1b73e1692e9568a352f60f53fd072e6e11?s=96&d=mm&r=g\",\"caption\":\"redazione\"},\"url\":\"https:\/\/progettotouring.it\/radiotouring104\/author\/redazione\/\"}]}<\/script>\n<!-- \/ Yoast SEO plugin. -->","yoast_head_json":{"title":"A Reggio il convegno Prevenzione Prenatale dell'Autismo e le Possibilit\u00e0 di Trattamento Postnatale - Radio Touring 104","description":"Studio Italiano Rivoluziona la Prevenzione dell'Autismo: Possibile Intervento Precoce Gi\u00e0 Durante la Gravidanza","robots":{"index":"index","follow":"follow","max-snippet":"max-snippet:-1","max-image-preview":"max-image-preview:large","max-video-preview":"max-video-preview:-1"},"canonical":"https:\/\/progettotouring.it\/radiotouring104\/2025\/12\/04\/a-reggio-il-convegno-prevenzione-prenatale-dellautismo-e-le-possibilita-di-trattamento-postnatale\/","og_locale":"it_IT","og_type":"article","og_title":"A Reggio il convegno Prevenzione Prenatale dell'Autismo e le Possibilit\u00e0 di Trattamento Postnatale - Radio Touring 104","og_description":"Studio Italiano Rivoluziona la Prevenzione dell'Autismo: Possibile Intervento Precoce Gi\u00e0 Durante la Gravidanza","og_url":"https:\/\/progettotouring.it\/radiotouring104\/2025\/12\/04\/a-reggio-il-convegno-prevenzione-prenatale-dellautismo-e-le-possibilita-di-trattamento-postnatale\/","og_site_name":"Radio Touring 104","article_published_time":"2025-12-04T08:43:45+00:00","article_modified_time":"2025-12-04T11:56:47+00:00","og_image":[{"width":745,"height":419,"url":"https:\/\/progettotouring.it\/radiotouring104\/wp-content\/uploads\/sites\/6\/2025\/12\/Idotta.gif","type":"image\/gif"}],"author":"redazione","twitter_card":"summary_large_image","twitter_misc":{"Scritto da":"redazione","Tempo di lettura stimato":"3 minuti"},"schema":{"@context":"https:\/\/schema.org","@graph":[{"@type":"Article","@id":"https:\/\/progettotouring.it\/radiotouring104\/2025\/12\/04\/a-reggio-il-convegno-prevenzione-prenatale-dellautismo-e-le-possibilita-di-trattamento-postnatale\/#article","isPartOf":{"@id":"https:\/\/progettotouring.it\/radiotouring104\/2025\/12\/04\/a-reggio-il-convegno-prevenzione-prenatale-dellautismo-e-le-possibilita-di-trattamento-postnatale\/"},"author":{"name":"redazione","@id":"https:\/\/progettotouring.it\/radiotouring104\/#\/schema\/person\/1b3eb3c07c47136bc44c785c543e635f"},"headline":"A Reggio il convegno Prevenzione Prenatale dell&#8217;Autismo e le Possibilit\u00e0 di Trattamento Postnatale","datePublished":"2025-12-04T08:43:45+00:00","dateModified":"2025-12-04T11:56:47+00:00","mainEntityOfPage":{"@id":"https:\/\/progettotouring.it\/radiotouring104\/2025\/12\/04\/a-reggio-il-convegno-prevenzione-prenatale-dellautismo-e-le-possibilita-di-trattamento-postnatale\/"},"wordCount":588,"publisher":{"@id":"https:\/\/progettotouring.it\/radiotouring104\/#organization"},"image":{"@id":"https:\/\/progettotouring.it\/radiotouring104\/2025\/12\/04\/a-reggio-il-convegno-prevenzione-prenatale-dellautismo-e-le-possibilita-di-trattamento-postnatale\/#primaryimage"},"thumbnailUrl":"https:\/\/progettotouring.it\/radiotouring104\/wp-content\/uploads\/sites\/6\/2025\/12\/Idotta.gif","keywords":["Lions Club Reggio Calabria Host","Possibilit\u00e0 di Trattamento Postnatale","Prevenzione Prenatale dell'Autismo"],"articleSection":["Home","News","Reggio Calabria"],"inLanguage":"it-IT"},{"@type":"WebPage","@id":"https:\/\/progettotouring.it\/radiotouring104\/2025\/12\/04\/a-reggio-il-convegno-prevenzione-prenatale-dellautismo-e-le-possibilita-di-trattamento-postnatale\/","url":"https:\/\/progettotouring.it\/radiotouring104\/2025\/12\/04\/a-reggio-il-convegno-prevenzione-prenatale-dellautismo-e-le-possibilita-di-trattamento-postnatale\/","name":"A Reggio il convegno Prevenzione Prenatale dell'Autismo e le Possibilit\u00e0 di Trattamento Postnatale - Radio Touring 104","isPartOf":{"@id":"https:\/\/progettotouring.it\/radiotouring104\/#website"},"primaryImageOfPage":{"@id":"https:\/\/progettotouring.it\/radiotouring104\/2025\/12\/04\/a-reggio-il-convegno-prevenzione-prenatale-dellautismo-e-le-possibilita-di-trattamento-postnatale\/#primaryimage"},"image":{"@id":"https:\/\/progettotouring.it\/radiotouring104\/2025\/12\/04\/a-reggio-il-convegno-prevenzione-prenatale-dellautismo-e-le-possibilita-di-trattamento-postnatale\/#primaryimage"},"thumbnailUrl":"https:\/\/progettotouring.it\/radiotouring104\/wp-content\/uploads\/sites\/6\/2025\/12\/Idotta.gif","datePublished":"2025-12-04T08:43:45+00:00","dateModified":"2025-12-04T11:56:47+00:00","description":"Studio Italiano Rivoluziona la Prevenzione dell'Autismo: Possibile Intervento Precoce Gi\u00e0 Durante la Gravidanza","breadcrumb":{"@id":"https:\/\/progettotouring.it\/radiotouring104\/2025\/12\/04\/a-reggio-il-convegno-prevenzione-prenatale-dellautismo-e-le-possibilita-di-trattamento-postnatale\/#breadcrumb"},"inLanguage":"it-IT","potentialAction":[{"@type":"ReadAction","target":["https:\/\/progettotouring.it\/radiotouring104\/2025\/12\/04\/a-reggio-il-convegno-prevenzione-prenatale-dellautismo-e-le-possibilita-di-trattamento-postnatale\/"]}]},{"@type":"ImageObject","inLanguage":"it-IT","@id":"https:\/\/progettotouring.it\/radiotouring104\/2025\/12\/04\/a-reggio-il-convegno-prevenzione-prenatale-dellautismo-e-le-possibilita-di-trattamento-postnatale\/#primaryimage","url":"https:\/\/progettotouring.it\/radiotouring104\/wp-content\/uploads\/sites\/6\/2025\/12\/Idotta.gif","contentUrl":"https:\/\/progettotouring.it\/radiotouring104\/wp-content\/uploads\/sites\/6\/2025\/12\/Idotta.gif","width":745,"height":419},{"@type":"BreadcrumbList","@id":"https:\/\/progettotouring.it\/radiotouring104\/2025\/12\/04\/a-reggio-il-convegno-prevenzione-prenatale-dellautismo-e-le-possibilita-di-trattamento-postnatale\/#breadcrumb","itemListElement":[{"@type":"ListItem","position":1,"name":"Home","item":"https:\/\/progettotouring.it\/radiotouring104\/"},{"@type":"ListItem","position":2,"name":"A Reggio il convegno Prevenzione Prenatale dell&#8217;Autismo e le Possibilit\u00e0 di Trattamento Postnatale"}]},{"@type":"WebSite","@id":"https:\/\/progettotouring.it\/radiotouring104\/#website","url":"https:\/\/progettotouring.it\/radiotouring104\/","name":"Radio Touring 104","description":"La prima radio Reggina","publisher":{"@id":"https:\/\/progettotouring.it\/radiotouring104\/#organization"},"potentialAction":[{"@type":"SearchAction","target":{"@type":"EntryPoint","urlTemplate":"https:\/\/progettotouring.it\/radiotouring104\/?s={search_term_string}"},"query-input":{"@type":"PropertyValueSpecification","valueRequired":true,"valueName":"search_term_string"}}],"inLanguage":"it-IT"},{"@type":"Organization","@id":"https:\/\/progettotouring.it\/radiotouring104\/#organization","name":"Radio Touring 104","url":"https:\/\/progettotouring.it\/radiotouring104\/","logo":{"@type":"ImageObject","inLanguage":"it-IT","@id":"https:\/\/progettotouring.it\/radiotouring104\/#\/schema\/logo\/image\/","url":"https:\/\/progettotouring.it\/radiotouring104\/wp-content\/uploads\/sites\/6\/2022\/02\/cropped-logo-radio-touring-104.png","contentUrl":"https:\/\/progettotouring.it\/radiotouring104\/wp-content\/uploads\/sites\/6\/2022\/02\/cropped-logo-radio-touring-104.png","width":377,"height":182,"caption":"Radio Touring 104"},"image":{"@id":"https:\/\/progettotouring.it\/radiotouring104\/#\/schema\/logo\/image\/"}},{"@type":"Person","@id":"https:\/\/progettotouring.it\/radiotouring104\/#\/schema\/person\/1b3eb3c07c47136bc44c785c543e635f","name":"redazione","image":{"@type":"ImageObject","inLanguage":"it-IT","@id":"https:\/\/secure.gravatar.com\/avatar\/0b31605b49f100769e8b624b3e05de1b73e1692e9568a352f60f53fd072e6e11?s=96&d=mm&r=g","url":"https:\/\/secure.gravatar.com\/avatar\/0b31605b49f100769e8b624b3e05de1b73e1692e9568a352f60f53fd072e6e11?s=96&d=mm&r=g","contentUrl":"https:\/\/secure.gravatar.com\/avatar\/0b31605b49f100769e8b624b3e05de1b73e1692e9568a352f60f53fd072e6e11?s=96&d=mm&r=g","caption":"redazione"},"url":"https:\/\/progettotouring.it\/radiotouring104\/author\/redazione\/"}]}},"jetpack_publicize_connections":[],"jetpack_featured_media_url":"https:\/\/progettotouring.it\/radiotouring104\/wp-content\/uploads\/sites\/6\/2025\/12\/Idotta.gif","jetpack_sharing_enabled":true,"_links":{"self":[{"href":"https:\/\/progettotouring.it\/radiotouring104\/wp-json\/wp\/v2\/posts\/86858","targetHints":{"allow":["GET"]}}],"collection":[{"href":"https:\/\/progettotouring.it\/radiotouring104\/wp-json\/wp\/v2\/posts"}],"about":[{"href":"https:\/\/progettotouring.it\/radiotouring104\/wp-json\/wp\/v2\/types\/post"}],"author":[{"embeddable":true,"href":"https:\/\/progettotouring.it\/radiotouring104\/wp-json\/wp\/v2\/users\/5"}],"replies":[{"embeddable":true,"href":"https:\/\/progettotouring.it\/radiotouring104\/wp-json\/wp\/v2\/comments?post=86858"}],"version-history":[{"count":1,"href":"https:\/\/progettotouring.it\/radiotouring104\/wp-json\/wp\/v2\/posts\/86858\/revisions"}],"predecessor-version":[{"id":86864,"href":"https:\/\/progettotouring.it\/radiotouring104\/wp-json\/wp\/v2\/posts\/86858\/revisions\/86864"}],"wp:featuredmedia":[{"embeddable":true,"href":"https:\/\/progettotouring.it\/radiotouring104\/wp-json\/wp\/v2\/media\/86863"}],"wp:attachment":[{"href":"https:\/\/progettotouring.it\/radiotouring104\/wp-json\/wp\/v2\/media?parent=86858"}],"wp:term":[{"taxonomy":"category","embeddable":true,"href":"https:\/\/progettotouring.it\/radiotouring104\/wp-json\/wp\/v2\/categories?post=86858"},{"taxonomy":"post_tag","embeddable":true,"href":"https:\/\/progettotouring.it\/radiotouring104\/wp-json\/wp\/v2\/tags?post=86858"}],"curies":[{"name":"wp","href":"https:\/\/api.w.org\/{rel}","templated":true}]}}