{"id":86859,"date":"2025-12-04T09:40:36","date_gmt":"2025-12-04T08:40:36","guid":{"rendered":"https:\/\/progettotouring.it\/radiotouring104\/?p=86859"},"modified":"2025-12-04T12:56:52","modified_gmt":"2025-12-04T11:56:52","slug":"san-ferdinando-rc-minorenne-arrestato-per-tentato-omicidio","status":"publish","type":"post","link":"https:\/\/progettotouring.it\/radiotouring104\/2025\/12\/04\/san-ferdinando-rc-minorenne-arrestato-per-tentato-omicidio\/","title":{"rendered":"San Ferdinando (RC): minorenne arrestato per tentato omicidio"},"content":{"rendered":"<p>&nbsp;<\/p>\n<p>La Polizia di Stato ha eseguito la misura cautelare del collocamento in comunit\u00e0, disposta dal Tribunale per i Minorenni di Reggio Calabria, nei confronti di un diciassettenne di San Ferdinando.<\/p>\n<p>Il provvedimento trae origini dai fatti avvenuti lo scorso mese di agosto quando, nei pressi del lungomare di San Ferdinando, vicino a un locale notturno, un minore avrebbe colpito un altro coetaneo con un\u2019arma da punta e da taglio di cui si era precedentemente dotato.<\/p>\n<p>A seguito dell\u2019aggressione, la giovane vittima \u00e8 stata sottoposta d\u2019urgenza ad intervento chirurgico presso l\u2019Ospedale di Polistena e, grazie alle tempestive cure sanitarie, \u00e8 riuscita a scongiurare l\u2019evento infausto.<\/p>\n<p>La segnalazione dell\u2019episodio, avvenuta ad opera di un conoscente della vittima, pervenuta tramite il Numero Unico di Emergenza, ha consentito il tempestivo intervento della Volante del Commissariato di Pubblica Sicurezza di Gioia Tauro, che ha prestato i primi soccorsi e raccolto i primi elementi utili alla ricostruzione dei fatti.<\/p>\n<p>Le indagini svolte successivamente dai poliziotti di Gioia Tauro , coordinate dalla Procura presso il Tribunale per i Minorenni di Reggio Calabria, hanno permesso di ricostruire la dinamica dei fatti e individuare l\u2019autore dell\u2019accoltellamento che, sin dai primi momenti, si era allontanato dal luogo dei fatti.<\/p>\n<p>In considerazione della gravit\u00e0 del quadro indiziario e delle esigenze cautelari, L\u2019Autorit\u00e0 Giudiziaria ha disposto il collocamento in comunit\u00e0 del minore, che \u00e8 stato accompagnato presso una struttura dedicata.<\/p>\n<p><em>\u00a0<\/em><\/p>\n<p><em>\u00a0<\/em><\/p>\n","protected":false},"excerpt":{"rendered":"<p>&nbsp; La Polizia di Stato ha eseguito la misura cautelare del collocamento in comunit\u00e0, disposta dal Tribunale per i Minorenni di Reggio Calabria, nei confronti di un diciassettenne di San&hellip;<\/p>\n","protected":false},"author":5,"featured_media":86860,"comment_status":"closed","ping_status":"open","sticky":false,"template":"","format":"standard","meta":{"_jetpack_memberships_contains_paid_content":false,"footnotes":"","jetpack_publicize_message":"","jetpack_publicize_feature_enabled":true,"jetpack_social_post_already_shared":true,"jetpack_social_options":{"image_generator_settings":{"template":"highway","default_image_id":0,"font":"","enabled":false},"version":2}},"categories":[921,150,196,140],"tags":[49272,49271,49273,2506,19669],"class_list":["post-86859","post","type-post","status-publish","format-standard","has-post-thumbnail","hentry","category-home","category-in-primo-piano","category-news","category-reggio-calabria","tag-arrestato-17-enne","tag-polizia-d-stato","tag-premeditazione-ai-danni-di-un-altro-minore","tag-san-ferdinando","tag-tentato-omicidio"],"yoast_head":"<!-- This site is optimized with the Yoast SEO plugin v27.2 - https:\/\/yoast.com\/product\/yoast-seo-wordpress\/ -->\n<title>San Ferdinando (RC): minorenne arrestato per tentato omicidio - Radio Touring 104<\/title>\n<meta name=\"description\" content=\"La Polizia di Stato ha arrestato un 17enne di San Ferdinando per tentato omicidio aggravato dalla premeditazione ai danni di un altro minore\" \/>\n<meta name=\"robots\" content=\"index, follow, max-snippet:-1, max-image-preview:large, max-video-preview:-1\" \/>\n<link rel=\"canonical\" href=\"https:\/\/progettotouring.it\/radiotouring104\/2025\/12\/04\/san-ferdinando-rc-minorenne-arrestato-per-tentato-omicidio\/\" \/>\n<meta property=\"og:locale\" content=\"it_IT\" \/>\n<meta property=\"og:type\" content=\"article\" \/>\n<meta property=\"og:title\" content=\"San Ferdinando (RC): minorenne arrestato per tentato omicidio - Radio Touring 104\" \/>\n<meta property=\"og:description\" content=\"La Polizia di Stato ha arrestato un 17enne di San Ferdinando per tentato omicidio aggravato dalla premeditazione ai danni di un altro minore\" \/>\n<meta property=\"og:url\" content=\"https:\/\/progettotouring.it\/radiotouring104\/2025\/12\/04\/san-ferdinando-rc-minorenne-arrestato-per-tentato-omicidio\/\" \/>\n<meta property=\"og:site_name\" content=\"Radio Touring 104\" \/>\n<meta property=\"article:published_time\" content=\"2025-12-04T08:40:36+00:00\" \/>\n<meta property=\"article:modified_time\" content=\"2025-12-04T11:56:52+00:00\" \/>\n<meta property=\"og:image\" content=\"https:\/\/progettotouring.it\/radiotouring104\/wp-content\/uploads\/sites\/6\/2025\/12\/Polizia-di-Stato-San-Ferdinando.gif\" \/>\n\t<meta property=\"og:image:width\" content=\"1005\" \/>\n\t<meta property=\"og:image:height\" content=\"317\" \/>\n\t<meta property=\"og:image:type\" content=\"image\/gif\" \/>\n<meta name=\"author\" content=\"redazione\" \/>\n<meta name=\"twitter:card\" content=\"summary_large_image\" \/>\n<meta name=\"twitter:label1\" content=\"Scritto da\" \/>\n\t<meta name=\"twitter:data1\" content=\"redazione\" \/>\n\t<meta name=\"twitter:label2\" content=\"Tempo di lettura stimato\" \/>\n\t<meta name=\"twitter:data2\" content=\"1 minuto\" \/>\n<script type=\"application\/ld+json\" class=\"yoast-schema-graph\">{\"@context\":\"https:\/\/schema.org\",\"@graph\":[{\"@type\":\"Article\",\"@id\":\"https:\/\/progettotouring.it\/radiotouring104\/2025\/12\/04\/san-ferdinando-rc-minorenne-arrestato-per-tentato-omicidio\/#article\",\"isPartOf\":{\"@id\":\"https:\/\/progettotouring.it\/radiotouring104\/2025\/12\/04\/san-ferdinando-rc-minorenne-arrestato-per-tentato-omicidio\/\"},\"author\":{\"name\":\"redazione\",\"@id\":\"https:\/\/progettotouring.it\/radiotouring104\/#\/schema\/person\/1b3eb3c07c47136bc44c785c543e635f\"},\"headline\":\"San Ferdinando (RC): minorenne arrestato per tentato omicidio\",\"datePublished\":\"2025-12-04T08:40:36+00:00\",\"dateModified\":\"2025-12-04T11:56:52+00:00\",\"mainEntityOfPage\":{\"@id\":\"https:\/\/progettotouring.it\/radiotouring104\/2025\/12\/04\/san-ferdinando-rc-minorenne-arrestato-per-tentato-omicidio\/\"},\"wordCount\":242,\"publisher\":{\"@id\":\"https:\/\/progettotouring.it\/radiotouring104\/#organization\"},\"image\":{\"@id\":\"https:\/\/progettotouring.it\/radiotouring104\/2025\/12\/04\/san-ferdinando-rc-minorenne-arrestato-per-tentato-omicidio\/#primaryimage\"},\"thumbnailUrl\":\"https:\/\/progettotouring.it\/radiotouring104\/wp-content\/uploads\/sites\/6\/2025\/12\/Polizia-di-Stato-San-Ferdinando.gif\",\"keywords\":[\"arrestato 17 enne\",\"Polizia d Stato\",\"premeditazione ai danni di un altro minore\",\"san ferdinando\",\"tentato omicidio\"],\"articleSection\":[\"Home\",\"In primo piano\",\"News\",\"Reggio Calabria\"],\"inLanguage\":\"it-IT\"},{\"@type\":\"WebPage\",\"@id\":\"https:\/\/progettotouring.it\/radiotouring104\/2025\/12\/04\/san-ferdinando-rc-minorenne-arrestato-per-tentato-omicidio\/\",\"url\":\"https:\/\/progettotouring.it\/radiotouring104\/2025\/12\/04\/san-ferdinando-rc-minorenne-arrestato-per-tentato-omicidio\/\",\"name\":\"San Ferdinando (RC): minorenne arrestato per tentato omicidio - Radio Touring 104\",\"isPartOf\":{\"@id\":\"https:\/\/progettotouring.it\/radiotouring104\/#website\"},\"primaryImageOfPage\":{\"@id\":\"https:\/\/progettotouring.it\/radiotouring104\/2025\/12\/04\/san-ferdinando-rc-minorenne-arrestato-per-tentato-omicidio\/#primaryimage\"},\"image\":{\"@id\":\"https:\/\/progettotouring.it\/radiotouring104\/2025\/12\/04\/san-ferdinando-rc-minorenne-arrestato-per-tentato-omicidio\/#primaryimage\"},\"thumbnailUrl\":\"https:\/\/progettotouring.it\/radiotouring104\/wp-content\/uploads\/sites\/6\/2025\/12\/Polizia-di-Stato-San-Ferdinando.gif\",\"datePublished\":\"2025-12-04T08:40:36+00:00\",\"dateModified\":\"2025-12-04T11:56:52+00:00\",\"description\":\"La Polizia di Stato ha arrestato un 17enne di San Ferdinando per tentato omicidio aggravato dalla premeditazione ai danni di un altro minore\",\"breadcrumb\":{\"@id\":\"https:\/\/progettotouring.it\/radiotouring104\/2025\/12\/04\/san-ferdinando-rc-minorenne-arrestato-per-tentato-omicidio\/#breadcrumb\"},\"inLanguage\":\"it-IT\",\"potentialAction\":[{\"@type\":\"ReadAction\",\"target\":[\"https:\/\/progettotouring.it\/radiotouring104\/2025\/12\/04\/san-ferdinando-rc-minorenne-arrestato-per-tentato-omicidio\/\"]}]},{\"@type\":\"ImageObject\",\"inLanguage\":\"it-IT\",\"@id\":\"https:\/\/progettotouring.it\/radiotouring104\/2025\/12\/04\/san-ferdinando-rc-minorenne-arrestato-per-tentato-omicidio\/#primaryimage\",\"url\":\"https:\/\/progettotouring.it\/radiotouring104\/wp-content\/uploads\/sites\/6\/2025\/12\/Polizia-di-Stato-San-Ferdinando.gif\",\"contentUrl\":\"https:\/\/progettotouring.it\/radiotouring104\/wp-content\/uploads\/sites\/6\/2025\/12\/Polizia-di-Stato-San-Ferdinando.gif\",\"width\":1005,\"height\":317},{\"@type\":\"BreadcrumbList\",\"@id\":\"https:\/\/progettotouring.it\/radiotouring104\/2025\/12\/04\/san-ferdinando-rc-minorenne-arrestato-per-tentato-omicidio\/#breadcrumb\",\"itemListElement\":[{\"@type\":\"ListItem\",\"position\":1,\"name\":\"Home\",\"item\":\"https:\/\/progettotouring.it\/radiotouring104\/\"},{\"@type\":\"ListItem\",\"position\":2,\"name\":\"San Ferdinando (RC): minorenne arrestato per tentato omicidio\"}]},{\"@type\":\"WebSite\",\"@id\":\"https:\/\/progettotouring.it\/radiotouring104\/#website\",\"url\":\"https:\/\/progettotouring.it\/radiotouring104\/\",\"name\":\"Radio Touring 104\",\"description\":\"La prima radio Reggina\",\"publisher\":{\"@id\":\"https:\/\/progettotouring.it\/radiotouring104\/#organization\"},\"potentialAction\":[{\"@type\":\"SearchAction\",\"target\":{\"@type\":\"EntryPoint\",\"urlTemplate\":\"https:\/\/progettotouring.it\/radiotouring104\/?s={search_term_string}\"},\"query-input\":{\"@type\":\"PropertyValueSpecification\",\"valueRequired\":true,\"valueName\":\"search_term_string\"}}],\"inLanguage\":\"it-IT\"},{\"@type\":\"Organization\",\"@id\":\"https:\/\/progettotouring.it\/radiotouring104\/#organization\",\"name\":\"Radio Touring 104\",\"url\":\"https:\/\/progettotouring.it\/radiotouring104\/\",\"logo\":{\"@type\":\"ImageObject\",\"inLanguage\":\"it-IT\",\"@id\":\"https:\/\/progettotouring.it\/radiotouring104\/#\/schema\/logo\/image\/\",\"url\":\"https:\/\/progettotouring.it\/radiotouring104\/wp-content\/uploads\/sites\/6\/2022\/02\/cropped-logo-radio-touring-104.png\",\"contentUrl\":\"https:\/\/progettotouring.it\/radiotouring104\/wp-content\/uploads\/sites\/6\/2022\/02\/cropped-logo-radio-touring-104.png\",\"width\":377,\"height\":182,\"caption\":\"Radio Touring 104\"},\"image\":{\"@id\":\"https:\/\/progettotouring.it\/radiotouring104\/#\/schema\/logo\/image\/\"}},{\"@type\":\"Person\",\"@id\":\"https:\/\/progettotouring.it\/radiotouring104\/#\/schema\/person\/1b3eb3c07c47136bc44c785c543e635f\",\"name\":\"redazione\",\"image\":{\"@type\":\"ImageObject\",\"inLanguage\":\"it-IT\",\"@id\":\"https:\/\/secure.gravatar.com\/avatar\/0b31605b49f100769e8b624b3e05de1b73e1692e9568a352f60f53fd072e6e11?s=96&d=mm&r=g\",\"url\":\"https:\/\/secure.gravatar.com\/avatar\/0b31605b49f100769e8b624b3e05de1b73e1692e9568a352f60f53fd072e6e11?s=96&d=mm&r=g\",\"contentUrl\":\"https:\/\/secure.gravatar.com\/avatar\/0b31605b49f100769e8b624b3e05de1b73e1692e9568a352f60f53fd072e6e11?s=96&d=mm&r=g\",\"caption\":\"redazione\"},\"url\":\"https:\/\/progettotouring.it\/radiotouring104\/author\/redazione\/\"}]}<\/script>\n<!-- \/ Yoast SEO plugin. -->","yoast_head_json":{"title":"San Ferdinando (RC): minorenne arrestato per tentato omicidio - Radio Touring 104","description":"La Polizia di Stato ha arrestato un 17enne di San Ferdinando per tentato omicidio aggravato dalla premeditazione ai danni di un altro minore","robots":{"index":"index","follow":"follow","max-snippet":"max-snippet:-1","max-image-preview":"max-image-preview:large","max-video-preview":"max-video-preview:-1"},"canonical":"https:\/\/progettotouring.it\/radiotouring104\/2025\/12\/04\/san-ferdinando-rc-minorenne-arrestato-per-tentato-omicidio\/","og_locale":"it_IT","og_type":"article","og_title":"San Ferdinando (RC): minorenne arrestato per tentato omicidio - Radio Touring 104","og_description":"La Polizia di Stato ha arrestato un 17enne di San Ferdinando per tentato omicidio aggravato dalla premeditazione ai danni di un altro minore","og_url":"https:\/\/progettotouring.it\/radiotouring104\/2025\/12\/04\/san-ferdinando-rc-minorenne-arrestato-per-tentato-omicidio\/","og_site_name":"Radio Touring 104","article_published_time":"2025-12-04T08:40:36+00:00","article_modified_time":"2025-12-04T11:56:52+00:00","og_image":[{"width":1005,"height":317,"url":"https:\/\/progettotouring.it\/radiotouring104\/wp-content\/uploads\/sites\/6\/2025\/12\/Polizia-di-Stato-San-Ferdinando.gif","type":"image\/gif"}],"author":"redazione","twitter_card":"summary_large_image","twitter_misc":{"Scritto da":"redazione","Tempo di lettura stimato":"1 minuto"},"schema":{"@context":"https:\/\/schema.org","@graph":[{"@type":"Article","@id":"https:\/\/progettotouring.it\/radiotouring104\/2025\/12\/04\/san-ferdinando-rc-minorenne-arrestato-per-tentato-omicidio\/#article","isPartOf":{"@id":"https:\/\/progettotouring.it\/radiotouring104\/2025\/12\/04\/san-ferdinando-rc-minorenne-arrestato-per-tentato-omicidio\/"},"author":{"name":"redazione","@id":"https:\/\/progettotouring.it\/radiotouring104\/#\/schema\/person\/1b3eb3c07c47136bc44c785c543e635f"},"headline":"San Ferdinando (RC): minorenne arrestato per tentato omicidio","datePublished":"2025-12-04T08:40:36+00:00","dateModified":"2025-12-04T11:56:52+00:00","mainEntityOfPage":{"@id":"https:\/\/progettotouring.it\/radiotouring104\/2025\/12\/04\/san-ferdinando-rc-minorenne-arrestato-per-tentato-omicidio\/"},"wordCount":242,"publisher":{"@id":"https:\/\/progettotouring.it\/radiotouring104\/#organization"},"image":{"@id":"https:\/\/progettotouring.it\/radiotouring104\/2025\/12\/04\/san-ferdinando-rc-minorenne-arrestato-per-tentato-omicidio\/#primaryimage"},"thumbnailUrl":"https:\/\/progettotouring.it\/radiotouring104\/wp-content\/uploads\/sites\/6\/2025\/12\/Polizia-di-Stato-San-Ferdinando.gif","keywords":["arrestato 17 enne","Polizia d Stato","premeditazione ai danni di un altro minore","san ferdinando","tentato omicidio"],"articleSection":["Home","In primo piano","News","Reggio Calabria"],"inLanguage":"it-IT"},{"@type":"WebPage","@id":"https:\/\/progettotouring.it\/radiotouring104\/2025\/12\/04\/san-ferdinando-rc-minorenne-arrestato-per-tentato-omicidio\/","url":"https:\/\/progettotouring.it\/radiotouring104\/2025\/12\/04\/san-ferdinando-rc-minorenne-arrestato-per-tentato-omicidio\/","name":"San Ferdinando (RC): minorenne arrestato per tentato omicidio - Radio Touring 104","isPartOf":{"@id":"https:\/\/progettotouring.it\/radiotouring104\/#website"},"primaryImageOfPage":{"@id":"https:\/\/progettotouring.it\/radiotouring104\/2025\/12\/04\/san-ferdinando-rc-minorenne-arrestato-per-tentato-omicidio\/#primaryimage"},"image":{"@id":"https:\/\/progettotouring.it\/radiotouring104\/2025\/12\/04\/san-ferdinando-rc-minorenne-arrestato-per-tentato-omicidio\/#primaryimage"},"thumbnailUrl":"https:\/\/progettotouring.it\/radiotouring104\/wp-content\/uploads\/sites\/6\/2025\/12\/Polizia-di-Stato-San-Ferdinando.gif","datePublished":"2025-12-04T08:40:36+00:00","dateModified":"2025-12-04T11:56:52+00:00","description":"La Polizia di Stato ha arrestato un 17enne di San Ferdinando per tentato omicidio aggravato dalla premeditazione ai danni di un altro minore","breadcrumb":{"@id":"https:\/\/progettotouring.it\/radiotouring104\/2025\/12\/04\/san-ferdinando-rc-minorenne-arrestato-per-tentato-omicidio\/#breadcrumb"},"inLanguage":"it-IT","potentialAction":[{"@type":"ReadAction","target":["https:\/\/progettotouring.it\/radiotouring104\/2025\/12\/04\/san-ferdinando-rc-minorenne-arrestato-per-tentato-omicidio\/"]}]},{"@type":"ImageObject","inLanguage":"it-IT","@id":"https:\/\/progettotouring.it\/radiotouring104\/2025\/12\/04\/san-ferdinando-rc-minorenne-arrestato-per-tentato-omicidio\/#primaryimage","url":"https:\/\/progettotouring.it\/radiotouring104\/wp-content\/uploads\/sites\/6\/2025\/12\/Polizia-di-Stato-San-Ferdinando.gif","contentUrl":"https:\/\/progettotouring.it\/radiotouring104\/wp-content\/uploads\/sites\/6\/2025\/12\/Polizia-di-Stato-San-Ferdinando.gif","width":1005,"height":317},{"@type":"BreadcrumbList","@id":"https:\/\/progettotouring.it\/radiotouring104\/2025\/12\/04\/san-ferdinando-rc-minorenne-arrestato-per-tentato-omicidio\/#breadcrumb","itemListElement":[{"@type":"ListItem","position":1,"name":"Home","item":"https:\/\/progettotouring.it\/radiotouring104\/"},{"@type":"ListItem","position":2,"name":"San Ferdinando (RC): minorenne arrestato per tentato omicidio"}]},{"@type":"WebSite","@id":"https:\/\/progettotouring.it\/radiotouring104\/#website","url":"https:\/\/progettotouring.it\/radiotouring104\/","name":"Radio Touring 104","description":"La prima radio Reggina","publisher":{"@id":"https:\/\/progettotouring.it\/radiotouring104\/#organization"},"potentialAction":[{"@type":"SearchAction","target":{"@type":"EntryPoint","urlTemplate":"https:\/\/progettotouring.it\/radiotouring104\/?s={search_term_string}"},"query-input":{"@type":"PropertyValueSpecification","valueRequired":true,"valueName":"search_term_string"}}],"inLanguage":"it-IT"},{"@type":"Organization","@id":"https:\/\/progettotouring.it\/radiotouring104\/#organization","name":"Radio Touring 104","url":"https:\/\/progettotouring.it\/radiotouring104\/","logo":{"@type":"ImageObject","inLanguage":"it-IT","@id":"https:\/\/progettotouring.it\/radiotouring104\/#\/schema\/logo\/image\/","url":"https:\/\/progettotouring.it\/radiotouring104\/wp-content\/uploads\/sites\/6\/2022\/02\/cropped-logo-radio-touring-104.png","contentUrl":"https:\/\/progettotouring.it\/radiotouring104\/wp-content\/uploads\/sites\/6\/2022\/02\/cropped-logo-radio-touring-104.png","width":377,"height":182,"caption":"Radio Touring 104"},"image":{"@id":"https:\/\/progettotouring.it\/radiotouring104\/#\/schema\/logo\/image\/"}},{"@type":"Person","@id":"https:\/\/progettotouring.it\/radiotouring104\/#\/schema\/person\/1b3eb3c07c47136bc44c785c543e635f","name":"redazione","image":{"@type":"ImageObject","inLanguage":"it-IT","@id":"https:\/\/secure.gravatar.com\/avatar\/0b31605b49f100769e8b624b3e05de1b73e1692e9568a352f60f53fd072e6e11?s=96&d=mm&r=g","url":"https:\/\/secure.gravatar.com\/avatar\/0b31605b49f100769e8b624b3e05de1b73e1692e9568a352f60f53fd072e6e11?s=96&d=mm&r=g","contentUrl":"https:\/\/secure.gravatar.com\/avatar\/0b31605b49f100769e8b624b3e05de1b73e1692e9568a352f60f53fd072e6e11?s=96&d=mm&r=g","caption":"redazione"},"url":"https:\/\/progettotouring.it\/radiotouring104\/author\/redazione\/"}]}},"jetpack_publicize_connections":[],"jetpack_featured_media_url":"https:\/\/progettotouring.it\/radiotouring104\/wp-content\/uploads\/sites\/6\/2025\/12\/Polizia-di-Stato-San-Ferdinando.gif","jetpack_sharing_enabled":true,"_links":{"self":[{"href":"https:\/\/progettotouring.it\/radiotouring104\/wp-json\/wp\/v2\/posts\/86859","targetHints":{"allow":["GET"]}}],"collection":[{"href":"https:\/\/progettotouring.it\/radiotouring104\/wp-json\/wp\/v2\/posts"}],"about":[{"href":"https:\/\/progettotouring.it\/radiotouring104\/wp-json\/wp\/v2\/types\/post"}],"author":[{"embeddable":true,"href":"https:\/\/progettotouring.it\/radiotouring104\/wp-json\/wp\/v2\/users\/5"}],"replies":[{"embeddable":true,"href":"https:\/\/progettotouring.it\/radiotouring104\/wp-json\/wp\/v2\/comments?post=86859"}],"version-history":[{"count":1,"href":"https:\/\/progettotouring.it\/radiotouring104\/wp-json\/wp\/v2\/posts\/86859\/revisions"}],"predecessor-version":[{"id":86862,"href":"https:\/\/progettotouring.it\/radiotouring104\/wp-json\/wp\/v2\/posts\/86859\/revisions\/86862"}],"wp:featuredmedia":[{"embeddable":true,"href":"https:\/\/progettotouring.it\/radiotouring104\/wp-json\/wp\/v2\/media\/86860"}],"wp:attachment":[{"href":"https:\/\/progettotouring.it\/radiotouring104\/wp-json\/wp\/v2\/media?parent=86859"}],"wp:term":[{"taxonomy":"category","embeddable":true,"href":"https:\/\/progettotouring.it\/radiotouring104\/wp-json\/wp\/v2\/categories?post=86859"},{"taxonomy":"post_tag","embeddable":true,"href":"https:\/\/progettotouring.it\/radiotouring104\/wp-json\/wp\/v2\/tags?post=86859"}],"curies":[{"name":"wp","href":"https:\/\/api.w.org\/{rel}","templated":true}]}}