{"id":86865,"date":"2025-12-04T09:50:52","date_gmt":"2025-12-04T08:50:52","guid":{"rendered":"https:\/\/progettotouring.it\/radiotouring104\/?p=86865"},"modified":"2025-12-04T12:56:38","modified_gmt":"2025-12-04T11:56:38","slug":"reggio-a-palazzo-alvaro-il-3-appuntamento-formativo-del-progetto-rc-efficacy","status":"publish","type":"post","link":"https:\/\/progettotouring.it\/radiotouring104\/2025\/12\/04\/reggio-a-palazzo-alvaro-il-3-appuntamento-formativo-del-progetto-rc-efficacy\/","title":{"rendered":"Reggio: a Palazzo Alvaro il 3\u00b0 appuntamento formativo del progetto &#8220;RC efficacy&#8221;"},"content":{"rendered":"<p>\u201cL\u2019evento di oggi ci d\u00e0 l&#8217;opportunit\u00e0 di approfondire, non solo quelle che sono le criticit\u00e0 e i rischi dell\u2019era digitale, quindi a partire dal cyberbullismo, body shaming, late spech online, ma anche arrivare a quelle che sono le opportunit\u00e0 dell&#8217;utilizzo delle tecnologie, anche in ambito didattico, attraverso l&#8217;esperienza immersiva di una escape room che i corsisti potranno affrontare. Prima di conoscere quelle che sono le opportunit\u00e0 \u00e8 bene essere consapevoli dei rischi. Abbiamo quindi pensato di approfondire il tema del bullismo pregiudiziale che diventa poi cyberbullismo. All&#8217;interno di questa giornata abbiamo approfondito, insieme ai nostri relatori, non solo argomenti afferenti alla pedagogia, ma anche alla psicologia, per cercare di affrontare la tematica da pi\u00f9 punti di vista. Riteniamo che questo tipo di formazione sia molto attuale ed affrontarla dal punto di vista multidisciplinare sia l\u2019occasione pi\u00f9 efficace. Ringraziamo quindi la Citt\u00e0 metropolitana di Reggio Calabria, nella persona del sindaco Giuseppe Falcomat\u00e0, che ha colto da subito questa opportunit\u00e0 di RC Efficacy\u201d. Cos\u00ec la prof.ssa Maria Sammarro, docente di Pedagogia sperimentale dell\u2019Universit\u00e0 Mediterranea di Reggio Calabria, in merito al terzo modulo del progetto \u2018RC Efficacy\u2019, promosso dalle Universit\u00e0 di Roma Tre e Mediterranea di Reggio Calabria, con il sostegno della Citt\u00e0 Metropolitana e il riconoscimento della rete UNESCO delle Learning Cities.<\/p>\n<p>Nel corso della giornata sono intervenuti inoltre, il prof. Giulio D\u2019Urso dell\u2019universit\u00e0 Mediterranea che ha relazionato sul \u2018Bullismo pregiudiziale: definirlo per contrastarlo\u2019 e il prof. Silvestro Malara sul tema \u2018Re-stanza, dall\u2019escape room alla survivor city\u2019.<\/p>\n<p>Il progetto \u2018RC efficacy\u2019 unisce ricerca accademica, ascolto del territorio e sperimentazione didattica, con un respiro nazionale e internazionale e punta a costruire una vera Learning City, attraverso la formazione di docenti e formatori come protagonisti attivi del cambiamento culturale.<\/p>\n","protected":false},"excerpt":{"rendered":"<p>\u201cL\u2019evento di oggi ci d\u00e0 l&#8217;opportunit\u00e0 di approfondire, non solo quelle che sono le criticit\u00e0 e i rischi dell\u2019era digitale, quindi a partire dal cyberbullismo, body shaming, late spech online,&hellip;<\/p>\n","protected":false},"author":5,"featured_media":86866,"comment_status":"closed","ping_status":"open","sticky":false,"template":"","format":"standard","meta":{"_jetpack_memberships_contains_paid_content":false,"footnotes":"","jetpack_publicize_message":"","jetpack_publicize_feature_enabled":true,"jetpack_social_post_already_shared":true,"jetpack_social_options":{"image_generator_settings":{"template":"highway","default_image_id":0,"font":"","enabled":false},"version":2}},"categories":[921,196,140],"tags":[47318,739,49276,49277,43596],"class_list":["post-86865","post","type-post","status-publish","format-standard","has-post-thumbnail","hentry","category-home","category-news","category-reggio-calabria","tag-3-appuntamento","tag-palazzo-alvaro","tag-percorso-formativo-dedicato-ai-formatori","tag-prof-ssa-maria-sammarro","tag-progetto-rc-efficacy"],"yoast_head":"<!-- This site is optimized with the Yoast SEO plugin v27.2 - https:\/\/yoast.com\/product\/yoast-seo-wordpress\/ -->\n<title>Palazzo Alvaro:: 3\u00b0 incontro del progetto &quot;RC efficacy&quot;<\/title>\n<meta name=\"description\" content=\"Prosegue il percorso formativo dedicato ai formatori con il terzo modulo del programma\u00a0 &quot;(Ri)educazione cultur@le di una Citt\u00e0 che apprende&quot;\" \/>\n<meta name=\"robots\" content=\"index, follow, max-snippet:-1, max-image-preview:large, max-video-preview:-1\" \/>\n<link rel=\"canonical\" href=\"https:\/\/progettotouring.it\/radiotouring104\/2025\/12\/04\/reggio-a-palazzo-alvaro-il-3-appuntamento-formativo-del-progetto-rc-efficacy\/\" \/>\n<meta property=\"og:locale\" content=\"it_IT\" \/>\n<meta property=\"og:type\" content=\"article\" \/>\n<meta property=\"og:title\" content=\"Palazzo Alvaro:: 3\u00b0 incontro del progetto &quot;RC efficacy&quot;\" \/>\n<meta property=\"og:description\" content=\"Prosegue il percorso formativo dedicato ai formatori con il terzo modulo del programma\u00a0 &quot;(Ri)educazione cultur@le di una Citt\u00e0 che apprende&quot;\" \/>\n<meta property=\"og:url\" content=\"https:\/\/progettotouring.it\/radiotouring104\/2025\/12\/04\/reggio-a-palazzo-alvaro-il-3-appuntamento-formativo-del-progetto-rc-efficacy\/\" \/>\n<meta property=\"og:site_name\" content=\"Radio Touring 104\" \/>\n<meta property=\"article:published_time\" content=\"2025-12-04T08:50:52+00:00\" \/>\n<meta property=\"article:modified_time\" content=\"2025-12-04T11:56:38+00:00\" \/>\n<meta property=\"og:image\" content=\"https:\/\/progettotouring.it\/radiotouring104\/wp-content\/uploads\/sites\/6\/2025\/12\/3\u00b0-APPUNTAMENTO-progetto-RC-EFFICACY.gif\" \/>\n\t<meta property=\"og:image:width\" content=\"556\" \/>\n\t<meta property=\"og:image:height\" content=\"411\" \/>\n\t<meta property=\"og:image:type\" content=\"image\/gif\" \/>\n<meta name=\"author\" content=\"redazione\" \/>\n<meta name=\"twitter:card\" content=\"summary_large_image\" \/>\n<meta name=\"twitter:label1\" content=\"Scritto da\" \/>\n\t<meta name=\"twitter:data1\" content=\"redazione\" \/>\n\t<meta name=\"twitter:label2\" content=\"Tempo di lettura stimato\" \/>\n\t<meta name=\"twitter:data2\" content=\"1 minuto\" \/>\n<script type=\"application\/ld+json\" class=\"yoast-schema-graph\">{\"@context\":\"https:\/\/schema.org\",\"@graph\":[{\"@type\":\"Article\",\"@id\":\"https:\/\/progettotouring.it\/radiotouring104\/2025\/12\/04\/reggio-a-palazzo-alvaro-il-3-appuntamento-formativo-del-progetto-rc-efficacy\/#article\",\"isPartOf\":{\"@id\":\"https:\/\/progettotouring.it\/radiotouring104\/2025\/12\/04\/reggio-a-palazzo-alvaro-il-3-appuntamento-formativo-del-progetto-rc-efficacy\/\"},\"author\":{\"name\":\"redazione\",\"@id\":\"https:\/\/progettotouring.it\/radiotouring104\/#\/schema\/person\/1b3eb3c07c47136bc44c785c543e635f\"},\"headline\":\"Reggio: a Palazzo Alvaro il 3\u00b0 appuntamento formativo del progetto &#8220;RC efficacy&#8221;\",\"datePublished\":\"2025-12-04T08:50:52+00:00\",\"dateModified\":\"2025-12-04T11:56:38+00:00\",\"mainEntityOfPage\":{\"@id\":\"https:\/\/progettotouring.it\/radiotouring104\/2025\/12\/04\/reggio-a-palazzo-alvaro-il-3-appuntamento-formativo-del-progetto-rc-efficacy\/\"},\"wordCount\":303,\"publisher\":{\"@id\":\"https:\/\/progettotouring.it\/radiotouring104\/#organization\"},\"image\":{\"@id\":\"https:\/\/progettotouring.it\/radiotouring104\/2025\/12\/04\/reggio-a-palazzo-alvaro-il-3-appuntamento-formativo-del-progetto-rc-efficacy\/#primaryimage\"},\"thumbnailUrl\":\"https:\/\/progettotouring.it\/radiotouring104\/wp-content\/uploads\/sites\/6\/2025\/12\/3\u00b0-APPUNTAMENTO-progetto-RC-EFFICACY.gif\",\"keywords\":[\"3\u00b0 appuntamento\",\"Palazzo Alvaro\",\"percorso formativo dedicato ai formatori\",\"prof.ssa Maria Sammarro\",\"progetto \\\"RC efficacy\\\"\"],\"articleSection\":[\"Home\",\"News\",\"Reggio Calabria\"],\"inLanguage\":\"it-IT\"},{\"@type\":\"WebPage\",\"@id\":\"https:\/\/progettotouring.it\/radiotouring104\/2025\/12\/04\/reggio-a-palazzo-alvaro-il-3-appuntamento-formativo-del-progetto-rc-efficacy\/\",\"url\":\"https:\/\/progettotouring.it\/radiotouring104\/2025\/12\/04\/reggio-a-palazzo-alvaro-il-3-appuntamento-formativo-del-progetto-rc-efficacy\/\",\"name\":\"Palazzo Alvaro:: 3\u00b0 incontro del progetto \\\"RC efficacy\\\"\",\"isPartOf\":{\"@id\":\"https:\/\/progettotouring.it\/radiotouring104\/#website\"},\"primaryImageOfPage\":{\"@id\":\"https:\/\/progettotouring.it\/radiotouring104\/2025\/12\/04\/reggio-a-palazzo-alvaro-il-3-appuntamento-formativo-del-progetto-rc-efficacy\/#primaryimage\"},\"image\":{\"@id\":\"https:\/\/progettotouring.it\/radiotouring104\/2025\/12\/04\/reggio-a-palazzo-alvaro-il-3-appuntamento-formativo-del-progetto-rc-efficacy\/#primaryimage\"},\"thumbnailUrl\":\"https:\/\/progettotouring.it\/radiotouring104\/wp-content\/uploads\/sites\/6\/2025\/12\/3\u00b0-APPUNTAMENTO-progetto-RC-EFFICACY.gif\",\"datePublished\":\"2025-12-04T08:50:52+00:00\",\"dateModified\":\"2025-12-04T11:56:38+00:00\",\"description\":\"Prosegue il percorso formativo dedicato ai formatori con il terzo modulo del programma\u00a0 \\\"(Ri)educazione cultur@le di una Citt\u00e0 che apprende\\\"\",\"breadcrumb\":{\"@id\":\"https:\/\/progettotouring.it\/radiotouring104\/2025\/12\/04\/reggio-a-palazzo-alvaro-il-3-appuntamento-formativo-del-progetto-rc-efficacy\/#breadcrumb\"},\"inLanguage\":\"it-IT\",\"potentialAction\":[{\"@type\":\"ReadAction\",\"target\":[\"https:\/\/progettotouring.it\/radiotouring104\/2025\/12\/04\/reggio-a-palazzo-alvaro-il-3-appuntamento-formativo-del-progetto-rc-efficacy\/\"]}]},{\"@type\":\"ImageObject\",\"inLanguage\":\"it-IT\",\"@id\":\"https:\/\/progettotouring.it\/radiotouring104\/2025\/12\/04\/reggio-a-palazzo-alvaro-il-3-appuntamento-formativo-del-progetto-rc-efficacy\/#primaryimage\",\"url\":\"https:\/\/progettotouring.it\/radiotouring104\/wp-content\/uploads\/sites\/6\/2025\/12\/3\u00b0-APPUNTAMENTO-progetto-RC-EFFICACY.gif\",\"contentUrl\":\"https:\/\/progettotouring.it\/radiotouring104\/wp-content\/uploads\/sites\/6\/2025\/12\/3\u00b0-APPUNTAMENTO-progetto-RC-EFFICACY.gif\",\"width\":556,\"height\":411},{\"@type\":\"BreadcrumbList\",\"@id\":\"https:\/\/progettotouring.it\/radiotouring104\/2025\/12\/04\/reggio-a-palazzo-alvaro-il-3-appuntamento-formativo-del-progetto-rc-efficacy\/#breadcrumb\",\"itemListElement\":[{\"@type\":\"ListItem\",\"position\":1,\"name\":\"Home\",\"item\":\"https:\/\/progettotouring.it\/radiotouring104\/\"},{\"@type\":\"ListItem\",\"position\":2,\"name\":\"Reggio: a Palazzo Alvaro il 3\u00b0 appuntamento formativo del progetto &#8220;RC efficacy&#8221;\"}]},{\"@type\":\"WebSite\",\"@id\":\"https:\/\/progettotouring.it\/radiotouring104\/#website\",\"url\":\"https:\/\/progettotouring.it\/radiotouring104\/\",\"name\":\"Radio Touring 104\",\"description\":\"La prima radio Reggina\",\"publisher\":{\"@id\":\"https:\/\/progettotouring.it\/radiotouring104\/#organization\"},\"potentialAction\":[{\"@type\":\"SearchAction\",\"target\":{\"@type\":\"EntryPoint\",\"urlTemplate\":\"https:\/\/progettotouring.it\/radiotouring104\/?s={search_term_string}\"},\"query-input\":{\"@type\":\"PropertyValueSpecification\",\"valueRequired\":true,\"valueName\":\"search_term_string\"}}],\"inLanguage\":\"it-IT\"},{\"@type\":\"Organization\",\"@id\":\"https:\/\/progettotouring.it\/radiotouring104\/#organization\",\"name\":\"Radio Touring 104\",\"url\":\"https:\/\/progettotouring.it\/radiotouring104\/\",\"logo\":{\"@type\":\"ImageObject\",\"inLanguage\":\"it-IT\",\"@id\":\"https:\/\/progettotouring.it\/radiotouring104\/#\/schema\/logo\/image\/\",\"url\":\"https:\/\/progettotouring.it\/radiotouring104\/wp-content\/uploads\/sites\/6\/2022\/02\/cropped-logo-radio-touring-104.png\",\"contentUrl\":\"https:\/\/progettotouring.it\/radiotouring104\/wp-content\/uploads\/sites\/6\/2022\/02\/cropped-logo-radio-touring-104.png\",\"width\":377,\"height\":182,\"caption\":\"Radio Touring 104\"},\"image\":{\"@id\":\"https:\/\/progettotouring.it\/radiotouring104\/#\/schema\/logo\/image\/\"}},{\"@type\":\"Person\",\"@id\":\"https:\/\/progettotouring.it\/radiotouring104\/#\/schema\/person\/1b3eb3c07c47136bc44c785c543e635f\",\"name\":\"redazione\",\"image\":{\"@type\":\"ImageObject\",\"inLanguage\":\"it-IT\",\"@id\":\"https:\/\/secure.gravatar.com\/avatar\/0b31605b49f100769e8b624b3e05de1b73e1692e9568a352f60f53fd072e6e11?s=96&d=mm&r=g\",\"url\":\"https:\/\/secure.gravatar.com\/avatar\/0b31605b49f100769e8b624b3e05de1b73e1692e9568a352f60f53fd072e6e11?s=96&d=mm&r=g\",\"contentUrl\":\"https:\/\/secure.gravatar.com\/avatar\/0b31605b49f100769e8b624b3e05de1b73e1692e9568a352f60f53fd072e6e11?s=96&d=mm&r=g\",\"caption\":\"redazione\"},\"url\":\"https:\/\/progettotouring.it\/radiotouring104\/author\/redazione\/\"}]}<\/script>\n<!-- \/ Yoast SEO plugin. -->","yoast_head_json":{"title":"Palazzo Alvaro:: 3\u00b0 incontro del progetto \"RC efficacy\"","description":"Prosegue il percorso formativo dedicato ai formatori con il terzo modulo del programma\u00a0 \"(Ri)educazione cultur@le di una Citt\u00e0 che apprende\"","robots":{"index":"index","follow":"follow","max-snippet":"max-snippet:-1","max-image-preview":"max-image-preview:large","max-video-preview":"max-video-preview:-1"},"canonical":"https:\/\/progettotouring.it\/radiotouring104\/2025\/12\/04\/reggio-a-palazzo-alvaro-il-3-appuntamento-formativo-del-progetto-rc-efficacy\/","og_locale":"it_IT","og_type":"article","og_title":"Palazzo Alvaro:: 3\u00b0 incontro del progetto \"RC efficacy\"","og_description":"Prosegue il percorso formativo dedicato ai formatori con il terzo modulo del programma\u00a0 \"(Ri)educazione cultur@le di una Citt\u00e0 che apprende\"","og_url":"https:\/\/progettotouring.it\/radiotouring104\/2025\/12\/04\/reggio-a-palazzo-alvaro-il-3-appuntamento-formativo-del-progetto-rc-efficacy\/","og_site_name":"Radio Touring 104","article_published_time":"2025-12-04T08:50:52+00:00","article_modified_time":"2025-12-04T11:56:38+00:00","og_image":[{"width":556,"height":411,"url":"https:\/\/progettotouring.it\/radiotouring104\/wp-content\/uploads\/sites\/6\/2025\/12\/3\u00b0-APPUNTAMENTO-progetto-RC-EFFICACY.gif","type":"image\/gif"}],"author":"redazione","twitter_card":"summary_large_image","twitter_misc":{"Scritto da":"redazione","Tempo di lettura stimato":"1 minuto"},"schema":{"@context":"https:\/\/schema.org","@graph":[{"@type":"Article","@id":"https:\/\/progettotouring.it\/radiotouring104\/2025\/12\/04\/reggio-a-palazzo-alvaro-il-3-appuntamento-formativo-del-progetto-rc-efficacy\/#article","isPartOf":{"@id":"https:\/\/progettotouring.it\/radiotouring104\/2025\/12\/04\/reggio-a-palazzo-alvaro-il-3-appuntamento-formativo-del-progetto-rc-efficacy\/"},"author":{"name":"redazione","@id":"https:\/\/progettotouring.it\/radiotouring104\/#\/schema\/person\/1b3eb3c07c47136bc44c785c543e635f"},"headline":"Reggio: a Palazzo Alvaro il 3\u00b0 appuntamento formativo del progetto &#8220;RC efficacy&#8221;","datePublished":"2025-12-04T08:50:52+00:00","dateModified":"2025-12-04T11:56:38+00:00","mainEntityOfPage":{"@id":"https:\/\/progettotouring.it\/radiotouring104\/2025\/12\/04\/reggio-a-palazzo-alvaro-il-3-appuntamento-formativo-del-progetto-rc-efficacy\/"},"wordCount":303,"publisher":{"@id":"https:\/\/progettotouring.it\/radiotouring104\/#organization"},"image":{"@id":"https:\/\/progettotouring.it\/radiotouring104\/2025\/12\/04\/reggio-a-palazzo-alvaro-il-3-appuntamento-formativo-del-progetto-rc-efficacy\/#primaryimage"},"thumbnailUrl":"https:\/\/progettotouring.it\/radiotouring104\/wp-content\/uploads\/sites\/6\/2025\/12\/3\u00b0-APPUNTAMENTO-progetto-RC-EFFICACY.gif","keywords":["3\u00b0 appuntamento","Palazzo Alvaro","percorso formativo dedicato ai formatori","prof.ssa Maria Sammarro","progetto \"RC efficacy\""],"articleSection":["Home","News","Reggio Calabria"],"inLanguage":"it-IT"},{"@type":"WebPage","@id":"https:\/\/progettotouring.it\/radiotouring104\/2025\/12\/04\/reggio-a-palazzo-alvaro-il-3-appuntamento-formativo-del-progetto-rc-efficacy\/","url":"https:\/\/progettotouring.it\/radiotouring104\/2025\/12\/04\/reggio-a-palazzo-alvaro-il-3-appuntamento-formativo-del-progetto-rc-efficacy\/","name":"Palazzo Alvaro:: 3\u00b0 incontro del progetto \"RC efficacy\"","isPartOf":{"@id":"https:\/\/progettotouring.it\/radiotouring104\/#website"},"primaryImageOfPage":{"@id":"https:\/\/progettotouring.it\/radiotouring104\/2025\/12\/04\/reggio-a-palazzo-alvaro-il-3-appuntamento-formativo-del-progetto-rc-efficacy\/#primaryimage"},"image":{"@id":"https:\/\/progettotouring.it\/radiotouring104\/2025\/12\/04\/reggio-a-palazzo-alvaro-il-3-appuntamento-formativo-del-progetto-rc-efficacy\/#primaryimage"},"thumbnailUrl":"https:\/\/progettotouring.it\/radiotouring104\/wp-content\/uploads\/sites\/6\/2025\/12\/3\u00b0-APPUNTAMENTO-progetto-RC-EFFICACY.gif","datePublished":"2025-12-04T08:50:52+00:00","dateModified":"2025-12-04T11:56:38+00:00","description":"Prosegue il percorso formativo dedicato ai formatori con il terzo modulo del programma\u00a0 \"(Ri)educazione cultur@le di una Citt\u00e0 che apprende\"","breadcrumb":{"@id":"https:\/\/progettotouring.it\/radiotouring104\/2025\/12\/04\/reggio-a-palazzo-alvaro-il-3-appuntamento-formativo-del-progetto-rc-efficacy\/#breadcrumb"},"inLanguage":"it-IT","potentialAction":[{"@type":"ReadAction","target":["https:\/\/progettotouring.it\/radiotouring104\/2025\/12\/04\/reggio-a-palazzo-alvaro-il-3-appuntamento-formativo-del-progetto-rc-efficacy\/"]}]},{"@type":"ImageObject","inLanguage":"it-IT","@id":"https:\/\/progettotouring.it\/radiotouring104\/2025\/12\/04\/reggio-a-palazzo-alvaro-il-3-appuntamento-formativo-del-progetto-rc-efficacy\/#primaryimage","url":"https:\/\/progettotouring.it\/radiotouring104\/wp-content\/uploads\/sites\/6\/2025\/12\/3\u00b0-APPUNTAMENTO-progetto-RC-EFFICACY.gif","contentUrl":"https:\/\/progettotouring.it\/radiotouring104\/wp-content\/uploads\/sites\/6\/2025\/12\/3\u00b0-APPUNTAMENTO-progetto-RC-EFFICACY.gif","width":556,"height":411},{"@type":"BreadcrumbList","@id":"https:\/\/progettotouring.it\/radiotouring104\/2025\/12\/04\/reggio-a-palazzo-alvaro-il-3-appuntamento-formativo-del-progetto-rc-efficacy\/#breadcrumb","itemListElement":[{"@type":"ListItem","position":1,"name":"Home","item":"https:\/\/progettotouring.it\/radiotouring104\/"},{"@type":"ListItem","position":2,"name":"Reggio: a Palazzo Alvaro il 3\u00b0 appuntamento formativo del progetto &#8220;RC efficacy&#8221;"}]},{"@type":"WebSite","@id":"https:\/\/progettotouring.it\/radiotouring104\/#website","url":"https:\/\/progettotouring.it\/radiotouring104\/","name":"Radio Touring 104","description":"La prima radio Reggina","publisher":{"@id":"https:\/\/progettotouring.it\/radiotouring104\/#organization"},"potentialAction":[{"@type":"SearchAction","target":{"@type":"EntryPoint","urlTemplate":"https:\/\/progettotouring.it\/radiotouring104\/?s={search_term_string}"},"query-input":{"@type":"PropertyValueSpecification","valueRequired":true,"valueName":"search_term_string"}}],"inLanguage":"it-IT"},{"@type":"Organization","@id":"https:\/\/progettotouring.it\/radiotouring104\/#organization","name":"Radio Touring 104","url":"https:\/\/progettotouring.it\/radiotouring104\/","logo":{"@type":"ImageObject","inLanguage":"it-IT","@id":"https:\/\/progettotouring.it\/radiotouring104\/#\/schema\/logo\/image\/","url":"https:\/\/progettotouring.it\/radiotouring104\/wp-content\/uploads\/sites\/6\/2022\/02\/cropped-logo-radio-touring-104.png","contentUrl":"https:\/\/progettotouring.it\/radiotouring104\/wp-content\/uploads\/sites\/6\/2022\/02\/cropped-logo-radio-touring-104.png","width":377,"height":182,"caption":"Radio Touring 104"},"image":{"@id":"https:\/\/progettotouring.it\/radiotouring104\/#\/schema\/logo\/image\/"}},{"@type":"Person","@id":"https:\/\/progettotouring.it\/radiotouring104\/#\/schema\/person\/1b3eb3c07c47136bc44c785c543e635f","name":"redazione","image":{"@type":"ImageObject","inLanguage":"it-IT","@id":"https:\/\/secure.gravatar.com\/avatar\/0b31605b49f100769e8b624b3e05de1b73e1692e9568a352f60f53fd072e6e11?s=96&d=mm&r=g","url":"https:\/\/secure.gravatar.com\/avatar\/0b31605b49f100769e8b624b3e05de1b73e1692e9568a352f60f53fd072e6e11?s=96&d=mm&r=g","contentUrl":"https:\/\/secure.gravatar.com\/avatar\/0b31605b49f100769e8b624b3e05de1b73e1692e9568a352f60f53fd072e6e11?s=96&d=mm&r=g","caption":"redazione"},"url":"https:\/\/progettotouring.it\/radiotouring104\/author\/redazione\/"}]}},"jetpack_publicize_connections":[],"jetpack_featured_media_url":"https:\/\/progettotouring.it\/radiotouring104\/wp-content\/uploads\/sites\/6\/2025\/12\/3\u00b0-APPUNTAMENTO-progetto-RC-EFFICACY.gif","jetpack_sharing_enabled":true,"_links":{"self":[{"href":"https:\/\/progettotouring.it\/radiotouring104\/wp-json\/wp\/v2\/posts\/86865","targetHints":{"allow":["GET"]}}],"collection":[{"href":"https:\/\/progettotouring.it\/radiotouring104\/wp-json\/wp\/v2\/posts"}],"about":[{"href":"https:\/\/progettotouring.it\/radiotouring104\/wp-json\/wp\/v2\/types\/post"}],"author":[{"embeddable":true,"href":"https:\/\/progettotouring.it\/radiotouring104\/wp-json\/wp\/v2\/users\/5"}],"replies":[{"embeddable":true,"href":"https:\/\/progettotouring.it\/radiotouring104\/wp-json\/wp\/v2\/comments?post=86865"}],"version-history":[{"count":1,"href":"https:\/\/progettotouring.it\/radiotouring104\/wp-json\/wp\/v2\/posts\/86865\/revisions"}],"predecessor-version":[{"id":86867,"href":"https:\/\/progettotouring.it\/radiotouring104\/wp-json\/wp\/v2\/posts\/86865\/revisions\/86867"}],"wp:featuredmedia":[{"embeddable":true,"href":"https:\/\/progettotouring.it\/radiotouring104\/wp-json\/wp\/v2\/media\/86866"}],"wp:attachment":[{"href":"https:\/\/progettotouring.it\/radiotouring104\/wp-json\/wp\/v2\/media?parent=86865"}],"wp:term":[{"taxonomy":"category","embeddable":true,"href":"https:\/\/progettotouring.it\/radiotouring104\/wp-json\/wp\/v2\/categories?post=86865"},{"taxonomy":"post_tag","embeddable":true,"href":"https:\/\/progettotouring.it\/radiotouring104\/wp-json\/wp\/v2\/tags?post=86865"}],"curies":[{"name":"wp","href":"https:\/\/api.w.org\/{rel}","templated":true}]}}