{"id":86871,"date":"2025-12-04T10:15:11","date_gmt":"2025-12-04T09:15:11","guid":{"rendered":"https:\/\/progettotouring.it\/radiotouring104\/?p=86871"},"modified":"2025-12-04T12:56:28","modified_gmt":"2025-12-04T11:56:28","slug":"la-birra-artigianale-reggina-premiata-al-brussels-beer-challenge-2025","status":"publish","type":"post","link":"https:\/\/progettotouring.it\/radiotouring104\/2025\/12\/04\/la-birra-artigianale-reggina-premiata-al-brussels-beer-challenge-2025\/","title":{"rendered":"La birra artigianale reggina premiata al &#8220;Brussels Beer Challenge 2025&#8221;"},"content":{"rendered":"<p>\u201cIl prestigioso risultato ottenuto dal birrificio artigianale reggino \u2018Funky Drop\u2019, che ha conquistato la medaglia d\u2019argento al Brussels Beer Challenge 2025 con la Saison \u2018Prsd\u00e8\u2019, mi riempie di autentico orgoglio. Da Reggio Calabria si afferma un modello virtuoso di imprenditoria giovanile, capace di generare buone pratiche, promuovendo la cultura d\u2019impresa e attivando processi di sviluppo per l\u2019intero territorio\u201d. Lo afferma l\u2019europarlamentare calabrese Giusi Princi.<\/p>\n<p>\u201cNon si tratta solo &#8211; prosegue &#8211; di un riconoscimento internazionale: \u00e8 il segno che una realt\u00e0 nata a Reggio Calabria pu\u00f2 distinguersi anche nella patria della birra, il Belgio, dove la competizione \u00e8 tra le pi\u00f9 difficili e prestigiose al mondo. Il fatto che tra oltre 1.700 birre provenienti da quaranta Paesi, valutate da ottanta esperti internazionali, una birra calabrese sia riuscita a salire sul podio conferma ancora una volta le qualit\u00e0 e le eccellenze che il nostro territorio sa esprimere\u201d.<\/p>\n<p>\u201cPrsd\u00e8 \u2013 aggiunge &#8211; \u00e8 una birra che racconta chi siamo, parla della nostra terra e del lavoro appassionato di chi crede nella qualit\u00e0 e nelle eccellenze del territorio, come la segale aspromontana di Canolo e il bergamotto di Reggio Calabria. Apprendere che questi sapori e profumi, cos\u00ec radicati nella nostra quotidianit\u00e0, siano stati apprezzati da esperti provenienti da tutto il mondo, in una competizione cos\u00ec selettiva, \u00e8 motivo di grande soddisfazione e orgoglio.<\/p>\n<p>Desidero rivolgere &#8211; continua l\u2019On. Princi &#8211; un ringraziamento sincero a tutto il team di Funky Drop. Conosco bene il valore del lavoro quotidiano, della costanza e della passione che servono per portare avanti un progetto artigianale di questo livello. Il loro successo non \u00e8 frutto del caso, ma di visione, dedizione e coraggio: dimostrano che \u00e8 possibile competere con le migliori realt\u00e0 mondiali senza rinunciare alla propria identit\u00e0. Da eurodeputata, ma soprattutto da calabrese, vedo in questo traguardo un messaggio chiaro: la Calabria ha talenti straordinari e capacit\u00e0 uniche, che meritano sostegno e visibilit\u00e0. Risultati come quello di Funky Drop ci ricordano che, quando si punta sulla qualit\u00e0 e sull\u2019innovazione restando fedeli alle proprie radici, possiamo competere e brillare anche nei contesti pi\u00f9 impegnativi.<\/p>\n<p>Auspico che questo risultato sia soltanto l\u2019inizio di un percorso ancora pi\u00f9 importante e che ispiri tanti giovani che vogliono costruire il proprio futuro nella nostra terra, dimostrando che Calabria pu\u00f2 farsi conoscere e apprezzare in tutto il mondo. Oggi &#8211; conclude l\u2019europarlamentare calabrese &#8211; il profumo del nostro bergamotto ha conquistato il Belgio, domani potr\u00e0 arrivare ovunque\u201d.<\/p>\n","protected":false},"excerpt":{"rendered":"<p>\u201cIl prestigioso risultato ottenuto dal birrificio artigianale reggino \u2018Funky Drop\u2019, che ha conquistato la medaglia d\u2019argento al Brussels Beer Challenge 2025 con la Saison \u2018Prsd\u00e8\u2019, mi riempie di autentico orgoglio.&hellip;<\/p>\n","protected":false},"author":5,"featured_media":86872,"comment_status":"closed","ping_status":"open","sticky":false,"template":"","format":"standard","meta":{"_jetpack_memberships_contains_paid_content":false,"footnotes":"","jetpack_publicize_message":"","jetpack_publicize_feature_enabled":true,"jetpack_social_post_already_shared":true,"jetpack_social_options":{"image_generator_settings":{"template":"highway","default_image_id":0,"font":"","enabled":false},"version":2}},"categories":[921,196,140],"tags":[49282,49281,49280,1839,1267,49283],"class_list":["post-86871","post","type-post","status-publish","format-standard","has-post-thumbnail","hentry","category-home","category-news","category-reggio-calabria","tag-brussels-beer-challenge-2025","tag-birra-artigianale-reggina","tag-birrificio-artigianale-reggino-funky-drop","tag-giusy-princi","tag-premiazione","tag-saison-prsde"],"yoast_head":"<!-- This site is optimized with the Yoast SEO plugin v27.2 - https:\/\/yoast.com\/product\/yoast-seo-wordpress\/ -->\n<title>La birra reggina premiata al Brussels Beer Challenge 2025<\/title>\n<meta name=\"description\" content=\"\u201cDalla Calabria modello virtuoso di imprenditoria giovanile\u201d, dichiara soddisfatta l&#039;europarlamentare Giusy Princi\" \/>\n<meta name=\"robots\" content=\"index, follow, max-snippet:-1, max-image-preview:large, max-video-preview:-1\" \/>\n<link rel=\"canonical\" href=\"https:\/\/progettotouring.it\/radiotouring104\/2025\/12\/04\/la-birra-artigianale-reggina-premiata-al-brussels-beer-challenge-2025\/\" \/>\n<meta property=\"og:locale\" content=\"it_IT\" \/>\n<meta property=\"og:type\" content=\"article\" \/>\n<meta property=\"og:title\" content=\"La birra reggina premiata al Brussels Beer Challenge 2025\" \/>\n<meta property=\"og:description\" content=\"\u201cDalla Calabria modello virtuoso di imprenditoria giovanile\u201d, dichiara soddisfatta l&#039;europarlamentare Giusy Princi\" \/>\n<meta property=\"og:url\" content=\"https:\/\/progettotouring.it\/radiotouring104\/2025\/12\/04\/la-birra-artigianale-reggina-premiata-al-brussels-beer-challenge-2025\/\" \/>\n<meta property=\"og:site_name\" content=\"Radio Touring 104\" \/>\n<meta property=\"article:published_time\" content=\"2025-12-04T09:15:11+00:00\" \/>\n<meta property=\"article:modified_time\" content=\"2025-12-04T11:56:28+00:00\" \/>\n<meta property=\"og:image\" content=\"https:\/\/progettotouring.it\/radiotouring104\/wp-content\/uploads\/sites\/6\/2025\/12\/Foto-On.-Giusi-Princi-7.jpeg\" \/>\n\t<meta property=\"og:image:width\" content=\"1600\" \/>\n\t<meta property=\"og:image:height\" content=\"1066\" \/>\n\t<meta property=\"og:image:type\" content=\"image\/jpeg\" \/>\n<meta name=\"author\" content=\"redazione\" \/>\n<meta name=\"twitter:card\" content=\"summary_large_image\" \/>\n<meta name=\"twitter:label1\" content=\"Scritto da\" \/>\n\t<meta name=\"twitter:data1\" content=\"redazione\" \/>\n\t<meta name=\"twitter:label2\" content=\"Tempo di lettura stimato\" \/>\n\t<meta name=\"twitter:data2\" content=\"2 minuti\" \/>\n<script type=\"application\/ld+json\" class=\"yoast-schema-graph\">{\"@context\":\"https:\/\/schema.org\",\"@graph\":[{\"@type\":\"Article\",\"@id\":\"https:\/\/progettotouring.it\/radiotouring104\/2025\/12\/04\/la-birra-artigianale-reggina-premiata-al-brussels-beer-challenge-2025\/#article\",\"isPartOf\":{\"@id\":\"https:\/\/progettotouring.it\/radiotouring104\/2025\/12\/04\/la-birra-artigianale-reggina-premiata-al-brussels-beer-challenge-2025\/\"},\"author\":{\"name\":\"redazione\",\"@id\":\"https:\/\/progettotouring.it\/radiotouring104\/#\/schema\/person\/1b3eb3c07c47136bc44c785c543e635f\"},\"headline\":\"La birra artigianale reggina premiata al &#8220;Brussels Beer Challenge 2025&#8221;\",\"datePublished\":\"2025-12-04T09:15:11+00:00\",\"dateModified\":\"2025-12-04T11:56:28+00:00\",\"mainEntityOfPage\":{\"@id\":\"https:\/\/progettotouring.it\/radiotouring104\/2025\/12\/04\/la-birra-artigianale-reggina-premiata-al-brussels-beer-challenge-2025\/\"},\"wordCount\":411,\"publisher\":{\"@id\":\"https:\/\/progettotouring.it\/radiotouring104\/#organization\"},\"image\":{\"@id\":\"https:\/\/progettotouring.it\/radiotouring104\/2025\/12\/04\/la-birra-artigianale-reggina-premiata-al-brussels-beer-challenge-2025\/#primaryimage\"},\"thumbnailUrl\":\"https:\/\/progettotouring.it\/radiotouring104\/wp-content\/uploads\/sites\/6\/2025\/12\/Foto-On.-Giusi-Princi-7.jpeg\",\"keywords\":[\"\\\"Brussels Beer Challenge 2025\\\"\",\"birra artigianale reggina\",\"birrificio artigianale reggino \u2018Funky Drop\u2019\",\"Giusy Princi\",\"premiazione\",\"Saison \u2018Prsd\u00e8\u2019\"],\"articleSection\":[\"Home\",\"News\",\"Reggio Calabria\"],\"inLanguage\":\"it-IT\"},{\"@type\":\"WebPage\",\"@id\":\"https:\/\/progettotouring.it\/radiotouring104\/2025\/12\/04\/la-birra-artigianale-reggina-premiata-al-brussels-beer-challenge-2025\/\",\"url\":\"https:\/\/progettotouring.it\/radiotouring104\/2025\/12\/04\/la-birra-artigianale-reggina-premiata-al-brussels-beer-challenge-2025\/\",\"name\":\"La birra reggina premiata al Brussels Beer Challenge 2025\",\"isPartOf\":{\"@id\":\"https:\/\/progettotouring.it\/radiotouring104\/#website\"},\"primaryImageOfPage\":{\"@id\":\"https:\/\/progettotouring.it\/radiotouring104\/2025\/12\/04\/la-birra-artigianale-reggina-premiata-al-brussels-beer-challenge-2025\/#primaryimage\"},\"image\":{\"@id\":\"https:\/\/progettotouring.it\/radiotouring104\/2025\/12\/04\/la-birra-artigianale-reggina-premiata-al-brussels-beer-challenge-2025\/#primaryimage\"},\"thumbnailUrl\":\"https:\/\/progettotouring.it\/radiotouring104\/wp-content\/uploads\/sites\/6\/2025\/12\/Foto-On.-Giusi-Princi-7.jpeg\",\"datePublished\":\"2025-12-04T09:15:11+00:00\",\"dateModified\":\"2025-12-04T11:56:28+00:00\",\"description\":\"\u201cDalla Calabria modello virtuoso di imprenditoria giovanile\u201d, dichiara soddisfatta l'europarlamentare Giusy Princi\",\"breadcrumb\":{\"@id\":\"https:\/\/progettotouring.it\/radiotouring104\/2025\/12\/04\/la-birra-artigianale-reggina-premiata-al-brussels-beer-challenge-2025\/#breadcrumb\"},\"inLanguage\":\"it-IT\",\"potentialAction\":[{\"@type\":\"ReadAction\",\"target\":[\"https:\/\/progettotouring.it\/radiotouring104\/2025\/12\/04\/la-birra-artigianale-reggina-premiata-al-brussels-beer-challenge-2025\/\"]}]},{\"@type\":\"ImageObject\",\"inLanguage\":\"it-IT\",\"@id\":\"https:\/\/progettotouring.it\/radiotouring104\/2025\/12\/04\/la-birra-artigianale-reggina-premiata-al-brussels-beer-challenge-2025\/#primaryimage\",\"url\":\"https:\/\/progettotouring.it\/radiotouring104\/wp-content\/uploads\/sites\/6\/2025\/12\/Foto-On.-Giusi-Princi-7.jpeg\",\"contentUrl\":\"https:\/\/progettotouring.it\/radiotouring104\/wp-content\/uploads\/sites\/6\/2025\/12\/Foto-On.-Giusi-Princi-7.jpeg\",\"width\":1600,\"height\":1066},{\"@type\":\"BreadcrumbList\",\"@id\":\"https:\/\/progettotouring.it\/radiotouring104\/2025\/12\/04\/la-birra-artigianale-reggina-premiata-al-brussels-beer-challenge-2025\/#breadcrumb\",\"itemListElement\":[{\"@type\":\"ListItem\",\"position\":1,\"name\":\"Home\",\"item\":\"https:\/\/progettotouring.it\/radiotouring104\/\"},{\"@type\":\"ListItem\",\"position\":2,\"name\":\"La birra artigianale reggina premiata al &#8220;Brussels Beer Challenge 2025&#8221;\"}]},{\"@type\":\"WebSite\",\"@id\":\"https:\/\/progettotouring.it\/radiotouring104\/#website\",\"url\":\"https:\/\/progettotouring.it\/radiotouring104\/\",\"name\":\"Radio Touring 104\",\"description\":\"La prima radio Reggina\",\"publisher\":{\"@id\":\"https:\/\/progettotouring.it\/radiotouring104\/#organization\"},\"potentialAction\":[{\"@type\":\"SearchAction\",\"target\":{\"@type\":\"EntryPoint\",\"urlTemplate\":\"https:\/\/progettotouring.it\/radiotouring104\/?s={search_term_string}\"},\"query-input\":{\"@type\":\"PropertyValueSpecification\",\"valueRequired\":true,\"valueName\":\"search_term_string\"}}],\"inLanguage\":\"it-IT\"},{\"@type\":\"Organization\",\"@id\":\"https:\/\/progettotouring.it\/radiotouring104\/#organization\",\"name\":\"Radio Touring 104\",\"url\":\"https:\/\/progettotouring.it\/radiotouring104\/\",\"logo\":{\"@type\":\"ImageObject\",\"inLanguage\":\"it-IT\",\"@id\":\"https:\/\/progettotouring.it\/radiotouring104\/#\/schema\/logo\/image\/\",\"url\":\"https:\/\/progettotouring.it\/radiotouring104\/wp-content\/uploads\/sites\/6\/2022\/02\/cropped-logo-radio-touring-104.png\",\"contentUrl\":\"https:\/\/progettotouring.it\/radiotouring104\/wp-content\/uploads\/sites\/6\/2022\/02\/cropped-logo-radio-touring-104.png\",\"width\":377,\"height\":182,\"caption\":\"Radio Touring 104\"},\"image\":{\"@id\":\"https:\/\/progettotouring.it\/radiotouring104\/#\/schema\/logo\/image\/\"}},{\"@type\":\"Person\",\"@id\":\"https:\/\/progettotouring.it\/radiotouring104\/#\/schema\/person\/1b3eb3c07c47136bc44c785c543e635f\",\"name\":\"redazione\",\"image\":{\"@type\":\"ImageObject\",\"inLanguage\":\"it-IT\",\"@id\":\"https:\/\/secure.gravatar.com\/avatar\/0b31605b49f100769e8b624b3e05de1b73e1692e9568a352f60f53fd072e6e11?s=96&d=mm&r=g\",\"url\":\"https:\/\/secure.gravatar.com\/avatar\/0b31605b49f100769e8b624b3e05de1b73e1692e9568a352f60f53fd072e6e11?s=96&d=mm&r=g\",\"contentUrl\":\"https:\/\/secure.gravatar.com\/avatar\/0b31605b49f100769e8b624b3e05de1b73e1692e9568a352f60f53fd072e6e11?s=96&d=mm&r=g\",\"caption\":\"redazione\"},\"url\":\"https:\/\/progettotouring.it\/radiotouring104\/author\/redazione\/\"}]}<\/script>\n<!-- \/ Yoast SEO plugin. -->","yoast_head_json":{"title":"La birra reggina premiata al Brussels Beer Challenge 2025","description":"\u201cDalla Calabria modello virtuoso di imprenditoria giovanile\u201d, dichiara soddisfatta l'europarlamentare Giusy Princi","robots":{"index":"index","follow":"follow","max-snippet":"max-snippet:-1","max-image-preview":"max-image-preview:large","max-video-preview":"max-video-preview:-1"},"canonical":"https:\/\/progettotouring.it\/radiotouring104\/2025\/12\/04\/la-birra-artigianale-reggina-premiata-al-brussels-beer-challenge-2025\/","og_locale":"it_IT","og_type":"article","og_title":"La birra reggina premiata al Brussels Beer Challenge 2025","og_description":"\u201cDalla Calabria modello virtuoso di imprenditoria giovanile\u201d, dichiara soddisfatta l'europarlamentare Giusy Princi","og_url":"https:\/\/progettotouring.it\/radiotouring104\/2025\/12\/04\/la-birra-artigianale-reggina-premiata-al-brussels-beer-challenge-2025\/","og_site_name":"Radio Touring 104","article_published_time":"2025-12-04T09:15:11+00:00","article_modified_time":"2025-12-04T11:56:28+00:00","og_image":[{"width":1600,"height":1066,"url":"https:\/\/progettotouring.it\/radiotouring104\/wp-content\/uploads\/sites\/6\/2025\/12\/Foto-On.-Giusi-Princi-7.jpeg","type":"image\/jpeg"}],"author":"redazione","twitter_card":"summary_large_image","twitter_misc":{"Scritto da":"redazione","Tempo di lettura stimato":"2 minuti"},"schema":{"@context":"https:\/\/schema.org","@graph":[{"@type":"Article","@id":"https:\/\/progettotouring.it\/radiotouring104\/2025\/12\/04\/la-birra-artigianale-reggina-premiata-al-brussels-beer-challenge-2025\/#article","isPartOf":{"@id":"https:\/\/progettotouring.it\/radiotouring104\/2025\/12\/04\/la-birra-artigianale-reggina-premiata-al-brussels-beer-challenge-2025\/"},"author":{"name":"redazione","@id":"https:\/\/progettotouring.it\/radiotouring104\/#\/schema\/person\/1b3eb3c07c47136bc44c785c543e635f"},"headline":"La birra artigianale reggina premiata al &#8220;Brussels Beer Challenge 2025&#8221;","datePublished":"2025-12-04T09:15:11+00:00","dateModified":"2025-12-04T11:56:28+00:00","mainEntityOfPage":{"@id":"https:\/\/progettotouring.it\/radiotouring104\/2025\/12\/04\/la-birra-artigianale-reggina-premiata-al-brussels-beer-challenge-2025\/"},"wordCount":411,"publisher":{"@id":"https:\/\/progettotouring.it\/radiotouring104\/#organization"},"image":{"@id":"https:\/\/progettotouring.it\/radiotouring104\/2025\/12\/04\/la-birra-artigianale-reggina-premiata-al-brussels-beer-challenge-2025\/#primaryimage"},"thumbnailUrl":"https:\/\/progettotouring.it\/radiotouring104\/wp-content\/uploads\/sites\/6\/2025\/12\/Foto-On.-Giusi-Princi-7.jpeg","keywords":["\"Brussels Beer Challenge 2025\"","birra artigianale reggina","birrificio artigianale reggino \u2018Funky Drop\u2019","Giusy Princi","premiazione","Saison \u2018Prsd\u00e8\u2019"],"articleSection":["Home","News","Reggio Calabria"],"inLanguage":"it-IT"},{"@type":"WebPage","@id":"https:\/\/progettotouring.it\/radiotouring104\/2025\/12\/04\/la-birra-artigianale-reggina-premiata-al-brussels-beer-challenge-2025\/","url":"https:\/\/progettotouring.it\/radiotouring104\/2025\/12\/04\/la-birra-artigianale-reggina-premiata-al-brussels-beer-challenge-2025\/","name":"La birra reggina premiata al Brussels Beer Challenge 2025","isPartOf":{"@id":"https:\/\/progettotouring.it\/radiotouring104\/#website"},"primaryImageOfPage":{"@id":"https:\/\/progettotouring.it\/radiotouring104\/2025\/12\/04\/la-birra-artigianale-reggina-premiata-al-brussels-beer-challenge-2025\/#primaryimage"},"image":{"@id":"https:\/\/progettotouring.it\/radiotouring104\/2025\/12\/04\/la-birra-artigianale-reggina-premiata-al-brussels-beer-challenge-2025\/#primaryimage"},"thumbnailUrl":"https:\/\/progettotouring.it\/radiotouring104\/wp-content\/uploads\/sites\/6\/2025\/12\/Foto-On.-Giusi-Princi-7.jpeg","datePublished":"2025-12-04T09:15:11+00:00","dateModified":"2025-12-04T11:56:28+00:00","description":"\u201cDalla Calabria modello virtuoso di imprenditoria giovanile\u201d, dichiara soddisfatta l'europarlamentare Giusy Princi","breadcrumb":{"@id":"https:\/\/progettotouring.it\/radiotouring104\/2025\/12\/04\/la-birra-artigianale-reggina-premiata-al-brussels-beer-challenge-2025\/#breadcrumb"},"inLanguage":"it-IT","potentialAction":[{"@type":"ReadAction","target":["https:\/\/progettotouring.it\/radiotouring104\/2025\/12\/04\/la-birra-artigianale-reggina-premiata-al-brussels-beer-challenge-2025\/"]}]},{"@type":"ImageObject","inLanguage":"it-IT","@id":"https:\/\/progettotouring.it\/radiotouring104\/2025\/12\/04\/la-birra-artigianale-reggina-premiata-al-brussels-beer-challenge-2025\/#primaryimage","url":"https:\/\/progettotouring.it\/radiotouring104\/wp-content\/uploads\/sites\/6\/2025\/12\/Foto-On.-Giusi-Princi-7.jpeg","contentUrl":"https:\/\/progettotouring.it\/radiotouring104\/wp-content\/uploads\/sites\/6\/2025\/12\/Foto-On.-Giusi-Princi-7.jpeg","width":1600,"height":1066},{"@type":"BreadcrumbList","@id":"https:\/\/progettotouring.it\/radiotouring104\/2025\/12\/04\/la-birra-artigianale-reggina-premiata-al-brussels-beer-challenge-2025\/#breadcrumb","itemListElement":[{"@type":"ListItem","position":1,"name":"Home","item":"https:\/\/progettotouring.it\/radiotouring104\/"},{"@type":"ListItem","position":2,"name":"La birra artigianale reggina premiata al &#8220;Brussels Beer Challenge 2025&#8221;"}]},{"@type":"WebSite","@id":"https:\/\/progettotouring.it\/radiotouring104\/#website","url":"https:\/\/progettotouring.it\/radiotouring104\/","name":"Radio Touring 104","description":"La prima radio Reggina","publisher":{"@id":"https:\/\/progettotouring.it\/radiotouring104\/#organization"},"potentialAction":[{"@type":"SearchAction","target":{"@type":"EntryPoint","urlTemplate":"https:\/\/progettotouring.it\/radiotouring104\/?s={search_term_string}"},"query-input":{"@type":"PropertyValueSpecification","valueRequired":true,"valueName":"search_term_string"}}],"inLanguage":"it-IT"},{"@type":"Organization","@id":"https:\/\/progettotouring.it\/radiotouring104\/#organization","name":"Radio Touring 104","url":"https:\/\/progettotouring.it\/radiotouring104\/","logo":{"@type":"ImageObject","inLanguage":"it-IT","@id":"https:\/\/progettotouring.it\/radiotouring104\/#\/schema\/logo\/image\/","url":"https:\/\/progettotouring.it\/radiotouring104\/wp-content\/uploads\/sites\/6\/2022\/02\/cropped-logo-radio-touring-104.png","contentUrl":"https:\/\/progettotouring.it\/radiotouring104\/wp-content\/uploads\/sites\/6\/2022\/02\/cropped-logo-radio-touring-104.png","width":377,"height":182,"caption":"Radio Touring 104"},"image":{"@id":"https:\/\/progettotouring.it\/radiotouring104\/#\/schema\/logo\/image\/"}},{"@type":"Person","@id":"https:\/\/progettotouring.it\/radiotouring104\/#\/schema\/person\/1b3eb3c07c47136bc44c785c543e635f","name":"redazione","image":{"@type":"ImageObject","inLanguage":"it-IT","@id":"https:\/\/secure.gravatar.com\/avatar\/0b31605b49f100769e8b624b3e05de1b73e1692e9568a352f60f53fd072e6e11?s=96&d=mm&r=g","url":"https:\/\/secure.gravatar.com\/avatar\/0b31605b49f100769e8b624b3e05de1b73e1692e9568a352f60f53fd072e6e11?s=96&d=mm&r=g","contentUrl":"https:\/\/secure.gravatar.com\/avatar\/0b31605b49f100769e8b624b3e05de1b73e1692e9568a352f60f53fd072e6e11?s=96&d=mm&r=g","caption":"redazione"},"url":"https:\/\/progettotouring.it\/radiotouring104\/author\/redazione\/"}]}},"jetpack_publicize_connections":[],"jetpack_featured_media_url":"https:\/\/progettotouring.it\/radiotouring104\/wp-content\/uploads\/sites\/6\/2025\/12\/Foto-On.-Giusi-Princi-7.jpeg","jetpack_sharing_enabled":true,"_links":{"self":[{"href":"https:\/\/progettotouring.it\/radiotouring104\/wp-json\/wp\/v2\/posts\/86871","targetHints":{"allow":["GET"]}}],"collection":[{"href":"https:\/\/progettotouring.it\/radiotouring104\/wp-json\/wp\/v2\/posts"}],"about":[{"href":"https:\/\/progettotouring.it\/radiotouring104\/wp-json\/wp\/v2\/types\/post"}],"author":[{"embeddable":true,"href":"https:\/\/progettotouring.it\/radiotouring104\/wp-json\/wp\/v2\/users\/5"}],"replies":[{"embeddable":true,"href":"https:\/\/progettotouring.it\/radiotouring104\/wp-json\/wp\/v2\/comments?post=86871"}],"version-history":[{"count":1,"href":"https:\/\/progettotouring.it\/radiotouring104\/wp-json\/wp\/v2\/posts\/86871\/revisions"}],"predecessor-version":[{"id":86873,"href":"https:\/\/progettotouring.it\/radiotouring104\/wp-json\/wp\/v2\/posts\/86871\/revisions\/86873"}],"wp:featuredmedia":[{"embeddable":true,"href":"https:\/\/progettotouring.it\/radiotouring104\/wp-json\/wp\/v2\/media\/86872"}],"wp:attachment":[{"href":"https:\/\/progettotouring.it\/radiotouring104\/wp-json\/wp\/v2\/media?parent=86871"}],"wp:term":[{"taxonomy":"category","embeddable":true,"href":"https:\/\/progettotouring.it\/radiotouring104\/wp-json\/wp\/v2\/categories?post=86871"},{"taxonomy":"post_tag","embeddable":true,"href":"https:\/\/progettotouring.it\/radiotouring104\/wp-json\/wp\/v2\/tags?post=86871"}],"curies":[{"name":"wp","href":"https:\/\/api.w.org\/{rel}","templated":true}]}}