{"id":86874,"date":"2025-12-04T10:29:17","date_gmt":"2025-12-04T09:29:17","guid":{"rendered":"https:\/\/progettotouring.it\/radiotouring104\/?p=86874"},"modified":"2025-12-04T12:56:23","modified_gmt":"2025-12-04T11:56:23","slug":"reggio-eletto-il-baby-sindaco-dellistituto-comprensivo-falcomata-archi","status":"publish","type":"post","link":"https:\/\/progettotouring.it\/radiotouring104\/2025\/12\/04\/reggio-eletto-il-baby-sindaco-dellistituto-comprensivo-falcomata-archi\/","title":{"rendered":"Reggio: eletto il &#8220;baby Sindaco&#8221; dell&#8217;Istituto Comprensivo &#8220;Falcomat\u00e0 Archi&#8221;"},"content":{"rendered":"<p>L&#8217;Istituto Comprensivo Falcomat\u00e0 Archi \u00e8 lieto di comunicare l&#8217;esito delle operazioni elettorali per la costituzione del nuovo Consiglio Comunale dei Ragazzi (CCR) per il <strong>triennio 2025\/2028<\/strong>.<\/p>\n<p>Le operazioni di scrutinio, sono state coordinate dalle docenti della commissione Cittadinanza: De Luca Francesca, Iann\u00f2 Titty, Saffioti Vincenza, Pascuzzo Amelia. In ogni plesso si \u00e8 insediato un seggio formato da un presidente e un segretario, come previsto dal Regolamento relative all&#8217;elezione del Baby sindaco e dei consiglieri del CCR. <strong>Gioved\u00ec 27 Novembre 2025<\/strong>. L&#8217;esito ha portato all&#8217;elezione del <strong>nuovo baby sindaco che<\/strong> \u00e8 M. M. studentessa della classe II B della Scuola Secondaria di primo grado, del plesso Pirandello, che, con 120 voti si \u00e8 imposta sugli altri candidati edei 20 consiglieri. L\u2019organismo consultivo del Consiglio Comunale dei Ragazzi, istituito dal 2012 nella Scuola Falcomat\u00e0-Archi, mira a promuovere la partecipazione degli adolescenti alla vita della comunit\u00e0 locale, a educare i ragazzi ad una cittadinanza attiva e consapevole e a maturare il senso di appartenenza al proprio Paese. Il periodo di campagna elettorale iniziato dal mese di Novembre, \u00e8 stato seguito e monitorato dal team dell\u2019area Cittadinanza con la collaborazione di tutti i docenti. In questa fase sono stati organizzati lezioni di Educazione Civica sugli enti locali, dibattiti, preparazione di slogan, programmi; un incontro con i candidati a baby-Sindaco, durante il quale ogni aspirante ha presentato il proprio programma su temi riguardanti: Scuola, Ambiente, Sport, Solidariet\u00e0, Legalit\u00e0 e rispetto del patrimonio artistico e culturale.Il programma che ha vinto nasce dalla convinzione che \u201cil cambiamento \u00e8 possibile e che insieme, con coraggio e idee chiare,\u00a0 si pu\u00f2 costruire una scuola pi\u00f9 bella, pi\u00f9 sostenibile, pi\u00f9 creativa e pi\u00f9 inclusiva,una scuola <strong>oltre le maschere<\/strong>, capace di valorizzare ogni identit\u00e0.\u201d,infatti ha come slogan :\u201d<strong>Pirandello, oltre la maschera, per il cambiamento \u201c con i seguenti punti: 1. Biblioteca con sala lettura in aula magna ,2. Giornalino scolastico \u201cOltre le Maschere\u201d,<\/strong> <strong>3. Valorizzazione del cortile scolastico, 4. Migliorare la raccolta differenziata, 5. Rendere funzionanti i pannelli fotovoltaici 6. Idea Box: una scuola che ascolta, 7. Giornata dei talenti, 8. Olimpiadi della scuola, 9. Giornata dell\u2019incontro (ogni fine quadrimestre), I <\/strong>neo-eletti si insedieranno ufficialmente nei prossimi giorni. Questo sar\u00e0 il momento della presentazione formale agli studenti, alle studentesse e ai rappresentanti del Comune, e l&#8217;occasione per illustrare in dettaglio le proposte programmatiche presentate durante la recente campagna elettorale.<\/p>\n<p><strong>Il Valore Pedagogico e la Coerenza con la Cittadinanza Attiva<\/strong><\/p>\n<p>L&#8217;istituzione del Consiglio Comunale dei Ragazzi (CCR) \u00e8 parte integrante delle linee programmatiche dell&#8217;Istituto e rappresenta molto pi\u00f9 di un semplice organo di rappresentanza. Esso si configura come un vero e proprio <strong>laboratorio di democrazia e partecipazione attiva<\/strong>, in piena coerenza con i principi dell&#8217;<strong>educazione civica<\/strong>. L&#8217;attivit\u00e0, che va ben oltre il contesto scolastico, \u00e8 una <strong>palestra di democrazia<\/strong> che mira a coinvolgere i ragazzi nella vita collettiva della comunit\u00e0.<\/p>\n<p>Attraverso l&#8217;esperienza nel CCR, gli studenti intraprendono un percorso formativo fondamentale che \u00e8 cruciale per lo sviluppo di cittadini responsabili e critici. Questa iniziativa permette di:<\/p>\n<ol>\n<li><strong>Sperimentare e Comprendere la Democrazia:<\/strong> I membri del CCR hanno l&#8217;opportunit\u00e0 di confrontarsi concretamente sui meccanismi che regolano la cosa pubblica. Imparano il significato di rappresentanza, esercitano la ricerca di soluzioni condivise, e sviluppano la capacit\u00e0 di ascoltare e mediare i conflitti. Inoltre, l&#8217;attivit\u00e0 permette di conoscere il funzionamento degli enti locali, i principi costituzionali e le regole della democrazia.<\/li>\n<li><strong>Sviluppare l&#8217;Impegno Civico e il Senso Critico:<\/strong> L&#8217;esperienza formativa mira a sviluppare la <strong>responsabilit\u00e0 sociale e morale<\/strong>, il senso critico e l&#8217;impegno verso la propria comunit\u00e0. I ragazzi acquisiscono la consapevolezza di essere parte integrante e attiva del territorio.<\/li>\n<li><strong>Collaborare con le Istituzioni Locali:<\/strong> Il CCR agisce come strumento di <strong>dialogo e confronto<\/strong> tra i giovani e gli amministratori &#8220;adulti&#8221;. I ragazzi portano il loro punto di vista e le loro proposte in modo attivo e democratico su temi essenziali come scuola, ambiente, spazi pubblici, sport e solidariet\u00e0.<\/li>\n<li><strong>Contribuire al Benessere Collettivo:<\/strong> Ascoltando le loro proposte, gli amministratori locali permettono ai ragazzi di contribuire a progettare piccole trasformazioni nel proprio territorio. In questo modo, si sviluppa il senso di appartenenza e si sperimenta che <strong>la partecipazione \u00e8 il vero motore del cambiamento<\/strong>.<\/li>\n<\/ol>\n<p>A conclusione di questa rilevante fase elettorale, che ha visto una partecipazione entusiasta e consapevole, l&#8217;Istituto Comprensivo Falcomat\u00e0 Archi desidera sottolineare la profonda valenza di questa iniziativa nell&#8217;ambito della formazione integrale dei nostri studenti e studentesse.<\/p>\n<p><strong>La Dirigenza Scolastica<\/strong> intende esprimere la propria soddisfazione per il successo del progetto, ribadendo che il Consiglio Comunale dei Ragazzi, ormai una consuetudine da anni consolidata, si configura come un <strong>percorso formativo fondamentale<\/strong>.<\/p>\n<p>Come evidenziato, l&#8217;attivit\u00e0 va <strong>ben oltre il contesto scolastico<\/strong>, offrendo ai giovani una vera e propria <strong>palestra di democrazia<\/strong>. L&#8217;obiettivo primario \u00e8 che i ragazzi acquisiscano la consapevolezza di essere parte integrante e attiva del territorio, sviluppando la <strong>responsabilit\u00e0 sociale e morale<\/strong>, il senso critico e l&#8217;impegno verso la propria comunit\u00e0.<\/p>\n<p>I\u00a0 progetti come il CCR consentono di sperimentare concretamente che <strong>la partecipazione \u00e8 il vero motore del cambiamento<\/strong>. Si permette ai ragazzi di confrontarsi sui meccanismi che regolano la cosa pubblica e di conoscere il funzionamento degli enti locali, i principi costituzionali e le regole della democrazia, preparandoli attivamente a diventare <strong>cittadini responsabili e critici<\/strong>.<\/p>\n<p>Un ringraziamento doveroso \u00e8 rivolto al <strong>Corpo Docente <\/strong>che con dedizione e professionalit\u00e0 ha curato ogni fase del processo elettorale e formativo. Il loro impegno ha trasformato il CCR in un efficace <strong>laboratorio di democrazia e partecipazione attiva<\/strong>, guidando gli studenti a comprendere il significato di rappresentanza e la ricerca di soluzioni condivise.<\/p>\n<p>La collaborazione e il sostegno delle famiglie hanno sancito, ancora una volta, il successo\u00a0\u00a0 dell\u2019iniziativa che promuove l\u2019esercizio ed il riconoscimento dell\u2019impegno civico.<\/p>\n<p>Il supporto familiare \u00e8 stato essenziale per incoraggiare gli studenti a partecipare attivamente alla vita della comunit\u00e0.<\/p>\n<p>L&#8217;Istituto Comprensivo Falcomat\u00e0 Archi rinnova l&#8217;impegno a sostenere il neo-eletto Consiglio Comunale dei Ragazzi in tutte le sue attivit\u00e0 di <strong>dialogo e confronto<\/strong> con gli amministratori &#8220;adulti&#8221;, augurando a tutti i neo-eletti un proficuo lavoro al servizio della comunit\u00e0 scolastica e territoriale.<\/p>\n","protected":false},"excerpt":{"rendered":"<p>L&#8217;Istituto Comprensivo Falcomat\u00e0 Archi \u00e8 lieto di comunicare l&#8217;esito delle operazioni elettorali per la costituzione del nuovo Consiglio Comunale dei Ragazzi (CCR) per il triennio 2025\/2028. Le operazioni di scrutinio,&hellip;<\/p>\n","protected":false},"author":5,"featured_media":84816,"comment_status":"closed","ping_status":"open","sticky":false,"template":"","format":"standard","meta":{"_jetpack_memberships_contains_paid_content":false,"footnotes":"","jetpack_publicize_message":"","jetpack_publicize_feature_enabled":true,"jetpack_social_post_already_shared":true,"jetpack_social_options":{"image_generator_settings":{"template":"highway","default_image_id":0,"font":"","enabled":false},"version":2}},"categories":[921,196,140],"tags":[2512,26391,49287,49286,49284,49285,49288,49289],"class_list":["post-86874","post","type-post","status-publish","format-standard","has-post-thumbnail","hentry","category-home","category-news","category-reggio-calabria","tag-archi","tag-costituzione","tag-de-luca-francesca","tag-eletto-baby-sindaco","tag-eletto-il-baby-sindaco","tag-nuovo-consiglio-comunale-dei-ragazzi","tag-pascuzzo-amelia","tag-triennio-2025-2028"],"yoast_head":"<!-- This site is optimized with the Yoast SEO plugin v27.2 - https:\/\/yoast.com\/product\/yoast-seo-wordpress\/ -->\n<title>Archi (RC): eletto il &quot;baby Sindaco&quot; dell&#039;Istituto Comprensivo<\/title>\n<meta name=\"description\" content=\"Costituito il nuovo Consiglio Comunale dei Ragazzi (CCR) per il triennio 2025\/2028, coordinate dalle prof Iann\u00f2, De Luca, Saffioti, Pascuzzo\" \/>\n<meta name=\"robots\" content=\"index, follow, max-snippet:-1, max-image-preview:large, max-video-preview:-1\" \/>\n<link rel=\"canonical\" href=\"https:\/\/progettotouring.it\/radiotouring104\/2025\/12\/04\/reggio-eletto-il-baby-sindaco-dellistituto-comprensivo-falcomata-archi\/\" \/>\n<meta property=\"og:locale\" content=\"it_IT\" \/>\n<meta property=\"og:type\" content=\"article\" \/>\n<meta property=\"og:title\" content=\"Archi (RC): eletto il &quot;baby Sindaco&quot; dell&#039;Istituto Comprensivo\" \/>\n<meta property=\"og:description\" content=\"Costituito il nuovo Consiglio Comunale dei Ragazzi (CCR) per il triennio 2025\/2028, coordinate dalle prof Iann\u00f2, De Luca, Saffioti, Pascuzzo\" \/>\n<meta property=\"og:url\" content=\"https:\/\/progettotouring.it\/radiotouring104\/2025\/12\/04\/reggio-eletto-il-baby-sindaco-dellistituto-comprensivo-falcomata-archi\/\" \/>\n<meta property=\"og:site_name\" content=\"Radio Touring 104\" \/>\n<meta property=\"article:published_time\" content=\"2025-12-04T09:29:17+00:00\" \/>\n<meta property=\"article:modified_time\" content=\"2025-12-04T11:56:23+00:00\" \/>\n<meta property=\"og:image\" content=\"https:\/\/progettotouring.it\/radiotouring104\/wp-content\/uploads\/sites\/6\/2025\/10\/SCUOLA-FALCOMATA-ARCHI.gif\" \/>\n\t<meta property=\"og:image:width\" content=\"626\" \/>\n\t<meta property=\"og:image:height\" content=\"410\" \/>\n\t<meta property=\"og:image:type\" content=\"image\/gif\" \/>\n<meta name=\"author\" content=\"redazione\" \/>\n<meta name=\"twitter:card\" content=\"summary_large_image\" \/>\n<meta name=\"twitter:label1\" content=\"Scritto da\" \/>\n\t<meta name=\"twitter:data1\" content=\"redazione\" \/>\n\t<meta name=\"twitter:label2\" content=\"Tempo di lettura stimato\" \/>\n\t<meta name=\"twitter:data2\" content=\"5 minuti\" \/>\n<script type=\"application\/ld+json\" class=\"yoast-schema-graph\">{\"@context\":\"https:\/\/schema.org\",\"@graph\":[{\"@type\":\"Article\",\"@id\":\"https:\/\/progettotouring.it\/radiotouring104\/2025\/12\/04\/reggio-eletto-il-baby-sindaco-dellistituto-comprensivo-falcomata-archi\/#article\",\"isPartOf\":{\"@id\":\"https:\/\/progettotouring.it\/radiotouring104\/2025\/12\/04\/reggio-eletto-il-baby-sindaco-dellistituto-comprensivo-falcomata-archi\/\"},\"author\":{\"name\":\"redazione\",\"@id\":\"https:\/\/progettotouring.it\/radiotouring104\/#\/schema\/person\/1b3eb3c07c47136bc44c785c543e635f\"},\"headline\":\"Reggio: eletto il &#8220;baby Sindaco&#8221; dell&#8217;Istituto Comprensivo &#8220;Falcomat\u00e0 Archi&#8221;\",\"datePublished\":\"2025-12-04T09:29:17+00:00\",\"dateModified\":\"2025-12-04T11:56:23+00:00\",\"mainEntityOfPage\":{\"@id\":\"https:\/\/progettotouring.it\/radiotouring104\/2025\/12\/04\/reggio-eletto-il-baby-sindaco-dellistituto-comprensivo-falcomata-archi\/\"},\"wordCount\":985,\"publisher\":{\"@id\":\"https:\/\/progettotouring.it\/radiotouring104\/#organization\"},\"image\":{\"@id\":\"https:\/\/progettotouring.it\/radiotouring104\/2025\/12\/04\/reggio-eletto-il-baby-sindaco-dellistituto-comprensivo-falcomata-archi\/#primaryimage\"},\"thumbnailUrl\":\"https:\/\/progettotouring.it\/radiotouring104\/wp-content\/uploads\/sites\/6\/2025\/10\/SCUOLA-FALCOMATA-ARCHI.gif\",\"keywords\":[\"Archi\",\"Costituzione\",\"De Luca Francesca\",\"eletto baby sindaco\",\"eletto il \\\"baby Sindaco\\\"\",\"nuovo Consiglio Comunale dei Ragazzi\",\"Pascuzzo Amelia.\",\"triennio 2025\/2028.\"],\"articleSection\":[\"Home\",\"News\",\"Reggio Calabria\"],\"inLanguage\":\"it-IT\"},{\"@type\":\"WebPage\",\"@id\":\"https:\/\/progettotouring.it\/radiotouring104\/2025\/12\/04\/reggio-eletto-il-baby-sindaco-dellistituto-comprensivo-falcomata-archi\/\",\"url\":\"https:\/\/progettotouring.it\/radiotouring104\/2025\/12\/04\/reggio-eletto-il-baby-sindaco-dellistituto-comprensivo-falcomata-archi\/\",\"name\":\"Archi (RC): eletto il \\\"baby Sindaco\\\" dell'Istituto Comprensivo\",\"isPartOf\":{\"@id\":\"https:\/\/progettotouring.it\/radiotouring104\/#website\"},\"primaryImageOfPage\":{\"@id\":\"https:\/\/progettotouring.it\/radiotouring104\/2025\/12\/04\/reggio-eletto-il-baby-sindaco-dellistituto-comprensivo-falcomata-archi\/#primaryimage\"},\"image\":{\"@id\":\"https:\/\/progettotouring.it\/radiotouring104\/2025\/12\/04\/reggio-eletto-il-baby-sindaco-dellistituto-comprensivo-falcomata-archi\/#primaryimage\"},\"thumbnailUrl\":\"https:\/\/progettotouring.it\/radiotouring104\/wp-content\/uploads\/sites\/6\/2025\/10\/SCUOLA-FALCOMATA-ARCHI.gif\",\"datePublished\":\"2025-12-04T09:29:17+00:00\",\"dateModified\":\"2025-12-04T11:56:23+00:00\",\"description\":\"Costituito il nuovo Consiglio Comunale dei Ragazzi (CCR) per il triennio 2025\/2028, coordinate dalle prof Iann\u00f2, De Luca, Saffioti, Pascuzzo\",\"breadcrumb\":{\"@id\":\"https:\/\/progettotouring.it\/radiotouring104\/2025\/12\/04\/reggio-eletto-il-baby-sindaco-dellistituto-comprensivo-falcomata-archi\/#breadcrumb\"},\"inLanguage\":\"it-IT\",\"potentialAction\":[{\"@type\":\"ReadAction\",\"target\":[\"https:\/\/progettotouring.it\/radiotouring104\/2025\/12\/04\/reggio-eletto-il-baby-sindaco-dellistituto-comprensivo-falcomata-archi\/\"]}]},{\"@type\":\"ImageObject\",\"inLanguage\":\"it-IT\",\"@id\":\"https:\/\/progettotouring.it\/radiotouring104\/2025\/12\/04\/reggio-eletto-il-baby-sindaco-dellistituto-comprensivo-falcomata-archi\/#primaryimage\",\"url\":\"https:\/\/progettotouring.it\/radiotouring104\/wp-content\/uploads\/sites\/6\/2025\/10\/SCUOLA-FALCOMATA-ARCHI.gif\",\"contentUrl\":\"https:\/\/progettotouring.it\/radiotouring104\/wp-content\/uploads\/sites\/6\/2025\/10\/SCUOLA-FALCOMATA-ARCHI.gif\",\"width\":626,\"height\":410},{\"@type\":\"BreadcrumbList\",\"@id\":\"https:\/\/progettotouring.it\/radiotouring104\/2025\/12\/04\/reggio-eletto-il-baby-sindaco-dellistituto-comprensivo-falcomata-archi\/#breadcrumb\",\"itemListElement\":[{\"@type\":\"ListItem\",\"position\":1,\"name\":\"Home\",\"item\":\"https:\/\/progettotouring.it\/radiotouring104\/\"},{\"@type\":\"ListItem\",\"position\":2,\"name\":\"Reggio: eletto il &#8220;baby Sindaco&#8221; dell&#8217;Istituto Comprensivo &#8220;Falcomat\u00e0 Archi&#8221;\"}]},{\"@type\":\"WebSite\",\"@id\":\"https:\/\/progettotouring.it\/radiotouring104\/#website\",\"url\":\"https:\/\/progettotouring.it\/radiotouring104\/\",\"name\":\"Radio Touring 104\",\"description\":\"La prima radio Reggina\",\"publisher\":{\"@id\":\"https:\/\/progettotouring.it\/radiotouring104\/#organization\"},\"potentialAction\":[{\"@type\":\"SearchAction\",\"target\":{\"@type\":\"EntryPoint\",\"urlTemplate\":\"https:\/\/progettotouring.it\/radiotouring104\/?s={search_term_string}\"},\"query-input\":{\"@type\":\"PropertyValueSpecification\",\"valueRequired\":true,\"valueName\":\"search_term_string\"}}],\"inLanguage\":\"it-IT\"},{\"@type\":\"Organization\",\"@id\":\"https:\/\/progettotouring.it\/radiotouring104\/#organization\",\"name\":\"Radio Touring 104\",\"url\":\"https:\/\/progettotouring.it\/radiotouring104\/\",\"logo\":{\"@type\":\"ImageObject\",\"inLanguage\":\"it-IT\",\"@id\":\"https:\/\/progettotouring.it\/radiotouring104\/#\/schema\/logo\/image\/\",\"url\":\"https:\/\/progettotouring.it\/radiotouring104\/wp-content\/uploads\/sites\/6\/2022\/02\/cropped-logo-radio-touring-104.png\",\"contentUrl\":\"https:\/\/progettotouring.it\/radiotouring104\/wp-content\/uploads\/sites\/6\/2022\/02\/cropped-logo-radio-touring-104.png\",\"width\":377,\"height\":182,\"caption\":\"Radio Touring 104\"},\"image\":{\"@id\":\"https:\/\/progettotouring.it\/radiotouring104\/#\/schema\/logo\/image\/\"}},{\"@type\":\"Person\",\"@id\":\"https:\/\/progettotouring.it\/radiotouring104\/#\/schema\/person\/1b3eb3c07c47136bc44c785c543e635f\",\"name\":\"redazione\",\"image\":{\"@type\":\"ImageObject\",\"inLanguage\":\"it-IT\",\"@id\":\"https:\/\/secure.gravatar.com\/avatar\/0b31605b49f100769e8b624b3e05de1b73e1692e9568a352f60f53fd072e6e11?s=96&d=mm&r=g\",\"url\":\"https:\/\/secure.gravatar.com\/avatar\/0b31605b49f100769e8b624b3e05de1b73e1692e9568a352f60f53fd072e6e11?s=96&d=mm&r=g\",\"contentUrl\":\"https:\/\/secure.gravatar.com\/avatar\/0b31605b49f100769e8b624b3e05de1b73e1692e9568a352f60f53fd072e6e11?s=96&d=mm&r=g\",\"caption\":\"redazione\"},\"url\":\"https:\/\/progettotouring.it\/radiotouring104\/author\/redazione\/\"}]}<\/script>\n<!-- \/ Yoast SEO plugin. -->","yoast_head_json":{"title":"Archi (RC): eletto il \"baby Sindaco\" dell'Istituto Comprensivo","description":"Costituito il nuovo Consiglio Comunale dei Ragazzi (CCR) per il triennio 2025\/2028, coordinate dalle prof Iann\u00f2, De Luca, Saffioti, Pascuzzo","robots":{"index":"index","follow":"follow","max-snippet":"max-snippet:-1","max-image-preview":"max-image-preview:large","max-video-preview":"max-video-preview:-1"},"canonical":"https:\/\/progettotouring.it\/radiotouring104\/2025\/12\/04\/reggio-eletto-il-baby-sindaco-dellistituto-comprensivo-falcomata-archi\/","og_locale":"it_IT","og_type":"article","og_title":"Archi (RC): eletto il \"baby Sindaco\" dell'Istituto Comprensivo","og_description":"Costituito il nuovo Consiglio Comunale dei Ragazzi (CCR) per il triennio 2025\/2028, coordinate dalle prof Iann\u00f2, De Luca, Saffioti, Pascuzzo","og_url":"https:\/\/progettotouring.it\/radiotouring104\/2025\/12\/04\/reggio-eletto-il-baby-sindaco-dellistituto-comprensivo-falcomata-archi\/","og_site_name":"Radio Touring 104","article_published_time":"2025-12-04T09:29:17+00:00","article_modified_time":"2025-12-04T11:56:23+00:00","og_image":[{"width":626,"height":410,"url":"https:\/\/progettotouring.it\/radiotouring104\/wp-content\/uploads\/sites\/6\/2025\/10\/SCUOLA-FALCOMATA-ARCHI.gif","type":"image\/gif"}],"author":"redazione","twitter_card":"summary_large_image","twitter_misc":{"Scritto da":"redazione","Tempo di lettura stimato":"5 minuti"},"schema":{"@context":"https:\/\/schema.org","@graph":[{"@type":"Article","@id":"https:\/\/progettotouring.it\/radiotouring104\/2025\/12\/04\/reggio-eletto-il-baby-sindaco-dellistituto-comprensivo-falcomata-archi\/#article","isPartOf":{"@id":"https:\/\/progettotouring.it\/radiotouring104\/2025\/12\/04\/reggio-eletto-il-baby-sindaco-dellistituto-comprensivo-falcomata-archi\/"},"author":{"name":"redazione","@id":"https:\/\/progettotouring.it\/radiotouring104\/#\/schema\/person\/1b3eb3c07c47136bc44c785c543e635f"},"headline":"Reggio: eletto il &#8220;baby Sindaco&#8221; dell&#8217;Istituto Comprensivo &#8220;Falcomat\u00e0 Archi&#8221;","datePublished":"2025-12-04T09:29:17+00:00","dateModified":"2025-12-04T11:56:23+00:00","mainEntityOfPage":{"@id":"https:\/\/progettotouring.it\/radiotouring104\/2025\/12\/04\/reggio-eletto-il-baby-sindaco-dellistituto-comprensivo-falcomata-archi\/"},"wordCount":985,"publisher":{"@id":"https:\/\/progettotouring.it\/radiotouring104\/#organization"},"image":{"@id":"https:\/\/progettotouring.it\/radiotouring104\/2025\/12\/04\/reggio-eletto-il-baby-sindaco-dellistituto-comprensivo-falcomata-archi\/#primaryimage"},"thumbnailUrl":"https:\/\/progettotouring.it\/radiotouring104\/wp-content\/uploads\/sites\/6\/2025\/10\/SCUOLA-FALCOMATA-ARCHI.gif","keywords":["Archi","Costituzione","De Luca Francesca","eletto baby sindaco","eletto il \"baby Sindaco\"","nuovo Consiglio Comunale dei Ragazzi","Pascuzzo Amelia.","triennio 2025\/2028."],"articleSection":["Home","News","Reggio Calabria"],"inLanguage":"it-IT"},{"@type":"WebPage","@id":"https:\/\/progettotouring.it\/radiotouring104\/2025\/12\/04\/reggio-eletto-il-baby-sindaco-dellistituto-comprensivo-falcomata-archi\/","url":"https:\/\/progettotouring.it\/radiotouring104\/2025\/12\/04\/reggio-eletto-il-baby-sindaco-dellistituto-comprensivo-falcomata-archi\/","name":"Archi (RC): eletto il \"baby Sindaco\" dell'Istituto Comprensivo","isPartOf":{"@id":"https:\/\/progettotouring.it\/radiotouring104\/#website"},"primaryImageOfPage":{"@id":"https:\/\/progettotouring.it\/radiotouring104\/2025\/12\/04\/reggio-eletto-il-baby-sindaco-dellistituto-comprensivo-falcomata-archi\/#primaryimage"},"image":{"@id":"https:\/\/progettotouring.it\/radiotouring104\/2025\/12\/04\/reggio-eletto-il-baby-sindaco-dellistituto-comprensivo-falcomata-archi\/#primaryimage"},"thumbnailUrl":"https:\/\/progettotouring.it\/radiotouring104\/wp-content\/uploads\/sites\/6\/2025\/10\/SCUOLA-FALCOMATA-ARCHI.gif","datePublished":"2025-12-04T09:29:17+00:00","dateModified":"2025-12-04T11:56:23+00:00","description":"Costituito il nuovo Consiglio Comunale dei Ragazzi (CCR) per il triennio 2025\/2028, coordinate dalle prof Iann\u00f2, De Luca, Saffioti, Pascuzzo","breadcrumb":{"@id":"https:\/\/progettotouring.it\/radiotouring104\/2025\/12\/04\/reggio-eletto-il-baby-sindaco-dellistituto-comprensivo-falcomata-archi\/#breadcrumb"},"inLanguage":"it-IT","potentialAction":[{"@type":"ReadAction","target":["https:\/\/progettotouring.it\/radiotouring104\/2025\/12\/04\/reggio-eletto-il-baby-sindaco-dellistituto-comprensivo-falcomata-archi\/"]}]},{"@type":"ImageObject","inLanguage":"it-IT","@id":"https:\/\/progettotouring.it\/radiotouring104\/2025\/12\/04\/reggio-eletto-il-baby-sindaco-dellistituto-comprensivo-falcomata-archi\/#primaryimage","url":"https:\/\/progettotouring.it\/radiotouring104\/wp-content\/uploads\/sites\/6\/2025\/10\/SCUOLA-FALCOMATA-ARCHI.gif","contentUrl":"https:\/\/progettotouring.it\/radiotouring104\/wp-content\/uploads\/sites\/6\/2025\/10\/SCUOLA-FALCOMATA-ARCHI.gif","width":626,"height":410},{"@type":"BreadcrumbList","@id":"https:\/\/progettotouring.it\/radiotouring104\/2025\/12\/04\/reggio-eletto-il-baby-sindaco-dellistituto-comprensivo-falcomata-archi\/#breadcrumb","itemListElement":[{"@type":"ListItem","position":1,"name":"Home","item":"https:\/\/progettotouring.it\/radiotouring104\/"},{"@type":"ListItem","position":2,"name":"Reggio: eletto il &#8220;baby Sindaco&#8221; dell&#8217;Istituto Comprensivo &#8220;Falcomat\u00e0 Archi&#8221;"}]},{"@type":"WebSite","@id":"https:\/\/progettotouring.it\/radiotouring104\/#website","url":"https:\/\/progettotouring.it\/radiotouring104\/","name":"Radio Touring 104","description":"La prima radio Reggina","publisher":{"@id":"https:\/\/progettotouring.it\/radiotouring104\/#organization"},"potentialAction":[{"@type":"SearchAction","target":{"@type":"EntryPoint","urlTemplate":"https:\/\/progettotouring.it\/radiotouring104\/?s={search_term_string}"},"query-input":{"@type":"PropertyValueSpecification","valueRequired":true,"valueName":"search_term_string"}}],"inLanguage":"it-IT"},{"@type":"Organization","@id":"https:\/\/progettotouring.it\/radiotouring104\/#organization","name":"Radio Touring 104","url":"https:\/\/progettotouring.it\/radiotouring104\/","logo":{"@type":"ImageObject","inLanguage":"it-IT","@id":"https:\/\/progettotouring.it\/radiotouring104\/#\/schema\/logo\/image\/","url":"https:\/\/progettotouring.it\/radiotouring104\/wp-content\/uploads\/sites\/6\/2022\/02\/cropped-logo-radio-touring-104.png","contentUrl":"https:\/\/progettotouring.it\/radiotouring104\/wp-content\/uploads\/sites\/6\/2022\/02\/cropped-logo-radio-touring-104.png","width":377,"height":182,"caption":"Radio Touring 104"},"image":{"@id":"https:\/\/progettotouring.it\/radiotouring104\/#\/schema\/logo\/image\/"}},{"@type":"Person","@id":"https:\/\/progettotouring.it\/radiotouring104\/#\/schema\/person\/1b3eb3c07c47136bc44c785c543e635f","name":"redazione","image":{"@type":"ImageObject","inLanguage":"it-IT","@id":"https:\/\/secure.gravatar.com\/avatar\/0b31605b49f100769e8b624b3e05de1b73e1692e9568a352f60f53fd072e6e11?s=96&d=mm&r=g","url":"https:\/\/secure.gravatar.com\/avatar\/0b31605b49f100769e8b624b3e05de1b73e1692e9568a352f60f53fd072e6e11?s=96&d=mm&r=g","contentUrl":"https:\/\/secure.gravatar.com\/avatar\/0b31605b49f100769e8b624b3e05de1b73e1692e9568a352f60f53fd072e6e11?s=96&d=mm&r=g","caption":"redazione"},"url":"https:\/\/progettotouring.it\/radiotouring104\/author\/redazione\/"}]}},"jetpack_publicize_connections":[],"jetpack_featured_media_url":"https:\/\/progettotouring.it\/radiotouring104\/wp-content\/uploads\/sites\/6\/2025\/10\/SCUOLA-FALCOMATA-ARCHI.gif","jetpack_sharing_enabled":true,"_links":{"self":[{"href":"https:\/\/progettotouring.it\/radiotouring104\/wp-json\/wp\/v2\/posts\/86874","targetHints":{"allow":["GET"]}}],"collection":[{"href":"https:\/\/progettotouring.it\/radiotouring104\/wp-json\/wp\/v2\/posts"}],"about":[{"href":"https:\/\/progettotouring.it\/radiotouring104\/wp-json\/wp\/v2\/types\/post"}],"author":[{"embeddable":true,"href":"https:\/\/progettotouring.it\/radiotouring104\/wp-json\/wp\/v2\/users\/5"}],"replies":[{"embeddable":true,"href":"https:\/\/progettotouring.it\/radiotouring104\/wp-json\/wp\/v2\/comments?post=86874"}],"version-history":[{"count":1,"href":"https:\/\/progettotouring.it\/radiotouring104\/wp-json\/wp\/v2\/posts\/86874\/revisions"}],"predecessor-version":[{"id":86875,"href":"https:\/\/progettotouring.it\/radiotouring104\/wp-json\/wp\/v2\/posts\/86874\/revisions\/86875"}],"wp:featuredmedia":[{"embeddable":true,"href":"https:\/\/progettotouring.it\/radiotouring104\/wp-json\/wp\/v2\/media\/84816"}],"wp:attachment":[{"href":"https:\/\/progettotouring.it\/radiotouring104\/wp-json\/wp\/v2\/media?parent=86874"}],"wp:term":[{"taxonomy":"category","embeddable":true,"href":"https:\/\/progettotouring.it\/radiotouring104\/wp-json\/wp\/v2\/categories?post=86874"},{"taxonomy":"post_tag","embeddable":true,"href":"https:\/\/progettotouring.it\/radiotouring104\/wp-json\/wp\/v2\/tags?post=86874"}],"curies":[{"name":"wp","href":"https:\/\/api.w.org\/{rel}","templated":true}]}}