{"id":86876,"date":"2025-12-04T10:40:30","date_gmt":"2025-12-04T09:40:30","guid":{"rendered":"https:\/\/progettotouring.it\/radiotouring104\/?p=86876"},"modified":"2025-12-04T12:56:16","modified_gmt":"2025-12-04T11:56:16","slug":"giornata-internazionale-della-disabilita-lanalisi-di-pasquale-andidero","status":"publish","type":"post","link":"https:\/\/progettotouring.it\/radiotouring104\/2025\/12\/04\/giornata-internazionale-della-disabilita-lanalisi-di-pasquale-andidero\/","title":{"rendered":"Giornata Internazionale della Disabilit\u00e0: l&#8217;analisi di Pasquale Andidero"},"content":{"rendered":"<p>&#8220;Oggi, mercoled\u00ec 3 dicembre 2025, ricorre la Giornata internazionale delle persone con disabilit\u00e0 indetta dalle Nazioni Unite dal 1981. Non basta sicuramente una giornata dedicata, l\u2019attenzione a questo tema deve permeare la societ\u00e0 tutto l\u2019anno. La giornata nasce comunque come strumento per sensibilizzare l\u2019opinione pubblica, mira a far crescere la consapevolezza oltre che la comprensione dei problemi ai quali possono andare incontro i pazienti disabili se la societ\u00e0, le persone non operano le giuste scelte e non attuano le direttive di legge.<\/p>\n<p>Siamo alla 33ma edizione, l\u2019obbiettivo primario di promuovere dignit\u00e0, benessere e diritti dei diversamente abili, in tutti gli ambiti e gli ambienti della vita per\u00f2 segna ancora il passo. Eppure la Convenzione ONU sui diritti delle persone con disabilit\u00e0, adottata nel 2006 e ratificata dall\u2019Italia nel 2009 con la Legge 18 afferma chiaramente che i diritti sono garanzie fondamentali e non concessioni, e che gli Stati hanno l\u2019obbligo di adottare tutte le misure possibili in ambito educativo, lavorativo, sanitario, sociale e culturale per venire incontro a tali esigenze.<\/p>\n<p>L&#8217;Obiettivo 11 dell&#8217;Agenda 2030 mira a rendere le citt\u00e0 pi\u00f9 inclusive, sicure, resilienti e sostenibili. In Italia, molte iniziative stanno trasformando gli spazi urbani per ridurre le emissioni, migliorare la mobilit\u00e0 e potenziare la qualit\u00e0 della vita nelle aree metropolitane. L\u2019incremento della mobilit\u00e0 sostenibile e la riqualificazione degli spazi pubblici sono strategie fondamentali per\u00a0<strong>costruire centri urbani pi\u00f9 vivibili<\/strong><strong>,\u00a0accessibili ed ecologici.<\/strong><\/p>\n<p>Purtroppo per\u00f2 questo a Reggio Calabria rimane ancora un sogno. Girando a piedi per la citt\u00e0 ci si rende conto dello stato di arretratezza, riguardo al problema, al quale urbanisticamente \u00e8 relegata. Cosa si sta facendo per recuperare e dare dignit\u00e0 e possibilit\u00e0 di mobilit\u00e0 ai pi\u00f9 bisognosi? Probabilmente poco o nulla.\u00a0 Non sappiamo se non c\u2019\u00e8 la volont\u00e0 o se \u00e8 dovuta all\u2019incapacit\u00e0.<\/p>\n<p>Un esempio pratico: Mosorrofa, per accedere alla chiesa parrocchiale di San Demetrio si devono superare 13 gradini sia dall\u2019entrata principale che da quella laterale. Accanto ai gradini dell\u2019entrata laterale c\u2019\u00e8 una salita con una percentuale di pendenza che darebbe fastidio anche al miglior Pantani. Il parroco sac. Domenico Labella, il Consiglio Pastorale, l\u2019Azione Cattolica, il Comitato di Quartiere Mosorrofa e anche dei privati cittadini da anni sollecitano l\u2019amministrazione comunale a risolvere il problema che impedisce a disabili e anziani di accedere al luogo di culto in sicurezza. Si \u00e8 arrivati anche a chiedere ad un ingegnere del posto di redigere un progetto completo di computo metrico e analisi dei costi che \u00e8 stato donato gratuitamente al Comune di RC. Ci si \u00e8 rivolti anche a tante autorit\u00e0 dal Prefetto al Garante Regionale della disabilit\u00e0, da consiglieri regionali a eurodeputati, niente. Nulla riesce a smuovere le acque stagnanti che relegano la popolazione mosorrofana alla triste situazione attuale.<\/p>\n<p>I fondi ci sono, bisogna solo saperli cercare e spendere. Questo ci amareggia ancora di pi\u00f9 e ci chiediamo il perch\u00e9 di questa poca attenzione. Ci chiediamo se questa totale disattenzione riguarda solo il nostro caso o \u00e8 pi\u00f9 generalizzata, e saremmo quasi contenti di pensare che il nostro sia un caso isolato. Ma non \u00e8 cos\u00ec. Ben venga quindi questa giornata internazionale delle persone con disabilit\u00e0 con la speranza che possa far crescere la consapevolezza alla collettivit\u00e0 e soprattutto agli amministratori.&#8221;, scrive in un comunicato, il Presidente del &#8220;Comitato di Quartiere di Mosorrofa&#8221;, Pasquale Andidero<\/p>\n","protected":false},"excerpt":{"rendered":"<p>&#8220;Oggi, mercoled\u00ec 3 dicembre 2025, ricorre la Giornata internazionale delle persone con disabilit\u00e0 indetta dalle Nazioni Unite dal 1981. Non basta sicuramente una giornata dedicata, l\u2019attenzione a questo tema deve&hellip;<\/p>\n","protected":false},"author":5,"featured_media":86877,"comment_status":"closed","ping_status":"open","sticky":false,"template":"","format":"standard","meta":{"_jetpack_memberships_contains_paid_content":false,"footnotes":"","jetpack_publicize_message":"","jetpack_publicize_feature_enabled":true,"jetpack_social_post_already_shared":true,"jetpack_social_options":{"image_generator_settings":{"template":"highway","default_image_id":0,"font":"","enabled":false},"version":2}},"categories":[921,196,140],"tags":[49290,6575,25072,3027],"class_list":["post-86876","post","type-post","status-publish","format-standard","has-post-thumbnail","hentry","category-home","category-news","category-reggio-calabria","tag-analisi","tag-comitato-di-quartiere-mosorrofa","tag-giornata-della-disabilita","tag-pasquale-andidero"],"yoast_head":"<!-- This site is optimized with the Yoast SEO plugin v27.2 - https:\/\/yoast.com\/product\/yoast-seo-wordpress\/ -->\n<title>Giornata della Disabilit\u00e0: l&#039;analisi di Pasquale Andidero<\/title>\n<meta name=\"description\" content=\"Riportiamo la dura analisi del Presidente del Comitato di Quartiere di Mosorrofa su arretratezza urbana ed inclusione a Reggio\" \/>\n<meta name=\"robots\" content=\"index, follow, max-snippet:-1, max-image-preview:large, max-video-preview:-1\" \/>\n<link rel=\"canonical\" href=\"https:\/\/progettotouring.it\/radiotouring104\/2025\/12\/04\/giornata-internazionale-della-disabilita-lanalisi-di-pasquale-andidero\/\" \/>\n<meta property=\"og:locale\" content=\"it_IT\" \/>\n<meta property=\"og:type\" content=\"article\" \/>\n<meta property=\"og:title\" content=\"Giornata della Disabilit\u00e0: l&#039;analisi di Pasquale Andidero\" \/>\n<meta property=\"og:description\" content=\"Riportiamo la dura analisi del Presidente del Comitato di Quartiere di Mosorrofa su arretratezza urbana ed inclusione a Reggio\" \/>\n<meta property=\"og:url\" content=\"https:\/\/progettotouring.it\/radiotouring104\/2025\/12\/04\/giornata-internazionale-della-disabilita-lanalisi-di-pasquale-andidero\/\" \/>\n<meta property=\"og:site_name\" content=\"Radio Touring 104\" \/>\n<meta property=\"article:published_time\" content=\"2025-12-04T09:40:30+00:00\" \/>\n<meta property=\"article:modified_time\" content=\"2025-12-04T11:56:16+00:00\" \/>\n<meta property=\"og:image\" content=\"https:\/\/progettotouring.it\/radiotouring104\/wp-content\/uploads\/sites\/6\/2025\/12\/Le-due-scalinate.jpeg\" \/>\n\t<meta property=\"og:image:width\" content=\"1080\" \/>\n\t<meta property=\"og:image:height\" content=\"840\" \/>\n\t<meta property=\"og:image:type\" content=\"image\/jpeg\" \/>\n<meta name=\"author\" content=\"redazione\" \/>\n<meta name=\"twitter:card\" content=\"summary_large_image\" \/>\n<meta name=\"twitter:label1\" content=\"Scritto da\" \/>\n\t<meta name=\"twitter:data1\" content=\"redazione\" \/>\n\t<meta name=\"twitter:label2\" content=\"Tempo di lettura stimato\" \/>\n\t<meta name=\"twitter:data2\" content=\"3 minuti\" \/>\n<script type=\"application\/ld+json\" class=\"yoast-schema-graph\">{\"@context\":\"https:\/\/schema.org\",\"@graph\":[{\"@type\":\"Article\",\"@id\":\"https:\/\/progettotouring.it\/radiotouring104\/2025\/12\/04\/giornata-internazionale-della-disabilita-lanalisi-di-pasquale-andidero\/#article\",\"isPartOf\":{\"@id\":\"https:\/\/progettotouring.it\/radiotouring104\/2025\/12\/04\/giornata-internazionale-della-disabilita-lanalisi-di-pasquale-andidero\/\"},\"author\":{\"name\":\"redazione\",\"@id\":\"https:\/\/progettotouring.it\/radiotouring104\/#\/schema\/person\/1b3eb3c07c47136bc44c785c543e635f\"},\"headline\":\"Giornata Internazionale della Disabilit\u00e0: l&#8217;analisi di Pasquale Andidero\",\"datePublished\":\"2025-12-04T09:40:30+00:00\",\"dateModified\":\"2025-12-04T11:56:16+00:00\",\"mainEntityOfPage\":{\"@id\":\"https:\/\/progettotouring.it\/radiotouring104\/2025\/12\/04\/giornata-internazionale-della-disabilita-lanalisi-di-pasquale-andidero\/\"},\"wordCount\":552,\"publisher\":{\"@id\":\"https:\/\/progettotouring.it\/radiotouring104\/#organization\"},\"image\":{\"@id\":\"https:\/\/progettotouring.it\/radiotouring104\/2025\/12\/04\/giornata-internazionale-della-disabilita-lanalisi-di-pasquale-andidero\/#primaryimage\"},\"thumbnailUrl\":\"https:\/\/progettotouring.it\/radiotouring104\/wp-content\/uploads\/sites\/6\/2025\/12\/Le-due-scalinate.jpeg\",\"keywords\":[\"analisi\",\"Comitato di Quartiere Mosorrofa\",\"Giornata della Disabilit\u00e0\",\"pasquale andidero\"],\"articleSection\":[\"Home\",\"News\",\"Reggio Calabria\"],\"inLanguage\":\"it-IT\"},{\"@type\":\"WebPage\",\"@id\":\"https:\/\/progettotouring.it\/radiotouring104\/2025\/12\/04\/giornata-internazionale-della-disabilita-lanalisi-di-pasquale-andidero\/\",\"url\":\"https:\/\/progettotouring.it\/radiotouring104\/2025\/12\/04\/giornata-internazionale-della-disabilita-lanalisi-di-pasquale-andidero\/\",\"name\":\"Giornata della Disabilit\u00e0: l'analisi di Pasquale Andidero\",\"isPartOf\":{\"@id\":\"https:\/\/progettotouring.it\/radiotouring104\/#website\"},\"primaryImageOfPage\":{\"@id\":\"https:\/\/progettotouring.it\/radiotouring104\/2025\/12\/04\/giornata-internazionale-della-disabilita-lanalisi-di-pasquale-andidero\/#primaryimage\"},\"image\":{\"@id\":\"https:\/\/progettotouring.it\/radiotouring104\/2025\/12\/04\/giornata-internazionale-della-disabilita-lanalisi-di-pasquale-andidero\/#primaryimage\"},\"thumbnailUrl\":\"https:\/\/progettotouring.it\/radiotouring104\/wp-content\/uploads\/sites\/6\/2025\/12\/Le-due-scalinate.jpeg\",\"datePublished\":\"2025-12-04T09:40:30+00:00\",\"dateModified\":\"2025-12-04T11:56:16+00:00\",\"description\":\"Riportiamo la dura analisi del Presidente del Comitato di Quartiere di Mosorrofa su arretratezza urbana ed inclusione a Reggio\",\"breadcrumb\":{\"@id\":\"https:\/\/progettotouring.it\/radiotouring104\/2025\/12\/04\/giornata-internazionale-della-disabilita-lanalisi-di-pasquale-andidero\/#breadcrumb\"},\"inLanguage\":\"it-IT\",\"potentialAction\":[{\"@type\":\"ReadAction\",\"target\":[\"https:\/\/progettotouring.it\/radiotouring104\/2025\/12\/04\/giornata-internazionale-della-disabilita-lanalisi-di-pasquale-andidero\/\"]}]},{\"@type\":\"ImageObject\",\"inLanguage\":\"it-IT\",\"@id\":\"https:\/\/progettotouring.it\/radiotouring104\/2025\/12\/04\/giornata-internazionale-della-disabilita-lanalisi-di-pasquale-andidero\/#primaryimage\",\"url\":\"https:\/\/progettotouring.it\/radiotouring104\/wp-content\/uploads\/sites\/6\/2025\/12\/Le-due-scalinate.jpeg\",\"contentUrl\":\"https:\/\/progettotouring.it\/radiotouring104\/wp-content\/uploads\/sites\/6\/2025\/12\/Le-due-scalinate.jpeg\",\"width\":1080,\"height\":840},{\"@type\":\"BreadcrumbList\",\"@id\":\"https:\/\/progettotouring.it\/radiotouring104\/2025\/12\/04\/giornata-internazionale-della-disabilita-lanalisi-di-pasquale-andidero\/#breadcrumb\",\"itemListElement\":[{\"@type\":\"ListItem\",\"position\":1,\"name\":\"Home\",\"item\":\"https:\/\/progettotouring.it\/radiotouring104\/\"},{\"@type\":\"ListItem\",\"position\":2,\"name\":\"Giornata Internazionale della Disabilit\u00e0: l&#8217;analisi di Pasquale Andidero\"}]},{\"@type\":\"WebSite\",\"@id\":\"https:\/\/progettotouring.it\/radiotouring104\/#website\",\"url\":\"https:\/\/progettotouring.it\/radiotouring104\/\",\"name\":\"Radio Touring 104\",\"description\":\"La prima radio Reggina\",\"publisher\":{\"@id\":\"https:\/\/progettotouring.it\/radiotouring104\/#organization\"},\"potentialAction\":[{\"@type\":\"SearchAction\",\"target\":{\"@type\":\"EntryPoint\",\"urlTemplate\":\"https:\/\/progettotouring.it\/radiotouring104\/?s={search_term_string}\"},\"query-input\":{\"@type\":\"PropertyValueSpecification\",\"valueRequired\":true,\"valueName\":\"search_term_string\"}}],\"inLanguage\":\"it-IT\"},{\"@type\":\"Organization\",\"@id\":\"https:\/\/progettotouring.it\/radiotouring104\/#organization\",\"name\":\"Radio Touring 104\",\"url\":\"https:\/\/progettotouring.it\/radiotouring104\/\",\"logo\":{\"@type\":\"ImageObject\",\"inLanguage\":\"it-IT\",\"@id\":\"https:\/\/progettotouring.it\/radiotouring104\/#\/schema\/logo\/image\/\",\"url\":\"https:\/\/progettotouring.it\/radiotouring104\/wp-content\/uploads\/sites\/6\/2022\/02\/cropped-logo-radio-touring-104.png\",\"contentUrl\":\"https:\/\/progettotouring.it\/radiotouring104\/wp-content\/uploads\/sites\/6\/2022\/02\/cropped-logo-radio-touring-104.png\",\"width\":377,\"height\":182,\"caption\":\"Radio Touring 104\"},\"image\":{\"@id\":\"https:\/\/progettotouring.it\/radiotouring104\/#\/schema\/logo\/image\/\"}},{\"@type\":\"Person\",\"@id\":\"https:\/\/progettotouring.it\/radiotouring104\/#\/schema\/person\/1b3eb3c07c47136bc44c785c543e635f\",\"name\":\"redazione\",\"image\":{\"@type\":\"ImageObject\",\"inLanguage\":\"it-IT\",\"@id\":\"https:\/\/secure.gravatar.com\/avatar\/0b31605b49f100769e8b624b3e05de1b73e1692e9568a352f60f53fd072e6e11?s=96&d=mm&r=g\",\"url\":\"https:\/\/secure.gravatar.com\/avatar\/0b31605b49f100769e8b624b3e05de1b73e1692e9568a352f60f53fd072e6e11?s=96&d=mm&r=g\",\"contentUrl\":\"https:\/\/secure.gravatar.com\/avatar\/0b31605b49f100769e8b624b3e05de1b73e1692e9568a352f60f53fd072e6e11?s=96&d=mm&r=g\",\"caption\":\"redazione\"},\"url\":\"https:\/\/progettotouring.it\/radiotouring104\/author\/redazione\/\"}]}<\/script>\n<!-- \/ Yoast SEO plugin. -->","yoast_head_json":{"title":"Giornata della Disabilit\u00e0: l'analisi di Pasquale Andidero","description":"Riportiamo la dura analisi del Presidente del Comitato di Quartiere di Mosorrofa su arretratezza urbana ed inclusione a Reggio","robots":{"index":"index","follow":"follow","max-snippet":"max-snippet:-1","max-image-preview":"max-image-preview:large","max-video-preview":"max-video-preview:-1"},"canonical":"https:\/\/progettotouring.it\/radiotouring104\/2025\/12\/04\/giornata-internazionale-della-disabilita-lanalisi-di-pasquale-andidero\/","og_locale":"it_IT","og_type":"article","og_title":"Giornata della Disabilit\u00e0: l'analisi di Pasquale Andidero","og_description":"Riportiamo la dura analisi del Presidente del Comitato di Quartiere di Mosorrofa su arretratezza urbana ed inclusione a Reggio","og_url":"https:\/\/progettotouring.it\/radiotouring104\/2025\/12\/04\/giornata-internazionale-della-disabilita-lanalisi-di-pasquale-andidero\/","og_site_name":"Radio Touring 104","article_published_time":"2025-12-04T09:40:30+00:00","article_modified_time":"2025-12-04T11:56:16+00:00","og_image":[{"width":1080,"height":840,"url":"https:\/\/progettotouring.it\/radiotouring104\/wp-content\/uploads\/sites\/6\/2025\/12\/Le-due-scalinate.jpeg","type":"image\/jpeg"}],"author":"redazione","twitter_card":"summary_large_image","twitter_misc":{"Scritto da":"redazione","Tempo di lettura stimato":"3 minuti"},"schema":{"@context":"https:\/\/schema.org","@graph":[{"@type":"Article","@id":"https:\/\/progettotouring.it\/radiotouring104\/2025\/12\/04\/giornata-internazionale-della-disabilita-lanalisi-di-pasquale-andidero\/#article","isPartOf":{"@id":"https:\/\/progettotouring.it\/radiotouring104\/2025\/12\/04\/giornata-internazionale-della-disabilita-lanalisi-di-pasquale-andidero\/"},"author":{"name":"redazione","@id":"https:\/\/progettotouring.it\/radiotouring104\/#\/schema\/person\/1b3eb3c07c47136bc44c785c543e635f"},"headline":"Giornata Internazionale della Disabilit\u00e0: l&#8217;analisi di Pasquale Andidero","datePublished":"2025-12-04T09:40:30+00:00","dateModified":"2025-12-04T11:56:16+00:00","mainEntityOfPage":{"@id":"https:\/\/progettotouring.it\/radiotouring104\/2025\/12\/04\/giornata-internazionale-della-disabilita-lanalisi-di-pasquale-andidero\/"},"wordCount":552,"publisher":{"@id":"https:\/\/progettotouring.it\/radiotouring104\/#organization"},"image":{"@id":"https:\/\/progettotouring.it\/radiotouring104\/2025\/12\/04\/giornata-internazionale-della-disabilita-lanalisi-di-pasquale-andidero\/#primaryimage"},"thumbnailUrl":"https:\/\/progettotouring.it\/radiotouring104\/wp-content\/uploads\/sites\/6\/2025\/12\/Le-due-scalinate.jpeg","keywords":["analisi","Comitato di Quartiere Mosorrofa","Giornata della Disabilit\u00e0","pasquale andidero"],"articleSection":["Home","News","Reggio Calabria"],"inLanguage":"it-IT"},{"@type":"WebPage","@id":"https:\/\/progettotouring.it\/radiotouring104\/2025\/12\/04\/giornata-internazionale-della-disabilita-lanalisi-di-pasquale-andidero\/","url":"https:\/\/progettotouring.it\/radiotouring104\/2025\/12\/04\/giornata-internazionale-della-disabilita-lanalisi-di-pasquale-andidero\/","name":"Giornata della Disabilit\u00e0: l'analisi di Pasquale Andidero","isPartOf":{"@id":"https:\/\/progettotouring.it\/radiotouring104\/#website"},"primaryImageOfPage":{"@id":"https:\/\/progettotouring.it\/radiotouring104\/2025\/12\/04\/giornata-internazionale-della-disabilita-lanalisi-di-pasquale-andidero\/#primaryimage"},"image":{"@id":"https:\/\/progettotouring.it\/radiotouring104\/2025\/12\/04\/giornata-internazionale-della-disabilita-lanalisi-di-pasquale-andidero\/#primaryimage"},"thumbnailUrl":"https:\/\/progettotouring.it\/radiotouring104\/wp-content\/uploads\/sites\/6\/2025\/12\/Le-due-scalinate.jpeg","datePublished":"2025-12-04T09:40:30+00:00","dateModified":"2025-12-04T11:56:16+00:00","description":"Riportiamo la dura analisi del Presidente del Comitato di Quartiere di Mosorrofa su arretratezza urbana ed inclusione a Reggio","breadcrumb":{"@id":"https:\/\/progettotouring.it\/radiotouring104\/2025\/12\/04\/giornata-internazionale-della-disabilita-lanalisi-di-pasquale-andidero\/#breadcrumb"},"inLanguage":"it-IT","potentialAction":[{"@type":"ReadAction","target":["https:\/\/progettotouring.it\/radiotouring104\/2025\/12\/04\/giornata-internazionale-della-disabilita-lanalisi-di-pasquale-andidero\/"]}]},{"@type":"ImageObject","inLanguage":"it-IT","@id":"https:\/\/progettotouring.it\/radiotouring104\/2025\/12\/04\/giornata-internazionale-della-disabilita-lanalisi-di-pasquale-andidero\/#primaryimage","url":"https:\/\/progettotouring.it\/radiotouring104\/wp-content\/uploads\/sites\/6\/2025\/12\/Le-due-scalinate.jpeg","contentUrl":"https:\/\/progettotouring.it\/radiotouring104\/wp-content\/uploads\/sites\/6\/2025\/12\/Le-due-scalinate.jpeg","width":1080,"height":840},{"@type":"BreadcrumbList","@id":"https:\/\/progettotouring.it\/radiotouring104\/2025\/12\/04\/giornata-internazionale-della-disabilita-lanalisi-di-pasquale-andidero\/#breadcrumb","itemListElement":[{"@type":"ListItem","position":1,"name":"Home","item":"https:\/\/progettotouring.it\/radiotouring104\/"},{"@type":"ListItem","position":2,"name":"Giornata Internazionale della Disabilit\u00e0: l&#8217;analisi di Pasquale Andidero"}]},{"@type":"WebSite","@id":"https:\/\/progettotouring.it\/radiotouring104\/#website","url":"https:\/\/progettotouring.it\/radiotouring104\/","name":"Radio Touring 104","description":"La prima radio Reggina","publisher":{"@id":"https:\/\/progettotouring.it\/radiotouring104\/#organization"},"potentialAction":[{"@type":"SearchAction","target":{"@type":"EntryPoint","urlTemplate":"https:\/\/progettotouring.it\/radiotouring104\/?s={search_term_string}"},"query-input":{"@type":"PropertyValueSpecification","valueRequired":true,"valueName":"search_term_string"}}],"inLanguage":"it-IT"},{"@type":"Organization","@id":"https:\/\/progettotouring.it\/radiotouring104\/#organization","name":"Radio Touring 104","url":"https:\/\/progettotouring.it\/radiotouring104\/","logo":{"@type":"ImageObject","inLanguage":"it-IT","@id":"https:\/\/progettotouring.it\/radiotouring104\/#\/schema\/logo\/image\/","url":"https:\/\/progettotouring.it\/radiotouring104\/wp-content\/uploads\/sites\/6\/2022\/02\/cropped-logo-radio-touring-104.png","contentUrl":"https:\/\/progettotouring.it\/radiotouring104\/wp-content\/uploads\/sites\/6\/2022\/02\/cropped-logo-radio-touring-104.png","width":377,"height":182,"caption":"Radio Touring 104"},"image":{"@id":"https:\/\/progettotouring.it\/radiotouring104\/#\/schema\/logo\/image\/"}},{"@type":"Person","@id":"https:\/\/progettotouring.it\/radiotouring104\/#\/schema\/person\/1b3eb3c07c47136bc44c785c543e635f","name":"redazione","image":{"@type":"ImageObject","inLanguage":"it-IT","@id":"https:\/\/secure.gravatar.com\/avatar\/0b31605b49f100769e8b624b3e05de1b73e1692e9568a352f60f53fd072e6e11?s=96&d=mm&r=g","url":"https:\/\/secure.gravatar.com\/avatar\/0b31605b49f100769e8b624b3e05de1b73e1692e9568a352f60f53fd072e6e11?s=96&d=mm&r=g","contentUrl":"https:\/\/secure.gravatar.com\/avatar\/0b31605b49f100769e8b624b3e05de1b73e1692e9568a352f60f53fd072e6e11?s=96&d=mm&r=g","caption":"redazione"},"url":"https:\/\/progettotouring.it\/radiotouring104\/author\/redazione\/"}]}},"jetpack_publicize_connections":[],"jetpack_featured_media_url":"https:\/\/progettotouring.it\/radiotouring104\/wp-content\/uploads\/sites\/6\/2025\/12\/Le-due-scalinate.jpeg","jetpack_sharing_enabled":true,"_links":{"self":[{"href":"https:\/\/progettotouring.it\/radiotouring104\/wp-json\/wp\/v2\/posts\/86876","targetHints":{"allow":["GET"]}}],"collection":[{"href":"https:\/\/progettotouring.it\/radiotouring104\/wp-json\/wp\/v2\/posts"}],"about":[{"href":"https:\/\/progettotouring.it\/radiotouring104\/wp-json\/wp\/v2\/types\/post"}],"author":[{"embeddable":true,"href":"https:\/\/progettotouring.it\/radiotouring104\/wp-json\/wp\/v2\/users\/5"}],"replies":[{"embeddable":true,"href":"https:\/\/progettotouring.it\/radiotouring104\/wp-json\/wp\/v2\/comments?post=86876"}],"version-history":[{"count":1,"href":"https:\/\/progettotouring.it\/radiotouring104\/wp-json\/wp\/v2\/posts\/86876\/revisions"}],"predecessor-version":[{"id":86878,"href":"https:\/\/progettotouring.it\/radiotouring104\/wp-json\/wp\/v2\/posts\/86876\/revisions\/86878"}],"wp:featuredmedia":[{"embeddable":true,"href":"https:\/\/progettotouring.it\/radiotouring104\/wp-json\/wp\/v2\/media\/86877"}],"wp:attachment":[{"href":"https:\/\/progettotouring.it\/radiotouring104\/wp-json\/wp\/v2\/media?parent=86876"}],"wp:term":[{"taxonomy":"category","embeddable":true,"href":"https:\/\/progettotouring.it\/radiotouring104\/wp-json\/wp\/v2\/categories?post=86876"},{"taxonomy":"post_tag","embeddable":true,"href":"https:\/\/progettotouring.it\/radiotouring104\/wp-json\/wp\/v2\/tags?post=86876"}],"curies":[{"name":"wp","href":"https:\/\/api.w.org\/{rel}","templated":true}]}}