{"id":86893,"date":"2025-12-04T11:36:19","date_gmt":"2025-12-04T10:36:19","guid":{"rendered":"https:\/\/progettotouring.it\/radiotouring104\/?p=86893"},"modified":"2025-12-04T12:56:10","modified_gmt":"2025-12-04T11:56:10","slug":"aleandre-basket-rc-celebra-la-giornata-internazionale-delle-disabilita-con-il-baskin","status":"publish","type":"post","link":"https:\/\/progettotouring.it\/radiotouring104\/2025\/12\/04\/aleandre-basket-rc-celebra-la-giornata-internazionale-delle-disabilita-con-il-baskin\/","title":{"rendered":"Aleandre Basket RC celebra la Giornata Internazionale delle Disabilit\u00e0 con il Baskin"},"content":{"rendered":"<p>Sognare \u00e8 il verbo che pi\u00f9 ci piace. Realizzare questi sogni \u00e8 ci\u00f2 che proviamo a fare ogni giorno con tutto il nostro impegno. Questo, in sintesi, il credo dell\u2019Aleandre Basket RC, che anche ieri, 3 dicembre, in occasione della Giornata Internazionale delle persone con disabilit\u00e0, rinnova il suo impegno per l\u2019inclusione attraverso lo sport.<\/p>\n<p>Grazie alla collaborazione con EISI e il CIP (Comitato Italiano Paralimpico), la societ\u00e0 sportiva ha celebrato l\u2019obiettivo che porta nel cuore fin dai tempi della Leonardo Basket: promuovere il Baskin, una disciplina nata in Italia che unisce basket e integrazione in un gioco di squadra davvero per tutti.<\/p>\n<p>Il Baskin \u2013 contrazione di \u201cbasket integrato\u201d \u2013 non \u00e8 solo uno sport, ma un progetto sociale ed educativo in cui ogni atleta, senza esclusione, diventa parte attiva e determinante per il successo della squadra. Un modello che trasforma il campo da gioco in un laboratorio di collaborazione, basato su alcuni principi cardine: l\u2019adattamento di regole e strutture alle capacit\u00e0 di ciascun giocatore, per permettere a tutti di esprimere il proprio potenziale; la differenziazione dei ruoli e delle regole, bilanciando le forze in campo e consentendo a ogni componente della squadra di contribuire concretamente al punteggio; e infine, la libert\u00e0 di mettere in campo le proprie abilit\u00e0, in un contesto che valorizza le competenze di ciascuno.<\/p>\n<p>\u201cIl Baskin \u00e8 l\u2019unica disciplina sportiva, ad oggi, che realizza il sogno di una realt\u00e0 agonistica, sociale ed educativa in una dimensione pienamente inclusiva\u201d, sottolinea la societ\u00e0. \u201cQui tutti hanno il diritto di essere protagonisti, ma sono chiamati a impegnarsi per esserlo. Non ci sono spettatori: solo giocatori\u201d.<\/p>\n<p>In un giorno simbolico come il 3 dicembre, l\u2019Aleandre Basket RC vuole lanciare un messaggio chiaro: lo sport pu\u00f2 essere un potente motore di inclusione, in grado di superare limiti e pregiudizi. Attraverso il gioco di squadra, la collaborazione e regole pensate per valorizzare ogni individuo, il Baskin dimostra che un progetto sportivo comune pu\u00f2 coinvolgere realmente tutti, promuovendo una crescita collettiva oltre ogni barriera.<br \/>\nUn esempio concreto di come lo sport non sia solo competizione, ma anche \u2013 e soprattutto \u2013 uno strumento per costruire una comunit\u00e0 pi\u00f9 coesa, dove il \u201csogno\u201d di giocare insieme diventa, ogni giorno, realt\u00e0<\/p>\n<p>&nbsp;<\/p>\n","protected":false},"excerpt":{"rendered":"<p>Sognare \u00e8 il verbo che pi\u00f9 ci piace. Realizzare questi sogni \u00e8 ci\u00f2 che proviamo a fare ogni giorno con tutto il nostro impegno. Questo, in sintesi, il credo dell\u2019Aleandre&hellip;<\/p>\n","protected":false},"author":5,"featured_media":86894,"comment_status":"closed","ping_status":"open","sticky":false,"template":"","format":"standard","meta":{"_jetpack_memberships_contains_paid_content":false,"footnotes":"","jetpack_publicize_message":"","jetpack_publicize_feature_enabled":true,"jetpack_social_post_already_shared":true,"jetpack_social_options":{"image_generator_settings":{"template":"highway","default_image_id":0,"font":"","enabled":false},"version":2}},"categories":[196,140,144],"tags":[48785,49298,49300,49301,49299,49302],"class_list":["post-86893","post","type-post","status-publish","format-standard","has-post-thumbnail","hentry","category-news","category-reggio-calabria","category-sport","tag-aleandre-basket","tag-baskin","tag-cip","tag-eisi","tag-giornata-internazionale-delle-disabilita","tag-leonardo-basket"],"yoast_head":"<!-- This site is optimized with the Yoast SEO plugin v27.2 - https:\/\/yoast.com\/product\/yoast-seo-wordpress\/ -->\n<title>Aleandre Basket RC celebra la Giornata delle Disabilit\u00e0<\/title>\n<meta name=\"description\" content=\"Grazie alla collaborazione con EISI e il CIP, la societ\u00e0 sportiva ha celebrato l\u2019obiettivo di promuovere il Baskin\" \/>\n<meta name=\"robots\" content=\"index, follow, max-snippet:-1, max-image-preview:large, max-video-preview:-1\" \/>\n<link rel=\"canonical\" href=\"https:\/\/progettotouring.it\/radiotouring104\/2025\/12\/04\/aleandre-basket-rc-celebra-la-giornata-internazionale-delle-disabilita-con-il-baskin\/\" \/>\n<meta property=\"og:locale\" content=\"it_IT\" \/>\n<meta property=\"og:type\" content=\"article\" \/>\n<meta property=\"og:title\" content=\"Aleandre Basket RC celebra la Giornata delle Disabilit\u00e0\" \/>\n<meta property=\"og:description\" content=\"Grazie alla collaborazione con EISI e il CIP, la societ\u00e0 sportiva ha celebrato l\u2019obiettivo di promuovere il Baskin\" \/>\n<meta property=\"og:url\" content=\"https:\/\/progettotouring.it\/radiotouring104\/2025\/12\/04\/aleandre-basket-rc-celebra-la-giornata-internazionale-delle-disabilita-con-il-baskin\/\" \/>\n<meta property=\"og:site_name\" content=\"Radio Touring 104\" \/>\n<meta property=\"article:published_time\" content=\"2025-12-04T10:36:19+00:00\" \/>\n<meta property=\"article:modified_time\" content=\"2025-12-04T11:56:10+00:00\" \/>\n<meta property=\"og:image\" content=\"https:\/\/progettotouring.it\/radiotouring104\/wp-content\/uploads\/sites\/6\/2025\/12\/Aleandre-Basket-Rc-Basklin.jpg\" \/>\n\t<meta property=\"og:image:width\" content=\"1290\" \/>\n\t<meta property=\"og:image:height\" content=\"1182\" \/>\n\t<meta property=\"og:image:type\" content=\"image\/jpeg\" \/>\n<meta name=\"author\" content=\"redazione\" \/>\n<meta name=\"twitter:card\" content=\"summary_large_image\" \/>\n<meta name=\"twitter:label1\" content=\"Scritto da\" \/>\n\t<meta name=\"twitter:data1\" content=\"redazione\" \/>\n\t<meta name=\"twitter:label2\" content=\"Tempo di lettura stimato\" \/>\n\t<meta name=\"twitter:data2\" content=\"2 minuti\" \/>\n<script type=\"application\/ld+json\" class=\"yoast-schema-graph\">{\"@context\":\"https:\/\/schema.org\",\"@graph\":[{\"@type\":\"Article\",\"@id\":\"https:\/\/progettotouring.it\/radiotouring104\/2025\/12\/04\/aleandre-basket-rc-celebra-la-giornata-internazionale-delle-disabilita-con-il-baskin\/#article\",\"isPartOf\":{\"@id\":\"https:\/\/progettotouring.it\/radiotouring104\/2025\/12\/04\/aleandre-basket-rc-celebra-la-giornata-internazionale-delle-disabilita-con-il-baskin\/\"},\"author\":{\"name\":\"redazione\",\"@id\":\"https:\/\/progettotouring.it\/radiotouring104\/#\/schema\/person\/1b3eb3c07c47136bc44c785c543e635f\"},\"headline\":\"Aleandre Basket RC celebra la Giornata Internazionale delle Disabilit\u00e0 con il Baskin\",\"datePublished\":\"2025-12-04T10:36:19+00:00\",\"dateModified\":\"2025-12-04T11:56:10+00:00\",\"mainEntityOfPage\":{\"@id\":\"https:\/\/progettotouring.it\/radiotouring104\/2025\/12\/04\/aleandre-basket-rc-celebra-la-giornata-internazionale-delle-disabilita-con-il-baskin\/\"},\"wordCount\":376,\"publisher\":{\"@id\":\"https:\/\/progettotouring.it\/radiotouring104\/#organization\"},\"image\":{\"@id\":\"https:\/\/progettotouring.it\/radiotouring104\/2025\/12\/04\/aleandre-basket-rc-celebra-la-giornata-internazionale-delle-disabilita-con-il-baskin\/#primaryimage\"},\"thumbnailUrl\":\"https:\/\/progettotouring.it\/radiotouring104\/wp-content\/uploads\/sites\/6\/2025\/12\/Aleandre-Basket-Rc-Basklin.jpg\",\"keywords\":[\"Aleandre Basket\",\"Baskin\",\"CIP\",\"EISI\",\"Giornata Internazionale delle Disabilit\u00e0\",\"Leonardo Basket\"],\"articleSection\":[\"News\",\"Reggio Calabria\",\"Sport\"],\"inLanguage\":\"it-IT\"},{\"@type\":\"WebPage\",\"@id\":\"https:\/\/progettotouring.it\/radiotouring104\/2025\/12\/04\/aleandre-basket-rc-celebra-la-giornata-internazionale-delle-disabilita-con-il-baskin\/\",\"url\":\"https:\/\/progettotouring.it\/radiotouring104\/2025\/12\/04\/aleandre-basket-rc-celebra-la-giornata-internazionale-delle-disabilita-con-il-baskin\/\",\"name\":\"Aleandre Basket RC celebra la Giornata delle Disabilit\u00e0\",\"isPartOf\":{\"@id\":\"https:\/\/progettotouring.it\/radiotouring104\/#website\"},\"primaryImageOfPage\":{\"@id\":\"https:\/\/progettotouring.it\/radiotouring104\/2025\/12\/04\/aleandre-basket-rc-celebra-la-giornata-internazionale-delle-disabilita-con-il-baskin\/#primaryimage\"},\"image\":{\"@id\":\"https:\/\/progettotouring.it\/radiotouring104\/2025\/12\/04\/aleandre-basket-rc-celebra-la-giornata-internazionale-delle-disabilita-con-il-baskin\/#primaryimage\"},\"thumbnailUrl\":\"https:\/\/progettotouring.it\/radiotouring104\/wp-content\/uploads\/sites\/6\/2025\/12\/Aleandre-Basket-Rc-Basklin.jpg\",\"datePublished\":\"2025-12-04T10:36:19+00:00\",\"dateModified\":\"2025-12-04T11:56:10+00:00\",\"description\":\"Grazie alla collaborazione con EISI e il CIP, la societ\u00e0 sportiva ha celebrato l\u2019obiettivo di promuovere il Baskin\",\"breadcrumb\":{\"@id\":\"https:\/\/progettotouring.it\/radiotouring104\/2025\/12\/04\/aleandre-basket-rc-celebra-la-giornata-internazionale-delle-disabilita-con-il-baskin\/#breadcrumb\"},\"inLanguage\":\"it-IT\",\"potentialAction\":[{\"@type\":\"ReadAction\",\"target\":[\"https:\/\/progettotouring.it\/radiotouring104\/2025\/12\/04\/aleandre-basket-rc-celebra-la-giornata-internazionale-delle-disabilita-con-il-baskin\/\"]}]},{\"@type\":\"ImageObject\",\"inLanguage\":\"it-IT\",\"@id\":\"https:\/\/progettotouring.it\/radiotouring104\/2025\/12\/04\/aleandre-basket-rc-celebra-la-giornata-internazionale-delle-disabilita-con-il-baskin\/#primaryimage\",\"url\":\"https:\/\/progettotouring.it\/radiotouring104\/wp-content\/uploads\/sites\/6\/2025\/12\/Aleandre-Basket-Rc-Basklin.jpg\",\"contentUrl\":\"https:\/\/progettotouring.it\/radiotouring104\/wp-content\/uploads\/sites\/6\/2025\/12\/Aleandre-Basket-Rc-Basklin.jpg\",\"width\":1290,\"height\":1182},{\"@type\":\"BreadcrumbList\",\"@id\":\"https:\/\/progettotouring.it\/radiotouring104\/2025\/12\/04\/aleandre-basket-rc-celebra-la-giornata-internazionale-delle-disabilita-con-il-baskin\/#breadcrumb\",\"itemListElement\":[{\"@type\":\"ListItem\",\"position\":1,\"name\":\"Home\",\"item\":\"https:\/\/progettotouring.it\/radiotouring104\/\"},{\"@type\":\"ListItem\",\"position\":2,\"name\":\"Aleandre Basket RC celebra la Giornata Internazionale delle Disabilit\u00e0 con il Baskin\"}]},{\"@type\":\"WebSite\",\"@id\":\"https:\/\/progettotouring.it\/radiotouring104\/#website\",\"url\":\"https:\/\/progettotouring.it\/radiotouring104\/\",\"name\":\"Radio Touring 104\",\"description\":\"La prima radio Reggina\",\"publisher\":{\"@id\":\"https:\/\/progettotouring.it\/radiotouring104\/#organization\"},\"potentialAction\":[{\"@type\":\"SearchAction\",\"target\":{\"@type\":\"EntryPoint\",\"urlTemplate\":\"https:\/\/progettotouring.it\/radiotouring104\/?s={search_term_string}\"},\"query-input\":{\"@type\":\"PropertyValueSpecification\",\"valueRequired\":true,\"valueName\":\"search_term_string\"}}],\"inLanguage\":\"it-IT\"},{\"@type\":\"Organization\",\"@id\":\"https:\/\/progettotouring.it\/radiotouring104\/#organization\",\"name\":\"Radio Touring 104\",\"url\":\"https:\/\/progettotouring.it\/radiotouring104\/\",\"logo\":{\"@type\":\"ImageObject\",\"inLanguage\":\"it-IT\",\"@id\":\"https:\/\/progettotouring.it\/radiotouring104\/#\/schema\/logo\/image\/\",\"url\":\"https:\/\/progettotouring.it\/radiotouring104\/wp-content\/uploads\/sites\/6\/2022\/02\/cropped-logo-radio-touring-104.png\",\"contentUrl\":\"https:\/\/progettotouring.it\/radiotouring104\/wp-content\/uploads\/sites\/6\/2022\/02\/cropped-logo-radio-touring-104.png\",\"width\":377,\"height\":182,\"caption\":\"Radio Touring 104\"},\"image\":{\"@id\":\"https:\/\/progettotouring.it\/radiotouring104\/#\/schema\/logo\/image\/\"}},{\"@type\":\"Person\",\"@id\":\"https:\/\/progettotouring.it\/radiotouring104\/#\/schema\/person\/1b3eb3c07c47136bc44c785c543e635f\",\"name\":\"redazione\",\"image\":{\"@type\":\"ImageObject\",\"inLanguage\":\"it-IT\",\"@id\":\"https:\/\/secure.gravatar.com\/avatar\/0b31605b49f100769e8b624b3e05de1b73e1692e9568a352f60f53fd072e6e11?s=96&d=mm&r=g\",\"url\":\"https:\/\/secure.gravatar.com\/avatar\/0b31605b49f100769e8b624b3e05de1b73e1692e9568a352f60f53fd072e6e11?s=96&d=mm&r=g\",\"contentUrl\":\"https:\/\/secure.gravatar.com\/avatar\/0b31605b49f100769e8b624b3e05de1b73e1692e9568a352f60f53fd072e6e11?s=96&d=mm&r=g\",\"caption\":\"redazione\"},\"url\":\"https:\/\/progettotouring.it\/radiotouring104\/author\/redazione\/\"}]}<\/script>\n<!-- \/ Yoast SEO plugin. -->","yoast_head_json":{"title":"Aleandre Basket RC celebra la Giornata delle Disabilit\u00e0","description":"Grazie alla collaborazione con EISI e il CIP, la societ\u00e0 sportiva ha celebrato l\u2019obiettivo di promuovere il Baskin","robots":{"index":"index","follow":"follow","max-snippet":"max-snippet:-1","max-image-preview":"max-image-preview:large","max-video-preview":"max-video-preview:-1"},"canonical":"https:\/\/progettotouring.it\/radiotouring104\/2025\/12\/04\/aleandre-basket-rc-celebra-la-giornata-internazionale-delle-disabilita-con-il-baskin\/","og_locale":"it_IT","og_type":"article","og_title":"Aleandre Basket RC celebra la Giornata delle Disabilit\u00e0","og_description":"Grazie alla collaborazione con EISI e il CIP, la societ\u00e0 sportiva ha celebrato l\u2019obiettivo di promuovere il Baskin","og_url":"https:\/\/progettotouring.it\/radiotouring104\/2025\/12\/04\/aleandre-basket-rc-celebra-la-giornata-internazionale-delle-disabilita-con-il-baskin\/","og_site_name":"Radio Touring 104","article_published_time":"2025-12-04T10:36:19+00:00","article_modified_time":"2025-12-04T11:56:10+00:00","og_image":[{"width":1290,"height":1182,"url":"https:\/\/progettotouring.it\/radiotouring104\/wp-content\/uploads\/sites\/6\/2025\/12\/Aleandre-Basket-Rc-Basklin.jpg","type":"image\/jpeg"}],"author":"redazione","twitter_card":"summary_large_image","twitter_misc":{"Scritto da":"redazione","Tempo di lettura stimato":"2 minuti"},"schema":{"@context":"https:\/\/schema.org","@graph":[{"@type":"Article","@id":"https:\/\/progettotouring.it\/radiotouring104\/2025\/12\/04\/aleandre-basket-rc-celebra-la-giornata-internazionale-delle-disabilita-con-il-baskin\/#article","isPartOf":{"@id":"https:\/\/progettotouring.it\/radiotouring104\/2025\/12\/04\/aleandre-basket-rc-celebra-la-giornata-internazionale-delle-disabilita-con-il-baskin\/"},"author":{"name":"redazione","@id":"https:\/\/progettotouring.it\/radiotouring104\/#\/schema\/person\/1b3eb3c07c47136bc44c785c543e635f"},"headline":"Aleandre Basket RC celebra la Giornata Internazionale delle Disabilit\u00e0 con il Baskin","datePublished":"2025-12-04T10:36:19+00:00","dateModified":"2025-12-04T11:56:10+00:00","mainEntityOfPage":{"@id":"https:\/\/progettotouring.it\/radiotouring104\/2025\/12\/04\/aleandre-basket-rc-celebra-la-giornata-internazionale-delle-disabilita-con-il-baskin\/"},"wordCount":376,"publisher":{"@id":"https:\/\/progettotouring.it\/radiotouring104\/#organization"},"image":{"@id":"https:\/\/progettotouring.it\/radiotouring104\/2025\/12\/04\/aleandre-basket-rc-celebra-la-giornata-internazionale-delle-disabilita-con-il-baskin\/#primaryimage"},"thumbnailUrl":"https:\/\/progettotouring.it\/radiotouring104\/wp-content\/uploads\/sites\/6\/2025\/12\/Aleandre-Basket-Rc-Basklin.jpg","keywords":["Aleandre Basket","Baskin","CIP","EISI","Giornata Internazionale delle Disabilit\u00e0","Leonardo Basket"],"articleSection":["News","Reggio Calabria","Sport"],"inLanguage":"it-IT"},{"@type":"WebPage","@id":"https:\/\/progettotouring.it\/radiotouring104\/2025\/12\/04\/aleandre-basket-rc-celebra-la-giornata-internazionale-delle-disabilita-con-il-baskin\/","url":"https:\/\/progettotouring.it\/radiotouring104\/2025\/12\/04\/aleandre-basket-rc-celebra-la-giornata-internazionale-delle-disabilita-con-il-baskin\/","name":"Aleandre Basket RC celebra la Giornata delle Disabilit\u00e0","isPartOf":{"@id":"https:\/\/progettotouring.it\/radiotouring104\/#website"},"primaryImageOfPage":{"@id":"https:\/\/progettotouring.it\/radiotouring104\/2025\/12\/04\/aleandre-basket-rc-celebra-la-giornata-internazionale-delle-disabilita-con-il-baskin\/#primaryimage"},"image":{"@id":"https:\/\/progettotouring.it\/radiotouring104\/2025\/12\/04\/aleandre-basket-rc-celebra-la-giornata-internazionale-delle-disabilita-con-il-baskin\/#primaryimage"},"thumbnailUrl":"https:\/\/progettotouring.it\/radiotouring104\/wp-content\/uploads\/sites\/6\/2025\/12\/Aleandre-Basket-Rc-Basklin.jpg","datePublished":"2025-12-04T10:36:19+00:00","dateModified":"2025-12-04T11:56:10+00:00","description":"Grazie alla collaborazione con EISI e il CIP, la societ\u00e0 sportiva ha celebrato l\u2019obiettivo di promuovere il Baskin","breadcrumb":{"@id":"https:\/\/progettotouring.it\/radiotouring104\/2025\/12\/04\/aleandre-basket-rc-celebra-la-giornata-internazionale-delle-disabilita-con-il-baskin\/#breadcrumb"},"inLanguage":"it-IT","potentialAction":[{"@type":"ReadAction","target":["https:\/\/progettotouring.it\/radiotouring104\/2025\/12\/04\/aleandre-basket-rc-celebra-la-giornata-internazionale-delle-disabilita-con-il-baskin\/"]}]},{"@type":"ImageObject","inLanguage":"it-IT","@id":"https:\/\/progettotouring.it\/radiotouring104\/2025\/12\/04\/aleandre-basket-rc-celebra-la-giornata-internazionale-delle-disabilita-con-il-baskin\/#primaryimage","url":"https:\/\/progettotouring.it\/radiotouring104\/wp-content\/uploads\/sites\/6\/2025\/12\/Aleandre-Basket-Rc-Basklin.jpg","contentUrl":"https:\/\/progettotouring.it\/radiotouring104\/wp-content\/uploads\/sites\/6\/2025\/12\/Aleandre-Basket-Rc-Basklin.jpg","width":1290,"height":1182},{"@type":"BreadcrumbList","@id":"https:\/\/progettotouring.it\/radiotouring104\/2025\/12\/04\/aleandre-basket-rc-celebra-la-giornata-internazionale-delle-disabilita-con-il-baskin\/#breadcrumb","itemListElement":[{"@type":"ListItem","position":1,"name":"Home","item":"https:\/\/progettotouring.it\/radiotouring104\/"},{"@type":"ListItem","position":2,"name":"Aleandre Basket RC celebra la Giornata Internazionale delle Disabilit\u00e0 con il Baskin"}]},{"@type":"WebSite","@id":"https:\/\/progettotouring.it\/radiotouring104\/#website","url":"https:\/\/progettotouring.it\/radiotouring104\/","name":"Radio Touring 104","description":"La prima radio Reggina","publisher":{"@id":"https:\/\/progettotouring.it\/radiotouring104\/#organization"},"potentialAction":[{"@type":"SearchAction","target":{"@type":"EntryPoint","urlTemplate":"https:\/\/progettotouring.it\/radiotouring104\/?s={search_term_string}"},"query-input":{"@type":"PropertyValueSpecification","valueRequired":true,"valueName":"search_term_string"}}],"inLanguage":"it-IT"},{"@type":"Organization","@id":"https:\/\/progettotouring.it\/radiotouring104\/#organization","name":"Radio Touring 104","url":"https:\/\/progettotouring.it\/radiotouring104\/","logo":{"@type":"ImageObject","inLanguage":"it-IT","@id":"https:\/\/progettotouring.it\/radiotouring104\/#\/schema\/logo\/image\/","url":"https:\/\/progettotouring.it\/radiotouring104\/wp-content\/uploads\/sites\/6\/2022\/02\/cropped-logo-radio-touring-104.png","contentUrl":"https:\/\/progettotouring.it\/radiotouring104\/wp-content\/uploads\/sites\/6\/2022\/02\/cropped-logo-radio-touring-104.png","width":377,"height":182,"caption":"Radio Touring 104"},"image":{"@id":"https:\/\/progettotouring.it\/radiotouring104\/#\/schema\/logo\/image\/"}},{"@type":"Person","@id":"https:\/\/progettotouring.it\/radiotouring104\/#\/schema\/person\/1b3eb3c07c47136bc44c785c543e635f","name":"redazione","image":{"@type":"ImageObject","inLanguage":"it-IT","@id":"https:\/\/secure.gravatar.com\/avatar\/0b31605b49f100769e8b624b3e05de1b73e1692e9568a352f60f53fd072e6e11?s=96&d=mm&r=g","url":"https:\/\/secure.gravatar.com\/avatar\/0b31605b49f100769e8b624b3e05de1b73e1692e9568a352f60f53fd072e6e11?s=96&d=mm&r=g","contentUrl":"https:\/\/secure.gravatar.com\/avatar\/0b31605b49f100769e8b624b3e05de1b73e1692e9568a352f60f53fd072e6e11?s=96&d=mm&r=g","caption":"redazione"},"url":"https:\/\/progettotouring.it\/radiotouring104\/author\/redazione\/"}]}},"jetpack_publicize_connections":[],"jetpack_featured_media_url":"https:\/\/progettotouring.it\/radiotouring104\/wp-content\/uploads\/sites\/6\/2025\/12\/Aleandre-Basket-Rc-Basklin.jpg","jetpack_sharing_enabled":true,"_links":{"self":[{"href":"https:\/\/progettotouring.it\/radiotouring104\/wp-json\/wp\/v2\/posts\/86893","targetHints":{"allow":["GET"]}}],"collection":[{"href":"https:\/\/progettotouring.it\/radiotouring104\/wp-json\/wp\/v2\/posts"}],"about":[{"href":"https:\/\/progettotouring.it\/radiotouring104\/wp-json\/wp\/v2\/types\/post"}],"author":[{"embeddable":true,"href":"https:\/\/progettotouring.it\/radiotouring104\/wp-json\/wp\/v2\/users\/5"}],"replies":[{"embeddable":true,"href":"https:\/\/progettotouring.it\/radiotouring104\/wp-json\/wp\/v2\/comments?post=86893"}],"version-history":[{"count":1,"href":"https:\/\/progettotouring.it\/radiotouring104\/wp-json\/wp\/v2\/posts\/86893\/revisions"}],"predecessor-version":[{"id":86895,"href":"https:\/\/progettotouring.it\/radiotouring104\/wp-json\/wp\/v2\/posts\/86893\/revisions\/86895"}],"wp:featuredmedia":[{"embeddable":true,"href":"https:\/\/progettotouring.it\/radiotouring104\/wp-json\/wp\/v2\/media\/86894"}],"wp:attachment":[{"href":"https:\/\/progettotouring.it\/radiotouring104\/wp-json\/wp\/v2\/media?parent=86893"}],"wp:term":[{"taxonomy":"category","embeddable":true,"href":"https:\/\/progettotouring.it\/radiotouring104\/wp-json\/wp\/v2\/categories?post=86893"},{"taxonomy":"post_tag","embeddable":true,"href":"https:\/\/progettotouring.it\/radiotouring104\/wp-json\/wp\/v2\/tags?post=86893"}],"curies":[{"name":"wp","href":"https:\/\/api.w.org\/{rel}","templated":true}]}}