{"id":86904,"date":"2025-12-04T11:55:02","date_gmt":"2025-12-04T10:55:02","guid":{"rendered":"https:\/\/progettotouring.it\/radiotouring104\/?p=86904"},"modified":"2025-12-04T12:55:45","modified_gmt":"2025-12-04T11:55:45","slug":"dierre-alescio-un-derby-ostico-ma-siamo-pronti-a-ripartire","status":"publish","type":"post","link":"https:\/\/progettotouring.it\/radiotouring104\/2025\/12\/04\/dierre-alescio-un-derby-ostico-ma-siamo-pronti-a-ripartire\/","title":{"rendered":"Dierre , Alescio: \u00abUn derby ostico, ma siamo pronti a ripartire\u00bb"},"content":{"rendered":"<p>Alessandro Alescio, esterno reggino della Dierre Basketball, \u00e8 intervenuto in Tv, all&#8217;interno del format Tiro da 4, condotto da Giovanni Mafrici.<\/p>\n<p>&nbsp;<\/p>\n<p>L&#8217;atleta non nasconde gli intoppi di un inizio di campionato non perfetto, ma guarda avanti con ottimismo. \u00ab\u00c8 inutile nascondersi, c&#8217;\u00e8 stato qualche intoppo\u00bb, ammette, \u00abper\u00f2 dobbiamo ripartire da sabato perch\u00e9 ci sono segnali super positivi\u00bb. Il riferimento \u00e8 alla prestazione dell&#8217;ultima partita, quella contro Marsala, definita \u00abun&#8217;altra partita rispetto a quella contro Palermo\u00bb, dalla quale la squadra vuole ripartire.<\/p>\n<p>&nbsp;<\/p>\n<p>La forza di questo gruppo, secondo Alescio, sta nella sua profondit\u00e0 e duttilit\u00e0. \u00abSiamo praticamente due quintetti, stiamo giocando tutti, chi pi\u00f9, chi meno. C&#8217;\u00e8 spazio per tutti con voglia di far bene\u00bb. Un concetto che ritorna anche parlando del suo rendimento individuale: \u00abMi sto trovando molto bene. Siamo una squadra molto duttile, ruotiamo in tante posizioni e il coach Inguaggiato \u00e8 molto bravo in questo. Dalla mia posso dire che mi sto divertendo\u00bb.<\/p>\n<p>&nbsp;<\/p>\n<p>Il discorso si sposta poi sugli obiettivi e sul mercato. La Dierre ha ancora uno slot straniero libero, un elemento che in Serie C \u00ab\u00e8 tantissimo, vuol dire tanto\u00bb Alescio rimane cauto: \u00abNon so cosa aspettarmi, onestamente, perch\u00e9 anche cos\u00ec siamo un gruppo bello compatto e completo\u00bb. L&#8217;obiettivo, per\u00f2, \u00e8 chiaro: \u00abQuello di fare bene in generale, di provarci. Poi confrontandoci con l&#8217;altro girone si vedr\u00e0\u00bb.<\/p>\n<p>&nbsp;<\/p>\n<p>Proprio l&#8217;analisi dell&#8217;altro raggruppamento offre spunti interessanti. Alescio menziona Alfa Catania, Gela, Comiso e Cus Catania, ma si sofferma su Castanea, sconfitta con un ampio scarto da Palermo. \u00abGuardando ai nomi \u00e8 una squadra completa\u00bb, osserva, \u00abper\u00f2 \u00e8 un campionato complicato, soprattutto il nostro girone. Non si pu\u00f2 parlare di equilibri perch\u00e9 ogni domenica \u00e8 una cosa a s\u00e9\u00bb.<\/p>\n<p>Sul piano personale, Alescio rivela una preferenza tattica: \u00abA me piace giocare da playmaker.Sto facendo molti ruoli quest&#8217;anno&#8230; stiamo uscendo tutti un po&#8217; fuori dalla comfort zone e a me questo piace\u00bb.<\/p>\n<p>&nbsp;<\/p>\n<p>Il rapporto con il coach, conferma, \u00e8 ottimo e le basi sono state gettate durante un&#8217;estate di lavoro in Texas. \u00ab\u00c8 rimasto lo stesso. Gi\u00e0 in Texas abbiamo provato cose nuove&#8230; mi trovo molto bene con Coach Inguaggiato\u00bb. Quell&#8217;esperienza americana \u00e8 stata formativa anche per il confronto con un livello \u00abpi\u00f9 che tecnico, soprattutto atletico, molto pi\u00f9 alto\u00bb, dove non \u00e8 raro incrociare atleti che alternano il basket al football.<\/p>\n<p>&nbsp;<\/p>\n<p>Ma il pensiero corre ora al derby immediato, il prossimo appuntamento casalingo contro Gioia Tauro. All&#8217;andata fu un monologo della Dierre, con un Roberto Cernic in stato di grazia. \u00ab\u00c8 una gara difficile\u00bb, avverte Alescio, che conosce benissimo il campo avversario (\u00abci gioco da quando avevo 13-14 anni\u00bb). \u00abSappiamo che l\u00ec \u00e8 dura. Dobbiamo partire forte e tenere un buon ritmo\u00bb. Non sottovaluta il roster rinnovato di Gioia, allenato da Polimani, suo ex coach alla Aleandre: \u00ab\u00c8 un roster competitivo e ben allenato&#8230; ci dar\u00e0 filo da torcere\u00bb.<\/p>\n<p>&nbsp;<\/p>\n<p>Conclude con un pronostico: \u00abSar\u00e0 un bellissimo derby dal pronostico indecifrabile\u00bb.<\/p>\n<p>&nbsp;<\/p>\n<p>&nbsp;<\/p>\n","protected":false},"excerpt":{"rendered":"<p>Alessandro Alescio, esterno reggino della Dierre Basketball, \u00e8 intervenuto in Tv, all&#8217;interno del format Tiro da 4, condotto da Giovanni Mafrici. &nbsp; L&#8217;atleta non nasconde gli intoppi di un inizio&hellip;<\/p>\n","protected":false},"author":5,"featured_media":86905,"comment_status":"closed","ping_status":"open","sticky":false,"template":"","format":"standard","meta":{"_jetpack_memberships_contains_paid_content":false,"footnotes":"","jetpack_publicize_message":"","jetpack_publicize_feature_enabled":true,"jetpack_social_post_already_shared":true,"jetpack_social_options":{"image_generator_settings":{"template":"highway","default_image_id":0,"font":"","enabled":false},"version":2}},"categories":[196,140,144],"tags":[46412,49310,36039,49311],"class_list":["post-86904","post","type-post","status-publish","format-standard","has-post-thumbnail","hentry","category-news","category-reggio-calabria","category-sport","tag-alessandro-alescio","tag-derby-contro-gioia-tauro","tag-dierre-basketball-reggio-calabria","tag-punto-sul-momento-della-squadra"],"yoast_head":"<!-- This site is optimized with the Yoast SEO plugin v27.2 - https:\/\/yoast.com\/product\/yoast-seo-wordpress\/ -->\n<title>Dierre , Alescio: \u00abUn derby ostico, ma siamo pronti a ripartire\u00bb - Radio Touring 104<\/title>\n<meta name=\"description\" content=\"In vista del derby contro Gioia Tauro, il giocatore della Dierre Alessandro Alescio fa il punto sul momento della squadra\" \/>\n<meta name=\"robots\" content=\"index, follow, max-snippet:-1, max-image-preview:large, max-video-preview:-1\" \/>\n<link rel=\"canonical\" href=\"https:\/\/progettotouring.it\/radiotouring104\/2025\/12\/04\/dierre-alescio-un-derby-ostico-ma-siamo-pronti-a-ripartire\/\" \/>\n<meta property=\"og:locale\" content=\"it_IT\" \/>\n<meta property=\"og:type\" content=\"article\" \/>\n<meta property=\"og:title\" content=\"Dierre , Alescio: \u00abUn derby ostico, ma siamo pronti a ripartire\u00bb - Radio Touring 104\" \/>\n<meta property=\"og:description\" content=\"In vista del derby contro Gioia Tauro, il giocatore della Dierre Alessandro Alescio fa il punto sul momento della squadra\" \/>\n<meta property=\"og:url\" content=\"https:\/\/progettotouring.it\/radiotouring104\/2025\/12\/04\/dierre-alescio-un-derby-ostico-ma-siamo-pronti-a-ripartire\/\" \/>\n<meta property=\"og:site_name\" content=\"Radio Touring 104\" \/>\n<meta property=\"article:published_time\" content=\"2025-12-04T10:55:02+00:00\" \/>\n<meta property=\"article:modified_time\" content=\"2025-12-04T11:55:45+00:00\" \/>\n<meta property=\"og:image\" content=\"https:\/\/progettotouring.it\/radiotouring104\/wp-content\/uploads\/sites\/6\/2025\/12\/558326195_1571915290774598_4153920647361485455_n-1.jpg\" \/>\n\t<meta property=\"og:image:width\" content=\"1513\" \/>\n\t<meta property=\"og:image:height\" content=\"1133\" \/>\n\t<meta property=\"og:image:type\" content=\"image\/jpeg\" \/>\n<meta name=\"author\" content=\"redazione\" \/>\n<meta name=\"twitter:card\" content=\"summary_large_image\" \/>\n<meta name=\"twitter:label1\" content=\"Scritto da\" \/>\n\t<meta name=\"twitter:data1\" content=\"redazione\" \/>\n\t<meta name=\"twitter:label2\" content=\"Tempo di lettura stimato\" \/>\n\t<meta name=\"twitter:data2\" content=\"2 minuti\" \/>\n<script type=\"application\/ld+json\" class=\"yoast-schema-graph\">{\"@context\":\"https:\/\/schema.org\",\"@graph\":[{\"@type\":\"Article\",\"@id\":\"https:\/\/progettotouring.it\/radiotouring104\/2025\/12\/04\/dierre-alescio-un-derby-ostico-ma-siamo-pronti-a-ripartire\/#article\",\"isPartOf\":{\"@id\":\"https:\/\/progettotouring.it\/radiotouring104\/2025\/12\/04\/dierre-alescio-un-derby-ostico-ma-siamo-pronti-a-ripartire\/\"},\"author\":{\"name\":\"redazione\",\"@id\":\"https:\/\/progettotouring.it\/radiotouring104\/#\/schema\/person\/1b3eb3c07c47136bc44c785c543e635f\"},\"headline\":\"Dierre , Alescio: \u00abUn derby ostico, ma siamo pronti a ripartire\u00bb\",\"datePublished\":\"2025-12-04T10:55:02+00:00\",\"dateModified\":\"2025-12-04T11:55:45+00:00\",\"mainEntityOfPage\":{\"@id\":\"https:\/\/progettotouring.it\/radiotouring104\/2025\/12\/04\/dierre-alescio-un-derby-ostico-ma-siamo-pronti-a-ripartire\/\"},\"wordCount\":484,\"publisher\":{\"@id\":\"https:\/\/progettotouring.it\/radiotouring104\/#organization\"},\"image\":{\"@id\":\"https:\/\/progettotouring.it\/radiotouring104\/2025\/12\/04\/dierre-alescio-un-derby-ostico-ma-siamo-pronti-a-ripartire\/#primaryimage\"},\"thumbnailUrl\":\"https:\/\/progettotouring.it\/radiotouring104\/wp-content\/uploads\/sites\/6\/2025\/12\/558326195_1571915290774598_4153920647361485455_n-1.jpg\",\"keywords\":[\"Alessandro Alescio\",\"derby contro Gioia Tauro\",\"Dierre Basketball Reggio Calabria.\",\"punto sul momento della squadra\"],\"articleSection\":[\"News\",\"Reggio Calabria\",\"Sport\"],\"inLanguage\":\"it-IT\"},{\"@type\":\"WebPage\",\"@id\":\"https:\/\/progettotouring.it\/radiotouring104\/2025\/12\/04\/dierre-alescio-un-derby-ostico-ma-siamo-pronti-a-ripartire\/\",\"url\":\"https:\/\/progettotouring.it\/radiotouring104\/2025\/12\/04\/dierre-alescio-un-derby-ostico-ma-siamo-pronti-a-ripartire\/\",\"name\":\"Dierre , Alescio: \u00abUn derby ostico, ma siamo pronti a ripartire\u00bb - Radio Touring 104\",\"isPartOf\":{\"@id\":\"https:\/\/progettotouring.it\/radiotouring104\/#website\"},\"primaryImageOfPage\":{\"@id\":\"https:\/\/progettotouring.it\/radiotouring104\/2025\/12\/04\/dierre-alescio-un-derby-ostico-ma-siamo-pronti-a-ripartire\/#primaryimage\"},\"image\":{\"@id\":\"https:\/\/progettotouring.it\/radiotouring104\/2025\/12\/04\/dierre-alescio-un-derby-ostico-ma-siamo-pronti-a-ripartire\/#primaryimage\"},\"thumbnailUrl\":\"https:\/\/progettotouring.it\/radiotouring104\/wp-content\/uploads\/sites\/6\/2025\/12\/558326195_1571915290774598_4153920647361485455_n-1.jpg\",\"datePublished\":\"2025-12-04T10:55:02+00:00\",\"dateModified\":\"2025-12-04T11:55:45+00:00\",\"description\":\"In vista del derby contro Gioia Tauro, il giocatore della Dierre Alessandro Alescio fa il punto sul momento della squadra\",\"breadcrumb\":{\"@id\":\"https:\/\/progettotouring.it\/radiotouring104\/2025\/12\/04\/dierre-alescio-un-derby-ostico-ma-siamo-pronti-a-ripartire\/#breadcrumb\"},\"inLanguage\":\"it-IT\",\"potentialAction\":[{\"@type\":\"ReadAction\",\"target\":[\"https:\/\/progettotouring.it\/radiotouring104\/2025\/12\/04\/dierre-alescio-un-derby-ostico-ma-siamo-pronti-a-ripartire\/\"]}]},{\"@type\":\"ImageObject\",\"inLanguage\":\"it-IT\",\"@id\":\"https:\/\/progettotouring.it\/radiotouring104\/2025\/12\/04\/dierre-alescio-un-derby-ostico-ma-siamo-pronti-a-ripartire\/#primaryimage\",\"url\":\"https:\/\/progettotouring.it\/radiotouring104\/wp-content\/uploads\/sites\/6\/2025\/12\/558326195_1571915290774598_4153920647361485455_n-1.jpg\",\"contentUrl\":\"https:\/\/progettotouring.it\/radiotouring104\/wp-content\/uploads\/sites\/6\/2025\/12\/558326195_1571915290774598_4153920647361485455_n-1.jpg\",\"width\":1513,\"height\":1133},{\"@type\":\"BreadcrumbList\",\"@id\":\"https:\/\/progettotouring.it\/radiotouring104\/2025\/12\/04\/dierre-alescio-un-derby-ostico-ma-siamo-pronti-a-ripartire\/#breadcrumb\",\"itemListElement\":[{\"@type\":\"ListItem\",\"position\":1,\"name\":\"Home\",\"item\":\"https:\/\/progettotouring.it\/radiotouring104\/\"},{\"@type\":\"ListItem\",\"position\":2,\"name\":\"Dierre , Alescio: \u00abUn derby ostico, ma siamo pronti a ripartire\u00bb\"}]},{\"@type\":\"WebSite\",\"@id\":\"https:\/\/progettotouring.it\/radiotouring104\/#website\",\"url\":\"https:\/\/progettotouring.it\/radiotouring104\/\",\"name\":\"Radio Touring 104\",\"description\":\"La prima radio Reggina\",\"publisher\":{\"@id\":\"https:\/\/progettotouring.it\/radiotouring104\/#organization\"},\"potentialAction\":[{\"@type\":\"SearchAction\",\"target\":{\"@type\":\"EntryPoint\",\"urlTemplate\":\"https:\/\/progettotouring.it\/radiotouring104\/?s={search_term_string}\"},\"query-input\":{\"@type\":\"PropertyValueSpecification\",\"valueRequired\":true,\"valueName\":\"search_term_string\"}}],\"inLanguage\":\"it-IT\"},{\"@type\":\"Organization\",\"@id\":\"https:\/\/progettotouring.it\/radiotouring104\/#organization\",\"name\":\"Radio Touring 104\",\"url\":\"https:\/\/progettotouring.it\/radiotouring104\/\",\"logo\":{\"@type\":\"ImageObject\",\"inLanguage\":\"it-IT\",\"@id\":\"https:\/\/progettotouring.it\/radiotouring104\/#\/schema\/logo\/image\/\",\"url\":\"https:\/\/progettotouring.it\/radiotouring104\/wp-content\/uploads\/sites\/6\/2022\/02\/cropped-logo-radio-touring-104.png\",\"contentUrl\":\"https:\/\/progettotouring.it\/radiotouring104\/wp-content\/uploads\/sites\/6\/2022\/02\/cropped-logo-radio-touring-104.png\",\"width\":377,\"height\":182,\"caption\":\"Radio Touring 104\"},\"image\":{\"@id\":\"https:\/\/progettotouring.it\/radiotouring104\/#\/schema\/logo\/image\/\"}},{\"@type\":\"Person\",\"@id\":\"https:\/\/progettotouring.it\/radiotouring104\/#\/schema\/person\/1b3eb3c07c47136bc44c785c543e635f\",\"name\":\"redazione\",\"image\":{\"@type\":\"ImageObject\",\"inLanguage\":\"it-IT\",\"@id\":\"https:\/\/secure.gravatar.com\/avatar\/0b31605b49f100769e8b624b3e05de1b73e1692e9568a352f60f53fd072e6e11?s=96&d=mm&r=g\",\"url\":\"https:\/\/secure.gravatar.com\/avatar\/0b31605b49f100769e8b624b3e05de1b73e1692e9568a352f60f53fd072e6e11?s=96&d=mm&r=g\",\"contentUrl\":\"https:\/\/secure.gravatar.com\/avatar\/0b31605b49f100769e8b624b3e05de1b73e1692e9568a352f60f53fd072e6e11?s=96&d=mm&r=g\",\"caption\":\"redazione\"},\"url\":\"https:\/\/progettotouring.it\/radiotouring104\/author\/redazione\/\"}]}<\/script>\n<!-- \/ Yoast SEO plugin. -->","yoast_head_json":{"title":"Dierre , Alescio: \u00abUn derby ostico, ma siamo pronti a ripartire\u00bb - Radio Touring 104","description":"In vista del derby contro Gioia Tauro, il giocatore della Dierre Alessandro Alescio fa il punto sul momento della squadra","robots":{"index":"index","follow":"follow","max-snippet":"max-snippet:-1","max-image-preview":"max-image-preview:large","max-video-preview":"max-video-preview:-1"},"canonical":"https:\/\/progettotouring.it\/radiotouring104\/2025\/12\/04\/dierre-alescio-un-derby-ostico-ma-siamo-pronti-a-ripartire\/","og_locale":"it_IT","og_type":"article","og_title":"Dierre , Alescio: \u00abUn derby ostico, ma siamo pronti a ripartire\u00bb - Radio Touring 104","og_description":"In vista del derby contro Gioia Tauro, il giocatore della Dierre Alessandro Alescio fa il punto sul momento della squadra","og_url":"https:\/\/progettotouring.it\/radiotouring104\/2025\/12\/04\/dierre-alescio-un-derby-ostico-ma-siamo-pronti-a-ripartire\/","og_site_name":"Radio Touring 104","article_published_time":"2025-12-04T10:55:02+00:00","article_modified_time":"2025-12-04T11:55:45+00:00","og_image":[{"width":1513,"height":1133,"url":"https:\/\/progettotouring.it\/radiotouring104\/wp-content\/uploads\/sites\/6\/2025\/12\/558326195_1571915290774598_4153920647361485455_n-1.jpg","type":"image\/jpeg"}],"author":"redazione","twitter_card":"summary_large_image","twitter_misc":{"Scritto da":"redazione","Tempo di lettura stimato":"2 minuti"},"schema":{"@context":"https:\/\/schema.org","@graph":[{"@type":"Article","@id":"https:\/\/progettotouring.it\/radiotouring104\/2025\/12\/04\/dierre-alescio-un-derby-ostico-ma-siamo-pronti-a-ripartire\/#article","isPartOf":{"@id":"https:\/\/progettotouring.it\/radiotouring104\/2025\/12\/04\/dierre-alescio-un-derby-ostico-ma-siamo-pronti-a-ripartire\/"},"author":{"name":"redazione","@id":"https:\/\/progettotouring.it\/radiotouring104\/#\/schema\/person\/1b3eb3c07c47136bc44c785c543e635f"},"headline":"Dierre , Alescio: \u00abUn derby ostico, ma siamo pronti a ripartire\u00bb","datePublished":"2025-12-04T10:55:02+00:00","dateModified":"2025-12-04T11:55:45+00:00","mainEntityOfPage":{"@id":"https:\/\/progettotouring.it\/radiotouring104\/2025\/12\/04\/dierre-alescio-un-derby-ostico-ma-siamo-pronti-a-ripartire\/"},"wordCount":484,"publisher":{"@id":"https:\/\/progettotouring.it\/radiotouring104\/#organization"},"image":{"@id":"https:\/\/progettotouring.it\/radiotouring104\/2025\/12\/04\/dierre-alescio-un-derby-ostico-ma-siamo-pronti-a-ripartire\/#primaryimage"},"thumbnailUrl":"https:\/\/progettotouring.it\/radiotouring104\/wp-content\/uploads\/sites\/6\/2025\/12\/558326195_1571915290774598_4153920647361485455_n-1.jpg","keywords":["Alessandro Alescio","derby contro Gioia Tauro","Dierre Basketball Reggio Calabria.","punto sul momento della squadra"],"articleSection":["News","Reggio Calabria","Sport"],"inLanguage":"it-IT"},{"@type":"WebPage","@id":"https:\/\/progettotouring.it\/radiotouring104\/2025\/12\/04\/dierre-alescio-un-derby-ostico-ma-siamo-pronti-a-ripartire\/","url":"https:\/\/progettotouring.it\/radiotouring104\/2025\/12\/04\/dierre-alescio-un-derby-ostico-ma-siamo-pronti-a-ripartire\/","name":"Dierre , Alescio: \u00abUn derby ostico, ma siamo pronti a ripartire\u00bb - Radio Touring 104","isPartOf":{"@id":"https:\/\/progettotouring.it\/radiotouring104\/#website"},"primaryImageOfPage":{"@id":"https:\/\/progettotouring.it\/radiotouring104\/2025\/12\/04\/dierre-alescio-un-derby-ostico-ma-siamo-pronti-a-ripartire\/#primaryimage"},"image":{"@id":"https:\/\/progettotouring.it\/radiotouring104\/2025\/12\/04\/dierre-alescio-un-derby-ostico-ma-siamo-pronti-a-ripartire\/#primaryimage"},"thumbnailUrl":"https:\/\/progettotouring.it\/radiotouring104\/wp-content\/uploads\/sites\/6\/2025\/12\/558326195_1571915290774598_4153920647361485455_n-1.jpg","datePublished":"2025-12-04T10:55:02+00:00","dateModified":"2025-12-04T11:55:45+00:00","description":"In vista del derby contro Gioia Tauro, il giocatore della Dierre Alessandro Alescio fa il punto sul momento della squadra","breadcrumb":{"@id":"https:\/\/progettotouring.it\/radiotouring104\/2025\/12\/04\/dierre-alescio-un-derby-ostico-ma-siamo-pronti-a-ripartire\/#breadcrumb"},"inLanguage":"it-IT","potentialAction":[{"@type":"ReadAction","target":["https:\/\/progettotouring.it\/radiotouring104\/2025\/12\/04\/dierre-alescio-un-derby-ostico-ma-siamo-pronti-a-ripartire\/"]}]},{"@type":"ImageObject","inLanguage":"it-IT","@id":"https:\/\/progettotouring.it\/radiotouring104\/2025\/12\/04\/dierre-alescio-un-derby-ostico-ma-siamo-pronti-a-ripartire\/#primaryimage","url":"https:\/\/progettotouring.it\/radiotouring104\/wp-content\/uploads\/sites\/6\/2025\/12\/558326195_1571915290774598_4153920647361485455_n-1.jpg","contentUrl":"https:\/\/progettotouring.it\/radiotouring104\/wp-content\/uploads\/sites\/6\/2025\/12\/558326195_1571915290774598_4153920647361485455_n-1.jpg","width":1513,"height":1133},{"@type":"BreadcrumbList","@id":"https:\/\/progettotouring.it\/radiotouring104\/2025\/12\/04\/dierre-alescio-un-derby-ostico-ma-siamo-pronti-a-ripartire\/#breadcrumb","itemListElement":[{"@type":"ListItem","position":1,"name":"Home","item":"https:\/\/progettotouring.it\/radiotouring104\/"},{"@type":"ListItem","position":2,"name":"Dierre , Alescio: \u00abUn derby ostico, ma siamo pronti a ripartire\u00bb"}]},{"@type":"WebSite","@id":"https:\/\/progettotouring.it\/radiotouring104\/#website","url":"https:\/\/progettotouring.it\/radiotouring104\/","name":"Radio Touring 104","description":"La prima radio Reggina","publisher":{"@id":"https:\/\/progettotouring.it\/radiotouring104\/#organization"},"potentialAction":[{"@type":"SearchAction","target":{"@type":"EntryPoint","urlTemplate":"https:\/\/progettotouring.it\/radiotouring104\/?s={search_term_string}"},"query-input":{"@type":"PropertyValueSpecification","valueRequired":true,"valueName":"search_term_string"}}],"inLanguage":"it-IT"},{"@type":"Organization","@id":"https:\/\/progettotouring.it\/radiotouring104\/#organization","name":"Radio Touring 104","url":"https:\/\/progettotouring.it\/radiotouring104\/","logo":{"@type":"ImageObject","inLanguage":"it-IT","@id":"https:\/\/progettotouring.it\/radiotouring104\/#\/schema\/logo\/image\/","url":"https:\/\/progettotouring.it\/radiotouring104\/wp-content\/uploads\/sites\/6\/2022\/02\/cropped-logo-radio-touring-104.png","contentUrl":"https:\/\/progettotouring.it\/radiotouring104\/wp-content\/uploads\/sites\/6\/2022\/02\/cropped-logo-radio-touring-104.png","width":377,"height":182,"caption":"Radio Touring 104"},"image":{"@id":"https:\/\/progettotouring.it\/radiotouring104\/#\/schema\/logo\/image\/"}},{"@type":"Person","@id":"https:\/\/progettotouring.it\/radiotouring104\/#\/schema\/person\/1b3eb3c07c47136bc44c785c543e635f","name":"redazione","image":{"@type":"ImageObject","inLanguage":"it-IT","@id":"https:\/\/secure.gravatar.com\/avatar\/0b31605b49f100769e8b624b3e05de1b73e1692e9568a352f60f53fd072e6e11?s=96&d=mm&r=g","url":"https:\/\/secure.gravatar.com\/avatar\/0b31605b49f100769e8b624b3e05de1b73e1692e9568a352f60f53fd072e6e11?s=96&d=mm&r=g","contentUrl":"https:\/\/secure.gravatar.com\/avatar\/0b31605b49f100769e8b624b3e05de1b73e1692e9568a352f60f53fd072e6e11?s=96&d=mm&r=g","caption":"redazione"},"url":"https:\/\/progettotouring.it\/radiotouring104\/author\/redazione\/"}]}},"jetpack_publicize_connections":[],"jetpack_featured_media_url":"https:\/\/progettotouring.it\/radiotouring104\/wp-content\/uploads\/sites\/6\/2025\/12\/558326195_1571915290774598_4153920647361485455_n-1.jpg","jetpack_sharing_enabled":true,"_links":{"self":[{"href":"https:\/\/progettotouring.it\/radiotouring104\/wp-json\/wp\/v2\/posts\/86904","targetHints":{"allow":["GET"]}}],"collection":[{"href":"https:\/\/progettotouring.it\/radiotouring104\/wp-json\/wp\/v2\/posts"}],"about":[{"href":"https:\/\/progettotouring.it\/radiotouring104\/wp-json\/wp\/v2\/types\/post"}],"author":[{"embeddable":true,"href":"https:\/\/progettotouring.it\/radiotouring104\/wp-json\/wp\/v2\/users\/5"}],"replies":[{"embeddable":true,"href":"https:\/\/progettotouring.it\/radiotouring104\/wp-json\/wp\/v2\/comments?post=86904"}],"version-history":[{"count":1,"href":"https:\/\/progettotouring.it\/radiotouring104\/wp-json\/wp\/v2\/posts\/86904\/revisions"}],"predecessor-version":[{"id":86906,"href":"https:\/\/progettotouring.it\/radiotouring104\/wp-json\/wp\/v2\/posts\/86904\/revisions\/86906"}],"wp:featuredmedia":[{"embeddable":true,"href":"https:\/\/progettotouring.it\/radiotouring104\/wp-json\/wp\/v2\/media\/86905"}],"wp:attachment":[{"href":"https:\/\/progettotouring.it\/radiotouring104\/wp-json\/wp\/v2\/media?parent=86904"}],"wp:term":[{"taxonomy":"category","embeddable":true,"href":"https:\/\/progettotouring.it\/radiotouring104\/wp-json\/wp\/v2\/categories?post=86904"},{"taxonomy":"post_tag","embeddable":true,"href":"https:\/\/progettotouring.it\/radiotouring104\/wp-json\/wp\/v2\/tags?post=86904"}],"curies":[{"name":"wp","href":"https:\/\/api.w.org\/{rel}","templated":true}]}}